{"id":322,"date":"2011-04-12T15:59:27","date_gmt":"2011-04-12T13:59:27","guid":{"rendered":"http:\/\/evertonfc.cz\/?p=322"},"modified":"2019-02-09T22:47:26","modified_gmt":"2019-02-09T21:47:26","slug":"ted-sagar","status":"publish","type":"post","link":"https:\/\/evertonfc.cz\/index.php\/2011\/04\/12\/ted-sagar\/","title":{"rendered":"Ted Sagar"},"content":{"rendered":"<h4 id=\"NewsPostDetailSummary\">Everton pat\u0159\u00ed mezi kluby, kter\u00e9 se po celou dobu sv\u00e9 historie vyzna\u010duj\u00ed skv\u011bl\u00fdmi st\u0159edn\u00edmi \u00fato\u010dn\u00edky. Tot\u00e9\u017e se d\u00e1 ale \u0159\u00edci i o brank\u00e1\u0159\u00edch. Ted Sagar byl g\u00f3lmanen Toffees neuv\u011b\u0159iteln\u00fdch 24 let.<\/h4>\n<p>Na modr\u00e9 polovin\u011b Merseyside p\u016fsobilo po Sagarov\u011b \u00e9\u0159e mnoho slavn\u00fdch a vynikaj\u00edc\u00edch brank\u00e1\u0159\u016f, mezi nimi t\u0159eba slavn\u00fd Gordon West, nebo nejlep\u0161\u00ed brank\u00e1\u0159 historie Toffees, Neville Southall. Ale ani ten nep\u016fsobil v klubu tolik let a nezasv\u011btil mu celou hr\u00e1\u010dskou kari\u00e9ru. Sagar nastoupil za Toffees bez jednoho\u00a0utk\u00e1n\u00ed k rovn\u00fdm p\u011bti stovk\u00e1m z\u00e1pas\u016f. To je \u010d\u00edslo, kter\u00e9 je v dne\u0161n\u00edm fotbale tak\u0159ka nedosa\u017eiteln\u00e9. Edward &#8222;Ted&#8220; Sagar m\u00e1 tak\u00e9 zaps\u00e1no v tabulce klub\u016f, za kter\u00e9 po svou kari\u00e9ru hr\u00e1l, jen jedno slovo &#8211; Everton.<\/p>\n<p>Ted se narodil 7. \u00fanora 1910 v mal\u00e9m m\u011bste\u010dku Moorends, le\u017e\u00edc\u00edm na pomez\u00ed Ji\u017en\u00edho Yorkshiru a Lincolnshire. Ji\u017e od \u00fatl\u00e9ho v\u011bku Ted nazna\u010doval, \u017ee by z n\u011bj mohl vyr\u016fst v\u00fdborn\u00fd brank\u00e1\u0159. Svou neboj\u00e1cnost spojoval s velk\u00fdm talentem.<\/p>\n<p>Zlom v kari\u00e9\u0159e mlad\u00e9ho brank\u00e1\u0159e nastal v 19 letech. To se psal rok 1929 a potenci\u00e1l mlad\u00e9ho Sagara, kter\u00fd tehdy hr\u00e1l juniorskou ligu za yorshirsk\u00fd Thorne Colliery, nez\u016fstal nepov\u0161imnut Evertonem, za kter\u00fd v t\u00e9 dob\u011b v\u00e1lel Dixie Dean. Kdo tehdy mohl tu\u0161it, \u017ee Toffees si pr\u00e1v\u011b vyhl\u00e9dli brank\u00e1\u0159e pro dal\u0161\u00ed bezm\u00e1la \u010dtvrt stolet\u00ed!<\/p>\n<p>Debut ve Football Division si mlad\u00fd Sagar odbyl v roce 1930. O rok pozd\u011bji s t\u00fdmem vyhr\u00e1l ligu a v roce 1933 vybojoval s Toffees v po\u0159ad\u00ed druhou klubovou trofej pro v\u00edt\u011bze Anglick\u00e9ho poh\u00e1ru.<\/p>\n<p>V pr\u016fb\u011bhu sezony 1931-32 se Sagar stal na dal\u0161\u00edch 11 sezon jedni\u010dkou v tehdej\u0161\u00edm t\u00fdmu, veden\u00fdm Thomasem H. McIntoshem. Ov\u0161em 11 let se nakonec\u00a0rozlo\u017eilo do 17. D\u016fvod je nasnad\u011b. P\u0159i\u0161el konec 30. let a s n\u00edm druh\u00fd\u00a0v\u00e1le\u010dn\u00fd sv\u011btov\u00fd konflikt, kter\u00fd pochopiteln\u011b nep\u0159\u00e1l ani fotbalu. Nicm\u00e9n\u011b, je\u0161t\u011b p\u0159ed v\u00e1lkou pro\u017e\u00edval Sagar s klubem poveden\u00e9 \u010dasy.\u00a0K ji\u017e zm\u00edn\u011bn\u00e9mu titulu z rann\u00fdch 30. let a\u00a0v\u00edt\u011bzstv\u00ed v FA Cupu 1933, Toffees za v\u00fdrazn\u00e9ho p\u0159isp\u011bn\u00ed\u00a0Sagara z\u00edskali posledn\u00ed p\u0159edv\u00e1le\u010dn\u00fd\u00a0mistrovsk\u00fd titul.\u00a0Sagar byl v t\u00e9 dob\u011b naprosto nepostradateln\u00fdm \u010dl\u00e1nkem t\u00fdmu. V sezon\u011b 1938\/39 chyb\u011bl pouze v jednom z\u00e1pase a jen v\u00e1lka zavinila to, \u017ee podle mnoh\u00fdch odborn\u00edk\u016f, tehdy nejlep\u0161\u00ed t\u00fdm historie Toffees, nemohl pokra\u010dovat v z\u00edsk\u00e1v\u00e1n\u00ed dal\u0161\u00edch \u00fasp\u011bch\u016f.<\/p>\n<p>I po skon\u010den\u00ed sv\u011btov\u00e9 v\u00e1lky byl Sagar v nov\u011b budovan\u00e9m t\u00fdmu brank\u00e1\u0159skou jedni\u010dkou. Na za\u010d\u00e1tku 50. let, se stal \u010dty\u0159ic\u00e1tn\u00edk Sagar posledn\u00edm klubov\u00fdm brank\u00e1\u0159em, kter\u00fd za Everton chytal o ligu n\u00ed\u017ee. Pro Teda posledn\u00ed ligov\u00fd z\u00e1pas p\u0159ipadnul na listopad 1952, kdy se tenhle veter\u00e1n p\u0159edvedl v z\u00e1pase proti Plymouthu. Nicm\u00e9n\u011b skute\u010dn\u00fdm rozlu\u010dkov\u00fdm z\u00e1pasem bylo utk\u00e1n\u00ed proti Tranmere Rovers ve fin\u00e1le Liverpoolsk\u00e9ho poh\u00e1ru. Pot\u00e9 u\u017e s fotbalem nadobro skon\u010dil a za\u0159\u00eddil si mal\u00fd &#8222;pub&#8220; v Aintree, nedaleko Liverpoolu.<\/p>\n<p>Co se t\u00fd\u010de reprezenta\u010dn\u00edch z\u00e1pas\u016f, v t\u011bch Sagar moc nevynikl. Za Anglii odchytal pouh\u00e9 \u010dty\u0159i z\u00e1pasy a zaj\u00edmavost\u00ed je, \u017ee v obdob\u00ed v\u00e1lky si Ted zachytal v jednom utk\u00e1n\u00ed za Severn\u00ed Irsko.<\/p>\n<p>Jeho \u00factyhodn\u00fdch 499 utk\u00e1n\u00ed za Everton bylo nakonec v roce 1994 poko\u0159eno ji\u017e zmi\u0148ovan\u00fdm Nevillem Southallem ale kdov\u00ed, na jak\u00e9m \u010d\u00edsle by se Sagar zastavil, neb\u00fdt v\u00e1lky, kter\u00e1 na 6 let zastavila t\u00e9m\u011b\u0159 ve\u0161ker\u00e9 fotbalov\u00e9 d\u011bn\u00ed a zma\u0159ila kari\u00e9ry mnoha nad\u011bjn\u00fdch fotbalist\u016f. Podle mnoh\u00fdch by se v tom p\u0159\u00edpad\u011b mohla kone\u010dn\u00e1 Sagarova statistika py\u0161nit \u010d\u00edslem o n\u011bj\u00e1k\u00fdch 300 start\u016f vy\u0161\u0161\u00edm&#8230;<\/p>\n<p>Ted Sagar zem\u0159el 16. \u0159\u00edjna 1986, ve v\u011bku 76 let a jeho popel byl rozpr\u00e1\u0161en v brankovi\u0161ti p\u0159ed tribunou Gwladys Street.\u00a0Everton ten den ztratil v\u011brn\u00e9ho slu\u017eebn\u00edka, kter\u00fd sv\u00e9mu klubu zasv\u011btil &#8222;cel\u00fd&#8220; \u017eivot. Podobn\u00fd hr\u00e1\u010d, pro kter\u00e9ho je l\u00e1ska a v\u011brnost ke klubu natolik d\u016fle\u017eitou v\u011bc\u00ed, aby mu v\u011bnoval bezm\u00e1la p\u011btadvacet let, se u\u017e mo\u017en\u00e1 nikdy neobjev\u00ed.<\/p>\n<table border=\"1\">\n<tbody>\n<tr>\n<th colspan=\"3\">\n<h4>Profil<\/h4>\n<\/th>\n<\/tr>\n<tr>\n<td><strong>Jm\u00e9no<\/strong><\/td>\n<td colspan=\"2\">Edward Sagar<\/td>\n<\/tr>\n<tr>\n<td><strong>Datum narozen\u00ed<br \/>\n<\/strong><\/td>\n<td colspan=\"2\">7.2.1910<\/td>\n<\/tr>\n<tr>\n<td><strong>M\u00edsto narozen\u00ed<br \/>\n<\/strong><\/td>\n<td colspan=\"2\">Moorends, Anglie<\/td>\n<\/tr>\n<tr>\n<td><strong>Datum \u00famrt\u00ed<br \/>\n<\/strong><\/td>\n<td colspan=\"2\">16.10.1986\u00a0 (ve v\u011bku 76 let)<\/td>\n<\/tr>\n<tr>\n<td><strong>Pozice<\/strong><\/td>\n<td colspan=\"2\">Brank\u00e1\u0159<\/td>\n<\/tr>\n<tr>\n<th colspan=\"3\">Klubov\u00e1 kari\u00e9ra<\/th>\n<\/tr>\n<tr>\n<td><strong>Roky<\/strong><\/td>\n<td><strong>Klub<\/strong><\/td>\n<td><strong>Starty (st\u0159\u00eddal)<\/strong><\/td>\n<\/tr>\n<tr>\n<td>1929-1953<\/td>\n<td>Everton<\/td>\n<td>499 (0)<\/td>\n<\/tr>\n<tr>\n<th colspan=\"3\">N\u00e1rodn\u00ed t\u00fdm<\/th>\n<\/tr>\n<tr>\n<td>1935-1936<\/td>\n<td>Anglie<br \/>\nSevern\u00ed Irsko<em><br \/>\n<\/em><\/td>\n<td>4 (0)<br \/>\n1 (0)<\/td>\n<\/tr>\n<tr>\n<td colspan=\"3\"><\/td>\n<\/tr>\n<\/tbody>\n<\/table>\n","protected":false},"excerpt":{"rendered":"<p>Everton pat\u0159\u00ed mezi kluby, kter\u00e9 se po celou dobu sv\u00e9 historie vyzna\u010duj\u00ed skv\u011bl\u00fdmi st\u0159edn\u00edmi \u00fato\u010dn\u00edky. Tot\u00e9\u017e se d\u00e1 ale \u0159\u00edci&hellip;<\/p>\n","protected":false},"author":7,"featured_media":717,"comment_status":"open","ping_status":"closed","sticky":false,"template":"","format":"standard","meta":{"_eb_attr":"","_monsterinsights_skip_tracking":false,"_monsterinsights_sitenote_active":false,"_monsterinsights_sitenote_note":"","_monsterinsights_sitenote_category":0,"footnotes":""},"categories":[11],"tags":[],"yoast_head":"<!-- This site is optimized with the Yoast SEO plugin v23.4 - https:\/\/yoast.com\/wordpress\/plugins\/seo\/ -->\n<title>Ted Sagar - Official Czech &amp; Slovak Everton Supporters&#039; Club<\/title>\n<meta name=\"robots\" content=\"index, follow, max-snippet:-1, max-image-preview:large, max-video-preview:-1\" \/>\n<link rel=\"canonical\" href=\"https:\/\/evertonfc.cz\/index.php\/2011\/04\/12\/ted-sagar\/\" \/>\n<meta property=\"og:locale\" content=\"cs_CZ\" \/>\n<meta property=\"og:type\" content=\"article\" \/>\n<meta property=\"og:title\" content=\"Ted Sagar - Official Czech &amp; Slovak Everton Supporters&#039; Club\" \/>\n<meta property=\"og:description\" content=\"Everton pat\u0159\u00ed mezi kluby, kter\u00e9 se po celou dobu sv\u00e9 historie vyzna\u010duj\u00ed skv\u011bl\u00fdmi st\u0159edn\u00edmi \u00fato\u010dn\u00edky. Tot\u00e9\u017e se d\u00e1 ale \u0159\u00edci&hellip;\" \/>\n<meta property=\"og:url\" content=\"https:\/\/evertonfc.cz\/index.php\/2011\/04\/12\/ted-sagar\/\" \/>\n<meta property=\"og:site_name\" content=\"Official Czech &amp; Slovak Everton Supporters&#039; Club\" \/>\n<meta property=\"article:publisher\" content=\"https:\/\/www.facebook.com\/everton.fans.cz.sk\" \/>\n<meta property=\"article:published_time\" content=\"2011-04-12T13:59:27+00:00\" \/>\n<meta property=\"article:modified_time\" content=\"2019-02-09T21:47:26+00:00\" \/>\n<meta property=\"og:image\" content=\"https:\/\/evertonfc.cz\/wp-content\/uploads\/2019\/01\/ted_sagar_legendy.jpg\" \/>\n\t<meta property=\"og:image:width\" content=\"720\" \/>\n\t<meta property=\"og:image:height\" content=\"405\" \/>\n\t<meta property=\"og:image:type\" content=\"image\/jpeg\" \/>\n<meta name=\"author\" content=\"Me\u0148a\" \/>\n<meta name=\"twitter:card\" content=\"summary_large_image\" \/>\n<meta name=\"twitter:label1\" content=\"Napsal(a)\" \/>\n\t<meta name=\"twitter:data1\" content=\"Me\u0148a\" \/>\n\t<meta name=\"twitter:label2\" content=\"Odhadovan\u00e1 doba \u010dten\u00ed\" \/>\n\t<meta name=\"twitter:data2\" content=\"4 minuty\" \/>\n<script type=\"application\/ld+json\" class=\"yoast-schema-graph\">{\"@context\":\"https:\/\/schema.org\",\"@graph\":[{\"@type\":\"Article\",\"@id\":\"https:\/\/evertonfc.cz\/index.php\/2011\/04\/12\/ted-sagar\/#article\",\"isPartOf\":{\"@id\":\"https:\/\/evertonfc.cz\/index.php\/2011\/04\/12\/ted-sagar\/\"},\"author\":{\"name\":\"Me\u0148a\",\"@id\":\"https:\/\/evertonfc.cz\/#\/schema\/person\/cd6328a75577de2add7793fd4b0930c3\"},\"headline\":\"Ted Sagar\",\"datePublished\":\"2011-04-12T13:59:27+00:00\",\"dateModified\":\"2019-02-09T21:47:26+00:00\",\"mainEntityOfPage\":{\"@id\":\"https:\/\/evertonfc.cz\/index.php\/2011\/04\/12\/ted-sagar\/\"},\"wordCount\":803,\"commentCount\":0,\"publisher\":{\"@id\":\"https:\/\/evertonfc.cz\/#organization\"},\"image\":{\"@id\":\"https:\/\/evertonfc.cz\/index.php\/2011\/04\/12\/ted-sagar\/#primaryimage\"},\"thumbnailUrl\":\"https:\/\/evertonfc.cz\/wp-content\/uploads\/2019\/01\/ted_sagar_legendy.jpg\",\"articleSection\":[\"Legendy\"],\"inLanguage\":\"cs\",\"potentialAction\":[{\"@type\":\"CommentAction\",\"name\":\"Comment\",\"target\":[\"https:\/\/evertonfc.cz\/index.php\/2011\/04\/12\/ted-sagar\/#respond\"]}]},{\"@type\":\"WebPage\",\"@id\":\"https:\/\/evertonfc.cz\/index.php\/2011\/04\/12\/ted-sagar\/\",\"url\":\"https:\/\/evertonfc.cz\/index.php\/2011\/04\/12\/ted-sagar\/\",\"name\":\"Ted Sagar - Official Czech &amp; Slovak Everton Supporters&#039; Club\",\"isPartOf\":{\"@id\":\"https:\/\/evertonfc.cz\/#website\"},\"primaryImageOfPage\":{\"@id\":\"https:\/\/evertonfc.cz\/index.php\/2011\/04\/12\/ted-sagar\/#primaryimage\"},\"image\":{\"@id\":\"https:\/\/evertonfc.cz\/index.php\/2011\/04\/12\/ted-sagar\/#primaryimage\"},\"thumbnailUrl\":\"https:\/\/evertonfc.cz\/wp-content\/uploads\/2019\/01\/ted_sagar_legendy.jpg\",\"datePublished\":\"2011-04-12T13:59:27+00:00\",\"dateModified\":\"2019-02-09T21:47:26+00:00\",\"breadcrumb\":{\"@id\":\"https:\/\/evertonfc.cz\/index.php\/2011\/04\/12\/ted-sagar\/#breadcrumb\"},\"inLanguage\":\"cs\",\"potentialAction\":[{\"@type\":\"ReadAction\",\"target\":[\"https:\/\/evertonfc.cz\/index.php\/2011\/04\/12\/ted-sagar\/\"]}]},{\"@type\":\"ImageObject\",\"inLanguage\":\"cs\",\"@id\":\"https:\/\/evertonfc.cz\/index.php\/2011\/04\/12\/ted-sagar\/#primaryimage\",\"url\":\"https:\/\/evertonfc.cz\/wp-content\/uploads\/2019\/01\/ted_sagar_legendy.jpg\",\"contentUrl\":\"https:\/\/evertonfc.cz\/wp-content\/uploads\/2019\/01\/ted_sagar_legendy.jpg\",\"width\":720,\"height\":405},{\"@type\":\"BreadcrumbList\",\"@id\":\"https:\/\/evertonfc.cz\/index.php\/2011\/04\/12\/ted-sagar\/#breadcrumb\",\"itemListElement\":[{\"@type\":\"ListItem\",\"position\":1,\"name\":\"Home\",\"item\":\"https:\/\/evertonfc.cz\/\"},{\"@type\":\"ListItem\",\"position\":2,\"name\":\"Ted Sagar\"}]},{\"@type\":\"WebSite\",\"@id\":\"https:\/\/evertonfc.cz\/#website\",\"url\":\"https:\/\/evertonfc.cz\/\",\"name\":\"Official Czech &amp; Slovak Everton Supporters&#039; Club\",\"description\":\"\",\"publisher\":{\"@id\":\"https:\/\/evertonfc.cz\/#organization\"},\"potentialAction\":[{\"@type\":\"SearchAction\",\"target\":{\"@type\":\"EntryPoint\",\"urlTemplate\":\"https:\/\/evertonfc.cz\/?s={search_term_string}\"},\"query-input\":{\"@type\":\"PropertyValueSpecification\",\"valueRequired\":true,\"valueName\":\"search_term_string\"}}],\"inLanguage\":\"cs\"},{\"@type\":\"Organization\",\"@id\":\"https:\/\/evertonfc.cz\/#organization\",\"name\":\"Official Czech & Slovak Everton Supporters' Club\",\"url\":\"https:\/\/evertonfc.cz\/\",\"logo\":{\"@type\":\"ImageObject\",\"inLanguage\":\"cs\",\"@id\":\"https:\/\/evertonfc.cz\/#\/schema\/logo\/image\/\",\"url\":\"https:\/\/evertonfc.cz\/wp-content\/uploads\/2019\/05\/logo.png\",\"contentUrl\":\"https:\/\/evertonfc.cz\/wp-content\/uploads\/2019\/05\/logo.png\",\"width\":112,\"height\":112,\"caption\":\"Official Czech & Slovak Everton Supporters' Club\"},\"image\":{\"@id\":\"https:\/\/evertonfc.cz\/#\/schema\/logo\/image\/\"},\"sameAs\":[\"https:\/\/www.facebook.com\/everton.fans.cz.sk\"]},{\"@type\":\"Person\",\"@id\":\"https:\/\/evertonfc.cz\/#\/schema\/person\/cd6328a75577de2add7793fd4b0930c3\",\"name\":\"Me\u0148a\",\"url\":\"https:\/\/evertonfc.cz\/index.php\/author\/mena\/\"}]}<\/script>\n<!-- \/ Yoast SEO plugin. -->","yoast_head_json":{"title":"Ted Sagar - Official Czech &amp; Slovak Everton Supporters&#039; Club","robots":{"index":"index","follow":"follow","max-snippet":"max-snippet:-1","max-image-preview":"max-image-preview:large","max-video-preview":"max-video-preview:-1"},"canonical":"https:\/\/evertonfc.cz\/index.php\/2011\/04\/12\/ted-sagar\/","og_locale":"cs_CZ","og_type":"article","og_title":"Ted Sagar - Official Czech &amp; Slovak Everton Supporters&#039; Club","og_description":"Everton pat\u0159\u00ed mezi kluby, kter\u00e9 se po celou dobu sv\u00e9 historie vyzna\u010duj\u00ed skv\u011bl\u00fdmi st\u0159edn\u00edmi \u00fato\u010dn\u00edky. Tot\u00e9\u017e se d\u00e1 ale \u0159\u00edci&hellip;","og_url":"https:\/\/evertonfc.cz\/index.php\/2011\/04\/12\/ted-sagar\/","og_site_name":"Official Czech &amp; Slovak Everton Supporters&#039; Club","article_publisher":"https:\/\/www.facebook.com\/everton.fans.cz.sk","article_published_time":"2011-04-12T13:59:27+00:00","article_modified_time":"2019-02-09T21:47:26+00:00","og_image":[{"width":720,"height":405,"url":"https:\/\/evertonfc.cz\/wp-content\/uploads\/2019\/01\/ted_sagar_legendy.jpg","type":"image\/jpeg"}],"author":"Me\u0148a","twitter_card":"summary_large_image","twitter_misc":{"Napsal(a)":"Me\u0148a","Odhadovan\u00e1 doba \u010dten\u00ed":"4 minuty"},"schema":{"@context":"https:\/\/schema.org","@graph":[{"@type":"Article","@id":"https:\/\/evertonfc.cz\/index.php\/2011\/04\/12\/ted-sagar\/#article","isPartOf":{"@id":"https:\/\/evertonfc.cz\/index.php\/2011\/04\/12\/ted-sagar\/"},"author":{"name":"Me\u0148a","@id":"https:\/\/evertonfc.cz\/#\/schema\/person\/cd6328a75577de2add7793fd4b0930c3"},"headline":"Ted Sagar","datePublished":"2011-04-12T13:59:27+00:00","dateModified":"2019-02-09T21:47:26+00:00","mainEntityOfPage":{"@id":"https:\/\/evertonfc.cz\/index.php\/2011\/04\/12\/ted-sagar\/"},"wordCount":803,"commentCount":0,"publisher":{"@id":"https:\/\/evertonfc.cz\/#organization"},"image":{"@id":"https:\/\/evertonfc.cz\/index.php\/2011\/04\/12\/ted-sagar\/#primaryimage"},"thumbnailUrl":"https:\/\/evertonfc.cz\/wp-content\/uploads\/2019\/01\/ted_sagar_legendy.jpg","articleSection":["Legendy"],"inLanguage":"cs","potentialAction":[{"@type":"CommentAction","name":"Comment","target":["https:\/\/evertonfc.cz\/index.php\/2011\/04\/12\/ted-sagar\/#respond"]}]},{"@type":"WebPage","@id":"https:\/\/evertonfc.cz\/index.php\/2011\/04\/12\/ted-sagar\/","url":"https:\/\/evertonfc.cz\/index.php\/2011\/04\/12\/ted-sagar\/","name":"Ted Sagar - Official Czech &amp; Slovak Everton Supporters&#039; Club","isPartOf":{"@id":"https:\/\/evertonfc.cz\/#website"},"primaryImageOfPage":{"@id":"https:\/\/evertonfc.cz\/index.php\/2011\/04\/12\/ted-sagar\/#primaryimage"},"image":{"@id":"https:\/\/evertonfc.cz\/index.php\/2011\/04\/12\/ted-sagar\/#primaryimage"},"thumbnailUrl":"https:\/\/evertonfc.cz\/wp-content\/uploads\/2019\/01\/ted_sagar_legendy.jpg","datePublished":"2011-04-12T13:59:27+00:00","dateModified":"2019-02-09T21:47:26+00:00","breadcrumb":{"@id":"https:\/\/evertonfc.cz\/index.php\/2011\/04\/12\/ted-sagar\/#breadcrumb"},"inLanguage":"cs","potentialAction":[{"@type":"ReadAction","target":["https:\/\/evertonfc.cz\/index.php\/2011\/04\/12\/ted-sagar\/"]}]},{"@type":"ImageObject","inLanguage":"cs","@id":"https:\/\/evertonfc.cz\/index.php\/2011\/04\/12\/ted-sagar\/#primaryimage","url":"https:\/\/evertonfc.cz\/wp-content\/uploads\/2019\/01\/ted_sagar_legendy.jpg","contentUrl":"https:\/\/evertonfc.cz\/wp-content\/uploads\/2019\/01\/ted_sagar_legendy.jpg","width":720,"height":405},{"@type":"BreadcrumbList","@id":"https:\/\/evertonfc.cz\/index.php\/2011\/04\/12\/ted-sagar\/#breadcrumb","itemListElement":[{"@type":"ListItem","position":1,"name":"Home","item":"https:\/\/evertonfc.cz\/"},{"@type":"ListItem","position":2,"name":"Ted Sagar"}]},{"@type":"WebSite","@id":"https:\/\/evertonfc.cz\/#website","url":"https:\/\/evertonfc.cz\/","name":"Official Czech &amp; Slovak Everton Supporters&#039; Club","description":"","publisher":{"@id":"https:\/\/evertonfc.cz\/#organization"},"potentialAction":[{"@type":"SearchAction","target":{"@type":"EntryPoint","urlTemplate":"https:\/\/evertonfc.cz\/?s={search_term_string}"},"query-input":{"@type":"PropertyValueSpecification","valueRequired":true,"valueName":"search_term_string"}}],"inLanguage":"cs"},{"@type":"Organization","@id":"https:\/\/evertonfc.cz\/#organization","name":"Official Czech & Slovak Everton Supporters' Club","url":"https:\/\/evertonfc.cz\/","logo":{"@type":"ImageObject","inLanguage":"cs","@id":"https:\/\/evertonfc.cz\/#\/schema\/logo\/image\/","url":"https:\/\/evertonfc.cz\/wp-content\/uploads\/2019\/05\/logo.png","contentUrl":"https:\/\/evertonfc.cz\/wp-content\/uploads\/2019\/05\/logo.png","width":112,"height":112,"caption":"Official Czech & Slovak Everton Supporters' Club"},"image":{"@id":"https:\/\/evertonfc.cz\/#\/schema\/logo\/image\/"},"sameAs":["https:\/\/www.facebook.com\/everton.fans.cz.sk"]},{"@type":"Person","@id":"https:\/\/evertonfc.cz\/#\/schema\/person\/cd6328a75577de2add7793fd4b0930c3","name":"Me\u0148a","url":"https:\/\/evertonfc.cz\/index.php\/author\/mena\/"}]}},"_links":{"self":[{"href":"https:\/\/evertonfc.cz\/index.php\/wp-json\/wp\/v2\/posts\/322"}],"collection":[{"href":"https:\/\/evertonfc.cz\/index.php\/wp-json\/wp\/v2\/posts"}],"about":[{"href":"https:\/\/evertonfc.cz\/index.php\/wp-json\/wp\/v2\/types\/post"}],"author":[{"embeddable":true,"href":"https:\/\/evertonfc.cz\/index.php\/wp-json\/wp\/v2\/users\/7"}],"replies":[{"embeddable":true,"href":"https:\/\/evertonfc.cz\/index.php\/wp-json\/wp\/v2\/comments?post=322"}],"version-history":[{"count":7,"href":"https:\/\/evertonfc.cz\/index.php\/wp-json\/wp\/v2\/posts\/322\/revisions"}],"predecessor-version":[{"id":2787,"href":"https:\/\/evertonfc.cz\/index.php\/wp-json\/wp\/v2\/posts\/322\/revisions\/2787"}],"wp:featuredmedia":[{"embeddable":true,"href":"https:\/\/evertonfc.cz\/index.php\/wp-json\/wp\/v2\/media\/717"}],"wp:attachment":[{"href":"https:\/\/evertonfc.cz\/index.php\/wp-json\/wp\/v2\/media?parent=322"}],"wp:term":[{"taxonomy":"category","embeddable":true,"href":"https:\/\/evertonfc.cz\/index.php\/wp-json\/wp\/v2\/categories?post=322"},{"taxonomy":"post_tag","embeddable":true,"href":"https:\/\/evertonfc.cz\/index.php\/wp-json\/wp\/v2\/tags?post=322"}],"curies":[{"name":"wp","href":"https:\/\/api.w.org\/{rel}","templated":true}]}}