{"id":3242,"date":"2010-10-22T20:51:41","date_gmt":"2010-10-22T18:51:41","guid":{"rendered":"http:\/\/evertonfc.cz\/?p=3242"},"modified":"2019-02-10T20:55:07","modified_gmt":"2019-02-10T19:55:07","slug":"pat-van-den-hauwe-na-chatu","status":"publish","type":"post","link":"https:\/\/evertonfc.cz\/index.php\/2010\/10\/22\/pat-van-den-hauwe-na-chatu\/","title":{"rendered":"Pat Van Den Hauwe na chatu"},"content":{"rendered":"<h4>Ofici\u00e1ln\u00ed str\u00e1nka Evertonu zprost\u0159edkovala dal\u0161\u00ed zaj\u00edmav\u00fd chat. Tentokr\u00e1t se mohli fanou\u0161ci pt\u00e1t nezapomenuteln\u00e9ho Pata Van Den Hauweho.<\/h4>\n<p>Patrick William Roger &#8222;Pat&#8220; Van Den Hauwe p\u0159estoupil p\u0159estoupil k Toffees v roce 1984 z Birminghamu. Wel\u0161sk\u00fd reprezentant p\u0159i\u0161el do Evertonu ve velmi dobrou dobu, jeliko\u017e hned ve sv\u00e9 prvn\u00ed sez\u00f3n\u011b na Goodison Parku z\u00edskal s t\u00fdmem veden\u00fdm Howardem Kendall ligov\u00fd titul a trofej pro v\u00edt\u011bze PVP. Psycho Pat, jak se v\u00fdbu\u0161n\u00e9mu lev\u00e9mu obr\u00e1nci p\u0159ezd\u00edvalo, ode\u0161el z Evertonu v roce 1989 do Tottenhamu, s n\u00ed\u017e vyhr\u00e1l FA Cupu. Pozd\u011bji si zahr\u00e1l t\u0159eba za Millwall \u010di Notts County, fotbalovou kari\u00e9ru ukon\u010dil v roce 1997 v Jihoafrick\u00e9 republice, kde dnes p\u016fsob\u00ed v roli tren\u00e9ra.<\/p>\n<p><strong>dazzababy: Jakou svoji branku za Everton pova\u017euje\u0161 za nejlep\u0161\u00ed? J\u00e1 si vzpomenu hlavn\u011b na tu proti Norwich City.<\/strong><br \/>\nZa EFC jsem vst\u0159elil pouze t\u0159i g\u00f3ly. Trefa proti Norwich City je velmi zn\u00e1m\u00e1, jeliko\u017e n\u00e1m zajistila titul. J\u00e1 sp\u00ed\u0161e ale ocen\u00edm t\u00fdmov\u00e9 \u00fasp\u011bchy, zvl\u00e1\u0161\u0165 kdy\u017e jsem hr\u00e1l s hr\u00e1\u010di jako v EFC. Vlastn\u011b ale m\u00e1m svoji nejlep\u0161\u00ed branku, vlastenec po tvrd\u00e9 hlavi\u010dce do s\u00edt\u011b Big Neva.<\/p>\n<p><strong>barrymaddicott: Mohl t\u00fdm EFC z poloviny osmdes\u00e1t\u00fdch let vyhr\u00e1t PMEZ, pokud by nep\u0159i\u0161el z\u00e1kaz anglick\u00fdch t\u00fdm\u016f v evropsk\u00fdch poh\u00e1rech?<\/strong><br \/>\nUr\u010dit\u011b ano. Jsem o tom p\u0159esv\u011bd\u010den stejn\u011b jako hodn\u011b star\u0161\u00edch hr\u00e1\u010d\u016f. Pat\u0159ili bychom mezi favority na zisk PMEZ, jeliko\u017e jsme m\u011bli na svoji stran\u011b kvalitu a s\u00edlu.<\/p>\n<p><strong>James Monaghan: Jak\u00e1 je tvoje nejlep\u0161\u00ed vzpom\u00ednka z p\u016fsoben\u00ed na Goodison Parku?<\/strong><br \/>\nJe jich stra\u0161n\u011b moc. Prvn\u00ed titul, prvn\u00ed fin\u00e1le FA Cupu&#8230; Nem\u016f\u017eu vyzdvihnout jen jednu.<\/p>\n<p><strong>barrymaddicott: Kter\u00fd moment z Merseyside derby ti utkv\u011bl v pam\u011bti?<\/strong><br \/>\nKdy\u017e Gary Stevens z pozice prav\u00e9ho obr\u00e1nce na Anfieldu na\u0161el pasem vep\u0159edu Sharpyho, jen\u017e p\u0159ekonal Grobbelaara. To byla branka!<\/p>\n<p><strong>James Monaghan: M\u016f\u017ee\u0161 n\u00e1m popsat vztahy, jak\u00e9 si m\u011bl s Howardem Kendallem?<\/strong><br \/>\nMana\u017eer Jim Smith v Birminghamu byl trochu bl\u00e1zen. V \u0161atn\u011b se choval jako \u0161\u00edlenec. Tehdy jako velmi mlad\u00fd kluk jsem si myslel, \u017ee se tak chovaj\u00ed v\u0161ichni mana\u017ee\u0159i. Pak jsem ale p\u0159estoupil do Evertonu. Howard vystupoval tak klidn\u011b, opravdov\u00fd gentleman a legenda. Hr\u00e1\u010di se za n\u011bj bili, cht\u011bli pro n\u011bj ud\u011blat v\u0161e.<\/p>\n<p><strong>harlowblues: Co \u0159\u00edk\u00e1\u0161 na ned\u011bln\u00ed derby?<\/strong><br \/>\nPorazit Liverpool je n\u011bco fantastick\u00e9. Neust\u00e1le si p\u0159eju vid\u011bt Everton, jak m\u00e1 nad n\u00edm navrch. Jde o skv\u011bl\u00fd v\u00fdsledek, a\u010dkoliv oba t\u00fdmy neokupuj\u00ed v tabulce p\u0159ili\u0161 lichotiv\u00e9 pozice. Proti Liverpool se v\u017edy hr\u00e1lo nep\u0159\u00edjemn\u011b, u\u017e ale ne. \u010casy se m\u011bn\u00ed!<\/p>\n<p><strong>****blue****: Naposledy jsem o tob\u011b \u010detl, \u017ee si v Jihoafrick\u00e9 republice. Jak se ti tam da\u0159\u00ed?<\/strong><br \/>\nPo\u010das\u00ed tu m\u00e1m perfektn\u00ed, pl\u00e1\u017ee jsou skv\u011bl\u00e9. \u017deny vypadaj\u00ed n\u00e1dhern\u011b, jsem ale \u017eenat\u00fd. No co, d\u00edvat se m\u016f\u017eu i tak! Mistrovstv\u00ed sv\u011bta znamenalo pro JAR velk\u00fd pokrok, jezd\u00ed sem v\u00edce turist\u016f.<\/p>\n<p><strong>James Monaghan: Jak se ti odch\u00e1zelo od Blues? Byl jsem zni\u010den\u00fd, kdy\u017e si p\u0159estoupil ke Spurs.<\/strong><br \/>\nOdchod z Evertonu beru jako jeden z nejhor\u0161\u00edch moment\u016f v m\u00e9 kari\u00e9\u0159e. Moje \u017eena a d\u00edt\u011b ov\u0161em pot\u0159ebovali nov\u00fd impuls do \u017eivota, a tak jsem ode\u0161el. Nav\u00edc se rozpadalo mu\u017estvo, hr\u00e1\u010di, kte\u0159\u00ed p\u0159ich\u00e1zeli nem\u011bli stejnou kvalitu jako ti odch\u00e1zej\u00edc\u00ed. Odm\u00edtl jsem t\u0159\u00edletou smlouvu, jak \u0159\u00edk\u00e1m v\u0161ak, ud\u011blal jsem to hlavn\u011b kv\u016fli rodin\u011b. S odstupem \u010dasu lituji odchodu jen trochu. Spurs pat\u0159\u00ed mezi dobr\u00e9 t\u00fdmy, mohl jsem ale kari\u00e9ru ukon\u010dit v Evertonu.<\/p>\n<p><strong>smsanders: Koho si m\u011bl za obl\u00edben\u00e9ho hr\u00e1\u010de jako mal\u00fd kluk?<\/strong><br \/>\nJako mlad\u00fd jsem hodn\u011b sledoval Franka Worthingtona. V pozd\u011bj\u0161\u00ed dob\u011b jsem s n\u00edm hr\u00e1l a chodil i na pivko. Vzal si m\u011b pod sv\u00e1 k\u0159\u00eddla, u\u017e\u00edval jsem si to s n\u00edm. Ten mu\u017e je legenda, jeho pravidlo bylo b\u00fdt tvr\u010f\u00e1kem. Tr\u00e9noval t\u011b\u017ece a m\u011bl kru\u0161n\u00fd \u017eivot. Archie Gemill a Colin Todd, ty jsem tak\u00e9 velmi respektoval.<\/p>\n<p><b>Margaret Morgan: Pokud by si hr\u00e1l i v sou\u010dasnosti, m\u011bl bys probl\u00e9m s discipl\u00ednou? Fotbal se zm\u011bnil, u\u017e nen\u00ed tak tvrd\u00fd a vylu\u010duje se v podstat\u011b za nic.<\/b><br \/>\nAsi bych nem\u011bl obt\u00ed\u017ee s discipl\u00ednou. Hr\u00e1l jsem stylem, jak\u00fdm jsem cht\u011bl. Kdybych hr\u00e1l fotbal i te\u010f, pravd\u011bpodobn\u011b bych byl p\u00e1rkr\u00e1t vylou\u010den, to ale pat\u0159\u00ed k fotbalu. Dnes se ale nem\u016f\u017eete soupe\u0159e ani dotknout.<\/p>\n<p><strong>****blue****: Koho se sou\u010dasn\u00e9ho k\u00e1dru Evertonu si v\u00e1\u017e\u00ed\u0161?<\/strong><br \/>\nTim Cahill je vynikaj\u00edc\u00ed, Pienaar odv\u00e1d\u00ed pro klub dobrou pr\u00e1ci, Jagielka pat\u0159\u00ed mezi dobr\u00e9 obr\u00e1nce, Heitinga m\u00e1 za sebou solidn\u00ed Mistrovstv\u00ed sv\u011bta.<\/p>\n<p><strong>barrymaddicott: Nejlep\u0161\u00ed mana\u017eer b\u011bhem tv\u00e9 kari\u00e9ry?<\/strong><br \/>\nS velk\u00fdm n\u00e1skokem vyhr\u00e1v\u00e1 Howard Kendall.<\/p>\n<p><strong>Paul McAllister: Kdyby proti sob\u011b hr\u00e1lo mu\u017estvo Evertonu z poloviny osmdes\u00e1t\u00fdch let proti aktu\u00e1ln\u00edmu t\u00fdmu, kdo by vyhr\u00e1l?<\/strong><br \/>\nMan\u010daft z 80. let nem\u011bl \u017e\u00e1dn\u00e9 probl\u00e9my, zv\u00edt\u011bzili bychom.<\/p>\n<p><strong>****blue****: Chce\u0161, aby se ti po\u0159\u00e1d \u0159\u00edkalo Psycho?<\/strong><br \/>\nAni ne. Tuto p\u0159ezd\u00edvku mi dali fanou\u0161ci v minulosti, tehdy jsem byl r\u00e1d, \u017ee m\u011b p\u0159ijali mezi sebe a u\u017e\u00edval jsme si to.<\/p>\n<p><strong>Laila Jackson: Stejn\u011b jako v\u0161ichni moji obl\u00edben\u00ed hr\u00e1\u010di, i ty si hr\u00e1l fotbal s velkou v\u00e1\u0161n\u00ed. Je tato v\u011bc u\u017e v dne\u0161n\u00edm fotbale, v n\u011bm\u017e vl\u00e1dnou pen\u00edze, minulost\u00ed?<\/strong><br \/>\nV\u00e1\u0161e\u0148 z fotbalu nezmizela. Pravd\u011bpodobn\u011b u\u017e ale nen\u00ed takov\u00e1, jakou jsme se prezentovali v osmdes\u00e1tk\u00e1ch. Byli jsme stra\u0161n\u011b hladov\u00ed po zlep\u0161en\u00ed, to mo\u017en\u00e1 dnes trochu chyb\u00ed.<\/p>\n<p><strong>Paul McAllister: Pate, m\u00e9dia \u010dasto r\u00e1di p\u00ed\u0161ou o v\u00fdborn\u00e9m liverpoolsk\u00e9m t\u00fdmu na \u00fakor mu\u017estva Evertonu z osmdes\u00e1t\u00fdch let. Hodn\u011b lid\u00ed si ale mysl\u00ed, \u017ee Toffees byli tehdy lep\u0161\u00ed. Co ty?<\/strong><br \/>\nJ\u00e1 tak\u00e9. Nebyli jsme hor\u0161\u00ed ne\u017e Liverpool. Porazili n\u00e1s sice ve Wembley, jen\u017ee tyto z\u00e1pasy nejsou, co se t\u00fd\u010de porovn\u00e1v\u00e1n\u00ed, p\u0159\u00edli\u0161 objektivn\u00ed, jeliko\u017e v\u017edy se jedn\u00e1 pouze o jeden z\u00e1pas. M\u011bli by se br\u00e1t v potaz cel\u00e9 sez\u00f3ny, v n\u00ed\u017e jsme nest\u00e1li v jejich st\u00ednu.<\/p>\n<p><strong>Peter: Jak si se c\u00edtil, kdy\u017e ses vr\u00e1til na Goodison Park a fanou\u0161ci skandovali tv\u00e9 jm\u00e9no? Pro v\u0161echny bude\u0161 legendou.<\/strong><br \/>\nTo bylo fantastick\u00e9. B\u011bhem sv\u00e9 kari\u00e9ry v klubu, jsem miloval fanou\u0161ky. Jsem po\u0159\u00e1d Evertonian. Kdy\u017e jsem se vracel, c\u00edtil jsem trochu nervozity. I proto jsem nemohl uv\u011b\u0159it, \u017ee po 25 letech si m\u011b fanou\u0161ci st\u00e1le pamatuj\u00ed.<\/p>\n<p><strong>trueblueii: Koho pova\u017eujete za nejlep\u0161\u00edho spoluhr\u00e1\u010de a nejlep\u0161\u00edho protihr\u00e1\u010de?<\/strong><br \/>\nZ t\u00fdmu Evertonu v 80. letech nemohu vyzdvihnout jednoho hr\u00e1\u010de, v\u0161ichni byli \u00fa\u017easn\u00ed. Z protihr\u00e1\u010d\u016f se mi hr\u00e1lo t\u011b\u017ece proti Gordonu Strachanovi, jeliko\u017e po\u0159\u00e1d padal na zem. Mark Chamberlain a Chris Waddle hr\u00e1li tvrd\u011b. Davida Speedieho m\u00e1m zase zafixovan\u00e9ho jako nep\u0159\u00edjemn\u00e9ho soupe\u0159e.<\/p>\n<p><strong>dazzababy: Vzpom\u00edn\u00e1\u0161 si na pam\u00e1tn\u00fd z\u00e1pas proti Bayernu Mnichov?<\/strong><br \/>\nPotkali jsme je v semifin\u00e1le. Z N\u011bmecka jsme si p\u0159ivezli rem\u00edzu 0:0. V dom\u00e1c\u00ed odv\u011bt\u011b jsme si na n\u011b v\u011b\u0159ili. Dostali jsme jsme ale prvn\u00ed branku a prohr\u00e1vali jsme 0:1. Utk\u00e1n\u00ed jsme v\u0161ak oto\u010dili d\u00edky na\u0161im fanou\u0161k\u016fm, kte\u0159\u00ed vytvo\u0159ili vynikaj\u00edc\u00ed atmosf\u00e9ru. Lep\u0161\u00ed div\u00e1ckou kulisu jsem v \u017eivot\u011b neza\u017eil.<\/p>\n<p><strong>Paul McAllister: Komu bude\u0161 fandit v sobotu v z\u00e1pase Tottenham vs. Everton?<\/strong><br \/>\nSamoz\u0159ejm\u011b Evertonu. Trochu hloup\u00e1 ot\u00e1zka. Jsem true Blue, Everton m\u011b na m\u00fdch cest\u00e1ch v\u017edy doprov\u00e1z\u00ed. M\u00e1m tetov\u00e1n\u00ed Toffees na z\u00e1dech, je to prost\u011b m\u016fj klub.<\/p>\n<p><strong>Stuart Mackinnon: Pate, pamatuje\u0161 si, jak si dal Davidu Speedovi loktem na Goodisonu?<\/strong><br \/>\nNevzpom\u00edn\u00e1m si na to, pokud se to ale stalo, bylo to ur\u010dit\u011b f\u00e9rov\u00e9. Speed byl otrava.<\/p>\n<p><strong>zeus07: Uva\u017euje\u0161 o prac\u00ed ve veden\u00ed n\u011bjak\u00e9ho klubu?<\/strong><br \/>\nNe! To nen\u00ed pr\u00e1ce pro m\u011b&#8230;<\/p>\n<p><strong>Paul McAllister: Potk\u00e1vali se hr\u00e1\u010di Evertonu a Liverpoolu i mimo h\u0159i\u0161t\u011b?<\/strong><br \/>\nV r\u00e1mci n\u011bkter\u00fdch p\u0159\u00edle\u017eitost\u00ed ano. Existovala jedna hospoda, jmenovala se World Blundell, kde hr\u00e1\u010di z obou t\u00fdm\u016f pop\u00edjeli. Podnik vlastnil jeden n\u00e1\u0161 kamar\u00e1d.<\/p>\n<p><strong>James Monaghan: Kdy\u017e si byl vylou\u010den proti QPR, dostals od Howarda Kendalla pokutu. Je pravda, \u017ee pokutami Kendall platil no\u010dn\u00ed tahy?<\/strong><br \/>\nNa konci sez\u00f3ny se v\u0161echny pokuty rozd\u011blovaly. Alespo\u0148 jsem m\u011bl pak z \u010deho platit spoluhr\u00e1\u010d\u016fm pit\u00ed&#8230;<\/p>\n<p><strong>zeus07: Kdo se staral v Evertonu o z\u00e1bavu v kabin\u011b?<\/strong><br \/>\nJohn Bailey &#8211; stra\u0161n\u00fd klaun a v\u00fdborn\u00fd chlap\u00edk. V Tottenhamu to pak byl Gazza, sice \u0161\u00edlenec, sm\u00edch m\u011bl ale v\u017edy r\u00e1d.<\/p>\n<p><strong>Alex Greenwood: Narodil si se v Belgii, v reprezentaci si ale hr\u00e1l za Wales. Uva\u017eoval si v\u016fbec n\u011bkdy o reprezentaci Belgie?<\/strong><br \/>\nAno, nevyhovoval mi ov\u0161em zp\u016fsob hry Belgie. N\u011bkolikr\u00e1t po m\u011b cht\u011bli, abych hr\u00e1l za belgickou U21. J\u00e1 jsem ov\u0161em \u0161el hr\u00e1t rad\u011bji s p\u00e1r dal\u0161\u00edmi kluky za Wales. M\u011bli jsme dobr\u00fd t\u00fdm.<\/p>\n<p><strong>stadiumexp: Jak\u00fd je tv\u016fj obl\u00edben\u00fd stadion, kdy\u017e nepo\u010d\u00edt\u00e1m Goodison?<\/strong><br \/>\nBernabeu v Madridu. \u00da\u017easn\u00fd stadion.<\/p>\n","protected":false},"excerpt":{"rendered":"<p>Ofici\u00e1ln\u00ed str\u00e1nka Evertonu zprost\u0159edkovala dal\u0161\u00ed zaj\u00edmav\u00fd chat. Tentokr\u00e1t se mohli fanou\u0161ci pt\u00e1t nezapomenuteln\u00e9ho Pata Van Den Hauweho. Patrick William Roger&hellip;<\/p>\n","protected":false},"author":6,"featured_media":1312,"comment_status":"open","ping_status":"closed","sticky":false,"template":"","format":"standard","meta":{"_eb_attr":"","_monsterinsights_skip_tracking":false,"_monsterinsights_sitenote_active":false,"_monsterinsights_sitenote_note":"","_monsterinsights_sitenote_category":0,"footnotes":""},"categories":[1],"tags":[],"yoast_head":"<!-- This site is optimized with the Yoast SEO plugin v23.4 - https:\/\/yoast.com\/wordpress\/plugins\/seo\/ -->\n<title>Pat Van Den Hauwe na chatu - Official Czech &amp; Slovak Everton Supporters&#039; Club<\/title>\n<meta name=\"robots\" content=\"index, follow, max-snippet:-1, max-image-preview:large, max-video-preview:-1\" \/>\n<link rel=\"canonical\" href=\"https:\/\/evertonfc.cz\/index.php\/2010\/10\/22\/pat-van-den-hauwe-na-chatu\/\" \/>\n<meta property=\"og:locale\" content=\"cs_CZ\" \/>\n<meta property=\"og:type\" content=\"article\" \/>\n<meta property=\"og:title\" content=\"Pat Van Den Hauwe na chatu - Official Czech &amp; Slovak Everton Supporters&#039; Club\" \/>\n<meta property=\"og:description\" content=\"Ofici\u00e1ln\u00ed str\u00e1nka Evertonu zprost\u0159edkovala dal\u0161\u00ed zaj\u00edmav\u00fd chat. Tentokr\u00e1t se mohli fanou\u0161ci pt\u00e1t nezapomenuteln\u00e9ho Pata Van Den Hauweho. Patrick William Roger&hellip;\" \/>\n<meta property=\"og:url\" content=\"https:\/\/evertonfc.cz\/index.php\/2010\/10\/22\/pat-van-den-hauwe-na-chatu\/\" \/>\n<meta property=\"og:site_name\" content=\"Official Czech &amp; Slovak Everton Supporters&#039; Club\" \/>\n<meta property=\"article:publisher\" content=\"https:\/\/www.facebook.com\/everton.fans.cz.sk\" \/>\n<meta property=\"article:published_time\" content=\"2010-10-22T18:51:41+00:00\" \/>\n<meta property=\"article:modified_time\" content=\"2019-02-10T19:55:07+00:00\" \/>\n<meta property=\"og:image\" content=\"https:\/\/evertonfc.cz\/wp-content\/uploads\/2019\/01\/interview.jpg\" \/>\n\t<meta property=\"og:image:width\" content=\"720\" \/>\n\t<meta property=\"og:image:height\" content=\"405\" \/>\n\t<meta property=\"og:image:type\" content=\"image\/jpeg\" \/>\n<meta name=\"author\" content=\"Ri\u010di\" \/>\n<meta name=\"twitter:card\" content=\"summary_large_image\" \/>\n<meta name=\"twitter:creator\" content=\"@rbrejsa\" \/>\n<meta name=\"twitter:label1\" content=\"Napsal(a)\" \/>\n\t<meta name=\"twitter:data1\" content=\"Ri\u010di\" \/>\n\t<meta name=\"twitter:label2\" content=\"Odhadovan\u00e1 doba \u010dten\u00ed\" \/>\n\t<meta name=\"twitter:data2\" content=\"8 minut\" \/>\n<script type=\"application\/ld+json\" class=\"yoast-schema-graph\">{\"@context\":\"https:\/\/schema.org\",\"@graph\":[{\"@type\":\"Article\",\"@id\":\"https:\/\/evertonfc.cz\/index.php\/2010\/10\/22\/pat-van-den-hauwe-na-chatu\/#article\",\"isPartOf\":{\"@id\":\"https:\/\/evertonfc.cz\/index.php\/2010\/10\/22\/pat-van-den-hauwe-na-chatu\/\"},\"author\":{\"name\":\"Ri\u010di\",\"@id\":\"https:\/\/evertonfc.cz\/#\/schema\/person\/f7a5daedb2ffee98480bc70e191aaef1\"},\"headline\":\"Pat Van Den Hauwe na chatu\",\"datePublished\":\"2010-10-22T18:51:41+00:00\",\"dateModified\":\"2019-02-10T19:55:07+00:00\",\"mainEntityOfPage\":{\"@id\":\"https:\/\/evertonfc.cz\/index.php\/2010\/10\/22\/pat-van-den-hauwe-na-chatu\/\"},\"wordCount\":1666,\"commentCount\":0,\"publisher\":{\"@id\":\"https:\/\/evertonfc.cz\/#organization\"},\"image\":{\"@id\":\"https:\/\/evertonfc.cz\/index.php\/2010\/10\/22\/pat-van-den-hauwe-na-chatu\/#primaryimage\"},\"thumbnailUrl\":\"https:\/\/evertonfc.cz\/wp-content\/uploads\/2019\/01\/interview.jpg\",\"articleSection\":[\"Rozhovory\"],\"inLanguage\":\"cs\",\"potentialAction\":[{\"@type\":\"CommentAction\",\"name\":\"Comment\",\"target\":[\"https:\/\/evertonfc.cz\/index.php\/2010\/10\/22\/pat-van-den-hauwe-na-chatu\/#respond\"]}]},{\"@type\":\"WebPage\",\"@id\":\"https:\/\/evertonfc.cz\/index.php\/2010\/10\/22\/pat-van-den-hauwe-na-chatu\/\",\"url\":\"https:\/\/evertonfc.cz\/index.php\/2010\/10\/22\/pat-van-den-hauwe-na-chatu\/\",\"name\":\"Pat Van Den Hauwe na chatu - Official Czech &amp; Slovak Everton Supporters&#039; Club\",\"isPartOf\":{\"@id\":\"https:\/\/evertonfc.cz\/#website\"},\"primaryImageOfPage\":{\"@id\":\"https:\/\/evertonfc.cz\/index.php\/2010\/10\/22\/pat-van-den-hauwe-na-chatu\/#primaryimage\"},\"image\":{\"@id\":\"https:\/\/evertonfc.cz\/index.php\/2010\/10\/22\/pat-van-den-hauwe-na-chatu\/#primaryimage\"},\"thumbnailUrl\":\"https:\/\/evertonfc.cz\/wp-content\/uploads\/2019\/01\/interview.jpg\",\"datePublished\":\"2010-10-22T18:51:41+00:00\",\"dateModified\":\"2019-02-10T19:55:07+00:00\",\"breadcrumb\":{\"@id\":\"https:\/\/evertonfc.cz\/index.php\/2010\/10\/22\/pat-van-den-hauwe-na-chatu\/#breadcrumb\"},\"inLanguage\":\"cs\",\"potentialAction\":[{\"@type\":\"ReadAction\",\"target\":[\"https:\/\/evertonfc.cz\/index.php\/2010\/10\/22\/pat-van-den-hauwe-na-chatu\/\"]}]},{\"@type\":\"ImageObject\",\"inLanguage\":\"cs\",\"@id\":\"https:\/\/evertonfc.cz\/index.php\/2010\/10\/22\/pat-van-den-hauwe-na-chatu\/#primaryimage\",\"url\":\"https:\/\/evertonfc.cz\/wp-content\/uploads\/2019\/01\/interview.jpg\",\"contentUrl\":\"https:\/\/evertonfc.cz\/wp-content\/uploads\/2019\/01\/interview.jpg\",\"width\":720,\"height\":405},{\"@type\":\"BreadcrumbList\",\"@id\":\"https:\/\/evertonfc.cz\/index.php\/2010\/10\/22\/pat-van-den-hauwe-na-chatu\/#breadcrumb\",\"itemListElement\":[{\"@type\":\"ListItem\",\"position\":1,\"name\":\"Home\",\"item\":\"https:\/\/evertonfc.cz\/\"},{\"@type\":\"ListItem\",\"position\":2,\"name\":\"Pat Van Den Hauwe na chatu\"}]},{\"@type\":\"WebSite\",\"@id\":\"https:\/\/evertonfc.cz\/#website\",\"url\":\"https:\/\/evertonfc.cz\/\",\"name\":\"Official Czech &amp; Slovak Everton Supporters&#039; Club\",\"description\":\"\",\"publisher\":{\"@id\":\"https:\/\/evertonfc.cz\/#organization\"},\"potentialAction\":[{\"@type\":\"SearchAction\",\"target\":{\"@type\":\"EntryPoint\",\"urlTemplate\":\"https:\/\/evertonfc.cz\/?s={search_term_string}\"},\"query-input\":{\"@type\":\"PropertyValueSpecification\",\"valueRequired\":true,\"valueName\":\"search_term_string\"}}],\"inLanguage\":\"cs\"},{\"@type\":\"Organization\",\"@id\":\"https:\/\/evertonfc.cz\/#organization\",\"name\":\"Official Czech & Slovak Everton Supporters' Club\",\"url\":\"https:\/\/evertonfc.cz\/\",\"logo\":{\"@type\":\"ImageObject\",\"inLanguage\":\"cs\",\"@id\":\"https:\/\/evertonfc.cz\/#\/schema\/logo\/image\/\",\"url\":\"https:\/\/evertonfc.cz\/wp-content\/uploads\/2019\/05\/logo.png\",\"contentUrl\":\"https:\/\/evertonfc.cz\/wp-content\/uploads\/2019\/05\/logo.png\",\"width\":112,\"height\":112,\"caption\":\"Official Czech & Slovak Everton Supporters' Club\"},\"image\":{\"@id\":\"https:\/\/evertonfc.cz\/#\/schema\/logo\/image\/\"},\"sameAs\":[\"https:\/\/www.facebook.com\/everton.fans.cz.sk\"]},{\"@type\":\"Person\",\"@id\":\"https:\/\/evertonfc.cz\/#\/schema\/person\/f7a5daedb2ffee98480bc70e191aaef1\",\"name\":\"Ri\u010di\",\"sameAs\":[\"https:\/\/x.com\/rbrejsa\"],\"url\":\"https:\/\/evertonfc.cz\/index.php\/author\/rici\/\"}]}<\/script>\n<!-- \/ Yoast SEO plugin. -->","yoast_head_json":{"title":"Pat Van Den Hauwe na chatu - Official Czech &amp; Slovak Everton Supporters&#039; Club","robots":{"index":"index","follow":"follow","max-snippet":"max-snippet:-1","max-image-preview":"max-image-preview:large","max-video-preview":"max-video-preview:-1"},"canonical":"https:\/\/evertonfc.cz\/index.php\/2010\/10\/22\/pat-van-den-hauwe-na-chatu\/","og_locale":"cs_CZ","og_type":"article","og_title":"Pat Van Den Hauwe na chatu - Official Czech &amp; Slovak Everton Supporters&#039; Club","og_description":"Ofici\u00e1ln\u00ed str\u00e1nka Evertonu zprost\u0159edkovala dal\u0161\u00ed zaj\u00edmav\u00fd chat. Tentokr\u00e1t se mohli fanou\u0161ci pt\u00e1t nezapomenuteln\u00e9ho Pata Van Den Hauweho. Patrick William Roger&hellip;","og_url":"https:\/\/evertonfc.cz\/index.php\/2010\/10\/22\/pat-van-den-hauwe-na-chatu\/","og_site_name":"Official Czech &amp; Slovak Everton Supporters&#039; Club","article_publisher":"https:\/\/www.facebook.com\/everton.fans.cz.sk","article_published_time":"2010-10-22T18:51:41+00:00","article_modified_time":"2019-02-10T19:55:07+00:00","og_image":[{"width":720,"height":405,"url":"https:\/\/evertonfc.cz\/wp-content\/uploads\/2019\/01\/interview.jpg","type":"image\/jpeg"}],"author":"Ri\u010di","twitter_card":"summary_large_image","twitter_creator":"@rbrejsa","twitter_misc":{"Napsal(a)":"Ri\u010di","Odhadovan\u00e1 doba \u010dten\u00ed":"8 minut"},"schema":{"@context":"https:\/\/schema.org","@graph":[{"@type":"Article","@id":"https:\/\/evertonfc.cz\/index.php\/2010\/10\/22\/pat-van-den-hauwe-na-chatu\/#article","isPartOf":{"@id":"https:\/\/evertonfc.cz\/index.php\/2010\/10\/22\/pat-van-den-hauwe-na-chatu\/"},"author":{"name":"Ri\u010di","@id":"https:\/\/evertonfc.cz\/#\/schema\/person\/f7a5daedb2ffee98480bc70e191aaef1"},"headline":"Pat Van Den Hauwe na chatu","datePublished":"2010-10-22T18:51:41+00:00","dateModified":"2019-02-10T19:55:07+00:00","mainEntityOfPage":{"@id":"https:\/\/evertonfc.cz\/index.php\/2010\/10\/22\/pat-van-den-hauwe-na-chatu\/"},"wordCount":1666,"commentCount":0,"publisher":{"@id":"https:\/\/evertonfc.cz\/#organization"},"image":{"@id":"https:\/\/evertonfc.cz\/index.php\/2010\/10\/22\/pat-van-den-hauwe-na-chatu\/#primaryimage"},"thumbnailUrl":"https:\/\/evertonfc.cz\/wp-content\/uploads\/2019\/01\/interview.jpg","articleSection":["Rozhovory"],"inLanguage":"cs","potentialAction":[{"@type":"CommentAction","name":"Comment","target":["https:\/\/evertonfc.cz\/index.php\/2010\/10\/22\/pat-van-den-hauwe-na-chatu\/#respond"]}]},{"@type":"WebPage","@id":"https:\/\/evertonfc.cz\/index.php\/2010\/10\/22\/pat-van-den-hauwe-na-chatu\/","url":"https:\/\/evertonfc.cz\/index.php\/2010\/10\/22\/pat-van-den-hauwe-na-chatu\/","name":"Pat Van Den Hauwe na chatu - Official Czech &amp; Slovak Everton Supporters&#039; Club","isPartOf":{"@id":"https:\/\/evertonfc.cz\/#website"},"primaryImageOfPage":{"@id":"https:\/\/evertonfc.cz\/index.php\/2010\/10\/22\/pat-van-den-hauwe-na-chatu\/#primaryimage"},"image":{"@id":"https:\/\/evertonfc.cz\/index.php\/2010\/10\/22\/pat-van-den-hauwe-na-chatu\/#primaryimage"},"thumbnailUrl":"https:\/\/evertonfc.cz\/wp-content\/uploads\/2019\/01\/interview.jpg","datePublished":"2010-10-22T18:51:41+00:00","dateModified":"2019-02-10T19:55:07+00:00","breadcrumb":{"@id":"https:\/\/evertonfc.cz\/index.php\/2010\/10\/22\/pat-van-den-hauwe-na-chatu\/#breadcrumb"},"inLanguage":"cs","potentialAction":[{"@type":"ReadAction","target":["https:\/\/evertonfc.cz\/index.php\/2010\/10\/22\/pat-van-den-hauwe-na-chatu\/"]}]},{"@type":"ImageObject","inLanguage":"cs","@id":"https:\/\/evertonfc.cz\/index.php\/2010\/10\/22\/pat-van-den-hauwe-na-chatu\/#primaryimage","url":"https:\/\/evertonfc.cz\/wp-content\/uploads\/2019\/01\/interview.jpg","contentUrl":"https:\/\/evertonfc.cz\/wp-content\/uploads\/2019\/01\/interview.jpg","width":720,"height":405},{"@type":"BreadcrumbList","@id":"https:\/\/evertonfc.cz\/index.php\/2010\/10\/22\/pat-van-den-hauwe-na-chatu\/#breadcrumb","itemListElement":[{"@type":"ListItem","position":1,"name":"Home","item":"https:\/\/evertonfc.cz\/"},{"@type":"ListItem","position":2,"name":"Pat Van Den Hauwe na chatu"}]},{"@type":"WebSite","@id":"https:\/\/evertonfc.cz\/#website","url":"https:\/\/evertonfc.cz\/","name":"Official Czech &amp; Slovak Everton Supporters&#039; Club","description":"","publisher":{"@id":"https:\/\/evertonfc.cz\/#organization"},"potentialAction":[{"@type":"SearchAction","target":{"@type":"EntryPoint","urlTemplate":"https:\/\/evertonfc.cz\/?s={search_term_string}"},"query-input":{"@type":"PropertyValueSpecification","valueRequired":true,"valueName":"search_term_string"}}],"inLanguage":"cs"},{"@type":"Organization","@id":"https:\/\/evertonfc.cz\/#organization","name":"Official Czech & Slovak Everton Supporters' Club","url":"https:\/\/evertonfc.cz\/","logo":{"@type":"ImageObject","inLanguage":"cs","@id":"https:\/\/evertonfc.cz\/#\/schema\/logo\/image\/","url":"https:\/\/evertonfc.cz\/wp-content\/uploads\/2019\/05\/logo.png","contentUrl":"https:\/\/evertonfc.cz\/wp-content\/uploads\/2019\/05\/logo.png","width":112,"height":112,"caption":"Official Czech & Slovak Everton Supporters' Club"},"image":{"@id":"https:\/\/evertonfc.cz\/#\/schema\/logo\/image\/"},"sameAs":["https:\/\/www.facebook.com\/everton.fans.cz.sk"]},{"@type":"Person","@id":"https:\/\/evertonfc.cz\/#\/schema\/person\/f7a5daedb2ffee98480bc70e191aaef1","name":"Ri\u010di","sameAs":["https:\/\/x.com\/rbrejsa"],"url":"https:\/\/evertonfc.cz\/index.php\/author\/rici\/"}]}},"_links":{"self":[{"href":"https:\/\/evertonfc.cz\/index.php\/wp-json\/wp\/v2\/posts\/3242"}],"collection":[{"href":"https:\/\/evertonfc.cz\/index.php\/wp-json\/wp\/v2\/posts"}],"about":[{"href":"https:\/\/evertonfc.cz\/index.php\/wp-json\/wp\/v2\/types\/post"}],"author":[{"embeddable":true,"href":"https:\/\/evertonfc.cz\/index.php\/wp-json\/wp\/v2\/users\/6"}],"replies":[{"embeddable":true,"href":"https:\/\/evertonfc.cz\/index.php\/wp-json\/wp\/v2\/comments?post=3242"}],"version-history":[{"count":1,"href":"https:\/\/evertonfc.cz\/index.php\/wp-json\/wp\/v2\/posts\/3242\/revisions"}],"predecessor-version":[{"id":3243,"href":"https:\/\/evertonfc.cz\/index.php\/wp-json\/wp\/v2\/posts\/3242\/revisions\/3243"}],"wp:featuredmedia":[{"embeddable":true,"href":"https:\/\/evertonfc.cz\/index.php\/wp-json\/wp\/v2\/media\/1312"}],"wp:attachment":[{"href":"https:\/\/evertonfc.cz\/index.php\/wp-json\/wp\/v2\/media?parent=3242"}],"wp:term":[{"taxonomy":"category","embeddable":true,"href":"https:\/\/evertonfc.cz\/index.php\/wp-json\/wp\/v2\/categories?post=3242"},{"taxonomy":"post_tag","embeddable":true,"href":"https:\/\/evertonfc.cz\/index.php\/wp-json\/wp\/v2\/tags?post=3242"}],"curies":[{"name":"wp","href":"https:\/\/api.w.org\/{rel}","templated":true}]}}