{"id":3246,"date":"2010-10-26T20:56:59","date_gmt":"2010-10-26T18:56:59","guid":{"rendered":"http:\/\/evertonfc.cz\/?p=3246"},"modified":"2019-02-10T20:59:40","modified_gmt":"2019-02-10T19:59:40","slug":"cahill-nechava-nahlednout-do-sve-kuchyne","status":"publish","type":"post","link":"https:\/\/evertonfc.cz\/index.php\/2010\/10\/26\/cahill-nechava-nahlednout-do-sve-kuchyne\/","title":{"rendered":"Cahill nech\u00e1v\u00e1 nahl\u00e9dnout do sv\u00e9 kuchyn\u011b"},"content":{"rendered":"<h4>Tim Cahill, jen 178 centimetr\u016f vysok\u00fd fotbalista, prozrazuje, pro\u010d je ozna\u010dov\u00e1n za jednoho z nejlep\u0161\u00edch hlavi\u010dk\u00e1\u0159\u016f na Britsk\u00fdch ostrovech.<\/h4>\n<p>A\u010d Australan mnoh\u00fdm obr\u00e1nc\u016fm v Premier League nesah\u00e1 v\u00fd\u0161kou ani po krk, \u010dasto nad nimi v hlavi\u010dkov\u00fdch souboj\u00edch v\u00edt\u011bz\u00ed, z \u010deho\u017e Everton velmi \u010dasto t\u011b\u017e\u00ed.<\/p>\n<p>Pro\u010d b\u00fdv\u00e1 \u010dasto Cahill kr\u00e1lem vzdu\u0161n\u00e9ho prostoru, s\u00e1m ofenzivn\u00ed z\u00e1lo\u017en\u00edk prozradil:\u00a0<em>\u201eU\u017e od sv\u00e9ho ml\u00e1d\u00ed d\u011bl\u00e1m mnoho plyometrick\u00fdch cvi\u010den\u00ed\u00a0<\/em>(tj. zvy\u0161ov\u00e1n\u00ed tzv. v\u00fdbu\u0161n\u00e9 s\u00edly (nap\u0159. d\u0159epy s v\u00fdskokem), kter\u00e1 umo\u017e\u0148uje nap\u0159. sk\u00e1kat v\u00fd\u0161 ne\u017e d\u0159\u00edve)<em>, tr\u00e9nuji sk\u00e1k\u00e1n\u00ed a obecn\u011b i v\u011bci, kter\u00e9 mi velmi pom\u00e1haj\u00ed.<\/em><\/p>\n<p><em>To, \u017ee doka\u017ei um\u00edstit m\u00ed\u010d p\u0159esn\u011b do s\u00edt\u011b, kdy\u017e jsem ve vzduchu, je n\u011bco, na \u010dem tr\u00e9nuju opravdu hodn\u011b a poctiv\u011b, abych to dovedl do dokonalosti.\u00a0<\/em><\/p>\n<p><em>Abych mohl hlavou kvalitn\u011b zakon\u010dovat, pot\u0159ebuji dost\u00e1vat dobr\u00e9 centry. S Leightonem Bainesem jsem proto na tr\u00e9ninku str\u00e1vil u\u017e mnoho \u010dasu. On na m\u011b v\u017edy kope v\u00fdborn\u00e9 m\u00ed\u010de a j\u00e1 je pak usm\u011br\u0148uji do br\u00e1ny.<\/em><\/p>\n<p><em>Ve fotbale dnes m\u016f\u017eete vyu\u017e\u00edvat i znalosti z dal\u0161\u00edch sport\u016f, kter\u00e9 v\u00e1m pomohou zlep\u0161it se v ur\u010dit\u00fdch dovednostech. Jsem d\u00edt\u011b \u0161t\u011bst\u011bny, jeliko\u017e mi byla d\u00e1na schopnost siln\u00e9ho odrazu. Kdy\u017e u\u017e jsem ale dostal tento dar, mus\u00edm s n\u00edm spr\u00e1vn\u011b pracovat.<\/em><\/p>\n<p><em>V sou\u010dasn\u00e9m fotbale v\u00e1s neust\u00e1le n\u011bkdo dr\u017e\u00ed, po\u0161\u0165uchuje nebo do v\u00e1s strk\u00e1, sami jste to vlastn\u011b mohli vid\u011bt proti Liverpoolu. Fotbal je st\u00e1le t\u011b\u017e\u0161\u00ed a t\u011b\u017e\u0161\u00ed, vy proto mus\u00edte\u00a0b\u00fdt chyt\u0159ej\u0161\u00ed.\u201c<\/em><\/p>\n<p>V dal\u0161\u00edm rozhovoru se Cahill zastal sv\u00e9ho spoluhr\u00e1\u010de Jermaina Beckforda. Beckford p\u0159i\u0161el do Everton v l\u00e9t\u011b jako voln\u00fd hr\u00e1\u010d s vizitkou kanon\u00fdra. Nen\u00ed se \u010demu divit, v\u017edy\u0165 b\u011bhem posledn\u00edch t\u0159ech sez\u00f3n za Leeds nast\u0159\u00edlel osmdes\u00e1t branek a pomohl klubu z Elland Road k postupu do Championshipu. Ov\u0161em v Evertonu je zat\u00edm Beckford jen st\u00ednem ostrost\u0159elce, od za\u010d\u00e1tku nov\u00e9ho ro\u010dn\u00edku vst\u0159elil pouze jednu branku. V Carling Cupu se trefil proti Huddersfieldu Town ze zna\u010dky pokutov\u00e9ho kopu.<\/p>\n<p>Nicm\u00e9n\u011b i p\u0159esto Cahill Becksovi d\u016fv\u011b\u0159uje:\u00a0<em>\u201eNem\u00e1me \u017e\u00e1dn\u00e9 pochyby o Beckfordov\u00fdch schopnostech. On dok\u00e1\u017ee st\u0159\u00edlet branky, v tr\u00e9ninku n\u00e1m neust\u00e1le ukazuje, jak\u00fdm je skv\u011bl\u00fdm hr\u00e1\u010dem. Dejte mu \u010das, on pot\u0159ebuje jenom z\u00e1pasovou vyt\u00ed\u017eenost a uvid\u00edte, \u010deho je schopen. Jsme r\u00e1di, \u017ee m\u00e1me v t\u00fdmu hr\u00e1\u010de takov\u00e9 kvality. Beckford se prezentuje solidn\u00ed rychlost\u00ed a umem v zakon\u010dov\u00e1n\u00ed.\u201c<\/em><\/p>\n","protected":false},"excerpt":{"rendered":"<p>Tim Cahill, jen 178 centimetr\u016f vysok\u00fd fotbalista, prozrazuje, pro\u010d je ozna\u010dov\u00e1n za jednoho z nejlep\u0161\u00edch hlavi\u010dk\u00e1\u0159\u016f na Britsk\u00fdch ostrovech. A\u010d&hellip;<\/p>\n","protected":false},"author":6,"featured_media":1312,"comment_status":"open","ping_status":"closed","sticky":false,"template":"","format":"standard","meta":{"_eb_attr":"","_monsterinsights_skip_tracking":false,"_monsterinsights_sitenote_active":false,"_monsterinsights_sitenote_note":"","_monsterinsights_sitenote_category":0,"footnotes":""},"categories":[1],"tags":[],"yoast_head":"<!-- This site is optimized with the Yoast SEO plugin v23.4 - https:\/\/yoast.com\/wordpress\/plugins\/seo\/ -->\n<title>Cahill nech\u00e1v\u00e1 nahl\u00e9dnout do sv\u00e9 kuchyn\u011b - Official Czech &amp; Slovak Everton Supporters&#039; Club<\/title>\n<meta name=\"robots\" content=\"index, follow, max-snippet:-1, max-image-preview:large, max-video-preview:-1\" \/>\n<link rel=\"canonical\" href=\"https:\/\/evertonfc.cz\/index.php\/2010\/10\/26\/cahill-nechava-nahlednout-do-sve-kuchyne\/\" \/>\n<meta property=\"og:locale\" content=\"cs_CZ\" \/>\n<meta property=\"og:type\" content=\"article\" \/>\n<meta property=\"og:title\" content=\"Cahill nech\u00e1v\u00e1 nahl\u00e9dnout do sv\u00e9 kuchyn\u011b - Official Czech &amp; Slovak Everton Supporters&#039; Club\" \/>\n<meta property=\"og:description\" content=\"Tim Cahill, jen 178 centimetr\u016f vysok\u00fd fotbalista, prozrazuje, pro\u010d je ozna\u010dov\u00e1n za jednoho z nejlep\u0161\u00edch hlavi\u010dk\u00e1\u0159\u016f na Britsk\u00fdch ostrovech. A\u010d&hellip;\" \/>\n<meta property=\"og:url\" content=\"https:\/\/evertonfc.cz\/index.php\/2010\/10\/26\/cahill-nechava-nahlednout-do-sve-kuchyne\/\" \/>\n<meta property=\"og:site_name\" content=\"Official Czech &amp; Slovak Everton Supporters&#039; Club\" \/>\n<meta property=\"article:publisher\" content=\"https:\/\/www.facebook.com\/everton.fans.cz.sk\" \/>\n<meta property=\"article:published_time\" content=\"2010-10-26T18:56:59+00:00\" \/>\n<meta property=\"article:modified_time\" content=\"2019-02-10T19:59:40+00:00\" \/>\n<meta property=\"og:image\" content=\"https:\/\/evertonfc.cz\/wp-content\/uploads\/2019\/01\/interview.jpg\" \/>\n\t<meta property=\"og:image:width\" content=\"720\" \/>\n\t<meta property=\"og:image:height\" content=\"405\" \/>\n\t<meta property=\"og:image:type\" content=\"image\/jpeg\" \/>\n<meta name=\"author\" content=\"Ri\u010di\" \/>\n<meta name=\"twitter:card\" content=\"summary_large_image\" \/>\n<meta name=\"twitter:creator\" content=\"@rbrejsa\" \/>\n<meta name=\"twitter:label1\" content=\"Napsal(a)\" \/>\n\t<meta name=\"twitter:data1\" content=\"Ri\u010di\" \/>\n\t<meta name=\"twitter:label2\" content=\"Odhadovan\u00e1 doba \u010dten\u00ed\" \/>\n\t<meta name=\"twitter:data2\" content=\"2 minuty\" \/>\n<script type=\"application\/ld+json\" class=\"yoast-schema-graph\">{\"@context\":\"https:\/\/schema.org\",\"@graph\":[{\"@type\":\"Article\",\"@id\":\"https:\/\/evertonfc.cz\/index.php\/2010\/10\/26\/cahill-nechava-nahlednout-do-sve-kuchyne\/#article\",\"isPartOf\":{\"@id\":\"https:\/\/evertonfc.cz\/index.php\/2010\/10\/26\/cahill-nechava-nahlednout-do-sve-kuchyne\/\"},\"author\":{\"name\":\"Ri\u010di\",\"@id\":\"https:\/\/evertonfc.cz\/#\/schema\/person\/f7a5daedb2ffee98480bc70e191aaef1\"},\"headline\":\"Cahill nech\u00e1v\u00e1 nahl\u00e9dnout do sv\u00e9 kuchyn\u011b\",\"datePublished\":\"2010-10-26T18:56:59+00:00\",\"dateModified\":\"2019-02-10T19:59:40+00:00\",\"mainEntityOfPage\":{\"@id\":\"https:\/\/evertonfc.cz\/index.php\/2010\/10\/26\/cahill-nechava-nahlednout-do-sve-kuchyne\/\"},\"wordCount\":495,\"commentCount\":0,\"publisher\":{\"@id\":\"https:\/\/evertonfc.cz\/#organization\"},\"image\":{\"@id\":\"https:\/\/evertonfc.cz\/index.php\/2010\/10\/26\/cahill-nechava-nahlednout-do-sve-kuchyne\/#primaryimage\"},\"thumbnailUrl\":\"https:\/\/evertonfc.cz\/wp-content\/uploads\/2019\/01\/interview.jpg\",\"articleSection\":[\"Rozhovory\"],\"inLanguage\":\"cs\",\"potentialAction\":[{\"@type\":\"CommentAction\",\"name\":\"Comment\",\"target\":[\"https:\/\/evertonfc.cz\/index.php\/2010\/10\/26\/cahill-nechava-nahlednout-do-sve-kuchyne\/#respond\"]}]},{\"@type\":\"WebPage\",\"@id\":\"https:\/\/evertonfc.cz\/index.php\/2010\/10\/26\/cahill-nechava-nahlednout-do-sve-kuchyne\/\",\"url\":\"https:\/\/evertonfc.cz\/index.php\/2010\/10\/26\/cahill-nechava-nahlednout-do-sve-kuchyne\/\",\"name\":\"Cahill nech\u00e1v\u00e1 nahl\u00e9dnout do sv\u00e9 kuchyn\u011b - Official Czech &amp; Slovak Everton Supporters&#039; Club\",\"isPartOf\":{\"@id\":\"https:\/\/evertonfc.cz\/#website\"},\"primaryImageOfPage\":{\"@id\":\"https:\/\/evertonfc.cz\/index.php\/2010\/10\/26\/cahill-nechava-nahlednout-do-sve-kuchyne\/#primaryimage\"},\"image\":{\"@id\":\"https:\/\/evertonfc.cz\/index.php\/2010\/10\/26\/cahill-nechava-nahlednout-do-sve-kuchyne\/#primaryimage\"},\"thumbnailUrl\":\"https:\/\/evertonfc.cz\/wp-content\/uploads\/2019\/01\/interview.jpg\",\"datePublished\":\"2010-10-26T18:56:59+00:00\",\"dateModified\":\"2019-02-10T19:59:40+00:00\",\"breadcrumb\":{\"@id\":\"https:\/\/evertonfc.cz\/index.php\/2010\/10\/26\/cahill-nechava-nahlednout-do-sve-kuchyne\/#breadcrumb\"},\"inLanguage\":\"cs\",\"potentialAction\":[{\"@type\":\"ReadAction\",\"target\":[\"https:\/\/evertonfc.cz\/index.php\/2010\/10\/26\/cahill-nechava-nahlednout-do-sve-kuchyne\/\"]}]},{\"@type\":\"ImageObject\",\"inLanguage\":\"cs\",\"@id\":\"https:\/\/evertonfc.cz\/index.php\/2010\/10\/26\/cahill-nechava-nahlednout-do-sve-kuchyne\/#primaryimage\",\"url\":\"https:\/\/evertonfc.cz\/wp-content\/uploads\/2019\/01\/interview.jpg\",\"contentUrl\":\"https:\/\/evertonfc.cz\/wp-content\/uploads\/2019\/01\/interview.jpg\",\"width\":720,\"height\":405},{\"@type\":\"BreadcrumbList\",\"@id\":\"https:\/\/evertonfc.cz\/index.php\/2010\/10\/26\/cahill-nechava-nahlednout-do-sve-kuchyne\/#breadcrumb\",\"itemListElement\":[{\"@type\":\"ListItem\",\"position\":1,\"name\":\"Home\",\"item\":\"https:\/\/evertonfc.cz\/\"},{\"@type\":\"ListItem\",\"position\":2,\"name\":\"Cahill nech\u00e1v\u00e1 nahl\u00e9dnout do sv\u00e9 kuchyn\u011b\"}]},{\"@type\":\"WebSite\",\"@id\":\"https:\/\/evertonfc.cz\/#website\",\"url\":\"https:\/\/evertonfc.cz\/\",\"name\":\"Official Czech &amp; Slovak Everton Supporters&#039; Club\",\"description\":\"\",\"publisher\":{\"@id\":\"https:\/\/evertonfc.cz\/#organization\"},\"potentialAction\":[{\"@type\":\"SearchAction\",\"target\":{\"@type\":\"EntryPoint\",\"urlTemplate\":\"https:\/\/evertonfc.cz\/?s={search_term_string}\"},\"query-input\":{\"@type\":\"PropertyValueSpecification\",\"valueRequired\":true,\"valueName\":\"search_term_string\"}}],\"inLanguage\":\"cs\"},{\"@type\":\"Organization\",\"@id\":\"https:\/\/evertonfc.cz\/#organization\",\"name\":\"Official Czech & Slovak Everton Supporters' Club\",\"url\":\"https:\/\/evertonfc.cz\/\",\"logo\":{\"@type\":\"ImageObject\",\"inLanguage\":\"cs\",\"@id\":\"https:\/\/evertonfc.cz\/#\/schema\/logo\/image\/\",\"url\":\"https:\/\/evertonfc.cz\/wp-content\/uploads\/2019\/05\/logo.png\",\"contentUrl\":\"https:\/\/evertonfc.cz\/wp-content\/uploads\/2019\/05\/logo.png\",\"width\":112,\"height\":112,\"caption\":\"Official Czech & Slovak Everton Supporters' Club\"},\"image\":{\"@id\":\"https:\/\/evertonfc.cz\/#\/schema\/logo\/image\/\"},\"sameAs\":[\"https:\/\/www.facebook.com\/everton.fans.cz.sk\"]},{\"@type\":\"Person\",\"@id\":\"https:\/\/evertonfc.cz\/#\/schema\/person\/f7a5daedb2ffee98480bc70e191aaef1\",\"name\":\"Ri\u010di\",\"sameAs\":[\"https:\/\/x.com\/rbrejsa\"],\"url\":\"https:\/\/evertonfc.cz\/index.php\/author\/rici\/\"}]}<\/script>\n<!-- \/ Yoast SEO plugin. -->","yoast_head_json":{"title":"Cahill nech\u00e1v\u00e1 nahl\u00e9dnout do sv\u00e9 kuchyn\u011b - Official Czech &amp; Slovak Everton Supporters&#039; Club","robots":{"index":"index","follow":"follow","max-snippet":"max-snippet:-1","max-image-preview":"max-image-preview:large","max-video-preview":"max-video-preview:-1"},"canonical":"https:\/\/evertonfc.cz\/index.php\/2010\/10\/26\/cahill-nechava-nahlednout-do-sve-kuchyne\/","og_locale":"cs_CZ","og_type":"article","og_title":"Cahill nech\u00e1v\u00e1 nahl\u00e9dnout do sv\u00e9 kuchyn\u011b - Official Czech &amp; Slovak Everton Supporters&#039; Club","og_description":"Tim Cahill, jen 178 centimetr\u016f vysok\u00fd fotbalista, prozrazuje, pro\u010d je ozna\u010dov\u00e1n za jednoho z nejlep\u0161\u00edch hlavi\u010dk\u00e1\u0159\u016f na Britsk\u00fdch ostrovech. A\u010d&hellip;","og_url":"https:\/\/evertonfc.cz\/index.php\/2010\/10\/26\/cahill-nechava-nahlednout-do-sve-kuchyne\/","og_site_name":"Official Czech &amp; Slovak Everton Supporters&#039; Club","article_publisher":"https:\/\/www.facebook.com\/everton.fans.cz.sk","article_published_time":"2010-10-26T18:56:59+00:00","article_modified_time":"2019-02-10T19:59:40+00:00","og_image":[{"width":720,"height":405,"url":"https:\/\/evertonfc.cz\/wp-content\/uploads\/2019\/01\/interview.jpg","type":"image\/jpeg"}],"author":"Ri\u010di","twitter_card":"summary_large_image","twitter_creator":"@rbrejsa","twitter_misc":{"Napsal(a)":"Ri\u010di","Odhadovan\u00e1 doba \u010dten\u00ed":"2 minuty"},"schema":{"@context":"https:\/\/schema.org","@graph":[{"@type":"Article","@id":"https:\/\/evertonfc.cz\/index.php\/2010\/10\/26\/cahill-nechava-nahlednout-do-sve-kuchyne\/#article","isPartOf":{"@id":"https:\/\/evertonfc.cz\/index.php\/2010\/10\/26\/cahill-nechava-nahlednout-do-sve-kuchyne\/"},"author":{"name":"Ri\u010di","@id":"https:\/\/evertonfc.cz\/#\/schema\/person\/f7a5daedb2ffee98480bc70e191aaef1"},"headline":"Cahill nech\u00e1v\u00e1 nahl\u00e9dnout do sv\u00e9 kuchyn\u011b","datePublished":"2010-10-26T18:56:59+00:00","dateModified":"2019-02-10T19:59:40+00:00","mainEntityOfPage":{"@id":"https:\/\/evertonfc.cz\/index.php\/2010\/10\/26\/cahill-nechava-nahlednout-do-sve-kuchyne\/"},"wordCount":495,"commentCount":0,"publisher":{"@id":"https:\/\/evertonfc.cz\/#organization"},"image":{"@id":"https:\/\/evertonfc.cz\/index.php\/2010\/10\/26\/cahill-nechava-nahlednout-do-sve-kuchyne\/#primaryimage"},"thumbnailUrl":"https:\/\/evertonfc.cz\/wp-content\/uploads\/2019\/01\/interview.jpg","articleSection":["Rozhovory"],"inLanguage":"cs","potentialAction":[{"@type":"CommentAction","name":"Comment","target":["https:\/\/evertonfc.cz\/index.php\/2010\/10\/26\/cahill-nechava-nahlednout-do-sve-kuchyne\/#respond"]}]},{"@type":"WebPage","@id":"https:\/\/evertonfc.cz\/index.php\/2010\/10\/26\/cahill-nechava-nahlednout-do-sve-kuchyne\/","url":"https:\/\/evertonfc.cz\/index.php\/2010\/10\/26\/cahill-nechava-nahlednout-do-sve-kuchyne\/","name":"Cahill nech\u00e1v\u00e1 nahl\u00e9dnout do sv\u00e9 kuchyn\u011b - Official Czech &amp; Slovak Everton Supporters&#039; Club","isPartOf":{"@id":"https:\/\/evertonfc.cz\/#website"},"primaryImageOfPage":{"@id":"https:\/\/evertonfc.cz\/index.php\/2010\/10\/26\/cahill-nechava-nahlednout-do-sve-kuchyne\/#primaryimage"},"image":{"@id":"https:\/\/evertonfc.cz\/index.php\/2010\/10\/26\/cahill-nechava-nahlednout-do-sve-kuchyne\/#primaryimage"},"thumbnailUrl":"https:\/\/evertonfc.cz\/wp-content\/uploads\/2019\/01\/interview.jpg","datePublished":"2010-10-26T18:56:59+00:00","dateModified":"2019-02-10T19:59:40+00:00","breadcrumb":{"@id":"https:\/\/evertonfc.cz\/index.php\/2010\/10\/26\/cahill-nechava-nahlednout-do-sve-kuchyne\/#breadcrumb"},"inLanguage":"cs","potentialAction":[{"@type":"ReadAction","target":["https:\/\/evertonfc.cz\/index.php\/2010\/10\/26\/cahill-nechava-nahlednout-do-sve-kuchyne\/"]}]},{"@type":"ImageObject","inLanguage":"cs","@id":"https:\/\/evertonfc.cz\/index.php\/2010\/10\/26\/cahill-nechava-nahlednout-do-sve-kuchyne\/#primaryimage","url":"https:\/\/evertonfc.cz\/wp-content\/uploads\/2019\/01\/interview.jpg","contentUrl":"https:\/\/evertonfc.cz\/wp-content\/uploads\/2019\/01\/interview.jpg","width":720,"height":405},{"@type":"BreadcrumbList","@id":"https:\/\/evertonfc.cz\/index.php\/2010\/10\/26\/cahill-nechava-nahlednout-do-sve-kuchyne\/#breadcrumb","itemListElement":[{"@type":"ListItem","position":1,"name":"Home","item":"https:\/\/evertonfc.cz\/"},{"@type":"ListItem","position":2,"name":"Cahill nech\u00e1v\u00e1 nahl\u00e9dnout do sv\u00e9 kuchyn\u011b"}]},{"@type":"WebSite","@id":"https:\/\/evertonfc.cz\/#website","url":"https:\/\/evertonfc.cz\/","name":"Official Czech &amp; Slovak Everton Supporters&#039; Club","description":"","publisher":{"@id":"https:\/\/evertonfc.cz\/#organization"},"potentialAction":[{"@type":"SearchAction","target":{"@type":"EntryPoint","urlTemplate":"https:\/\/evertonfc.cz\/?s={search_term_string}"},"query-input":{"@type":"PropertyValueSpecification","valueRequired":true,"valueName":"search_term_string"}}],"inLanguage":"cs"},{"@type":"Organization","@id":"https:\/\/evertonfc.cz\/#organization","name":"Official Czech & Slovak Everton Supporters' Club","url":"https:\/\/evertonfc.cz\/","logo":{"@type":"ImageObject","inLanguage":"cs","@id":"https:\/\/evertonfc.cz\/#\/schema\/logo\/image\/","url":"https:\/\/evertonfc.cz\/wp-content\/uploads\/2019\/05\/logo.png","contentUrl":"https:\/\/evertonfc.cz\/wp-content\/uploads\/2019\/05\/logo.png","width":112,"height":112,"caption":"Official Czech & Slovak Everton Supporters' Club"},"image":{"@id":"https:\/\/evertonfc.cz\/#\/schema\/logo\/image\/"},"sameAs":["https:\/\/www.facebook.com\/everton.fans.cz.sk"]},{"@type":"Person","@id":"https:\/\/evertonfc.cz\/#\/schema\/person\/f7a5daedb2ffee98480bc70e191aaef1","name":"Ri\u010di","sameAs":["https:\/\/x.com\/rbrejsa"],"url":"https:\/\/evertonfc.cz\/index.php\/author\/rici\/"}]}},"_links":{"self":[{"href":"https:\/\/evertonfc.cz\/index.php\/wp-json\/wp\/v2\/posts\/3246"}],"collection":[{"href":"https:\/\/evertonfc.cz\/index.php\/wp-json\/wp\/v2\/posts"}],"about":[{"href":"https:\/\/evertonfc.cz\/index.php\/wp-json\/wp\/v2\/types\/post"}],"author":[{"embeddable":true,"href":"https:\/\/evertonfc.cz\/index.php\/wp-json\/wp\/v2\/users\/6"}],"replies":[{"embeddable":true,"href":"https:\/\/evertonfc.cz\/index.php\/wp-json\/wp\/v2\/comments?post=3246"}],"version-history":[{"count":1,"href":"https:\/\/evertonfc.cz\/index.php\/wp-json\/wp\/v2\/posts\/3246\/revisions"}],"predecessor-version":[{"id":3247,"href":"https:\/\/evertonfc.cz\/index.php\/wp-json\/wp\/v2\/posts\/3246\/revisions\/3247"}],"wp:featuredmedia":[{"embeddable":true,"href":"https:\/\/evertonfc.cz\/index.php\/wp-json\/wp\/v2\/media\/1312"}],"wp:attachment":[{"href":"https:\/\/evertonfc.cz\/index.php\/wp-json\/wp\/v2\/media?parent=3246"}],"wp:term":[{"taxonomy":"category","embeddable":true,"href":"https:\/\/evertonfc.cz\/index.php\/wp-json\/wp\/v2\/categories?post=3246"},{"taxonomy":"post_tag","embeddable":true,"href":"https:\/\/evertonfc.cz\/index.php\/wp-json\/wp\/v2\/tags?post=3246"}],"curies":[{"name":"wp","href":"https:\/\/api.w.org\/{rel}","templated":true}]}}