{"id":325,"date":"2012-08-12T16:00:37","date_gmt":"2012-08-12T14:00:37","guid":{"rendered":"http:\/\/evertonfc.cz\/?p=325"},"modified":"2019-06-12T18:15:38","modified_gmt":"2019-06-12T16:15:38","slug":"tommy-lawton","status":"publish","type":"post","link":"https:\/\/evertonfc.cz\/index.php\/2012\/08\/12\/tommy-lawton\/","title":{"rendered":"Tommy Lawton"},"content":{"rendered":"<h4 id=\"NewsPostDetailSummary\">Kdy\u017e jsem si prvn\u011b pro\u010d\u00edtal historii Evertonu, tak jsem se zarazil u p\u00e1r jmen. A jedn\u00edm t\u00edm jm\u00e9nem byl Tommy Lawton. M\u011bl to b\u00fdt &#8222;nov\u00fd&#8220; Dixie Dean, ale zastavila ho II. sv\u011btov\u00e1 v\u00e1lka.<\/h4>\n<p>Mlad\u00fd Tommy se narodil 6. \u0159\u00edjna 1919 ve Farnworthu, Lancashire. Ji\u017e oded\u00e1vna ho tr\u00e1pily ploch\u00e9 nohy, kv\u016fli kter\u00fdm musel nosit speci\u00e1ln\u00ed vylep\u0161en\u00ed obuvi. Av\u0161ak ani tento handicap ho nezastavil. Poprv\u00e9 na sebe upoutal, ironicky na Anfieldu, kdy\u017e zde nastoupil za sv\u016fj domovsk\u00fd klub Bolton Wanderers. Liverpool cht\u011bl okam\u017eit\u011b nadan\u00e9ho \u00fato\u010dn\u00edka z\u00edskat, ale Lawton poslechl sv\u00e9ho d\u011bde\u010dka, na kter\u00e9ho hodn\u011b dal, a v roce 1935 jako \u0161estn\u00e1ctilet\u00fd p\u0159estoupil do Burnley. Burnley v t\u00e9 dob\u011b hr\u00e1lo druhou divizi, av\u0161ak ani tento fakt nezabr\u00e1nil anglick\u00e9mu talentu, aby ve sv\u00e9 prvn\u00ed sez\u00f3n\u011b nastoupil k 25 z\u00e1pas\u016fm a vst\u0159elil 16 branek.<\/p>\n<p>Toho si u\u017e musel v\u0161imnout i druh\u00fd liverpoolsk\u00fd klub &#8211; Everton. O Lawtona se tedy zaj\u00edmali dva t\u00fdmy z m\u011bsta nad \u0159ekou Mersey a bylo jen na n\u011bm, kam d\u00e1l zam\u00ed\u0159\u00ed. A op\u011bt dal na sv\u00e9ho chytr\u00e9ho d\u011bde\u010dka, kter\u00fd si byl v\u011bdom, \u017ee u Toffees pomalu kon\u010d\u00ed legend\u00e1rn\u00ed Dixie Dean a jeho vnuk by mohl b\u00fdt skv\u011blou n\u00e1hradou. V roce 1936 vstoupil Lawton do Evertonu za tehdy vysokou \u010d\u00e1stku za teenagera &#8211; 6 500 liber. Tato suma samoz\u0159ejm\u011b nenechala mnoho lid\u00ed chladn\u00fdmi, ov\u0161em Tommy z\u016fstal v klidu. Z\u016fstat v klidu, to byla jeho nejlep\u0161\u00ed vlastnost jak na h\u0159i\u0161ti i mimo n\u011bj. Kdy\u017e \u0161lo do tuh\u00e9ho, tak nikdy nezpanika\u0159il a dos\u00e1hl sv\u00e9ho c\u00edle.<\/p>\n<p>Dean nebral p\u0159\u00edchod hr\u00e1\u010de, jen\u017e ho m\u011bl nahradil jako k\u0159ivdu. Mlad\u0161\u00edho spoluhr\u00e1\u010de vyu\u010doval a vid\u011bl v n\u011bm nov\u00e9ho v\u016fdce, kter\u00fd m\u011bl n\u00e9st modr\u00fd prapor velmi vysoko a\u017e on odejde. Ve sv\u00e9 prvn\u00ed sez\u00f3n\u011b 1936-37 v nov\u00e9m mu\u017estvu nastoupil v lize k 10 utk\u00e1n\u00edm a vst\u0159elil 3 branky. T.L. pov\u011bt\u0161inou jen st\u0159\u00eddal a sb\u00edral zku\u0161enosti v prvn\u00ed divizi, naopak &#8222;Dixie&#8220; z\u00e1\u0159il. Ov\u0161em ve sv\u00e9 druh\u00e9 sez\u00f3n\u011b v dresu Karamelek se v\u0161e obr\u00e1tilo. Dean odehr\u00e1l v lize jen 5 z\u00e1pas\u016f s bilanc\u00ed jednoho g\u00f3lu, oproti tomu Lawton stihl, takt\u00e9\u017e v dom\u00e1c\u00ed sout\u011b\u017ei, odehr\u00e1t 39 z\u00e1pas\u016f a vs\u00edtit 28 branek. Na Goodison Parku se zrodil nov\u00fd kr\u00e1l a ten star\u00fd ode\u0161el v klidu do Notts County. Jako bonus skv\u011bl\u00e9 sez\u00f3ny obdr\u017eel T.L. pozv\u00e1nku do anglick\u00e9 n\u00e1rodn\u00edho t\u00fdmu a v \u0159\u00edjnu 1938 nastoupil k p\u0159\u00e1telsk\u00e9mu z\u00e1pasu za Albion proti Walesu. V ro\u010dn\u00edku 1938-39 svoji bilanci vylep\u0161il na 38 utk\u00e1n\u00ed a 34 branek. Nejv\u00edc ho ale ur\u010dit\u011b t\u011b\u0161il ligov\u00fd titul, kter\u00fd po sedmi letech vr\u00e1til zp\u011bt na Goodison. Velk\u00e1 sm\u016fle, \u017ee v roce 1939 za\u010dala II. sv\u011btov\u00e1 v\u00e1lka a p\u0159eru\u0161ila jak\u00fdkoliv fotbalov\u00fd \u017eivot na \u0161est let, pon\u011bvad\u017e v t\u00fdmu bylo mnoho hv\u011bzd jako Ted Sagar, Joe Mercer a Tommy G Jones. Mu\u017estvu se p\u0159edpokl\u00e1dalo sb\u00edr\u00e1n\u00ed trofej\u00ed a velk\u00e1 budoucnost (v\u017edy\u0165 samotn\u00e9mu Lawtonovi bylo v t\u00e9to dob\u011b teprve 19 let!). Bohu\u017eel dnes u\u017e se jen m\u016f\u017eeme domn\u00edvat, kolik trofej\u00ed by tento t\u00fdm z\u00edskal.<\/p>\n<p>B\u011bhem v\u00e1lky slou\u017eil jako instruktor fyzick\u00e9 p\u0159\u00edpravy v arm\u00e1d\u011b. Kdy\u017e skon\u010dila v\u00e1lka, tak v\u0161ichni p\u0159\u00edznivci Evertonu netrp\u011bliv\u011b o\u010dek\u00e1vali, jak se p\u0159edstav\u00ed p\u0159eci u\u017e jenom star\u0161\u00ed a vyzr\u00e1lej\u0161\u00ed Tommy. O to v\u011bt\u0161\u00ed bylo nejen pro n\u011b zklam\u00e1n\u00ed, kdy\u017e v roce 1945 p\u0159estoupil do Chelsea za 11 500 liber. Ve sv\u00e9 prvn\u00ed sez\u00f3n\u011b v lond\u00fdnsk\u00e9m klubu 1946-47 stihl rozvlnit s\u00ed\u0165 soupe\u0159e v lize 26x. O rok pozd\u011bji se ale nepohodl s mana\u017eer Chelsea Billy Billerem a vzal za vd\u011bk nab\u00eddku Notts County, hraj\u00edc\u00ed jen t\u0159et\u00ed divizi. Do Nottinghamu p\u0159i\u0161el za \u010d\u00e1stku 20 000 liber a velkou roli hr\u00e1l v jeho rozhodov\u00e1n\u00ed kam p\u0159estoupit mana\u017eer jeho nov\u00e9ho klubu Arthur Stollery, kter\u00fd byl s Lawtonem u\u017e v Chelsea jako fyzioterapeut. Jeho anga\u017em\u00e1 v man\u010daftu trvalo p\u011bt sez\u00f3n, s t\u00fdmem dok\u00e1zal postoupit do druh\u00e9 divize a vst\u0159elit 90 branek ve 151 vystoupen\u00edch.<\/p>\n<p>V roce 1951 ode\u0161el do Bretfordu (druh\u00e1 divize), kde p\u016fsobil i jako hraj\u00edc\u00ed mana\u017eer. Moc \u00fasp\u011bchu zde ale nesklidil, a tak byl r\u00e1d, \u017ee v listopadu 1953 p\u0159estoupil do Arsenalu za 10 000\u00a3. Zde p\u016fsobil t\u0159i sez\u00f3ny ne\u017e ukon\u010dil svoji bohatou kari\u00e9ru fotbalisty.<\/p>\n<p>Pozd\u011bji se je\u0161t\u011b vr\u00e1til do role mana\u017eera a v klubu Kettering Town si vedl dob\u0159e, ov\u0161em neodolal nab\u00eddce v\u00e9st Notts County. Zde u\u017e tak dobr\u00fd nebyl a sestoupil s Nottinghamem do druh\u00e9 divize.<\/p>\n<p>Tommy Lawton zem\u0159el v roce 1996 ve v\u011bku 77 let v d\u016fsledku z\u00e1n\u011btu plic. Zem\u0159ela tak legenda, kter\u00e1 zanechala stopu v mnoha klubech a my m\u016f\u017eeme b\u00fdt r\u00e1di, \u017ee hr\u00e1val i v na\u0161em milovan\u00e9m Evertonu.<\/p>\n<table border=\"1\" width=\"100%\" frame=\"void\" cellpadding=\"3\" align=\"center\">\n<tbody>\n<tr>\n<th colspan=\"3\">\n<h4>Profil<\/h4>\n<\/th>\n<\/tr>\n<tr>\n<td><strong>Jm\u00e9no<\/strong><\/td>\n<td colspan=\"2\">Thomas Lawton<\/td>\n<\/tr>\n<tr>\n<td><strong>Datum narozen\u00ed<\/strong><\/td>\n<td colspan=\"2\">06. 10. 1919<\/td>\n<\/tr>\n<tr>\n<td><strong>M\u00edsto narozen\u00ed<\/strong><\/td>\n<td colspan=\"2\">Farnworth, Anglie<\/td>\n<\/tr>\n<tr>\n<td><strong>Datum \u00famrt\u00ed<\/strong><\/td>\n<td colspan=\"2\">06. 11. 1996 (ve v\u011bku 77 let)<\/td>\n<\/tr>\n<tr>\n<th colspan=\"3\">Hr\u00e1\u010dsk\u00e1 kari\u00e9ra<\/th>\n<\/tr>\n<tr>\n<td style=\"text-align: center;\"><strong>Roky<\/strong><\/td>\n<td style=\"text-align: center;\"><strong>Klub<\/strong><\/td>\n<td style=\"text-align: center;\"><strong>Z\u00e1pasy (G\u00f3ly)<\/strong><\/td>\n<\/tr>\n<tr>\n<td style=\"text-align: center;\">1935-1936<br \/>\n1936-1939<br \/>\n1945-1947<br \/>\n1947-1951<br \/>\n1951-1953<br \/>\n1953-1955<\/td>\n<td style=\"text-align: center;\">Burnley<br \/>\nEverton<br \/>\nChelsea<br \/>\nNotts County<br \/>\nBrentford<br \/>\nArsenal<\/td>\n<td style=\"text-align: center;\">25 (16)<br \/>\n87 (65)<br \/>\n42 (30)<br \/>\n151 (90)<br \/>\n50 (17)<br \/>\n35 (13)<\/td>\n<\/tr>\n<tr>\n<th colspan=\"3\">Reprezenta\u010dn\u00ed kari\u00e9ra<\/th>\n<\/tr>\n<tr>\n<td style=\"text-align: center;\">1938-1948<br \/>\n1939-1946<\/td>\n<td style=\"text-align: center;\">Anglie<br \/>\nAnglie\u00a0<em>(v\u00e1le\u010dn\u00e9 obdob\u00ed)<\/em><\/td>\n<td style=\"text-align: center;\">23 (22)<br \/>\n23 (24)<\/td>\n<\/tr>\n<tr>\n<th colspan=\"3\">Mana\u017eersk\u00e1 kari\u00e9ra<\/th>\n<\/tr>\n<tr>\n<td style=\"text-align: center;\">1953<br \/>\n1956-56<br \/>\n1957-58<\/td>\n<td style=\"text-align: center;\" colspan=\"2\">Brentford<br \/>\nKettering Town<br \/>\nNotts County<\/td>\n<\/tr>\n<\/tbody>\n<\/table>\n","protected":false},"excerpt":{"rendered":"<p>Kdy\u017e jsem si prvn\u011b pro\u010d\u00edtal historii Evertonu, tak jsem se zarazil u p\u00e1r jmen. A jedn\u00edm t\u00edm jm\u00e9nem byl Tommy&hellip;<\/p>\n","protected":false},"author":6,"featured_media":716,"comment_status":"open","ping_status":"closed","sticky":false,"template":"","format":"standard","meta":{"_eb_attr":"","_monsterinsights_skip_tracking":false,"_monsterinsights_sitenote_active":false,"_monsterinsights_sitenote_note":"","_monsterinsights_sitenote_category":0,"footnotes":""},"categories":[11],"tags":[],"yoast_head":"<!-- This site is optimized with the Yoast SEO plugin v23.4 - https:\/\/yoast.com\/wordpress\/plugins\/seo\/ -->\n<title>Tommy Lawton - Official Czech &amp; Slovak Everton Supporters&#039; Club<\/title>\n<meta name=\"robots\" content=\"index, follow, max-snippet:-1, max-image-preview:large, max-video-preview:-1\" \/>\n<link rel=\"canonical\" href=\"https:\/\/evertonfc.cz\/index.php\/2012\/08\/12\/tommy-lawton\/\" \/>\n<meta property=\"og:locale\" content=\"cs_CZ\" \/>\n<meta property=\"og:type\" content=\"article\" \/>\n<meta property=\"og:title\" content=\"Tommy Lawton - Official Czech &amp; Slovak Everton Supporters&#039; Club\" \/>\n<meta property=\"og:description\" content=\"Kdy\u017e jsem si prvn\u011b pro\u010d\u00edtal historii Evertonu, tak jsem se zarazil u p\u00e1r jmen. A jedn\u00edm t\u00edm jm\u00e9nem byl Tommy&hellip;\" \/>\n<meta property=\"og:url\" content=\"https:\/\/evertonfc.cz\/index.php\/2012\/08\/12\/tommy-lawton\/\" \/>\n<meta property=\"og:site_name\" content=\"Official Czech &amp; Slovak Everton Supporters&#039; Club\" \/>\n<meta property=\"article:publisher\" content=\"https:\/\/www.facebook.com\/everton.fans.cz.sk\" \/>\n<meta property=\"article:published_time\" content=\"2012-08-12T14:00:37+00:00\" \/>\n<meta property=\"article:modified_time\" content=\"2019-06-12T16:15:38+00:00\" \/>\n<meta property=\"og:image\" content=\"https:\/\/evertonfc.cz\/wp-content\/uploads\/2019\/01\/tommy_lawton_legendy.jpg\" \/>\n\t<meta property=\"og:image:width\" content=\"720\" \/>\n\t<meta property=\"og:image:height\" content=\"405\" \/>\n\t<meta property=\"og:image:type\" content=\"image\/jpeg\" \/>\n<meta name=\"author\" content=\"Ri\u010di\" \/>\n<meta name=\"twitter:card\" content=\"summary_large_image\" \/>\n<meta name=\"twitter:creator\" content=\"@rbrejsa\" \/>\n<meta name=\"twitter:label1\" content=\"Napsal(a)\" \/>\n\t<meta name=\"twitter:data1\" content=\"Ri\u010di\" \/>\n\t<meta name=\"twitter:label2\" content=\"Odhadovan\u00e1 doba \u010dten\u00ed\" \/>\n\t<meta name=\"twitter:data2\" content=\"5 minut\" \/>\n<script type=\"application\/ld+json\" class=\"yoast-schema-graph\">{\"@context\":\"https:\/\/schema.org\",\"@graph\":[{\"@type\":\"Article\",\"@id\":\"https:\/\/evertonfc.cz\/index.php\/2012\/08\/12\/tommy-lawton\/#article\",\"isPartOf\":{\"@id\":\"https:\/\/evertonfc.cz\/index.php\/2012\/08\/12\/tommy-lawton\/\"},\"author\":{\"name\":\"Ri\u010di\",\"@id\":\"https:\/\/evertonfc.cz\/#\/schema\/person\/f7a5daedb2ffee98480bc70e191aaef1\"},\"headline\":\"Tommy Lawton\",\"datePublished\":\"2012-08-12T14:00:37+00:00\",\"dateModified\":\"2019-06-12T16:15:38+00:00\",\"mainEntityOfPage\":{\"@id\":\"https:\/\/evertonfc.cz\/index.php\/2012\/08\/12\/tommy-lawton\/\"},\"wordCount\":975,\"commentCount\":0,\"publisher\":{\"@id\":\"https:\/\/evertonfc.cz\/#organization\"},\"image\":{\"@id\":\"https:\/\/evertonfc.cz\/index.php\/2012\/08\/12\/tommy-lawton\/#primaryimage\"},\"thumbnailUrl\":\"https:\/\/evertonfc.cz\/wp-content\/uploads\/2019\/01\/tommy_lawton_legendy.jpg\",\"articleSection\":[\"Legendy\"],\"inLanguage\":\"cs\",\"potentialAction\":[{\"@type\":\"CommentAction\",\"name\":\"Comment\",\"target\":[\"https:\/\/evertonfc.cz\/index.php\/2012\/08\/12\/tommy-lawton\/#respond\"]}]},{\"@type\":\"WebPage\",\"@id\":\"https:\/\/evertonfc.cz\/index.php\/2012\/08\/12\/tommy-lawton\/\",\"url\":\"https:\/\/evertonfc.cz\/index.php\/2012\/08\/12\/tommy-lawton\/\",\"name\":\"Tommy Lawton - Official Czech &amp; Slovak Everton Supporters&#039; Club\",\"isPartOf\":{\"@id\":\"https:\/\/evertonfc.cz\/#website\"},\"primaryImageOfPage\":{\"@id\":\"https:\/\/evertonfc.cz\/index.php\/2012\/08\/12\/tommy-lawton\/#primaryimage\"},\"image\":{\"@id\":\"https:\/\/evertonfc.cz\/index.php\/2012\/08\/12\/tommy-lawton\/#primaryimage\"},\"thumbnailUrl\":\"https:\/\/evertonfc.cz\/wp-content\/uploads\/2019\/01\/tommy_lawton_legendy.jpg\",\"datePublished\":\"2012-08-12T14:00:37+00:00\",\"dateModified\":\"2019-06-12T16:15:38+00:00\",\"breadcrumb\":{\"@id\":\"https:\/\/evertonfc.cz\/index.php\/2012\/08\/12\/tommy-lawton\/#breadcrumb\"},\"inLanguage\":\"cs\",\"potentialAction\":[{\"@type\":\"ReadAction\",\"target\":[\"https:\/\/evertonfc.cz\/index.php\/2012\/08\/12\/tommy-lawton\/\"]}]},{\"@type\":\"ImageObject\",\"inLanguage\":\"cs\",\"@id\":\"https:\/\/evertonfc.cz\/index.php\/2012\/08\/12\/tommy-lawton\/#primaryimage\",\"url\":\"https:\/\/evertonfc.cz\/wp-content\/uploads\/2019\/01\/tommy_lawton_legendy.jpg\",\"contentUrl\":\"https:\/\/evertonfc.cz\/wp-content\/uploads\/2019\/01\/tommy_lawton_legendy.jpg\",\"width\":720,\"height\":405},{\"@type\":\"BreadcrumbList\",\"@id\":\"https:\/\/evertonfc.cz\/index.php\/2012\/08\/12\/tommy-lawton\/#breadcrumb\",\"itemListElement\":[{\"@type\":\"ListItem\",\"position\":1,\"name\":\"Home\",\"item\":\"https:\/\/evertonfc.cz\/\"},{\"@type\":\"ListItem\",\"position\":2,\"name\":\"Tommy Lawton\"}]},{\"@type\":\"WebSite\",\"@id\":\"https:\/\/evertonfc.cz\/#website\",\"url\":\"https:\/\/evertonfc.cz\/\",\"name\":\"Official Czech &amp; Slovak Everton Supporters&#039; Club\",\"description\":\"\",\"publisher\":{\"@id\":\"https:\/\/evertonfc.cz\/#organization\"},\"potentialAction\":[{\"@type\":\"SearchAction\",\"target\":{\"@type\":\"EntryPoint\",\"urlTemplate\":\"https:\/\/evertonfc.cz\/?s={search_term_string}\"},\"query-input\":{\"@type\":\"PropertyValueSpecification\",\"valueRequired\":true,\"valueName\":\"search_term_string\"}}],\"inLanguage\":\"cs\"},{\"@type\":\"Organization\",\"@id\":\"https:\/\/evertonfc.cz\/#organization\",\"name\":\"Official Czech & Slovak Everton Supporters' Club\",\"url\":\"https:\/\/evertonfc.cz\/\",\"logo\":{\"@type\":\"ImageObject\",\"inLanguage\":\"cs\",\"@id\":\"https:\/\/evertonfc.cz\/#\/schema\/logo\/image\/\",\"url\":\"https:\/\/evertonfc.cz\/wp-content\/uploads\/2019\/05\/logo.png\",\"contentUrl\":\"https:\/\/evertonfc.cz\/wp-content\/uploads\/2019\/05\/logo.png\",\"width\":112,\"height\":112,\"caption\":\"Official Czech & Slovak Everton Supporters' Club\"},\"image\":{\"@id\":\"https:\/\/evertonfc.cz\/#\/schema\/logo\/image\/\"},\"sameAs\":[\"https:\/\/www.facebook.com\/everton.fans.cz.sk\"]},{\"@type\":\"Person\",\"@id\":\"https:\/\/evertonfc.cz\/#\/schema\/person\/f7a5daedb2ffee98480bc70e191aaef1\",\"name\":\"Ri\u010di\",\"sameAs\":[\"https:\/\/x.com\/rbrejsa\"],\"url\":\"https:\/\/evertonfc.cz\/index.php\/author\/rici\/\"}]}<\/script>\n<!-- \/ Yoast SEO plugin. -->","yoast_head_json":{"title":"Tommy Lawton - Official Czech &amp; Slovak Everton Supporters&#039; Club","robots":{"index":"index","follow":"follow","max-snippet":"max-snippet:-1","max-image-preview":"max-image-preview:large","max-video-preview":"max-video-preview:-1"},"canonical":"https:\/\/evertonfc.cz\/index.php\/2012\/08\/12\/tommy-lawton\/","og_locale":"cs_CZ","og_type":"article","og_title":"Tommy Lawton - Official Czech &amp; Slovak Everton Supporters&#039; Club","og_description":"Kdy\u017e jsem si prvn\u011b pro\u010d\u00edtal historii Evertonu, tak jsem se zarazil u p\u00e1r jmen. A jedn\u00edm t\u00edm jm\u00e9nem byl Tommy&hellip;","og_url":"https:\/\/evertonfc.cz\/index.php\/2012\/08\/12\/tommy-lawton\/","og_site_name":"Official Czech &amp; Slovak Everton Supporters&#039; Club","article_publisher":"https:\/\/www.facebook.com\/everton.fans.cz.sk","article_published_time":"2012-08-12T14:00:37+00:00","article_modified_time":"2019-06-12T16:15:38+00:00","og_image":[{"width":720,"height":405,"url":"https:\/\/evertonfc.cz\/wp-content\/uploads\/2019\/01\/tommy_lawton_legendy.jpg","type":"image\/jpeg"}],"author":"Ri\u010di","twitter_card":"summary_large_image","twitter_creator":"@rbrejsa","twitter_misc":{"Napsal(a)":"Ri\u010di","Odhadovan\u00e1 doba \u010dten\u00ed":"5 minut"},"schema":{"@context":"https:\/\/schema.org","@graph":[{"@type":"Article","@id":"https:\/\/evertonfc.cz\/index.php\/2012\/08\/12\/tommy-lawton\/#article","isPartOf":{"@id":"https:\/\/evertonfc.cz\/index.php\/2012\/08\/12\/tommy-lawton\/"},"author":{"name":"Ri\u010di","@id":"https:\/\/evertonfc.cz\/#\/schema\/person\/f7a5daedb2ffee98480bc70e191aaef1"},"headline":"Tommy Lawton","datePublished":"2012-08-12T14:00:37+00:00","dateModified":"2019-06-12T16:15:38+00:00","mainEntityOfPage":{"@id":"https:\/\/evertonfc.cz\/index.php\/2012\/08\/12\/tommy-lawton\/"},"wordCount":975,"commentCount":0,"publisher":{"@id":"https:\/\/evertonfc.cz\/#organization"},"image":{"@id":"https:\/\/evertonfc.cz\/index.php\/2012\/08\/12\/tommy-lawton\/#primaryimage"},"thumbnailUrl":"https:\/\/evertonfc.cz\/wp-content\/uploads\/2019\/01\/tommy_lawton_legendy.jpg","articleSection":["Legendy"],"inLanguage":"cs","potentialAction":[{"@type":"CommentAction","name":"Comment","target":["https:\/\/evertonfc.cz\/index.php\/2012\/08\/12\/tommy-lawton\/#respond"]}]},{"@type":"WebPage","@id":"https:\/\/evertonfc.cz\/index.php\/2012\/08\/12\/tommy-lawton\/","url":"https:\/\/evertonfc.cz\/index.php\/2012\/08\/12\/tommy-lawton\/","name":"Tommy Lawton - Official Czech &amp; Slovak Everton Supporters&#039; Club","isPartOf":{"@id":"https:\/\/evertonfc.cz\/#website"},"primaryImageOfPage":{"@id":"https:\/\/evertonfc.cz\/index.php\/2012\/08\/12\/tommy-lawton\/#primaryimage"},"image":{"@id":"https:\/\/evertonfc.cz\/index.php\/2012\/08\/12\/tommy-lawton\/#primaryimage"},"thumbnailUrl":"https:\/\/evertonfc.cz\/wp-content\/uploads\/2019\/01\/tommy_lawton_legendy.jpg","datePublished":"2012-08-12T14:00:37+00:00","dateModified":"2019-06-12T16:15:38+00:00","breadcrumb":{"@id":"https:\/\/evertonfc.cz\/index.php\/2012\/08\/12\/tommy-lawton\/#breadcrumb"},"inLanguage":"cs","potentialAction":[{"@type":"ReadAction","target":["https:\/\/evertonfc.cz\/index.php\/2012\/08\/12\/tommy-lawton\/"]}]},{"@type":"ImageObject","inLanguage":"cs","@id":"https:\/\/evertonfc.cz\/index.php\/2012\/08\/12\/tommy-lawton\/#primaryimage","url":"https:\/\/evertonfc.cz\/wp-content\/uploads\/2019\/01\/tommy_lawton_legendy.jpg","contentUrl":"https:\/\/evertonfc.cz\/wp-content\/uploads\/2019\/01\/tommy_lawton_legendy.jpg","width":720,"height":405},{"@type":"BreadcrumbList","@id":"https:\/\/evertonfc.cz\/index.php\/2012\/08\/12\/tommy-lawton\/#breadcrumb","itemListElement":[{"@type":"ListItem","position":1,"name":"Home","item":"https:\/\/evertonfc.cz\/"},{"@type":"ListItem","position":2,"name":"Tommy Lawton"}]},{"@type":"WebSite","@id":"https:\/\/evertonfc.cz\/#website","url":"https:\/\/evertonfc.cz\/","name":"Official Czech &amp; Slovak Everton Supporters&#039; Club","description":"","publisher":{"@id":"https:\/\/evertonfc.cz\/#organization"},"potentialAction":[{"@type":"SearchAction","target":{"@type":"EntryPoint","urlTemplate":"https:\/\/evertonfc.cz\/?s={search_term_string}"},"query-input":{"@type":"PropertyValueSpecification","valueRequired":true,"valueName":"search_term_string"}}],"inLanguage":"cs"},{"@type":"Organization","@id":"https:\/\/evertonfc.cz\/#organization","name":"Official Czech & Slovak Everton Supporters' Club","url":"https:\/\/evertonfc.cz\/","logo":{"@type":"ImageObject","inLanguage":"cs","@id":"https:\/\/evertonfc.cz\/#\/schema\/logo\/image\/","url":"https:\/\/evertonfc.cz\/wp-content\/uploads\/2019\/05\/logo.png","contentUrl":"https:\/\/evertonfc.cz\/wp-content\/uploads\/2019\/05\/logo.png","width":112,"height":112,"caption":"Official Czech & Slovak Everton Supporters' Club"},"image":{"@id":"https:\/\/evertonfc.cz\/#\/schema\/logo\/image\/"},"sameAs":["https:\/\/www.facebook.com\/everton.fans.cz.sk"]},{"@type":"Person","@id":"https:\/\/evertonfc.cz\/#\/schema\/person\/f7a5daedb2ffee98480bc70e191aaef1","name":"Ri\u010di","sameAs":["https:\/\/x.com\/rbrejsa"],"url":"https:\/\/evertonfc.cz\/index.php\/author\/rici\/"}]}},"_links":{"self":[{"href":"https:\/\/evertonfc.cz\/index.php\/wp-json\/wp\/v2\/posts\/325"}],"collection":[{"href":"https:\/\/evertonfc.cz\/index.php\/wp-json\/wp\/v2\/posts"}],"about":[{"href":"https:\/\/evertonfc.cz\/index.php\/wp-json\/wp\/v2\/types\/post"}],"author":[{"embeddable":true,"href":"https:\/\/evertonfc.cz\/index.php\/wp-json\/wp\/v2\/users\/6"}],"replies":[{"embeddable":true,"href":"https:\/\/evertonfc.cz\/index.php\/wp-json\/wp\/v2\/comments?post=325"}],"version-history":[{"count":6,"href":"https:\/\/evertonfc.cz\/index.php\/wp-json\/wp\/v2\/posts\/325\/revisions"}],"predecessor-version":[{"id":8066,"href":"https:\/\/evertonfc.cz\/index.php\/wp-json\/wp\/v2\/posts\/325\/revisions\/8066"}],"wp:featuredmedia":[{"embeddable":true,"href":"https:\/\/evertonfc.cz\/index.php\/wp-json\/wp\/v2\/media\/716"}],"wp:attachment":[{"href":"https:\/\/evertonfc.cz\/index.php\/wp-json\/wp\/v2\/media?parent=325"}],"wp:term":[{"taxonomy":"category","embeddable":true,"href":"https:\/\/evertonfc.cz\/index.php\/wp-json\/wp\/v2\/categories?post=325"},{"taxonomy":"post_tag","embeddable":true,"href":"https:\/\/evertonfc.cz\/index.php\/wp-json\/wp\/v2\/tags?post=325"}],"curies":[{"name":"wp","href":"https:\/\/api.w.org\/{rel}","templated":true}]}}