{"id":3252,"date":"2010-10-14T21:02:27","date_gmt":"2010-10-14T19:02:27","guid":{"rendered":"http:\/\/evertonfc.cz\/?p=3252"},"modified":"2019-02-10T21:07:04","modified_gmt":"2019-02-10T20:07:04","slug":"fans-interview-liverpool","status":"publish","type":"post","link":"https:\/\/evertonfc.cz\/index.php\/2010\/10\/14\/fans-interview-liverpool\/","title":{"rendered":"Fans interview: Liverpool"},"content":{"rendered":"<h4>P\u0159ed presti\u017en\u00edm Merseyside derby odpov\u00eddal na ot\u00e1zky dob\u0159e zn\u00e1m\u00fd p\u0159iznivec Liverpoolu kwopor, kter\u00fd je otcem fanou\u0161kovsk\u00e9 str\u00e1nky lfcway.com.<\/h4>\n<p><strong>Vra\u0165me se na \u00favod o p\u00e1r m\u011bs\u00edc\u016f zp\u00e1tky respektive na za\u010d\u00e1tek \u010dervence. Mana\u017eerem Reds se st\u00e1v\u00e1 Roy Hodgson, jak si na to tenkr\u00e1t reagoval?<\/strong><\/p>\n<p>Zdr\u017eanlivo. Prial som si mana\u017e\u00e9ra, s ktor\u00fdm budeme hra\u0165 ofenz\u00edvne, \u010do s Hodgsonom hne\u010f v \u00favode nehrozilo. Navy\u0161e som sa opakovane p\u00fdtal, \u010di fakt, \u017ee sa na jednom tr\u00e9nerskom fleku zdr\u017e\u00ed v priemere ani nie dva roky nie je t\u00fdm, \u010do malo vedenie lep\u0161ie zv\u00e1\u017ei\u0165.<\/p>\n<p><strong>A tv\u016fj dne\u0161n\u00ed n\u00e1zor na tren\u00e9rsk\u00e9ho sv\u011btob\u011b\u017en\u00edka co by mana\u017eera Liverpoolu?<\/strong><\/p>\n<p>LFC neposunul ani o milimeter. Dokonca do t\u00edmu neprineisol ani ten n\u00e1znak zlep\u0161enia, pozit\u00edvnej\u0161iu armosf\u00e9ru, vidite\u013en\u00fd posun (zmenu) v hernom syst\u00e9me. Hodgson v\u00fdrazne kop\u00edruje Ben\u00edteza, dokonca a\u017e tak, \u017ee sa zd\u00e1, \u017ee \u0160paniel v lete Liverpool v\u00f4bec neopustil. Angli\u010dan navy\u0161e nepresuje, nestrieda, zatia\u013e je jeho p\u00f4sobenie na AR vo ve\u013emi negat\u00edvnom svetle. Uvid\u00edme, \u010do bude \u010falej.<\/p>\n<p><strong>Konchesky, Aur\u00e9lio, Poulsen, Jovanovi\u010d &#8211; to jsou n\u011bkter\u00e1 jm\u00e9na, kter\u00e1 na Anfield v l\u00e9t\u011b p\u0159i\u0161la. Nen\u00ed to ale na Liverpool m\u00e1lo, v\u017edy\u0165 tito hr\u00e1\u010di pat\u0159\u00ed do \u0161ed\u00e9ho pr\u016fm\u011bru?<\/strong><\/p>\n<p>Ktovie \u010di je to m\u00e1lo. Pri poh\u013eade na The Reds mus\u00edm objekt\u00edvne prizna\u0165, \u017ee sme priemern\u00fd t\u00edm. Ben\u00edtez n\u00e1m a cel\u00e9mu svetu roky tla\u010dil do hl\u00e1v, \u017ee to proste Gerrard s Torresom ukop\u00fa. Ak nemali formu, nedostali lopty \u010di boli zranen\u00e9, zrazu bol probl\u00e9m. Ve\u013emi ve\u013ek\u00fd probl\u00e9m. Hodgsonove po\u010d\u00ednanie si na prestupovom trhu je tak\u00e9 v\u0161eljak\u00e9.<br \/>\nNa hos\u0165ovania poslal loserov ako Degen, Plessis, El Zhar, Aquilani, \u010do hodnot\u00edm vysoko pozit\u00edvne, na druhej strane si nechal v k\u00e1dri kvalitou rovnako tr\u00e1pnych futbalistov ako s\u00fa Lucas, Babel, ktor\u00fdch navy\u0161e doplnil o star\u0161iu a pomal\u0161iu k\u00f3piu Mascherana &#8211; Poulsen. D\u00e1n je navy\u0161e neskuto\u010dne zl\u00fd v rozohr\u00e1vke. Asi ako el Jeffe, ke\u010f prich\u00e1dzal z WHU. A je tu aj zatia\u013e dos\u0165 nev\u00fdrazn\u00fd Meireles, ktor\u00fd m\u00e1 s r\u00fdchlos\u0165ou a fyzickos\u0165ou PL vidite\u013en\u00fd probl\u00e9m a ani v pozit\u00edvnej rovine vn\u00edman\u00fd pr\u00edchod J. Colea nie je zatia\u013e \u017eiadnou v\u00fdhrou.<\/p>\n<p>Znovu anga\u017eovanie F. Aur\u00e9lia bolo ak\u00e9si n\u00fadzov\u00e9 rie\u0161enie \u013eav\u00e9ho beka. S medve\u010fom Ins\u00faom, ktor\u00fd navy\u0161e nem\u00e1 ani len predstavu, \u010do je to pozi\u010dn\u00e1 hra, Hodgson hne\u010f po pr\u00edchode ner\u00e1tal a tak bol Fabiovi pon\u00faknut\u00fd kontrakt. Hlavne preto, aby sa nestalo, \u017ee The Reds nebud\u00fa ma\u0165 na \u013eavej obrane sk\u00fasen\u00e9ho futbalistu, lebo v tom \u010dase nebolo 100%-n\u00e9, \u017ee e\u0161te najk\u00fd futbalista na tento post pr\u00edde. Braz\u00edl\u010dan je ale notorick\u00fd mar\u00f3d a k tomu asi nie je \u010do doda\u0165.<br \/>\nNesk\u00f4r pri\u0161iel Konchesky a pri \u0148om len to, \u017ee je to len potvrdenie vy\u0161\u0161ie uveden\u00e9ho &#8211; priemern\u00ed hr\u00e1\u010di = priemern\u00fd klub a Konchesky je priemern\u00fd futbalista. A to aj napriek tomu, \u017ee je m\u00f3dne, spr\u00e1vne \u010di neviemak\u00e9 da\u0165 ka\u017ed\u00e9mu \u0161ancu. Aj tomu, kto \u0165a hne\u010f po prvom pohybe, \u010di dotyku s loptu presved\u010d\u00ed, \u017ee to proste nep\u00f4jde. Paula teda neodpisujem, ale lep\u0161\u00ed ako priemern\u00fd futbalista to nie je.<\/p>\n<p>\u010co sa prestupov t\u00fdka, tak ma Hodgson sklamal, \u017ee nedal \u0161ancu Ma\u010farovi N\u00e9methovi a Dalla Valleho len tak pustil do Fulhamu.<\/p>\n<p><strong>Mrz\u00ed t\u011b v\u00edce odchod Xabiho Alonsa nebo Javiera Mascherana?<\/strong><\/p>\n<p>Alonsa ur\u010dite. Jeho ale svojim je\u0161itn\u00fdm spr\u00e1van\u00edm vy\u0161tval pre mnoh\u00fdch zaslepencov skvel\u00fd Rafael Ben\u00edtez. Za to (a \u010fal\u0161ie hl\u00fape \u0165ahy, ktor\u00fdch bolo ne\u00farekom) by si zasl\u00fa\u017eil nakopa\u0165 a nie tu\u010dn\u00e9 od\u0161kodn\u00e9, ktor\u00e9ho sa mu dostalo v lete. Mascheranova t\u00faha by\u0165 \u00faspe\u0161n\u00fd ho toto leto doviedla a\u017e do poz\u00edcie, \u017ee ke\u010f sa ozvala Barca, bol ochotn\u00fd odhodi\u0165 svoju dovtedaj\u0161iu reput\u00e1ciu, \u00faplne odrovna\u0165 v\u00fdznam slova profesion\u00e1l a dokonca nechcie\u0165 \u00eds\u0165 hra\u0165 na tr\u00e1vnik Man City. Argent\u00edn\u010dan nadobro zabudol, \u017ee to bol pr\u00e1ve LFC, kto ho vytiahol z WHU, kde pravidelnej\u0161ie hr\u00e1val len v rezerve. Lojalita ale tomuto futbalistovi asi ni\u010d nehovor\u00ed a tak nech je spokojn\u00fd tam, kde je. Ve\u013ea zdaru mu ale neprajem, nezasl\u00fa\u017ei si to.<\/p>\n<p><strong>Glen Johnson je anglick\u00fd bek \u010d. 1, p\u0159itom v defenziv\u011b \u010dasto ho\u0159\u00ed jako pap\u00edr. V\u011b\u0159\u00ed\u0161, \u017ee v pozici prav\u00e9ho k\u0159\u00eddeln\u00edho hr\u00e1\u010de by dok\u00e1zal p\u0159edv\u00e1d\u011bt lep\u0161\u00ed v\u00fdkony?<\/strong><\/p>\n<p>Jednozna\u010dne. Ka\u017ed\u00fd, kto m\u00e1 po\u010das z\u00e1pasov otvoren\u00e9 o\u010di mus\u00ed vedie\u0165, \u017ee je to Johnson, ktor\u00fd permanentne sp\u00f4sobuje chaos v obrane. Pozi\u010dn\u00e1 hra ako \u017eiak, navy\u0161e je naivn\u00fd, na druhej strane si ale ve\u013emi dobre uvedomuje, \u017ee rob\u00ed vzadu kiksy a t\u00fato nepohodu spojen\u00fa so stratou hernej pohody pren\u00e1\u0161a aj do svojich ofenz\u00edvnych v\u00fdpadov, ktor\u00e9 s\u00fa aktu\u00e1lne na priemernej a slab\u0161ej \u00farovni. Glen je v s\u00fa\u010dasnosti jasne najslab\u0161\u00ed obranca, lebo nesp\u013a\u0148a to z\u00e1kladn\u00e9, \u010do by obranca mal vedie\u0165 a prioritne robi\u0165 &#8211; to, \u010do obn\u00e1\u0161a br\u00e1nenie.<\/p>\n<p>Neviem ale, \u010do by sa muselo sta\u0165, aby \u0161iel na prav\u00e9 kr\u00eddlo. Nieviem, \u010di t\u00fdm, \u010do stoj\u00ed za zmenou postu je tlak anglickej repre, ktor\u00e1 ho vkuse ozna\u010duje za najlep\u0161ieho prav\u00e9ho obrancu v krajine, alebo Hodgson, ktor\u00fd proste nie\u010do tak\u00e9 z povahy svojho mana\u017e\u00e9rskeho poh\u013eadu neurob\u00ed..<\/p>\n<p>Ka\u017edop\u00e1dne, ak niekto pred \u010dasom nad\u00e1val na Arbelou, \u017ee ak\u00e9 je to poleno, mohol by \u00c1lvaro dnes pr\u00eds\u0165 a Glena u\u010di\u0165 ako sa br\u00e1ni.<\/p>\n<p><strong>Vypad\u00e1 to, \u017ee Liverpool se kone\u010dn\u011b zbavil majitel\u016f Gillett jr &amp; Hicks. Jak bude klub fungovat pod nov\u00fdm majitelem, uk\u00e1\u017ee jen \u010das. Sp\u00ed\u0161e by m\u011b ale zaj\u00edmalo, zda mohla b\u00fdt p\u0159\u00ed\u010dinou \u0161patn\u00e9ho vstupu do sez\u00f3ny i nejistota spojen\u00e1 s budoucnost\u00ed Liverpoolu?<\/strong><\/p>\n<p>Ak s\u00fa hr\u00e1\u010di profesion\u00e1li, to, \u010do sa deje okolo m\u00f4\u017ee na nich markantne vpl\u00fdva\u0165 sn\u00e1\u010f len vtedy, ke\u010f im me\u0161kaj\u00fa v\u00fdplaty, resp. m\u00e1 klub vo\u010di nim nejak\u00e9 pod\u013a\u017enosti. Toto ale pod\u013ea v\u0161etk\u00e9ho nie je pr\u00edpad The Reds. Ako povedal Kenny Dalglish, hr\u00e1\u010d sa mus\u00ed prioritne s\u00fastredi\u0165 na futbal a kto vid\u00ed, ak\u00fd futbal LFC posledn\u00e9 mesiace hr\u00e1, mus\u00ed mu by\u0165 jasn\u00e9, \u017ee hr\u00e1\u010di maj\u00fa v hlav\u00e1ch nie\u010do \u00faplne in\u00e9.<\/p>\n<p>Zl\u00fd vstup do sez\u00f3ny je tak pod\u013ea m\u0148a zhlukom viacer\u00fdch navy\u0161e v\u00fdrazn\u00fdch faktorov &#8211; pr\u00edchod Hodgsona, ktor\u00fd ni\u010d okrem ukon\u010denia presingu (a to je zle) nepriniesol, hr\u00e1\u010di s\u00fa frustrovan\u00ed, psychicky \u00faplne dole, nejd\u00fa im ani tie najz\u00e1kladnej\u0161ie futbalov\u00e9 \u010dinnosti, navy\u0161e maj\u00fa v\u00fdrazne slab\u00fa psychiku a tak nebojuj\u00fa a ke\u010f e\u0161te vidia, \u017ee po 75 min\u00fatach tr\u00e1pneho futbalu ich mana\u017e\u00e9r nestrieda, nehodl\u00e1 ni\u010d zmeni\u0165, \u010do je jednozna\u010dne d\u00f4kaz toho, \u017ee je spokojn\u00fd (a nie je to t\u00fdm, \u017ee by rozdiel medzi \u00favodnou 11-kou a n\u00e1hradn\u00edkmi bol pr\u00edli\u0161 ve\u013ek\u00fd \u010di dokonca existoval, lebo Jovanovi\u010d, Kuyt, Maxi, Lucas, Johnson, Poulsen, Meireles, Konchesky a pod. nie s\u00fa lep\u0161\u00ed ako Pacheco, Kelly, Eccleston, Shelvey, Wilson a pod. S\u00fa ale mlad\u0161\u00ed, neskusenej\u0161\u00ed a azda aj preto nenastupuj\u00fa tak \u010dasto .. teda ak v\u00f4bec), tak potom sa ne\u010dudujme, \u017ee sme u\u017e pol storo\u010dia nemali tak\u00fdto zl\u00fd \u0161tart.<\/p>\n<p>No a \u010di LFC zmeni majite\u013eov? To e\u0161te ovplyvn\u00ed v\u00fdsledok s\u00fadu, aj to \u010di n\u00e1hodou nespadneme do administr\u00e1cie. Ka\u017edop\u00e1dne by som hne\u010f v de\u0148, ako by sa predaj skompeltizoval nepredstavoval, \u017ee odvtedy bude v\u0161etko stra\u0161ne fajn. Pri spo\u010dnosti NESV, resp. jej ved\u00facemu \u010dlenovi Johnsovi Henrymu ma ale stra\u0161\u00ed predstava, \u017ee The Reds bud\u00fa zase len na poz\u00edcii pod \u010d. 1 &#8211; lebo tento Ameri\u010dan m\u00e1 ako prioritu baseball. LFC potrebuje ma\u0165 za majite\u013ea niekoho, ktor\u00fd okrem in\u00e9ho bude ma\u0165 LFC ako prioritu. Inak to nebude fungova\u0165.<\/p>\n<p><strong>Na jak\u00fdch postech by m\u011bl Hodgson k\u00e1dr pos\u00edlit?<\/strong><\/p>\n<p>\u013dav\u00e1 obrana, \u013eav\u00e9 kr\u00eddlo, \u00fato\u010dn\u00edk, prav\u00e9 kr\u00eddlo, prav\u00e1 obrana (za posilnenie by som bral aj to, keby na pravom beku nastupoval pravidelne mlad\u00fd Kelly).<\/p>\n<p><strong>Kdyby se letos Liverpool neprobojoval do poh\u00e1rov\u00e9 Evropy, ode\u0161li by opory z klubu (tj. Reina, Gerrard, Torres)?<\/strong><\/p>\n<p>Neviem a \u0161pekulova\u0165 nebudem, to nech\u00e1m na in\u00fdch. M\u0148a bavia in\u00e9 veci \ud83d\ude42<\/p>\n<p><strong>\u010c\u00edm si vysv\u011btluje\u0161 \u0161patnou \u00farove\u0148 ml\u00e1de\u017enick\u00e9ho fotbalu v LFC?<\/strong><\/p>\n<p>Jednak je ten a\u017e na v\u00fdnimky rovnak\u00fd ako cel\u00fd anglick\u00fd ml\u00e1de\u017en\u00edcky futbal, ktor\u00fd je proste zalo\u017een\u00fd na zlom syst\u00e9me, no a potom tu je e\u0161te fakt, ktor\u00fd si Angl\u00e1ni sn\u00e1\u010f nikdy neuvedomia &#8211; nie ka\u017ed\u00fd hr\u00e1\u010d, ktor\u00fd v UK kopne do lopty je okam\u017eite obrovsk\u00fdm futbalov\u00fdm talentom.<br \/>\nV r\u00e1mci LFC sa potom e\u0161te d\u00e1 doplni\u0165, \u017ee tu u\u017e roky pokulh\u00e1va skautsk\u00fd syst\u00e9m, pr\u00e1ca \u013eud\u00ed v Akad\u00e9mii a rezerve je nedostato\u010dn\u00e1 a tak namiesto toho, aby pri\u0161iel do \u00e1\u010dka nejak\u00fd futbalista len roky po\u010d\u00favame, ak\u00e1 toho \u010di onoho mlad\u00edka \u010dak\u00e1 svetl\u00e1 bud\u00facnos\u0165. Na demag\u00f3giu a sebaklam som si u\u017e za tie roky v r\u00e1mci The Reds zvykol.<\/p>\n<p><strong>Porovnej Liverpool a Evertonu z pohledu jejich k\u00e1dr\u016f, mana\u017eer\u016f a budoucnosti?<\/strong><\/p>\n<p>LFC m\u00e1 ur\u010dite kvalitnej\u0161\u00ed k\u00e1der. Men\u00e1 o tom jasne hovoria, len ho treba prebudi\u0165. Gerrard, Torres, Reina s\u00fa predsa len st\u00e1le hr\u00e1\u010di world class. Everton je zase roky zomknutej\u0161\u00ed, t\u00edmov\u00fd duch je nie\u010do, \u010do by mohlo \u00eds\u0165 pr\u00edkladom. Z poh\u013eadu mana\u017e\u00e9rov je na tom lep\u0161ie EFC, Moyes je v Goodison parku doma, presne vie, ako to tam chod\u00ed, \u010do si m\u00f4\u017ee dovoli\u0165, \u010do \u010daka\u0165. Hodgson sa zatia\u013e len rozkuk\u00e1va, navy\u0161e sa boj\u00ed, aby nie\u010do nepohnojil, dokonca a\u017e tak, \u017ee si neuvedomuje, \u017ee pr\u00e1ve t\u00fdmto postojom to hnoj\u00ed viac ne\u017e dos\u0165.<\/p>\n<p><strong>Jak se ti zamlouv\u00e1 n\u00e1pad spole\u010dn\u00e9ho stadionu s Evertonem?<\/strong><\/p>\n<p>Popravde sa nad t\u00fdm nejako nezam\u00fd\u0161\u013eam. LFC je dos\u0165 konzervat\u00edvny \u010di a\u017e ortodoxn\u00fd na to, aby tento n\u00e1pad zatrhol aj vtedy, keby zrovna pri\u0161la nejak\u00e1 v\u00fdhodn\u00e1 finan\u010dn\u00e1 ponuka. Na druhej strane neviem, \u010di m\u00e1m bra\u0165 ako prest\u00ed\u017e to, \u017ee m\u00e1me svoj \u0161tadi\u00f3n a Everton svoj. A to teraz hovor\u00edm v kontexte, \u017ee by u\u017e st\u00e1l New Anfield, lebo pri tom starom sa d\u00e1 hovori\u0165 o hist\u00f3rii, spomienkach, trad\u00edcii, \u010do plne ch\u00e1pem. Sk\u00f4r by som bol teda proti, keby mal Everton zdie\u013ea\u0165 s LFC Anfield. \u010co ale samozrejme nehroz\u00ed.<\/p>\n<p>Co pro tebe vlastn\u011b znamen\u00e1 Merseyside derby, jakou mu p\u0159ikl\u00e1n\u00ed\u0161 hodnotu a jak vlastn\u011b bere\u0161 Everton?<\/p>\n<p>Liverpoolske derby je o em\u00f3ci\u00e1ch, o chvejimom pocite v \u017eal\u00fadku, o tom uk\u00e1za\u0165 &#8222;karamelk\u00e1m&#8220;, \u017ee s\u00fa v meste len druh\u00ed (bez oh\u013eadu na tabu\u013eku) a pr\u00e1ve t\u00e1 druh\u00e1 prie\u010dka ve\u013emi hnev\u00e1. Navy\u0161e sa tu hr\u00e1 v\u017edy naplno, ak aj nie je atmosf\u00e9ra na trib\u00fanach v \u010dase pred derby tak\u00e1, ak\u00fa by sme si priali, tu sa to okam\u017eite strat\u00ed a hu\u010d\u00ed takmer ka\u017ed\u00fd, kto sa na z\u00e1pas dostane.<\/p>\n<p><strong>Kter\u00e9 derby ti utkv\u011blo v pam\u011bti v tom pozitivn\u00edm smyslu, a kter\u00e9 naopak v tom negativn\u00edm?<\/strong><\/p>\n<p>Pozit\u00edvne s\u00fa v\u0161etky, ke\u010f EFC odch\u00e1dza z tr\u00e1vnika sklaman\u00fd, negat\u00edvne naopak. \u017divo si ale pam\u00e4t\u00e1m na Reinovu nomin\u00e1ciu do silvestrovsk\u00e9ho programu 2006 (v septembri tohto roka sme v Goodisone prehrali zahanbuj\u00faco 0:3 a Pepe tam &#8222;vytiahol&#8220; jeden komick\u00fd z\u00e1krok, po ktorom sa mu e\u0161te dlho smial ka\u017ed\u00fd Evertonian).<\/p>\n<p><strong>Tv\u016fj web lfcway.com se n\u011bkolika v\u011bcmi odli\u0161uje od ostatn\u00edch \u010deskoslovensk\u00fdch fanou\u0161kovsk\u00fdch web\u016f, jsi spokojen se sv\u00fdm &#8222;d\u00edlem&#8220;? Sebechv\u00e1la povolena \ud83d\ude42<\/strong><\/p>\n<p>Nie je to v prvom rade m\u00f4j web, ale je to web v\u0161etk\u00fdch, ktor\u00fdch nebav\u00ed dokola po\u010d\u00fava\u0165 a bavi\u0165 sa o nie\u010dom, \u010do nem\u00e1 \u017eiadnu v\u00fdpovedn\u00fa hodnotu. M\u00e1m na mysli \u0161pekul\u00e1cie, v\u00fdmysly, klamstv\u00e1, polopravdy, ktor\u00fdmi masov\u00e9ho \u010ditate\u013ea \u010dastuj\u00fa dne\u0161n\u00e9 m\u00e9di\u00e1. LFCWAY.COM prin\u00e1\u0161a cestu a dovol\u00edm si poveda\u0165, \u017ee aj kvalitu, ktor\u00fa \u010desko-slovensk\u00fd priestor venuj\u00faci sa PL a\u017e na v\u00fdnimky postr\u00e1da. Proste sa nestoto\u017e\u0148ujeme so zvr\u00e1tenou filozofiou, \u017ee \u010ditate\u013eovi, ktor\u00fd tak v 97% nerozm\u00fd\u0161\u013ea, len hlt\u00e1 prvopl\u00e1nov\u00e9 info a ver\u00ed im, treba d\u00e1va\u0165 v\u0161etko pred nos. Sk\u00f4r sa sna\u017e\u00edme, aby sa nad t\u00fdm, \u010do je nap\u00edsan\u00e9 zamyslel.<\/p>\n<p>Na druhej strane sme ale st\u00e1le pomerne nezn\u00e1my web, v kontexte toho \u010do spom\u00ednam vy\u0161\u0161ie, nem\u00e1me re\u00e1lne amb\u00edcie nah\u00e1\u0148a\u0165 \u010d\u00edsla \u010d\u00edtanosti, ani niekomu konkurova\u0165 a to aj napriek tomu, \u017ee si mnoh\u00ed mylne myslia, \u017ee sme konkurenciou treb\u00e1rs liverpoolsky.net. Nie je to pravda, z povahy ako dlho oba weby funguj\u00fa, ako s\u00fa zameran\u00e9 a ak\u00fdch a ko\u013eko maj\u00fa (st\u00e1lych) \u010ditate\u013eov.<\/p>\n<p>Aktu\u00e1lne sa chyst\u00e1 p\u00e1r zmien, ak vyjd\u00fa, bud\u00fa pre niekoho prekvapen\u00edm, nebudem ale hovori\u0165, ak\u00e9, lebo je tu st\u00e1le mo\u017enos\u0165, \u017ee sa vlastne ani neudej\u00fa \ud83d\ude42<\/p>\n<p><strong>Co ty a evertonfc.cz, \u0159\u00edk\u00e1 ti n\u011bco tento web?<\/strong><\/p>\n<p>Sem tam si pozriem, \u010do &#8222;karamelky&#8220; z n\u00e1\u0161ho regi\u00f3nu p\u00ed\u0161u, p\u00e1\u010di sa mi hlavne &#8222;Poh\u013ead do hist\u00f3rie&#8220;. Nejak\u00fd osobitej\u0161\u00ed vz\u0165ah k nemu ale nem\u00e1m. Ka\u017edop\u00e1dne prajem nech v\u00e1m to tam vydr\u017e\u00ed. Je fajn, \u017ee sa fans realizuj\u00fa aj na internete.<\/p>\n<p><strong>Tip na z\u00e1pas?<\/strong><\/p>\n<p>Sn\u00e1\u010f sa m\u00fdlim a LFC neprehr\u00e1 2:1.<\/p>\n","protected":false},"excerpt":{"rendered":"<p>P\u0159ed presti\u017en\u00edm Merseyside derby odpov\u00eddal na ot\u00e1zky dob\u0159e zn\u00e1m\u00fd p\u0159iznivec Liverpoolu kwopor, kter\u00fd je otcem fanou\u0161kovsk\u00e9 str\u00e1nky lfcway.com. Vra\u0165me se&hellip;<\/p>\n","protected":false},"author":6,"featured_media":1312,"comment_status":"open","ping_status":"closed","sticky":false,"template":"","format":"standard","meta":{"_eb_attr":"","_monsterinsights_skip_tracking":false,"_monsterinsights_sitenote_active":false,"_monsterinsights_sitenote_note":"","_monsterinsights_sitenote_category":0,"footnotes":""},"categories":[1],"tags":[],"yoast_head":"<!-- This site is optimized with the Yoast SEO plugin v23.4 - https:\/\/yoast.com\/wordpress\/plugins\/seo\/ -->\n<title>Fans interview: Liverpool - Official Czech &amp; Slovak Everton Supporters&#039; Club<\/title>\n<meta name=\"robots\" content=\"index, follow, max-snippet:-1, max-image-preview:large, max-video-preview:-1\" \/>\n<link rel=\"canonical\" href=\"https:\/\/evertonfc.cz\/index.php\/2010\/10\/14\/fans-interview-liverpool\/\" \/>\n<meta property=\"og:locale\" content=\"cs_CZ\" \/>\n<meta property=\"og:type\" content=\"article\" \/>\n<meta property=\"og:title\" content=\"Fans interview: Liverpool - Official Czech &amp; Slovak Everton Supporters&#039; Club\" \/>\n<meta property=\"og:description\" content=\"P\u0159ed presti\u017en\u00edm Merseyside derby odpov\u00eddal na ot\u00e1zky dob\u0159e zn\u00e1m\u00fd p\u0159iznivec Liverpoolu kwopor, kter\u00fd je otcem fanou\u0161kovsk\u00e9 str\u00e1nky lfcway.com. Vra\u0165me se&hellip;\" \/>\n<meta property=\"og:url\" content=\"https:\/\/evertonfc.cz\/index.php\/2010\/10\/14\/fans-interview-liverpool\/\" \/>\n<meta property=\"og:site_name\" content=\"Official Czech &amp; Slovak Everton Supporters&#039; Club\" \/>\n<meta property=\"article:publisher\" content=\"https:\/\/www.facebook.com\/everton.fans.cz.sk\" \/>\n<meta property=\"article:published_time\" content=\"2010-10-14T19:02:27+00:00\" \/>\n<meta property=\"article:modified_time\" content=\"2019-02-10T20:07:04+00:00\" \/>\n<meta property=\"og:image\" content=\"https:\/\/evertonfc.cz\/wp-content\/uploads\/2019\/01\/interview.jpg\" \/>\n\t<meta property=\"og:image:width\" content=\"720\" \/>\n\t<meta property=\"og:image:height\" content=\"405\" \/>\n\t<meta property=\"og:image:type\" content=\"image\/jpeg\" \/>\n<meta name=\"author\" content=\"Ri\u010di\" \/>\n<meta name=\"twitter:card\" content=\"summary_large_image\" \/>\n<meta name=\"twitter:creator\" content=\"@rbrejsa\" \/>\n<meta name=\"twitter:label1\" content=\"Napsal(a)\" \/>\n\t<meta name=\"twitter:data1\" content=\"Ri\u010di\" \/>\n\t<meta name=\"twitter:label2\" content=\"Odhadovan\u00e1 doba \u010dten\u00ed\" \/>\n\t<meta name=\"twitter:data2\" content=\"12 minut\" \/>\n<script type=\"application\/ld+json\" class=\"yoast-schema-graph\">{\"@context\":\"https:\/\/schema.org\",\"@graph\":[{\"@type\":\"Article\",\"@id\":\"https:\/\/evertonfc.cz\/index.php\/2010\/10\/14\/fans-interview-liverpool\/#article\",\"isPartOf\":{\"@id\":\"https:\/\/evertonfc.cz\/index.php\/2010\/10\/14\/fans-interview-liverpool\/\"},\"author\":{\"name\":\"Ri\u010di\",\"@id\":\"https:\/\/evertonfc.cz\/#\/schema\/person\/f7a5daedb2ffee98480bc70e191aaef1\"},\"headline\":\"Fans interview: Liverpool\",\"datePublished\":\"2010-10-14T19:02:27+00:00\",\"dateModified\":\"2019-02-10T20:07:04+00:00\",\"mainEntityOfPage\":{\"@id\":\"https:\/\/evertonfc.cz\/index.php\/2010\/10\/14\/fans-interview-liverpool\/\"},\"wordCount\":2389,\"commentCount\":0,\"publisher\":{\"@id\":\"https:\/\/evertonfc.cz\/#organization\"},\"image\":{\"@id\":\"https:\/\/evertonfc.cz\/index.php\/2010\/10\/14\/fans-interview-liverpool\/#primaryimage\"},\"thumbnailUrl\":\"https:\/\/evertonfc.cz\/wp-content\/uploads\/2019\/01\/interview.jpg\",\"articleSection\":[\"Rozhovory\"],\"inLanguage\":\"cs\",\"potentialAction\":[{\"@type\":\"CommentAction\",\"name\":\"Comment\",\"target\":[\"https:\/\/evertonfc.cz\/index.php\/2010\/10\/14\/fans-interview-liverpool\/#respond\"]}]},{\"@type\":\"WebPage\",\"@id\":\"https:\/\/evertonfc.cz\/index.php\/2010\/10\/14\/fans-interview-liverpool\/\",\"url\":\"https:\/\/evertonfc.cz\/index.php\/2010\/10\/14\/fans-interview-liverpool\/\",\"name\":\"Fans interview: Liverpool - Official Czech &amp; Slovak Everton Supporters&#039; Club\",\"isPartOf\":{\"@id\":\"https:\/\/evertonfc.cz\/#website\"},\"primaryImageOfPage\":{\"@id\":\"https:\/\/evertonfc.cz\/index.php\/2010\/10\/14\/fans-interview-liverpool\/#primaryimage\"},\"image\":{\"@id\":\"https:\/\/evertonfc.cz\/index.php\/2010\/10\/14\/fans-interview-liverpool\/#primaryimage\"},\"thumbnailUrl\":\"https:\/\/evertonfc.cz\/wp-content\/uploads\/2019\/01\/interview.jpg\",\"datePublished\":\"2010-10-14T19:02:27+00:00\",\"dateModified\":\"2019-02-10T20:07:04+00:00\",\"breadcrumb\":{\"@id\":\"https:\/\/evertonfc.cz\/index.php\/2010\/10\/14\/fans-interview-liverpool\/#breadcrumb\"},\"inLanguage\":\"cs\",\"potentialAction\":[{\"@type\":\"ReadAction\",\"target\":[\"https:\/\/evertonfc.cz\/index.php\/2010\/10\/14\/fans-interview-liverpool\/\"]}]},{\"@type\":\"ImageObject\",\"inLanguage\":\"cs\",\"@id\":\"https:\/\/evertonfc.cz\/index.php\/2010\/10\/14\/fans-interview-liverpool\/#primaryimage\",\"url\":\"https:\/\/evertonfc.cz\/wp-content\/uploads\/2019\/01\/interview.jpg\",\"contentUrl\":\"https:\/\/evertonfc.cz\/wp-content\/uploads\/2019\/01\/interview.jpg\",\"width\":720,\"height\":405},{\"@type\":\"BreadcrumbList\",\"@id\":\"https:\/\/evertonfc.cz\/index.php\/2010\/10\/14\/fans-interview-liverpool\/#breadcrumb\",\"itemListElement\":[{\"@type\":\"ListItem\",\"position\":1,\"name\":\"Home\",\"item\":\"https:\/\/evertonfc.cz\/\"},{\"@type\":\"ListItem\",\"position\":2,\"name\":\"Fans interview: Liverpool\"}]},{\"@type\":\"WebSite\",\"@id\":\"https:\/\/evertonfc.cz\/#website\",\"url\":\"https:\/\/evertonfc.cz\/\",\"name\":\"Official Czech &amp; Slovak Everton Supporters&#039; Club\",\"description\":\"\",\"publisher\":{\"@id\":\"https:\/\/evertonfc.cz\/#organization\"},\"potentialAction\":[{\"@type\":\"SearchAction\",\"target\":{\"@type\":\"EntryPoint\",\"urlTemplate\":\"https:\/\/evertonfc.cz\/?s={search_term_string}\"},\"query-input\":{\"@type\":\"PropertyValueSpecification\",\"valueRequired\":true,\"valueName\":\"search_term_string\"}}],\"inLanguage\":\"cs\"},{\"@type\":\"Organization\",\"@id\":\"https:\/\/evertonfc.cz\/#organization\",\"name\":\"Official Czech & Slovak Everton Supporters' Club\",\"url\":\"https:\/\/evertonfc.cz\/\",\"logo\":{\"@type\":\"ImageObject\",\"inLanguage\":\"cs\",\"@id\":\"https:\/\/evertonfc.cz\/#\/schema\/logo\/image\/\",\"url\":\"https:\/\/evertonfc.cz\/wp-content\/uploads\/2019\/05\/logo.png\",\"contentUrl\":\"https:\/\/evertonfc.cz\/wp-content\/uploads\/2019\/05\/logo.png\",\"width\":112,\"height\":112,\"caption\":\"Official Czech & Slovak Everton Supporters' Club\"},\"image\":{\"@id\":\"https:\/\/evertonfc.cz\/#\/schema\/logo\/image\/\"},\"sameAs\":[\"https:\/\/www.facebook.com\/everton.fans.cz.sk\"]},{\"@type\":\"Person\",\"@id\":\"https:\/\/evertonfc.cz\/#\/schema\/person\/f7a5daedb2ffee98480bc70e191aaef1\",\"name\":\"Ri\u010di\",\"sameAs\":[\"https:\/\/x.com\/rbrejsa\"],\"url\":\"https:\/\/evertonfc.cz\/index.php\/author\/rici\/\"}]}<\/script>\n<!-- \/ Yoast SEO plugin. -->","yoast_head_json":{"title":"Fans interview: Liverpool - Official Czech &amp; Slovak Everton Supporters&#039; Club","robots":{"index":"index","follow":"follow","max-snippet":"max-snippet:-1","max-image-preview":"max-image-preview:large","max-video-preview":"max-video-preview:-1"},"canonical":"https:\/\/evertonfc.cz\/index.php\/2010\/10\/14\/fans-interview-liverpool\/","og_locale":"cs_CZ","og_type":"article","og_title":"Fans interview: Liverpool - Official Czech &amp; Slovak Everton Supporters&#039; Club","og_description":"P\u0159ed presti\u017en\u00edm Merseyside derby odpov\u00eddal na ot\u00e1zky dob\u0159e zn\u00e1m\u00fd p\u0159iznivec Liverpoolu kwopor, kter\u00fd je otcem fanou\u0161kovsk\u00e9 str\u00e1nky lfcway.com. Vra\u0165me se&hellip;","og_url":"https:\/\/evertonfc.cz\/index.php\/2010\/10\/14\/fans-interview-liverpool\/","og_site_name":"Official Czech &amp; Slovak Everton Supporters&#039; Club","article_publisher":"https:\/\/www.facebook.com\/everton.fans.cz.sk","article_published_time":"2010-10-14T19:02:27+00:00","article_modified_time":"2019-02-10T20:07:04+00:00","og_image":[{"width":720,"height":405,"url":"https:\/\/evertonfc.cz\/wp-content\/uploads\/2019\/01\/interview.jpg","type":"image\/jpeg"}],"author":"Ri\u010di","twitter_card":"summary_large_image","twitter_creator":"@rbrejsa","twitter_misc":{"Napsal(a)":"Ri\u010di","Odhadovan\u00e1 doba \u010dten\u00ed":"12 minut"},"schema":{"@context":"https:\/\/schema.org","@graph":[{"@type":"Article","@id":"https:\/\/evertonfc.cz\/index.php\/2010\/10\/14\/fans-interview-liverpool\/#article","isPartOf":{"@id":"https:\/\/evertonfc.cz\/index.php\/2010\/10\/14\/fans-interview-liverpool\/"},"author":{"name":"Ri\u010di","@id":"https:\/\/evertonfc.cz\/#\/schema\/person\/f7a5daedb2ffee98480bc70e191aaef1"},"headline":"Fans interview: Liverpool","datePublished":"2010-10-14T19:02:27+00:00","dateModified":"2019-02-10T20:07:04+00:00","mainEntityOfPage":{"@id":"https:\/\/evertonfc.cz\/index.php\/2010\/10\/14\/fans-interview-liverpool\/"},"wordCount":2389,"commentCount":0,"publisher":{"@id":"https:\/\/evertonfc.cz\/#organization"},"image":{"@id":"https:\/\/evertonfc.cz\/index.php\/2010\/10\/14\/fans-interview-liverpool\/#primaryimage"},"thumbnailUrl":"https:\/\/evertonfc.cz\/wp-content\/uploads\/2019\/01\/interview.jpg","articleSection":["Rozhovory"],"inLanguage":"cs","potentialAction":[{"@type":"CommentAction","name":"Comment","target":["https:\/\/evertonfc.cz\/index.php\/2010\/10\/14\/fans-interview-liverpool\/#respond"]}]},{"@type":"WebPage","@id":"https:\/\/evertonfc.cz\/index.php\/2010\/10\/14\/fans-interview-liverpool\/","url":"https:\/\/evertonfc.cz\/index.php\/2010\/10\/14\/fans-interview-liverpool\/","name":"Fans interview: Liverpool - Official Czech &amp; Slovak Everton Supporters&#039; Club","isPartOf":{"@id":"https:\/\/evertonfc.cz\/#website"},"primaryImageOfPage":{"@id":"https:\/\/evertonfc.cz\/index.php\/2010\/10\/14\/fans-interview-liverpool\/#primaryimage"},"image":{"@id":"https:\/\/evertonfc.cz\/index.php\/2010\/10\/14\/fans-interview-liverpool\/#primaryimage"},"thumbnailUrl":"https:\/\/evertonfc.cz\/wp-content\/uploads\/2019\/01\/interview.jpg","datePublished":"2010-10-14T19:02:27+00:00","dateModified":"2019-02-10T20:07:04+00:00","breadcrumb":{"@id":"https:\/\/evertonfc.cz\/index.php\/2010\/10\/14\/fans-interview-liverpool\/#breadcrumb"},"inLanguage":"cs","potentialAction":[{"@type":"ReadAction","target":["https:\/\/evertonfc.cz\/index.php\/2010\/10\/14\/fans-interview-liverpool\/"]}]},{"@type":"ImageObject","inLanguage":"cs","@id":"https:\/\/evertonfc.cz\/index.php\/2010\/10\/14\/fans-interview-liverpool\/#primaryimage","url":"https:\/\/evertonfc.cz\/wp-content\/uploads\/2019\/01\/interview.jpg","contentUrl":"https:\/\/evertonfc.cz\/wp-content\/uploads\/2019\/01\/interview.jpg","width":720,"height":405},{"@type":"BreadcrumbList","@id":"https:\/\/evertonfc.cz\/index.php\/2010\/10\/14\/fans-interview-liverpool\/#breadcrumb","itemListElement":[{"@type":"ListItem","position":1,"name":"Home","item":"https:\/\/evertonfc.cz\/"},{"@type":"ListItem","position":2,"name":"Fans interview: Liverpool"}]},{"@type":"WebSite","@id":"https:\/\/evertonfc.cz\/#website","url":"https:\/\/evertonfc.cz\/","name":"Official Czech &amp; Slovak Everton Supporters&#039; Club","description":"","publisher":{"@id":"https:\/\/evertonfc.cz\/#organization"},"potentialAction":[{"@type":"SearchAction","target":{"@type":"EntryPoint","urlTemplate":"https:\/\/evertonfc.cz\/?s={search_term_string}"},"query-input":{"@type":"PropertyValueSpecification","valueRequired":true,"valueName":"search_term_string"}}],"inLanguage":"cs"},{"@type":"Organization","@id":"https:\/\/evertonfc.cz\/#organization","name":"Official Czech & Slovak Everton Supporters' Club","url":"https:\/\/evertonfc.cz\/","logo":{"@type":"ImageObject","inLanguage":"cs","@id":"https:\/\/evertonfc.cz\/#\/schema\/logo\/image\/","url":"https:\/\/evertonfc.cz\/wp-content\/uploads\/2019\/05\/logo.png","contentUrl":"https:\/\/evertonfc.cz\/wp-content\/uploads\/2019\/05\/logo.png","width":112,"height":112,"caption":"Official Czech & Slovak Everton Supporters' Club"},"image":{"@id":"https:\/\/evertonfc.cz\/#\/schema\/logo\/image\/"},"sameAs":["https:\/\/www.facebook.com\/everton.fans.cz.sk"]},{"@type":"Person","@id":"https:\/\/evertonfc.cz\/#\/schema\/person\/f7a5daedb2ffee98480bc70e191aaef1","name":"Ri\u010di","sameAs":["https:\/\/x.com\/rbrejsa"],"url":"https:\/\/evertonfc.cz\/index.php\/author\/rici\/"}]}},"_links":{"self":[{"href":"https:\/\/evertonfc.cz\/index.php\/wp-json\/wp\/v2\/posts\/3252"}],"collection":[{"href":"https:\/\/evertonfc.cz\/index.php\/wp-json\/wp\/v2\/posts"}],"about":[{"href":"https:\/\/evertonfc.cz\/index.php\/wp-json\/wp\/v2\/types\/post"}],"author":[{"embeddable":true,"href":"https:\/\/evertonfc.cz\/index.php\/wp-json\/wp\/v2\/users\/6"}],"replies":[{"embeddable":true,"href":"https:\/\/evertonfc.cz\/index.php\/wp-json\/wp\/v2\/comments?post=3252"}],"version-history":[{"count":3,"href":"https:\/\/evertonfc.cz\/index.php\/wp-json\/wp\/v2\/posts\/3252\/revisions"}],"predecessor-version":[{"id":3263,"href":"https:\/\/evertonfc.cz\/index.php\/wp-json\/wp\/v2\/posts\/3252\/revisions\/3263"}],"wp:featuredmedia":[{"embeddable":true,"href":"https:\/\/evertonfc.cz\/index.php\/wp-json\/wp\/v2\/media\/1312"}],"wp:attachment":[{"href":"https:\/\/evertonfc.cz\/index.php\/wp-json\/wp\/v2\/media?parent=3252"}],"wp:term":[{"taxonomy":"category","embeddable":true,"href":"https:\/\/evertonfc.cz\/index.php\/wp-json\/wp\/v2\/categories?post=3252"},{"taxonomy":"post_tag","embeddable":true,"href":"https:\/\/evertonfc.cz\/index.php\/wp-json\/wp\/v2\/tags?post=3252"}],"curies":[{"name":"wp","href":"https:\/\/api.w.org\/{rel}","templated":true}]}}