{"id":3254,"date":"2017-02-10T21:02:58","date_gmt":"2017-02-10T20:02:58","guid":{"rendered":"http:\/\/evertonfc.cz\/?p=3254"},"modified":"2019-02-10T21:03:50","modified_gmt":"2019-02-10T20:03:50","slug":"preview-middlesbrough-everton","status":"publish","type":"post","link":"https:\/\/evertonfc.cz\/index.php\/2017\/02\/10\/preview-middlesbrough-everton\/","title":{"rendered":"Preview: Middlesbrough &#8211; Everton"},"content":{"rendered":"<h4 id=\"NewsPostDetailSummary\">S\u00e9rie t\u0159i z\u00e1pas\u016f s t\u00fdmy z posledn\u00ed t\u0159etiny tabulky pokra\u010duje. Boro m\u00e1 pouze o bod v\u00edce ne\u017e Hull, kter\u00fd by moment\u00e1ln\u011b sestupoval&#8230;<\/h4>\n<div id=\"NewsPostDetailContent\">\n<p>Everton se v kalend\u00e1\u0159n\u00edm roce 2017 v lize opravdu rozjel. Pravda, padla tomu na olt\u00e1\u0159 nejstar\u0161\u00ed klubov\u00e1 sout\u011b\u017e sv\u011bta. PL? 13 bod\u016f z 15 mo\u017en\u00fdch, nejlep\u0161\u00ed forma ze v\u0161ech klub\u016f v nejvy\u0161\u0161\u00ed sout\u011b\u017ei. Z\u00edt\u0159ejs\u00ed soupe\u0159 za tut\u00e9\u017e dobu zvl\u00e1dl posb\u00edrat body pouze t\u0159i. Jasn\u011b, prohra v minul\u00e9m kole na Tottenhamu se dala \u010dekat a je to ur\u010dit\u011b ztr\u00e1ta, se kterou klub po\u010d\u00edtal. Ale jinak? Rem\u00edza s WBA, Watfordem a Leicesterem, prohra doma s West Hamem.. to je \u0161patn\u00e9. Na rozd\u00edl od Evertonu je ale Boro st\u00e1le ve h\u0159e o poh\u00e1rov\u00e9 v\u00edt\u011bzstv\u00ed, nav\u00edc doma hraje proti Oxfordu United, to je snadn\u00fd los.<\/p>\n<p>Kdy\u017e hled\u00e1me p\u0159\u00ed\u010diny \u0161patn\u00fdch v\u00fdsledk\u016f, tak snadno najdeme v leto\u0161n\u00ed sez\u00f3n\u011b v t\u00fdmu Aitora Karanky odpov\u011b\u010f. Je to neproduktivn\u00ed \u00fatok, nejhor\u0161\u00ed v cel\u00e9 sout\u011b\u017ei. T\u00fdm vs\u00edtil ve 24 z\u00e1pasech pouze devaten\u00e1ctkr\u00e1t. Lukaku samotn\u00fd by tak jako\u017eto nejlep\u0161\u00ed st\u0159elec sout\u011b\u017ee s nimi uhr\u00e1l celkem \u010destnou prohru o t\u0159i branky. Pro t\u00fdm b\u00fdval\u00e9ho hr\u00e1\u010de Evertonu Forshawa je to \u0161koda, proto\u017ee v po\u010dtu obdr\u017een\u00fdch branek d\u011bl\u00ed \u010dtvrt\u00e9 m\u00edsto (27 ban\u00e1n\u016f). A s k\u00fdm? Pr\u00e1v\u011b se skvadrou z Goodison Parku&#8230;<\/p>\n<p>Jde o utk\u00e1n\u00ed dvou velmi zdrav\u00fdch t\u00fdm\u016f. Ob\u011bma chyb\u00ed pouze dva hr\u00e1\u010di. Za dom\u00e1c\u00ed tedy jist\u011b nenastoup\u00ed obr\u00e1nci Barragan a Friend. Ten m\u00e1 probl\u00e9my s l\u00fdtkem. Naopak se do sestavy vrac\u00ed po vyl\u00e9\u010den\u00ed probl\u00e9m\u016f s kolenem z\u00e1lo\u017en\u00edk Gaston Ramirez. Dvojice absent\u00e9r\u016f z Evertonu je zn\u00e1m\u00e1, tak jen p\u0159ipomenu, \u017ee jde o Bolasieho a Be\u0161i\u0107e, oba si zrakvili koleno.<\/p>\n<p>P. S. Forshaw na ofici\u00e1ln\u00edm webu sv\u00e9ho sou\u010dasn\u00e9ho klubu p\u0159izn\u00e1v\u00e1, \u017ee ve skute\u010dnosti je fanda RS. Za trest nep\u0159elo\u017e\u00edm, co \u0159\u00edkal. Nepla\u010dte, sami jste si to zavinili.<\/p>\n<p><strong>Co:<\/strong> Middlesbrough FC &#8211; Everton FC, 25. kolo Premier league<br \/>\n<strong>Kdy: <\/strong>11. 2. 2017 od 16:00 SE\u010c<br \/>\n<strong>Kde:<\/strong> Riverside Stadium, The Leeway, Middlesbrough\u00a0(kapacita: 34 988)<br \/>\n<strong>Rozhod\u010d\u00ed: <\/strong>Mike Dean<\/p>\n<\/div>\n","protected":false},"excerpt":{"rendered":"<p>S\u00e9rie t\u0159i z\u00e1pas\u016f s t\u00fdmy z posledn\u00ed t\u0159etiny tabulky pokra\u010duje. Boro m\u00e1 pouze o bod v\u00edce ne\u017e Hull, kter\u00fd by&hellip;<\/p>\n","protected":false},"author":12,"featured_media":1314,"comment_status":"open","ping_status":"closed","sticky":false,"template":"","format":"standard","meta":{"_eb_attr":"","_monsterinsights_skip_tracking":false,"_monsterinsights_sitenote_active":false,"_monsterinsights_sitenote_note":"","_monsterinsights_sitenote_category":0,"footnotes":""},"categories":[4],"tags":[],"yoast_head":"<!-- This site is optimized with the Yoast SEO plugin v23.4 - https:\/\/yoast.com\/wordpress\/plugins\/seo\/ -->\n<title>Preview: Middlesbrough - Everton - Official Czech &amp; Slovak Everton Supporters&#039; Club<\/title>\n<meta name=\"robots\" content=\"index, follow, max-snippet:-1, max-image-preview:large, max-video-preview:-1\" \/>\n<link rel=\"canonical\" href=\"https:\/\/evertonfc.cz\/index.php\/2017\/02\/10\/preview-middlesbrough-everton\/\" \/>\n<meta property=\"og:locale\" content=\"cs_CZ\" \/>\n<meta property=\"og:type\" content=\"article\" \/>\n<meta property=\"og:title\" content=\"Preview: Middlesbrough - Everton - Official Czech &amp; Slovak Everton Supporters&#039; Club\" \/>\n<meta property=\"og:description\" content=\"S\u00e9rie t\u0159i z\u00e1pas\u016f s t\u00fdmy z posledn\u00ed t\u0159etiny tabulky pokra\u010duje. Boro m\u00e1 pouze o bod v\u00edce ne\u017e Hull, kter\u00fd by&hellip;\" \/>\n<meta property=\"og:url\" content=\"https:\/\/evertonfc.cz\/index.php\/2017\/02\/10\/preview-middlesbrough-everton\/\" \/>\n<meta property=\"og:site_name\" content=\"Official Czech &amp; Slovak Everton Supporters&#039; Club\" \/>\n<meta property=\"article:publisher\" content=\"https:\/\/www.facebook.com\/everton.fans.cz.sk\" \/>\n<meta property=\"article:published_time\" content=\"2017-02-10T20:02:58+00:00\" \/>\n<meta property=\"article:modified_time\" content=\"2019-02-10T20:03:50+00:00\" \/>\n<meta property=\"og:image\" content=\"https:\/\/evertonfc.cz\/wp-content\/uploads\/2019\/01\/preview.jpg\" \/>\n\t<meta property=\"og:image:width\" content=\"720\" \/>\n\t<meta property=\"og:image:height\" content=\"405\" \/>\n\t<meta property=\"og:image:type\" content=\"image\/jpeg\" \/>\n<meta name=\"author\" content=\"Javor\" \/>\n<meta name=\"twitter:card\" content=\"summary_large_image\" \/>\n<meta name=\"twitter:creator\" content=\"@LoudinJan\" \/>\n<meta name=\"twitter:label1\" content=\"Napsal(a)\" \/>\n\t<meta name=\"twitter:data1\" content=\"Javor\" \/>\n\t<meta name=\"twitter:label2\" content=\"Odhadovan\u00e1 doba \u010dten\u00ed\" \/>\n\t<meta name=\"twitter:data2\" content=\"2 minuty\" \/>\n<script type=\"application\/ld+json\" class=\"yoast-schema-graph\">{\"@context\":\"https:\/\/schema.org\",\"@graph\":[{\"@type\":\"Article\",\"@id\":\"https:\/\/evertonfc.cz\/index.php\/2017\/02\/10\/preview-middlesbrough-everton\/#article\",\"isPartOf\":{\"@id\":\"https:\/\/evertonfc.cz\/index.php\/2017\/02\/10\/preview-middlesbrough-everton\/\"},\"author\":{\"name\":\"Javor\",\"@id\":\"https:\/\/evertonfc.cz\/#\/schema\/person\/b30daf6a5852f4811f8207a17ec1bf78\"},\"headline\":\"Preview: Middlesbrough &#8211; Everton\",\"datePublished\":\"2017-02-10T20:02:58+00:00\",\"dateModified\":\"2019-02-10T20:03:50+00:00\",\"mainEntityOfPage\":{\"@id\":\"https:\/\/evertonfc.cz\/index.php\/2017\/02\/10\/preview-middlesbrough-everton\/\"},\"wordCount\":398,\"commentCount\":0,\"publisher\":{\"@id\":\"https:\/\/evertonfc.cz\/#organization\"},\"image\":{\"@id\":\"https:\/\/evertonfc.cz\/index.php\/2017\/02\/10\/preview-middlesbrough-everton\/#primaryimage\"},\"thumbnailUrl\":\"https:\/\/evertonfc.cz\/wp-content\/uploads\/2019\/01\/preview.jpg\",\"articleSection\":[\"Z\u00e1pasy\"],\"inLanguage\":\"cs\",\"potentialAction\":[{\"@type\":\"CommentAction\",\"name\":\"Comment\",\"target\":[\"https:\/\/evertonfc.cz\/index.php\/2017\/02\/10\/preview-middlesbrough-everton\/#respond\"]}]},{\"@type\":\"WebPage\",\"@id\":\"https:\/\/evertonfc.cz\/index.php\/2017\/02\/10\/preview-middlesbrough-everton\/\",\"url\":\"https:\/\/evertonfc.cz\/index.php\/2017\/02\/10\/preview-middlesbrough-everton\/\",\"name\":\"Preview: Middlesbrough - Everton - Official Czech &amp; Slovak Everton Supporters&#039; Club\",\"isPartOf\":{\"@id\":\"https:\/\/evertonfc.cz\/#website\"},\"primaryImageOfPage\":{\"@id\":\"https:\/\/evertonfc.cz\/index.php\/2017\/02\/10\/preview-middlesbrough-everton\/#primaryimage\"},\"image\":{\"@id\":\"https:\/\/evertonfc.cz\/index.php\/2017\/02\/10\/preview-middlesbrough-everton\/#primaryimage\"},\"thumbnailUrl\":\"https:\/\/evertonfc.cz\/wp-content\/uploads\/2019\/01\/preview.jpg\",\"datePublished\":\"2017-02-10T20:02:58+00:00\",\"dateModified\":\"2019-02-10T20:03:50+00:00\",\"breadcrumb\":{\"@id\":\"https:\/\/evertonfc.cz\/index.php\/2017\/02\/10\/preview-middlesbrough-everton\/#breadcrumb\"},\"inLanguage\":\"cs\",\"potentialAction\":[{\"@type\":\"ReadAction\",\"target\":[\"https:\/\/evertonfc.cz\/index.php\/2017\/02\/10\/preview-middlesbrough-everton\/\"]}]},{\"@type\":\"ImageObject\",\"inLanguage\":\"cs\",\"@id\":\"https:\/\/evertonfc.cz\/index.php\/2017\/02\/10\/preview-middlesbrough-everton\/#primaryimage\",\"url\":\"https:\/\/evertonfc.cz\/wp-content\/uploads\/2019\/01\/preview.jpg\",\"contentUrl\":\"https:\/\/evertonfc.cz\/wp-content\/uploads\/2019\/01\/preview.jpg\",\"width\":720,\"height\":405},{\"@type\":\"BreadcrumbList\",\"@id\":\"https:\/\/evertonfc.cz\/index.php\/2017\/02\/10\/preview-middlesbrough-everton\/#breadcrumb\",\"itemListElement\":[{\"@type\":\"ListItem\",\"position\":1,\"name\":\"Home\",\"item\":\"https:\/\/evertonfc.cz\/\"},{\"@type\":\"ListItem\",\"position\":2,\"name\":\"Preview: Middlesbrough &#8211; Everton\"}]},{\"@type\":\"WebSite\",\"@id\":\"https:\/\/evertonfc.cz\/#website\",\"url\":\"https:\/\/evertonfc.cz\/\",\"name\":\"Official Czech &amp; Slovak Everton Supporters&#039; Club\",\"description\":\"\",\"publisher\":{\"@id\":\"https:\/\/evertonfc.cz\/#organization\"},\"potentialAction\":[{\"@type\":\"SearchAction\",\"target\":{\"@type\":\"EntryPoint\",\"urlTemplate\":\"https:\/\/evertonfc.cz\/?s={search_term_string}\"},\"query-input\":{\"@type\":\"PropertyValueSpecification\",\"valueRequired\":true,\"valueName\":\"search_term_string\"}}],\"inLanguage\":\"cs\"},{\"@type\":\"Organization\",\"@id\":\"https:\/\/evertonfc.cz\/#organization\",\"name\":\"Official Czech & Slovak Everton Supporters' Club\",\"url\":\"https:\/\/evertonfc.cz\/\",\"logo\":{\"@type\":\"ImageObject\",\"inLanguage\":\"cs\",\"@id\":\"https:\/\/evertonfc.cz\/#\/schema\/logo\/image\/\",\"url\":\"https:\/\/evertonfc.cz\/wp-content\/uploads\/2019\/05\/logo.png\",\"contentUrl\":\"https:\/\/evertonfc.cz\/wp-content\/uploads\/2019\/05\/logo.png\",\"width\":112,\"height\":112,\"caption\":\"Official Czech & Slovak Everton Supporters' Club\"},\"image\":{\"@id\":\"https:\/\/evertonfc.cz\/#\/schema\/logo\/image\/\"},\"sameAs\":[\"https:\/\/www.facebook.com\/everton.fans.cz.sk\"]},{\"@type\":\"Person\",\"@id\":\"https:\/\/evertonfc.cz\/#\/schema\/person\/b30daf6a5852f4811f8207a17ec1bf78\",\"name\":\"Javor\",\"sameAs\":[\"https:\/\/x.com\/LoudinJan\"],\"url\":\"https:\/\/evertonfc.cz\/index.php\/author\/javor\/\"}]}<\/script>\n<!-- \/ Yoast SEO plugin. -->","yoast_head_json":{"title":"Preview: Middlesbrough - Everton - Official Czech &amp; Slovak Everton Supporters&#039; Club","robots":{"index":"index","follow":"follow","max-snippet":"max-snippet:-1","max-image-preview":"max-image-preview:large","max-video-preview":"max-video-preview:-1"},"canonical":"https:\/\/evertonfc.cz\/index.php\/2017\/02\/10\/preview-middlesbrough-everton\/","og_locale":"cs_CZ","og_type":"article","og_title":"Preview: Middlesbrough - Everton - Official Czech &amp; Slovak Everton Supporters&#039; Club","og_description":"S\u00e9rie t\u0159i z\u00e1pas\u016f s t\u00fdmy z posledn\u00ed t\u0159etiny tabulky pokra\u010duje. Boro m\u00e1 pouze o bod v\u00edce ne\u017e Hull, kter\u00fd by&hellip;","og_url":"https:\/\/evertonfc.cz\/index.php\/2017\/02\/10\/preview-middlesbrough-everton\/","og_site_name":"Official Czech &amp; Slovak Everton Supporters&#039; Club","article_publisher":"https:\/\/www.facebook.com\/everton.fans.cz.sk","article_published_time":"2017-02-10T20:02:58+00:00","article_modified_time":"2019-02-10T20:03:50+00:00","og_image":[{"width":720,"height":405,"url":"https:\/\/evertonfc.cz\/wp-content\/uploads\/2019\/01\/preview.jpg","type":"image\/jpeg"}],"author":"Javor","twitter_card":"summary_large_image","twitter_creator":"@LoudinJan","twitter_misc":{"Napsal(a)":"Javor","Odhadovan\u00e1 doba \u010dten\u00ed":"2 minuty"},"schema":{"@context":"https:\/\/schema.org","@graph":[{"@type":"Article","@id":"https:\/\/evertonfc.cz\/index.php\/2017\/02\/10\/preview-middlesbrough-everton\/#article","isPartOf":{"@id":"https:\/\/evertonfc.cz\/index.php\/2017\/02\/10\/preview-middlesbrough-everton\/"},"author":{"name":"Javor","@id":"https:\/\/evertonfc.cz\/#\/schema\/person\/b30daf6a5852f4811f8207a17ec1bf78"},"headline":"Preview: Middlesbrough &#8211; Everton","datePublished":"2017-02-10T20:02:58+00:00","dateModified":"2019-02-10T20:03:50+00:00","mainEntityOfPage":{"@id":"https:\/\/evertonfc.cz\/index.php\/2017\/02\/10\/preview-middlesbrough-everton\/"},"wordCount":398,"commentCount":0,"publisher":{"@id":"https:\/\/evertonfc.cz\/#organization"},"image":{"@id":"https:\/\/evertonfc.cz\/index.php\/2017\/02\/10\/preview-middlesbrough-everton\/#primaryimage"},"thumbnailUrl":"https:\/\/evertonfc.cz\/wp-content\/uploads\/2019\/01\/preview.jpg","articleSection":["Z\u00e1pasy"],"inLanguage":"cs","potentialAction":[{"@type":"CommentAction","name":"Comment","target":["https:\/\/evertonfc.cz\/index.php\/2017\/02\/10\/preview-middlesbrough-everton\/#respond"]}]},{"@type":"WebPage","@id":"https:\/\/evertonfc.cz\/index.php\/2017\/02\/10\/preview-middlesbrough-everton\/","url":"https:\/\/evertonfc.cz\/index.php\/2017\/02\/10\/preview-middlesbrough-everton\/","name":"Preview: Middlesbrough - Everton - Official Czech &amp; Slovak Everton Supporters&#039; Club","isPartOf":{"@id":"https:\/\/evertonfc.cz\/#website"},"primaryImageOfPage":{"@id":"https:\/\/evertonfc.cz\/index.php\/2017\/02\/10\/preview-middlesbrough-everton\/#primaryimage"},"image":{"@id":"https:\/\/evertonfc.cz\/index.php\/2017\/02\/10\/preview-middlesbrough-everton\/#primaryimage"},"thumbnailUrl":"https:\/\/evertonfc.cz\/wp-content\/uploads\/2019\/01\/preview.jpg","datePublished":"2017-02-10T20:02:58+00:00","dateModified":"2019-02-10T20:03:50+00:00","breadcrumb":{"@id":"https:\/\/evertonfc.cz\/index.php\/2017\/02\/10\/preview-middlesbrough-everton\/#breadcrumb"},"inLanguage":"cs","potentialAction":[{"@type":"ReadAction","target":["https:\/\/evertonfc.cz\/index.php\/2017\/02\/10\/preview-middlesbrough-everton\/"]}]},{"@type":"ImageObject","inLanguage":"cs","@id":"https:\/\/evertonfc.cz\/index.php\/2017\/02\/10\/preview-middlesbrough-everton\/#primaryimage","url":"https:\/\/evertonfc.cz\/wp-content\/uploads\/2019\/01\/preview.jpg","contentUrl":"https:\/\/evertonfc.cz\/wp-content\/uploads\/2019\/01\/preview.jpg","width":720,"height":405},{"@type":"BreadcrumbList","@id":"https:\/\/evertonfc.cz\/index.php\/2017\/02\/10\/preview-middlesbrough-everton\/#breadcrumb","itemListElement":[{"@type":"ListItem","position":1,"name":"Home","item":"https:\/\/evertonfc.cz\/"},{"@type":"ListItem","position":2,"name":"Preview: Middlesbrough &#8211; Everton"}]},{"@type":"WebSite","@id":"https:\/\/evertonfc.cz\/#website","url":"https:\/\/evertonfc.cz\/","name":"Official Czech &amp; Slovak Everton Supporters&#039; Club","description":"","publisher":{"@id":"https:\/\/evertonfc.cz\/#organization"},"potentialAction":[{"@type":"SearchAction","target":{"@type":"EntryPoint","urlTemplate":"https:\/\/evertonfc.cz\/?s={search_term_string}"},"query-input":{"@type":"PropertyValueSpecification","valueRequired":true,"valueName":"search_term_string"}}],"inLanguage":"cs"},{"@type":"Organization","@id":"https:\/\/evertonfc.cz\/#organization","name":"Official Czech & Slovak Everton Supporters' Club","url":"https:\/\/evertonfc.cz\/","logo":{"@type":"ImageObject","inLanguage":"cs","@id":"https:\/\/evertonfc.cz\/#\/schema\/logo\/image\/","url":"https:\/\/evertonfc.cz\/wp-content\/uploads\/2019\/05\/logo.png","contentUrl":"https:\/\/evertonfc.cz\/wp-content\/uploads\/2019\/05\/logo.png","width":112,"height":112,"caption":"Official Czech & Slovak Everton Supporters' Club"},"image":{"@id":"https:\/\/evertonfc.cz\/#\/schema\/logo\/image\/"},"sameAs":["https:\/\/www.facebook.com\/everton.fans.cz.sk"]},{"@type":"Person","@id":"https:\/\/evertonfc.cz\/#\/schema\/person\/b30daf6a5852f4811f8207a17ec1bf78","name":"Javor","sameAs":["https:\/\/x.com\/LoudinJan"],"url":"https:\/\/evertonfc.cz\/index.php\/author\/javor\/"}]}},"_links":{"self":[{"href":"https:\/\/evertonfc.cz\/index.php\/wp-json\/wp\/v2\/posts\/3254"}],"collection":[{"href":"https:\/\/evertonfc.cz\/index.php\/wp-json\/wp\/v2\/posts"}],"about":[{"href":"https:\/\/evertonfc.cz\/index.php\/wp-json\/wp\/v2\/types\/post"}],"author":[{"embeddable":true,"href":"https:\/\/evertonfc.cz\/index.php\/wp-json\/wp\/v2\/users\/12"}],"replies":[{"embeddable":true,"href":"https:\/\/evertonfc.cz\/index.php\/wp-json\/wp\/v2\/comments?post=3254"}],"version-history":[{"count":1,"href":"https:\/\/evertonfc.cz\/index.php\/wp-json\/wp\/v2\/posts\/3254\/revisions"}],"predecessor-version":[{"id":3255,"href":"https:\/\/evertonfc.cz\/index.php\/wp-json\/wp\/v2\/posts\/3254\/revisions\/3255"}],"wp:featuredmedia":[{"embeddable":true,"href":"https:\/\/evertonfc.cz\/index.php\/wp-json\/wp\/v2\/media\/1314"}],"wp:attachment":[{"href":"https:\/\/evertonfc.cz\/index.php\/wp-json\/wp\/v2\/media?parent=3254"}],"wp:term":[{"taxonomy":"category","embeddable":true,"href":"https:\/\/evertonfc.cz\/index.php\/wp-json\/wp\/v2\/categories?post=3254"},{"taxonomy":"post_tag","embeddable":true,"href":"https:\/\/evertonfc.cz\/index.php\/wp-json\/wp\/v2\/tags?post=3254"}],"curies":[{"name":"wp","href":"https:\/\/api.w.org\/{rel}","templated":true}]}}