{"id":3258,"date":"2017-02-04T21:05:31","date_gmt":"2017-02-04T20:05:31","guid":{"rendered":"http:\/\/evertonfc.cz\/?p=3258"},"modified":"2023-05-27T19:47:36","modified_gmt":"2023-05-27T17:47:36","slug":"preview-everton-bournemouth-3","status":"publish","type":"post","link":"https:\/\/evertonfc.cz\/index.php\/2017\/02\/04\/preview-everton-bournemouth-3\/","title":{"rendered":"Preview: Everton &#8211; Bournemouth"},"content":{"rendered":"<h4 id=\"NewsPostDetailSummary\">Pom\u00f4\u017ee 848 precestovan\u00fdch kilometrov s\u00fapera k tomu, aby Everton vr\u00e1til septembrov\u00fa prehru z Dean Court? To sa dozvieme po 24. kole Premier League.<\/h4>\n<div id=\"NewsPostDetailContent\">\n<p>S The Cherries s\u00fa probl\u00e9my. Bola to prv\u00e1 ligov\u00e1 prehra Koemanovho re\u017eimu na Merseyside, ke\u010f jedin\u00fd g\u00f3l z\u00e1pasu Juniora Stanislasa znamenal n\u00e1vrat na zem z rozpr\u00e1vkov\u00e9ho \u0161tartu sez\u00f3ny. Pomaly ale isto sa z ju\u017eansk\u00e9ho klubu st\u00e1va neob\u013e\u00faben\u00fd s\u00faper a nezriedka v\u00edda\u0165 v\u00e4\u010d\u0161iu opatrnos\u0165, \u010di priam a\u017e zasko\u010denie. Presne ako to b\u00fdva, ke\u010f Everton hr\u00e1 s D\u00e1vidom. Ten pr\u00edbeh pozn\u00e1me&#8230;<\/p>\n<h4 lang=\"en-US\">\u201c<em>But OK\u201d<\/em><\/h4>\n<p lang=\"en-US\">Ronald pred svoj\u00edm st\u00fdm z\u00e1pasom v PL nevie presne, pre\u010do je Kon\u00e9 po Deadline Day e\u0161te st\u00e1le hr\u00e1\u010dom Evertonu. \u010co v\u0161ak vie, \u017ee tak\u00fa z\u00e1lohu si v\u017edy prial ma\u0165. Jeho verdikt? Ve\u013ek\u00e1 spokojnos\u0165 s janu\u00e1rom. Podarilo sa zabezpe\u010di\u0165 p\u00e1r jedincom svetlej\u0161iu bud\u00facnos\u0165 a klub ost\u00e1va neoslaben\u00fd, hoci mierne v nerovnov\u00e1he, \u010do sa obsadenia poz\u00edc t\u00fdka. Taktie\u017e dostal ot\u00e1zku na mlad\u00e9ho Donkora, ktor\u00fd mimochodom celkom zahviezdil v dueli U23 s Manchesterom United, \u010di spravil aj na\u0148ho podobn\u00fd dojem. Aj Yoda si vie predstavi\u0165 jeho odpove\u010f &#8211; &#8222;<em>Impressed not.<\/em>&#8222;<\/p>\n<p lang=\"en-US\">Samozrejme, Koeman sledoval cel\u00fd z\u00e1pas (narozdiel od novin\u00e1ra) a \u010falej sa vyjadril, \u017ee bol dobr\u00fd, no o\u010dak\u00e1va viac. Od v\u0161etk\u00fdch. Donkorov prestup bol dotiahnut\u00fd najm\u00e4 pre dobro \u0165a\u017eenia Unsworthovej, u\u017e oslabenej dru\u017einy na titul. Ur\u010dite bude ma\u0165 pr\u00edle\u017eitos\u0165 si zatr\u00e9nova\u0165 aj s prv\u00fdm t\u00edmom, no na A\u010dkov\u00fd z\u00e1pas, je to ve\u013ek\u00e9 nezn\u00e1mo.<\/p>\n<p lang=\"en-US\">Novinky v t\u00edme prakticky \u017eiadne nie s\u00fa. Mimo ost\u00e1vaj\u00fa dlhodobo zranen\u00fd Calvert-Lewin, Bolasie a Be\u0161i\u010d by mal za dva t\u00fd\u017edne kone\u010dne za\u010da\u0165 so skupinov\u00fdm tr\u00e9ningom.<\/p>\n<h4><em>&#8230;Boscombe F.C&#8230;.<\/em><\/h4>\n<p lang=\"en-US\">Eddie Howe mus\u00ed ma\u0165 hlavu v dlaniach. V novom roku e\u0161te nevyhral a navy\u0161e v FA Cupe vypadol s tre\u0165oligov\u00fdm Millwallom. Akoby to nesta\u010dilo, janu\u00e1r s ve\u013ekou pravdepodobnos\u0165ou ukon\u010dil sny fan\u00fa\u0161ikov o k\u013eudnom strede tabu\u013eky. Ak\u00e9ho si povolala Chelsea, Murray sa dohodol s Brightonom, Marc Wilson odi\u0161iel hos\u0165ova\u0165 do WBA z rodinnn\u00fdch d\u00f4vodov a Grabban lep\u0161ie zn\u00e1\u0161a konkurenciu v druholigovom Readingu. H\u00e1dajte kto pri\u0161iel pom\u00f4c\u0165? Spr\u00e1vne, nikto, ak nepo\u010d\u00edtate n\u00e1kup 18 ro\u010dn\u00e9ho brank\u00e1ra, o ktor\u00e9ho mal z\u00e1ujem aj Everton.<\/p>\n<p lang=\"en-US\">Bomba na z\u00e1ver \u2013 pam\u00e4t\u00e1te si Calluma Wilsona, toho, ktor\u00fd \u0161ikanoval na\u0161ich stop\u00e9rov v prvom stretnut\u00ed? Tak ten si na tr\u00e9ningu poranil predn\u00fd skr\u00ed\u017een\u00fd v\u00e4z v \u013eavom kolene. V\u0161etci vedia, \u010do tak\u00e1to diagn\u00f3za vo futbale znamen\u00e1. Nebolo by na tom ni\u010d neobvykl\u00e9, keby k\u013e\u00fa\u010dov\u00fd hr\u00e1\u010d u\u017e tak\u00e9to zranenie nemal dolie\u010den\u00e9 sotva pred pol rokom na pravej nohe. Hovor\u00ed sa, \u017ee v\u0161etko zl\u00e9 je na nie\u010do dobr\u00e9, ale ak to v pr\u00edpade Bournemouthu bude pokra\u010dova\u0165 na\u010falej, bud\u00fa ma\u0165 o z\u00e1chran\u00e1rske pr\u00e1ce postaran\u00e9 podobne, ako minul\u00fd rok, hoci presved\u010divo skon\u010dili na 16. mieste.<\/p>\n<h4>Zauj\u00edmav\u00e9 \u0161tatistiky:<\/h4>\n<ul>\n<li>Everton a\u017e do g\u00f3lu Croucha z posledn\u00e9ho z\u00e1pasu, neinkasoval 5 hod\u00edn a 1 min\u00fatu.<\/li>\n<li>Toffees sa taktie\u017e dr\u017eia najdlh\u0161ej vlny ligovej neporazite\u013enosti v tejto sez\u00f3ne &#8211; 6 z\u00e1pasov.<\/li>\n<li>Doposia\u013e 22 bodov z Goodison Parku znamen\u00e1 len o jeden menej, ne\u017e za cel\u00fa predo\u0161l\u00fa sez\u00f3nu z dom\u00e1ceho st\u00e1nku.<\/li>\n<li>Cherries vyhrali len 1 z posledn\u00fdch 7 ligov\u00fdch stretnut\u00ed.<\/li>\n<li>Z posledn\u00fdch 6 ligov\u00fdch z\u00e1pasov vonku, Bournemouth bu\u010f inkasoval po 3 g\u00f3ly, alebo odi\u0161iel s \u010dist\u00fdm \u0161t\u00edtom.<\/li>\n<li>Eddie Howe sa p\u00fd\u0161i nepekn\u00fdm prvenstvom. V tejto sez\u00f3ne stratili u\u017e 15 bodov z poz\u00edcie vyhr\u00e1vaj\u00faceho.<\/li>\n<\/ul>\n<p>Algoritmy po\u010d\u00edtaj\u00fa jasne v prospech Evertonu (64%) a ud\u00e1vaj\u00fa najpravdepodobnej\u0161\u00ed v\u00fdsledok 2:1. Na tr\u00e1vniku to v\u0161ak bude v\u0161etko len a len na hr\u00e1\u010doch. Treba vyu\u017ei\u0165 mal\u00e9 sebavedomie s\u00fapera a na\u0161e dve najd\u00f4le\u017eitej\u0161ie zbrane \u2013 Grand Old Lady a silu z\u00e1lohy. V septembri, zo zranen\u00edm Barrym, to bolo na\u0161e najslab\u0161ie miesto.<\/p>\n<hr \/>\n<p><strong>\u010co:<\/strong> Everton FC \u2013 AFC Bournemouth, 24. kolo Premier League<strong><br \/>\n<\/strong><strong>Kedy<\/strong><strong>:<\/strong> 4.2. 2017 od 16:00 SE\u010c<strong><br \/>\n<\/strong><strong>Kde:<\/strong> Goodison Park &#8211; Goodison Rd, Liverpool L4 4EL (kapacita: 40 221)<br \/>\n<strong>Ako: <\/strong>Digi sport 2 zo z\u00e1znamu od 20:30<strong><br \/>\n<\/strong><strong>Rozhodca:<\/strong> Mike Jones <strong>Asistenti: <\/strong>A.Garratt, M.Scholes <strong>\u0160tvrt\u00fd rozhodca: <\/strong>S.Martin<\/p>\n<\/div>\n","protected":false},"excerpt":{"rendered":"<p>Pom\u00f4\u017ee 848 precestovan\u00fdch kilometrov s\u00fapera k tomu, aby Everton vr\u00e1til septembrov\u00fa prehru z Dean Court? To sa dozvieme po 24. kole Premier League.<\/p>\n","protected":false},"author":1,"featured_media":21683,"comment_status":"open","ping_status":"closed","sticky":false,"template":"","format":"standard","meta":{"_eb_attr":"","_monsterinsights_skip_tracking":false,"_monsterinsights_sitenote_active":false,"_monsterinsights_sitenote_note":"","_monsterinsights_sitenote_category":0,"footnotes":""},"categories":[4],"tags":[],"yoast_head":"<!-- This site is optimized with the Yoast SEO plugin v23.4 - https:\/\/yoast.com\/wordpress\/plugins\/seo\/ -->\n<title>Preview: Everton - Bournemouth - Official Czech &amp; Slovak Everton Supporters&#039; Club<\/title>\n<meta name=\"robots\" content=\"index, follow, max-snippet:-1, max-image-preview:large, max-video-preview:-1\" \/>\n<link rel=\"canonical\" href=\"https:\/\/evertonfc.cz\/index.php\/2017\/02\/04\/preview-everton-bournemouth-3\/\" \/>\n<meta property=\"og:locale\" content=\"cs_CZ\" \/>\n<meta property=\"og:type\" content=\"article\" \/>\n<meta property=\"og:title\" content=\"Preview: Everton - Bournemouth - Official Czech &amp; Slovak Everton Supporters&#039; Club\" \/>\n<meta property=\"og:description\" content=\"Pom\u00f4\u017ee 848 precestovan\u00fdch kilometrov s\u00fapera k tomu, aby Everton vr\u00e1til septembrov\u00fa prehru z Dean Court? To sa dozvieme po 24. kole Premier League.\" \/>\n<meta property=\"og:url\" content=\"https:\/\/evertonfc.cz\/index.php\/2017\/02\/04\/preview-everton-bournemouth-3\/\" \/>\n<meta property=\"og:site_name\" content=\"Official Czech &amp; Slovak Everton Supporters&#039; Club\" \/>\n<meta property=\"article:publisher\" content=\"https:\/\/www.facebook.com\/everton.fans.cz.sk\" \/>\n<meta property=\"article:published_time\" content=\"2017-02-04T20:05:31+00:00\" \/>\n<meta property=\"article:modified_time\" content=\"2023-05-27T17:47:36+00:00\" \/>\n<meta property=\"og:image\" content=\"https:\/\/evertonfc.cz\/wp-content\/uploads\/2023\/05\/Everton-VS-Bournemouth.jpg\" \/>\n\t<meta property=\"og:image:width\" content=\"720\" \/>\n\t<meta property=\"og:image:height\" content=\"405\" \/>\n\t<meta property=\"og:image:type\" content=\"image\/jpeg\" \/>\n<meta name=\"author\" content=\"BlueBlooded\" \/>\n<meta name=\"twitter:card\" content=\"summary_large_image\" \/>\n<meta name=\"twitter:label1\" content=\"Napsal(a)\" \/>\n\t<meta name=\"twitter:data1\" content=\"BlueBlooded\" \/>\n\t<meta name=\"twitter:label2\" content=\"Odhadovan\u00e1 doba \u010dten\u00ed\" \/>\n\t<meta name=\"twitter:data2\" content=\"4 minuty\" \/>\n<script type=\"application\/ld+json\" class=\"yoast-schema-graph\">{\"@context\":\"https:\/\/schema.org\",\"@graph\":[{\"@type\":\"Article\",\"@id\":\"https:\/\/evertonfc.cz\/index.php\/2017\/02\/04\/preview-everton-bournemouth-3\/#article\",\"isPartOf\":{\"@id\":\"https:\/\/evertonfc.cz\/index.php\/2017\/02\/04\/preview-everton-bournemouth-3\/\"},\"author\":{\"name\":\"BlueBlooded\",\"@id\":\"https:\/\/evertonfc.cz\/#\/schema\/person\/d4493b8cbea51532597fbc4685698916\"},\"headline\":\"Preview: Everton &#8211; Bournemouth\",\"datePublished\":\"2017-02-04T20:05:31+00:00\",\"dateModified\":\"2023-05-27T17:47:36+00:00\",\"mainEntityOfPage\":{\"@id\":\"https:\/\/evertonfc.cz\/index.php\/2017\/02\/04\/preview-everton-bournemouth-3\/\"},\"wordCount\":763,\"commentCount\":0,\"publisher\":{\"@id\":\"https:\/\/evertonfc.cz\/#organization\"},\"image\":{\"@id\":\"https:\/\/evertonfc.cz\/index.php\/2017\/02\/04\/preview-everton-bournemouth-3\/#primaryimage\"},\"thumbnailUrl\":\"https:\/\/evertonfc.cz\/wp-content\/uploads\/2023\/05\/Everton-VS-Bournemouth.jpg\",\"articleSection\":[\"Z\u00e1pasy\"],\"inLanguage\":\"cs\",\"potentialAction\":[{\"@type\":\"CommentAction\",\"name\":\"Comment\",\"target\":[\"https:\/\/evertonfc.cz\/index.php\/2017\/02\/04\/preview-everton-bournemouth-3\/#respond\"]}]},{\"@type\":\"WebPage\",\"@id\":\"https:\/\/evertonfc.cz\/index.php\/2017\/02\/04\/preview-everton-bournemouth-3\/\",\"url\":\"https:\/\/evertonfc.cz\/index.php\/2017\/02\/04\/preview-everton-bournemouth-3\/\",\"name\":\"Preview: Everton - Bournemouth - Official Czech &amp; Slovak Everton Supporters&#039; Club\",\"isPartOf\":{\"@id\":\"https:\/\/evertonfc.cz\/#website\"},\"primaryImageOfPage\":{\"@id\":\"https:\/\/evertonfc.cz\/index.php\/2017\/02\/04\/preview-everton-bournemouth-3\/#primaryimage\"},\"image\":{\"@id\":\"https:\/\/evertonfc.cz\/index.php\/2017\/02\/04\/preview-everton-bournemouth-3\/#primaryimage\"},\"thumbnailUrl\":\"https:\/\/evertonfc.cz\/wp-content\/uploads\/2023\/05\/Everton-VS-Bournemouth.jpg\",\"datePublished\":\"2017-02-04T20:05:31+00:00\",\"dateModified\":\"2023-05-27T17:47:36+00:00\",\"breadcrumb\":{\"@id\":\"https:\/\/evertonfc.cz\/index.php\/2017\/02\/04\/preview-everton-bournemouth-3\/#breadcrumb\"},\"inLanguage\":\"cs\",\"potentialAction\":[{\"@type\":\"ReadAction\",\"target\":[\"https:\/\/evertonfc.cz\/index.php\/2017\/02\/04\/preview-everton-bournemouth-3\/\"]}]},{\"@type\":\"ImageObject\",\"inLanguage\":\"cs\",\"@id\":\"https:\/\/evertonfc.cz\/index.php\/2017\/02\/04\/preview-everton-bournemouth-3\/#primaryimage\",\"url\":\"https:\/\/evertonfc.cz\/wp-content\/uploads\/2023\/05\/Everton-VS-Bournemouth.jpg\",\"contentUrl\":\"https:\/\/evertonfc.cz\/wp-content\/uploads\/2023\/05\/Everton-VS-Bournemouth.jpg\",\"width\":720,\"height\":405},{\"@type\":\"BreadcrumbList\",\"@id\":\"https:\/\/evertonfc.cz\/index.php\/2017\/02\/04\/preview-everton-bournemouth-3\/#breadcrumb\",\"itemListElement\":[{\"@type\":\"ListItem\",\"position\":1,\"name\":\"Home\",\"item\":\"https:\/\/evertonfc.cz\/\"},{\"@type\":\"ListItem\",\"position\":2,\"name\":\"Preview: Everton &#8211; Bournemouth\"}]},{\"@type\":\"WebSite\",\"@id\":\"https:\/\/evertonfc.cz\/#website\",\"url\":\"https:\/\/evertonfc.cz\/\",\"name\":\"Official Czech &amp; Slovak Everton Supporters&#039; Club\",\"description\":\"\",\"publisher\":{\"@id\":\"https:\/\/evertonfc.cz\/#organization\"},\"potentialAction\":[{\"@type\":\"SearchAction\",\"target\":{\"@type\":\"EntryPoint\",\"urlTemplate\":\"https:\/\/evertonfc.cz\/?s={search_term_string}\"},\"query-input\":{\"@type\":\"PropertyValueSpecification\",\"valueRequired\":true,\"valueName\":\"search_term_string\"}}],\"inLanguage\":\"cs\"},{\"@type\":\"Organization\",\"@id\":\"https:\/\/evertonfc.cz\/#organization\",\"name\":\"Official Czech & Slovak Everton Supporters' Club\",\"url\":\"https:\/\/evertonfc.cz\/\",\"logo\":{\"@type\":\"ImageObject\",\"inLanguage\":\"cs\",\"@id\":\"https:\/\/evertonfc.cz\/#\/schema\/logo\/image\/\",\"url\":\"https:\/\/evertonfc.cz\/wp-content\/uploads\/2019\/05\/logo.png\",\"contentUrl\":\"https:\/\/evertonfc.cz\/wp-content\/uploads\/2019\/05\/logo.png\",\"width\":112,\"height\":112,\"caption\":\"Official Czech & Slovak Everton Supporters' Club\"},\"image\":{\"@id\":\"https:\/\/evertonfc.cz\/#\/schema\/logo\/image\/\"},\"sameAs\":[\"https:\/\/www.facebook.com\/everton.fans.cz.sk\"]},{\"@type\":\"Person\",\"@id\":\"https:\/\/evertonfc.cz\/#\/schema\/person\/d4493b8cbea51532597fbc4685698916\",\"name\":\"BlueBlooded\",\"url\":\"https:\/\/evertonfc.cz\/index.php\/author\/admin\/\"}]}<\/script>\n<!-- \/ Yoast SEO plugin. -->","yoast_head_json":{"title":"Preview: Everton - Bournemouth - Official Czech &amp; Slovak Everton Supporters&#039; Club","robots":{"index":"index","follow":"follow","max-snippet":"max-snippet:-1","max-image-preview":"max-image-preview:large","max-video-preview":"max-video-preview:-1"},"canonical":"https:\/\/evertonfc.cz\/index.php\/2017\/02\/04\/preview-everton-bournemouth-3\/","og_locale":"cs_CZ","og_type":"article","og_title":"Preview: Everton - Bournemouth - Official Czech &amp; Slovak Everton Supporters&#039; Club","og_description":"Pom\u00f4\u017ee 848 precestovan\u00fdch kilometrov s\u00fapera k tomu, aby Everton vr\u00e1til septembrov\u00fa prehru z Dean Court? To sa dozvieme po 24. kole Premier League.","og_url":"https:\/\/evertonfc.cz\/index.php\/2017\/02\/04\/preview-everton-bournemouth-3\/","og_site_name":"Official Czech &amp; Slovak Everton Supporters&#039; Club","article_publisher":"https:\/\/www.facebook.com\/everton.fans.cz.sk","article_published_time":"2017-02-04T20:05:31+00:00","article_modified_time":"2023-05-27T17:47:36+00:00","og_image":[{"width":720,"height":405,"url":"https:\/\/evertonfc.cz\/wp-content\/uploads\/2023\/05\/Everton-VS-Bournemouth.jpg","type":"image\/jpeg"}],"author":"BlueBlooded","twitter_card":"summary_large_image","twitter_misc":{"Napsal(a)":"BlueBlooded","Odhadovan\u00e1 doba \u010dten\u00ed":"4 minuty"},"schema":{"@context":"https:\/\/schema.org","@graph":[{"@type":"Article","@id":"https:\/\/evertonfc.cz\/index.php\/2017\/02\/04\/preview-everton-bournemouth-3\/#article","isPartOf":{"@id":"https:\/\/evertonfc.cz\/index.php\/2017\/02\/04\/preview-everton-bournemouth-3\/"},"author":{"name":"BlueBlooded","@id":"https:\/\/evertonfc.cz\/#\/schema\/person\/d4493b8cbea51532597fbc4685698916"},"headline":"Preview: Everton &#8211; Bournemouth","datePublished":"2017-02-04T20:05:31+00:00","dateModified":"2023-05-27T17:47:36+00:00","mainEntityOfPage":{"@id":"https:\/\/evertonfc.cz\/index.php\/2017\/02\/04\/preview-everton-bournemouth-3\/"},"wordCount":763,"commentCount":0,"publisher":{"@id":"https:\/\/evertonfc.cz\/#organization"},"image":{"@id":"https:\/\/evertonfc.cz\/index.php\/2017\/02\/04\/preview-everton-bournemouth-3\/#primaryimage"},"thumbnailUrl":"https:\/\/evertonfc.cz\/wp-content\/uploads\/2023\/05\/Everton-VS-Bournemouth.jpg","articleSection":["Z\u00e1pasy"],"inLanguage":"cs","potentialAction":[{"@type":"CommentAction","name":"Comment","target":["https:\/\/evertonfc.cz\/index.php\/2017\/02\/04\/preview-everton-bournemouth-3\/#respond"]}]},{"@type":"WebPage","@id":"https:\/\/evertonfc.cz\/index.php\/2017\/02\/04\/preview-everton-bournemouth-3\/","url":"https:\/\/evertonfc.cz\/index.php\/2017\/02\/04\/preview-everton-bournemouth-3\/","name":"Preview: Everton - Bournemouth - Official Czech &amp; Slovak Everton Supporters&#039; Club","isPartOf":{"@id":"https:\/\/evertonfc.cz\/#website"},"primaryImageOfPage":{"@id":"https:\/\/evertonfc.cz\/index.php\/2017\/02\/04\/preview-everton-bournemouth-3\/#primaryimage"},"image":{"@id":"https:\/\/evertonfc.cz\/index.php\/2017\/02\/04\/preview-everton-bournemouth-3\/#primaryimage"},"thumbnailUrl":"https:\/\/evertonfc.cz\/wp-content\/uploads\/2023\/05\/Everton-VS-Bournemouth.jpg","datePublished":"2017-02-04T20:05:31+00:00","dateModified":"2023-05-27T17:47:36+00:00","breadcrumb":{"@id":"https:\/\/evertonfc.cz\/index.php\/2017\/02\/04\/preview-everton-bournemouth-3\/#breadcrumb"},"inLanguage":"cs","potentialAction":[{"@type":"ReadAction","target":["https:\/\/evertonfc.cz\/index.php\/2017\/02\/04\/preview-everton-bournemouth-3\/"]}]},{"@type":"ImageObject","inLanguage":"cs","@id":"https:\/\/evertonfc.cz\/index.php\/2017\/02\/04\/preview-everton-bournemouth-3\/#primaryimage","url":"https:\/\/evertonfc.cz\/wp-content\/uploads\/2023\/05\/Everton-VS-Bournemouth.jpg","contentUrl":"https:\/\/evertonfc.cz\/wp-content\/uploads\/2023\/05\/Everton-VS-Bournemouth.jpg","width":720,"height":405},{"@type":"BreadcrumbList","@id":"https:\/\/evertonfc.cz\/index.php\/2017\/02\/04\/preview-everton-bournemouth-3\/#breadcrumb","itemListElement":[{"@type":"ListItem","position":1,"name":"Home","item":"https:\/\/evertonfc.cz\/"},{"@type":"ListItem","position":2,"name":"Preview: Everton &#8211; Bournemouth"}]},{"@type":"WebSite","@id":"https:\/\/evertonfc.cz\/#website","url":"https:\/\/evertonfc.cz\/","name":"Official Czech &amp; Slovak Everton Supporters&#039; Club","description":"","publisher":{"@id":"https:\/\/evertonfc.cz\/#organization"},"potentialAction":[{"@type":"SearchAction","target":{"@type":"EntryPoint","urlTemplate":"https:\/\/evertonfc.cz\/?s={search_term_string}"},"query-input":{"@type":"PropertyValueSpecification","valueRequired":true,"valueName":"search_term_string"}}],"inLanguage":"cs"},{"@type":"Organization","@id":"https:\/\/evertonfc.cz\/#organization","name":"Official Czech & Slovak Everton Supporters' Club","url":"https:\/\/evertonfc.cz\/","logo":{"@type":"ImageObject","inLanguage":"cs","@id":"https:\/\/evertonfc.cz\/#\/schema\/logo\/image\/","url":"https:\/\/evertonfc.cz\/wp-content\/uploads\/2019\/05\/logo.png","contentUrl":"https:\/\/evertonfc.cz\/wp-content\/uploads\/2019\/05\/logo.png","width":112,"height":112,"caption":"Official Czech & Slovak Everton Supporters' Club"},"image":{"@id":"https:\/\/evertonfc.cz\/#\/schema\/logo\/image\/"},"sameAs":["https:\/\/www.facebook.com\/everton.fans.cz.sk"]},{"@type":"Person","@id":"https:\/\/evertonfc.cz\/#\/schema\/person\/d4493b8cbea51532597fbc4685698916","name":"BlueBlooded","url":"https:\/\/evertonfc.cz\/index.php\/author\/admin\/"}]}},"_links":{"self":[{"href":"https:\/\/evertonfc.cz\/index.php\/wp-json\/wp\/v2\/posts\/3258"}],"collection":[{"href":"https:\/\/evertonfc.cz\/index.php\/wp-json\/wp\/v2\/posts"}],"about":[{"href":"https:\/\/evertonfc.cz\/index.php\/wp-json\/wp\/v2\/types\/post"}],"author":[{"embeddable":true,"href":"https:\/\/evertonfc.cz\/index.php\/wp-json\/wp\/v2\/users\/1"}],"replies":[{"embeddable":true,"href":"https:\/\/evertonfc.cz\/index.php\/wp-json\/wp\/v2\/comments?post=3258"}],"version-history":[{"count":4,"href":"https:\/\/evertonfc.cz\/index.php\/wp-json\/wp\/v2\/posts\/3258\/revisions"}],"predecessor-version":[{"id":12141,"href":"https:\/\/evertonfc.cz\/index.php\/wp-json\/wp\/v2\/posts\/3258\/revisions\/12141"}],"wp:featuredmedia":[{"embeddable":true,"href":"https:\/\/evertonfc.cz\/index.php\/wp-json\/wp\/v2\/media\/21683"}],"wp:attachment":[{"href":"https:\/\/evertonfc.cz\/index.php\/wp-json\/wp\/v2\/media?parent=3258"}],"wp:term":[{"taxonomy":"category","embeddable":true,"href":"https:\/\/evertonfc.cz\/index.php\/wp-json\/wp\/v2\/categories?post=3258"},{"taxonomy":"post_tag","embeddable":true,"href":"https:\/\/evertonfc.cz\/index.php\/wp-json\/wp\/v2\/tags?post=3258"}],"curies":[{"name":"wp","href":"https:\/\/api.w.org\/{rel}","templated":true}]}}