{"id":3266,"date":"2017-02-01T21:08:02","date_gmt":"2017-02-01T20:08:02","guid":{"rendered":"http:\/\/evertonfc.cz\/?p=3266"},"modified":"2024-11-02T13:46:44","modified_gmt":"2024-11-02T12:46:44","slug":"preview-stoke-city-everton-3","status":"publish","type":"post","link":"https:\/\/evertonfc.cz\/index.php\/2017\/02\/01\/preview-stoke-city-everton-3\/","title":{"rendered":"Preview: Stoke City &#8211; Everton"},"content":{"rendered":"<h4 id=\"NewsPostDetailSummary\">Everton jede na v\u011btrnou h\u016frku do Stoke, kde m\u00edstn\u00ed u\u017e dlouho nejsou pouh\u00fdmi kop\u00e1\u010di. Forma obou odpo\u010dat\u00fdch mu\u017estev p\u0159edpov\u00edd\u00e1 vyrovnan\u00e9 utk\u00e1n\u00ed, s\u00e1zka\u0159i z Bet365 nej\u010dast\u011bji tipuj\u00ed rem\u00edzu 1:1.<\/h4>\n<div id=\"NewsPostDetailContent\">\n<p>Stoke vstoupilo do sez\u00f3ny hroziv\u011b (v\u010detn\u011b <a href=\"http:\/\/www.evertonfc.cz\/news\/1614\/15\/Everton---Stoke-City-1-0\" target=\"_blank\" rel=\"noopener\">prohry 0:1<\/a> z Goodisonu) a m\u011bs\u00edc se pot\u00e1celo na dn\u011b tabulky. Mark Hughes ale brzy dok\u00e1zal zjednat n\u00e1pravu a v\u00fdsledkem je solidn\u00ed bilance: \u010dty\u0159i prohry v posledn\u00edch 17 ligov\u00fdch kolech od 19. z\u00e1\u0159\u00ed. Za nula bod\u016f p\u0159itom Potters vy\u0161li proti Liverpoolu, Arsenalu, Chelsea a Bournemouthu.<\/p>\n<p>Hughes, na sedm m\u011bs\u00edc\u016f i hr\u00e1\u010d Evertonu, se op\u00edr\u00e1 o zn\u00e1m\u00e1 jm\u00e9na. V obran\u011b jsou to tvrd\u00ed ho\u0161i Martins Indi, Shawcross a Pieters; st\u0159ed pole ope\u010dov\u00e1v\u00e1 skotsko-vel\u0161sk\u00e9 duo Adam-Allen a v ofenziv\u011b \u0159\u00e1d\u00ed Shaqiri, Arnautovi\u0107 a v posledn\u00edch t\u00fddnech tak\u00e9 Peter Crouch, kter\u00fd vyhl\u00ed\u017e\u00ed stou branku v Premier League.<\/p>\n<p>Moment\u00e1ln\u011b dev\u00e1t\u00ed Potters v lednu pos\u00edlili o zlobiv\u00e9 d\u00edtko anglick\u00e9 kopan\u00e9, z West Bromu p\u0159ivedli za \u00a312m\u00a0Saida Berahina. T\u0159iadvacetilet\u00fd \u00fato\u010dn\u00edk m\u016f\u017ee ve st\u0159edu debutovat, naopak z\u00e1pas se pravd\u011bpodobn\u011b net\u00fdk\u00e1 Bonyho a Dioufa, vracej\u00edc\u00edch se z Africk\u00e9ho poh\u00e1ru, a kopa\u010dky ur\u010dit\u011b nenazuj\u00ed zran\u011bn\u00ed Butland, Cameron, Walters a Ireland.<\/p>\n<p>Absence Evertonu jsou o trochu m\u00e9n\u011b po\u010detn\u011bj\u0161\u00ed. Po vypadnut\u00ed z africk\u00e9ho \u0161ampion\u00e1tu st\u00e1le nebude k dispozici Gana a zran\u011bn\u00ed jsou Be\u0161i\u0107, Bolasie a Calvert-Lewin.<\/p>\n<p>Ronald Koeman si na p\u0159edz\u00e1pasov\u00e9 konferenci pochvaloval t\u0159i \u010dist\u00e1 konta v \u0159ad\u011b, i proto potvrdil v roli branka\u0159sk\u00e9 jedni\u010dky Joela Roblese. A\u010d se v\u00edt\u011bzn\u00e1 sestava nem\u011bn\u00ed, na \u00favodn\u00ed jeden\u00e1ctku si brous\u00ed zuby posila Morgan Schneiderlin. Francouz by mohl nastoupit m\u00edsto Barryho, \u010di, a to je v\u00edce pravd\u011bpodobn\u00e9, na \u00fakor mlad\u00e9ho Daviese.<\/p>\n<p><strong>Co:<\/strong> Stoke City FC &#8211; Everton FC, 23. kolo Premier League<br \/>\n<strong>Kdy:<\/strong> 01. 02. 2017 od 21:00 SE\u010c<br \/>\n<strong>Kde:<\/strong> Bet365 Stadium, Stoke-on-Trent (kapacita: 28 116)<br \/>\n<strong>Rozhod\u010d\u00ed:<\/strong> Craig Pawson<\/p>\n<\/div>\n","protected":false},"excerpt":{"rendered":"<p>Everton jede na v\u011btrnou h\u016frku do Stoke, kde m\u00edstn\u00ed u\u017e dlouho nejsou pouh\u00fdmi kop\u00e1\u010di. Forma obou odpo\u010dat\u00fdch mu\u017estev p\u0159edpov\u00edd\u00e1 vyrovnan\u00e9&hellip;<\/p>\n","protected":false},"author":6,"featured_media":25544,"comment_status":"open","ping_status":"closed","sticky":false,"template":"","format":"standard","meta":{"_eb_attr":"","_monsterinsights_skip_tracking":false,"_monsterinsights_sitenote_active":false,"_monsterinsights_sitenote_note":"","_monsterinsights_sitenote_category":0,"footnotes":""},"categories":[4],"tags":[],"yoast_head":"<!-- This site is optimized with the Yoast SEO plugin v23.4 - https:\/\/yoast.com\/wordpress\/plugins\/seo\/ -->\n<title>Preview: Stoke City - Everton - Official Czech &amp; Slovak Everton Supporters&#039; Club<\/title>\n<meta name=\"robots\" content=\"index, follow, max-snippet:-1, max-image-preview:large, max-video-preview:-1\" \/>\n<link rel=\"canonical\" href=\"https:\/\/evertonfc.cz\/index.php\/2017\/02\/01\/preview-stoke-city-everton-3\/\" \/>\n<meta property=\"og:locale\" content=\"cs_CZ\" \/>\n<meta property=\"og:type\" content=\"article\" \/>\n<meta property=\"og:title\" content=\"Preview: Stoke City - Everton - Official Czech &amp; Slovak Everton Supporters&#039; Club\" \/>\n<meta property=\"og:description\" content=\"Everton jede na v\u011btrnou h\u016frku do Stoke, kde m\u00edstn\u00ed u\u017e dlouho nejsou pouh\u00fdmi kop\u00e1\u010di. Forma obou odpo\u010dat\u00fdch mu\u017estev p\u0159edpov\u00edd\u00e1 vyrovnan\u00e9&hellip;\" \/>\n<meta property=\"og:url\" content=\"https:\/\/evertonfc.cz\/index.php\/2017\/02\/01\/preview-stoke-city-everton-3\/\" \/>\n<meta property=\"og:site_name\" content=\"Official Czech &amp; Slovak Everton Supporters&#039; Club\" \/>\n<meta property=\"article:publisher\" content=\"https:\/\/www.facebook.com\/everton.fans.cz.sk\" \/>\n<meta property=\"article:published_time\" content=\"2017-02-01T20:08:02+00:00\" \/>\n<meta property=\"article:modified_time\" content=\"2024-11-02T12:46:44+00:00\" \/>\n<meta property=\"og:image\" content=\"https:\/\/evertonfc.cz\/wp-content\/uploads\/2024\/11\/Stoke-City-VS-Everton.png\" \/>\n\t<meta property=\"og:image:width\" content=\"720\" \/>\n\t<meta property=\"og:image:height\" content=\"405\" \/>\n\t<meta property=\"og:image:type\" content=\"image\/png\" \/>\n<meta name=\"author\" content=\"Ri\u010di\" \/>\n<meta name=\"twitter:card\" content=\"summary_large_image\" \/>\n<meta name=\"twitter:creator\" content=\"@rbrejsa\" \/>\n<meta name=\"twitter:label1\" content=\"Napsal(a)\" \/>\n\t<meta name=\"twitter:data1\" content=\"Ri\u010di\" \/>\n\t<meta name=\"twitter:label2\" content=\"Odhadovan\u00e1 doba \u010dten\u00ed\" \/>\n\t<meta name=\"twitter:data2\" content=\"2 minuty\" \/>\n<script type=\"application\/ld+json\" class=\"yoast-schema-graph\">{\"@context\":\"https:\/\/schema.org\",\"@graph\":[{\"@type\":\"Article\",\"@id\":\"https:\/\/evertonfc.cz\/index.php\/2017\/02\/01\/preview-stoke-city-everton-3\/#article\",\"isPartOf\":{\"@id\":\"https:\/\/evertonfc.cz\/index.php\/2017\/02\/01\/preview-stoke-city-everton-3\/\"},\"author\":{\"name\":\"Ri\u010di\",\"@id\":\"https:\/\/evertonfc.cz\/#\/schema\/person\/f7a5daedb2ffee98480bc70e191aaef1\"},\"headline\":\"Preview: Stoke City &#8211; Everton\",\"datePublished\":\"2017-02-01T20:08:02+00:00\",\"dateModified\":\"2024-11-02T12:46:44+00:00\",\"mainEntityOfPage\":{\"@id\":\"https:\/\/evertonfc.cz\/index.php\/2017\/02\/01\/preview-stoke-city-everton-3\/\"},\"wordCount\":355,\"commentCount\":0,\"publisher\":{\"@id\":\"https:\/\/evertonfc.cz\/#organization\"},\"image\":{\"@id\":\"https:\/\/evertonfc.cz\/index.php\/2017\/02\/01\/preview-stoke-city-everton-3\/#primaryimage\"},\"thumbnailUrl\":\"https:\/\/evertonfc.cz\/wp-content\/uploads\/2024\/11\/Stoke-City-VS-Everton.png\",\"articleSection\":[\"Z\u00e1pasy\"],\"inLanguage\":\"cs\",\"potentialAction\":[{\"@type\":\"CommentAction\",\"name\":\"Comment\",\"target\":[\"https:\/\/evertonfc.cz\/index.php\/2017\/02\/01\/preview-stoke-city-everton-3\/#respond\"]}]},{\"@type\":\"WebPage\",\"@id\":\"https:\/\/evertonfc.cz\/index.php\/2017\/02\/01\/preview-stoke-city-everton-3\/\",\"url\":\"https:\/\/evertonfc.cz\/index.php\/2017\/02\/01\/preview-stoke-city-everton-3\/\",\"name\":\"Preview: Stoke City - Everton - Official Czech &amp; Slovak Everton Supporters&#039; Club\",\"isPartOf\":{\"@id\":\"https:\/\/evertonfc.cz\/#website\"},\"primaryImageOfPage\":{\"@id\":\"https:\/\/evertonfc.cz\/index.php\/2017\/02\/01\/preview-stoke-city-everton-3\/#primaryimage\"},\"image\":{\"@id\":\"https:\/\/evertonfc.cz\/index.php\/2017\/02\/01\/preview-stoke-city-everton-3\/#primaryimage\"},\"thumbnailUrl\":\"https:\/\/evertonfc.cz\/wp-content\/uploads\/2024\/11\/Stoke-City-VS-Everton.png\",\"datePublished\":\"2017-02-01T20:08:02+00:00\",\"dateModified\":\"2024-11-02T12:46:44+00:00\",\"breadcrumb\":{\"@id\":\"https:\/\/evertonfc.cz\/index.php\/2017\/02\/01\/preview-stoke-city-everton-3\/#breadcrumb\"},\"inLanguage\":\"cs\",\"potentialAction\":[{\"@type\":\"ReadAction\",\"target\":[\"https:\/\/evertonfc.cz\/index.php\/2017\/02\/01\/preview-stoke-city-everton-3\/\"]}]},{\"@type\":\"ImageObject\",\"inLanguage\":\"cs\",\"@id\":\"https:\/\/evertonfc.cz\/index.php\/2017\/02\/01\/preview-stoke-city-everton-3\/#primaryimage\",\"url\":\"https:\/\/evertonfc.cz\/wp-content\/uploads\/2024\/11\/Stoke-City-VS-Everton.png\",\"contentUrl\":\"https:\/\/evertonfc.cz\/wp-content\/uploads\/2024\/11\/Stoke-City-VS-Everton.png\",\"width\":720,\"height\":405},{\"@type\":\"BreadcrumbList\",\"@id\":\"https:\/\/evertonfc.cz\/index.php\/2017\/02\/01\/preview-stoke-city-everton-3\/#breadcrumb\",\"itemListElement\":[{\"@type\":\"ListItem\",\"position\":1,\"name\":\"Home\",\"item\":\"https:\/\/evertonfc.cz\/\"},{\"@type\":\"ListItem\",\"position\":2,\"name\":\"Preview: Stoke City &#8211; Everton\"}]},{\"@type\":\"WebSite\",\"@id\":\"https:\/\/evertonfc.cz\/#website\",\"url\":\"https:\/\/evertonfc.cz\/\",\"name\":\"Official Czech &amp; Slovak Everton Supporters&#039; Club\",\"description\":\"\",\"publisher\":{\"@id\":\"https:\/\/evertonfc.cz\/#organization\"},\"potentialAction\":[{\"@type\":\"SearchAction\",\"target\":{\"@type\":\"EntryPoint\",\"urlTemplate\":\"https:\/\/evertonfc.cz\/?s={search_term_string}\"},\"query-input\":{\"@type\":\"PropertyValueSpecification\",\"valueRequired\":true,\"valueName\":\"search_term_string\"}}],\"inLanguage\":\"cs\"},{\"@type\":\"Organization\",\"@id\":\"https:\/\/evertonfc.cz\/#organization\",\"name\":\"Official Czech & Slovak Everton Supporters' Club\",\"url\":\"https:\/\/evertonfc.cz\/\",\"logo\":{\"@type\":\"ImageObject\",\"inLanguage\":\"cs\",\"@id\":\"https:\/\/evertonfc.cz\/#\/schema\/logo\/image\/\",\"url\":\"https:\/\/evertonfc.cz\/wp-content\/uploads\/2019\/05\/logo.png\",\"contentUrl\":\"https:\/\/evertonfc.cz\/wp-content\/uploads\/2019\/05\/logo.png\",\"width\":112,\"height\":112,\"caption\":\"Official Czech & Slovak Everton Supporters' Club\"},\"image\":{\"@id\":\"https:\/\/evertonfc.cz\/#\/schema\/logo\/image\/\"},\"sameAs\":[\"https:\/\/www.facebook.com\/everton.fans.cz.sk\"]},{\"@type\":\"Person\",\"@id\":\"https:\/\/evertonfc.cz\/#\/schema\/person\/f7a5daedb2ffee98480bc70e191aaef1\",\"name\":\"Ri\u010di\",\"sameAs\":[\"https:\/\/x.com\/rbrejsa\"],\"url\":\"https:\/\/evertonfc.cz\/index.php\/author\/rici\/\"}]}<\/script>\n<!-- \/ Yoast SEO plugin. -->","yoast_head_json":{"title":"Preview: Stoke City - Everton - Official Czech &amp; Slovak Everton Supporters&#039; Club","robots":{"index":"index","follow":"follow","max-snippet":"max-snippet:-1","max-image-preview":"max-image-preview:large","max-video-preview":"max-video-preview:-1"},"canonical":"https:\/\/evertonfc.cz\/index.php\/2017\/02\/01\/preview-stoke-city-everton-3\/","og_locale":"cs_CZ","og_type":"article","og_title":"Preview: Stoke City - Everton - Official Czech &amp; Slovak Everton Supporters&#039; Club","og_description":"Everton jede na v\u011btrnou h\u016frku do Stoke, kde m\u00edstn\u00ed u\u017e dlouho nejsou pouh\u00fdmi kop\u00e1\u010di. Forma obou odpo\u010dat\u00fdch mu\u017estev p\u0159edpov\u00edd\u00e1 vyrovnan\u00e9&hellip;","og_url":"https:\/\/evertonfc.cz\/index.php\/2017\/02\/01\/preview-stoke-city-everton-3\/","og_site_name":"Official Czech &amp; Slovak Everton Supporters&#039; Club","article_publisher":"https:\/\/www.facebook.com\/everton.fans.cz.sk","article_published_time":"2017-02-01T20:08:02+00:00","article_modified_time":"2024-11-02T12:46:44+00:00","og_image":[{"width":720,"height":405,"url":"https:\/\/evertonfc.cz\/wp-content\/uploads\/2024\/11\/Stoke-City-VS-Everton.png","type":"image\/png"}],"author":"Ri\u010di","twitter_card":"summary_large_image","twitter_creator":"@rbrejsa","twitter_misc":{"Napsal(a)":"Ri\u010di","Odhadovan\u00e1 doba \u010dten\u00ed":"2 minuty"},"schema":{"@context":"https:\/\/schema.org","@graph":[{"@type":"Article","@id":"https:\/\/evertonfc.cz\/index.php\/2017\/02\/01\/preview-stoke-city-everton-3\/#article","isPartOf":{"@id":"https:\/\/evertonfc.cz\/index.php\/2017\/02\/01\/preview-stoke-city-everton-3\/"},"author":{"name":"Ri\u010di","@id":"https:\/\/evertonfc.cz\/#\/schema\/person\/f7a5daedb2ffee98480bc70e191aaef1"},"headline":"Preview: Stoke City &#8211; Everton","datePublished":"2017-02-01T20:08:02+00:00","dateModified":"2024-11-02T12:46:44+00:00","mainEntityOfPage":{"@id":"https:\/\/evertonfc.cz\/index.php\/2017\/02\/01\/preview-stoke-city-everton-3\/"},"wordCount":355,"commentCount":0,"publisher":{"@id":"https:\/\/evertonfc.cz\/#organization"},"image":{"@id":"https:\/\/evertonfc.cz\/index.php\/2017\/02\/01\/preview-stoke-city-everton-3\/#primaryimage"},"thumbnailUrl":"https:\/\/evertonfc.cz\/wp-content\/uploads\/2024\/11\/Stoke-City-VS-Everton.png","articleSection":["Z\u00e1pasy"],"inLanguage":"cs","potentialAction":[{"@type":"CommentAction","name":"Comment","target":["https:\/\/evertonfc.cz\/index.php\/2017\/02\/01\/preview-stoke-city-everton-3\/#respond"]}]},{"@type":"WebPage","@id":"https:\/\/evertonfc.cz\/index.php\/2017\/02\/01\/preview-stoke-city-everton-3\/","url":"https:\/\/evertonfc.cz\/index.php\/2017\/02\/01\/preview-stoke-city-everton-3\/","name":"Preview: Stoke City - Everton - Official Czech &amp; Slovak Everton Supporters&#039; Club","isPartOf":{"@id":"https:\/\/evertonfc.cz\/#website"},"primaryImageOfPage":{"@id":"https:\/\/evertonfc.cz\/index.php\/2017\/02\/01\/preview-stoke-city-everton-3\/#primaryimage"},"image":{"@id":"https:\/\/evertonfc.cz\/index.php\/2017\/02\/01\/preview-stoke-city-everton-3\/#primaryimage"},"thumbnailUrl":"https:\/\/evertonfc.cz\/wp-content\/uploads\/2024\/11\/Stoke-City-VS-Everton.png","datePublished":"2017-02-01T20:08:02+00:00","dateModified":"2024-11-02T12:46:44+00:00","breadcrumb":{"@id":"https:\/\/evertonfc.cz\/index.php\/2017\/02\/01\/preview-stoke-city-everton-3\/#breadcrumb"},"inLanguage":"cs","potentialAction":[{"@type":"ReadAction","target":["https:\/\/evertonfc.cz\/index.php\/2017\/02\/01\/preview-stoke-city-everton-3\/"]}]},{"@type":"ImageObject","inLanguage":"cs","@id":"https:\/\/evertonfc.cz\/index.php\/2017\/02\/01\/preview-stoke-city-everton-3\/#primaryimage","url":"https:\/\/evertonfc.cz\/wp-content\/uploads\/2024\/11\/Stoke-City-VS-Everton.png","contentUrl":"https:\/\/evertonfc.cz\/wp-content\/uploads\/2024\/11\/Stoke-City-VS-Everton.png","width":720,"height":405},{"@type":"BreadcrumbList","@id":"https:\/\/evertonfc.cz\/index.php\/2017\/02\/01\/preview-stoke-city-everton-3\/#breadcrumb","itemListElement":[{"@type":"ListItem","position":1,"name":"Home","item":"https:\/\/evertonfc.cz\/"},{"@type":"ListItem","position":2,"name":"Preview: Stoke City &#8211; Everton"}]},{"@type":"WebSite","@id":"https:\/\/evertonfc.cz\/#website","url":"https:\/\/evertonfc.cz\/","name":"Official Czech &amp; Slovak Everton Supporters&#039; Club","description":"","publisher":{"@id":"https:\/\/evertonfc.cz\/#organization"},"potentialAction":[{"@type":"SearchAction","target":{"@type":"EntryPoint","urlTemplate":"https:\/\/evertonfc.cz\/?s={search_term_string}"},"query-input":{"@type":"PropertyValueSpecification","valueRequired":true,"valueName":"search_term_string"}}],"inLanguage":"cs"},{"@type":"Organization","@id":"https:\/\/evertonfc.cz\/#organization","name":"Official Czech & Slovak Everton Supporters' Club","url":"https:\/\/evertonfc.cz\/","logo":{"@type":"ImageObject","inLanguage":"cs","@id":"https:\/\/evertonfc.cz\/#\/schema\/logo\/image\/","url":"https:\/\/evertonfc.cz\/wp-content\/uploads\/2019\/05\/logo.png","contentUrl":"https:\/\/evertonfc.cz\/wp-content\/uploads\/2019\/05\/logo.png","width":112,"height":112,"caption":"Official Czech & Slovak Everton Supporters' Club"},"image":{"@id":"https:\/\/evertonfc.cz\/#\/schema\/logo\/image\/"},"sameAs":["https:\/\/www.facebook.com\/everton.fans.cz.sk"]},{"@type":"Person","@id":"https:\/\/evertonfc.cz\/#\/schema\/person\/f7a5daedb2ffee98480bc70e191aaef1","name":"Ri\u010di","sameAs":["https:\/\/x.com\/rbrejsa"],"url":"https:\/\/evertonfc.cz\/index.php\/author\/rici\/"}]}},"_links":{"self":[{"href":"https:\/\/evertonfc.cz\/index.php\/wp-json\/wp\/v2\/posts\/3266"}],"collection":[{"href":"https:\/\/evertonfc.cz\/index.php\/wp-json\/wp\/v2\/posts"}],"about":[{"href":"https:\/\/evertonfc.cz\/index.php\/wp-json\/wp\/v2\/types\/post"}],"author":[{"embeddable":true,"href":"https:\/\/evertonfc.cz\/index.php\/wp-json\/wp\/v2\/users\/6"}],"replies":[{"embeddable":true,"href":"https:\/\/evertonfc.cz\/index.php\/wp-json\/wp\/v2\/comments?post=3266"}],"version-history":[{"count":2,"href":"https:\/\/evertonfc.cz\/index.php\/wp-json\/wp\/v2\/posts\/3266\/revisions"}],"predecessor-version":[{"id":3304,"href":"https:\/\/evertonfc.cz\/index.php\/wp-json\/wp\/v2\/posts\/3266\/revisions\/3304"}],"wp:featuredmedia":[{"embeddable":true,"href":"https:\/\/evertonfc.cz\/index.php\/wp-json\/wp\/v2\/media\/25544"}],"wp:attachment":[{"href":"https:\/\/evertonfc.cz\/index.php\/wp-json\/wp\/v2\/media?parent=3266"}],"wp:term":[{"taxonomy":"category","embeddable":true,"href":"https:\/\/evertonfc.cz\/index.php\/wp-json\/wp\/v2\/categories?post=3266"},{"taxonomy":"post_tag","embeddable":true,"href":"https:\/\/evertonfc.cz\/index.php\/wp-json\/wp\/v2\/tags?post=3266"}],"curies":[{"name":"wp","href":"https:\/\/api.w.org\/{rel}","templated":true}]}}