{"id":3269,"date":"2017-02-01T21:09:37","date_gmt":"2017-02-01T20:09:37","guid":{"rendered":"http:\/\/evertonfc.cz\/?p=3269"},"modified":"2019-02-10T21:12:00","modified_gmt":"2019-02-10T20:12:00","slug":"poklidny-deadline-day","status":"publish","type":"post","link":"https:\/\/evertonfc.cz\/index.php\/2017\/02\/01\/poklidny-deadline-day\/","title":{"rendered":"Poklidn\u00fd Deadline Day"},"content":{"rendered":"<h4 id=\"NewsPostDetailSummary\">V posledn\u00ed den lednov\u00e9ho p\u0159estupn\u00edho term\u00ednu Blues \u017e\u00e1dnou velkou aktivitou nesr\u0161eli. Krom\u011b vyexpedov\u00e1n\u00ed\u00a0n\u011bkolika mlad\u00edk\u016f na hostov\u00e1n\u00ed bylo ticho. Koeman se evidentn\u011b spokojil s d\u0159\u00edv\u011bj\u0161\u00edmi n\u00e1kupy.<\/h4>\n<div id=\"NewsPostDetailContent\">\n<p><em>11:32<\/em> Po v\u010derej\u0161\u00edch odchodech Bryana Ovieda a Darrona Gibsona (takov\u00fd ten ple\u0161at\u00fd, co um\u00ed st\u0159\u00edlet z d\u00e1lky, kdyby si n\u011bkdo nepamatoval) se dnes Toffees pravd\u011bpodobn\u011b rozlou\u010d\u00ed tak\u00e9 s Arounou Kon\u00e9m. Ronald Koeman potvrdil, \u017ee za zku\u0161en\u00e9ho \u00fato\u010dn\u00edka obdr\u017eel p\u00e1r nab\u00eddek.<\/p>\n<p>Minim\u00e1ln\u011b do l\u00e9ta v t\u00fdmu setrv\u00e1 Phil Jagielka, Holan\u010fan s kapit\u00e1nem debatoval a p\u0159esv\u011bd\u010dil ho k setrv\u00e1n\u00ed. Mana\u017eer Evertonu z\u00e1rove\u0148 p\u0159iznal z\u00e1jem o Michaela Keana z Burnley. \u010cty\u0159iadvacetilet\u00e9ho stopera Burnley v\u0161ak bude slo\u017eit\u00e9 z\u00edskat dnes \u010di v budoucnu, potencion\u00e1ln\u00edch kupc\u016f je toti\u017e n\u011bkolik.<\/p>\n<p>Nebyl by to Deadline Day, kdyby se opomenuly spekulace. \u00dato\u010dn\u00edk David Henen pr\u00fd sm\u011b\u0159uje do francouzsk\u00e9ho Lille. David Unsworth by naopak cht\u011bl v\u00fdb\u011br U23 vyztu\u017eit o osmn\u00e1ctilet\u00e9ho branka\u0159e Aarona Ramsdala ze Sheffieldu United. A ano, op\u011bt se vyrojily zpr\u00e1vy o Andriyovi Yarmolenkovi&#8230;<\/p>\n<p><strong>Dosavadn\u00ed lednov\u00e9 transferov\u00e9 aktivity na Goodison Parku<\/strong><\/p>\n<p><strong>P\u0159\u00edchody:<\/strong><br \/>\nLuke Garbutt &#8211; U23 (Wigan Athletic, n\u00e1vrat z hostov\u00e1n\u00ed)<br \/>\nAdemola Lookman (Charlton Athletic, \u00a38+3m)<br \/>\nMorgan Schneiderlin (Manchester United, \u00a320+4m)<br \/>\nAnton Donkor &#8211; U23 (VfL Wolfsburg, hostov\u00e1n\u00ed)<\/p>\n<p><strong>Odchody:<\/strong><br \/>\nDelial Brewster &#8211; U23 (Southport, hostov\u00e1n\u00ed)<br \/>\nConor Grant &#8211; U23 (Doncaster Rovers, hostov\u00e1n\u00ed)<br \/>\nTom Cleverley (Watford, hostov\u00e1n\u00ed s opc\u00ed \u00a38m)<br \/>\nOumar Niasse (Hull City, hostov\u00e1n\u00ed s opc\u00ed \u00a310m)<br \/>\nCallum Connolly &#8211; U23 (Wigan Athletic, hostov\u00e1n\u00ed)<br \/>\nGethin Jones &#8211; U23 (Barnsley, hostov\u00e1n\u00ed)<br \/>\nAntony Evans &#8211; U23 (Morecambe, hostov\u00e1n\u00ed)<br \/>\nNathan Holland &#8211; U23 (West Ham United, \u00a3300 000)<br \/>\nGerard Deulofeu (AC Mil\u00e1n, hostov\u00e1n\u00ed)<br \/>\nRussell Griffiths &#8211; U23 (Motherwell, hostov\u00e1n\u00ed)<br \/>\nTyias Browning &#8211; U23 (Preston, hostov\u00e1n\u00ed)<br \/>\nBryan Oviedo a Darron Gibson (oba Sunderland, \u00a37,5m)<\/p>\n<p>*\u010d\u00e1stky nebyly ofici\u00e1ln\u011b potvrzeny, jedn\u00e1 se odhady m\u00e9di\u00ed<\/p>\n<p><em>14:19 <\/em>Spekulace ohledn\u011b p\u0159estupu Henena do Francie s\u00edl\u00ed. D\u00e1le pr\u00fd Everton odm\u00edtl nab\u00eddku Brightonu za mlad\u00e9ho \u00fato\u010dn\u00edka Courtneyho Duffuse a Aaron Lennon je k m\u00e1n\u00ed na hostov\u00e1n\u00ed.<\/p>\n<p><em>17:48<\/em> Chris Hughton z Brightonu evidentn\u011b zac\u00edlil na Duffuse. Negativn\u00ed postoj EFC hodl\u00e1 zvr\u00e1tit vylep\u0161en\u00fdm n\u00e1vrhem.<\/p>\n<p>Mlad\u00edc\u00ed\u00a0Jack Bainbridge a Mike Donohue, pod smlouvami do l\u00e9ta, jsou na testech ve Stoke City. V\u010dera za Potters U23 odehr\u00e1li z\u00e1pas, a pokud zaujali, Everton je otev\u0159en\u00fd p\u0159estupu.<\/p>\n<p><em>20:30<\/em> Toffees se v lednu vypt\u00e1vali na branka\u0159e Adri\u00e1na z West Hamu. Nakonec z\u016fstalo u prvotn\u00edho o\u0165uk\u00e1v\u00e1n\u00ed, jeliko\u017e m\u00edsto jedni\u010dky si posledn\u00edmi v\u00fdkony vydobyl Joel Robles. Ot\u00e1zka obsazen\u00ed g\u00f3lmansk\u00e9ho postu bude na po\u0159adu v l\u00e9t\u011b.<\/p>\n<p>Rychl\u00fd pohled k Moyesovi na Stadium of Light. Zbude m\u00edsto pro Kon\u00e9ho, kdy\u017e se Anichebe zranil na t\u0159i m\u011bs\u00edce?<\/p>\n<p><em>23:13<\/em> DOHODNUTO: Necht\u011bn\u00fd Conor McAleny zam\u00ed\u0159il do \u010dervna na hostov\u00e1n\u00ed do Oxfordu. V l\u00e9t\u011b mu na Goodisonu vypr\u0161\u00ed kontrakt, kr\u00e1lovsky modr\u00fd dres tud\u00ed\u017e u\u017e neobl\u00e9kne.<\/p>\n<p>Aaron Ramsdale, anglick\u00fd reprezentant do 19 let,\u00a0jeho\u017e si \u017e\u00e1dal David Unsworth, zakotv\u00ed v Bournemouthu. A klub m\u011bn\u00ed rovn\u011b\u017e dal\u0161\u00ed jm\u00e9no spojovan\u00e9 s EFC. Italsk\u00fd hro\u0165\u00e1k Manolo Gabbiadini podepsal Southamptonu. Neapol za n\u011bj obdr\u017eela\u00a0\u00a314m.<\/p>\n<p><em>23:30<\/em> Sam Allardyce potvrdil z\u00e1jem o Arounu Kon\u00e9ho. Boss Crystalu Palace ale nev\u00ed, zda se obchod stihne v\u010das vy\u0159\u00eddit.<\/p>\n<p>DOHODNUTO: Steven Kinsella z U18 si vyzkou\u0161\u00ed irskou ligu. Zap\u016fj\u010den byl do Dundalku.<\/p>\n<p><em>00:00<\/em> DOHODNUTO:\u00a0Calum Dyson bude hostovat v Grismby Town a Leandro Rodriguez v belgick\u00e9m Waasland-Beverenu.<\/p>\n<p>P\u0159estupn\u00ed term\u00edn skon\u010dil. Nicm\u00e9n\u011b kluby maj\u00ed jednu hodinu, aby dokon\u010dily pap\u00edrovan\u00ed u transfer\u016f, kter\u00e9 uzav\u0159ely do p\u016flnoci.<\/p>\n<p><em>01:10 <\/em>Popravd\u011b na Kon\u00e9ho v Crystalu Palace se mi \u010dekat nechce. Tak \u010di tak v l\u00e9t\u011b si po expiraci smlouvy bude hledat nov\u00e9 anga\u017em\u00e1.<\/p>\n<p><em>9:11 <\/em>P\u0159esuny Kon\u00e9ho k Eagles a Henena do Lille krachly, oba v nejbli\u017e\u0161\u00edch m\u011bs\u00edc\u00edch\u00a0pobudou na Merseyside.<\/p>\n<\/div>\n","protected":false},"excerpt":{"rendered":"<p>V posledn\u00ed den lednov\u00e9ho p\u0159estupn\u00edho term\u00ednu Blues \u017e\u00e1dnou velkou aktivitou nesr\u0161eli. Krom\u011b vyexpedov\u00e1n\u00ed\u00a0n\u011bkolika mlad\u00edk\u016f na hostov\u00e1n\u00ed bylo ticho. Koeman se&hellip;<\/p>\n","protected":false},"author":6,"featured_media":1316,"comment_status":"open","ping_status":"closed","sticky":false,"template":"","format":"standard","meta":{"_eb_attr":"","_monsterinsights_skip_tracking":false,"_monsterinsights_sitenote_active":false,"_monsterinsights_sitenote_note":"","_monsterinsights_sitenote_category":0,"footnotes":""},"categories":[41],"tags":[],"yoast_head":"<!-- This site is optimized with the Yoast SEO plugin v23.4 - https:\/\/yoast.com\/wordpress\/plugins\/seo\/ -->\n<title>Poklidn\u00fd Deadline Day - Official Czech &amp; Slovak Everton Supporters&#039; Club<\/title>\n<meta name=\"robots\" content=\"index, follow, max-snippet:-1, max-image-preview:large, max-video-preview:-1\" \/>\n<link rel=\"canonical\" href=\"https:\/\/evertonfc.cz\/index.php\/2017\/02\/01\/poklidny-deadline-day\/\" \/>\n<meta property=\"og:locale\" content=\"cs_CZ\" \/>\n<meta property=\"og:type\" content=\"article\" \/>\n<meta property=\"og:title\" content=\"Poklidn\u00fd Deadline Day - Official Czech &amp; Slovak Everton Supporters&#039; Club\" \/>\n<meta property=\"og:description\" content=\"V posledn\u00ed den lednov\u00e9ho p\u0159estupn\u00edho term\u00ednu Blues \u017e\u00e1dnou velkou aktivitou nesr\u0161eli. Krom\u011b vyexpedov\u00e1n\u00ed\u00a0n\u011bkolika mlad\u00edk\u016f na hostov\u00e1n\u00ed bylo ticho. Koeman se&hellip;\" \/>\n<meta property=\"og:url\" content=\"https:\/\/evertonfc.cz\/index.php\/2017\/02\/01\/poklidny-deadline-day\/\" \/>\n<meta property=\"og:site_name\" content=\"Official Czech &amp; Slovak Everton Supporters&#039; Club\" \/>\n<meta property=\"article:publisher\" content=\"https:\/\/www.facebook.com\/everton.fans.cz.sk\" \/>\n<meta property=\"article:published_time\" content=\"2017-02-01T20:09:37+00:00\" \/>\n<meta property=\"article:modified_time\" content=\"2019-02-10T20:12:00+00:00\" \/>\n<meta property=\"og:image\" content=\"https:\/\/evertonfc.cz\/wp-content\/uploads\/2019\/01\/transfer.jpg\" \/>\n\t<meta property=\"og:image:width\" content=\"720\" \/>\n\t<meta property=\"og:image:height\" content=\"405\" \/>\n\t<meta property=\"og:image:type\" content=\"image\/jpeg\" \/>\n<meta name=\"author\" content=\"Ri\u010di\" \/>\n<meta name=\"twitter:card\" content=\"summary_large_image\" \/>\n<meta name=\"twitter:creator\" content=\"@rbrejsa\" \/>\n<meta name=\"twitter:label1\" content=\"Napsal(a)\" \/>\n\t<meta name=\"twitter:data1\" content=\"Ri\u010di\" \/>\n\t<meta name=\"twitter:label2\" content=\"Odhadovan\u00e1 doba \u010dten\u00ed\" \/>\n\t<meta name=\"twitter:data2\" content=\"4 minuty\" \/>\n<script type=\"application\/ld+json\" class=\"yoast-schema-graph\">{\"@context\":\"https:\/\/schema.org\",\"@graph\":[{\"@type\":\"Article\",\"@id\":\"https:\/\/evertonfc.cz\/index.php\/2017\/02\/01\/poklidny-deadline-day\/#article\",\"isPartOf\":{\"@id\":\"https:\/\/evertonfc.cz\/index.php\/2017\/02\/01\/poklidny-deadline-day\/\"},\"author\":{\"name\":\"Ri\u010di\",\"@id\":\"https:\/\/evertonfc.cz\/#\/schema\/person\/f7a5daedb2ffee98480bc70e191aaef1\"},\"headline\":\"Poklidn\u00fd Deadline Day\",\"datePublished\":\"2017-02-01T20:09:37+00:00\",\"dateModified\":\"2019-02-10T20:12:00+00:00\",\"mainEntityOfPage\":{\"@id\":\"https:\/\/evertonfc.cz\/index.php\/2017\/02\/01\/poklidny-deadline-day\/\"},\"wordCount\":715,\"commentCount\":0,\"publisher\":{\"@id\":\"https:\/\/evertonfc.cz\/#organization\"},\"image\":{\"@id\":\"https:\/\/evertonfc.cz\/index.php\/2017\/02\/01\/poklidny-deadline-day\/#primaryimage\"},\"thumbnailUrl\":\"https:\/\/evertonfc.cz\/wp-content\/uploads\/2019\/01\/transfer.jpg\",\"articleSection\":[\"P\u0159estupy\"],\"inLanguage\":\"cs\",\"potentialAction\":[{\"@type\":\"CommentAction\",\"name\":\"Comment\",\"target\":[\"https:\/\/evertonfc.cz\/index.php\/2017\/02\/01\/poklidny-deadline-day\/#respond\"]}]},{\"@type\":\"WebPage\",\"@id\":\"https:\/\/evertonfc.cz\/index.php\/2017\/02\/01\/poklidny-deadline-day\/\",\"url\":\"https:\/\/evertonfc.cz\/index.php\/2017\/02\/01\/poklidny-deadline-day\/\",\"name\":\"Poklidn\u00fd Deadline Day - Official Czech &amp; Slovak Everton Supporters&#039; Club\",\"isPartOf\":{\"@id\":\"https:\/\/evertonfc.cz\/#website\"},\"primaryImageOfPage\":{\"@id\":\"https:\/\/evertonfc.cz\/index.php\/2017\/02\/01\/poklidny-deadline-day\/#primaryimage\"},\"image\":{\"@id\":\"https:\/\/evertonfc.cz\/index.php\/2017\/02\/01\/poklidny-deadline-day\/#primaryimage\"},\"thumbnailUrl\":\"https:\/\/evertonfc.cz\/wp-content\/uploads\/2019\/01\/transfer.jpg\",\"datePublished\":\"2017-02-01T20:09:37+00:00\",\"dateModified\":\"2019-02-10T20:12:00+00:00\",\"breadcrumb\":{\"@id\":\"https:\/\/evertonfc.cz\/index.php\/2017\/02\/01\/poklidny-deadline-day\/#breadcrumb\"},\"inLanguage\":\"cs\",\"potentialAction\":[{\"@type\":\"ReadAction\",\"target\":[\"https:\/\/evertonfc.cz\/index.php\/2017\/02\/01\/poklidny-deadline-day\/\"]}]},{\"@type\":\"ImageObject\",\"inLanguage\":\"cs\",\"@id\":\"https:\/\/evertonfc.cz\/index.php\/2017\/02\/01\/poklidny-deadline-day\/#primaryimage\",\"url\":\"https:\/\/evertonfc.cz\/wp-content\/uploads\/2019\/01\/transfer.jpg\",\"contentUrl\":\"https:\/\/evertonfc.cz\/wp-content\/uploads\/2019\/01\/transfer.jpg\",\"width\":720,\"height\":405},{\"@type\":\"BreadcrumbList\",\"@id\":\"https:\/\/evertonfc.cz\/index.php\/2017\/02\/01\/poklidny-deadline-day\/#breadcrumb\",\"itemListElement\":[{\"@type\":\"ListItem\",\"position\":1,\"name\":\"Home\",\"item\":\"https:\/\/evertonfc.cz\/\"},{\"@type\":\"ListItem\",\"position\":2,\"name\":\"Poklidn\u00fd Deadline Day\"}]},{\"@type\":\"WebSite\",\"@id\":\"https:\/\/evertonfc.cz\/#website\",\"url\":\"https:\/\/evertonfc.cz\/\",\"name\":\"Official Czech &amp; Slovak Everton Supporters&#039; Club\",\"description\":\"\",\"publisher\":{\"@id\":\"https:\/\/evertonfc.cz\/#organization\"},\"potentialAction\":[{\"@type\":\"SearchAction\",\"target\":{\"@type\":\"EntryPoint\",\"urlTemplate\":\"https:\/\/evertonfc.cz\/?s={search_term_string}\"},\"query-input\":{\"@type\":\"PropertyValueSpecification\",\"valueRequired\":true,\"valueName\":\"search_term_string\"}}],\"inLanguage\":\"cs\"},{\"@type\":\"Organization\",\"@id\":\"https:\/\/evertonfc.cz\/#organization\",\"name\":\"Official Czech & Slovak Everton Supporters' Club\",\"url\":\"https:\/\/evertonfc.cz\/\",\"logo\":{\"@type\":\"ImageObject\",\"inLanguage\":\"cs\",\"@id\":\"https:\/\/evertonfc.cz\/#\/schema\/logo\/image\/\",\"url\":\"https:\/\/evertonfc.cz\/wp-content\/uploads\/2019\/05\/logo.png\",\"contentUrl\":\"https:\/\/evertonfc.cz\/wp-content\/uploads\/2019\/05\/logo.png\",\"width\":112,\"height\":112,\"caption\":\"Official Czech & Slovak Everton Supporters' Club\"},\"image\":{\"@id\":\"https:\/\/evertonfc.cz\/#\/schema\/logo\/image\/\"},\"sameAs\":[\"https:\/\/www.facebook.com\/everton.fans.cz.sk\"]},{\"@type\":\"Person\",\"@id\":\"https:\/\/evertonfc.cz\/#\/schema\/person\/f7a5daedb2ffee98480bc70e191aaef1\",\"name\":\"Ri\u010di\",\"sameAs\":[\"https:\/\/x.com\/rbrejsa\"],\"url\":\"https:\/\/evertonfc.cz\/index.php\/author\/rici\/\"}]}<\/script>\n<!-- \/ Yoast SEO plugin. -->","yoast_head_json":{"title":"Poklidn\u00fd Deadline Day - Official Czech &amp; Slovak Everton Supporters&#039; Club","robots":{"index":"index","follow":"follow","max-snippet":"max-snippet:-1","max-image-preview":"max-image-preview:large","max-video-preview":"max-video-preview:-1"},"canonical":"https:\/\/evertonfc.cz\/index.php\/2017\/02\/01\/poklidny-deadline-day\/","og_locale":"cs_CZ","og_type":"article","og_title":"Poklidn\u00fd Deadline Day - Official Czech &amp; Slovak Everton Supporters&#039; Club","og_description":"V posledn\u00ed den lednov\u00e9ho p\u0159estupn\u00edho term\u00ednu Blues \u017e\u00e1dnou velkou aktivitou nesr\u0161eli. Krom\u011b vyexpedov\u00e1n\u00ed\u00a0n\u011bkolika mlad\u00edk\u016f na hostov\u00e1n\u00ed bylo ticho. Koeman se&hellip;","og_url":"https:\/\/evertonfc.cz\/index.php\/2017\/02\/01\/poklidny-deadline-day\/","og_site_name":"Official Czech &amp; Slovak Everton Supporters&#039; Club","article_publisher":"https:\/\/www.facebook.com\/everton.fans.cz.sk","article_published_time":"2017-02-01T20:09:37+00:00","article_modified_time":"2019-02-10T20:12:00+00:00","og_image":[{"width":720,"height":405,"url":"https:\/\/evertonfc.cz\/wp-content\/uploads\/2019\/01\/transfer.jpg","type":"image\/jpeg"}],"author":"Ri\u010di","twitter_card":"summary_large_image","twitter_creator":"@rbrejsa","twitter_misc":{"Napsal(a)":"Ri\u010di","Odhadovan\u00e1 doba \u010dten\u00ed":"4 minuty"},"schema":{"@context":"https:\/\/schema.org","@graph":[{"@type":"Article","@id":"https:\/\/evertonfc.cz\/index.php\/2017\/02\/01\/poklidny-deadline-day\/#article","isPartOf":{"@id":"https:\/\/evertonfc.cz\/index.php\/2017\/02\/01\/poklidny-deadline-day\/"},"author":{"name":"Ri\u010di","@id":"https:\/\/evertonfc.cz\/#\/schema\/person\/f7a5daedb2ffee98480bc70e191aaef1"},"headline":"Poklidn\u00fd Deadline Day","datePublished":"2017-02-01T20:09:37+00:00","dateModified":"2019-02-10T20:12:00+00:00","mainEntityOfPage":{"@id":"https:\/\/evertonfc.cz\/index.php\/2017\/02\/01\/poklidny-deadline-day\/"},"wordCount":715,"commentCount":0,"publisher":{"@id":"https:\/\/evertonfc.cz\/#organization"},"image":{"@id":"https:\/\/evertonfc.cz\/index.php\/2017\/02\/01\/poklidny-deadline-day\/#primaryimage"},"thumbnailUrl":"https:\/\/evertonfc.cz\/wp-content\/uploads\/2019\/01\/transfer.jpg","articleSection":["P\u0159estupy"],"inLanguage":"cs","potentialAction":[{"@type":"CommentAction","name":"Comment","target":["https:\/\/evertonfc.cz\/index.php\/2017\/02\/01\/poklidny-deadline-day\/#respond"]}]},{"@type":"WebPage","@id":"https:\/\/evertonfc.cz\/index.php\/2017\/02\/01\/poklidny-deadline-day\/","url":"https:\/\/evertonfc.cz\/index.php\/2017\/02\/01\/poklidny-deadline-day\/","name":"Poklidn\u00fd Deadline Day - Official Czech &amp; Slovak Everton Supporters&#039; Club","isPartOf":{"@id":"https:\/\/evertonfc.cz\/#website"},"primaryImageOfPage":{"@id":"https:\/\/evertonfc.cz\/index.php\/2017\/02\/01\/poklidny-deadline-day\/#primaryimage"},"image":{"@id":"https:\/\/evertonfc.cz\/index.php\/2017\/02\/01\/poklidny-deadline-day\/#primaryimage"},"thumbnailUrl":"https:\/\/evertonfc.cz\/wp-content\/uploads\/2019\/01\/transfer.jpg","datePublished":"2017-02-01T20:09:37+00:00","dateModified":"2019-02-10T20:12:00+00:00","breadcrumb":{"@id":"https:\/\/evertonfc.cz\/index.php\/2017\/02\/01\/poklidny-deadline-day\/#breadcrumb"},"inLanguage":"cs","potentialAction":[{"@type":"ReadAction","target":["https:\/\/evertonfc.cz\/index.php\/2017\/02\/01\/poklidny-deadline-day\/"]}]},{"@type":"ImageObject","inLanguage":"cs","@id":"https:\/\/evertonfc.cz\/index.php\/2017\/02\/01\/poklidny-deadline-day\/#primaryimage","url":"https:\/\/evertonfc.cz\/wp-content\/uploads\/2019\/01\/transfer.jpg","contentUrl":"https:\/\/evertonfc.cz\/wp-content\/uploads\/2019\/01\/transfer.jpg","width":720,"height":405},{"@type":"BreadcrumbList","@id":"https:\/\/evertonfc.cz\/index.php\/2017\/02\/01\/poklidny-deadline-day\/#breadcrumb","itemListElement":[{"@type":"ListItem","position":1,"name":"Home","item":"https:\/\/evertonfc.cz\/"},{"@type":"ListItem","position":2,"name":"Poklidn\u00fd Deadline Day"}]},{"@type":"WebSite","@id":"https:\/\/evertonfc.cz\/#website","url":"https:\/\/evertonfc.cz\/","name":"Official Czech &amp; Slovak Everton Supporters&#039; Club","description":"","publisher":{"@id":"https:\/\/evertonfc.cz\/#organization"},"potentialAction":[{"@type":"SearchAction","target":{"@type":"EntryPoint","urlTemplate":"https:\/\/evertonfc.cz\/?s={search_term_string}"},"query-input":{"@type":"PropertyValueSpecification","valueRequired":true,"valueName":"search_term_string"}}],"inLanguage":"cs"},{"@type":"Organization","@id":"https:\/\/evertonfc.cz\/#organization","name":"Official Czech & Slovak Everton Supporters' Club","url":"https:\/\/evertonfc.cz\/","logo":{"@type":"ImageObject","inLanguage":"cs","@id":"https:\/\/evertonfc.cz\/#\/schema\/logo\/image\/","url":"https:\/\/evertonfc.cz\/wp-content\/uploads\/2019\/05\/logo.png","contentUrl":"https:\/\/evertonfc.cz\/wp-content\/uploads\/2019\/05\/logo.png","width":112,"height":112,"caption":"Official Czech & Slovak Everton Supporters' Club"},"image":{"@id":"https:\/\/evertonfc.cz\/#\/schema\/logo\/image\/"},"sameAs":["https:\/\/www.facebook.com\/everton.fans.cz.sk"]},{"@type":"Person","@id":"https:\/\/evertonfc.cz\/#\/schema\/person\/f7a5daedb2ffee98480bc70e191aaef1","name":"Ri\u010di","sameAs":["https:\/\/x.com\/rbrejsa"],"url":"https:\/\/evertonfc.cz\/index.php\/author\/rici\/"}]}},"_links":{"self":[{"href":"https:\/\/evertonfc.cz\/index.php\/wp-json\/wp\/v2\/posts\/3269"}],"collection":[{"href":"https:\/\/evertonfc.cz\/index.php\/wp-json\/wp\/v2\/posts"}],"about":[{"href":"https:\/\/evertonfc.cz\/index.php\/wp-json\/wp\/v2\/types\/post"}],"author":[{"embeddable":true,"href":"https:\/\/evertonfc.cz\/index.php\/wp-json\/wp\/v2\/users\/6"}],"replies":[{"embeddable":true,"href":"https:\/\/evertonfc.cz\/index.php\/wp-json\/wp\/v2\/comments?post=3269"}],"version-history":[{"count":1,"href":"https:\/\/evertonfc.cz\/index.php\/wp-json\/wp\/v2\/posts\/3269\/revisions"}],"predecessor-version":[{"id":3271,"href":"https:\/\/evertonfc.cz\/index.php\/wp-json\/wp\/v2\/posts\/3269\/revisions\/3271"}],"wp:featuredmedia":[{"embeddable":true,"href":"https:\/\/evertonfc.cz\/index.php\/wp-json\/wp\/v2\/media\/1316"}],"wp:attachment":[{"href":"https:\/\/evertonfc.cz\/index.php\/wp-json\/wp\/v2\/media?parent=3269"}],"wp:term":[{"taxonomy":"category","embeddable":true,"href":"https:\/\/evertonfc.cz\/index.php\/wp-json\/wp\/v2\/categories?post=3269"},{"taxonomy":"post_tag","embeddable":true,"href":"https:\/\/evertonfc.cz\/index.php\/wp-json\/wp\/v2\/tags?post=3269"}],"curies":[{"name":"wp","href":"https:\/\/api.w.org\/{rel}","templated":true}]}}