{"id":3272,"date":"2017-01-30T21:12:16","date_gmt":"2017-01-30T20:12:16","guid":{"rendered":"http:\/\/evertonfc.cz\/?p=3272"},"modified":"2021-02-24T15:07:25","modified_gmt":"2021-02-24T14:07:25","slug":"k-moyesovi-sa-pridava-bryan-oviedo-a-darron-gibson","status":"publish","type":"post","link":"https:\/\/evertonfc.cz\/index.php\/2017\/01\/30\/k-moyesovi-sa-pridava-bryan-oviedo-a-darron-gibson\/","title":{"rendered":"K Moyesovi sa prid\u00e1va Bryan Oviedo a Darron Gibson"},"content":{"rendered":"<h4 id=\"NewsPostDetailSummary\">Niekto odch\u00e1dza do \u010c\u00edny, Karamelky do Sunderlandu. Kol\u00f3niu ex-zamestnacov Evertonu tentoraz roz\u0161iruj\u00fa ve\u010dne zranen\u00fd Gibbo a kostarick\u00fd smoliar Oviedo. Natrvalo.<\/h4>\n<div id=\"NewsPostDetailContent\">\n<p>Viete ako je to porekadlo so slamkou? &#8230;tak presne tak to vyzer\u00e1 na Wearside. Davida Moyesa ale za to netreba vini\u0165. Ke\u010f v\u00e1m u\u017e v druhom klube h\u00e1d\u017eu polen\u00e1 pod nohy, v\u00e4\u010d\u0161inou v\u00e1m neost\u00e1va ni\u010d in\u00e9, len improvizova\u0165. Preto\u017ee, toto nie je gesto paniky. Toto je snaha nepotopi\u0165 sa e\u0161te hlb\u0161ie, ke\u010f v\u00e1m slamku nikto nepod\u00e1&#8230;<\/p>\n<p>To by sme mali gro kuri\u00f3znej situ\u00e1cie na Stadium of Light. Pozrime sa na formality. Darron Gibson bol hr\u00e1\u010dom Toffees 5 rokov. \u00c1no, neuverite\u013en\u00e9, ja viem. Tento, u\u017e 29 ro\u010dn\u00fd Angli\u010dan, prest\u00fapil do Evertonu 13. janu\u00e1ra 2012 z Manchesteru United (vtedy to bola m\u00f3da), ako nevyu\u017e\u00edvan\u00fd z\u00e1lo\u017en\u00edk kv\u00f4li vysokej konkurenci\u00ed. David Moyes ho vtedy z\u00edskal za neofici\u00e1lnych, no smie\u0161nych pol mili\u00f3na libier, ktor\u00e9 mohli nar\u00e1s\u0165 a\u017e do sumy dvoch mili\u00f3nov.<\/p>\n<p>Po roku a pol, sa hr\u00e1\u010d prakticky vytratil, hoci sez\u00f3ny 2011\/12 resp. 12\/13, zav\u0155\u0161il aplaudovan\u00fdmi v\u00fdkonmi, kedy bol chv\u00e1len\u00fd za vynikaj\u00face pren\u00e1\u0161anie hry a g\u00f3ly zo stredn\u00fdch vzdialenost\u00ed. Zlom nastal po\u010das reprezenta\u010dnej prest\u00e1vky, v okt\u00f3bri 2013. Skr\u00ed\u017een\u00e9 v\u00e4zy sa proste nelie\u010dia kompromismi a zv\u00e4\u010d\u0161a efekt\u00edvne ukon\u010dia sez\u00f3nu v akomko\u013evek \u0161t\u00e1diu.<\/p>\n<p>No a odvtedy neodohral v sez\u00f3ne viac ako 14 z\u00e1pasov (maximum za posledn\u00e9 3 roky) vo v\u0161etk\u00fdch s\u00fa\u0165a\u017eiach. Po odchode Mart\u00edneza, mu bolo znenazdajky pon\u00faknut\u00e9 dvojro\u010dn\u00e9 pred\u013a\u017eenie zmluvy, na \u010do hr\u00e1\u010d k\u00fdvol a neby\u0165 tr\u00e1piacich sa Black Cats, Evertonians by aj na\u010falej frflali nad permanentne vyhadzovan\u00fdmi peniazmi. Asi preto mu Moyes dal podp\u00edsa\u0165 zmluvu len na rok a pol.<\/p>\n<p>\u010eal\u0161\u00edm l\u00fa\u010diacim sa, je ob\u013e\u00fabenec Oviedo. Ak niekto nevidel v\u00ed\u0165azn\u00fd g\u00f3l na Old Trafford po 21 rokoch, je na\u010dase &#8222;Baby&#8220;. Predned\u00e1vnom sme sprostredkovali rozhovor, kde sa Bryan vyjadril k jeho nespokojnosti s hern\u00fdm vy\u0165a\u017een\u00edm a jeho prem\u00fd\u0161\u013eanie o zmene p\u00f4sobiska je u konca. Sunderland k\u00fdvol na 14 mil. ponuku Crystal Palace na Van Aanholta a \u013eav\u00fd bek tak ostal neobsaden\u00fd. Lep\u0161iu pr\u00edle\u017eitos\u0165 by sn\u00e1\u010f ani nena\u0161iel.<\/p>\n<p>U\u017e 26 ro\u010dn\u00fd, na Merseyside pri\u0161iel takisto ako Moyesov n\u00e1kup, z Kodane v lete 2012 na deadline day. \u0160ikovn\u00fd \u013eav\u00fd bek, \u010di z\u00e1loha, si chv\u00ed\u013eu zvykal na in\u00fa fyzikalitu a naplno za\u010dal kvitn\u00fa\u0165 a\u017e po pr\u00edchode Mart\u00ednezovej \u0161panielskej \u0161koly. Na \u0161kodu, ako jeho tak Evertonu, pri\u0161lo hr\u00f4zostra\u0161n\u00e9 zranenie v poh\u00e1rovom z\u00e1pase proti Stevenage, pred 3 rokmi, A vy\u017eiadalo si aj svoju da\u0148. Po osemmesa\u010dnej pauze sa s\u00edce dok\u00e1zal vr\u00e1ti\u0165, no u\u017e to akosi nebol on. Ak by chcel pochybova\u010dom preuk\u00e1za\u0165 opak, teraz m\u00e1 na to vynikaj\u00facu pr\u00edle\u017eitos\u0165. AFC si ho up\u00edsalo na 3 a pol roka.<\/p>\n<p>V oboch pr\u00edpadoch prestupov\u00e9 sumy neboli zverejnen\u00e9, ale povr\u00e1va sa o spolo\u010dnej sume 7,5 mil.\u00a0\u00a3.<\/p>\n<\/div>\n","protected":false},"excerpt":{"rendered":"<p>Niekto odch\u00e1dza do \u010c\u00edny, Karamelky do Sunderlandu. Kol\u00f3niu ex-zamestnacov Evertonu tentoraz roz\u0161iruj\u00fa ve\u010dne zranen\u00fd Gibbo a kostarick\u00fd smoliar Oviedo. Natrvalo.<\/p>\n","protected":false},"author":1,"featured_media":1316,"comment_status":"open","ping_status":"closed","sticky":false,"template":"","format":"standard","meta":{"_eb_attr":"","_monsterinsights_skip_tracking":false,"_monsterinsights_sitenote_active":false,"_monsterinsights_sitenote_note":"","_monsterinsights_sitenote_category":0,"footnotes":""},"categories":[41],"tags":[],"yoast_head":"<!-- This site is optimized with the Yoast SEO plugin v23.4 - https:\/\/yoast.com\/wordpress\/plugins\/seo\/ -->\n<title>K Moyesovi sa prid\u00e1va Bryan Oviedo a Darron Gibson - Official Czech &amp; Slovak Everton Supporters&#039; Club<\/title>\n<meta name=\"robots\" content=\"index, follow, max-snippet:-1, max-image-preview:large, max-video-preview:-1\" \/>\n<link rel=\"canonical\" href=\"https:\/\/evertonfc.cz\/index.php\/2017\/01\/30\/k-moyesovi-sa-pridava-bryan-oviedo-a-darron-gibson\/\" \/>\n<meta property=\"og:locale\" content=\"cs_CZ\" \/>\n<meta property=\"og:type\" content=\"article\" \/>\n<meta property=\"og:title\" content=\"K Moyesovi sa prid\u00e1va Bryan Oviedo a Darron Gibson - Official Czech &amp; Slovak Everton Supporters&#039; Club\" \/>\n<meta property=\"og:description\" content=\"Niekto odch\u00e1dza do \u010c\u00edny, Karamelky do Sunderlandu. Kol\u00f3niu ex-zamestnacov Evertonu tentoraz roz\u0161iruj\u00fa ve\u010dne zranen\u00fd Gibbo a kostarick\u00fd smoliar Oviedo. Natrvalo.\" \/>\n<meta property=\"og:url\" content=\"https:\/\/evertonfc.cz\/index.php\/2017\/01\/30\/k-moyesovi-sa-pridava-bryan-oviedo-a-darron-gibson\/\" \/>\n<meta property=\"og:site_name\" content=\"Official Czech &amp; Slovak Everton Supporters&#039; Club\" \/>\n<meta property=\"article:publisher\" content=\"https:\/\/www.facebook.com\/everton.fans.cz.sk\" \/>\n<meta property=\"article:published_time\" content=\"2017-01-30T20:12:16+00:00\" \/>\n<meta property=\"article:modified_time\" content=\"2021-02-24T14:07:25+00:00\" \/>\n<meta property=\"og:image\" content=\"https:\/\/evertonfc.cz\/wp-content\/uploads\/2019\/01\/transfer.jpg\" \/>\n\t<meta property=\"og:image:width\" content=\"720\" \/>\n\t<meta property=\"og:image:height\" content=\"405\" \/>\n\t<meta property=\"og:image:type\" content=\"image\/jpeg\" \/>\n<meta name=\"author\" content=\"BlueBlooded\" \/>\n<meta name=\"twitter:card\" content=\"summary_large_image\" \/>\n<meta name=\"twitter:label1\" content=\"Napsal(a)\" \/>\n\t<meta name=\"twitter:data1\" content=\"BlueBlooded\" \/>\n\t<meta name=\"twitter:label2\" content=\"Odhadovan\u00e1 doba \u010dten\u00ed\" \/>\n\t<meta name=\"twitter:data2\" content=\"2 minuty\" \/>\n<script type=\"application\/ld+json\" class=\"yoast-schema-graph\">{\"@context\":\"https:\/\/schema.org\",\"@graph\":[{\"@type\":\"Article\",\"@id\":\"https:\/\/evertonfc.cz\/index.php\/2017\/01\/30\/k-moyesovi-sa-pridava-bryan-oviedo-a-darron-gibson\/#article\",\"isPartOf\":{\"@id\":\"https:\/\/evertonfc.cz\/index.php\/2017\/01\/30\/k-moyesovi-sa-pridava-bryan-oviedo-a-darron-gibson\/\"},\"author\":{\"name\":\"BlueBlooded\",\"@id\":\"https:\/\/evertonfc.cz\/#\/schema\/person\/d4493b8cbea51532597fbc4685698916\"},\"headline\":\"K Moyesovi sa prid\u00e1va Bryan Oviedo a Darron Gibson\",\"datePublished\":\"2017-01-30T20:12:16+00:00\",\"dateModified\":\"2021-02-24T14:07:25+00:00\",\"mainEntityOfPage\":{\"@id\":\"https:\/\/evertonfc.cz\/index.php\/2017\/01\/30\/k-moyesovi-sa-pridava-bryan-oviedo-a-darron-gibson\/\"},\"wordCount\":542,\"commentCount\":0,\"publisher\":{\"@id\":\"https:\/\/evertonfc.cz\/#organization\"},\"image\":{\"@id\":\"https:\/\/evertonfc.cz\/index.php\/2017\/01\/30\/k-moyesovi-sa-pridava-bryan-oviedo-a-darron-gibson\/#primaryimage\"},\"thumbnailUrl\":\"https:\/\/evertonfc.cz\/wp-content\/uploads\/2019\/01\/transfer.jpg\",\"articleSection\":[\"P\u0159estupy\"],\"inLanguage\":\"cs\",\"potentialAction\":[{\"@type\":\"CommentAction\",\"name\":\"Comment\",\"target\":[\"https:\/\/evertonfc.cz\/index.php\/2017\/01\/30\/k-moyesovi-sa-pridava-bryan-oviedo-a-darron-gibson\/#respond\"]}]},{\"@type\":\"WebPage\",\"@id\":\"https:\/\/evertonfc.cz\/index.php\/2017\/01\/30\/k-moyesovi-sa-pridava-bryan-oviedo-a-darron-gibson\/\",\"url\":\"https:\/\/evertonfc.cz\/index.php\/2017\/01\/30\/k-moyesovi-sa-pridava-bryan-oviedo-a-darron-gibson\/\",\"name\":\"K Moyesovi sa prid\u00e1va Bryan Oviedo a Darron Gibson - Official Czech &amp; Slovak Everton Supporters&#039; Club\",\"isPartOf\":{\"@id\":\"https:\/\/evertonfc.cz\/#website\"},\"primaryImageOfPage\":{\"@id\":\"https:\/\/evertonfc.cz\/index.php\/2017\/01\/30\/k-moyesovi-sa-pridava-bryan-oviedo-a-darron-gibson\/#primaryimage\"},\"image\":{\"@id\":\"https:\/\/evertonfc.cz\/index.php\/2017\/01\/30\/k-moyesovi-sa-pridava-bryan-oviedo-a-darron-gibson\/#primaryimage\"},\"thumbnailUrl\":\"https:\/\/evertonfc.cz\/wp-content\/uploads\/2019\/01\/transfer.jpg\",\"datePublished\":\"2017-01-30T20:12:16+00:00\",\"dateModified\":\"2021-02-24T14:07:25+00:00\",\"breadcrumb\":{\"@id\":\"https:\/\/evertonfc.cz\/index.php\/2017\/01\/30\/k-moyesovi-sa-pridava-bryan-oviedo-a-darron-gibson\/#breadcrumb\"},\"inLanguage\":\"cs\",\"potentialAction\":[{\"@type\":\"ReadAction\",\"target\":[\"https:\/\/evertonfc.cz\/index.php\/2017\/01\/30\/k-moyesovi-sa-pridava-bryan-oviedo-a-darron-gibson\/\"]}]},{\"@type\":\"ImageObject\",\"inLanguage\":\"cs\",\"@id\":\"https:\/\/evertonfc.cz\/index.php\/2017\/01\/30\/k-moyesovi-sa-pridava-bryan-oviedo-a-darron-gibson\/#primaryimage\",\"url\":\"https:\/\/evertonfc.cz\/wp-content\/uploads\/2019\/01\/transfer.jpg\",\"contentUrl\":\"https:\/\/evertonfc.cz\/wp-content\/uploads\/2019\/01\/transfer.jpg\",\"width\":720,\"height\":405},{\"@type\":\"BreadcrumbList\",\"@id\":\"https:\/\/evertonfc.cz\/index.php\/2017\/01\/30\/k-moyesovi-sa-pridava-bryan-oviedo-a-darron-gibson\/#breadcrumb\",\"itemListElement\":[{\"@type\":\"ListItem\",\"position\":1,\"name\":\"Home\",\"item\":\"https:\/\/evertonfc.cz\/\"},{\"@type\":\"ListItem\",\"position\":2,\"name\":\"K Moyesovi sa prid\u00e1va Bryan Oviedo a Darron Gibson\"}]},{\"@type\":\"WebSite\",\"@id\":\"https:\/\/evertonfc.cz\/#website\",\"url\":\"https:\/\/evertonfc.cz\/\",\"name\":\"Official Czech &amp; Slovak Everton Supporters&#039; Club\",\"description\":\"\",\"publisher\":{\"@id\":\"https:\/\/evertonfc.cz\/#organization\"},\"potentialAction\":[{\"@type\":\"SearchAction\",\"target\":{\"@type\":\"EntryPoint\",\"urlTemplate\":\"https:\/\/evertonfc.cz\/?s={search_term_string}\"},\"query-input\":{\"@type\":\"PropertyValueSpecification\",\"valueRequired\":true,\"valueName\":\"search_term_string\"}}],\"inLanguage\":\"cs\"},{\"@type\":\"Organization\",\"@id\":\"https:\/\/evertonfc.cz\/#organization\",\"name\":\"Official Czech & Slovak Everton Supporters' Club\",\"url\":\"https:\/\/evertonfc.cz\/\",\"logo\":{\"@type\":\"ImageObject\",\"inLanguage\":\"cs\",\"@id\":\"https:\/\/evertonfc.cz\/#\/schema\/logo\/image\/\",\"url\":\"https:\/\/evertonfc.cz\/wp-content\/uploads\/2019\/05\/logo.png\",\"contentUrl\":\"https:\/\/evertonfc.cz\/wp-content\/uploads\/2019\/05\/logo.png\",\"width\":112,\"height\":112,\"caption\":\"Official Czech & Slovak Everton Supporters' Club\"},\"image\":{\"@id\":\"https:\/\/evertonfc.cz\/#\/schema\/logo\/image\/\"},\"sameAs\":[\"https:\/\/www.facebook.com\/everton.fans.cz.sk\"]},{\"@type\":\"Person\",\"@id\":\"https:\/\/evertonfc.cz\/#\/schema\/person\/d4493b8cbea51532597fbc4685698916\",\"name\":\"BlueBlooded\",\"url\":\"https:\/\/evertonfc.cz\/index.php\/author\/admin\/\"}]}<\/script>\n<!-- \/ Yoast SEO plugin. -->","yoast_head_json":{"title":"K Moyesovi sa prid\u00e1va Bryan Oviedo a Darron Gibson - Official Czech &amp; Slovak Everton Supporters&#039; Club","robots":{"index":"index","follow":"follow","max-snippet":"max-snippet:-1","max-image-preview":"max-image-preview:large","max-video-preview":"max-video-preview:-1"},"canonical":"https:\/\/evertonfc.cz\/index.php\/2017\/01\/30\/k-moyesovi-sa-pridava-bryan-oviedo-a-darron-gibson\/","og_locale":"cs_CZ","og_type":"article","og_title":"K Moyesovi sa prid\u00e1va Bryan Oviedo a Darron Gibson - Official Czech &amp; Slovak Everton Supporters&#039; Club","og_description":"Niekto odch\u00e1dza do \u010c\u00edny, Karamelky do Sunderlandu. Kol\u00f3niu ex-zamestnacov Evertonu tentoraz roz\u0161iruj\u00fa ve\u010dne zranen\u00fd Gibbo a kostarick\u00fd smoliar Oviedo. Natrvalo.","og_url":"https:\/\/evertonfc.cz\/index.php\/2017\/01\/30\/k-moyesovi-sa-pridava-bryan-oviedo-a-darron-gibson\/","og_site_name":"Official Czech &amp; Slovak Everton Supporters&#039; Club","article_publisher":"https:\/\/www.facebook.com\/everton.fans.cz.sk","article_published_time":"2017-01-30T20:12:16+00:00","article_modified_time":"2021-02-24T14:07:25+00:00","og_image":[{"width":720,"height":405,"url":"https:\/\/evertonfc.cz\/wp-content\/uploads\/2019\/01\/transfer.jpg","type":"image\/jpeg"}],"author":"BlueBlooded","twitter_card":"summary_large_image","twitter_misc":{"Napsal(a)":"BlueBlooded","Odhadovan\u00e1 doba \u010dten\u00ed":"2 minuty"},"schema":{"@context":"https:\/\/schema.org","@graph":[{"@type":"Article","@id":"https:\/\/evertonfc.cz\/index.php\/2017\/01\/30\/k-moyesovi-sa-pridava-bryan-oviedo-a-darron-gibson\/#article","isPartOf":{"@id":"https:\/\/evertonfc.cz\/index.php\/2017\/01\/30\/k-moyesovi-sa-pridava-bryan-oviedo-a-darron-gibson\/"},"author":{"name":"BlueBlooded","@id":"https:\/\/evertonfc.cz\/#\/schema\/person\/d4493b8cbea51532597fbc4685698916"},"headline":"K Moyesovi sa prid\u00e1va Bryan Oviedo a Darron Gibson","datePublished":"2017-01-30T20:12:16+00:00","dateModified":"2021-02-24T14:07:25+00:00","mainEntityOfPage":{"@id":"https:\/\/evertonfc.cz\/index.php\/2017\/01\/30\/k-moyesovi-sa-pridava-bryan-oviedo-a-darron-gibson\/"},"wordCount":542,"commentCount":0,"publisher":{"@id":"https:\/\/evertonfc.cz\/#organization"},"image":{"@id":"https:\/\/evertonfc.cz\/index.php\/2017\/01\/30\/k-moyesovi-sa-pridava-bryan-oviedo-a-darron-gibson\/#primaryimage"},"thumbnailUrl":"https:\/\/evertonfc.cz\/wp-content\/uploads\/2019\/01\/transfer.jpg","articleSection":["P\u0159estupy"],"inLanguage":"cs","potentialAction":[{"@type":"CommentAction","name":"Comment","target":["https:\/\/evertonfc.cz\/index.php\/2017\/01\/30\/k-moyesovi-sa-pridava-bryan-oviedo-a-darron-gibson\/#respond"]}]},{"@type":"WebPage","@id":"https:\/\/evertonfc.cz\/index.php\/2017\/01\/30\/k-moyesovi-sa-pridava-bryan-oviedo-a-darron-gibson\/","url":"https:\/\/evertonfc.cz\/index.php\/2017\/01\/30\/k-moyesovi-sa-pridava-bryan-oviedo-a-darron-gibson\/","name":"K Moyesovi sa prid\u00e1va Bryan Oviedo a Darron Gibson - Official Czech &amp; Slovak Everton Supporters&#039; Club","isPartOf":{"@id":"https:\/\/evertonfc.cz\/#website"},"primaryImageOfPage":{"@id":"https:\/\/evertonfc.cz\/index.php\/2017\/01\/30\/k-moyesovi-sa-pridava-bryan-oviedo-a-darron-gibson\/#primaryimage"},"image":{"@id":"https:\/\/evertonfc.cz\/index.php\/2017\/01\/30\/k-moyesovi-sa-pridava-bryan-oviedo-a-darron-gibson\/#primaryimage"},"thumbnailUrl":"https:\/\/evertonfc.cz\/wp-content\/uploads\/2019\/01\/transfer.jpg","datePublished":"2017-01-30T20:12:16+00:00","dateModified":"2021-02-24T14:07:25+00:00","breadcrumb":{"@id":"https:\/\/evertonfc.cz\/index.php\/2017\/01\/30\/k-moyesovi-sa-pridava-bryan-oviedo-a-darron-gibson\/#breadcrumb"},"inLanguage":"cs","potentialAction":[{"@type":"ReadAction","target":["https:\/\/evertonfc.cz\/index.php\/2017\/01\/30\/k-moyesovi-sa-pridava-bryan-oviedo-a-darron-gibson\/"]}]},{"@type":"ImageObject","inLanguage":"cs","@id":"https:\/\/evertonfc.cz\/index.php\/2017\/01\/30\/k-moyesovi-sa-pridava-bryan-oviedo-a-darron-gibson\/#primaryimage","url":"https:\/\/evertonfc.cz\/wp-content\/uploads\/2019\/01\/transfer.jpg","contentUrl":"https:\/\/evertonfc.cz\/wp-content\/uploads\/2019\/01\/transfer.jpg","width":720,"height":405},{"@type":"BreadcrumbList","@id":"https:\/\/evertonfc.cz\/index.php\/2017\/01\/30\/k-moyesovi-sa-pridava-bryan-oviedo-a-darron-gibson\/#breadcrumb","itemListElement":[{"@type":"ListItem","position":1,"name":"Home","item":"https:\/\/evertonfc.cz\/"},{"@type":"ListItem","position":2,"name":"K Moyesovi sa prid\u00e1va Bryan Oviedo a Darron Gibson"}]},{"@type":"WebSite","@id":"https:\/\/evertonfc.cz\/#website","url":"https:\/\/evertonfc.cz\/","name":"Official Czech &amp; Slovak Everton Supporters&#039; Club","description":"","publisher":{"@id":"https:\/\/evertonfc.cz\/#organization"},"potentialAction":[{"@type":"SearchAction","target":{"@type":"EntryPoint","urlTemplate":"https:\/\/evertonfc.cz\/?s={search_term_string}"},"query-input":{"@type":"PropertyValueSpecification","valueRequired":true,"valueName":"search_term_string"}}],"inLanguage":"cs"},{"@type":"Organization","@id":"https:\/\/evertonfc.cz\/#organization","name":"Official Czech & Slovak Everton Supporters' Club","url":"https:\/\/evertonfc.cz\/","logo":{"@type":"ImageObject","inLanguage":"cs","@id":"https:\/\/evertonfc.cz\/#\/schema\/logo\/image\/","url":"https:\/\/evertonfc.cz\/wp-content\/uploads\/2019\/05\/logo.png","contentUrl":"https:\/\/evertonfc.cz\/wp-content\/uploads\/2019\/05\/logo.png","width":112,"height":112,"caption":"Official Czech & Slovak Everton Supporters' Club"},"image":{"@id":"https:\/\/evertonfc.cz\/#\/schema\/logo\/image\/"},"sameAs":["https:\/\/www.facebook.com\/everton.fans.cz.sk"]},{"@type":"Person","@id":"https:\/\/evertonfc.cz\/#\/schema\/person\/d4493b8cbea51532597fbc4685698916","name":"BlueBlooded","url":"https:\/\/evertonfc.cz\/index.php\/author\/admin\/"}]}},"_links":{"self":[{"href":"https:\/\/evertonfc.cz\/index.php\/wp-json\/wp\/v2\/posts\/3272"}],"collection":[{"href":"https:\/\/evertonfc.cz\/index.php\/wp-json\/wp\/v2\/posts"}],"about":[{"href":"https:\/\/evertonfc.cz\/index.php\/wp-json\/wp\/v2\/types\/post"}],"author":[{"embeddable":true,"href":"https:\/\/evertonfc.cz\/index.php\/wp-json\/wp\/v2\/users\/1"}],"replies":[{"embeddable":true,"href":"https:\/\/evertonfc.cz\/index.php\/wp-json\/wp\/v2\/comments?post=3272"}],"version-history":[{"count":3,"href":"https:\/\/evertonfc.cz\/index.php\/wp-json\/wp\/v2\/posts\/3272\/revisions"}],"predecessor-version":[{"id":14331,"href":"https:\/\/evertonfc.cz\/index.php\/wp-json\/wp\/v2\/posts\/3272\/revisions\/14331"}],"wp:featuredmedia":[{"embeddable":true,"href":"https:\/\/evertonfc.cz\/index.php\/wp-json\/wp\/v2\/media\/1316"}],"wp:attachment":[{"href":"https:\/\/evertonfc.cz\/index.php\/wp-json\/wp\/v2\/media?parent=3272"}],"wp:term":[{"taxonomy":"category","embeddable":true,"href":"https:\/\/evertonfc.cz\/index.php\/wp-json\/wp\/v2\/categories?post=3272"},{"taxonomy":"post_tag","embeddable":true,"href":"https:\/\/evertonfc.cz\/index.php\/wp-json\/wp\/v2\/tags?post=3272"}],"curies":[{"name":"wp","href":"https:\/\/api.w.org\/{rel}","templated":true}]}}