{"id":3274,"date":"2017-01-30T21:13:22","date_gmt":"2017-01-30T20:13:22","guid":{"rendered":"http:\/\/evertonfc.cz\/?p=3274"},"modified":"2019-02-10T22:02:43","modified_gmt":"2019-02-10T21:02:43","slug":"browning-prodlouzil-kontrakt-a-zamiril-na-hostovani","status":"publish","type":"post","link":"https:\/\/evertonfc.cz\/index.php\/2017\/01\/30\/browning-prodlouzil-kontrakt-a-zamiril-na-hostovani\/","title":{"rendered":"Browning prodlou\u017eil kontrakt a zam\u00ed\u0159il na hostov\u00e1n\u00ed"},"content":{"rendered":"<h4 id=\"NewsPostDetailSummary\">Tyias Browning podepsal novou smlouvu na dva a p\u016fl roku, star\u00e1 m\u011bla platnost do \u010dervna, a n\u00e1sledn\u011b ode\u0161el do Prestonu North End na hostov\u00e1n\u00ed do konce sez\u00f3ny.<\/h4>\n<div id=\"NewsPostDetailContent\">\n<p>Dvaadvacetilet\u00fd stoper \u010di prav\u00fd obr\u00e1nce se na Deepdale st\u0159etne s\u00a0Aidenem McGeadym, jin\u00fdm hostuj\u00edc\u00edm Evertonianem. Na h\u0159i\u0161ti si spolu mohou kopnout u\u017e v \u00fater\u00fd v Cardiffu. Preston, kter\u00fd vede mana\u017eer Simon Grayson, se moment\u00e1ln\u011b nach\u00e1z\u00ed na des\u00e1t\u00e9 p\u0159\u00ed\u010dce Championshipu.<\/p>\n<p>Browning zme\u0161kal dvan\u00e1ct m\u011bs\u00edc\u016f kv\u016fli v\u00e1\u017en\u00e9mu zran\u011bn\u00ed kolena. P\u0159ed \u00farazem z listopadu p\u0159edlo\u0148sk\u00e9ho roku stihl v\u00a0dresu prvn\u00edho t\u00fdmu Evertonu odehr\u00e1t dev\u011bt z\u00e1pas\u016f. V\u00a0z\u00e1\u0159\u00ed 2014 mu Roberto Mart\u00ednez dop\u0159\u00e1l debut rovnou v Merseyside derby na Anfieldu.<\/p>\n<p><em>\u201ePro\u017eil jsem si rok jako na houpa\u010dce. Jsem ale r\u00e1d, \u017ee jsem se uzdravil a dostanu \u0161anci pravideln\u011b nastupovat,\u201c\u00a0<\/em>prozradil odchovanec Blues, jen\u017e si v\u00a0minulosti ji\u017e jedno hostov\u00e1n\u00ed vyzkou\u0161el. Kr\u00e1tce se zau\u010doval ve Wiganu Athletic v lednu 2014.<\/p>\n<p><em>\u201eOd m\u00e9ho hostov\u00e1n\u00ed u Latics jsem se nau\u010dil hodn\u011b v\u011bc\u00ed. Nyn\u00ed m\u011b \u010dek\u00e1, trouf\u00e1m si \u0159\u00edct, trochu jin\u00e1 \u0161tace. Snad se obohat\u00edm o v\u00edce zku\u0161enost\u00ed. David Unsworth mi hodn\u011b pomohl s n\u00e1vratem po zran\u011bn\u00ed. V\u011bnoval mi hodiny osobn\u00edho tr\u00e9ninku. Preston bojuje o mo\u017enost dostat se do play-off, stoj\u00ed tedy p\u0159ede mnou velk\u00e1 v\u00fdzva. Nemohu se do\u010dkat, a\u017e vyb\u011bhnu na h\u0159i\u0161t\u011b.<\/em><\/p>\n<p><em>C\u00edt\u00edm se p\u0159ipraven\u00fd. Unsy se mnou d\u016fkladn\u011b pracoval, odehr\u00e1l jsem p\u00e1r z\u00e1pas\u016f za U23, a proto mysl\u00edm, \u017ee nade\u0161la spr\u00e1vn\u00e1 chv\u00edle posunout se o krok d\u00e1l. Kdy\u017e se vr\u00e1t\u00edm do Evertonu, doufejme, \u017ee se porvu o m\u00edsto v prvn\u00edm t\u00fdmu, jak se mi da\u0159ilo p\u0159ed zran\u011bn\u00edm. V klubu mi nic nechyb\u00ed. Zn\u00e1m zde ka\u017ed\u00fd kout a m\u00e1m to kousek dom\u016f \u2013 je skv\u011bl\u00e9 s Everton stvrdit s budoucnost!\u201c<\/em><\/p>\n<\/div>\n","protected":false},"excerpt":{"rendered":"<p>Tyias Browning podepsal novou smlouvu na dva a p\u016fl roku, star\u00e1 m\u011bla platnost do \u010dervna, a n\u00e1sledn\u011b ode\u0161el do Prestonu&hellip;<\/p>\n","protected":false},"author":6,"featured_media":1316,"comment_status":"open","ping_status":"closed","sticky":false,"template":"","format":"standard","meta":{"_eb_attr":"","_monsterinsights_skip_tracking":false,"_monsterinsights_sitenote_active":false,"_monsterinsights_sitenote_note":"","_monsterinsights_sitenote_category":0,"footnotes":""},"categories":[41],"tags":[],"yoast_head":"<!-- This site is optimized with the Yoast SEO plugin v23.4 - https:\/\/yoast.com\/wordpress\/plugins\/seo\/ -->\n<title>Browning prodlou\u017eil kontrakt a zam\u00ed\u0159il na hostov\u00e1n\u00ed - Official Czech &amp; Slovak Everton Supporters&#039; Club<\/title>\n<meta name=\"robots\" content=\"index, follow, max-snippet:-1, max-image-preview:large, max-video-preview:-1\" \/>\n<link rel=\"canonical\" href=\"https:\/\/evertonfc.cz\/index.php\/2017\/01\/30\/browning-prodlouzil-kontrakt-a-zamiril-na-hostovani\/\" \/>\n<meta property=\"og:locale\" content=\"cs_CZ\" \/>\n<meta property=\"og:type\" content=\"article\" \/>\n<meta property=\"og:title\" content=\"Browning prodlou\u017eil kontrakt a zam\u00ed\u0159il na hostov\u00e1n\u00ed - Official Czech &amp; Slovak Everton Supporters&#039; Club\" \/>\n<meta property=\"og:description\" content=\"Tyias Browning podepsal novou smlouvu na dva a p\u016fl roku, star\u00e1 m\u011bla platnost do \u010dervna, a n\u00e1sledn\u011b ode\u0161el do Prestonu&hellip;\" \/>\n<meta property=\"og:url\" content=\"https:\/\/evertonfc.cz\/index.php\/2017\/01\/30\/browning-prodlouzil-kontrakt-a-zamiril-na-hostovani\/\" \/>\n<meta property=\"og:site_name\" content=\"Official Czech &amp; Slovak Everton Supporters&#039; Club\" \/>\n<meta property=\"article:publisher\" content=\"https:\/\/www.facebook.com\/everton.fans.cz.sk\" \/>\n<meta property=\"article:published_time\" content=\"2017-01-30T20:13:22+00:00\" \/>\n<meta property=\"article:modified_time\" content=\"2019-02-10T21:02:43+00:00\" \/>\n<meta property=\"og:image\" content=\"https:\/\/evertonfc.cz\/wp-content\/uploads\/2019\/01\/transfer.jpg\" \/>\n\t<meta property=\"og:image:width\" content=\"720\" \/>\n\t<meta property=\"og:image:height\" content=\"405\" \/>\n\t<meta property=\"og:image:type\" content=\"image\/jpeg\" \/>\n<meta name=\"author\" content=\"Ri\u010di\" \/>\n<meta name=\"twitter:card\" content=\"summary_large_image\" \/>\n<meta name=\"twitter:creator\" content=\"@rbrejsa\" \/>\n<meta name=\"twitter:label1\" content=\"Napsal(a)\" \/>\n\t<meta name=\"twitter:data1\" content=\"Ri\u010di\" \/>\n\t<meta name=\"twitter:label2\" content=\"Odhadovan\u00e1 doba \u010dten\u00ed\" \/>\n\t<meta name=\"twitter:data2\" content=\"2 minuty\" \/>\n<script type=\"application\/ld+json\" class=\"yoast-schema-graph\">{\"@context\":\"https:\/\/schema.org\",\"@graph\":[{\"@type\":\"Article\",\"@id\":\"https:\/\/evertonfc.cz\/index.php\/2017\/01\/30\/browning-prodlouzil-kontrakt-a-zamiril-na-hostovani\/#article\",\"isPartOf\":{\"@id\":\"https:\/\/evertonfc.cz\/index.php\/2017\/01\/30\/browning-prodlouzil-kontrakt-a-zamiril-na-hostovani\/\"},\"author\":{\"name\":\"Ri\u010di\",\"@id\":\"https:\/\/evertonfc.cz\/#\/schema\/person\/f7a5daedb2ffee98480bc70e191aaef1\"},\"headline\":\"Browning prodlou\u017eil kontrakt a zam\u00ed\u0159il na hostov\u00e1n\u00ed\",\"datePublished\":\"2017-01-30T20:13:22+00:00\",\"dateModified\":\"2019-02-10T21:02:43+00:00\",\"mainEntityOfPage\":{\"@id\":\"https:\/\/evertonfc.cz\/index.php\/2017\/01\/30\/browning-prodlouzil-kontrakt-a-zamiril-na-hostovani\/\"},\"wordCount\":366,\"commentCount\":0,\"publisher\":{\"@id\":\"https:\/\/evertonfc.cz\/#organization\"},\"image\":{\"@id\":\"https:\/\/evertonfc.cz\/index.php\/2017\/01\/30\/browning-prodlouzil-kontrakt-a-zamiril-na-hostovani\/#primaryimage\"},\"thumbnailUrl\":\"https:\/\/evertonfc.cz\/wp-content\/uploads\/2019\/01\/transfer.jpg\",\"articleSection\":[\"P\u0159estupy\"],\"inLanguage\":\"cs\",\"potentialAction\":[{\"@type\":\"CommentAction\",\"name\":\"Comment\",\"target\":[\"https:\/\/evertonfc.cz\/index.php\/2017\/01\/30\/browning-prodlouzil-kontrakt-a-zamiril-na-hostovani\/#respond\"]}]},{\"@type\":\"WebPage\",\"@id\":\"https:\/\/evertonfc.cz\/index.php\/2017\/01\/30\/browning-prodlouzil-kontrakt-a-zamiril-na-hostovani\/\",\"url\":\"https:\/\/evertonfc.cz\/index.php\/2017\/01\/30\/browning-prodlouzil-kontrakt-a-zamiril-na-hostovani\/\",\"name\":\"Browning prodlou\u017eil kontrakt a zam\u00ed\u0159il na hostov\u00e1n\u00ed - Official Czech &amp; Slovak Everton Supporters&#039; Club\",\"isPartOf\":{\"@id\":\"https:\/\/evertonfc.cz\/#website\"},\"primaryImageOfPage\":{\"@id\":\"https:\/\/evertonfc.cz\/index.php\/2017\/01\/30\/browning-prodlouzil-kontrakt-a-zamiril-na-hostovani\/#primaryimage\"},\"image\":{\"@id\":\"https:\/\/evertonfc.cz\/index.php\/2017\/01\/30\/browning-prodlouzil-kontrakt-a-zamiril-na-hostovani\/#primaryimage\"},\"thumbnailUrl\":\"https:\/\/evertonfc.cz\/wp-content\/uploads\/2019\/01\/transfer.jpg\",\"datePublished\":\"2017-01-30T20:13:22+00:00\",\"dateModified\":\"2019-02-10T21:02:43+00:00\",\"breadcrumb\":{\"@id\":\"https:\/\/evertonfc.cz\/index.php\/2017\/01\/30\/browning-prodlouzil-kontrakt-a-zamiril-na-hostovani\/#breadcrumb\"},\"inLanguage\":\"cs\",\"potentialAction\":[{\"@type\":\"ReadAction\",\"target\":[\"https:\/\/evertonfc.cz\/index.php\/2017\/01\/30\/browning-prodlouzil-kontrakt-a-zamiril-na-hostovani\/\"]}]},{\"@type\":\"ImageObject\",\"inLanguage\":\"cs\",\"@id\":\"https:\/\/evertonfc.cz\/index.php\/2017\/01\/30\/browning-prodlouzil-kontrakt-a-zamiril-na-hostovani\/#primaryimage\",\"url\":\"https:\/\/evertonfc.cz\/wp-content\/uploads\/2019\/01\/transfer.jpg\",\"contentUrl\":\"https:\/\/evertonfc.cz\/wp-content\/uploads\/2019\/01\/transfer.jpg\",\"width\":720,\"height\":405},{\"@type\":\"BreadcrumbList\",\"@id\":\"https:\/\/evertonfc.cz\/index.php\/2017\/01\/30\/browning-prodlouzil-kontrakt-a-zamiril-na-hostovani\/#breadcrumb\",\"itemListElement\":[{\"@type\":\"ListItem\",\"position\":1,\"name\":\"Home\",\"item\":\"https:\/\/evertonfc.cz\/\"},{\"@type\":\"ListItem\",\"position\":2,\"name\":\"Browning prodlou\u017eil kontrakt a zam\u00ed\u0159il na hostov\u00e1n\u00ed\"}]},{\"@type\":\"WebSite\",\"@id\":\"https:\/\/evertonfc.cz\/#website\",\"url\":\"https:\/\/evertonfc.cz\/\",\"name\":\"Official Czech &amp; Slovak Everton Supporters&#039; Club\",\"description\":\"\",\"publisher\":{\"@id\":\"https:\/\/evertonfc.cz\/#organization\"},\"potentialAction\":[{\"@type\":\"SearchAction\",\"target\":{\"@type\":\"EntryPoint\",\"urlTemplate\":\"https:\/\/evertonfc.cz\/?s={search_term_string}\"},\"query-input\":{\"@type\":\"PropertyValueSpecification\",\"valueRequired\":true,\"valueName\":\"search_term_string\"}}],\"inLanguage\":\"cs\"},{\"@type\":\"Organization\",\"@id\":\"https:\/\/evertonfc.cz\/#organization\",\"name\":\"Official Czech & Slovak Everton Supporters' Club\",\"url\":\"https:\/\/evertonfc.cz\/\",\"logo\":{\"@type\":\"ImageObject\",\"inLanguage\":\"cs\",\"@id\":\"https:\/\/evertonfc.cz\/#\/schema\/logo\/image\/\",\"url\":\"https:\/\/evertonfc.cz\/wp-content\/uploads\/2019\/05\/logo.png\",\"contentUrl\":\"https:\/\/evertonfc.cz\/wp-content\/uploads\/2019\/05\/logo.png\",\"width\":112,\"height\":112,\"caption\":\"Official Czech & Slovak Everton Supporters' Club\"},\"image\":{\"@id\":\"https:\/\/evertonfc.cz\/#\/schema\/logo\/image\/\"},\"sameAs\":[\"https:\/\/www.facebook.com\/everton.fans.cz.sk\"]},{\"@type\":\"Person\",\"@id\":\"https:\/\/evertonfc.cz\/#\/schema\/person\/f7a5daedb2ffee98480bc70e191aaef1\",\"name\":\"Ri\u010di\",\"sameAs\":[\"https:\/\/x.com\/rbrejsa\"],\"url\":\"https:\/\/evertonfc.cz\/index.php\/author\/rici\/\"}]}<\/script>\n<!-- \/ Yoast SEO plugin. -->","yoast_head_json":{"title":"Browning prodlou\u017eil kontrakt a zam\u00ed\u0159il na hostov\u00e1n\u00ed - Official Czech &amp; Slovak Everton Supporters&#039; Club","robots":{"index":"index","follow":"follow","max-snippet":"max-snippet:-1","max-image-preview":"max-image-preview:large","max-video-preview":"max-video-preview:-1"},"canonical":"https:\/\/evertonfc.cz\/index.php\/2017\/01\/30\/browning-prodlouzil-kontrakt-a-zamiril-na-hostovani\/","og_locale":"cs_CZ","og_type":"article","og_title":"Browning prodlou\u017eil kontrakt a zam\u00ed\u0159il na hostov\u00e1n\u00ed - Official Czech &amp; Slovak Everton Supporters&#039; Club","og_description":"Tyias Browning podepsal novou smlouvu na dva a p\u016fl roku, star\u00e1 m\u011bla platnost do \u010dervna, a n\u00e1sledn\u011b ode\u0161el do Prestonu&hellip;","og_url":"https:\/\/evertonfc.cz\/index.php\/2017\/01\/30\/browning-prodlouzil-kontrakt-a-zamiril-na-hostovani\/","og_site_name":"Official Czech &amp; Slovak Everton Supporters&#039; Club","article_publisher":"https:\/\/www.facebook.com\/everton.fans.cz.sk","article_published_time":"2017-01-30T20:13:22+00:00","article_modified_time":"2019-02-10T21:02:43+00:00","og_image":[{"width":720,"height":405,"url":"https:\/\/evertonfc.cz\/wp-content\/uploads\/2019\/01\/transfer.jpg","type":"image\/jpeg"}],"author":"Ri\u010di","twitter_card":"summary_large_image","twitter_creator":"@rbrejsa","twitter_misc":{"Napsal(a)":"Ri\u010di","Odhadovan\u00e1 doba \u010dten\u00ed":"2 minuty"},"schema":{"@context":"https:\/\/schema.org","@graph":[{"@type":"Article","@id":"https:\/\/evertonfc.cz\/index.php\/2017\/01\/30\/browning-prodlouzil-kontrakt-a-zamiril-na-hostovani\/#article","isPartOf":{"@id":"https:\/\/evertonfc.cz\/index.php\/2017\/01\/30\/browning-prodlouzil-kontrakt-a-zamiril-na-hostovani\/"},"author":{"name":"Ri\u010di","@id":"https:\/\/evertonfc.cz\/#\/schema\/person\/f7a5daedb2ffee98480bc70e191aaef1"},"headline":"Browning prodlou\u017eil kontrakt a zam\u00ed\u0159il na hostov\u00e1n\u00ed","datePublished":"2017-01-30T20:13:22+00:00","dateModified":"2019-02-10T21:02:43+00:00","mainEntityOfPage":{"@id":"https:\/\/evertonfc.cz\/index.php\/2017\/01\/30\/browning-prodlouzil-kontrakt-a-zamiril-na-hostovani\/"},"wordCount":366,"commentCount":0,"publisher":{"@id":"https:\/\/evertonfc.cz\/#organization"},"image":{"@id":"https:\/\/evertonfc.cz\/index.php\/2017\/01\/30\/browning-prodlouzil-kontrakt-a-zamiril-na-hostovani\/#primaryimage"},"thumbnailUrl":"https:\/\/evertonfc.cz\/wp-content\/uploads\/2019\/01\/transfer.jpg","articleSection":["P\u0159estupy"],"inLanguage":"cs","potentialAction":[{"@type":"CommentAction","name":"Comment","target":["https:\/\/evertonfc.cz\/index.php\/2017\/01\/30\/browning-prodlouzil-kontrakt-a-zamiril-na-hostovani\/#respond"]}]},{"@type":"WebPage","@id":"https:\/\/evertonfc.cz\/index.php\/2017\/01\/30\/browning-prodlouzil-kontrakt-a-zamiril-na-hostovani\/","url":"https:\/\/evertonfc.cz\/index.php\/2017\/01\/30\/browning-prodlouzil-kontrakt-a-zamiril-na-hostovani\/","name":"Browning prodlou\u017eil kontrakt a zam\u00ed\u0159il na hostov\u00e1n\u00ed - Official Czech &amp; Slovak Everton Supporters&#039; Club","isPartOf":{"@id":"https:\/\/evertonfc.cz\/#website"},"primaryImageOfPage":{"@id":"https:\/\/evertonfc.cz\/index.php\/2017\/01\/30\/browning-prodlouzil-kontrakt-a-zamiril-na-hostovani\/#primaryimage"},"image":{"@id":"https:\/\/evertonfc.cz\/index.php\/2017\/01\/30\/browning-prodlouzil-kontrakt-a-zamiril-na-hostovani\/#primaryimage"},"thumbnailUrl":"https:\/\/evertonfc.cz\/wp-content\/uploads\/2019\/01\/transfer.jpg","datePublished":"2017-01-30T20:13:22+00:00","dateModified":"2019-02-10T21:02:43+00:00","breadcrumb":{"@id":"https:\/\/evertonfc.cz\/index.php\/2017\/01\/30\/browning-prodlouzil-kontrakt-a-zamiril-na-hostovani\/#breadcrumb"},"inLanguage":"cs","potentialAction":[{"@type":"ReadAction","target":["https:\/\/evertonfc.cz\/index.php\/2017\/01\/30\/browning-prodlouzil-kontrakt-a-zamiril-na-hostovani\/"]}]},{"@type":"ImageObject","inLanguage":"cs","@id":"https:\/\/evertonfc.cz\/index.php\/2017\/01\/30\/browning-prodlouzil-kontrakt-a-zamiril-na-hostovani\/#primaryimage","url":"https:\/\/evertonfc.cz\/wp-content\/uploads\/2019\/01\/transfer.jpg","contentUrl":"https:\/\/evertonfc.cz\/wp-content\/uploads\/2019\/01\/transfer.jpg","width":720,"height":405},{"@type":"BreadcrumbList","@id":"https:\/\/evertonfc.cz\/index.php\/2017\/01\/30\/browning-prodlouzil-kontrakt-a-zamiril-na-hostovani\/#breadcrumb","itemListElement":[{"@type":"ListItem","position":1,"name":"Home","item":"https:\/\/evertonfc.cz\/"},{"@type":"ListItem","position":2,"name":"Browning prodlou\u017eil kontrakt a zam\u00ed\u0159il na hostov\u00e1n\u00ed"}]},{"@type":"WebSite","@id":"https:\/\/evertonfc.cz\/#website","url":"https:\/\/evertonfc.cz\/","name":"Official Czech &amp; Slovak Everton Supporters&#039; Club","description":"","publisher":{"@id":"https:\/\/evertonfc.cz\/#organization"},"potentialAction":[{"@type":"SearchAction","target":{"@type":"EntryPoint","urlTemplate":"https:\/\/evertonfc.cz\/?s={search_term_string}"},"query-input":{"@type":"PropertyValueSpecification","valueRequired":true,"valueName":"search_term_string"}}],"inLanguage":"cs"},{"@type":"Organization","@id":"https:\/\/evertonfc.cz\/#organization","name":"Official Czech & Slovak Everton Supporters' Club","url":"https:\/\/evertonfc.cz\/","logo":{"@type":"ImageObject","inLanguage":"cs","@id":"https:\/\/evertonfc.cz\/#\/schema\/logo\/image\/","url":"https:\/\/evertonfc.cz\/wp-content\/uploads\/2019\/05\/logo.png","contentUrl":"https:\/\/evertonfc.cz\/wp-content\/uploads\/2019\/05\/logo.png","width":112,"height":112,"caption":"Official Czech & Slovak Everton Supporters' Club"},"image":{"@id":"https:\/\/evertonfc.cz\/#\/schema\/logo\/image\/"},"sameAs":["https:\/\/www.facebook.com\/everton.fans.cz.sk"]},{"@type":"Person","@id":"https:\/\/evertonfc.cz\/#\/schema\/person\/f7a5daedb2ffee98480bc70e191aaef1","name":"Ri\u010di","sameAs":["https:\/\/x.com\/rbrejsa"],"url":"https:\/\/evertonfc.cz\/index.php\/author\/rici\/"}]}},"_links":{"self":[{"href":"https:\/\/evertonfc.cz\/index.php\/wp-json\/wp\/v2\/posts\/3274"}],"collection":[{"href":"https:\/\/evertonfc.cz\/index.php\/wp-json\/wp\/v2\/posts"}],"about":[{"href":"https:\/\/evertonfc.cz\/index.php\/wp-json\/wp\/v2\/types\/post"}],"author":[{"embeddable":true,"href":"https:\/\/evertonfc.cz\/index.php\/wp-json\/wp\/v2\/users\/6"}],"replies":[{"embeddable":true,"href":"https:\/\/evertonfc.cz\/index.php\/wp-json\/wp\/v2\/comments?post=3274"}],"version-history":[{"count":3,"href":"https:\/\/evertonfc.cz\/index.php\/wp-json\/wp\/v2\/posts\/3274\/revisions"}],"predecessor-version":[{"id":3306,"href":"https:\/\/evertonfc.cz\/index.php\/wp-json\/wp\/v2\/posts\/3274\/revisions\/3306"}],"wp:featuredmedia":[{"embeddable":true,"href":"https:\/\/evertonfc.cz\/index.php\/wp-json\/wp\/v2\/media\/1316"}],"wp:attachment":[{"href":"https:\/\/evertonfc.cz\/index.php\/wp-json\/wp\/v2\/media?parent=3274"}],"wp:term":[{"taxonomy":"category","embeddable":true,"href":"https:\/\/evertonfc.cz\/index.php\/wp-json\/wp\/v2\/categories?post=3274"},{"taxonomy":"post_tag","embeddable":true,"href":"https:\/\/evertonfc.cz\/index.php\/wp-json\/wp\/v2\/tags?post=3274"}],"curies":[{"name":"wp","href":"https:\/\/api.w.org\/{rel}","templated":true}]}}