{"id":3276,"date":"2017-01-26T21:24:50","date_gmt":"2017-01-26T20:24:50","guid":{"rendered":"http:\/\/evertonfc.cz\/?p=3276"},"modified":"2021-02-24T15:14:46","modified_gmt":"2021-02-24T14:14:46","slug":"biely-pele-v-bronze","status":"publish","type":"post","link":"https:\/\/evertonfc.cz\/index.php\/2017\/01\/26\/biely-pele-v-bronze\/","title":{"rendered":"Biely Pel\u00e9 v bronze"},"content":{"rendered":"<h4 id=\"NewsPostDetailSummary\">Posledn\u00fd z Holy Trinity o jej minulosti, pr\u00edtomnosti s vnukom a o pocte by\u0165 zve\u010dnen\u00fd v chystanom s\u00faso\u0161\u00ed. Slovo m\u00e1 nikto in\u00fd ako\u2026 Colin Harvey<\/h4>\n<div id=\"NewsPostDetailContent\">\n<p>Hr\u00e1\u010d, tr\u00e9ner, mana\u017e\u00e9r. To v\u0161etko v jednom klube. \u017dij\u00faca legenda. A predsa tak neskonale skromn\u00e1. S\u00e1m by sa tak nikdy neozna\u010dil a jeho rozpa\u010dit\u00fd \u00fasmev pri prezent\u00e1ci\u00ed u\u017e tohtoro\u010dn\u00e9ho bronzov\u00e9ho stv\u00e1rnenia Sv\u00e4tej Trojice, \u010di pokorn\u00e9 prevzatie Ceny Howarda Kendalla, ho charakterizuj\u00fa do bodky.<\/p>\n<p><em>\u201eAbsol\u00fatne \u00fa\u017easn\u00e9\u2026 rozpr\u00e1vam o st\u00e1ti na Boy\u00b4s Pen v Goodison Parku, vy teraz o soche a v\u00f4bec sa mi to nezd\u00e1 skuto\u010dn\u00e9. Je to bezpochyby ve\u013ekolep\u00e1 pocta a bude skvel\u00e9 sem s vnukom pr\u00eds\u0165 a pozrie\u0165 sa, ke\u010f to bude hotov\u00e9. Len mi je \u013e\u00fato, \u017ee T\u00cd dvaja u\u017e nebud\u00fa ma\u0165 t\u00fa mo\u017enos\u0165 zdiela\u0165 to s nami.\u201c<\/em><\/p>\n<p>Sochy Harveyho, Balla a Kendalla, by mali by\u0165 hotov\u00e9 niekedy v tomto roku, tak d\u00fafajme, \u017ee navrhovan\u00e1 stret\u00e1vka v srdci Liverpoolu, bude u\u017e v spojen\u00ed obhliadky tejto skulpt\u00fary. A mo\u017eno sa n\u00e1m podar\u00ed aj spatri\u0165 samotn\u00e9ho Colina osobne.<\/p>\n<p><em>\u201eChod\u00edm skoro na ka\u017ed\u00fd dom\u00e1ci z\u00e1pas s moj\u00edm vnukom, tie\u017e u\u017e \u0161ikovn\u00fdm mal\u00fdm futbalistom. Je to bl\u00e1zon do Evertonu, pozn\u00e1 ka\u017ed\u00e9ho hr\u00e1\u010da a aj na akej poz\u00edci\u00ed hr\u00e1. Pred ka\u017ed\u00fdm z\u00e1pasom mi nap\u00ed\u0161e jeho zostavu a sp\u00fdta sa, \u010di si mysl\u00edm, \u017ee dnes takto nast\u00fapime. A nem\u00e1va \u010faleko od pravdy. \u201c<\/em><\/p>\n<p>Toffees maj\u00fa v poslednej dobe pr\u00edjemn\u00e9 starosti. E\u0161te pred Tomom Daviesom kradol titulky pre seba Gana Gueye, ktor\u00fd pr\u00e1ve reprezentuje na AFCONe, a nevyhol sa porovn\u00e1vaniu s in\u00fdmi ve\u013ek\u00fdmi hr\u00e1\u010dmi kr\u00e1\u013eovskej modrej.<\/p>\n<p><em>\u201ePo\u010dul som niekoho v miestnom novinovom st\u00e1nku porovn\u00e1\u0165 Idrissu Gueyeho s Ballom, \u010do samo o sebe bolo dos\u0165 z\u00e1bavn\u00e9, preto\u017ee predned\u00e1vnom som sa zrovna pozeral na jeho \u0161tatistiky. Bally odohral za Everton 251 z\u00e1pasov a sk\u00f3roval 79 g\u00f3lov, \u010do je pre z\u00e1lo\u017en\u00edka absol\u00fatne \u00fa\u017easn\u00e9. V prv\u00fdch troch sez\u00f3nach strelil 18, 20 a znovu 18 g\u00f3lov respekt\u00edve. Je to naozaj fantastick\u00e9 a ak sa Gueye pribl\u00ed\u017ei k tomu aspo\u0148 o trochu, tak potom ich m\u00f4\u017eete porovn\u00e1va\u0165. O Allanovi je aj zop\u00e1r kn\u00edh a jedna z nich nesie n\u00e1zov \u201cBall of Fire\u201d. <\/em><\/p>\n<p><em>To je jeho presn\u00e1 charakteriz\u00e1cia. Bally bol pravdepodobne najlep\u0161\u00ed hr\u00e1\u010d s ak\u00fdm som hral a Howard bol fantastick\u00fd tie\u017e. Prihr\u00e1vanie z prvej, skvel\u00fd odobera\u010d l\u00f4pt\u2026 v tej dobe vlastne asi najlep\u0161\u00ed. A samozrejme, skvel\u00fd mana\u017e\u00e9r. Videl som ho \u00eds\u0165 do s\u00fabojov a nikdy v nich nebol neskoro, alebo prehnane. Vyhr\u00e1val ich proti hr\u00e1\u010dom omnoho \u0165a\u017e\u0161\u00edm, ne\u017e bol on s\u00e1m a to u\u017e \u010do to povie o chlapovi. Mo\u017eno ste boli gentleman, ke\u010f ste vkro\u010dili na ihrisko, ale sotva ste sa do toho dostali, nebol priestor na maznanie. V tom \u010dase behalo po tr\u00e1vnikoch ve\u013ea tvrd\u00fdch chlapcov a takisto ve\u013ea v\u00e1m aj pre\u0161lo u rozhodcov. Muselo. Dnes je tomu inak.\u201c<\/em><\/p>\n<p>Na jednej strane radostn\u00e9 spomienky za\u0161lej sl\u00e1vy, na tej druhej z\u00e1rmutok nad stratou kolegov a priate\u013eov, s ktor\u00fdmi p\u00edsal hist\u00f3riu. Naj\u010derstvej\u0161ia rana je pr\u00e1ve po odchode Kendalla. Minuloro\u010dn\u00e9 v\u00fdro\u010die bolo len prv\u00e9 z mnoh\u00fdch \u010fal\u0161\u00edch, o ni\u010d menej bolestiv\u00fdch, ktor\u00e9 bud\u00fa nasledova\u0165.<\/p>\n<p><em>\u201e\u00c1no, \u010dasto na\u0148ho mysl\u00edm. Je to a\u017e neuverite\u013en\u00e9, \u017ee to bol u\u017e rok. \u010cas be\u017e\u00ed r\u00fdchlo, no pre m\u0148a akoby st\u00e1l. Zvykli sme sa v\u00eddava\u0165, nie len v Goodison Parku, ale aj vo Formby, kde sa zvykol zdr\u017eiava\u0165. Ch\u00fdba mi. Mal ten \u00fa\u017easn\u00fd sp\u00f4sob zoznamovania sa, nech ste boli ktoko\u013evek. Doslova si u\u017e\u00edval spozn\u00e1vanie sa s \u013eu\u010fmi.\u201c<\/em><\/p>\n<p>Na pamiatku je teraz na trib\u00fane Upper Bullens, ich umeleck\u00e9 vyobrazenie. \u010ci z\u00e1merne, to nevieme, ka\u017edop\u00e1dne sa k tomu via\u017ee \u010fal\u0161ia historka.<\/p>\n<p><em>\u201ePondelkov\u00e9 r\u00e1na po dom\u00e1cich z\u00e1pasoch bola pr\u00e1ve na\u0161a pr\u00e1ca, trochu poupratova\u0165 vrchn\u00fa \u010das\u0165 Bullens Road. A nebolo to zl\u00e9, niekedy sme na\u0161li aj nejak\u00e9 peniaze\u2026 hlavne v okol\u00ed baru. Preto ma prekvapuje, n\u00e1js\u0165 sa na tom plag\u00e1te po t\u00fdch skromn\u00fdch za\u010diatkoch. Vtedy e\u0161te ako fan\u00fa\u0161ik, som za\u017eil zaplnen\u00fd Goodison Park sedemdesiatimi tis\u00edckami \u013eud\u00ed, na opakovanom z\u00e1pase FA Cupu proti Charltonu Athletic. Pr\u00edde mi zvl\u00e1\u0161tne, \u017ee dnes sa ich sem zmest\u00ed o 30 000 menej.\u201c<\/em><\/p>\n<p>Po pravde, v ten de\u0148 bolo za br\u00e1nami Starej D\u00e1my presne 74 782 fan\u00fa\u0161ikov. 14 ro\u010dn\u00fd Colin vtedy sledoval 4. kolo poh\u00e1ra, v stredu 28.1.1959. Everton deklasoval Addicks 4:1 za pomoci Davea Hicksona a Bobbyho Collinsa. Vr\u00e1\u0165me sa v\u0161ak do pr\u00edtomnosti. \u010co hovor\u00ed na dne\u0161n\u00fdch hr\u00e1\u010dov Toffees?<\/p>\n<p><em>\u201eGueye ve\u013emi dobre \u010d\u00edta hru. Nikdy nestr\u00e1ca loptu a vie aj ako ju zobra\u0165. Vyzer\u00e1 na skvel\u00fa posilu. Aj Ashley Williams sa mi p\u00e1\u010di.\u00a0 M\u00e1 medzin\u00e1rodn\u00e9 sk\u00fasenosti a hr\u00e1 u\u017e dos\u0165 dlho. Pam\u00e4t\u00e1m sa, ako som pred mnoh\u00fdmi rokmi chodil s Terrym Darracottom a v\u00eddal ho hra\u0165 za Stockport County. Dobre tu zapadol a stihol uk\u00e1za\u0165 aj nie\u010do zo svojej sk\u00fasenosti. A takisto si pam\u00e4t\u00e1m Bolasieho. Ako striedaj\u00faci hr\u00e1\u010d nast\u00fapil za Plymouth v z\u00e1pase s Barnsley a \u00faplne zmenil hru. Vtedy ma napadlo, pre\u010do bol vlastne na lavi\u010dke. V jednom okamihu vie by\u0165 na druhom konci ihriska. Je nebezpe\u010dn\u00fd a pon\u00faka nie\u010do in\u00e9 smerom dopredu.\u201c<\/em><\/p>\n<p>A posledn\u00e9 vety\u2026 ako vid\u00ed pokrok Evertonu?<\/p>\n<p><em>\u201eZmeny tam s\u00fa. E\u0161te s\u00edce m\u00e1me odohra\u0165 \u0165a\u017e\u0161ie z\u00e1pasy, ale kto hovor\u00ed, \u017ee Everton nebude jeden z t\u00fdch lep\u0161\u00edch tento rok? D\u00fafajme.\u201c<\/em><\/p>\n<p>Tento rozhovor bol z okt\u00f3brov\u00e9ho Everton Magazine.<\/p>\n<\/div>\n","protected":false},"excerpt":{"rendered":"<p>Posledn\u00fd z Holy Trinity o jej minulosti, pr\u00edtomnosti s vnukom a o pocte by\u0165 zve\u010dnen\u00fd v chystanom s\u00faso\u0161\u00ed. Slovo m\u00e1 nikto in\u00fd ako\u2026 Colin Harvey<\/p>\n","protected":false},"author":1,"featured_media":7666,"comment_status":"open","ping_status":"closed","sticky":false,"template":"","format":"standard","meta":{"_eb_attr":"","_monsterinsights_skip_tracking":false,"_monsterinsights_sitenote_active":false,"_monsterinsights_sitenote_note":"","_monsterinsights_sitenote_category":0,"footnotes":""},"categories":[1],"tags":[],"yoast_head":"<!-- This site is optimized with the Yoast SEO plugin v23.4 - https:\/\/yoast.com\/wordpress\/plugins\/seo\/ -->\n<title>Biely Pel\u00e9 v bronze - Official Czech &amp; Slovak Everton Supporters&#039; Club<\/title>\n<meta name=\"robots\" content=\"index, follow, max-snippet:-1, max-image-preview:large, max-video-preview:-1\" \/>\n<link rel=\"canonical\" href=\"https:\/\/evertonfc.cz\/index.php\/2017\/01\/26\/biely-pele-v-bronze\/\" \/>\n<meta property=\"og:locale\" content=\"cs_CZ\" \/>\n<meta property=\"og:type\" content=\"article\" \/>\n<meta property=\"og:title\" content=\"Biely Pel\u00e9 v bronze - Official Czech &amp; Slovak Everton Supporters&#039; Club\" \/>\n<meta property=\"og:description\" content=\"Posledn\u00fd z Holy Trinity o jej minulosti, pr\u00edtomnosti s vnukom a o pocte by\u0165 zve\u010dnen\u00fd v chystanom s\u00faso\u0161\u00ed. Slovo m\u00e1 nikto in\u00fd ako\u2026 Colin Harvey\" \/>\n<meta property=\"og:url\" content=\"https:\/\/evertonfc.cz\/index.php\/2017\/01\/26\/biely-pele-v-bronze\/\" \/>\n<meta property=\"og:site_name\" content=\"Official Czech &amp; Slovak Everton Supporters&#039; Club\" \/>\n<meta property=\"article:publisher\" content=\"https:\/\/www.facebook.com\/everton.fans.cz.sk\" \/>\n<meta property=\"article:published_time\" content=\"2017-01-26T20:24:50+00:00\" \/>\n<meta property=\"article:modified_time\" content=\"2021-02-24T14:14:46+00:00\" \/>\n<meta property=\"og:image\" content=\"https:\/\/evertonfc.cz\/wp-content\/uploads\/2019\/05\/harvey_3_5_2019.jpg\" \/>\n\t<meta property=\"og:image:width\" content=\"640\" \/>\n\t<meta property=\"og:image:height\" content=\"375\" \/>\n\t<meta property=\"og:image:type\" content=\"image\/jpeg\" \/>\n<meta name=\"author\" content=\"BlueBlooded\" \/>\n<meta name=\"twitter:card\" content=\"summary_large_image\" \/>\n<meta name=\"twitter:label1\" content=\"Napsal(a)\" \/>\n\t<meta name=\"twitter:data1\" content=\"BlueBlooded\" \/>\n\t<meta name=\"twitter:label2\" content=\"Odhadovan\u00e1 doba \u010dten\u00ed\" \/>\n\t<meta name=\"twitter:data2\" content=\"4 minuty\" \/>\n<script type=\"application\/ld+json\" class=\"yoast-schema-graph\">{\"@context\":\"https:\/\/schema.org\",\"@graph\":[{\"@type\":\"Article\",\"@id\":\"https:\/\/evertonfc.cz\/index.php\/2017\/01\/26\/biely-pele-v-bronze\/#article\",\"isPartOf\":{\"@id\":\"https:\/\/evertonfc.cz\/index.php\/2017\/01\/26\/biely-pele-v-bronze\/\"},\"author\":{\"name\":\"BlueBlooded\",\"@id\":\"https:\/\/evertonfc.cz\/#\/schema\/person\/d4493b8cbea51532597fbc4685698916\"},\"headline\":\"Biely Pel\u00e9 v bronze\",\"datePublished\":\"2017-01-26T20:24:50+00:00\",\"dateModified\":\"2021-02-24T14:14:46+00:00\",\"mainEntityOfPage\":{\"@id\":\"https:\/\/evertonfc.cz\/index.php\/2017\/01\/26\/biely-pele-v-bronze\/\"},\"wordCount\":1016,\"commentCount\":0,\"publisher\":{\"@id\":\"https:\/\/evertonfc.cz\/#organization\"},\"image\":{\"@id\":\"https:\/\/evertonfc.cz\/index.php\/2017\/01\/26\/biely-pele-v-bronze\/#primaryimage\"},\"thumbnailUrl\":\"https:\/\/evertonfc.cz\/wp-content\/uploads\/2019\/05\/harvey_3_5_2019.jpg\",\"articleSection\":[\"Rozhovory\"],\"inLanguage\":\"cs\",\"potentialAction\":[{\"@type\":\"CommentAction\",\"name\":\"Comment\",\"target\":[\"https:\/\/evertonfc.cz\/index.php\/2017\/01\/26\/biely-pele-v-bronze\/#respond\"]}]},{\"@type\":\"WebPage\",\"@id\":\"https:\/\/evertonfc.cz\/index.php\/2017\/01\/26\/biely-pele-v-bronze\/\",\"url\":\"https:\/\/evertonfc.cz\/index.php\/2017\/01\/26\/biely-pele-v-bronze\/\",\"name\":\"Biely Pel\u00e9 v bronze - Official Czech &amp; Slovak Everton Supporters&#039; Club\",\"isPartOf\":{\"@id\":\"https:\/\/evertonfc.cz\/#website\"},\"primaryImageOfPage\":{\"@id\":\"https:\/\/evertonfc.cz\/index.php\/2017\/01\/26\/biely-pele-v-bronze\/#primaryimage\"},\"image\":{\"@id\":\"https:\/\/evertonfc.cz\/index.php\/2017\/01\/26\/biely-pele-v-bronze\/#primaryimage\"},\"thumbnailUrl\":\"https:\/\/evertonfc.cz\/wp-content\/uploads\/2019\/05\/harvey_3_5_2019.jpg\",\"datePublished\":\"2017-01-26T20:24:50+00:00\",\"dateModified\":\"2021-02-24T14:14:46+00:00\",\"breadcrumb\":{\"@id\":\"https:\/\/evertonfc.cz\/index.php\/2017\/01\/26\/biely-pele-v-bronze\/#breadcrumb\"},\"inLanguage\":\"cs\",\"potentialAction\":[{\"@type\":\"ReadAction\",\"target\":[\"https:\/\/evertonfc.cz\/index.php\/2017\/01\/26\/biely-pele-v-bronze\/\"]}]},{\"@type\":\"ImageObject\",\"inLanguage\":\"cs\",\"@id\":\"https:\/\/evertonfc.cz\/index.php\/2017\/01\/26\/biely-pele-v-bronze\/#primaryimage\",\"url\":\"https:\/\/evertonfc.cz\/wp-content\/uploads\/2019\/05\/harvey_3_5_2019.jpg\",\"contentUrl\":\"https:\/\/evertonfc.cz\/wp-content\/uploads\/2019\/05\/harvey_3_5_2019.jpg\",\"width\":640,\"height\":375,\"caption\":\"Colin Harvey p\u0159i odhalen\u00ed sochy\"},{\"@type\":\"BreadcrumbList\",\"@id\":\"https:\/\/evertonfc.cz\/index.php\/2017\/01\/26\/biely-pele-v-bronze\/#breadcrumb\",\"itemListElement\":[{\"@type\":\"ListItem\",\"position\":1,\"name\":\"Home\",\"item\":\"https:\/\/evertonfc.cz\/\"},{\"@type\":\"ListItem\",\"position\":2,\"name\":\"Biely Pel\u00e9 v bronze\"}]},{\"@type\":\"WebSite\",\"@id\":\"https:\/\/evertonfc.cz\/#website\",\"url\":\"https:\/\/evertonfc.cz\/\",\"name\":\"Official Czech &amp; Slovak Everton Supporters&#039; Club\",\"description\":\"\",\"publisher\":{\"@id\":\"https:\/\/evertonfc.cz\/#organization\"},\"potentialAction\":[{\"@type\":\"SearchAction\",\"target\":{\"@type\":\"EntryPoint\",\"urlTemplate\":\"https:\/\/evertonfc.cz\/?s={search_term_string}\"},\"query-input\":{\"@type\":\"PropertyValueSpecification\",\"valueRequired\":true,\"valueName\":\"search_term_string\"}}],\"inLanguage\":\"cs\"},{\"@type\":\"Organization\",\"@id\":\"https:\/\/evertonfc.cz\/#organization\",\"name\":\"Official Czech & Slovak Everton Supporters' Club\",\"url\":\"https:\/\/evertonfc.cz\/\",\"logo\":{\"@type\":\"ImageObject\",\"inLanguage\":\"cs\",\"@id\":\"https:\/\/evertonfc.cz\/#\/schema\/logo\/image\/\",\"url\":\"https:\/\/evertonfc.cz\/wp-content\/uploads\/2019\/05\/logo.png\",\"contentUrl\":\"https:\/\/evertonfc.cz\/wp-content\/uploads\/2019\/05\/logo.png\",\"width\":112,\"height\":112,\"caption\":\"Official Czech & Slovak Everton Supporters' Club\"},\"image\":{\"@id\":\"https:\/\/evertonfc.cz\/#\/schema\/logo\/image\/\"},\"sameAs\":[\"https:\/\/www.facebook.com\/everton.fans.cz.sk\"]},{\"@type\":\"Person\",\"@id\":\"https:\/\/evertonfc.cz\/#\/schema\/person\/d4493b8cbea51532597fbc4685698916\",\"name\":\"BlueBlooded\",\"url\":\"https:\/\/evertonfc.cz\/index.php\/author\/admin\/\"}]}<\/script>\n<!-- \/ Yoast SEO plugin. -->","yoast_head_json":{"title":"Biely Pel\u00e9 v bronze - Official Czech &amp; Slovak Everton Supporters&#039; Club","robots":{"index":"index","follow":"follow","max-snippet":"max-snippet:-1","max-image-preview":"max-image-preview:large","max-video-preview":"max-video-preview:-1"},"canonical":"https:\/\/evertonfc.cz\/index.php\/2017\/01\/26\/biely-pele-v-bronze\/","og_locale":"cs_CZ","og_type":"article","og_title":"Biely Pel\u00e9 v bronze - Official Czech &amp; Slovak Everton Supporters&#039; Club","og_description":"Posledn\u00fd z Holy Trinity o jej minulosti, pr\u00edtomnosti s vnukom a o pocte by\u0165 zve\u010dnen\u00fd v chystanom s\u00faso\u0161\u00ed. Slovo m\u00e1 nikto in\u00fd ako\u2026 Colin Harvey","og_url":"https:\/\/evertonfc.cz\/index.php\/2017\/01\/26\/biely-pele-v-bronze\/","og_site_name":"Official Czech &amp; Slovak Everton Supporters&#039; Club","article_publisher":"https:\/\/www.facebook.com\/everton.fans.cz.sk","article_published_time":"2017-01-26T20:24:50+00:00","article_modified_time":"2021-02-24T14:14:46+00:00","og_image":[{"width":640,"height":375,"url":"https:\/\/evertonfc.cz\/wp-content\/uploads\/2019\/05\/harvey_3_5_2019.jpg","type":"image\/jpeg"}],"author":"BlueBlooded","twitter_card":"summary_large_image","twitter_misc":{"Napsal(a)":"BlueBlooded","Odhadovan\u00e1 doba \u010dten\u00ed":"4 minuty"},"schema":{"@context":"https:\/\/schema.org","@graph":[{"@type":"Article","@id":"https:\/\/evertonfc.cz\/index.php\/2017\/01\/26\/biely-pele-v-bronze\/#article","isPartOf":{"@id":"https:\/\/evertonfc.cz\/index.php\/2017\/01\/26\/biely-pele-v-bronze\/"},"author":{"name":"BlueBlooded","@id":"https:\/\/evertonfc.cz\/#\/schema\/person\/d4493b8cbea51532597fbc4685698916"},"headline":"Biely Pel\u00e9 v bronze","datePublished":"2017-01-26T20:24:50+00:00","dateModified":"2021-02-24T14:14:46+00:00","mainEntityOfPage":{"@id":"https:\/\/evertonfc.cz\/index.php\/2017\/01\/26\/biely-pele-v-bronze\/"},"wordCount":1016,"commentCount":0,"publisher":{"@id":"https:\/\/evertonfc.cz\/#organization"},"image":{"@id":"https:\/\/evertonfc.cz\/index.php\/2017\/01\/26\/biely-pele-v-bronze\/#primaryimage"},"thumbnailUrl":"https:\/\/evertonfc.cz\/wp-content\/uploads\/2019\/05\/harvey_3_5_2019.jpg","articleSection":["Rozhovory"],"inLanguage":"cs","potentialAction":[{"@type":"CommentAction","name":"Comment","target":["https:\/\/evertonfc.cz\/index.php\/2017\/01\/26\/biely-pele-v-bronze\/#respond"]}]},{"@type":"WebPage","@id":"https:\/\/evertonfc.cz\/index.php\/2017\/01\/26\/biely-pele-v-bronze\/","url":"https:\/\/evertonfc.cz\/index.php\/2017\/01\/26\/biely-pele-v-bronze\/","name":"Biely Pel\u00e9 v bronze - Official Czech &amp; Slovak Everton Supporters&#039; Club","isPartOf":{"@id":"https:\/\/evertonfc.cz\/#website"},"primaryImageOfPage":{"@id":"https:\/\/evertonfc.cz\/index.php\/2017\/01\/26\/biely-pele-v-bronze\/#primaryimage"},"image":{"@id":"https:\/\/evertonfc.cz\/index.php\/2017\/01\/26\/biely-pele-v-bronze\/#primaryimage"},"thumbnailUrl":"https:\/\/evertonfc.cz\/wp-content\/uploads\/2019\/05\/harvey_3_5_2019.jpg","datePublished":"2017-01-26T20:24:50+00:00","dateModified":"2021-02-24T14:14:46+00:00","breadcrumb":{"@id":"https:\/\/evertonfc.cz\/index.php\/2017\/01\/26\/biely-pele-v-bronze\/#breadcrumb"},"inLanguage":"cs","potentialAction":[{"@type":"ReadAction","target":["https:\/\/evertonfc.cz\/index.php\/2017\/01\/26\/biely-pele-v-bronze\/"]}]},{"@type":"ImageObject","inLanguage":"cs","@id":"https:\/\/evertonfc.cz\/index.php\/2017\/01\/26\/biely-pele-v-bronze\/#primaryimage","url":"https:\/\/evertonfc.cz\/wp-content\/uploads\/2019\/05\/harvey_3_5_2019.jpg","contentUrl":"https:\/\/evertonfc.cz\/wp-content\/uploads\/2019\/05\/harvey_3_5_2019.jpg","width":640,"height":375,"caption":"Colin Harvey p\u0159i odhalen\u00ed sochy"},{"@type":"BreadcrumbList","@id":"https:\/\/evertonfc.cz\/index.php\/2017\/01\/26\/biely-pele-v-bronze\/#breadcrumb","itemListElement":[{"@type":"ListItem","position":1,"name":"Home","item":"https:\/\/evertonfc.cz\/"},{"@type":"ListItem","position":2,"name":"Biely Pel\u00e9 v bronze"}]},{"@type":"WebSite","@id":"https:\/\/evertonfc.cz\/#website","url":"https:\/\/evertonfc.cz\/","name":"Official Czech &amp; Slovak Everton Supporters&#039; Club","description":"","publisher":{"@id":"https:\/\/evertonfc.cz\/#organization"},"potentialAction":[{"@type":"SearchAction","target":{"@type":"EntryPoint","urlTemplate":"https:\/\/evertonfc.cz\/?s={search_term_string}"},"query-input":{"@type":"PropertyValueSpecification","valueRequired":true,"valueName":"search_term_string"}}],"inLanguage":"cs"},{"@type":"Organization","@id":"https:\/\/evertonfc.cz\/#organization","name":"Official Czech & Slovak Everton Supporters' Club","url":"https:\/\/evertonfc.cz\/","logo":{"@type":"ImageObject","inLanguage":"cs","@id":"https:\/\/evertonfc.cz\/#\/schema\/logo\/image\/","url":"https:\/\/evertonfc.cz\/wp-content\/uploads\/2019\/05\/logo.png","contentUrl":"https:\/\/evertonfc.cz\/wp-content\/uploads\/2019\/05\/logo.png","width":112,"height":112,"caption":"Official Czech & Slovak Everton Supporters' Club"},"image":{"@id":"https:\/\/evertonfc.cz\/#\/schema\/logo\/image\/"},"sameAs":["https:\/\/www.facebook.com\/everton.fans.cz.sk"]},{"@type":"Person","@id":"https:\/\/evertonfc.cz\/#\/schema\/person\/d4493b8cbea51532597fbc4685698916","name":"BlueBlooded","url":"https:\/\/evertonfc.cz\/index.php\/author\/admin\/"}]}},"_links":{"self":[{"href":"https:\/\/evertonfc.cz\/index.php\/wp-json\/wp\/v2\/posts\/3276"}],"collection":[{"href":"https:\/\/evertonfc.cz\/index.php\/wp-json\/wp\/v2\/posts"}],"about":[{"href":"https:\/\/evertonfc.cz\/index.php\/wp-json\/wp\/v2\/types\/post"}],"author":[{"embeddable":true,"href":"https:\/\/evertonfc.cz\/index.php\/wp-json\/wp\/v2\/users\/1"}],"replies":[{"embeddable":true,"href":"https:\/\/evertonfc.cz\/index.php\/wp-json\/wp\/v2\/comments?post=3276"}],"version-history":[{"count":3,"href":"https:\/\/evertonfc.cz\/index.php\/wp-json\/wp\/v2\/posts\/3276\/revisions"}],"predecessor-version":[{"id":14333,"href":"https:\/\/evertonfc.cz\/index.php\/wp-json\/wp\/v2\/posts\/3276\/revisions\/14333"}],"wp:featuredmedia":[{"embeddable":true,"href":"https:\/\/evertonfc.cz\/index.php\/wp-json\/wp\/v2\/media\/7666"}],"wp:attachment":[{"href":"https:\/\/evertonfc.cz\/index.php\/wp-json\/wp\/v2\/media?parent=3276"}],"wp:term":[{"taxonomy":"category","embeddable":true,"href":"https:\/\/evertonfc.cz\/index.php\/wp-json\/wp\/v2\/categories?post=3276"},{"taxonomy":"post_tag","embeddable":true,"href":"https:\/\/evertonfc.cz\/index.php\/wp-json\/wp\/v2\/tags?post=3276"}],"curies":[{"name":"wp","href":"https:\/\/api.w.org\/{rel}","templated":true}]}}