{"id":3278,"date":"2017-01-24T21:26:10","date_gmt":"2017-01-24T20:26:10","guid":{"rendered":"http:\/\/evertonfc.cz\/?p=3278"},"modified":"2019-02-10T21:27:38","modified_gmt":"2019-02-10T20:27:38","slug":"ac-milano-ziskalo-deulofeua","status":"publish","type":"post","link":"https:\/\/evertonfc.cz\/index.php\/2017\/01\/24\/ac-milano-ziskalo-deulofeua\/","title":{"rendered":"AC Mil\u00e1no z\u00edskalo Deulofeua"},"content":{"rendered":"<h4 id=\"NewsPostDetailSummary\">Nekonzistentn\u00e9 v\u00fdkony a ned\u00f4vera tr\u00e9nera n\u00fatia mlad\u00e9ho \u0160paniela hlada\u0165 si hern\u00e9 vy\u0165a\u017eenie inde. Do konca tejto sez\u00f3ny bude z Geryho &#8222;Rossoneri&#8220;.<\/h4>\n<div id=\"NewsPostDetailContent\">\n<p>T\u00e1to p\u00f4\u017ei\u010dka sa na\u0165ahovala u\u017e dlh\u0161\u00ed \u010das a bolo evidentn\u00e9, \u017ee Taliani to s na\u0161\u00edm \u010d\u00edslom 7 myslia v\u00e1\u017ene. Ani komplikovan\u00e1 situ\u00e1cia klubu zo San Sira v\u0161ak nezabr\u00e1nila e\u0161te komplikovanej\u0161\u00edm po\u017eiadavk\u00e1m Evertonu, tento transfer dokon\u010di\u0165. Ten si zrejme chcel poisti\u0165 \u00a0pr\u00edpadn\u00fd hr\u00e1\u010dov odchod z klubu, za slu\u0161n\u00e9 peniaze. Prv\u00e1 spr\u00e1va sa objavila piatok 20.1. na Twitteri, ke\u010f ofici\u00e1lny profil Mil\u00e1nskeho klubu ozn\u00e1mil svoj \u00falovok. Vedenie Evertonu to v\u0161ak poprelo &#8211; hr\u00e1\u010d e\u0161te nepre\u0161iel zdravotnou prehliadkou &#8211; a\u00a0prestupov\u00e1 s\u00e1ga bola na svete. Av\u0161ak u\u017e v\u00a0nede\u013eu ve\u010der Deulofeu pricestoval do Mil\u00e1na s hviezdnym z\u00e1ujmom miestnych novin\u00e1rov a v pondelok \u00faspe\u0161ne pre\u0161iel v\u0161etk\u00fdmi testami.<\/p>\n<p>V lige to maj\u00fa Rossoneri po dlh\u0161om \u010dase lep\u0161ie rozohrat\u00e9 a \u0161ikovn\u00fd Gerard sa zd\u00e1 by\u0165 perfektnou vo\u013ebou pre \u013eav\u00e9 kr\u00eddlo na pretaktizovan\u00fdch ihrisk\u00e1ch Serie A.\u00a0Podobne ako Toffees, sa Mil\u00e1n\u010dania nach\u00e1dzaj\u00fa na 7. prie\u010dke a na prv\u00fd Juventus str\u00e1caj\u00fa 11 bodov. V Taliansku bude pod doh\u013eadom tr\u00e9nera Vincenza Montella, 42 ro\u010dn\u00e9ho \u010dlena Siene Sl\u00e1vy AS R\u00edm, ktor\u00fd stihol u\u017e s AC osl\u00e1vi\u0165 aj prv\u00fd triumf. V decembri toti\u017e vyhral po penaltovom rozstrele pr\u00e1ve proti Juventusu a z\u00edskal tak prv\u00fa trofej pre AC od roku 2011 &#8211; Supercoppa Italiana.<\/p>\n<p>Ako znie teda dohoda? &#8211; Hos\u0165ovanie do konca prebiehaj\u00facej sez\u00f3ny, s poplatkom pohybuj\u00facim sa v rozmedz\u00ed pol mili\u00f3na libier, bez mo\u017enosti n\u00e1slednej opcie, \u010di z\u00e1v\u00e4zku k\u00fapy. Zo strany obidvoch klub sa to jav\u00ed ako jasn\u00fd kompromis. Pre koho v\u00fdjde lep\u0161ie, sa e\u0161te len uvid\u00ed. Zatia\u013e si Deulofeu, ktor\u00fd t\u00fato sez\u00f3nu nast\u00fapil len do 13 z\u00e1pasov, bude musie\u0165 zvyka\u0165 na \u010fal\u0161ie jazykov\u00e9 bari\u00e9ry. V k\u00e1dri Rossoneri mu v\u0161ak iste pom\u00f4\u017ee usadi\u0165 sa, star\u00fd zn\u00e1my z ml\u00e1de\u017en\u00edkych reprezent\u00e1ci\u00ed a b\u00fdval\u00fd Ex-Redshite, Suso.<\/p>\n<p>Andriano Galliani (CEO AC Milan) &amp; &#8222;He\u00b4s Magic You Know&#8220;<\/p>\n<p>Deulofeu v prvom rozhovore:<\/p>\n<p>\u201e<em>Mil\u00e1no je najsl\u00e1vnej\u0161\u00ed taliansky klub, som ve\u013emi \u0161tastn\u00fd. U\u017e dlho som chcel pr\u00eds\u0165 do AC. Je to skvel\u00fd klub, sedemn\u00e1sobn\u00fd \u0161ampi\u00f3n Ligy Majstrov, v ktorom hralo ve\u013ea dr\u017eite\u013eov Zlatej Lopty. Te\u0161\u00edm sa, \u017ee som dnes tr\u00e9noval s nov\u00fdmi spoluhr\u00e1\u010dmi, ktor\u00ed ma priv\u00edtali a d\u00fafam, \u017ee budem m\u00f4c\u0165 hra\u0165 u\u017e v stredu proti Juventusu a pom\u00f4\u017eem t\u00edmu. V\u0161etko sa udialo ve\u013emi r\u00fdchlo. Pre\u0161iel som zdravotn\u00fdmi testami, podp\u00edsal som zmluvu a zrazu som behal na tr\u00e9ningu.<\/em><\/p>\n<p><em>So Susom som hral za v\u0161etky \u0161panielske ml\u00e1de\u017en\u00edcke kateg\u00f3rie U17\/19\/20\/21. Je to talentovan\u00fd hr\u00e1\u010d, dobre spolu vych\u00e1dzame a som r\u00e1d, \u017ee s n\u00edm znova zahr\u00e1m, rovnako ako s Carlosom Baccom, s ktor\u00fdm som bol rok v Seville. Je to skvel\u00fd chlap\u00edk, d\u00fafam, \u017ee d\u00e1me spolu ve\u013ea g\u00f3lov.<\/em><\/p>\n<p><em>Preferujem g\u00f3ly pred asistenciami. Zvy\u010dajne, ke\u010f hr\u00e1m na pravom kr\u00eddle, je jednoduch\u0161ie z\u00eds\u0165 do stredu a asistova\u0165, ale tie\u017e r\u00e1d hr\u00e1m v\u013eavo a mysl\u00edm, \u017ee tam m\u00e1m viac pr\u00edle\u017eitost\u00ed ku sk\u00f3rovaniu. Samozrejm\u00e9 je v\u0161ak hlavne pom\u00f4c\u0165 t\u00edmu. Budem nosi\u0165 \u010d\u00edslo 7. To m\u00e1m aj v \u0160panielsku, tu ho nikto nemal, tak som si ho hne\u010f vybral.<\/em><\/p>\n<p><em>Aj som si pozrel 3-4 z\u00e1pasy, lebo som vedel, \u017ee sem mo\u017eno pr\u00eddem a budem m\u00f4c\u0165 hra\u0165. Inak by som nepri\u0161iel. Som r\u00e1d, \u017ee prejavili o m\u0148a z\u00e1ujem a d\u00fafam, \u017ee vyu\u017eijem t\u00fato pr\u00edle\u017eitos\u0165. <\/em><\/p>\n<p><em>Ka\u017ed\u00fd de\u0148 mus\u00edte veri\u0165 v svoje sny, tvrdo tr\u00e9nova\u0165 a nadov\u0161etko &#8211; po\u010d\u00fava\u0165 rady tr\u00e9nera a svojich rodi\u010dov. Futbal je komplikovan\u00fd, o \u010dom \u013eudia nevedia, ale naozaj je.<\/em>&#8220;<\/p>\n<\/div>\n","protected":false},"excerpt":{"rendered":"<p>Nekonzistentn\u00e9 v\u00fdkony a ned\u00f4vera tr\u00e9nera n\u00fatia mlad\u00e9ho \u0160paniela hlada\u0165 si hern\u00e9 vy\u0165a\u017eenie inde. Do konca tejto sez\u00f3ny bude z Geryho&hellip;<\/p>\n","protected":false},"author":1,"featured_media":1316,"comment_status":"open","ping_status":"closed","sticky":false,"template":"","format":"standard","meta":{"_eb_attr":"","_monsterinsights_skip_tracking":false,"_monsterinsights_sitenote_active":false,"_monsterinsights_sitenote_note":"","_monsterinsights_sitenote_category":0,"footnotes":""},"categories":[41],"tags":[],"yoast_head":"<!-- This site is optimized with the Yoast SEO plugin v23.4 - https:\/\/yoast.com\/wordpress\/plugins\/seo\/ -->\n<title>AC Mil\u00e1no z\u00edskalo Deulofeua - Official Czech &amp; Slovak Everton Supporters&#039; Club<\/title>\n<meta name=\"robots\" content=\"index, follow, max-snippet:-1, max-image-preview:large, max-video-preview:-1\" \/>\n<link rel=\"canonical\" href=\"https:\/\/evertonfc.cz\/index.php\/2017\/01\/24\/ac-milano-ziskalo-deulofeua\/\" \/>\n<meta property=\"og:locale\" content=\"cs_CZ\" \/>\n<meta property=\"og:type\" content=\"article\" \/>\n<meta property=\"og:title\" content=\"AC Mil\u00e1no z\u00edskalo Deulofeua - Official Czech &amp; Slovak Everton Supporters&#039; Club\" \/>\n<meta property=\"og:description\" content=\"Nekonzistentn\u00e9 v\u00fdkony a ned\u00f4vera tr\u00e9nera n\u00fatia mlad\u00e9ho \u0160paniela hlada\u0165 si hern\u00e9 vy\u0165a\u017eenie inde. Do konca tejto sez\u00f3ny bude z Geryho&hellip;\" \/>\n<meta property=\"og:url\" content=\"https:\/\/evertonfc.cz\/index.php\/2017\/01\/24\/ac-milano-ziskalo-deulofeua\/\" \/>\n<meta property=\"og:site_name\" content=\"Official Czech &amp; Slovak Everton Supporters&#039; Club\" \/>\n<meta property=\"article:publisher\" content=\"https:\/\/www.facebook.com\/everton.fans.cz.sk\" \/>\n<meta property=\"article:published_time\" content=\"2017-01-24T20:26:10+00:00\" \/>\n<meta property=\"article:modified_time\" content=\"2019-02-10T20:27:38+00:00\" \/>\n<meta property=\"og:image\" content=\"https:\/\/evertonfc.cz\/wp-content\/uploads\/2019\/01\/transfer.jpg\" \/>\n\t<meta property=\"og:image:width\" content=\"720\" \/>\n\t<meta property=\"og:image:height\" content=\"405\" \/>\n\t<meta property=\"og:image:type\" content=\"image\/jpeg\" \/>\n<meta name=\"author\" content=\"BlueBlooded\" \/>\n<meta name=\"twitter:card\" content=\"summary_large_image\" \/>\n<meta name=\"twitter:label1\" content=\"Napsal(a)\" \/>\n\t<meta name=\"twitter:data1\" content=\"BlueBlooded\" \/>\n\t<meta name=\"twitter:label2\" content=\"Odhadovan\u00e1 doba \u010dten\u00ed\" \/>\n\t<meta name=\"twitter:data2\" content=\"4 minuty\" \/>\n<script type=\"application\/ld+json\" class=\"yoast-schema-graph\">{\"@context\":\"https:\/\/schema.org\",\"@graph\":[{\"@type\":\"Article\",\"@id\":\"https:\/\/evertonfc.cz\/index.php\/2017\/01\/24\/ac-milano-ziskalo-deulofeua\/#article\",\"isPartOf\":{\"@id\":\"https:\/\/evertonfc.cz\/index.php\/2017\/01\/24\/ac-milano-ziskalo-deulofeua\/\"},\"author\":{\"name\":\"BlueBlooded\",\"@id\":\"https:\/\/evertonfc.cz\/#\/schema\/person\/d4493b8cbea51532597fbc4685698916\"},\"headline\":\"AC Mil\u00e1no z\u00edskalo Deulofeua\",\"datePublished\":\"2017-01-24T20:26:10+00:00\",\"dateModified\":\"2019-02-10T20:27:38+00:00\",\"mainEntityOfPage\":{\"@id\":\"https:\/\/evertonfc.cz\/index.php\/2017\/01\/24\/ac-milano-ziskalo-deulofeua\/\"},\"wordCount\":714,\"commentCount\":0,\"publisher\":{\"@id\":\"https:\/\/evertonfc.cz\/#organization\"},\"image\":{\"@id\":\"https:\/\/evertonfc.cz\/index.php\/2017\/01\/24\/ac-milano-ziskalo-deulofeua\/#primaryimage\"},\"thumbnailUrl\":\"https:\/\/evertonfc.cz\/wp-content\/uploads\/2019\/01\/transfer.jpg\",\"articleSection\":[\"P\u0159estupy\"],\"inLanguage\":\"cs\",\"potentialAction\":[{\"@type\":\"CommentAction\",\"name\":\"Comment\",\"target\":[\"https:\/\/evertonfc.cz\/index.php\/2017\/01\/24\/ac-milano-ziskalo-deulofeua\/#respond\"]}]},{\"@type\":\"WebPage\",\"@id\":\"https:\/\/evertonfc.cz\/index.php\/2017\/01\/24\/ac-milano-ziskalo-deulofeua\/\",\"url\":\"https:\/\/evertonfc.cz\/index.php\/2017\/01\/24\/ac-milano-ziskalo-deulofeua\/\",\"name\":\"AC Mil\u00e1no z\u00edskalo Deulofeua - Official Czech &amp; Slovak Everton Supporters&#039; Club\",\"isPartOf\":{\"@id\":\"https:\/\/evertonfc.cz\/#website\"},\"primaryImageOfPage\":{\"@id\":\"https:\/\/evertonfc.cz\/index.php\/2017\/01\/24\/ac-milano-ziskalo-deulofeua\/#primaryimage\"},\"image\":{\"@id\":\"https:\/\/evertonfc.cz\/index.php\/2017\/01\/24\/ac-milano-ziskalo-deulofeua\/#primaryimage\"},\"thumbnailUrl\":\"https:\/\/evertonfc.cz\/wp-content\/uploads\/2019\/01\/transfer.jpg\",\"datePublished\":\"2017-01-24T20:26:10+00:00\",\"dateModified\":\"2019-02-10T20:27:38+00:00\",\"breadcrumb\":{\"@id\":\"https:\/\/evertonfc.cz\/index.php\/2017\/01\/24\/ac-milano-ziskalo-deulofeua\/#breadcrumb\"},\"inLanguage\":\"cs\",\"potentialAction\":[{\"@type\":\"ReadAction\",\"target\":[\"https:\/\/evertonfc.cz\/index.php\/2017\/01\/24\/ac-milano-ziskalo-deulofeua\/\"]}]},{\"@type\":\"ImageObject\",\"inLanguage\":\"cs\",\"@id\":\"https:\/\/evertonfc.cz\/index.php\/2017\/01\/24\/ac-milano-ziskalo-deulofeua\/#primaryimage\",\"url\":\"https:\/\/evertonfc.cz\/wp-content\/uploads\/2019\/01\/transfer.jpg\",\"contentUrl\":\"https:\/\/evertonfc.cz\/wp-content\/uploads\/2019\/01\/transfer.jpg\",\"width\":720,\"height\":405},{\"@type\":\"BreadcrumbList\",\"@id\":\"https:\/\/evertonfc.cz\/index.php\/2017\/01\/24\/ac-milano-ziskalo-deulofeua\/#breadcrumb\",\"itemListElement\":[{\"@type\":\"ListItem\",\"position\":1,\"name\":\"Home\",\"item\":\"https:\/\/evertonfc.cz\/\"},{\"@type\":\"ListItem\",\"position\":2,\"name\":\"AC Mil\u00e1no z\u00edskalo Deulofeua\"}]},{\"@type\":\"WebSite\",\"@id\":\"https:\/\/evertonfc.cz\/#website\",\"url\":\"https:\/\/evertonfc.cz\/\",\"name\":\"Official Czech &amp; Slovak Everton Supporters&#039; Club\",\"description\":\"\",\"publisher\":{\"@id\":\"https:\/\/evertonfc.cz\/#organization\"},\"potentialAction\":[{\"@type\":\"SearchAction\",\"target\":{\"@type\":\"EntryPoint\",\"urlTemplate\":\"https:\/\/evertonfc.cz\/?s={search_term_string}\"},\"query-input\":{\"@type\":\"PropertyValueSpecification\",\"valueRequired\":true,\"valueName\":\"search_term_string\"}}],\"inLanguage\":\"cs\"},{\"@type\":\"Organization\",\"@id\":\"https:\/\/evertonfc.cz\/#organization\",\"name\":\"Official Czech & Slovak Everton Supporters' Club\",\"url\":\"https:\/\/evertonfc.cz\/\",\"logo\":{\"@type\":\"ImageObject\",\"inLanguage\":\"cs\",\"@id\":\"https:\/\/evertonfc.cz\/#\/schema\/logo\/image\/\",\"url\":\"https:\/\/evertonfc.cz\/wp-content\/uploads\/2019\/05\/logo.png\",\"contentUrl\":\"https:\/\/evertonfc.cz\/wp-content\/uploads\/2019\/05\/logo.png\",\"width\":112,\"height\":112,\"caption\":\"Official Czech & Slovak Everton Supporters' Club\"},\"image\":{\"@id\":\"https:\/\/evertonfc.cz\/#\/schema\/logo\/image\/\"},\"sameAs\":[\"https:\/\/www.facebook.com\/everton.fans.cz.sk\"]},{\"@type\":\"Person\",\"@id\":\"https:\/\/evertonfc.cz\/#\/schema\/person\/d4493b8cbea51532597fbc4685698916\",\"name\":\"BlueBlooded\",\"url\":\"https:\/\/evertonfc.cz\/index.php\/author\/admin\/\"}]}<\/script>\n<!-- \/ Yoast SEO plugin. -->","yoast_head_json":{"title":"AC Mil\u00e1no z\u00edskalo Deulofeua - Official Czech &amp; Slovak Everton Supporters&#039; Club","robots":{"index":"index","follow":"follow","max-snippet":"max-snippet:-1","max-image-preview":"max-image-preview:large","max-video-preview":"max-video-preview:-1"},"canonical":"https:\/\/evertonfc.cz\/index.php\/2017\/01\/24\/ac-milano-ziskalo-deulofeua\/","og_locale":"cs_CZ","og_type":"article","og_title":"AC Mil\u00e1no z\u00edskalo Deulofeua - Official Czech &amp; Slovak Everton Supporters&#039; Club","og_description":"Nekonzistentn\u00e9 v\u00fdkony a ned\u00f4vera tr\u00e9nera n\u00fatia mlad\u00e9ho \u0160paniela hlada\u0165 si hern\u00e9 vy\u0165a\u017eenie inde. Do konca tejto sez\u00f3ny bude z Geryho&hellip;","og_url":"https:\/\/evertonfc.cz\/index.php\/2017\/01\/24\/ac-milano-ziskalo-deulofeua\/","og_site_name":"Official Czech &amp; Slovak Everton Supporters&#039; Club","article_publisher":"https:\/\/www.facebook.com\/everton.fans.cz.sk","article_published_time":"2017-01-24T20:26:10+00:00","article_modified_time":"2019-02-10T20:27:38+00:00","og_image":[{"width":720,"height":405,"url":"https:\/\/evertonfc.cz\/wp-content\/uploads\/2019\/01\/transfer.jpg","type":"image\/jpeg"}],"author":"BlueBlooded","twitter_card":"summary_large_image","twitter_misc":{"Napsal(a)":"BlueBlooded","Odhadovan\u00e1 doba \u010dten\u00ed":"4 minuty"},"schema":{"@context":"https:\/\/schema.org","@graph":[{"@type":"Article","@id":"https:\/\/evertonfc.cz\/index.php\/2017\/01\/24\/ac-milano-ziskalo-deulofeua\/#article","isPartOf":{"@id":"https:\/\/evertonfc.cz\/index.php\/2017\/01\/24\/ac-milano-ziskalo-deulofeua\/"},"author":{"name":"BlueBlooded","@id":"https:\/\/evertonfc.cz\/#\/schema\/person\/d4493b8cbea51532597fbc4685698916"},"headline":"AC Mil\u00e1no z\u00edskalo Deulofeua","datePublished":"2017-01-24T20:26:10+00:00","dateModified":"2019-02-10T20:27:38+00:00","mainEntityOfPage":{"@id":"https:\/\/evertonfc.cz\/index.php\/2017\/01\/24\/ac-milano-ziskalo-deulofeua\/"},"wordCount":714,"commentCount":0,"publisher":{"@id":"https:\/\/evertonfc.cz\/#organization"},"image":{"@id":"https:\/\/evertonfc.cz\/index.php\/2017\/01\/24\/ac-milano-ziskalo-deulofeua\/#primaryimage"},"thumbnailUrl":"https:\/\/evertonfc.cz\/wp-content\/uploads\/2019\/01\/transfer.jpg","articleSection":["P\u0159estupy"],"inLanguage":"cs","potentialAction":[{"@type":"CommentAction","name":"Comment","target":["https:\/\/evertonfc.cz\/index.php\/2017\/01\/24\/ac-milano-ziskalo-deulofeua\/#respond"]}]},{"@type":"WebPage","@id":"https:\/\/evertonfc.cz\/index.php\/2017\/01\/24\/ac-milano-ziskalo-deulofeua\/","url":"https:\/\/evertonfc.cz\/index.php\/2017\/01\/24\/ac-milano-ziskalo-deulofeua\/","name":"AC Mil\u00e1no z\u00edskalo Deulofeua - Official Czech &amp; Slovak Everton Supporters&#039; Club","isPartOf":{"@id":"https:\/\/evertonfc.cz\/#website"},"primaryImageOfPage":{"@id":"https:\/\/evertonfc.cz\/index.php\/2017\/01\/24\/ac-milano-ziskalo-deulofeua\/#primaryimage"},"image":{"@id":"https:\/\/evertonfc.cz\/index.php\/2017\/01\/24\/ac-milano-ziskalo-deulofeua\/#primaryimage"},"thumbnailUrl":"https:\/\/evertonfc.cz\/wp-content\/uploads\/2019\/01\/transfer.jpg","datePublished":"2017-01-24T20:26:10+00:00","dateModified":"2019-02-10T20:27:38+00:00","breadcrumb":{"@id":"https:\/\/evertonfc.cz\/index.php\/2017\/01\/24\/ac-milano-ziskalo-deulofeua\/#breadcrumb"},"inLanguage":"cs","potentialAction":[{"@type":"ReadAction","target":["https:\/\/evertonfc.cz\/index.php\/2017\/01\/24\/ac-milano-ziskalo-deulofeua\/"]}]},{"@type":"ImageObject","inLanguage":"cs","@id":"https:\/\/evertonfc.cz\/index.php\/2017\/01\/24\/ac-milano-ziskalo-deulofeua\/#primaryimage","url":"https:\/\/evertonfc.cz\/wp-content\/uploads\/2019\/01\/transfer.jpg","contentUrl":"https:\/\/evertonfc.cz\/wp-content\/uploads\/2019\/01\/transfer.jpg","width":720,"height":405},{"@type":"BreadcrumbList","@id":"https:\/\/evertonfc.cz\/index.php\/2017\/01\/24\/ac-milano-ziskalo-deulofeua\/#breadcrumb","itemListElement":[{"@type":"ListItem","position":1,"name":"Home","item":"https:\/\/evertonfc.cz\/"},{"@type":"ListItem","position":2,"name":"AC Mil\u00e1no z\u00edskalo Deulofeua"}]},{"@type":"WebSite","@id":"https:\/\/evertonfc.cz\/#website","url":"https:\/\/evertonfc.cz\/","name":"Official Czech &amp; Slovak Everton Supporters&#039; Club","description":"","publisher":{"@id":"https:\/\/evertonfc.cz\/#organization"},"potentialAction":[{"@type":"SearchAction","target":{"@type":"EntryPoint","urlTemplate":"https:\/\/evertonfc.cz\/?s={search_term_string}"},"query-input":{"@type":"PropertyValueSpecification","valueRequired":true,"valueName":"search_term_string"}}],"inLanguage":"cs"},{"@type":"Organization","@id":"https:\/\/evertonfc.cz\/#organization","name":"Official Czech & Slovak Everton Supporters' Club","url":"https:\/\/evertonfc.cz\/","logo":{"@type":"ImageObject","inLanguage":"cs","@id":"https:\/\/evertonfc.cz\/#\/schema\/logo\/image\/","url":"https:\/\/evertonfc.cz\/wp-content\/uploads\/2019\/05\/logo.png","contentUrl":"https:\/\/evertonfc.cz\/wp-content\/uploads\/2019\/05\/logo.png","width":112,"height":112,"caption":"Official Czech & Slovak Everton Supporters' Club"},"image":{"@id":"https:\/\/evertonfc.cz\/#\/schema\/logo\/image\/"},"sameAs":["https:\/\/www.facebook.com\/everton.fans.cz.sk"]},{"@type":"Person","@id":"https:\/\/evertonfc.cz\/#\/schema\/person\/d4493b8cbea51532597fbc4685698916","name":"BlueBlooded","url":"https:\/\/evertonfc.cz\/index.php\/author\/admin\/"}]}},"_links":{"self":[{"href":"https:\/\/evertonfc.cz\/index.php\/wp-json\/wp\/v2\/posts\/3278"}],"collection":[{"href":"https:\/\/evertonfc.cz\/index.php\/wp-json\/wp\/v2\/posts"}],"about":[{"href":"https:\/\/evertonfc.cz\/index.php\/wp-json\/wp\/v2\/types\/post"}],"author":[{"embeddable":true,"href":"https:\/\/evertonfc.cz\/index.php\/wp-json\/wp\/v2\/users\/1"}],"replies":[{"embeddable":true,"href":"https:\/\/evertonfc.cz\/index.php\/wp-json\/wp\/v2\/comments?post=3278"}],"version-history":[{"count":1,"href":"https:\/\/evertonfc.cz\/index.php\/wp-json\/wp\/v2\/posts\/3278\/revisions"}],"predecessor-version":[{"id":3279,"href":"https:\/\/evertonfc.cz\/index.php\/wp-json\/wp\/v2\/posts\/3278\/revisions\/3279"}],"wp:featuredmedia":[{"embeddable":true,"href":"https:\/\/evertonfc.cz\/index.php\/wp-json\/wp\/v2\/media\/1316"}],"wp:attachment":[{"href":"https:\/\/evertonfc.cz\/index.php\/wp-json\/wp\/v2\/media?parent=3278"}],"wp:term":[{"taxonomy":"category","embeddable":true,"href":"https:\/\/evertonfc.cz\/index.php\/wp-json\/wp\/v2\/categories?post=3278"},{"taxonomy":"post_tag","embeddable":true,"href":"https:\/\/evertonfc.cz\/index.php\/wp-json\/wp\/v2\/tags?post=3278"}],"curies":[{"name":"wp","href":"https:\/\/api.w.org\/{rel}","templated":true}]}}