{"id":328,"date":"2012-03-15T16:02:16","date_gmt":"2012-03-15T15:02:16","guid":{"rendered":"http:\/\/evertonfc.cz\/?p=328"},"modified":"2019-02-09T22:30:04","modified_gmt":"2019-02-09T21:30:04","slug":"brian-labone","status":"publish","type":"post","link":"https:\/\/evertonfc.cz\/index.php\/2012\/03\/15\/brian-labone\/","title":{"rendered":"Brian Labone"},"content":{"rendered":"<h4 id=\"NewsPostDetailSummary\">Brian Labone alias Mr. Everton \u010di Labby je jedn\u00edm z nejv\u011bt\u0161\u00edch hr\u00e1\u010d\u016f historie Evertonu, kter\u00fd ve sv\u00e9 dob\u011b pat\u0159il k nejlep\u0161\u00edm st\u0159edn\u00edm obr\u00e1nc\u016fm na sv\u011bt\u011b.<\/h4>\n<p>Brian Labone se narodil do ne moc \u0161\u0165astn\u00e9 doby, sv\u011btlo sv\u011bta spat\u0159il 23. ledna 1940, tedy b\u011bhem druh\u00e9 sv\u011btov\u00e9 v\u00e1lky. U\u017e od \u00fatl\u00e9ho v\u011bku ho doprov\u00e1zel fotbalov\u00fd m\u00ed\u010d, zd\u00e1lo by se proto jasn\u00e9, \u010demu se bude v\u011bnovat. Jen\u017ee &#8222;Labby&#8220; nebyl jen slibn\u00fd fotbalista, ale i velmi chytr\u00fd kluk. A tak se v \u010dervenci roku 1957 ve sv\u00fdch sedmn\u00e1cti letech musel rozhodnout mezi studiem na univerzit\u011b a profesion\u00e1ln\u00edm kontraktem v Evertonu. Na\u0161t\u011bst\u00ed po d\u016fkladn\u00e9 porad\u011b s rodi\u010di zvolil druhou mo\u017enost.<\/p>\n<p>Labone za\u010dal nastupovat pravideln\u011b za rezervn\u00ed t\u00fdm, ve kter\u00e9m sb\u00edral zku\u0161enosti a hlavn\u011b piloval dovednosti, kter\u00e9 ho m\u011bli v budoucnu proslavit \u2013 v\u00fdborn\u00e9 \u010dten\u00ed hry, skv\u011bl\u00e9 hlavi\u010dky a perfektn\u00ed odeb\u00edr\u00e1n\u00ed m\u00ed\u010de. V osobn\u00edch souboj\u00edch jen m\u00e1lokdy fauloval, jeho elegance p\u0159i z\u00e1kroc\u00edch byla \u00fa\u017easn\u00e1 (za svoji kari\u00e9ru dokonce obdr\u017eel jen dv\u011b karty). Sv\u016fj debut za A-t\u00fdm si odbyl v osmn\u00e1cti letech na konci ligov\u00e9ho ro\u010dn\u00edku 1957\/58 po sedmi m\u011bs\u00edc\u00edch str\u00e1ven\u00fdch na Goodison Parku. Mlad\u00fd talent nasko\u010dil v pr\u016fb\u011bhu utk\u00e1n\u00ed za zran\u011bn\u00e9ho spoluhr\u00e1\u010de, a i kdy\u017e Everton prohr\u00e1l s Birminghamem 1:2 Labone si vyslou\u017eil za sv\u016fj v\u00fdkon pochvaly, d\u00edky nim\u017e nastoupil v z\u00e1kladn\u00ed sestav\u011b do p\u0159\u00ed\u0161t\u00edho z\u00e1pasu se Spurs. Nutno ov\u0161em podotknout, \u017ee Labone na po\u010d\u00e1tc\u00edch sv\u00e9 kari\u00e9ry nastupoval na pozici st\u0159edn\u00edho z\u00e1lo\u017en\u00edka, a\u017e pozd\u011bji se posunul sm\u011brem dozadu. V\u00a0premi\u00e9rov\u011b sez\u00f3n\u011b si ale zaplatil i nov\u00e1\u010dkovskou da\u0148. V z\u00e1pase s\u00a0Tottenhamem se Labonemu v\u016fbec neda\u0159ilo, hlavn\u00ed z\u00e1sluhu na tom m\u011bl \u00fato\u010dn\u00edk Spurs Bobby Smith, jen\u017e cel\u00fd Everton vyjma Laboneho sv\u00fdm skv\u011bl\u00fdm v\u00fdkonem zesm\u011b\u0161nil.<\/p>\n<p>V n\u00e1sleduj\u00edc\u00ed sez\u00f3n\u011b za\u010dal v prvn\u00edm utk\u00e1n\u00ed Labone na lavi\u010dce a mo\u017en\u00e1 to bylo i dob\u0159e. Jeho spoluhr\u00e1\u010di toti\u017e utrp\u011bli debakl od Tottenhamu 4:10, bylo tedy pot\u0159eba prov\u00e9st zm\u011bny v sestav\u011b. A pr\u00e1v\u011b Labone se d\u00edky t\u00e9to ostud\u011b us\u00eddlil v z\u00e1kladn\u00ed sestav\u011b na m\u00edst\u011b st\u0159edopola\u0159e, dokonce mu m\u00edsto uvolnila m\u00edsto jin\u00e1 legenda, Tommy Jones, kter\u00fd se musel spokojit s pozic\u00ed lev\u00e9ho obr\u00e1nce.<\/p>\n<p>Spolehliv\u00e9 v\u00fdkony vynesli Labonemu v sez\u00f3n\u011b 1960\/61 pozv\u00e1nku do reprezentace Anglie do t\u0159iadvaceti let. Do v\u00fdb\u011bru Albionu ji\u017e p\u0159ich\u00e1zel jako st\u0159edn\u00ed obr\u00e1nce. N\u00e1sleduj\u00edc\u00ed sez\u00f3na byla pro Everton vynikaj\u00edc\u00ed, klub t\u011b\u017eil z v\u00fdborn\u00e9 pr\u00e1ci mana\u017eera Harryho Cattericka, je\u017e vynesla Karamelk\u00e1m po del\u0161\u00ed dob\u011b slu\u0161n\u00e9 um\u00edst\u011bn\u00ed v lize a to 4. m\u00edsto. Ov\u0161em to nebylo v\u0161e! V ro\u010dn\u00edku 1962\/63 Everton v anglick\u00e9 sout\u011b\u017ei dominoval a dokonce ji vyhr\u00e1l. V mu\u017estvu byli v t\u00e9to dob\u011b krom\u011b Laboneho dal\u0161\u00ed vynikaj\u00edc\u00ed hr\u00e1\u010di jako Derek Temple, Roy Vernon, Alex Young \u010di Ray Wilson. V\u00fdbornou sez\u00f3nu Mr. Evertona korunovala pozv\u00e1nka do seniorsk\u00e9ho v\u00fdb\u011bru Anglie. Labone byl tak v\u016fbec prvn\u00ed hr\u00e1\u010d Toffees v Albionu od II. sv\u011btov\u00e9 v\u00e1lky.<\/p>\n<p>V dal\u0161\u00edch ro\u010dn\u00edch se Labone pod\u00edval s Evertonem i do poh\u00e1rov\u00e9 Evropy, ale jak v Poh\u00e1r\u016f mistr\u016f evropsk\u00fdch zem\u00ed (PMEZ) tak ve Veletr\u017en\u00edm poh\u00e1ru moc velkou d\u00edru do sv\u011bta s EFC neud\u011blal. V\u0161e si vynahradil v ro\u010dn\u00edku 1965\/1966.\u00a0 Ve spanil\u00e9 j\u00edzd\u011b FA Cupem mu\u017estvo a\u017e na fin\u00e1lov\u00e9 kl\u00e1n\u00ed se Sheffield Wednesday Toffees neikasovalo. Kapit\u00e1n Evertonu nav\u00edc v tomto ro\u010dn\u00edku vst\u0159elil dv\u011b branky, je\u017e byly jedin\u00e9 v jeho kari\u00e9\u0159e.<\/p>\n<p>Velk\u00e1 sm\u016fla ale postihla Labbyho po sez\u00f3n\u011b. V roce 1966 po\u0159\u00e1dala Anglie MS, na kter\u00e9m nesm\u011bl chyb\u011bt, av\u0161ak p\u0159ekvapiv\u011b se elegantn\u00ed stoper neve\u0161el do p\u0159edb\u011b\u017en\u00e9 \u010dty\u0159iceti\u010dlenn\u00e9 nominace. A tak si napl\u00e1noval svatbu, jen\u017ee Alf Ramsey, tren\u00e9r anglick\u00e9ho n\u00e1rodn\u00edho t\u00fdmu, zapsal Laboneho do u\u017e\u0161\u00edho v\u00fdb\u011bru. Bohu\u017eel svatba byla ji\u017e napl\u00e1novan\u00e1, tud\u00ed\u017e m\u00edsto \u0161ampion\u00e1tu vstoupil B. L. do svazku man\u017eelsk\u00e9ho s kr\u00e1snou Pat.<\/p>\n<p>Po svatb\u011b se p\u0159\u00edli\u0161 mu fotbalov\u011b neda\u0159ilo, byl opom\u00edjen v reprezentaci a v klubu nepod\u00e1val takov\u00e9 v\u00fdborn\u00e9 v\u00fdkony, jako tomu b\u00fdvalo zvykem. I tak ale bylo obrovsk\u00fdm p\u0159ekvapen\u00edm, kdy\u017e v roce 1968 prohl\u00e1sil, \u017ee pokud klub za n\u011bj najde n\u00e1hradu, odejde do fotbalov\u00e9ho d\u016fchodu a vrhne se na dr\u00e1hu obchodn\u00edka. Na\u0161t\u011bst\u00ed se mu vr\u00e1tila star\u00e1 forma, a tak si fotbalov\u00fd d\u016fchod Labone je\u0161t\u011b rozmyslel. A ud\u011blal dob\u0159e, proto\u017ee v sez\u00f3n\u011b 1969\/70 z\u00edskal s Evertonem sv\u016fj druh\u00fd a posledn\u00ed ligov\u00fd titul. Nav\u00edc si po sez\u00f3n\u011b zahr\u00e1l na Mistrovstv\u00ed sv\u011bta v Mexiku, v n\u011bm\u017e ale Anglie vypadla ji\u017e ve \u010dtvrtfin\u00e1le. Sez\u00f3na po MS av\u0161ak u\u017e \u00fasp\u011b\u0161n\u00e1 nebyla, Labone si v\u00e1\u017en\u011b poranil Achillovu \u0161lachu a nav\u00edc nem\u011bl pevn\u00e9 m\u00edsto v z\u00e1kladn\u00ed jeden\u00e1ctce. I proto v roce 1971 ukon\u010dil kari\u00e9ru, b\u011bhem n\u00ed\u017e nastoupil za Everton ve 530 z\u00e1pasech, v\u00edce utk\u00e1n\u00ed si p\u0159ipsal za Karamelky pouze branka\u0159 Neville Southall. Legend\u00e1rn\u00ed je jeden okam\u017eik po Laboneho posledn\u00edm z\u00e1pase, kdy\u017e se ho report\u00e9r zeptal, co pro n\u011bj klub z\u00a0Goodison Parku znamen\u00e1. Mr. Everton odpov\u011bd\u011bl:\u00a0<em>\u201eV\u0161e,&#8220;<\/em>\u00a0na\u010de\u017e se dojet\u00edm rozbre\u010del.<\/p>\n<p>I v pokro\u010dil\u00e9m v\u011bku se Labone v\u011bnoval Evertonu, vykon\u00e1val pozici funkcion\u00e1\u0159e. O to v\u011bt\u0161\u00ed r\u00e1na pro celou Anglii bylo, kdy\u017e v kv\u011btnu 2006 ve v\u011bku 66 let na cest\u011b dom\u016f zkolaboval. Ka\u017ed\u00fd fanou\u0161ek Toffees tak bude v\u017edy na Laboneho vzpom\u00ednat jako na hr\u00e1\u010de, kter\u00fd byl ve sv\u00e9 dob\u011b vynikaj\u00edc\u00ed hr\u00e1\u010d, a gentleman. Nav\u00edc slovu oddan\u00fd dodal nov\u00fd v\u00fdznam.<\/p>\n<h4><strong>Kari\u00e9ra (1958-1971)<\/strong><\/h4>\n<p>Everton<br \/>\nCelkem z\u00e1pas\u016f (z toho ligov\u00fdch): 530 (451)<br \/>\nCelkem branek (z toho ligov\u00fdch): 2 (2)<br \/>\nAnglie<br \/>\nCelkem z\u00e1pas\u016f: 26<\/p>\n","protected":false},"excerpt":{"rendered":"<p>Brian Labone alias Mr. Everton \u010di Labby je jedn\u00edm z nejv\u011bt\u0161\u00edch hr\u00e1\u010d\u016f historie Evertonu, kter\u00fd ve sv\u00e9 dob\u011b pat\u0159il k&hellip;<\/p>\n","protected":false},"author":6,"featured_media":712,"comment_status":"open","ping_status":"closed","sticky":false,"template":"","format":"standard","meta":{"_eb_attr":"","_monsterinsights_skip_tracking":false,"_monsterinsights_sitenote_active":false,"_monsterinsights_sitenote_note":"","_monsterinsights_sitenote_category":0,"footnotes":""},"categories":[11],"tags":[],"yoast_head":"<!-- This site is optimized with the Yoast SEO plugin v23.4 - https:\/\/yoast.com\/wordpress\/plugins\/seo\/ -->\n<title>Brian Labone - Official Czech &amp; Slovak Everton Supporters&#039; Club<\/title>\n<meta name=\"robots\" content=\"index, follow, max-snippet:-1, max-image-preview:large, max-video-preview:-1\" \/>\n<link rel=\"canonical\" href=\"https:\/\/evertonfc.cz\/index.php\/2012\/03\/15\/brian-labone\/\" \/>\n<meta property=\"og:locale\" content=\"cs_CZ\" \/>\n<meta property=\"og:type\" content=\"article\" \/>\n<meta property=\"og:title\" content=\"Brian Labone - Official Czech &amp; Slovak Everton Supporters&#039; Club\" \/>\n<meta property=\"og:description\" content=\"Brian Labone alias Mr. Everton \u010di Labby je jedn\u00edm z nejv\u011bt\u0161\u00edch hr\u00e1\u010d\u016f historie Evertonu, kter\u00fd ve sv\u00e9 dob\u011b pat\u0159il k&hellip;\" \/>\n<meta property=\"og:url\" content=\"https:\/\/evertonfc.cz\/index.php\/2012\/03\/15\/brian-labone\/\" \/>\n<meta property=\"og:site_name\" content=\"Official Czech &amp; Slovak Everton Supporters&#039; Club\" \/>\n<meta property=\"article:publisher\" content=\"https:\/\/www.facebook.com\/everton.fans.cz.sk\" \/>\n<meta property=\"article:published_time\" content=\"2012-03-15T15:02:16+00:00\" \/>\n<meta property=\"article:modified_time\" content=\"2019-02-09T21:30:04+00:00\" \/>\n<meta property=\"og:image\" content=\"https:\/\/evertonfc.cz\/wp-content\/uploads\/2019\/01\/brian_labone_legendy.jpg\" \/>\n\t<meta property=\"og:image:width\" content=\"720\" \/>\n\t<meta property=\"og:image:height\" content=\"405\" \/>\n\t<meta property=\"og:image:type\" content=\"image\/jpeg\" \/>\n<meta name=\"author\" content=\"Ri\u010di\" \/>\n<meta name=\"twitter:card\" content=\"summary_large_image\" \/>\n<meta name=\"twitter:creator\" content=\"@rbrejsa\" \/>\n<meta name=\"twitter:label1\" content=\"Napsal(a)\" \/>\n\t<meta name=\"twitter:data1\" content=\"Ri\u010di\" \/>\n\t<meta name=\"twitter:label2\" content=\"Odhadovan\u00e1 doba \u010dten\u00ed\" \/>\n\t<meta name=\"twitter:data2\" content=\"6 minut\" \/>\n<script type=\"application\/ld+json\" class=\"yoast-schema-graph\">{\"@context\":\"https:\/\/schema.org\",\"@graph\":[{\"@type\":\"Article\",\"@id\":\"https:\/\/evertonfc.cz\/index.php\/2012\/03\/15\/brian-labone\/#article\",\"isPartOf\":{\"@id\":\"https:\/\/evertonfc.cz\/index.php\/2012\/03\/15\/brian-labone\/\"},\"author\":{\"name\":\"Ri\u010di\",\"@id\":\"https:\/\/evertonfc.cz\/#\/schema\/person\/f7a5daedb2ffee98480bc70e191aaef1\"},\"headline\":\"Brian Labone\",\"datePublished\":\"2012-03-15T15:02:16+00:00\",\"dateModified\":\"2019-02-09T21:30:04+00:00\",\"mainEntityOfPage\":{\"@id\":\"https:\/\/evertonfc.cz\/index.php\/2012\/03\/15\/brian-labone\/\"},\"wordCount\":1111,\"commentCount\":0,\"publisher\":{\"@id\":\"https:\/\/evertonfc.cz\/#organization\"},\"image\":{\"@id\":\"https:\/\/evertonfc.cz\/index.php\/2012\/03\/15\/brian-labone\/#primaryimage\"},\"thumbnailUrl\":\"https:\/\/evertonfc.cz\/wp-content\/uploads\/2019\/01\/brian_labone_legendy.jpg\",\"articleSection\":[\"Legendy\"],\"inLanguage\":\"cs\",\"potentialAction\":[{\"@type\":\"CommentAction\",\"name\":\"Comment\",\"target\":[\"https:\/\/evertonfc.cz\/index.php\/2012\/03\/15\/brian-labone\/#respond\"]}]},{\"@type\":\"WebPage\",\"@id\":\"https:\/\/evertonfc.cz\/index.php\/2012\/03\/15\/brian-labone\/\",\"url\":\"https:\/\/evertonfc.cz\/index.php\/2012\/03\/15\/brian-labone\/\",\"name\":\"Brian Labone - Official Czech &amp; Slovak Everton Supporters&#039; Club\",\"isPartOf\":{\"@id\":\"https:\/\/evertonfc.cz\/#website\"},\"primaryImageOfPage\":{\"@id\":\"https:\/\/evertonfc.cz\/index.php\/2012\/03\/15\/brian-labone\/#primaryimage\"},\"image\":{\"@id\":\"https:\/\/evertonfc.cz\/index.php\/2012\/03\/15\/brian-labone\/#primaryimage\"},\"thumbnailUrl\":\"https:\/\/evertonfc.cz\/wp-content\/uploads\/2019\/01\/brian_labone_legendy.jpg\",\"datePublished\":\"2012-03-15T15:02:16+00:00\",\"dateModified\":\"2019-02-09T21:30:04+00:00\",\"breadcrumb\":{\"@id\":\"https:\/\/evertonfc.cz\/index.php\/2012\/03\/15\/brian-labone\/#breadcrumb\"},\"inLanguage\":\"cs\",\"potentialAction\":[{\"@type\":\"ReadAction\",\"target\":[\"https:\/\/evertonfc.cz\/index.php\/2012\/03\/15\/brian-labone\/\"]}]},{\"@type\":\"ImageObject\",\"inLanguage\":\"cs\",\"@id\":\"https:\/\/evertonfc.cz\/index.php\/2012\/03\/15\/brian-labone\/#primaryimage\",\"url\":\"https:\/\/evertonfc.cz\/wp-content\/uploads\/2019\/01\/brian_labone_legendy.jpg\",\"contentUrl\":\"https:\/\/evertonfc.cz\/wp-content\/uploads\/2019\/01\/brian_labone_legendy.jpg\",\"width\":720,\"height\":405},{\"@type\":\"BreadcrumbList\",\"@id\":\"https:\/\/evertonfc.cz\/index.php\/2012\/03\/15\/brian-labone\/#breadcrumb\",\"itemListElement\":[{\"@type\":\"ListItem\",\"position\":1,\"name\":\"Home\",\"item\":\"https:\/\/evertonfc.cz\/\"},{\"@type\":\"ListItem\",\"position\":2,\"name\":\"Brian Labone\"}]},{\"@type\":\"WebSite\",\"@id\":\"https:\/\/evertonfc.cz\/#website\",\"url\":\"https:\/\/evertonfc.cz\/\",\"name\":\"Official Czech &amp; Slovak Everton Supporters&#039; Club\",\"description\":\"\",\"publisher\":{\"@id\":\"https:\/\/evertonfc.cz\/#organization\"},\"potentialAction\":[{\"@type\":\"SearchAction\",\"target\":{\"@type\":\"EntryPoint\",\"urlTemplate\":\"https:\/\/evertonfc.cz\/?s={search_term_string}\"},\"query-input\":{\"@type\":\"PropertyValueSpecification\",\"valueRequired\":true,\"valueName\":\"search_term_string\"}}],\"inLanguage\":\"cs\"},{\"@type\":\"Organization\",\"@id\":\"https:\/\/evertonfc.cz\/#organization\",\"name\":\"Official Czech & Slovak Everton Supporters' Club\",\"url\":\"https:\/\/evertonfc.cz\/\",\"logo\":{\"@type\":\"ImageObject\",\"inLanguage\":\"cs\",\"@id\":\"https:\/\/evertonfc.cz\/#\/schema\/logo\/image\/\",\"url\":\"https:\/\/evertonfc.cz\/wp-content\/uploads\/2019\/05\/logo.png\",\"contentUrl\":\"https:\/\/evertonfc.cz\/wp-content\/uploads\/2019\/05\/logo.png\",\"width\":112,\"height\":112,\"caption\":\"Official Czech & Slovak Everton Supporters' Club\"},\"image\":{\"@id\":\"https:\/\/evertonfc.cz\/#\/schema\/logo\/image\/\"},\"sameAs\":[\"https:\/\/www.facebook.com\/everton.fans.cz.sk\"]},{\"@type\":\"Person\",\"@id\":\"https:\/\/evertonfc.cz\/#\/schema\/person\/f7a5daedb2ffee98480bc70e191aaef1\",\"name\":\"Ri\u010di\",\"sameAs\":[\"https:\/\/x.com\/rbrejsa\"],\"url\":\"https:\/\/evertonfc.cz\/index.php\/author\/rici\/\"}]}<\/script>\n<!-- \/ Yoast SEO plugin. -->","yoast_head_json":{"title":"Brian Labone - Official Czech &amp; Slovak Everton Supporters&#039; Club","robots":{"index":"index","follow":"follow","max-snippet":"max-snippet:-1","max-image-preview":"max-image-preview:large","max-video-preview":"max-video-preview:-1"},"canonical":"https:\/\/evertonfc.cz\/index.php\/2012\/03\/15\/brian-labone\/","og_locale":"cs_CZ","og_type":"article","og_title":"Brian Labone - Official Czech &amp; Slovak Everton Supporters&#039; Club","og_description":"Brian Labone alias Mr. Everton \u010di Labby je jedn\u00edm z nejv\u011bt\u0161\u00edch hr\u00e1\u010d\u016f historie Evertonu, kter\u00fd ve sv\u00e9 dob\u011b pat\u0159il k&hellip;","og_url":"https:\/\/evertonfc.cz\/index.php\/2012\/03\/15\/brian-labone\/","og_site_name":"Official Czech &amp; Slovak Everton Supporters&#039; Club","article_publisher":"https:\/\/www.facebook.com\/everton.fans.cz.sk","article_published_time":"2012-03-15T15:02:16+00:00","article_modified_time":"2019-02-09T21:30:04+00:00","og_image":[{"width":720,"height":405,"url":"https:\/\/evertonfc.cz\/wp-content\/uploads\/2019\/01\/brian_labone_legendy.jpg","type":"image\/jpeg"}],"author":"Ri\u010di","twitter_card":"summary_large_image","twitter_creator":"@rbrejsa","twitter_misc":{"Napsal(a)":"Ri\u010di","Odhadovan\u00e1 doba \u010dten\u00ed":"6 minut"},"schema":{"@context":"https:\/\/schema.org","@graph":[{"@type":"Article","@id":"https:\/\/evertonfc.cz\/index.php\/2012\/03\/15\/brian-labone\/#article","isPartOf":{"@id":"https:\/\/evertonfc.cz\/index.php\/2012\/03\/15\/brian-labone\/"},"author":{"name":"Ri\u010di","@id":"https:\/\/evertonfc.cz\/#\/schema\/person\/f7a5daedb2ffee98480bc70e191aaef1"},"headline":"Brian Labone","datePublished":"2012-03-15T15:02:16+00:00","dateModified":"2019-02-09T21:30:04+00:00","mainEntityOfPage":{"@id":"https:\/\/evertonfc.cz\/index.php\/2012\/03\/15\/brian-labone\/"},"wordCount":1111,"commentCount":0,"publisher":{"@id":"https:\/\/evertonfc.cz\/#organization"},"image":{"@id":"https:\/\/evertonfc.cz\/index.php\/2012\/03\/15\/brian-labone\/#primaryimage"},"thumbnailUrl":"https:\/\/evertonfc.cz\/wp-content\/uploads\/2019\/01\/brian_labone_legendy.jpg","articleSection":["Legendy"],"inLanguage":"cs","potentialAction":[{"@type":"CommentAction","name":"Comment","target":["https:\/\/evertonfc.cz\/index.php\/2012\/03\/15\/brian-labone\/#respond"]}]},{"@type":"WebPage","@id":"https:\/\/evertonfc.cz\/index.php\/2012\/03\/15\/brian-labone\/","url":"https:\/\/evertonfc.cz\/index.php\/2012\/03\/15\/brian-labone\/","name":"Brian Labone - Official Czech &amp; Slovak Everton Supporters&#039; Club","isPartOf":{"@id":"https:\/\/evertonfc.cz\/#website"},"primaryImageOfPage":{"@id":"https:\/\/evertonfc.cz\/index.php\/2012\/03\/15\/brian-labone\/#primaryimage"},"image":{"@id":"https:\/\/evertonfc.cz\/index.php\/2012\/03\/15\/brian-labone\/#primaryimage"},"thumbnailUrl":"https:\/\/evertonfc.cz\/wp-content\/uploads\/2019\/01\/brian_labone_legendy.jpg","datePublished":"2012-03-15T15:02:16+00:00","dateModified":"2019-02-09T21:30:04+00:00","breadcrumb":{"@id":"https:\/\/evertonfc.cz\/index.php\/2012\/03\/15\/brian-labone\/#breadcrumb"},"inLanguage":"cs","potentialAction":[{"@type":"ReadAction","target":["https:\/\/evertonfc.cz\/index.php\/2012\/03\/15\/brian-labone\/"]}]},{"@type":"ImageObject","inLanguage":"cs","@id":"https:\/\/evertonfc.cz\/index.php\/2012\/03\/15\/brian-labone\/#primaryimage","url":"https:\/\/evertonfc.cz\/wp-content\/uploads\/2019\/01\/brian_labone_legendy.jpg","contentUrl":"https:\/\/evertonfc.cz\/wp-content\/uploads\/2019\/01\/brian_labone_legendy.jpg","width":720,"height":405},{"@type":"BreadcrumbList","@id":"https:\/\/evertonfc.cz\/index.php\/2012\/03\/15\/brian-labone\/#breadcrumb","itemListElement":[{"@type":"ListItem","position":1,"name":"Home","item":"https:\/\/evertonfc.cz\/"},{"@type":"ListItem","position":2,"name":"Brian Labone"}]},{"@type":"WebSite","@id":"https:\/\/evertonfc.cz\/#website","url":"https:\/\/evertonfc.cz\/","name":"Official Czech &amp; Slovak Everton Supporters&#039; Club","description":"","publisher":{"@id":"https:\/\/evertonfc.cz\/#organization"},"potentialAction":[{"@type":"SearchAction","target":{"@type":"EntryPoint","urlTemplate":"https:\/\/evertonfc.cz\/?s={search_term_string}"},"query-input":{"@type":"PropertyValueSpecification","valueRequired":true,"valueName":"search_term_string"}}],"inLanguage":"cs"},{"@type":"Organization","@id":"https:\/\/evertonfc.cz\/#organization","name":"Official Czech & Slovak Everton Supporters' Club","url":"https:\/\/evertonfc.cz\/","logo":{"@type":"ImageObject","inLanguage":"cs","@id":"https:\/\/evertonfc.cz\/#\/schema\/logo\/image\/","url":"https:\/\/evertonfc.cz\/wp-content\/uploads\/2019\/05\/logo.png","contentUrl":"https:\/\/evertonfc.cz\/wp-content\/uploads\/2019\/05\/logo.png","width":112,"height":112,"caption":"Official Czech & Slovak Everton Supporters' Club"},"image":{"@id":"https:\/\/evertonfc.cz\/#\/schema\/logo\/image\/"},"sameAs":["https:\/\/www.facebook.com\/everton.fans.cz.sk"]},{"@type":"Person","@id":"https:\/\/evertonfc.cz\/#\/schema\/person\/f7a5daedb2ffee98480bc70e191aaef1","name":"Ri\u010di","sameAs":["https:\/\/x.com\/rbrejsa"],"url":"https:\/\/evertonfc.cz\/index.php\/author\/rici\/"}]}},"_links":{"self":[{"href":"https:\/\/evertonfc.cz\/index.php\/wp-json\/wp\/v2\/posts\/328"}],"collection":[{"href":"https:\/\/evertonfc.cz\/index.php\/wp-json\/wp\/v2\/posts"}],"about":[{"href":"https:\/\/evertonfc.cz\/index.php\/wp-json\/wp\/v2\/types\/post"}],"author":[{"embeddable":true,"href":"https:\/\/evertonfc.cz\/index.php\/wp-json\/wp\/v2\/users\/6"}],"replies":[{"embeddable":true,"href":"https:\/\/evertonfc.cz\/index.php\/wp-json\/wp\/v2\/comments?post=328"}],"version-history":[{"count":5,"href":"https:\/\/evertonfc.cz\/index.php\/wp-json\/wp\/v2\/posts\/328\/revisions"}],"predecessor-version":[{"id":2768,"href":"https:\/\/evertonfc.cz\/index.php\/wp-json\/wp\/v2\/posts\/328\/revisions\/2768"}],"wp:featuredmedia":[{"embeddable":true,"href":"https:\/\/evertonfc.cz\/index.php\/wp-json\/wp\/v2\/media\/712"}],"wp:attachment":[{"href":"https:\/\/evertonfc.cz\/index.php\/wp-json\/wp\/v2\/media?parent=328"}],"wp:term":[{"taxonomy":"category","embeddable":true,"href":"https:\/\/evertonfc.cz\/index.php\/wp-json\/wp\/v2\/categories?post=328"},{"taxonomy":"post_tag","embeddable":true,"href":"https:\/\/evertonfc.cz\/index.php\/wp-json\/wp\/v2\/tags?post=328"}],"curies":[{"name":"wp","href":"https:\/\/api.w.org\/{rel}","templated":true}]}}