{"id":3287,"date":"2010-10-19T21:35:24","date_gmt":"2010-10-19T19:35:24","guid":{"rendered":"http:\/\/evertonfc.cz\/?p=3287"},"modified":"2019-02-10T21:37:59","modified_gmt":"2019-02-10T20:37:59","slug":"donovan-by-se-rad-vratil-jenze","status":"publish","type":"post","link":"https:\/\/evertonfc.cz\/index.php\/2010\/10\/19\/donovan-by-se-rad-vratil-jenze\/","title":{"rendered":"Donovan by se r\u00e1d vr\u00e1til, jen\u017ee&#8230;"},"content":{"rendered":"<h4>Landon Donovan by si op\u011bt velmi r\u00e1d zahr\u00e1l za Everton. Nicm\u00e9n\u011b podle samotn\u00e9ho hr\u00e1\u010de nen\u00ed jeho op\u011btovn\u00e9 hostov\u00e1n\u00ed od za\u010d\u00e1tku ledna na Goodison Parku zat\u00edm v\u016fbec jist\u00e9.<\/h4>\n<p>V sou\u010dasnosti nejlep\u0161\u00ed fotbalista ve Spojen\u00fdch st\u00e1tech americk\u00fdch hostoval u Toffees ji\u017e v lo\u0148sk\u00e9 sez\u00f3n\u011b. V zimn\u00edm obdob\u00ed pobyl v klubu deset t\u00fddn\u016f. Ameri\u010dan okam\u017eit\u011b po p\u0159\u00edchodu nasko\u010dil do z\u00e1kladn\u00ed sestavy. Na pozici prav\u00e9ho ofenzivn\u00edho z\u00e1lo\u017en\u00edka odehr\u00e1l v\u0161ech t\u0159in\u00e1ct mo\u017en\u00fdch sout\u011b\u017en\u00edch z\u00e1pas\u016f, p\u0159i\u010dem\u017e jeden\u00e1ckr\u00e1t hr\u00e1l od prvn\u00ed minuty. Vst\u0159elil dv\u011b branky, stal se nejlep\u0161\u00ed hr\u00e1\u010dem Evertonu v lednu, byl u senza\u010dn\u00edch v\u00fdher nad Chelsea a Manchesterem United, a tak bych mohl pokra\u010dovat d\u00e1l a d\u00e1l. Donovan prost\u011b zanechal v Evertonu velkou stopu a s jeho odchodem se klub, fanou\u0161ci i samotn\u00fd hr\u00e1\u010d jen t\u011b\u017ece smi\u0159ovali.<\/p>\n<p>Na ot\u00e1zku, zda by se do Evertonu r\u00e1d vr\u00e1til, Donovan odpov\u011bd\u011bl jednozna\u010dn\u011b:\u00a0<em>\u201e\u0158\u00edct ne Evertonu by bylo velmi t\u011b\u017ek\u00e9. Snad se do klubu zase vr\u00e1t\u00edm a budu za n\u011bj znovu nastupovat. Zda to ale bude tento rok, to nev\u00edm. Sp\u00ed\u0161 bych se ale p\u0159iklonil k t\u00e9 hor\u0161\u00ed variant\u011b.\u201c<\/em><\/p>\n<p>Hlavn\u00edm argumentem nehostovat letos v Evertonu je pro Donovana vy\u010derpanost z n\u00e1ro\u010dn\u00e9 sez\u00f3ny. V\u017edy\u0165 Ameri\u010dan hned na ja\u0159e po hostov\u00e1n\u00ed v EFC za\u010dal s Los Angeles Galaxy MLS. V l\u00e9t\u011b se z\u00fa\u010dastnil Mistrovstv\u00ed sv\u011bta v Jihoafrick\u00e9 republice a pot\u00e9 op\u011bt hr\u00e1l fotbalovou ligu v USA, kter\u00e1 by se v p\u0159\u00edpad\u011b \u00fasp\u011bchu Galaxy mohla prodlou\u017eit a\u017e do 21. listopadu.<\/p>\n<p><em>\u201eKdy\u017e mi David Moyes volal minule, byl jsem p\u0159\u00edchodem stra\u0161n\u011b nad\u0161en\u00fd. Musel jsem se ale ujistit, \u017ee si najdu \u010das na odpo\u010dinek. J\u00edt n\u011bkam, kdy\u017e na tom nejste stoprocentn\u011b fyzicky v po\u0159\u00e1dku, nen\u00ed v\u016fbec ide\u00e1ln\u00ed. Netrp\u00ed t\u00edm pak jenom mu\u017estvo, ale i hr\u00e1\u010d samotn\u00fd. V Evertonu jsem si to zamiloval, p\u0159ijali m\u011b tam mezi sebe. A podle m\u011b oce\u0148uj\u00ed moje v\u00fdkony na h\u0159i\u0161ti,\u201c<\/em>\u00a0prozradil Donovan.<\/p>\n<p>Mezit\u00edm Wayne Rooney, produkt akademie Evertonu, pl\u00e1nuje odchod z Manchesteru United. Wazza na sebe upozornil u\u017e jako velmi mlad\u00fd, ve v\u011bku pouh\u00fdch 16 let a 360 dn\u00ed vst\u0159elil svoji\u00a0<a href=\"http:\/\/www.youtube.com\/watch?v=_OZmixtMByY\" target=\"_blank\" rel=\"noopener\">prvn\u00ed branku<\/a>\u00a0v Premier League v dresu Blues. Tehdy byl v\u016fbec nejmlad\u0161\u00edm, komu se to kdy povedlo. V dal\u0161\u00ed m\u011bs\u00edc\u00edch Rooney pokra\u010doval ve sv\u00e9m fotbalov\u00e9m r\u016fstu a z\u00e1jem p\u0159edn\u00edch klub\u016f na sebe nenechal dlouho \u010dekat. V l\u00e9t\u011b 2004 na posledn\u00ed chv\u00edli Manchester United p\u0159isp\u011bchal s nab\u00eddkou 30 milion\u016f liber, kterou Moyes a spol. nemohli odm\u00edtnout.<\/p>\n<p>Co n\u00e1s ale zaj\u00edm\u00e1 v sou\u010dasnosti v\u00edce, je klauzule v p\u0159estupu, kter\u00e1 Evertonu zaru\u010duje ur\u010dit\u00fd pod\u00edl z dal\u0161\u00edho prodeje Rooneyho. Vzhledem k aktu\u00e1ln\u00ed cen\u011b anglick\u00e9 hv\u011bzdy m\u016f\u017ee b\u00fdt pod\u00edl pro Everton velmi lukrativn\u00ed.<\/p>\n<p>Mo\u017en\u00fd odchod Rooneyho z ManUtd potvrdil i jeho mana\u017eer Sir Alex Ferguson:\u00a0<em>\u201eRooneyho agent n\u00e1m \u0159ekl, \u017ee jeho klient nechce prodlou\u017eit sv\u016fj kontrakt a chce klub opustit. Nemohu tomu uv\u011b\u0159it, proto\u017ee n\u011bkdy v b\u0159eznu jsem s Waynem mluvil a to n\u00e1s p\u0159esv\u011bd\u010doval o \u00famyslu z\u016fstat a podepsat dlouholetou smlouvu. Nev\u00edm, pro\u010d najednou zm\u011bnil n\u00e1zor.\u201c<\/em><\/p>\n","protected":false},"excerpt":{"rendered":"<p>Landon Donovan by si op\u011bt velmi r\u00e1d zahr\u00e1l za Everton. Nicm\u00e9n\u011b podle samotn\u00e9ho hr\u00e1\u010de nen\u00ed jeho op\u011btovn\u00e9 hostov\u00e1n\u00ed od za\u010d\u00e1tku&hellip;<\/p>\n","protected":false},"author":6,"featured_media":1313,"comment_status":"open","ping_status":"closed","sticky":false,"template":"","format":"standard","meta":{"_eb_attr":"","_monsterinsights_skip_tracking":false,"_monsterinsights_sitenote_active":false,"_monsterinsights_sitenote_note":"","_monsterinsights_sitenote_category":0,"footnotes":""},"categories":[42],"tags":[],"yoast_head":"<!-- This site is optimized with the Yoast SEO plugin v23.4 - https:\/\/yoast.com\/wordpress\/plugins\/seo\/ -->\n<title>Donovan by se r\u00e1d vr\u00e1til, jen\u017ee... - Official Czech &amp; Slovak Everton Supporters&#039; Club<\/title>\n<meta name=\"robots\" content=\"index, follow, max-snippet:-1, max-image-preview:large, max-video-preview:-1\" \/>\n<link rel=\"canonical\" href=\"https:\/\/evertonfc.cz\/index.php\/2010\/10\/19\/donovan-by-se-rad-vratil-jenze\/\" \/>\n<meta property=\"og:locale\" content=\"cs_CZ\" \/>\n<meta property=\"og:type\" content=\"article\" \/>\n<meta property=\"og:title\" content=\"Donovan by se r\u00e1d vr\u00e1til, jen\u017ee... - Official Czech &amp; Slovak Everton Supporters&#039; Club\" \/>\n<meta property=\"og:description\" content=\"Landon Donovan by si op\u011bt velmi r\u00e1d zahr\u00e1l za Everton. Nicm\u00e9n\u011b podle samotn\u00e9ho hr\u00e1\u010de nen\u00ed jeho op\u011btovn\u00e9 hostov\u00e1n\u00ed od za\u010d\u00e1tku&hellip;\" \/>\n<meta property=\"og:url\" content=\"https:\/\/evertonfc.cz\/index.php\/2010\/10\/19\/donovan-by-se-rad-vratil-jenze\/\" \/>\n<meta property=\"og:site_name\" content=\"Official Czech &amp; Slovak Everton Supporters&#039; Club\" \/>\n<meta property=\"article:publisher\" content=\"https:\/\/www.facebook.com\/everton.fans.cz.sk\" \/>\n<meta property=\"article:published_time\" content=\"2010-10-19T19:35:24+00:00\" \/>\n<meta property=\"article:modified_time\" content=\"2019-02-10T20:37:59+00:00\" \/>\n<meta property=\"og:image\" content=\"https:\/\/evertonfc.cz\/wp-content\/uploads\/2019\/01\/news.jpg\" \/>\n\t<meta property=\"og:image:width\" content=\"720\" \/>\n\t<meta property=\"og:image:height\" content=\"405\" \/>\n\t<meta property=\"og:image:type\" content=\"image\/jpeg\" \/>\n<meta name=\"author\" content=\"Ri\u010di\" \/>\n<meta name=\"twitter:card\" content=\"summary_large_image\" \/>\n<meta name=\"twitter:creator\" content=\"@rbrejsa\" \/>\n<meta name=\"twitter:label1\" content=\"Napsal(a)\" \/>\n\t<meta name=\"twitter:data1\" content=\"Ri\u010di\" \/>\n\t<meta name=\"twitter:label2\" content=\"Odhadovan\u00e1 doba \u010dten\u00ed\" \/>\n\t<meta name=\"twitter:data2\" content=\"3 minuty\" \/>\n<script type=\"application\/ld+json\" class=\"yoast-schema-graph\">{\"@context\":\"https:\/\/schema.org\",\"@graph\":[{\"@type\":\"Article\",\"@id\":\"https:\/\/evertonfc.cz\/index.php\/2010\/10\/19\/donovan-by-se-rad-vratil-jenze\/#article\",\"isPartOf\":{\"@id\":\"https:\/\/evertonfc.cz\/index.php\/2010\/10\/19\/donovan-by-se-rad-vratil-jenze\/\"},\"author\":{\"name\":\"Ri\u010di\",\"@id\":\"https:\/\/evertonfc.cz\/#\/schema\/person\/f7a5daedb2ffee98480bc70e191aaef1\"},\"headline\":\"Donovan by se r\u00e1d vr\u00e1til, jen\u017ee&#8230;\",\"datePublished\":\"2010-10-19T19:35:24+00:00\",\"dateModified\":\"2019-02-10T20:37:59+00:00\",\"mainEntityOfPage\":{\"@id\":\"https:\/\/evertonfc.cz\/index.php\/2010\/10\/19\/donovan-by-se-rad-vratil-jenze\/\"},\"wordCount\":622,\"commentCount\":0,\"publisher\":{\"@id\":\"https:\/\/evertonfc.cz\/#organization\"},\"image\":{\"@id\":\"https:\/\/evertonfc.cz\/index.php\/2010\/10\/19\/donovan-by-se-rad-vratil-jenze\/#primaryimage\"},\"thumbnailUrl\":\"https:\/\/evertonfc.cz\/wp-content\/uploads\/2019\/01\/news.jpg\",\"articleSection\":[\"Aktuality\"],\"inLanguage\":\"cs\",\"potentialAction\":[{\"@type\":\"CommentAction\",\"name\":\"Comment\",\"target\":[\"https:\/\/evertonfc.cz\/index.php\/2010\/10\/19\/donovan-by-se-rad-vratil-jenze\/#respond\"]}]},{\"@type\":\"WebPage\",\"@id\":\"https:\/\/evertonfc.cz\/index.php\/2010\/10\/19\/donovan-by-se-rad-vratil-jenze\/\",\"url\":\"https:\/\/evertonfc.cz\/index.php\/2010\/10\/19\/donovan-by-se-rad-vratil-jenze\/\",\"name\":\"Donovan by se r\u00e1d vr\u00e1til, jen\u017ee... - Official Czech &amp; Slovak Everton Supporters&#039; Club\",\"isPartOf\":{\"@id\":\"https:\/\/evertonfc.cz\/#website\"},\"primaryImageOfPage\":{\"@id\":\"https:\/\/evertonfc.cz\/index.php\/2010\/10\/19\/donovan-by-se-rad-vratil-jenze\/#primaryimage\"},\"image\":{\"@id\":\"https:\/\/evertonfc.cz\/index.php\/2010\/10\/19\/donovan-by-se-rad-vratil-jenze\/#primaryimage\"},\"thumbnailUrl\":\"https:\/\/evertonfc.cz\/wp-content\/uploads\/2019\/01\/news.jpg\",\"datePublished\":\"2010-10-19T19:35:24+00:00\",\"dateModified\":\"2019-02-10T20:37:59+00:00\",\"breadcrumb\":{\"@id\":\"https:\/\/evertonfc.cz\/index.php\/2010\/10\/19\/donovan-by-se-rad-vratil-jenze\/#breadcrumb\"},\"inLanguage\":\"cs\",\"potentialAction\":[{\"@type\":\"ReadAction\",\"target\":[\"https:\/\/evertonfc.cz\/index.php\/2010\/10\/19\/donovan-by-se-rad-vratil-jenze\/\"]}]},{\"@type\":\"ImageObject\",\"inLanguage\":\"cs\",\"@id\":\"https:\/\/evertonfc.cz\/index.php\/2010\/10\/19\/donovan-by-se-rad-vratil-jenze\/#primaryimage\",\"url\":\"https:\/\/evertonfc.cz\/wp-content\/uploads\/2019\/01\/news.jpg\",\"contentUrl\":\"https:\/\/evertonfc.cz\/wp-content\/uploads\/2019\/01\/news.jpg\",\"width\":720,\"height\":405},{\"@type\":\"BreadcrumbList\",\"@id\":\"https:\/\/evertonfc.cz\/index.php\/2010\/10\/19\/donovan-by-se-rad-vratil-jenze\/#breadcrumb\",\"itemListElement\":[{\"@type\":\"ListItem\",\"position\":1,\"name\":\"Home\",\"item\":\"https:\/\/evertonfc.cz\/\"},{\"@type\":\"ListItem\",\"position\":2,\"name\":\"Donovan by se r\u00e1d vr\u00e1til, jen\u017ee&#8230;\"}]},{\"@type\":\"WebSite\",\"@id\":\"https:\/\/evertonfc.cz\/#website\",\"url\":\"https:\/\/evertonfc.cz\/\",\"name\":\"Official Czech &amp; Slovak Everton Supporters&#039; Club\",\"description\":\"\",\"publisher\":{\"@id\":\"https:\/\/evertonfc.cz\/#organization\"},\"potentialAction\":[{\"@type\":\"SearchAction\",\"target\":{\"@type\":\"EntryPoint\",\"urlTemplate\":\"https:\/\/evertonfc.cz\/?s={search_term_string}\"},\"query-input\":{\"@type\":\"PropertyValueSpecification\",\"valueRequired\":true,\"valueName\":\"search_term_string\"}}],\"inLanguage\":\"cs\"},{\"@type\":\"Organization\",\"@id\":\"https:\/\/evertonfc.cz\/#organization\",\"name\":\"Official Czech & Slovak Everton Supporters' Club\",\"url\":\"https:\/\/evertonfc.cz\/\",\"logo\":{\"@type\":\"ImageObject\",\"inLanguage\":\"cs\",\"@id\":\"https:\/\/evertonfc.cz\/#\/schema\/logo\/image\/\",\"url\":\"https:\/\/evertonfc.cz\/wp-content\/uploads\/2019\/05\/logo.png\",\"contentUrl\":\"https:\/\/evertonfc.cz\/wp-content\/uploads\/2019\/05\/logo.png\",\"width\":112,\"height\":112,\"caption\":\"Official Czech & Slovak Everton Supporters' Club\"},\"image\":{\"@id\":\"https:\/\/evertonfc.cz\/#\/schema\/logo\/image\/\"},\"sameAs\":[\"https:\/\/www.facebook.com\/everton.fans.cz.sk\"]},{\"@type\":\"Person\",\"@id\":\"https:\/\/evertonfc.cz\/#\/schema\/person\/f7a5daedb2ffee98480bc70e191aaef1\",\"name\":\"Ri\u010di\",\"sameAs\":[\"https:\/\/x.com\/rbrejsa\"],\"url\":\"https:\/\/evertonfc.cz\/index.php\/author\/rici\/\"}]}<\/script>\n<!-- \/ Yoast SEO plugin. -->","yoast_head_json":{"title":"Donovan by se r\u00e1d vr\u00e1til, jen\u017ee... - Official Czech &amp; Slovak Everton Supporters&#039; Club","robots":{"index":"index","follow":"follow","max-snippet":"max-snippet:-1","max-image-preview":"max-image-preview:large","max-video-preview":"max-video-preview:-1"},"canonical":"https:\/\/evertonfc.cz\/index.php\/2010\/10\/19\/donovan-by-se-rad-vratil-jenze\/","og_locale":"cs_CZ","og_type":"article","og_title":"Donovan by se r\u00e1d vr\u00e1til, jen\u017ee... - Official Czech &amp; Slovak Everton Supporters&#039; Club","og_description":"Landon Donovan by si op\u011bt velmi r\u00e1d zahr\u00e1l za Everton. Nicm\u00e9n\u011b podle samotn\u00e9ho hr\u00e1\u010de nen\u00ed jeho op\u011btovn\u00e9 hostov\u00e1n\u00ed od za\u010d\u00e1tku&hellip;","og_url":"https:\/\/evertonfc.cz\/index.php\/2010\/10\/19\/donovan-by-se-rad-vratil-jenze\/","og_site_name":"Official Czech &amp; Slovak Everton Supporters&#039; Club","article_publisher":"https:\/\/www.facebook.com\/everton.fans.cz.sk","article_published_time":"2010-10-19T19:35:24+00:00","article_modified_time":"2019-02-10T20:37:59+00:00","og_image":[{"width":720,"height":405,"url":"https:\/\/evertonfc.cz\/wp-content\/uploads\/2019\/01\/news.jpg","type":"image\/jpeg"}],"author":"Ri\u010di","twitter_card":"summary_large_image","twitter_creator":"@rbrejsa","twitter_misc":{"Napsal(a)":"Ri\u010di","Odhadovan\u00e1 doba \u010dten\u00ed":"3 minuty"},"schema":{"@context":"https:\/\/schema.org","@graph":[{"@type":"Article","@id":"https:\/\/evertonfc.cz\/index.php\/2010\/10\/19\/donovan-by-se-rad-vratil-jenze\/#article","isPartOf":{"@id":"https:\/\/evertonfc.cz\/index.php\/2010\/10\/19\/donovan-by-se-rad-vratil-jenze\/"},"author":{"name":"Ri\u010di","@id":"https:\/\/evertonfc.cz\/#\/schema\/person\/f7a5daedb2ffee98480bc70e191aaef1"},"headline":"Donovan by se r\u00e1d vr\u00e1til, jen\u017ee&#8230;","datePublished":"2010-10-19T19:35:24+00:00","dateModified":"2019-02-10T20:37:59+00:00","mainEntityOfPage":{"@id":"https:\/\/evertonfc.cz\/index.php\/2010\/10\/19\/donovan-by-se-rad-vratil-jenze\/"},"wordCount":622,"commentCount":0,"publisher":{"@id":"https:\/\/evertonfc.cz\/#organization"},"image":{"@id":"https:\/\/evertonfc.cz\/index.php\/2010\/10\/19\/donovan-by-se-rad-vratil-jenze\/#primaryimage"},"thumbnailUrl":"https:\/\/evertonfc.cz\/wp-content\/uploads\/2019\/01\/news.jpg","articleSection":["Aktuality"],"inLanguage":"cs","potentialAction":[{"@type":"CommentAction","name":"Comment","target":["https:\/\/evertonfc.cz\/index.php\/2010\/10\/19\/donovan-by-se-rad-vratil-jenze\/#respond"]}]},{"@type":"WebPage","@id":"https:\/\/evertonfc.cz\/index.php\/2010\/10\/19\/donovan-by-se-rad-vratil-jenze\/","url":"https:\/\/evertonfc.cz\/index.php\/2010\/10\/19\/donovan-by-se-rad-vratil-jenze\/","name":"Donovan by se r\u00e1d vr\u00e1til, jen\u017ee... - Official Czech &amp; Slovak Everton Supporters&#039; Club","isPartOf":{"@id":"https:\/\/evertonfc.cz\/#website"},"primaryImageOfPage":{"@id":"https:\/\/evertonfc.cz\/index.php\/2010\/10\/19\/donovan-by-se-rad-vratil-jenze\/#primaryimage"},"image":{"@id":"https:\/\/evertonfc.cz\/index.php\/2010\/10\/19\/donovan-by-se-rad-vratil-jenze\/#primaryimage"},"thumbnailUrl":"https:\/\/evertonfc.cz\/wp-content\/uploads\/2019\/01\/news.jpg","datePublished":"2010-10-19T19:35:24+00:00","dateModified":"2019-02-10T20:37:59+00:00","breadcrumb":{"@id":"https:\/\/evertonfc.cz\/index.php\/2010\/10\/19\/donovan-by-se-rad-vratil-jenze\/#breadcrumb"},"inLanguage":"cs","potentialAction":[{"@type":"ReadAction","target":["https:\/\/evertonfc.cz\/index.php\/2010\/10\/19\/donovan-by-se-rad-vratil-jenze\/"]}]},{"@type":"ImageObject","inLanguage":"cs","@id":"https:\/\/evertonfc.cz\/index.php\/2010\/10\/19\/donovan-by-se-rad-vratil-jenze\/#primaryimage","url":"https:\/\/evertonfc.cz\/wp-content\/uploads\/2019\/01\/news.jpg","contentUrl":"https:\/\/evertonfc.cz\/wp-content\/uploads\/2019\/01\/news.jpg","width":720,"height":405},{"@type":"BreadcrumbList","@id":"https:\/\/evertonfc.cz\/index.php\/2010\/10\/19\/donovan-by-se-rad-vratil-jenze\/#breadcrumb","itemListElement":[{"@type":"ListItem","position":1,"name":"Home","item":"https:\/\/evertonfc.cz\/"},{"@type":"ListItem","position":2,"name":"Donovan by se r\u00e1d vr\u00e1til, jen\u017ee&#8230;"}]},{"@type":"WebSite","@id":"https:\/\/evertonfc.cz\/#website","url":"https:\/\/evertonfc.cz\/","name":"Official Czech &amp; Slovak Everton Supporters&#039; Club","description":"","publisher":{"@id":"https:\/\/evertonfc.cz\/#organization"},"potentialAction":[{"@type":"SearchAction","target":{"@type":"EntryPoint","urlTemplate":"https:\/\/evertonfc.cz\/?s={search_term_string}"},"query-input":{"@type":"PropertyValueSpecification","valueRequired":true,"valueName":"search_term_string"}}],"inLanguage":"cs"},{"@type":"Organization","@id":"https:\/\/evertonfc.cz\/#organization","name":"Official Czech & Slovak Everton Supporters' Club","url":"https:\/\/evertonfc.cz\/","logo":{"@type":"ImageObject","inLanguage":"cs","@id":"https:\/\/evertonfc.cz\/#\/schema\/logo\/image\/","url":"https:\/\/evertonfc.cz\/wp-content\/uploads\/2019\/05\/logo.png","contentUrl":"https:\/\/evertonfc.cz\/wp-content\/uploads\/2019\/05\/logo.png","width":112,"height":112,"caption":"Official Czech & Slovak Everton Supporters' Club"},"image":{"@id":"https:\/\/evertonfc.cz\/#\/schema\/logo\/image\/"},"sameAs":["https:\/\/www.facebook.com\/everton.fans.cz.sk"]},{"@type":"Person","@id":"https:\/\/evertonfc.cz\/#\/schema\/person\/f7a5daedb2ffee98480bc70e191aaef1","name":"Ri\u010di","sameAs":["https:\/\/x.com\/rbrejsa"],"url":"https:\/\/evertonfc.cz\/index.php\/author\/rici\/"}]}},"_links":{"self":[{"href":"https:\/\/evertonfc.cz\/index.php\/wp-json\/wp\/v2\/posts\/3287"}],"collection":[{"href":"https:\/\/evertonfc.cz\/index.php\/wp-json\/wp\/v2\/posts"}],"about":[{"href":"https:\/\/evertonfc.cz\/index.php\/wp-json\/wp\/v2\/types\/post"}],"author":[{"embeddable":true,"href":"https:\/\/evertonfc.cz\/index.php\/wp-json\/wp\/v2\/users\/6"}],"replies":[{"embeddable":true,"href":"https:\/\/evertonfc.cz\/index.php\/wp-json\/wp\/v2\/comments?post=3287"}],"version-history":[{"count":1,"href":"https:\/\/evertonfc.cz\/index.php\/wp-json\/wp\/v2\/posts\/3287\/revisions"}],"predecessor-version":[{"id":3288,"href":"https:\/\/evertonfc.cz\/index.php\/wp-json\/wp\/v2\/posts\/3287\/revisions\/3288"}],"wp:featuredmedia":[{"embeddable":true,"href":"https:\/\/evertonfc.cz\/index.php\/wp-json\/wp\/v2\/media\/1313"}],"wp:attachment":[{"href":"https:\/\/evertonfc.cz\/index.php\/wp-json\/wp\/v2\/media?parent=3287"}],"wp:term":[{"taxonomy":"category","embeddable":true,"href":"https:\/\/evertonfc.cz\/index.php\/wp-json\/wp\/v2\/categories?post=3287"},{"taxonomy":"post_tag","embeddable":true,"href":"https:\/\/evertonfc.cz\/index.php\/wp-json\/wp\/v2\/tags?post=3287"}],"curies":[{"name":"wp","href":"https:\/\/api.w.org\/{rel}","templated":true}]}}