{"id":3291,"date":"2010-10-22T21:40:49","date_gmt":"2010-10-22T19:40:49","guid":{"rendered":"http:\/\/evertonfc.cz\/?p=3291"},"modified":"2019-02-10T21:45:12","modified_gmt":"2019-02-10T20:45:12","slug":"preview-tottenham-hotspur-everton-3","status":"publish","type":"post","link":"https:\/\/evertonfc.cz\/index.php\/2010\/10\/22\/preview-tottenham-hotspur-everton-3\/","title":{"rendered":"Preview: Tottenham Hotspur &#8211; Everton"},"content":{"rendered":"<h4>Dal\u0161\u00ed v\u00fdlet do Lond\u00fdna zavede Everton do jeho severn\u00ed \u010d\u00e1sti, kde zm\u011b\u0159\u00ed s\u00edly s tamn\u00edm Tottenhamem. Dok\u00e1\u017e\u00ed Blues znovu bodovat, nebo budou Spurs nad jejich s\u00edly?<\/h4>\n<p>Rozd\u00edl mezi Evertonem ze z\u00e1\u0159\u00ed a Evertonem sou\u010dasn\u00fdm? P\u0159edev\u0161\u00edm kone\u010dn\u011b znovuz\u00edskan\u00e1 schopnost vyhr\u00e1vat a v neposledn\u00ed \u0159ad\u011b podstatn\u011b lep\u0161\u00ed pr\u016fb\u011b\u017en\u00e9 um\u00edst\u011bn\u00ed v tabulce. Blues pojedou na White Hart Lane v dobr\u00e9 pohod\u011b, bude to ale na Tottenham, op\u011bt atakuj\u00edc\u00ed p\u0159\u00ed\u010dky nejvy\u0161\u0161\u00ed sta\u010dit?<\/p>\n<p>Bezprost\u0159edn\u011b po zazn\u011bn\u00ed z\u00e1v\u011bre\u010dn\u00e9ho hvizdu ned\u011bln\u00edho Merseyside derby by v\u011bt\u0161inov\u00e1 odpov\u011b\u010f Evertonians nejsp\u00ed\u0161 zn\u011bla &#8222;jasn\u011b, t\u0159i body jsou na\u0161e!&#8220;. A\u010d po v\u00edt\u011bzstv\u00ed Everton pro\u017e\u00edv\u00e1 zaslou\u017een\u00e9 opojn\u00e9 dny, je ale t\u0159eba varovn\u011b zvedat prsty. Blues sice, zd\u00e1 se, zav\u010das chytili formu, ov\u0161em p\u0159ed v\u00fdjezdem do britsk\u00e9 metropole nen\u00ed z\u00e1hodno p\u0159ehl\u00ed\u017eet podstatnou skute\u010dnost. Toffees nejen\u017ee \u010dek\u00e1 \u00fa\u010dastn\u00edk Champions League, mimoto se mu budou muset postavit s nep\u0159\u00edjemn\u011b se zu\u017euj\u00edc\u00ed sestavou.<\/p>\n<p>Marodka sice zat\u00edm nedosahuje tak mamut\u00edch rozm\u011br\u016f jako b\u011bhem jej\u00ed lo\u0148sk\u00e9 kulminace, ov\u0161em pot\u00ed\u017ee s vhodn\u00fdm slo\u017een\u00edm ide\u00e1ln\u00ed jeden\u00e1ctky David Moyes \u0159e\u0161it nejsp\u00ed\u0161 bude. A tak zat\u00edmco mana\u017eer netrp\u011bliv\u011b \u010dek\u00e1 na nejnov\u011bj\u0161\u00ed aktualizace od sv\u00e9ho l\u00e9ka\u0159sk\u00e9ho person\u00e1lu, ta \u010d\u00e1st mu\u017estva, kterou zat\u00edm neskolil \u017e\u00e1dn\u00fd zdravotn\u00ed neduh, vyhl\u00ed\u017e\u00ed souboj proti Spurs. Podle Tima Howarda v n\u011bm hodl\u00e1 uplatnit sebev\u011bdom\u00ed z\u00edskan\u00e9 v posledn\u00edch z\u00e1pasech.<\/p>\n<p><em>\u201eJsme namotivovan\u00ed, dost\u00e1v\u00e1me se do na\u0161eho tempa a chceme v tom pokra\u010dovat,\u201c<\/em>\u00a0hl\u00e1s\u00e1 americk\u00fd brank\u00e1\u0159, jen\u017e za svoje kvalitn\u00ed v\u00fdkony obdr\u017eel ocen\u011bn\u00ed pro nejlep\u0161\u00edho klubov\u00e9ho fotbalistu uplynul\u00e9ho m\u011bs\u00edce. P\u0159esto si ale g\u00f3lman iluze ned\u011bl\u00e1. Spurs doma svoji k\u016f\u017ei neprodaj\u00ed lacino. <em>\u201eTottenham m\u00e1 moc talentovan\u00e9 mu\u017estvo a loni jsme na jejich h\u0159i\u0161ti dvakr\u00e1t prohr\u00e1li. Hodl\u00e1me si ale vyhrnout ruk\u00e1vy a pokra\u010dovat v na\u0161\u00ed h\u0159e. Pak si mysl\u00edm, \u017ee si odsud n\u011bco m\u016f\u017eeme odv\u00e9st. P\u0159ed Tottenhamem ale mus\u00edte smeknout klobouk, \u010dtvrt\u00e9 m\u00edsto v lo\u0148sk\u00e9 sezon\u011b je fantastick\u00fd \u00fasp\u011bch. Ned\u00edv\u00e1me se v\u0161ak n\u011b se z\u00e1vist\u00ed nebo \u017e\u00e1rlivost\u00ed. Pokud si oba t\u00fdmy porovn\u00e1te, velkou propast mezi nimi nenajdete.\u201c<\/em><\/p>\n<p>Tottenhamu se loni vyda\u0159il majstr\u0161tyk, kter\u00e9ho za posledn\u00ed l\u00e9ta dos\u00e1hl pouze Newcastle a p\u0159ed p\u011bti lety pr\u00e1v\u011b Everton &#8211; zkompletov\u00e1n\u00ed nesm\u00edrn\u011b zapeklit\u00e9ho \u00fakolu pod n\u00e1zvem Atak na prvn\u00ed \u010dty\u0159ku, a t\u00edm p\u00e1dem \u00fa\u010dast v Champions League. Jenom\u017ee zat\u00edmco Blues vypadli v s\u00edt\u011b p\u0159edkola, Spurs dovedli svoje sna\u017een\u00ed a ambice a\u017e do hlavn\u00ed f\u00e1ze milion\u00e1\u0159sk\u00e9 sout\u011b\u017ee. Na White Hart Lane tak letos b\u00fdv\u00e1 nezvykle \u017eivo.<\/p>\n<p>V p\u0159edn\u00ed evropsk\u00e9 sout\u011b\u017ei zat\u00edm Kohouti ve svoj\u00ed skupin\u011b dr\u017e\u00ed druh\u00e9 m\u00edsto, na jeho\u017e udr\u017een\u00ed nem\u011bla pra\u017e\u00e1dn\u00fd vliv ani st\u0159ede\u010dn\u00ed prohra, by\u0165 t\u011bsn\u00e1, na San Siro s \u00fa\u0159aduj\u00edc\u00edm evropsk\u00fdm \u0161ampionem. Kolbi\u0161t\u011bm \u010d\u00edslo jedna ale pro Spurs st\u00e1le z\u016fst\u00e1v\u00e1 Premier League, a ani v n\u00ed si zat\u00edm v\u011bru nevedou \u0161patn\u011b. Prozat\u00edm Tottenham okupuje p\u00e1tou pozici, na kterou se vyhoupnul d\u00edky vysoce cen\u011bnn\u00e9 v\u00fdh\u0159e z rem\u00edzov\u00e9ho kr\u00e1lovstv\u00ed jm\u00e9nem Craven Cottage. Koneckonc\u016f pr\u00e1v\u011b z posledn\u00edch dvou v\u00fdsledk\u016f Spurs plyne d\u016fle\u017eit\u00e1 skute\u010dnost &#8211; Redknappovi borci se um\u011bj\u00ed vybi\u010dovat k velk\u00fdm, odhodlan\u00fdm v\u00fdkon\u016fm, ale na druh\u00e9 stran\u011b b\u00fdvaj\u00ed jejich dev\u00edzou i zbyte\u010dn\u00e9 ztr\u00e1ty se slab\u0161\u00edmi. T\u0159i body si tak letos z White Hart Lane odvezl i takov\u00fd Wigan, v lond\u00fdnsk\u00e9m derby pak Spurs padli na h\u0159i\u0161ti West Hamu.<\/p>\n<p>Posledn\u00ed m\u011b\u0159en\u00ed sil neslo datum 28. \u00fanora a pro Everton nedopadlo dob\u0159e. Na White Hart Lane dom\u00e1c\u00ed brali t\u0159i body za v\u00fdhru 2-1. Za Spurs se trefil Pavlju\u010denko a Modri\u0107, za Everton jen korigoval Yakubu.<\/p>\n<h4><strong>Historie soupe\u0159e<\/strong><\/h4>\n<p>Klub byl zalo\u017een roku 1882, je\u0161t\u011b pod p\u016fvodn\u00edm n\u00e1zvem Hotspur FC. Zpo\u010d\u00e1tku se hr\u00e1lo na stadionu Tottenham Marshes a na Northumberland Parku, ale u\u017e po dlouh\u00e1 desetilet\u00ed je domovsk\u00fdm svatost\u00e1nkem Spurs White Hart Lane.\u00a0Roku 1901 za\u010dal Tottenham postupn\u011b stoupat divizemi vzh\u016fru a ve stejn\u00e9m roce klub poprv\u00e9 vyhr\u00e1l Anglick\u00fd poh\u00e1r, kter\u00fdch m\u00e1 dnes ve sv\u00e9 vitr\u00edn\u011b \u00factyhodn\u00fdch osm. O sedm let pozd\u011bji se Spurs dostali do druh\u00e9 nejvy\u0161\u0161\u00ed sout\u011b\u017ee a rok na to, u\u017e poprv\u00e9 slavili postup mezi prvoligovou elitu.<\/p>\n<p>Ov\u0161em p\u0159ed vypuknut\u00edm prvn\u00ed sv\u011btov\u00e9 v\u00e1lky skon\u010dil Tottenham na posledn\u00edm m\u00edst\u011b. Za norm\u00e1ln\u00edch okolnost\u00ed by jej samoz\u0159ejm\u011b \u010dekal sestup, jen\u017ee klub m\u011blo zachr\u00e1nit rozhodnut\u00ed Fotbalov\u00e9 asociace roz\u0161\u00ed\u0159it po\u010det \u00fa\u010dastn\u00edk\u016f nejvy\u0161\u0161\u00ed sout\u011b\u017ee ze dvaceti na dvaadvacet. Jen\u017ee to si nenechal l\u00edbit prezident Arsenalu Harry Norris, kter\u00fd protestoval proti tomu, aby byly v lize ponech\u00e1ny posledn\u00ed dva t\u00fdmy &#8211; Chelsea a pr\u00e1v\u011b Tottenham a\u00a0tak se po bou\u0159liv\u00fdch diskuz\u00edch rozhodlo, \u017ee posledn\u00edho \u00fa\u010dastn\u00edka ur\u010d\u00ed hlasov\u00e1n\u00ed. Tottenham z ostatn\u00edch kandid\u00e1t\u016f z\u00edskal nejm\u00e9n\u011b hlas\u016f a sestoupil. Proto nen\u00ed divu, \u017ee od t\u00e9 doby\u00a0panuje mezi Tottenhamem a Arsenalem obrovsk\u00e1 rivalita.<\/p>\n<p>Lilywhites tedy za\u010d\u00ednali znovu od druh\u00e9 ligy, kterou okam\u017eit\u011b vyhr\u00e1li. Na nov\u00e1\u010dka si nevedli v\u016fbec \u0161patn\u011b &#8211; po roce v\u00a0Second Division obsadili kone\u010dn\u00e9 \u0161est\u00e9 m\u00edsto a druh\u00e9 v\u00edt\u011bzstv\u00ed v FA\u00a0Cupu. Jen\u017ee po \u00fasp\u011b\u0161\u00edch p\u0159i\u0161el p\u00e1d a\u00a0v roce 1928 se Spurs um\u00edstili na sestupov\u00e9 21. pozici. Jen\u017ee tentokr\u00e1t si klub ve druh\u00e9 lize nepobyl pouze rok, ale celkem p\u011bt sez\u00f3n.<\/p>\n<p>Po druh\u00e9m sv\u011btov\u00e9m v\u00e1le\u010dn\u00e9m konfliktu mohl Tottenham slavit v\u011bt\u0161\u00ed \u00fasp\u011bch a\u017e v roce 1955, kdy se stal vicemistrem First Division, ale dal\u0161\u00ed \u00fasp\u011bchy ji\u017e nep\u0159ich\u00e1zely. Tottenham sice pat\u0159il mezi p\u0159edn\u00ed kluby, ale \u00fas\u011bch v podob\u011b titulu se mu vyh\u00fdbal. Historie se m\u011bnila v sezon\u011b 1959\/60, kdy Tottenham jako prvn\u00ed klub v historii slavil double &#8211; zisk ligov\u00e9ho titulu a Anglick\u00e9ho poh\u00e1ru. Pro nejstar\u0161\u00ed poh\u00e1rovou trofej sv\u011bta si Kohouti do\u0161li i o rok pozd\u011bji. Roku 1963 se Tottenham stal prvn\u00edm anglick\u00fdm klubem, triumfuj\u00edc\u00edm v evropsk\u00e9m poh\u00e1ru. Poh\u00e1rov\u00e9 z\u00e1pasy v\u016fbec klubu nadm\u00edru sed\u011bly. V lize Tottenham \u00fasp\u011bchy slavil z\u0159\u00eddkakdy, zato ve vy\u0159azovac\u00edm syst\u00e9mu si vybudoval pov\u011bst ob\u00e1van\u00e9ho t\u00fdmu. V dal\u0161\u00edch letech do Severn\u00edho Lond\u00fdna putovala trofej jak pro v\u00edt\u011bze FA Cupu, tak dvakr\u00e1t Ligov\u00fd poh\u00e1r a\u00a0jednou poh\u00e1r UEFA.<\/p>\n<p>V 80. letech skl\u00edzeli Spurs \u00fasp\u011bchy op\u011bt p\u0159edev\u0161\u00edm na poli poh\u00e1rov\u00e9m.\u00a0V letech\u00a01981 a 1982\u00a0na White Hart Lane\u00a0putoval Anglick\u00fd poh\u00e1r a za dva roky p\u0159i\u0161el triumf op\u011bt v poh\u00e1ru UEFA. Ov\u0161em posledn\u00ed dek\u00e1da 20. stolet\u00ed u\u017e tak slavn\u00e1 nebyla. V roce 1998 klub m\u00e1lem sestoupil. Zachr\u00e1nil jej a\u017e George Graham, b\u00fdval\u00fd kou\u010d konkuren\u010dn\u00edho Arsenalu. Graham t\u00fdm nejen zachr\u00e1nil od propadu ale dokonce s n\u00edm u\u017e po roce vyhr\u00e1l Ligov\u00fd poh\u00e1r. V nov\u00e9m tis\u00edcilet\u00ed se Tottenham u\u017e pod vl\u00e1dou sou\u010dasn\u00e9ho vlastn\u00edka Daniela Levyho st\u00e1v\u00e1 p\u0159edn\u00edm klubem, a na d\u016fkaz toho dok\u00e1zal p\u0159edloni vyhr\u00e1t Ligov\u00fd poh\u00e1r, v jeho\u017e fin\u00e1le zdolal v prodlou\u017een\u00ed Chelsea.<\/p>\n<h4><strong>Z\u00e1pasov\u00e1 fakta<\/strong><\/h4>\n<p>Jde o 160. setk\u00e1n\u00ed obou celk\u016f. Tottenham doposud zv\u00edt\u011bzil v 59 p\u0159\u00edpadech, Everton se radoval 52x a 48 z\u00e1pas\u016f skon\u010dilo rem\u00edzou. I v \u00e9\u0159e Premier League maj\u00ed Spurs navrch, tentokr\u00e1t ov\u0161em pon\u011bkud drtiv\u011bj\u0161\u00edm zp\u016fsobem. Od roku 1992 Kohouti Everton porazili osmn\u00e1ctkr\u00e1t, p\u011btkr\u00e1t se radovali Blues a t\u0159in\u00e1ctkr\u00e1t na sv\u011bteln\u00e9 tabuli sv\u00edtilo nerozhodn\u00e9 sk\u00f3re.<\/p>\n<h4><strong>Totttenham<\/strong><\/h4>\n<p>Spurs se sice vstup do sezony pom\u011brn\u011b vyda\u0159il, nicm\u00e9n\u011b Harrymu Redknappovi d\u011bl\u00e1 vr\u00e1sky ni\u017e\u0161\u00ed st\u0159eleck\u00e1 produktivita jeho hr\u00e1\u010d\u016f. Zat\u00edmco vloni touto dobou m\u011bl Tottenham v lize nast\u0159\u00edleno 19 branek, letos jich m\u00e1 t\u00e9m\u011b\u0159 o polovinu m\u00e9n\u011b &#8211; 10. Krom absence produktivn\u00edho \u00fato\u010dn\u00edka, kter\u00fdm za b\u011b\u017en\u00fdch okolnost\u00ed b\u00fdv\u00e1 aktu\u00e1ln\u011b zran\u011bn\u00fd Jermain Defoe, v\u0161ak Kohouti neuchvacuj\u00ed ani v defenziv\u011b, nebo\u0165 ve v\u0161ech t\u0159in\u00e1cti z\u00e1pasech ve v\u0161ech sout\u011b\u017e\u00edch zat\u00edm udr\u017eeli pouh\u00e9 dva \u010dist\u00e9 \u0161t\u00edty. Spol\u00e9hat se ale Spurs mohou na jednu z nejlep\u0161\u00edch, ne-li v\u016fbec nejlep\u0161\u00ed, posilu l\u00e9ta, Rafaela van der Vaarta. Holan\u010fan na White Hart Lane zaznamenal ji\u017e t\u0159i g\u00f3ly.<\/p>\n<h4><strong>Everton<\/strong><\/h4>\n<p>N\u00e1lada v t\u00e1bo\u0159e Blues stoup\u00e1, a a\u010dkoliv Everton \u010d\u00edh\u00e1 teprve z jeden\u00e1ct\u00e9 pozice, sezonu m\u00e1 rozehranou slibn\u011b. Dokonce v p\u0159edminul\u00e9 sezon\u011b, kdy obsadil p\u00e1tou p\u0159\u00ed\u010dku, m\u011bl k 22. \u0159\u00edjnu 2008 v tabulce o bod m\u00e9n\u011b, ne\u017e je tomu nyn\u00ed. Potenci\u00e1ln\u00ed v\u00fdhra na White Hart Lane by v\u0161ak p\u0159ekvapiv\u00e1 byla sama o sob\u011b, a obzvl\u00e1\u0161\u0165 pokud vezmeme v \u00favahu fakt, \u017ee dva venkovn\u00ed z\u00e1pasy v \u0159ad\u011b Toffees nevyhr\u00e1li od kv\u011btna 2009. V Lond\u00fdn\u011b nav\u00edc Blues nezv\u00edt\u011bzili ji\u017e \u010dty\u0159ikr\u00e1t za sebou, naposled se to povedlo loni v listopadu, kdy si Everton odvezl t\u0159i body z Upton Parku.<\/p>\n<h4><strong>Vz\u00e1jemn\u00e1 bilance<\/strong><\/h4>\n<ul>\n<li>Celkov\u011b: 59-48-52<\/li>\n<li>Na White Hart Lane: 40-21-17<\/li>\n<li>V Premier League: 18-13-5<\/li>\n<\/ul>\n<h4><strong>Absence<\/strong><\/h4>\n<p>Tottenham po\u010d\u00edt\u00e1 nejv\u011bt\u0161\u00ed ztr\u00e1ty v obran\u00e9 \u0159ad\u011b. Dlouhodob\u011b mimo hru je Michael Dawson a nenastoup\u00ed ani Ledley King a v\u011b\u010dn\u00fd lazar Jonathan Woodgate. V\u00e1\u017en\u00e9 zran\u011bn\u00ed kotn\u00edku pak prod\u011bl\u00e1v\u00e1 Jermain Defoe a hr\u00e1t nebude ani Jamie O\u00b4Hara, kter\u00e9ho tr\u00e1p\u00ed z\u00e1da. Otazn\u00edk vis\u00ed nad startem Younesse Kaboula.<\/p>\n<p>David Moyes si oproti tomu l\u00e1me hlavu, jak poskl\u00e1dat z\u00e1lohu. St\u00e1le mimo hru je Steven Pienaar, nov\u011b si na marodce \u0161est t\u00fddn\u016f pobyde Leon Osman se zran\u011bn\u00fdm kotn\u00edkem a nad\u00e1le jsou mimo hru Marouane Fellaini a Jack Rodwell. Nastoupit by mohl Mikel Arteta, s nejv\u011bt\u0161\u00ed pravd\u011bpodobnost\u00ed se o jeho \u00fa\u010dasti rozhodne p\u0159ed z\u00e1pasem. \u017d\u00e1dn\u00fdch nov\u00fdch zpr\u00e1v se &#8222;p\u0159ekvapiv\u011b&#8220; nedo\u010dk\u00e1v\u00e1me o stavu Victora Anichebeho ani Louise Sahy.<\/p>\n<p><strong>Tottenham:<\/strong> Gomes, Cudicini, Hutton, Gallas, Bassong, Kaboul, Assou-Ekotto, Van der Vaart, Huddlestone, Modri\u0107, Bale, Sandro, Lennon, Jenas, Krancjar, Keane<\/p>\n<p><strong>Everton:<\/strong> Howard, Mucha, Neville, Hibbert, Jagielka, Distin, Mustafi, Heitinga, Baines, Coleman, Arteta, Gueye, Bilyaletdinov, Cahill, Beckford, Yakubu, Baxter<\/p>\n<ul>\n<li><strong>Kdy:\u00a0<\/strong>23.10. 13:45 SE\u010c<\/li>\n<li><strong>Kde:\u00a0<\/strong>White Hart Lane<strong><br \/>\n<\/strong><\/li>\n<li><strong>Rozhod\u010d\u00ed:\u00a0<\/strong>Mike Jones<\/li>\n<\/ul>\n","protected":false},"excerpt":{"rendered":"<p>Dal\u0161\u00ed v\u00fdlet do Lond\u00fdna zavede Everton do jeho severn\u00ed \u010d\u00e1sti, kde zm\u011b\u0159\u00ed s\u00edly s tamn\u00edm Tottenhamem. Dok\u00e1\u017e\u00ed Blues znovu bodovat,&hellip;<\/p>\n","protected":false},"author":7,"featured_media":1314,"comment_status":"open","ping_status":"closed","sticky":false,"template":"","format":"standard","meta":{"_eb_attr":"","_monsterinsights_skip_tracking":false,"_monsterinsights_sitenote_active":false,"_monsterinsights_sitenote_note":"","_monsterinsights_sitenote_category":0,"footnotes":""},"categories":[4],"tags":[],"yoast_head":"<!-- This site is optimized with the Yoast SEO plugin v23.4 - https:\/\/yoast.com\/wordpress\/plugins\/seo\/ -->\n<title>Preview: Tottenham Hotspur - Everton - Official Czech &amp; Slovak Everton Supporters&#039; Club<\/title>\n<meta name=\"robots\" content=\"index, follow, max-snippet:-1, max-image-preview:large, max-video-preview:-1\" \/>\n<link rel=\"canonical\" href=\"https:\/\/evertonfc.cz\/index.php\/2010\/10\/22\/preview-tottenham-hotspur-everton-3\/\" \/>\n<meta property=\"og:locale\" content=\"cs_CZ\" \/>\n<meta property=\"og:type\" content=\"article\" \/>\n<meta property=\"og:title\" content=\"Preview: Tottenham Hotspur - Everton - Official Czech &amp; Slovak Everton Supporters&#039; Club\" \/>\n<meta property=\"og:description\" content=\"Dal\u0161\u00ed v\u00fdlet do Lond\u00fdna zavede Everton do jeho severn\u00ed \u010d\u00e1sti, kde zm\u011b\u0159\u00ed s\u00edly s tamn\u00edm Tottenhamem. Dok\u00e1\u017e\u00ed Blues znovu bodovat,&hellip;\" \/>\n<meta property=\"og:url\" content=\"https:\/\/evertonfc.cz\/index.php\/2010\/10\/22\/preview-tottenham-hotspur-everton-3\/\" \/>\n<meta property=\"og:site_name\" content=\"Official Czech &amp; Slovak Everton Supporters&#039; Club\" \/>\n<meta property=\"article:publisher\" content=\"https:\/\/www.facebook.com\/everton.fans.cz.sk\" \/>\n<meta property=\"article:published_time\" content=\"2010-10-22T19:40:49+00:00\" \/>\n<meta property=\"article:modified_time\" content=\"2019-02-10T20:45:12+00:00\" \/>\n<meta property=\"og:image\" content=\"https:\/\/evertonfc.cz\/wp-content\/uploads\/2019\/01\/preview.jpg\" \/>\n\t<meta property=\"og:image:width\" content=\"720\" \/>\n\t<meta property=\"og:image:height\" content=\"405\" \/>\n\t<meta property=\"og:image:type\" content=\"image\/jpeg\" \/>\n<meta name=\"author\" content=\"Me\u0148a\" \/>\n<meta name=\"twitter:card\" content=\"summary_large_image\" \/>\n<meta name=\"twitter:label1\" content=\"Napsal(a)\" \/>\n\t<meta name=\"twitter:data1\" content=\"Me\u0148a\" \/>\n\t<meta name=\"twitter:label2\" content=\"Odhadovan\u00e1 doba \u010dten\u00ed\" \/>\n\t<meta name=\"twitter:data2\" content=\"9 minut\" \/>\n<script type=\"application\/ld+json\" class=\"yoast-schema-graph\">{\"@context\":\"https:\/\/schema.org\",\"@graph\":[{\"@type\":\"Article\",\"@id\":\"https:\/\/evertonfc.cz\/index.php\/2010\/10\/22\/preview-tottenham-hotspur-everton-3\/#article\",\"isPartOf\":{\"@id\":\"https:\/\/evertonfc.cz\/index.php\/2010\/10\/22\/preview-tottenham-hotspur-everton-3\/\"},\"author\":{\"name\":\"Me\u0148a\",\"@id\":\"https:\/\/evertonfc.cz\/#\/schema\/person\/cd6328a75577de2add7793fd4b0930c3\"},\"headline\":\"Preview: Tottenham Hotspur &#8211; Everton\",\"datePublished\":\"2010-10-22T19:40:49+00:00\",\"dateModified\":\"2019-02-10T20:45:12+00:00\",\"mainEntityOfPage\":{\"@id\":\"https:\/\/evertonfc.cz\/index.php\/2010\/10\/22\/preview-tottenham-hotspur-everton-3\/\"},\"wordCount\":1891,\"commentCount\":0,\"publisher\":{\"@id\":\"https:\/\/evertonfc.cz\/#organization\"},\"image\":{\"@id\":\"https:\/\/evertonfc.cz\/index.php\/2010\/10\/22\/preview-tottenham-hotspur-everton-3\/#primaryimage\"},\"thumbnailUrl\":\"https:\/\/evertonfc.cz\/wp-content\/uploads\/2019\/01\/preview.jpg\",\"articleSection\":[\"Z\u00e1pasy\"],\"inLanguage\":\"cs\",\"potentialAction\":[{\"@type\":\"CommentAction\",\"name\":\"Comment\",\"target\":[\"https:\/\/evertonfc.cz\/index.php\/2010\/10\/22\/preview-tottenham-hotspur-everton-3\/#respond\"]}]},{\"@type\":\"WebPage\",\"@id\":\"https:\/\/evertonfc.cz\/index.php\/2010\/10\/22\/preview-tottenham-hotspur-everton-3\/\",\"url\":\"https:\/\/evertonfc.cz\/index.php\/2010\/10\/22\/preview-tottenham-hotspur-everton-3\/\",\"name\":\"Preview: Tottenham Hotspur - Everton - Official Czech &amp; Slovak Everton Supporters&#039; Club\",\"isPartOf\":{\"@id\":\"https:\/\/evertonfc.cz\/#website\"},\"primaryImageOfPage\":{\"@id\":\"https:\/\/evertonfc.cz\/index.php\/2010\/10\/22\/preview-tottenham-hotspur-everton-3\/#primaryimage\"},\"image\":{\"@id\":\"https:\/\/evertonfc.cz\/index.php\/2010\/10\/22\/preview-tottenham-hotspur-everton-3\/#primaryimage\"},\"thumbnailUrl\":\"https:\/\/evertonfc.cz\/wp-content\/uploads\/2019\/01\/preview.jpg\",\"datePublished\":\"2010-10-22T19:40:49+00:00\",\"dateModified\":\"2019-02-10T20:45:12+00:00\",\"breadcrumb\":{\"@id\":\"https:\/\/evertonfc.cz\/index.php\/2010\/10\/22\/preview-tottenham-hotspur-everton-3\/#breadcrumb\"},\"inLanguage\":\"cs\",\"potentialAction\":[{\"@type\":\"ReadAction\",\"target\":[\"https:\/\/evertonfc.cz\/index.php\/2010\/10\/22\/preview-tottenham-hotspur-everton-3\/\"]}]},{\"@type\":\"ImageObject\",\"inLanguage\":\"cs\",\"@id\":\"https:\/\/evertonfc.cz\/index.php\/2010\/10\/22\/preview-tottenham-hotspur-everton-3\/#primaryimage\",\"url\":\"https:\/\/evertonfc.cz\/wp-content\/uploads\/2019\/01\/preview.jpg\",\"contentUrl\":\"https:\/\/evertonfc.cz\/wp-content\/uploads\/2019\/01\/preview.jpg\",\"width\":720,\"height\":405},{\"@type\":\"BreadcrumbList\",\"@id\":\"https:\/\/evertonfc.cz\/index.php\/2010\/10\/22\/preview-tottenham-hotspur-everton-3\/#breadcrumb\",\"itemListElement\":[{\"@type\":\"ListItem\",\"position\":1,\"name\":\"Home\",\"item\":\"https:\/\/evertonfc.cz\/\"},{\"@type\":\"ListItem\",\"position\":2,\"name\":\"Preview: Tottenham Hotspur &#8211; Everton\"}]},{\"@type\":\"WebSite\",\"@id\":\"https:\/\/evertonfc.cz\/#website\",\"url\":\"https:\/\/evertonfc.cz\/\",\"name\":\"Official Czech &amp; Slovak Everton Supporters&#039; Club\",\"description\":\"\",\"publisher\":{\"@id\":\"https:\/\/evertonfc.cz\/#organization\"},\"potentialAction\":[{\"@type\":\"SearchAction\",\"target\":{\"@type\":\"EntryPoint\",\"urlTemplate\":\"https:\/\/evertonfc.cz\/?s={search_term_string}\"},\"query-input\":{\"@type\":\"PropertyValueSpecification\",\"valueRequired\":true,\"valueName\":\"search_term_string\"}}],\"inLanguage\":\"cs\"},{\"@type\":\"Organization\",\"@id\":\"https:\/\/evertonfc.cz\/#organization\",\"name\":\"Official Czech & Slovak Everton Supporters' Club\",\"url\":\"https:\/\/evertonfc.cz\/\",\"logo\":{\"@type\":\"ImageObject\",\"inLanguage\":\"cs\",\"@id\":\"https:\/\/evertonfc.cz\/#\/schema\/logo\/image\/\",\"url\":\"https:\/\/evertonfc.cz\/wp-content\/uploads\/2019\/05\/logo.png\",\"contentUrl\":\"https:\/\/evertonfc.cz\/wp-content\/uploads\/2019\/05\/logo.png\",\"width\":112,\"height\":112,\"caption\":\"Official Czech & Slovak Everton Supporters' Club\"},\"image\":{\"@id\":\"https:\/\/evertonfc.cz\/#\/schema\/logo\/image\/\"},\"sameAs\":[\"https:\/\/www.facebook.com\/everton.fans.cz.sk\"]},{\"@type\":\"Person\",\"@id\":\"https:\/\/evertonfc.cz\/#\/schema\/person\/cd6328a75577de2add7793fd4b0930c3\",\"name\":\"Me\u0148a\",\"url\":\"https:\/\/evertonfc.cz\/index.php\/author\/mena\/\"}]}<\/script>\n<!-- \/ Yoast SEO plugin. -->","yoast_head_json":{"title":"Preview: Tottenham Hotspur - Everton - Official Czech &amp; Slovak Everton Supporters&#039; Club","robots":{"index":"index","follow":"follow","max-snippet":"max-snippet:-1","max-image-preview":"max-image-preview:large","max-video-preview":"max-video-preview:-1"},"canonical":"https:\/\/evertonfc.cz\/index.php\/2010\/10\/22\/preview-tottenham-hotspur-everton-3\/","og_locale":"cs_CZ","og_type":"article","og_title":"Preview: Tottenham Hotspur - Everton - Official Czech &amp; Slovak Everton Supporters&#039; Club","og_description":"Dal\u0161\u00ed v\u00fdlet do Lond\u00fdna zavede Everton do jeho severn\u00ed \u010d\u00e1sti, kde zm\u011b\u0159\u00ed s\u00edly s tamn\u00edm Tottenhamem. Dok\u00e1\u017e\u00ed Blues znovu bodovat,&hellip;","og_url":"https:\/\/evertonfc.cz\/index.php\/2010\/10\/22\/preview-tottenham-hotspur-everton-3\/","og_site_name":"Official Czech &amp; Slovak Everton Supporters&#039; Club","article_publisher":"https:\/\/www.facebook.com\/everton.fans.cz.sk","article_published_time":"2010-10-22T19:40:49+00:00","article_modified_time":"2019-02-10T20:45:12+00:00","og_image":[{"width":720,"height":405,"url":"https:\/\/evertonfc.cz\/wp-content\/uploads\/2019\/01\/preview.jpg","type":"image\/jpeg"}],"author":"Me\u0148a","twitter_card":"summary_large_image","twitter_misc":{"Napsal(a)":"Me\u0148a","Odhadovan\u00e1 doba \u010dten\u00ed":"9 minut"},"schema":{"@context":"https:\/\/schema.org","@graph":[{"@type":"Article","@id":"https:\/\/evertonfc.cz\/index.php\/2010\/10\/22\/preview-tottenham-hotspur-everton-3\/#article","isPartOf":{"@id":"https:\/\/evertonfc.cz\/index.php\/2010\/10\/22\/preview-tottenham-hotspur-everton-3\/"},"author":{"name":"Me\u0148a","@id":"https:\/\/evertonfc.cz\/#\/schema\/person\/cd6328a75577de2add7793fd4b0930c3"},"headline":"Preview: Tottenham Hotspur &#8211; Everton","datePublished":"2010-10-22T19:40:49+00:00","dateModified":"2019-02-10T20:45:12+00:00","mainEntityOfPage":{"@id":"https:\/\/evertonfc.cz\/index.php\/2010\/10\/22\/preview-tottenham-hotspur-everton-3\/"},"wordCount":1891,"commentCount":0,"publisher":{"@id":"https:\/\/evertonfc.cz\/#organization"},"image":{"@id":"https:\/\/evertonfc.cz\/index.php\/2010\/10\/22\/preview-tottenham-hotspur-everton-3\/#primaryimage"},"thumbnailUrl":"https:\/\/evertonfc.cz\/wp-content\/uploads\/2019\/01\/preview.jpg","articleSection":["Z\u00e1pasy"],"inLanguage":"cs","potentialAction":[{"@type":"CommentAction","name":"Comment","target":["https:\/\/evertonfc.cz\/index.php\/2010\/10\/22\/preview-tottenham-hotspur-everton-3\/#respond"]}]},{"@type":"WebPage","@id":"https:\/\/evertonfc.cz\/index.php\/2010\/10\/22\/preview-tottenham-hotspur-everton-3\/","url":"https:\/\/evertonfc.cz\/index.php\/2010\/10\/22\/preview-tottenham-hotspur-everton-3\/","name":"Preview: Tottenham Hotspur - Everton - Official Czech &amp; Slovak Everton Supporters&#039; Club","isPartOf":{"@id":"https:\/\/evertonfc.cz\/#website"},"primaryImageOfPage":{"@id":"https:\/\/evertonfc.cz\/index.php\/2010\/10\/22\/preview-tottenham-hotspur-everton-3\/#primaryimage"},"image":{"@id":"https:\/\/evertonfc.cz\/index.php\/2010\/10\/22\/preview-tottenham-hotspur-everton-3\/#primaryimage"},"thumbnailUrl":"https:\/\/evertonfc.cz\/wp-content\/uploads\/2019\/01\/preview.jpg","datePublished":"2010-10-22T19:40:49+00:00","dateModified":"2019-02-10T20:45:12+00:00","breadcrumb":{"@id":"https:\/\/evertonfc.cz\/index.php\/2010\/10\/22\/preview-tottenham-hotspur-everton-3\/#breadcrumb"},"inLanguage":"cs","potentialAction":[{"@type":"ReadAction","target":["https:\/\/evertonfc.cz\/index.php\/2010\/10\/22\/preview-tottenham-hotspur-everton-3\/"]}]},{"@type":"ImageObject","inLanguage":"cs","@id":"https:\/\/evertonfc.cz\/index.php\/2010\/10\/22\/preview-tottenham-hotspur-everton-3\/#primaryimage","url":"https:\/\/evertonfc.cz\/wp-content\/uploads\/2019\/01\/preview.jpg","contentUrl":"https:\/\/evertonfc.cz\/wp-content\/uploads\/2019\/01\/preview.jpg","width":720,"height":405},{"@type":"BreadcrumbList","@id":"https:\/\/evertonfc.cz\/index.php\/2010\/10\/22\/preview-tottenham-hotspur-everton-3\/#breadcrumb","itemListElement":[{"@type":"ListItem","position":1,"name":"Home","item":"https:\/\/evertonfc.cz\/"},{"@type":"ListItem","position":2,"name":"Preview: Tottenham Hotspur &#8211; Everton"}]},{"@type":"WebSite","@id":"https:\/\/evertonfc.cz\/#website","url":"https:\/\/evertonfc.cz\/","name":"Official Czech &amp; Slovak Everton Supporters&#039; Club","description":"","publisher":{"@id":"https:\/\/evertonfc.cz\/#organization"},"potentialAction":[{"@type":"SearchAction","target":{"@type":"EntryPoint","urlTemplate":"https:\/\/evertonfc.cz\/?s={search_term_string}"},"query-input":{"@type":"PropertyValueSpecification","valueRequired":true,"valueName":"search_term_string"}}],"inLanguage":"cs"},{"@type":"Organization","@id":"https:\/\/evertonfc.cz\/#organization","name":"Official Czech & Slovak Everton Supporters' Club","url":"https:\/\/evertonfc.cz\/","logo":{"@type":"ImageObject","inLanguage":"cs","@id":"https:\/\/evertonfc.cz\/#\/schema\/logo\/image\/","url":"https:\/\/evertonfc.cz\/wp-content\/uploads\/2019\/05\/logo.png","contentUrl":"https:\/\/evertonfc.cz\/wp-content\/uploads\/2019\/05\/logo.png","width":112,"height":112,"caption":"Official Czech & Slovak Everton Supporters' Club"},"image":{"@id":"https:\/\/evertonfc.cz\/#\/schema\/logo\/image\/"},"sameAs":["https:\/\/www.facebook.com\/everton.fans.cz.sk"]},{"@type":"Person","@id":"https:\/\/evertonfc.cz\/#\/schema\/person\/cd6328a75577de2add7793fd4b0930c3","name":"Me\u0148a","url":"https:\/\/evertonfc.cz\/index.php\/author\/mena\/"}]}},"_links":{"self":[{"href":"https:\/\/evertonfc.cz\/index.php\/wp-json\/wp\/v2\/posts\/3291"}],"collection":[{"href":"https:\/\/evertonfc.cz\/index.php\/wp-json\/wp\/v2\/posts"}],"about":[{"href":"https:\/\/evertonfc.cz\/index.php\/wp-json\/wp\/v2\/types\/post"}],"author":[{"embeddable":true,"href":"https:\/\/evertonfc.cz\/index.php\/wp-json\/wp\/v2\/users\/7"}],"replies":[{"embeddable":true,"href":"https:\/\/evertonfc.cz\/index.php\/wp-json\/wp\/v2\/comments?post=3291"}],"version-history":[{"count":1,"href":"https:\/\/evertonfc.cz\/index.php\/wp-json\/wp\/v2\/posts\/3291\/revisions"}],"predecessor-version":[{"id":3292,"href":"https:\/\/evertonfc.cz\/index.php\/wp-json\/wp\/v2\/posts\/3291\/revisions\/3292"}],"wp:featuredmedia":[{"embeddable":true,"href":"https:\/\/evertonfc.cz\/index.php\/wp-json\/wp\/v2\/media\/1314"}],"wp:attachment":[{"href":"https:\/\/evertonfc.cz\/index.php\/wp-json\/wp\/v2\/media?parent=3291"}],"wp:term":[{"taxonomy":"category","embeddable":true,"href":"https:\/\/evertonfc.cz\/index.php\/wp-json\/wp\/v2\/categories?post=3291"},{"taxonomy":"post_tag","embeddable":true,"href":"https:\/\/evertonfc.cz\/index.php\/wp-json\/wp\/v2\/tags?post=3291"}],"curies":[{"name":"wp","href":"https:\/\/api.w.org\/{rel}","templated":true}]}}