{"id":3293,"date":"2010-10-22T21:45:21","date_gmt":"2010-10-22T19:45:21","guid":{"rendered":"http:\/\/evertonfc.cz\/?p=3293"},"modified":"2019-02-10T21:47:52","modified_gmt":"2019-02-10T20:47:52","slug":"hibbert-a-osman-prodlouzili","status":"publish","type":"post","link":"https:\/\/evertonfc.cz\/index.php\/2010\/10\/22\/hibbert-a-osman-prodlouzili\/","title":{"rendered":"Hibbert a Osman prodlou\u017eili"},"content":{"rendered":"<p>Jedni ze dvou slu\u017eebn\u011b nejstar\u0161\u00edch Evertonians Tony Hibbert a Leon Osman spojili svoji klubovou budoucnost v nadch\u00e1zej\u00edc\u00edch letech podpisem nov\u00fdch kontrakt\u016f.<\/p>\n<p>Oba odchovanci Blues prodlou\u017eili svoje st\u00e1vaj\u00edc\u00ed smlouvy o dva roky, jejich sou\u010dasn\u00e9 kontrakty tak nov\u011b plat\u00ed do roku 2014. V\u00edt\u011bzov\u00e9 ml\u00e1de\u017enick\u00e9ho FA Cupu z roku 1998 za seniorsk\u00fd t\u00fdm Evertonu kopou ji\u017e p\u011bknou \u0159\u00e1dku let. Hibbert se v prvn\u00edm t\u00fdmu prosadil ji\u017e v roce 2001, Osman pak sv\u00e9ho kamar\u00e1da n\u00e1sledoval o dva roky pozd\u011bji. Dohromady za Toffees odehr\u00e1li ji\u017e p\u0159es 500 z\u00e1pas\u016f.<\/p>\n<p><em>\u201eJe p\u011bkn\u00e9 m\u00edt p\u0159ed sebou dal\u0161\u00edch p\u00e1r let na nejvy\u0161\u0161\u00ed \u00farovni. Oba jsme m\u00edstn\u00ed kluci a pro\u0161li jsme akademi\u00ed. Je pot\u011b\u0161uj\u00edc\u00ed, \u017ee zde m\u016f\u017eeme v kari\u00e9\u0159e pokra\u010dovat,\u201c\u00a0<\/em>sv\u011b\u0159il se dev\u011btadvacetilet\u00fd Hibbert, kter\u00fd o dal\u0161\u00ed p\u0159\u00edle\u017eitosti ke sk\u00f3rov\u00e1n\u00ed sv\u00e9ho prvn\u00edho g\u00f3lu tedy jen tak nep\u0159ijde.<em>\u00a0\u201eC\u00edt\u00edm se skv\u011ble, proto\u017ee jsme o smlouv\u011b diskutovali n\u011bkolik t\u00fddn\u016f, a nyn\u00ed je v\u0161echno za mnou,\u201c<\/em>\u00a0vydechl si Osman<em>. \u201eNikdy nebylo pochyb, \u017ee jsem cht\u011bl prodlou\u017eit. J\u00e1 i Hibbo jsme tu moc \u0161\u0165astn\u00ed.\u201c<\/em><\/p>\n<p>Pr\u00e1v\u011b Osman si ov\u0161em na dal\u0161\u00ed akci bude muset pom\u011brn\u011b dlouhou dobu po\u010dkat. V ned\u011bln\u00edm derby si poranil kotn\u00edk, a David Moyes potvrdil, \u017ee z\u00e1lo\u017en\u00edk zme\u0161k\u00e1 a\u017e \u0161est t\u00fddn\u016f. Mana\u017eerovi tak p\u0159id\u011blal dal\u0161\u00ed starosti, proto\u017ee v posledn\u00edch dnech mu odpad\u00e1v\u00e1 z\u00e1lo\u017en\u00edk za z\u00e1lo\u017en\u00edkem.\u00a0<em>\u201eLeon m\u00e1 \u0161patn\u00fd kotn\u00edk, kter\u00fd ho \u0161est ned\u011bl nepust\u00ed do hry, co\u017e je pro n\u00e1s velice nep\u0159\u00edjemn\u00e9. Mikel Arteta m\u00e1 \u0161anci z\u00edtra hr\u00e1t, ale p\u0159edt\u00edm bude muset proj\u00edt ostr\u00fdm testem. P\u00e1r hr\u00e1\u010d\u016f se n\u00e1m sice vrac\u00ed, ale n\u011bkte\u0159\u00ed ne tak rychle, jak bychom si p\u0159\u00e1li,\u201c\u00a0<\/em>informuje Moyes.<\/p>\n","protected":false},"excerpt":{"rendered":"<p>Jedni ze dvou slu\u017eebn\u011b nejstar\u0161\u00edch Evertonians Tony Hibbert a Leon Osman spojili svoji klubovou budoucnost v nadch\u00e1zej\u00edc\u00edch letech podpisem nov\u00fdch&hellip;<\/p>\n","protected":false},"author":7,"featured_media":1313,"comment_status":"open","ping_status":"closed","sticky":false,"template":"","format":"standard","meta":{"_eb_attr":"","_monsterinsights_skip_tracking":false,"_monsterinsights_sitenote_active":false,"_monsterinsights_sitenote_note":"","_monsterinsights_sitenote_category":0,"footnotes":""},"categories":[42],"tags":[],"yoast_head":"<!-- This site is optimized with the Yoast SEO plugin v23.4 - https:\/\/yoast.com\/wordpress\/plugins\/seo\/ -->\n<title>Hibbert a Osman prodlou\u017eili - Official Czech &amp; Slovak Everton Supporters&#039; Club<\/title>\n<meta name=\"robots\" content=\"index, follow, max-snippet:-1, max-image-preview:large, max-video-preview:-1\" \/>\n<link rel=\"canonical\" href=\"https:\/\/evertonfc.cz\/index.php\/2010\/10\/22\/hibbert-a-osman-prodlouzili\/\" \/>\n<meta property=\"og:locale\" content=\"cs_CZ\" \/>\n<meta property=\"og:type\" content=\"article\" \/>\n<meta property=\"og:title\" content=\"Hibbert a Osman prodlou\u017eili - Official Czech &amp; Slovak Everton Supporters&#039; Club\" \/>\n<meta property=\"og:description\" content=\"Jedni ze dvou slu\u017eebn\u011b nejstar\u0161\u00edch Evertonians Tony Hibbert a Leon Osman spojili svoji klubovou budoucnost v nadch\u00e1zej\u00edc\u00edch letech podpisem nov\u00fdch&hellip;\" \/>\n<meta property=\"og:url\" content=\"https:\/\/evertonfc.cz\/index.php\/2010\/10\/22\/hibbert-a-osman-prodlouzili\/\" \/>\n<meta property=\"og:site_name\" content=\"Official Czech &amp; Slovak Everton Supporters&#039; Club\" \/>\n<meta property=\"article:publisher\" content=\"https:\/\/www.facebook.com\/everton.fans.cz.sk\" \/>\n<meta property=\"article:published_time\" content=\"2010-10-22T19:45:21+00:00\" \/>\n<meta property=\"article:modified_time\" content=\"2019-02-10T20:47:52+00:00\" \/>\n<meta property=\"og:image\" content=\"https:\/\/evertonfc.cz\/wp-content\/uploads\/2019\/01\/news.jpg\" \/>\n\t<meta property=\"og:image:width\" content=\"720\" \/>\n\t<meta property=\"og:image:height\" content=\"405\" \/>\n\t<meta property=\"og:image:type\" content=\"image\/jpeg\" \/>\n<meta name=\"author\" content=\"Me\u0148a\" \/>\n<meta name=\"twitter:card\" content=\"summary_large_image\" \/>\n<meta name=\"twitter:label1\" content=\"Napsal(a)\" \/>\n\t<meta name=\"twitter:data1\" content=\"Me\u0148a\" \/>\n\t<meta name=\"twitter:label2\" content=\"Odhadovan\u00e1 doba \u010dten\u00ed\" \/>\n\t<meta name=\"twitter:data2\" content=\"2 minuty\" \/>\n<script type=\"application\/ld+json\" class=\"yoast-schema-graph\">{\"@context\":\"https:\/\/schema.org\",\"@graph\":[{\"@type\":\"Article\",\"@id\":\"https:\/\/evertonfc.cz\/index.php\/2010\/10\/22\/hibbert-a-osman-prodlouzili\/#article\",\"isPartOf\":{\"@id\":\"https:\/\/evertonfc.cz\/index.php\/2010\/10\/22\/hibbert-a-osman-prodlouzili\/\"},\"author\":{\"name\":\"Me\u0148a\",\"@id\":\"https:\/\/evertonfc.cz\/#\/schema\/person\/cd6328a75577de2add7793fd4b0930c3\"},\"headline\":\"Hibbert a Osman prodlou\u017eili\",\"datePublished\":\"2010-10-22T19:45:21+00:00\",\"dateModified\":\"2019-02-10T20:47:52+00:00\",\"mainEntityOfPage\":{\"@id\":\"https:\/\/evertonfc.cz\/index.php\/2010\/10\/22\/hibbert-a-osman-prodlouzili\/\"},\"wordCount\":346,\"commentCount\":0,\"publisher\":{\"@id\":\"https:\/\/evertonfc.cz\/#organization\"},\"image\":{\"@id\":\"https:\/\/evertonfc.cz\/index.php\/2010\/10\/22\/hibbert-a-osman-prodlouzili\/#primaryimage\"},\"thumbnailUrl\":\"https:\/\/evertonfc.cz\/wp-content\/uploads\/2019\/01\/news.jpg\",\"articleSection\":[\"Aktuality\"],\"inLanguage\":\"cs\",\"potentialAction\":[{\"@type\":\"CommentAction\",\"name\":\"Comment\",\"target\":[\"https:\/\/evertonfc.cz\/index.php\/2010\/10\/22\/hibbert-a-osman-prodlouzili\/#respond\"]}]},{\"@type\":\"WebPage\",\"@id\":\"https:\/\/evertonfc.cz\/index.php\/2010\/10\/22\/hibbert-a-osman-prodlouzili\/\",\"url\":\"https:\/\/evertonfc.cz\/index.php\/2010\/10\/22\/hibbert-a-osman-prodlouzili\/\",\"name\":\"Hibbert a Osman prodlou\u017eili - Official Czech &amp; Slovak Everton Supporters&#039; Club\",\"isPartOf\":{\"@id\":\"https:\/\/evertonfc.cz\/#website\"},\"primaryImageOfPage\":{\"@id\":\"https:\/\/evertonfc.cz\/index.php\/2010\/10\/22\/hibbert-a-osman-prodlouzili\/#primaryimage\"},\"image\":{\"@id\":\"https:\/\/evertonfc.cz\/index.php\/2010\/10\/22\/hibbert-a-osman-prodlouzili\/#primaryimage\"},\"thumbnailUrl\":\"https:\/\/evertonfc.cz\/wp-content\/uploads\/2019\/01\/news.jpg\",\"datePublished\":\"2010-10-22T19:45:21+00:00\",\"dateModified\":\"2019-02-10T20:47:52+00:00\",\"breadcrumb\":{\"@id\":\"https:\/\/evertonfc.cz\/index.php\/2010\/10\/22\/hibbert-a-osman-prodlouzili\/#breadcrumb\"},\"inLanguage\":\"cs\",\"potentialAction\":[{\"@type\":\"ReadAction\",\"target\":[\"https:\/\/evertonfc.cz\/index.php\/2010\/10\/22\/hibbert-a-osman-prodlouzili\/\"]}]},{\"@type\":\"ImageObject\",\"inLanguage\":\"cs\",\"@id\":\"https:\/\/evertonfc.cz\/index.php\/2010\/10\/22\/hibbert-a-osman-prodlouzili\/#primaryimage\",\"url\":\"https:\/\/evertonfc.cz\/wp-content\/uploads\/2019\/01\/news.jpg\",\"contentUrl\":\"https:\/\/evertonfc.cz\/wp-content\/uploads\/2019\/01\/news.jpg\",\"width\":720,\"height\":405},{\"@type\":\"BreadcrumbList\",\"@id\":\"https:\/\/evertonfc.cz\/index.php\/2010\/10\/22\/hibbert-a-osman-prodlouzili\/#breadcrumb\",\"itemListElement\":[{\"@type\":\"ListItem\",\"position\":1,\"name\":\"Home\",\"item\":\"https:\/\/evertonfc.cz\/\"},{\"@type\":\"ListItem\",\"position\":2,\"name\":\"Hibbert a Osman prodlou\u017eili\"}]},{\"@type\":\"WebSite\",\"@id\":\"https:\/\/evertonfc.cz\/#website\",\"url\":\"https:\/\/evertonfc.cz\/\",\"name\":\"Official Czech &amp; Slovak Everton Supporters&#039; Club\",\"description\":\"\",\"publisher\":{\"@id\":\"https:\/\/evertonfc.cz\/#organization\"},\"potentialAction\":[{\"@type\":\"SearchAction\",\"target\":{\"@type\":\"EntryPoint\",\"urlTemplate\":\"https:\/\/evertonfc.cz\/?s={search_term_string}\"},\"query-input\":{\"@type\":\"PropertyValueSpecification\",\"valueRequired\":true,\"valueName\":\"search_term_string\"}}],\"inLanguage\":\"cs\"},{\"@type\":\"Organization\",\"@id\":\"https:\/\/evertonfc.cz\/#organization\",\"name\":\"Official Czech & Slovak Everton Supporters' Club\",\"url\":\"https:\/\/evertonfc.cz\/\",\"logo\":{\"@type\":\"ImageObject\",\"inLanguage\":\"cs\",\"@id\":\"https:\/\/evertonfc.cz\/#\/schema\/logo\/image\/\",\"url\":\"https:\/\/evertonfc.cz\/wp-content\/uploads\/2019\/05\/logo.png\",\"contentUrl\":\"https:\/\/evertonfc.cz\/wp-content\/uploads\/2019\/05\/logo.png\",\"width\":112,\"height\":112,\"caption\":\"Official Czech & Slovak Everton Supporters' Club\"},\"image\":{\"@id\":\"https:\/\/evertonfc.cz\/#\/schema\/logo\/image\/\"},\"sameAs\":[\"https:\/\/www.facebook.com\/everton.fans.cz.sk\"]},{\"@type\":\"Person\",\"@id\":\"https:\/\/evertonfc.cz\/#\/schema\/person\/cd6328a75577de2add7793fd4b0930c3\",\"name\":\"Me\u0148a\",\"url\":\"https:\/\/evertonfc.cz\/index.php\/author\/mena\/\"}]}<\/script>\n<!-- \/ Yoast SEO plugin. -->","yoast_head_json":{"title":"Hibbert a Osman prodlou\u017eili - Official Czech &amp; Slovak Everton Supporters&#039; Club","robots":{"index":"index","follow":"follow","max-snippet":"max-snippet:-1","max-image-preview":"max-image-preview:large","max-video-preview":"max-video-preview:-1"},"canonical":"https:\/\/evertonfc.cz\/index.php\/2010\/10\/22\/hibbert-a-osman-prodlouzili\/","og_locale":"cs_CZ","og_type":"article","og_title":"Hibbert a Osman prodlou\u017eili - Official Czech &amp; Slovak Everton Supporters&#039; Club","og_description":"Jedni ze dvou slu\u017eebn\u011b nejstar\u0161\u00edch Evertonians Tony Hibbert a Leon Osman spojili svoji klubovou budoucnost v nadch\u00e1zej\u00edc\u00edch letech podpisem nov\u00fdch&hellip;","og_url":"https:\/\/evertonfc.cz\/index.php\/2010\/10\/22\/hibbert-a-osman-prodlouzili\/","og_site_name":"Official Czech &amp; Slovak Everton Supporters&#039; Club","article_publisher":"https:\/\/www.facebook.com\/everton.fans.cz.sk","article_published_time":"2010-10-22T19:45:21+00:00","article_modified_time":"2019-02-10T20:47:52+00:00","og_image":[{"width":720,"height":405,"url":"https:\/\/evertonfc.cz\/wp-content\/uploads\/2019\/01\/news.jpg","type":"image\/jpeg"}],"author":"Me\u0148a","twitter_card":"summary_large_image","twitter_misc":{"Napsal(a)":"Me\u0148a","Odhadovan\u00e1 doba \u010dten\u00ed":"2 minuty"},"schema":{"@context":"https:\/\/schema.org","@graph":[{"@type":"Article","@id":"https:\/\/evertonfc.cz\/index.php\/2010\/10\/22\/hibbert-a-osman-prodlouzili\/#article","isPartOf":{"@id":"https:\/\/evertonfc.cz\/index.php\/2010\/10\/22\/hibbert-a-osman-prodlouzili\/"},"author":{"name":"Me\u0148a","@id":"https:\/\/evertonfc.cz\/#\/schema\/person\/cd6328a75577de2add7793fd4b0930c3"},"headline":"Hibbert a Osman prodlou\u017eili","datePublished":"2010-10-22T19:45:21+00:00","dateModified":"2019-02-10T20:47:52+00:00","mainEntityOfPage":{"@id":"https:\/\/evertonfc.cz\/index.php\/2010\/10\/22\/hibbert-a-osman-prodlouzili\/"},"wordCount":346,"commentCount":0,"publisher":{"@id":"https:\/\/evertonfc.cz\/#organization"},"image":{"@id":"https:\/\/evertonfc.cz\/index.php\/2010\/10\/22\/hibbert-a-osman-prodlouzili\/#primaryimage"},"thumbnailUrl":"https:\/\/evertonfc.cz\/wp-content\/uploads\/2019\/01\/news.jpg","articleSection":["Aktuality"],"inLanguage":"cs","potentialAction":[{"@type":"CommentAction","name":"Comment","target":["https:\/\/evertonfc.cz\/index.php\/2010\/10\/22\/hibbert-a-osman-prodlouzili\/#respond"]}]},{"@type":"WebPage","@id":"https:\/\/evertonfc.cz\/index.php\/2010\/10\/22\/hibbert-a-osman-prodlouzili\/","url":"https:\/\/evertonfc.cz\/index.php\/2010\/10\/22\/hibbert-a-osman-prodlouzili\/","name":"Hibbert a Osman prodlou\u017eili - Official Czech &amp; Slovak Everton Supporters&#039; Club","isPartOf":{"@id":"https:\/\/evertonfc.cz\/#website"},"primaryImageOfPage":{"@id":"https:\/\/evertonfc.cz\/index.php\/2010\/10\/22\/hibbert-a-osman-prodlouzili\/#primaryimage"},"image":{"@id":"https:\/\/evertonfc.cz\/index.php\/2010\/10\/22\/hibbert-a-osman-prodlouzili\/#primaryimage"},"thumbnailUrl":"https:\/\/evertonfc.cz\/wp-content\/uploads\/2019\/01\/news.jpg","datePublished":"2010-10-22T19:45:21+00:00","dateModified":"2019-02-10T20:47:52+00:00","breadcrumb":{"@id":"https:\/\/evertonfc.cz\/index.php\/2010\/10\/22\/hibbert-a-osman-prodlouzili\/#breadcrumb"},"inLanguage":"cs","potentialAction":[{"@type":"ReadAction","target":["https:\/\/evertonfc.cz\/index.php\/2010\/10\/22\/hibbert-a-osman-prodlouzili\/"]}]},{"@type":"ImageObject","inLanguage":"cs","@id":"https:\/\/evertonfc.cz\/index.php\/2010\/10\/22\/hibbert-a-osman-prodlouzili\/#primaryimage","url":"https:\/\/evertonfc.cz\/wp-content\/uploads\/2019\/01\/news.jpg","contentUrl":"https:\/\/evertonfc.cz\/wp-content\/uploads\/2019\/01\/news.jpg","width":720,"height":405},{"@type":"BreadcrumbList","@id":"https:\/\/evertonfc.cz\/index.php\/2010\/10\/22\/hibbert-a-osman-prodlouzili\/#breadcrumb","itemListElement":[{"@type":"ListItem","position":1,"name":"Home","item":"https:\/\/evertonfc.cz\/"},{"@type":"ListItem","position":2,"name":"Hibbert a Osman prodlou\u017eili"}]},{"@type":"WebSite","@id":"https:\/\/evertonfc.cz\/#website","url":"https:\/\/evertonfc.cz\/","name":"Official Czech &amp; Slovak Everton Supporters&#039; Club","description":"","publisher":{"@id":"https:\/\/evertonfc.cz\/#organization"},"potentialAction":[{"@type":"SearchAction","target":{"@type":"EntryPoint","urlTemplate":"https:\/\/evertonfc.cz\/?s={search_term_string}"},"query-input":{"@type":"PropertyValueSpecification","valueRequired":true,"valueName":"search_term_string"}}],"inLanguage":"cs"},{"@type":"Organization","@id":"https:\/\/evertonfc.cz\/#organization","name":"Official Czech & Slovak Everton Supporters' Club","url":"https:\/\/evertonfc.cz\/","logo":{"@type":"ImageObject","inLanguage":"cs","@id":"https:\/\/evertonfc.cz\/#\/schema\/logo\/image\/","url":"https:\/\/evertonfc.cz\/wp-content\/uploads\/2019\/05\/logo.png","contentUrl":"https:\/\/evertonfc.cz\/wp-content\/uploads\/2019\/05\/logo.png","width":112,"height":112,"caption":"Official Czech & Slovak Everton Supporters' Club"},"image":{"@id":"https:\/\/evertonfc.cz\/#\/schema\/logo\/image\/"},"sameAs":["https:\/\/www.facebook.com\/everton.fans.cz.sk"]},{"@type":"Person","@id":"https:\/\/evertonfc.cz\/#\/schema\/person\/cd6328a75577de2add7793fd4b0930c3","name":"Me\u0148a","url":"https:\/\/evertonfc.cz\/index.php\/author\/mena\/"}]}},"_links":{"self":[{"href":"https:\/\/evertonfc.cz\/index.php\/wp-json\/wp\/v2\/posts\/3293"}],"collection":[{"href":"https:\/\/evertonfc.cz\/index.php\/wp-json\/wp\/v2\/posts"}],"about":[{"href":"https:\/\/evertonfc.cz\/index.php\/wp-json\/wp\/v2\/types\/post"}],"author":[{"embeddable":true,"href":"https:\/\/evertonfc.cz\/index.php\/wp-json\/wp\/v2\/users\/7"}],"replies":[{"embeddable":true,"href":"https:\/\/evertonfc.cz\/index.php\/wp-json\/wp\/v2\/comments?post=3293"}],"version-history":[{"count":1,"href":"https:\/\/evertonfc.cz\/index.php\/wp-json\/wp\/v2\/posts\/3293\/revisions"}],"predecessor-version":[{"id":3294,"href":"https:\/\/evertonfc.cz\/index.php\/wp-json\/wp\/v2\/posts\/3293\/revisions\/3294"}],"wp:featuredmedia":[{"embeddable":true,"href":"https:\/\/evertonfc.cz\/index.php\/wp-json\/wp\/v2\/media\/1313"}],"wp:attachment":[{"href":"https:\/\/evertonfc.cz\/index.php\/wp-json\/wp\/v2\/media?parent=3293"}],"wp:term":[{"taxonomy":"category","embeddable":true,"href":"https:\/\/evertonfc.cz\/index.php\/wp-json\/wp\/v2\/categories?post=3293"},{"taxonomy":"post_tag","embeddable":true,"href":"https:\/\/evertonfc.cz\/index.php\/wp-json\/wp\/v2\/tags?post=3293"}],"curies":[{"name":"wp","href":"https:\/\/api.w.org\/{rel}","templated":true}]}}