{"id":3307,"date":"2010-10-26T22:05:18","date_gmt":"2010-10-26T20:05:18","guid":{"rendered":"http:\/\/evertonfc.cz\/?p=3307"},"modified":"2019-02-10T22:13:29","modified_gmt":"2019-02-10T21:13:29","slug":"jags-musime-rotovat","status":"publish","type":"post","link":"https:\/\/evertonfc.cz\/index.php\/2010\/10\/26\/jags-musime-rotovat\/","title":{"rendered":"Jags: Mus\u00edme rotovat"},"content":{"rendered":"<h4>Syst\u00e9m rotace hr\u00e1\u010d\u016f m\u016f\u017ee b\u00fdt odpov\u011bd\u00ed, jak je\u0161t\u011b v\u00edce zv\u00fd\u0161it efektivitu v\u00fdkonnosti mu\u017estva. Trvd\u00ed to Phil Jagielka, Everton by pr\u00fd m\u011bl zm\u00edn\u011bnou variantu vykou\u0161et.<\/h4>\n<p>Posledn\u00ed v\u00fdsledky znovu o\u017eivily t\u00fdmov\u00e9 ambice sm\u011b\u0159uj\u00edc\u00ed k evropsk\u00fdm poh\u00e1r\u016fm. \u010cerstv\u011b z\u00edskanou formu podle stopera ale je\u0161t\u011b m\u016f\u017ee zv\u00fdhodnit rotace hr\u00e1\u010d\u016f, kterou David Moyes nepraktikuje. Jagielka v\u0161ak tvrd\u00ed, \u017ee Everton by si mohl vz\u00edt p\u0159\u00edklad z Tottenhamu, kter\u00fd jeho vyv\u00e1\u017een\u00fd t\u00fdm dovedl a\u017e do Champions League.<\/p>\n<p>Moment\u00e1ln\u011b sice rotace d\u00edky pom\u011brn\u011b po\u010detn\u00e9 marodce nem\u016f\u017ee p\u0159ipadat v \u00favahu, nicm\u00e9n\u011b v dohledn\u00e9m \u010dasov\u00e9m \u00faseku by se podle Jagse m\u011bl David Moyes syst\u00e9mu za\u010d\u00edt v\u011bnovat, p\u0159esto\u017ee p\u0159ivyknut\u00ed mu\u017estva nemus\u00ed j\u00edt hladce.<\/p>\n<p><em>\u201eJde o rozd\u00edln\u00fd typ a rozd\u00edlnou schopnost. V\u011bt\u0161ina hr\u00e1\u010d\u016f je zvykl\u00e1 nastupovat t\u00fdden co t\u00fdden, a je hodn\u011b rozd\u00edln\u00e9, kdy\u017e je tomu naopak. P\u0159ej\u00edt k rotaci a uchovat si, pop\u0159\u00edpad\u011b v\u00fdsledky zlep\u0161it, je dovednost,\u201c\u00a0<\/em>uv\u011bdomuje si.\u00a0<em>\u201ePr\u00e1v\u011b tohle ale top hr\u00e1\u010di ovl\u00e1daj\u00ed. Nemusej\u00ed nastoupit t\u0159eba t\u0159i t\u00fddny, nebo v jednom z\u00e1pase hr\u00e1t a ve druh\u00e9m zase ne. Nen\u00ed to jen o p\u0159epnut\u00ed po psychick\u00e9 str\u00e1nce, ale tak\u00e9 o fyzick\u00e9.<\/em><\/p>\n<p><em>Po\u017eadavky Premier League jsou skute\u010dn\u011b vysok\u00e9, obzvl\u00e1\u0161t\u011b kdy\u017e pravideln\u011b nehrajete a nez\u00edsk\u00e1te rozehranost. Pokud m\u00e1te \u0161irok\u00e9 mu\u017estvo kter\u00e9 rotuje, na hr\u00e1\u010de je vyv\u00edjen dal\u0161\u00ed nov\u00fd tlak. Je to naprosto rozd\u00edln\u00e9, ale s pln\u011b zdrav\u00fdm k\u00e1drem a mo\u017en\u00e1 p\u0159\u00edchodem n\u011bkolika nov\u00fdch tv\u00e1\u0159\u00edch, se na tuhle \u00farove\u0148 m\u016f\u017eeme dostat.\u201c<\/em><\/p>\n<p>Zdrav\u00e9 mu\u017estvo je ale zat\u00edm hudbou budoucnosti. Krize postihla zejm\u00e9na z\u00e1lo\u017en\u00ed \u0159adu, ze kter\u00e9 pob\u00fdv\u00e1 na marodce hned \u010dtve\u0159ice hr\u00e1\u010d\u016f, p\u0159i\u010dem\u017e Mikelu Artetovi ji\u017e na\u0161t\u011bst\u00ed nic nebr\u00e1n\u00ed v sobotn\u00edm startu proti Stoke City. I p\u0159es ztr\u00e1ty v\u0161ak Blues v posledn\u00edm z\u00e1pase vybojovali na White Hart Lane cen\u011bn\u00fd bod, ke kter\u00e9mu spolehliv\u00fdm v\u00fdkonem pomohl i Jagielka. Podle n\u011bj je tak uklid\u0148uj\u00edc\u00ed, \u017ee t\u00fdm dok\u00e1\u017ee sb\u00edrat body i v oslaben\u00e9m slo\u017een\u00ed.<\/p>\n<p><em>\u201eMoment\u00e1ln\u011b m\u00e1me dost zran\u011bn\u00ed, mu\u017estvo je u\u017e\u0161\u00ed, ne\u017e bychom si p\u0159\u00e1li, ale po\u0159\u00e1d jsme schopni poskl\u00e1dat dobr\u00fd t\u00fdm. Zran\u011bn\u00ed mi ned\u011blaj\u00ed p\u0159\u00edli\u0161 starost\u00ed. Ztratili jsem p\u00e1r kluk\u016f na \u010dty\u0159i a\u017e \u0161est t\u00fddn\u016f, zat\u00edmco loni \u0161lo o zran\u011bn\u00ed v \u0159\u00e1dech n\u011bkolika m\u011bs\u00edc\u016f,\u201c<\/em>\u00a0p\u0159ipom\u00edn\u00e1 obr\u00e1nce lo\u0148skou katastrof\u00e1ln\u00ed sm\u016flu.\u00a0<em>\u201eJe \u0161koda ztratit Rosse na tak dlouhou dobu, ale vrac\u00ed se n\u00e1m Victor, Jack a Mikel. Tentokr\u00e1t to nen\u00ed o tom, \u017ee m\u00e1me na lavi\u010dce jen mlad\u00edky. Nen\u00ed to tak skli\u010duj\u00edc\u00ed. M\u00e1me skv\u011blou partu, kter\u00e1 dr\u017e\u00ed p\u0159i sob\u011b.<\/em><\/p>\n<p><em>Proti Spurs jsme mo\u017en\u00e1 m\u011bli veden\u00ed udr\u017eet d\u00e9le, ale st\u00e1le je to bod ze h\u0159i\u0161t\u011b t\u00fdmu, kter\u00fd hraje Champions League. Pokud srovn\u00e1te oba t\u00fdmy, ten jejich bude o milion kilometr\u016f d\u00e1l, co se t\u00fd\u010de ceny, ale kvalitou jsou u sebe.\u201c<\/em><\/p>\n","protected":false},"excerpt":{"rendered":"<p>Syst\u00e9m rotace hr\u00e1\u010d\u016f m\u016f\u017ee b\u00fdt odpov\u011bd\u00ed, jak je\u0161t\u011b v\u00edce zv\u00fd\u0161it efektivitu v\u00fdkonnosti mu\u017estva. Trvd\u00ed to Phil Jagielka, Everton by pr\u00fd&hellip;<\/p>\n","protected":false},"author":7,"featured_media":1312,"comment_status":"open","ping_status":"closed","sticky":false,"template":"","format":"standard","meta":{"_eb_attr":"","_monsterinsights_skip_tracking":false,"_monsterinsights_sitenote_active":false,"_monsterinsights_sitenote_note":"","_monsterinsights_sitenote_category":0,"footnotes":""},"categories":[1],"tags":[],"yoast_head":"<!-- This site is optimized with the Yoast SEO plugin v23.4 - https:\/\/yoast.com\/wordpress\/plugins\/seo\/ -->\n<title>Jags: Mus\u00edme rotovat - Official Czech &amp; Slovak Everton Supporters&#039; Club<\/title>\n<meta name=\"robots\" content=\"index, follow, max-snippet:-1, max-image-preview:large, max-video-preview:-1\" \/>\n<link rel=\"canonical\" href=\"https:\/\/evertonfc.cz\/index.php\/2010\/10\/26\/jags-musime-rotovat\/\" \/>\n<meta property=\"og:locale\" content=\"cs_CZ\" \/>\n<meta property=\"og:type\" content=\"article\" \/>\n<meta property=\"og:title\" content=\"Jags: Mus\u00edme rotovat - Official Czech &amp; Slovak Everton Supporters&#039; Club\" \/>\n<meta property=\"og:description\" content=\"Syst\u00e9m rotace hr\u00e1\u010d\u016f m\u016f\u017ee b\u00fdt odpov\u011bd\u00ed, jak je\u0161t\u011b v\u00edce zv\u00fd\u0161it efektivitu v\u00fdkonnosti mu\u017estva. Trvd\u00ed to Phil Jagielka, Everton by pr\u00fd&hellip;\" \/>\n<meta property=\"og:url\" content=\"https:\/\/evertonfc.cz\/index.php\/2010\/10\/26\/jags-musime-rotovat\/\" \/>\n<meta property=\"og:site_name\" content=\"Official Czech &amp; Slovak Everton Supporters&#039; Club\" \/>\n<meta property=\"article:publisher\" content=\"https:\/\/www.facebook.com\/everton.fans.cz.sk\" \/>\n<meta property=\"article:published_time\" content=\"2010-10-26T20:05:18+00:00\" \/>\n<meta property=\"article:modified_time\" content=\"2019-02-10T21:13:29+00:00\" \/>\n<meta property=\"og:image\" content=\"https:\/\/evertonfc.cz\/wp-content\/uploads\/2019\/01\/interview.jpg\" \/>\n\t<meta property=\"og:image:width\" content=\"720\" \/>\n\t<meta property=\"og:image:height\" content=\"405\" \/>\n\t<meta property=\"og:image:type\" content=\"image\/jpeg\" \/>\n<meta name=\"author\" content=\"Me\u0148a\" \/>\n<meta name=\"twitter:card\" content=\"summary_large_image\" \/>\n<meta name=\"twitter:label1\" content=\"Napsal(a)\" \/>\n\t<meta name=\"twitter:data1\" content=\"Me\u0148a\" \/>\n\t<meta name=\"twitter:label2\" content=\"Odhadovan\u00e1 doba \u010dten\u00ed\" \/>\n\t<meta name=\"twitter:data2\" content=\"3 minuty\" \/>\n<script type=\"application\/ld+json\" class=\"yoast-schema-graph\">{\"@context\":\"https:\/\/schema.org\",\"@graph\":[{\"@type\":\"Article\",\"@id\":\"https:\/\/evertonfc.cz\/index.php\/2010\/10\/26\/jags-musime-rotovat\/#article\",\"isPartOf\":{\"@id\":\"https:\/\/evertonfc.cz\/index.php\/2010\/10\/26\/jags-musime-rotovat\/\"},\"author\":{\"name\":\"Me\u0148a\",\"@id\":\"https:\/\/evertonfc.cz\/#\/schema\/person\/cd6328a75577de2add7793fd4b0930c3\"},\"headline\":\"Jags: Mus\u00edme rotovat\",\"datePublished\":\"2010-10-26T20:05:18+00:00\",\"dateModified\":\"2019-02-10T21:13:29+00:00\",\"mainEntityOfPage\":{\"@id\":\"https:\/\/evertonfc.cz\/index.php\/2010\/10\/26\/jags-musime-rotovat\/\"},\"wordCount\":582,\"commentCount\":0,\"publisher\":{\"@id\":\"https:\/\/evertonfc.cz\/#organization\"},\"image\":{\"@id\":\"https:\/\/evertonfc.cz\/index.php\/2010\/10\/26\/jags-musime-rotovat\/#primaryimage\"},\"thumbnailUrl\":\"https:\/\/evertonfc.cz\/wp-content\/uploads\/2019\/01\/interview.jpg\",\"articleSection\":[\"Rozhovory\"],\"inLanguage\":\"cs\",\"potentialAction\":[{\"@type\":\"CommentAction\",\"name\":\"Comment\",\"target\":[\"https:\/\/evertonfc.cz\/index.php\/2010\/10\/26\/jags-musime-rotovat\/#respond\"]}]},{\"@type\":\"WebPage\",\"@id\":\"https:\/\/evertonfc.cz\/index.php\/2010\/10\/26\/jags-musime-rotovat\/\",\"url\":\"https:\/\/evertonfc.cz\/index.php\/2010\/10\/26\/jags-musime-rotovat\/\",\"name\":\"Jags: Mus\u00edme rotovat - Official Czech &amp; Slovak Everton Supporters&#039; Club\",\"isPartOf\":{\"@id\":\"https:\/\/evertonfc.cz\/#website\"},\"primaryImageOfPage\":{\"@id\":\"https:\/\/evertonfc.cz\/index.php\/2010\/10\/26\/jags-musime-rotovat\/#primaryimage\"},\"image\":{\"@id\":\"https:\/\/evertonfc.cz\/index.php\/2010\/10\/26\/jags-musime-rotovat\/#primaryimage\"},\"thumbnailUrl\":\"https:\/\/evertonfc.cz\/wp-content\/uploads\/2019\/01\/interview.jpg\",\"datePublished\":\"2010-10-26T20:05:18+00:00\",\"dateModified\":\"2019-02-10T21:13:29+00:00\",\"breadcrumb\":{\"@id\":\"https:\/\/evertonfc.cz\/index.php\/2010\/10\/26\/jags-musime-rotovat\/#breadcrumb\"},\"inLanguage\":\"cs\",\"potentialAction\":[{\"@type\":\"ReadAction\",\"target\":[\"https:\/\/evertonfc.cz\/index.php\/2010\/10\/26\/jags-musime-rotovat\/\"]}]},{\"@type\":\"ImageObject\",\"inLanguage\":\"cs\",\"@id\":\"https:\/\/evertonfc.cz\/index.php\/2010\/10\/26\/jags-musime-rotovat\/#primaryimage\",\"url\":\"https:\/\/evertonfc.cz\/wp-content\/uploads\/2019\/01\/interview.jpg\",\"contentUrl\":\"https:\/\/evertonfc.cz\/wp-content\/uploads\/2019\/01\/interview.jpg\",\"width\":720,\"height\":405},{\"@type\":\"BreadcrumbList\",\"@id\":\"https:\/\/evertonfc.cz\/index.php\/2010\/10\/26\/jags-musime-rotovat\/#breadcrumb\",\"itemListElement\":[{\"@type\":\"ListItem\",\"position\":1,\"name\":\"Home\",\"item\":\"https:\/\/evertonfc.cz\/\"},{\"@type\":\"ListItem\",\"position\":2,\"name\":\"Jags: Mus\u00edme rotovat\"}]},{\"@type\":\"WebSite\",\"@id\":\"https:\/\/evertonfc.cz\/#website\",\"url\":\"https:\/\/evertonfc.cz\/\",\"name\":\"Official Czech &amp; Slovak Everton Supporters&#039; Club\",\"description\":\"\",\"publisher\":{\"@id\":\"https:\/\/evertonfc.cz\/#organization\"},\"potentialAction\":[{\"@type\":\"SearchAction\",\"target\":{\"@type\":\"EntryPoint\",\"urlTemplate\":\"https:\/\/evertonfc.cz\/?s={search_term_string}\"},\"query-input\":{\"@type\":\"PropertyValueSpecification\",\"valueRequired\":true,\"valueName\":\"search_term_string\"}}],\"inLanguage\":\"cs\"},{\"@type\":\"Organization\",\"@id\":\"https:\/\/evertonfc.cz\/#organization\",\"name\":\"Official Czech & Slovak Everton Supporters' Club\",\"url\":\"https:\/\/evertonfc.cz\/\",\"logo\":{\"@type\":\"ImageObject\",\"inLanguage\":\"cs\",\"@id\":\"https:\/\/evertonfc.cz\/#\/schema\/logo\/image\/\",\"url\":\"https:\/\/evertonfc.cz\/wp-content\/uploads\/2019\/05\/logo.png\",\"contentUrl\":\"https:\/\/evertonfc.cz\/wp-content\/uploads\/2019\/05\/logo.png\",\"width\":112,\"height\":112,\"caption\":\"Official Czech & Slovak Everton Supporters' Club\"},\"image\":{\"@id\":\"https:\/\/evertonfc.cz\/#\/schema\/logo\/image\/\"},\"sameAs\":[\"https:\/\/www.facebook.com\/everton.fans.cz.sk\"]},{\"@type\":\"Person\",\"@id\":\"https:\/\/evertonfc.cz\/#\/schema\/person\/cd6328a75577de2add7793fd4b0930c3\",\"name\":\"Me\u0148a\",\"url\":\"https:\/\/evertonfc.cz\/index.php\/author\/mena\/\"}]}<\/script>\n<!-- \/ Yoast SEO plugin. -->","yoast_head_json":{"title":"Jags: Mus\u00edme rotovat - Official Czech &amp; Slovak Everton Supporters&#039; Club","robots":{"index":"index","follow":"follow","max-snippet":"max-snippet:-1","max-image-preview":"max-image-preview:large","max-video-preview":"max-video-preview:-1"},"canonical":"https:\/\/evertonfc.cz\/index.php\/2010\/10\/26\/jags-musime-rotovat\/","og_locale":"cs_CZ","og_type":"article","og_title":"Jags: Mus\u00edme rotovat - Official Czech &amp; Slovak Everton Supporters&#039; Club","og_description":"Syst\u00e9m rotace hr\u00e1\u010d\u016f m\u016f\u017ee b\u00fdt odpov\u011bd\u00ed, jak je\u0161t\u011b v\u00edce zv\u00fd\u0161it efektivitu v\u00fdkonnosti mu\u017estva. Trvd\u00ed to Phil Jagielka, Everton by pr\u00fd&hellip;","og_url":"https:\/\/evertonfc.cz\/index.php\/2010\/10\/26\/jags-musime-rotovat\/","og_site_name":"Official Czech &amp; Slovak Everton Supporters&#039; Club","article_publisher":"https:\/\/www.facebook.com\/everton.fans.cz.sk","article_published_time":"2010-10-26T20:05:18+00:00","article_modified_time":"2019-02-10T21:13:29+00:00","og_image":[{"width":720,"height":405,"url":"https:\/\/evertonfc.cz\/wp-content\/uploads\/2019\/01\/interview.jpg","type":"image\/jpeg"}],"author":"Me\u0148a","twitter_card":"summary_large_image","twitter_misc":{"Napsal(a)":"Me\u0148a","Odhadovan\u00e1 doba \u010dten\u00ed":"3 minuty"},"schema":{"@context":"https:\/\/schema.org","@graph":[{"@type":"Article","@id":"https:\/\/evertonfc.cz\/index.php\/2010\/10\/26\/jags-musime-rotovat\/#article","isPartOf":{"@id":"https:\/\/evertonfc.cz\/index.php\/2010\/10\/26\/jags-musime-rotovat\/"},"author":{"name":"Me\u0148a","@id":"https:\/\/evertonfc.cz\/#\/schema\/person\/cd6328a75577de2add7793fd4b0930c3"},"headline":"Jags: Mus\u00edme rotovat","datePublished":"2010-10-26T20:05:18+00:00","dateModified":"2019-02-10T21:13:29+00:00","mainEntityOfPage":{"@id":"https:\/\/evertonfc.cz\/index.php\/2010\/10\/26\/jags-musime-rotovat\/"},"wordCount":582,"commentCount":0,"publisher":{"@id":"https:\/\/evertonfc.cz\/#organization"},"image":{"@id":"https:\/\/evertonfc.cz\/index.php\/2010\/10\/26\/jags-musime-rotovat\/#primaryimage"},"thumbnailUrl":"https:\/\/evertonfc.cz\/wp-content\/uploads\/2019\/01\/interview.jpg","articleSection":["Rozhovory"],"inLanguage":"cs","potentialAction":[{"@type":"CommentAction","name":"Comment","target":["https:\/\/evertonfc.cz\/index.php\/2010\/10\/26\/jags-musime-rotovat\/#respond"]}]},{"@type":"WebPage","@id":"https:\/\/evertonfc.cz\/index.php\/2010\/10\/26\/jags-musime-rotovat\/","url":"https:\/\/evertonfc.cz\/index.php\/2010\/10\/26\/jags-musime-rotovat\/","name":"Jags: Mus\u00edme rotovat - Official Czech &amp; Slovak Everton Supporters&#039; Club","isPartOf":{"@id":"https:\/\/evertonfc.cz\/#website"},"primaryImageOfPage":{"@id":"https:\/\/evertonfc.cz\/index.php\/2010\/10\/26\/jags-musime-rotovat\/#primaryimage"},"image":{"@id":"https:\/\/evertonfc.cz\/index.php\/2010\/10\/26\/jags-musime-rotovat\/#primaryimage"},"thumbnailUrl":"https:\/\/evertonfc.cz\/wp-content\/uploads\/2019\/01\/interview.jpg","datePublished":"2010-10-26T20:05:18+00:00","dateModified":"2019-02-10T21:13:29+00:00","breadcrumb":{"@id":"https:\/\/evertonfc.cz\/index.php\/2010\/10\/26\/jags-musime-rotovat\/#breadcrumb"},"inLanguage":"cs","potentialAction":[{"@type":"ReadAction","target":["https:\/\/evertonfc.cz\/index.php\/2010\/10\/26\/jags-musime-rotovat\/"]}]},{"@type":"ImageObject","inLanguage":"cs","@id":"https:\/\/evertonfc.cz\/index.php\/2010\/10\/26\/jags-musime-rotovat\/#primaryimage","url":"https:\/\/evertonfc.cz\/wp-content\/uploads\/2019\/01\/interview.jpg","contentUrl":"https:\/\/evertonfc.cz\/wp-content\/uploads\/2019\/01\/interview.jpg","width":720,"height":405},{"@type":"BreadcrumbList","@id":"https:\/\/evertonfc.cz\/index.php\/2010\/10\/26\/jags-musime-rotovat\/#breadcrumb","itemListElement":[{"@type":"ListItem","position":1,"name":"Home","item":"https:\/\/evertonfc.cz\/"},{"@type":"ListItem","position":2,"name":"Jags: Mus\u00edme rotovat"}]},{"@type":"WebSite","@id":"https:\/\/evertonfc.cz\/#website","url":"https:\/\/evertonfc.cz\/","name":"Official Czech &amp; Slovak Everton Supporters&#039; Club","description":"","publisher":{"@id":"https:\/\/evertonfc.cz\/#organization"},"potentialAction":[{"@type":"SearchAction","target":{"@type":"EntryPoint","urlTemplate":"https:\/\/evertonfc.cz\/?s={search_term_string}"},"query-input":{"@type":"PropertyValueSpecification","valueRequired":true,"valueName":"search_term_string"}}],"inLanguage":"cs"},{"@type":"Organization","@id":"https:\/\/evertonfc.cz\/#organization","name":"Official Czech & Slovak Everton Supporters' Club","url":"https:\/\/evertonfc.cz\/","logo":{"@type":"ImageObject","inLanguage":"cs","@id":"https:\/\/evertonfc.cz\/#\/schema\/logo\/image\/","url":"https:\/\/evertonfc.cz\/wp-content\/uploads\/2019\/05\/logo.png","contentUrl":"https:\/\/evertonfc.cz\/wp-content\/uploads\/2019\/05\/logo.png","width":112,"height":112,"caption":"Official Czech & Slovak Everton Supporters' Club"},"image":{"@id":"https:\/\/evertonfc.cz\/#\/schema\/logo\/image\/"},"sameAs":["https:\/\/www.facebook.com\/everton.fans.cz.sk"]},{"@type":"Person","@id":"https:\/\/evertonfc.cz\/#\/schema\/person\/cd6328a75577de2add7793fd4b0930c3","name":"Me\u0148a","url":"https:\/\/evertonfc.cz\/index.php\/author\/mena\/"}]}},"_links":{"self":[{"href":"https:\/\/evertonfc.cz\/index.php\/wp-json\/wp\/v2\/posts\/3307"}],"collection":[{"href":"https:\/\/evertonfc.cz\/index.php\/wp-json\/wp\/v2\/posts"}],"about":[{"href":"https:\/\/evertonfc.cz\/index.php\/wp-json\/wp\/v2\/types\/post"}],"author":[{"embeddable":true,"href":"https:\/\/evertonfc.cz\/index.php\/wp-json\/wp\/v2\/users\/7"}],"replies":[{"embeddable":true,"href":"https:\/\/evertonfc.cz\/index.php\/wp-json\/wp\/v2\/comments?post=3307"}],"version-history":[{"count":1,"href":"https:\/\/evertonfc.cz\/index.php\/wp-json\/wp\/v2\/posts\/3307\/revisions"}],"predecessor-version":[{"id":3308,"href":"https:\/\/evertonfc.cz\/index.php\/wp-json\/wp\/v2\/posts\/3307\/revisions\/3308"}],"wp:featuredmedia":[{"embeddable":true,"href":"https:\/\/evertonfc.cz\/index.php\/wp-json\/wp\/v2\/media\/1312"}],"wp:attachment":[{"href":"https:\/\/evertonfc.cz\/index.php\/wp-json\/wp\/v2\/media?parent=3307"}],"wp:term":[{"taxonomy":"category","embeddable":true,"href":"https:\/\/evertonfc.cz\/index.php\/wp-json\/wp\/v2\/categories?post=3307"},{"taxonomy":"post_tag","embeddable":true,"href":"https:\/\/evertonfc.cz\/index.php\/wp-json\/wp\/v2\/tags?post=3307"}],"curies":[{"name":"wp","href":"https:\/\/api.w.org\/{rel}","templated":true}]}}