{"id":3309,"date":"2010-10-27T22:13:54","date_gmt":"2010-10-27T20:13:54","guid":{"rendered":"http:\/\/evertonfc.cz\/?p=3309"},"modified":"2019-02-10T22:16:49","modified_gmt":"2019-02-10T21:16:49","slug":"sharpy-o-svem-angazma-v-evertonu","status":"publish","type":"post","link":"https:\/\/evertonfc.cz\/index.php\/2010\/10\/27\/sharpy-o-svem-angazma-v-evertonu\/","title":{"rendered":"Sharpy o sv\u00e9m anga\u017em\u00e1 v Evertonu"},"content":{"rendered":"<h4>Mil\u00e1\u010dek fanou\u0161k\u016f a hv\u011bzda Toffees z osmdes\u00e1t\u00fdch let, Graeme Sharp, se rozpov\u00eddal o sv\u00fdch jeden\u00e1cti letech str\u00e1ven\u00fdch na Goodison Parku.<\/h4>\n<p>Kdy\u017e se pod\u00edvate na tabulku nejlep\u0161\u00edch st\u0159elc\u016f v historii Evertonu, uvid\u00edte na prvn\u00edm m\u00edst\u011b legend\u00e1rn\u00edho Dixieho Deana s 383 brankami. Na druh\u00e9m m\u00edst\u011b pot\u00e9 spat\u0159\u00edte dal\u0161\u00edho vynikaj\u00edc\u00edho \u00fato\u010dn\u00edka &#8211; Graema Sharpa. Mu\u017ee, kter\u00fd t\u00e1hnul Toffees v osmdes\u00e1t\u00fdch letech minul\u00e9ho stolet\u00ed za nejv\u011bt\u0161\u00edmi \u00fasp\u011bchy v klubov\u00fdch d\u011bjin\u00e1ch. Sharp vst\u0159elil za EFC b\u011bhem jeden\u00e1cti let \u00factyhodn\u00fdch 159 branek<\/p>\n<p><em>\u201eB\u00fdt druh\u00fd hned za Dixie Deanem pro m\u011b znamen\u00e1 n\u011bco fantastick\u00e9ho, opravdu je to pro m\u011b \u010dest. Jak\u00fd ohromn\u00e9ho po\u010dinu jsem dok\u00e1zal, jsem si ov\u0161em za\u010dal uv\u011bdomovat, a\u017e kdy\u017e jsem z klubu ode\u0161el. J\u00e1 toti\u017e v\u017edy rad\u011bji mysl\u00edm na t\u00fdm a na jeho \u00fasp\u011bchy ne\u017e na moje vst\u0159elen\u00e9 g\u00f3ly,\u201c<\/em>\u00a0prozradil na \u00favodu rozhovoru Sharp.<\/p>\n<p>Sharpy p\u016fsobil v Evertonu pod dal\u0161\u00edm velik\u00e1nem, Howardem Kendallem, s n\u00edm\u017e si podle vlastn\u00edch velmi dob\u0159e rozum\u011bl. Nen\u00ed se ani \u010demu divit, v\u017edy\u0165 Sharpovy branky pomohly Evertonu k zisku dvou ligov\u00fdch titul\u016f, prvenstv\u00ed v FA Cupu a v Evropsk\u00e9m Poh\u00e1ru V\u00edt\u011bz\u016f Poh\u00e1r\u016f. Jak u\u017e to ale b\u00fdv\u00e1, za\u010d\u00e1tky v dresu Blues pro skotsk\u00e9ho reprezentanta nebyly lehk\u00e9. Tehdy velmi mlad\u00fd nad\u011bjn\u00fd fotbalista p\u0159estoupil k Toffees v roce 1980 za 120 000 liber z Dumbartonu, p\u0159i\u010dem\u017e zuby si na Sharpa brousila Aston Villa i Aberdeen.<\/p>\n<p><em>\u201eZe za\u010d\u00e1tku to pro m\u011b bylo hodn\u011b t\u011b\u017ek\u00e9, proto\u017ee se mi st\u00fdskalo po domov\u011b. Tr\u00e9noval jsem od pond\u011bl\u00ed do p\u00e1tku a hr\u00e1l z\u00e1pasy za rezervu. M\u016fj t\u00e1ta pro m\u011b p\u0159ijel v sobotu v noci a odvezl si m\u011b dom\u016f, kde jsem z\u016fstal a\u017e do pozdn\u00edho ned\u011bln\u00edho odpoledne. Zp\u00e1tky jsme se vracel vlakem. Tehdy poci\u0165oval obrovsk\u00fd stesk po domov\u011b, lid\u00e9 v klubu si to uv\u011bdomovali, a proto mi dali na p\u00e1r dn\u00ed volno, abych se mohl vr\u00e1tit dom\u016f. Pro m\u011b to byla t\u011b\u017ek\u00e1 doba, dokonce jsem p\u0159em\u00fd\u0161lel o n\u00e1vratu do Skotska. Aberdeen m\u011b po\u0159\u00e1d cht\u011bl a krom\u011b n\u011bj okolo m\u011b krou\u017eili i Rangers s Celticem.<\/em><\/p>\n<p><em>M\u016fj t\u00e1ta mi ale zd\u016fraznil, \u017ee mus\u00edm zatnou zuby a z\u00edskat prodlou\u017een\u00ed smlouvy. Na\u0161t\u011bst\u00ed jsem se propracoval do prvn\u00edho t\u00fdmu a stesk po domov\u011b u\u017e se m\u011b net\u00fdkal, jeliko\u017e jsem se kone\u010dn\u011b usadil a za\u010dal na sob\u011b tvrd\u011b pracovat.\u201c<\/em><\/p>\n<p>Sharpovi na za\u010d\u00e1tku poskytoval extra tr\u00e9ninkov\u00e9 d\u00e1vky Colin Harvey a i d\u00edky tomu fotbal za prvn\u00ed t\u00fdm Evertonu poprv\u00e9 poc\u00edtil u\u017e pod mana\u017eerem Gordonem Leem:\u00a0<em>\u201eGordon v\u00e1m d\u00e1 malinkou nad\u011bji, aby v\u00e1s vz\u00e1p\u011bt\u00ed srazil na dno. Na konci sez\u00f3ny jsem odehr\u00e1l dva z\u00e1pasy, a\u010d jsem je\u0161t\u011b nebyl fyzicky p\u0159ipraven na prvn\u00ed ligu. Pot\u00e9 jsem dostal dal\u0161\u00ed \u0161anci hned v \u00favodu nov\u00e9 sez\u00f3ny, v prvn\u00edm utk\u00e1n\u00ed proti Sunderlandu, kter\u00fd do nejvy\u0161\u0161\u00ed sout\u011b\u017ee zrovna postoupil, Roker Park byl pln\u00fd. D\u00edky tomuto z\u00e1pasu jsem se kone\u010dn\u011b dostal ze sv\u00e9 krize, co\u017e si podl\u011b m\u011b Gordon uv\u011bdomil.\u201c<\/em><\/p>\n<p>V roce 1981 nahradil Gordona Leeho na postu mana\u017eera Howard Kendall, jen\u017e si p\u0159ivedl do \u00fatoku dva nov\u00e9 hr\u00e1\u010de, Micka Fergusona a Alana Bileyho. S budoucnost\u00ed Sharpa to proto nevypadalo p\u0159\u00edli\u0161 dob\u0159e:\u00a0<em>\u201eKdy\u017e Howard Kendall p\u0159i\u0161el, p\u0159ivedl si n\u011bkolik nov\u00fdch jmen. Zpo\u010d\u00e1tku jsem zrovna nepat\u0159il mezi jeho obl\u00edbence, jen\u017ee jsme m\u011bli hodn\u011b zran\u011bn\u00fdch a j\u00e1 musel nastupovat, nikoho jin\u00e9ho toti\u017e Kendall prost\u011b postavit nemohl. V z\u00e1pase s Notts County jsme remizovali 2:2 a j\u00e1 jsem vst\u0159elil branku, d\u00edky n\u00ed\u017e jsem podepsal novou smlouvu a konkurenti Ferguson a Biley ode\u0161li. Kendall m\u011bl pot\u00e9 ve m\u011b v\u00edru, co\u017e m\u011b hodn\u011b nakoplo. Na konci sez\u00f3ny jsem byl snad nejlep\u0161\u00edm st\u0159elcem, hlavn\u011b se ale ze m\u011b stal \u00fapln\u011b jin\u00fd hr\u00e1\u010d.\u201c<\/em><\/p>\n<p>Kdy\u017e Kendall p\u0159eb\u00edral Everton, byl klub na pozic\u00edch okolo sestupu. Svou prac\u00ed ov\u0161em za\u010dal Kendall pomalu ale jist\u011b dost\u00e1vat Karamelky z p\u00e1sma sestupu a naopak si za\u010d\u00ednal d\u011blat z\u00e1lusk na horn\u00ed polovinu tabulky. Everton m\u011bl v t\u00fdmu p\u00e1r nad\u011bjn\u00fdch mlad\u00edk\u016f jako byli Ratcliffe, Southall nebo samotn\u00fd Sharp, podle n\u011bho\u017e av\u0161ak m\u011bla hlavn\u00ed d\u016fvod na vzestupu Toffees dvojice zku\u0161en\u00fdch harcovn\u00edk\u016f Andy Gray a Peter Reid.<\/p>\n<p><em>\u201eMoc se n\u00e1m neda\u0159ilo a fanou\u0161ci nahlas vyjad\u0159ovali svoji nespokojenost. Na to m\u011bli ale pr\u00e1vo, proto\u017ee platili pen\u00edze za vstupn\u00e9. Jako mlad\u00e9ho kluka v\u00e1s to ale p\u0159\u00edli\u0161 nepovzbud\u00ed. V\u0161e se zlomilo a\u017e s p\u0159\u00edchodem Petera Reida a Andyho Graye. S t\u011bmito zku\u0161en\u00fdmi hr\u00e1\u010di n\u00e1m rychle narostla sebed\u016fv\u011bra. Bylo zaj\u00edmav\u00e9 sledovat, jak jsme se d\u00edky nim jako t\u00fdm zm\u011bnili tak\u0159ka p\u0159es noc. Oba na h\u0159i\u0161ti nech\u00e1vali v\u0161echno, velmi n\u00e1m pomohli ve zlep\u0161en\u00ed.\u201c<\/em><\/p>\n<p>V roce 1984 p\u0159i\u0161el prvn\u00ed \u00fasp\u011bch, v\u00fdhra v FA Cupu. Ve fin\u00e1le Toffees porazili d\u00edky brank\u00e1m Sharpa a Graye Watford 2:0, na co\u017e st\u0159elec prvn\u00edho g\u00f3lu velmi r\u00e1d vzpom\u00edn\u00e1:\u00a0<em>\u201eJako d\u00edt\u011b tou\u017e\u00edte v dosp\u011blosti hr\u00e1t fin\u00e1le. FA Cup jsem sledoval u\u017e jako mal\u00fd kluk ve Skotsku.<\/em><\/p>\n<p><em>A sk\u00f3rovat ve fin\u00e1le&#8230; poh\u00e1dka. To je n\u011bco, co mi u\u017e nikdo nikdy nevezme, jeliko\u017e to nav\u017edy z\u016fstane zaznamen\u00e1no v archivech. \u00dasp\u011bch v FA Cupu n\u00e1m nav\u00edc dodal sebed\u016fv\u011bru. Kdykoliv jsme vych\u00e1zeli z tunelu stadionu na h\u0159i\u0161t\u011b, v\u011bd\u011bli jsme, \u017ee vyhrajeme. I kdy\u017e jsme prohr\u00e1vali o branku, tu\u0161ili jsme obrat.\u201c<\/em><\/p>\n<p>Everton v polovin\u011b osmdes\u00e1t\u00fdch let za\u017e\u00edval skv\u011bl\u00e9 obdob\u00ed, po boku Sharpa se v \u00fatoku postupn\u011b vyst\u0159\u00eddali vynikaj\u00edc\u00ed \u00fato\u010dn\u00edci jako Gary Lineker, Andy Gray nebo Adrian Heath:\u00a0<em>\u201eInchy\u00a0<\/em>(Heath)<em>, Andy a Links\u00a0<\/em>(Lineker)<em>\u00a0byli t\u0159i hr\u00e1\u010di odli\u0161n\u00e9ho charakteru. Jako nep\u0159irozen\u011bj\u0161\u00edho st\u0159elce z nich t\u0159\u00ed bych ozna\u010dil Linkse. S Andym se zase hr\u00e1lo fantasticky, proto\u017ee z n\u011bj vyza\u0159ovala ohromn\u00e1 v\u016fle a v\u00e1\u0161e\u0148 po v\u00edt\u011bzstv\u00ed. Poka\u017ed\u00e9, kdy\u017e jste hr\u00e1li s Andym, v\u011bd\u011bli jste, \u017ee z\u00e1pas bude boj. Andy necht\u011bl prohr\u00e1vat, proto pro n\u011bj ka\u017ed\u00e9 utk\u00e1n\u00ed znamenalo boj.<\/em><\/p>\n<p><em>J\u00e1 a Adrian Heath jsme byli par\u0165\u00e1ci, ve fotbale jsme si rozum\u011bli, vyr\u016fstali jsme spolu v klubu, na tr\u00e9ninku jsme \u00fazce spolupracovali. M\u011bli jsme dobr\u00fd vztah na h\u0159i\u0161ti i mimo n\u011bj. Inchy by si zaslou\u017eil v\u00edce \u00facty, proto\u017ee musel zm\u011bnit sv\u016fj styl hry. Na za\u010d\u00e1tku se mu nedost\u00e1valo od fanou\u0161k\u016f moc d\u016fv\u011bry. Pak ale Howarda Kendalla napadlo ho vysunout do \u00fatoku.\u201c<\/em><\/p>\n<p>Roky pod Kendallem v Evertonu byli pravd\u011bpodobn\u011b pro Sharpa nejlep\u0161\u00ed v jeho kari\u00e9\u0159e. Nicm\u00e9n\u011b \u00fasp\u011bchu se do\u010dkal i po p\u0159estupu do Oldhamu v roce 1991, jemu\u017e pom\u00e1hal s udr\u017een\u00edm v nov\u011b vznikl\u00e9 Premier League. Za Latics Sharpy odehr\u00e1l p\u0159es sto z\u00e1pas\u016f a vst\u0159elil 30 branek, v tam\u011bj\u0161\u00edm klubu p\u016fsobil dokonce i jako hraj\u00edc\u00ed mana\u017eer. Oldham opustil v roce 1997 po sestupu, n\u00e1sleduj\u00edc\u00ed sez\u00f3nu si st\u0159ihl jako mana\u017eer ve vel\u0161sk\u00e9m Bangoru City, s n\u00edm\u017e vyhr\u00e1l poh\u00e1r. Pot\u00e9 s fotbalem skon\u010dil. Dlouho bez n\u011bj ale nevydr\u017eel, v sou\u010dasnosti Sharp pracuje pro Everton v oblasti charity a o v\u00edkendech komentuje z\u00e1pasy Toffees na Radio City.<\/p>\n<p><em>\u201eJe skv\u011bl\u00e9 spolupracovat s t\u00fdmem, kter\u00fd hraje ve va\u0161\u00ed kari\u00e9\u0159e velkou roli. Kdy\u017e jsem dostal mo\u017enost vr\u00e1tit se, byl jsem \u0161\u0165astn\u00fd. Everton pro m\u011b znamen\u00e1 domov. Nevid\u00edm d\u016fvod zanev\u0159\u00edt na klub, pokud pat\u0159\u00ed mezi velkou kapitolu m\u00e9ho \u017eivota,\u201c\u00a0<\/em>dokon\u010dil Sharpy rozhovor.<\/p>\n<p>Graeme Sharp = opravdov\u00e1 legenda.<\/p>\n","protected":false},"excerpt":{"rendered":"<p>Mil\u00e1\u010dek fanou\u0161k\u016f a hv\u011bzda Toffees z osmdes\u00e1t\u00fdch let, Graeme Sharp, se rozpov\u00eddal o sv\u00fdch jeden\u00e1cti letech str\u00e1ven\u00fdch na Goodison Parku.&hellip;<\/p>\n","protected":false},"author":6,"featured_media":1312,"comment_status":"open","ping_status":"closed","sticky":false,"template":"","format":"standard","meta":{"_eb_attr":"","_monsterinsights_skip_tracking":false,"_monsterinsights_sitenote_active":false,"_monsterinsights_sitenote_note":"","_monsterinsights_sitenote_category":0,"footnotes":""},"categories":[1],"tags":[],"yoast_head":"<!-- This site is optimized with the Yoast SEO plugin v23.4 - https:\/\/yoast.com\/wordpress\/plugins\/seo\/ -->\n<title>Sharpy o sv\u00e9m anga\u017em\u00e1 v Evertonu - Official Czech &amp; Slovak Everton Supporters&#039; Club<\/title>\n<meta name=\"robots\" content=\"index, follow, max-snippet:-1, max-image-preview:large, max-video-preview:-1\" \/>\n<link rel=\"canonical\" href=\"https:\/\/evertonfc.cz\/index.php\/2010\/10\/27\/sharpy-o-svem-angazma-v-evertonu\/\" \/>\n<meta property=\"og:locale\" content=\"cs_CZ\" \/>\n<meta property=\"og:type\" content=\"article\" \/>\n<meta property=\"og:title\" content=\"Sharpy o sv\u00e9m anga\u017em\u00e1 v Evertonu - Official Czech &amp; Slovak Everton Supporters&#039; Club\" \/>\n<meta property=\"og:description\" content=\"Mil\u00e1\u010dek fanou\u0161k\u016f a hv\u011bzda Toffees z osmdes\u00e1t\u00fdch let, Graeme Sharp, se rozpov\u00eddal o sv\u00fdch jeden\u00e1cti letech str\u00e1ven\u00fdch na Goodison Parku.&hellip;\" \/>\n<meta property=\"og:url\" content=\"https:\/\/evertonfc.cz\/index.php\/2010\/10\/27\/sharpy-o-svem-angazma-v-evertonu\/\" \/>\n<meta property=\"og:site_name\" content=\"Official Czech &amp; Slovak Everton Supporters&#039; Club\" \/>\n<meta property=\"article:publisher\" content=\"https:\/\/www.facebook.com\/everton.fans.cz.sk\" \/>\n<meta property=\"article:published_time\" content=\"2010-10-27T20:13:54+00:00\" \/>\n<meta property=\"article:modified_time\" content=\"2019-02-10T21:16:49+00:00\" \/>\n<meta property=\"og:image\" content=\"https:\/\/evertonfc.cz\/wp-content\/uploads\/2019\/01\/interview.jpg\" \/>\n\t<meta property=\"og:image:width\" content=\"720\" \/>\n\t<meta property=\"og:image:height\" content=\"405\" \/>\n\t<meta property=\"og:image:type\" content=\"image\/jpeg\" \/>\n<meta name=\"author\" content=\"Ri\u010di\" \/>\n<meta name=\"twitter:card\" content=\"summary_large_image\" \/>\n<meta name=\"twitter:creator\" content=\"@rbrejsa\" \/>\n<meta name=\"twitter:label1\" content=\"Napsal(a)\" \/>\n\t<meta name=\"twitter:data1\" content=\"Ri\u010di\" \/>\n\t<meta name=\"twitter:label2\" content=\"Odhadovan\u00e1 doba \u010dten\u00ed\" \/>\n\t<meta name=\"twitter:data2\" content=\"7 minut\" \/>\n<script type=\"application\/ld+json\" class=\"yoast-schema-graph\">{\"@context\":\"https:\/\/schema.org\",\"@graph\":[{\"@type\":\"Article\",\"@id\":\"https:\/\/evertonfc.cz\/index.php\/2010\/10\/27\/sharpy-o-svem-angazma-v-evertonu\/#article\",\"isPartOf\":{\"@id\":\"https:\/\/evertonfc.cz\/index.php\/2010\/10\/27\/sharpy-o-svem-angazma-v-evertonu\/\"},\"author\":{\"name\":\"Ri\u010di\",\"@id\":\"https:\/\/evertonfc.cz\/#\/schema\/person\/f7a5daedb2ffee98480bc70e191aaef1\"},\"headline\":\"Sharpy o sv\u00e9m anga\u017em\u00e1 v Evertonu\",\"datePublished\":\"2010-10-27T20:13:54+00:00\",\"dateModified\":\"2019-02-10T21:16:49+00:00\",\"mainEntityOfPage\":{\"@id\":\"https:\/\/evertonfc.cz\/index.php\/2010\/10\/27\/sharpy-o-svem-angazma-v-evertonu\/\"},\"wordCount\":1445,\"commentCount\":0,\"publisher\":{\"@id\":\"https:\/\/evertonfc.cz\/#organization\"},\"image\":{\"@id\":\"https:\/\/evertonfc.cz\/index.php\/2010\/10\/27\/sharpy-o-svem-angazma-v-evertonu\/#primaryimage\"},\"thumbnailUrl\":\"https:\/\/evertonfc.cz\/wp-content\/uploads\/2019\/01\/interview.jpg\",\"articleSection\":[\"Rozhovory\"],\"inLanguage\":\"cs\",\"potentialAction\":[{\"@type\":\"CommentAction\",\"name\":\"Comment\",\"target\":[\"https:\/\/evertonfc.cz\/index.php\/2010\/10\/27\/sharpy-o-svem-angazma-v-evertonu\/#respond\"]}]},{\"@type\":\"WebPage\",\"@id\":\"https:\/\/evertonfc.cz\/index.php\/2010\/10\/27\/sharpy-o-svem-angazma-v-evertonu\/\",\"url\":\"https:\/\/evertonfc.cz\/index.php\/2010\/10\/27\/sharpy-o-svem-angazma-v-evertonu\/\",\"name\":\"Sharpy o sv\u00e9m anga\u017em\u00e1 v Evertonu - Official Czech &amp; Slovak Everton Supporters&#039; Club\",\"isPartOf\":{\"@id\":\"https:\/\/evertonfc.cz\/#website\"},\"primaryImageOfPage\":{\"@id\":\"https:\/\/evertonfc.cz\/index.php\/2010\/10\/27\/sharpy-o-svem-angazma-v-evertonu\/#primaryimage\"},\"image\":{\"@id\":\"https:\/\/evertonfc.cz\/index.php\/2010\/10\/27\/sharpy-o-svem-angazma-v-evertonu\/#primaryimage\"},\"thumbnailUrl\":\"https:\/\/evertonfc.cz\/wp-content\/uploads\/2019\/01\/interview.jpg\",\"datePublished\":\"2010-10-27T20:13:54+00:00\",\"dateModified\":\"2019-02-10T21:16:49+00:00\",\"breadcrumb\":{\"@id\":\"https:\/\/evertonfc.cz\/index.php\/2010\/10\/27\/sharpy-o-svem-angazma-v-evertonu\/#breadcrumb\"},\"inLanguage\":\"cs\",\"potentialAction\":[{\"@type\":\"ReadAction\",\"target\":[\"https:\/\/evertonfc.cz\/index.php\/2010\/10\/27\/sharpy-o-svem-angazma-v-evertonu\/\"]}]},{\"@type\":\"ImageObject\",\"inLanguage\":\"cs\",\"@id\":\"https:\/\/evertonfc.cz\/index.php\/2010\/10\/27\/sharpy-o-svem-angazma-v-evertonu\/#primaryimage\",\"url\":\"https:\/\/evertonfc.cz\/wp-content\/uploads\/2019\/01\/interview.jpg\",\"contentUrl\":\"https:\/\/evertonfc.cz\/wp-content\/uploads\/2019\/01\/interview.jpg\",\"width\":720,\"height\":405},{\"@type\":\"BreadcrumbList\",\"@id\":\"https:\/\/evertonfc.cz\/index.php\/2010\/10\/27\/sharpy-o-svem-angazma-v-evertonu\/#breadcrumb\",\"itemListElement\":[{\"@type\":\"ListItem\",\"position\":1,\"name\":\"Home\",\"item\":\"https:\/\/evertonfc.cz\/\"},{\"@type\":\"ListItem\",\"position\":2,\"name\":\"Sharpy o sv\u00e9m anga\u017em\u00e1 v Evertonu\"}]},{\"@type\":\"WebSite\",\"@id\":\"https:\/\/evertonfc.cz\/#website\",\"url\":\"https:\/\/evertonfc.cz\/\",\"name\":\"Official Czech &amp; Slovak Everton Supporters&#039; Club\",\"description\":\"\",\"publisher\":{\"@id\":\"https:\/\/evertonfc.cz\/#organization\"},\"potentialAction\":[{\"@type\":\"SearchAction\",\"target\":{\"@type\":\"EntryPoint\",\"urlTemplate\":\"https:\/\/evertonfc.cz\/?s={search_term_string}\"},\"query-input\":{\"@type\":\"PropertyValueSpecification\",\"valueRequired\":true,\"valueName\":\"search_term_string\"}}],\"inLanguage\":\"cs\"},{\"@type\":\"Organization\",\"@id\":\"https:\/\/evertonfc.cz\/#organization\",\"name\":\"Official Czech & Slovak Everton Supporters' Club\",\"url\":\"https:\/\/evertonfc.cz\/\",\"logo\":{\"@type\":\"ImageObject\",\"inLanguage\":\"cs\",\"@id\":\"https:\/\/evertonfc.cz\/#\/schema\/logo\/image\/\",\"url\":\"https:\/\/evertonfc.cz\/wp-content\/uploads\/2019\/05\/logo.png\",\"contentUrl\":\"https:\/\/evertonfc.cz\/wp-content\/uploads\/2019\/05\/logo.png\",\"width\":112,\"height\":112,\"caption\":\"Official Czech & Slovak Everton Supporters' Club\"},\"image\":{\"@id\":\"https:\/\/evertonfc.cz\/#\/schema\/logo\/image\/\"},\"sameAs\":[\"https:\/\/www.facebook.com\/everton.fans.cz.sk\"]},{\"@type\":\"Person\",\"@id\":\"https:\/\/evertonfc.cz\/#\/schema\/person\/f7a5daedb2ffee98480bc70e191aaef1\",\"name\":\"Ri\u010di\",\"sameAs\":[\"https:\/\/x.com\/rbrejsa\"],\"url\":\"https:\/\/evertonfc.cz\/index.php\/author\/rici\/\"}]}<\/script>\n<!-- \/ Yoast SEO plugin. -->","yoast_head_json":{"title":"Sharpy o sv\u00e9m anga\u017em\u00e1 v Evertonu - Official Czech &amp; Slovak Everton Supporters&#039; Club","robots":{"index":"index","follow":"follow","max-snippet":"max-snippet:-1","max-image-preview":"max-image-preview:large","max-video-preview":"max-video-preview:-1"},"canonical":"https:\/\/evertonfc.cz\/index.php\/2010\/10\/27\/sharpy-o-svem-angazma-v-evertonu\/","og_locale":"cs_CZ","og_type":"article","og_title":"Sharpy o sv\u00e9m anga\u017em\u00e1 v Evertonu - Official Czech &amp; Slovak Everton Supporters&#039; Club","og_description":"Mil\u00e1\u010dek fanou\u0161k\u016f a hv\u011bzda Toffees z osmdes\u00e1t\u00fdch let, Graeme Sharp, se rozpov\u00eddal o sv\u00fdch jeden\u00e1cti letech str\u00e1ven\u00fdch na Goodison Parku.&hellip;","og_url":"https:\/\/evertonfc.cz\/index.php\/2010\/10\/27\/sharpy-o-svem-angazma-v-evertonu\/","og_site_name":"Official Czech &amp; Slovak Everton Supporters&#039; Club","article_publisher":"https:\/\/www.facebook.com\/everton.fans.cz.sk","article_published_time":"2010-10-27T20:13:54+00:00","article_modified_time":"2019-02-10T21:16:49+00:00","og_image":[{"width":720,"height":405,"url":"https:\/\/evertonfc.cz\/wp-content\/uploads\/2019\/01\/interview.jpg","type":"image\/jpeg"}],"author":"Ri\u010di","twitter_card":"summary_large_image","twitter_creator":"@rbrejsa","twitter_misc":{"Napsal(a)":"Ri\u010di","Odhadovan\u00e1 doba \u010dten\u00ed":"7 minut"},"schema":{"@context":"https:\/\/schema.org","@graph":[{"@type":"Article","@id":"https:\/\/evertonfc.cz\/index.php\/2010\/10\/27\/sharpy-o-svem-angazma-v-evertonu\/#article","isPartOf":{"@id":"https:\/\/evertonfc.cz\/index.php\/2010\/10\/27\/sharpy-o-svem-angazma-v-evertonu\/"},"author":{"name":"Ri\u010di","@id":"https:\/\/evertonfc.cz\/#\/schema\/person\/f7a5daedb2ffee98480bc70e191aaef1"},"headline":"Sharpy o sv\u00e9m anga\u017em\u00e1 v Evertonu","datePublished":"2010-10-27T20:13:54+00:00","dateModified":"2019-02-10T21:16:49+00:00","mainEntityOfPage":{"@id":"https:\/\/evertonfc.cz\/index.php\/2010\/10\/27\/sharpy-o-svem-angazma-v-evertonu\/"},"wordCount":1445,"commentCount":0,"publisher":{"@id":"https:\/\/evertonfc.cz\/#organization"},"image":{"@id":"https:\/\/evertonfc.cz\/index.php\/2010\/10\/27\/sharpy-o-svem-angazma-v-evertonu\/#primaryimage"},"thumbnailUrl":"https:\/\/evertonfc.cz\/wp-content\/uploads\/2019\/01\/interview.jpg","articleSection":["Rozhovory"],"inLanguage":"cs","potentialAction":[{"@type":"CommentAction","name":"Comment","target":["https:\/\/evertonfc.cz\/index.php\/2010\/10\/27\/sharpy-o-svem-angazma-v-evertonu\/#respond"]}]},{"@type":"WebPage","@id":"https:\/\/evertonfc.cz\/index.php\/2010\/10\/27\/sharpy-o-svem-angazma-v-evertonu\/","url":"https:\/\/evertonfc.cz\/index.php\/2010\/10\/27\/sharpy-o-svem-angazma-v-evertonu\/","name":"Sharpy o sv\u00e9m anga\u017em\u00e1 v Evertonu - Official Czech &amp; Slovak Everton Supporters&#039; Club","isPartOf":{"@id":"https:\/\/evertonfc.cz\/#website"},"primaryImageOfPage":{"@id":"https:\/\/evertonfc.cz\/index.php\/2010\/10\/27\/sharpy-o-svem-angazma-v-evertonu\/#primaryimage"},"image":{"@id":"https:\/\/evertonfc.cz\/index.php\/2010\/10\/27\/sharpy-o-svem-angazma-v-evertonu\/#primaryimage"},"thumbnailUrl":"https:\/\/evertonfc.cz\/wp-content\/uploads\/2019\/01\/interview.jpg","datePublished":"2010-10-27T20:13:54+00:00","dateModified":"2019-02-10T21:16:49+00:00","breadcrumb":{"@id":"https:\/\/evertonfc.cz\/index.php\/2010\/10\/27\/sharpy-o-svem-angazma-v-evertonu\/#breadcrumb"},"inLanguage":"cs","potentialAction":[{"@type":"ReadAction","target":["https:\/\/evertonfc.cz\/index.php\/2010\/10\/27\/sharpy-o-svem-angazma-v-evertonu\/"]}]},{"@type":"ImageObject","inLanguage":"cs","@id":"https:\/\/evertonfc.cz\/index.php\/2010\/10\/27\/sharpy-o-svem-angazma-v-evertonu\/#primaryimage","url":"https:\/\/evertonfc.cz\/wp-content\/uploads\/2019\/01\/interview.jpg","contentUrl":"https:\/\/evertonfc.cz\/wp-content\/uploads\/2019\/01\/interview.jpg","width":720,"height":405},{"@type":"BreadcrumbList","@id":"https:\/\/evertonfc.cz\/index.php\/2010\/10\/27\/sharpy-o-svem-angazma-v-evertonu\/#breadcrumb","itemListElement":[{"@type":"ListItem","position":1,"name":"Home","item":"https:\/\/evertonfc.cz\/"},{"@type":"ListItem","position":2,"name":"Sharpy o sv\u00e9m anga\u017em\u00e1 v Evertonu"}]},{"@type":"WebSite","@id":"https:\/\/evertonfc.cz\/#website","url":"https:\/\/evertonfc.cz\/","name":"Official Czech &amp; Slovak Everton Supporters&#039; Club","description":"","publisher":{"@id":"https:\/\/evertonfc.cz\/#organization"},"potentialAction":[{"@type":"SearchAction","target":{"@type":"EntryPoint","urlTemplate":"https:\/\/evertonfc.cz\/?s={search_term_string}"},"query-input":{"@type":"PropertyValueSpecification","valueRequired":true,"valueName":"search_term_string"}}],"inLanguage":"cs"},{"@type":"Organization","@id":"https:\/\/evertonfc.cz\/#organization","name":"Official Czech & Slovak Everton Supporters' Club","url":"https:\/\/evertonfc.cz\/","logo":{"@type":"ImageObject","inLanguage":"cs","@id":"https:\/\/evertonfc.cz\/#\/schema\/logo\/image\/","url":"https:\/\/evertonfc.cz\/wp-content\/uploads\/2019\/05\/logo.png","contentUrl":"https:\/\/evertonfc.cz\/wp-content\/uploads\/2019\/05\/logo.png","width":112,"height":112,"caption":"Official Czech & Slovak Everton Supporters' Club"},"image":{"@id":"https:\/\/evertonfc.cz\/#\/schema\/logo\/image\/"},"sameAs":["https:\/\/www.facebook.com\/everton.fans.cz.sk"]},{"@type":"Person","@id":"https:\/\/evertonfc.cz\/#\/schema\/person\/f7a5daedb2ffee98480bc70e191aaef1","name":"Ri\u010di","sameAs":["https:\/\/x.com\/rbrejsa"],"url":"https:\/\/evertonfc.cz\/index.php\/author\/rici\/"}]}},"_links":{"self":[{"href":"https:\/\/evertonfc.cz\/index.php\/wp-json\/wp\/v2\/posts\/3309"}],"collection":[{"href":"https:\/\/evertonfc.cz\/index.php\/wp-json\/wp\/v2\/posts"}],"about":[{"href":"https:\/\/evertonfc.cz\/index.php\/wp-json\/wp\/v2\/types\/post"}],"author":[{"embeddable":true,"href":"https:\/\/evertonfc.cz\/index.php\/wp-json\/wp\/v2\/users\/6"}],"replies":[{"embeddable":true,"href":"https:\/\/evertonfc.cz\/index.php\/wp-json\/wp\/v2\/comments?post=3309"}],"version-history":[{"count":2,"href":"https:\/\/evertonfc.cz\/index.php\/wp-json\/wp\/v2\/posts\/3309\/revisions"}],"predecessor-version":[{"id":3311,"href":"https:\/\/evertonfc.cz\/index.php\/wp-json\/wp\/v2\/posts\/3309\/revisions\/3311"}],"wp:featuredmedia":[{"embeddable":true,"href":"https:\/\/evertonfc.cz\/index.php\/wp-json\/wp\/v2\/media\/1312"}],"wp:attachment":[{"href":"https:\/\/evertonfc.cz\/index.php\/wp-json\/wp\/v2\/media?parent=3309"}],"wp:term":[{"taxonomy":"category","embeddable":true,"href":"https:\/\/evertonfc.cz\/index.php\/wp-json\/wp\/v2\/categories?post=3309"},{"taxonomy":"post_tag","embeddable":true,"href":"https:\/\/evertonfc.cz\/index.php\/wp-json\/wp\/v2\/tags?post=3309"}],"curies":[{"name":"wp","href":"https:\/\/api.w.org\/{rel}","templated":true}]}}