{"id":3312,"date":"2010-10-28T22:17:00","date_gmt":"2010-10-28T20:17:00","guid":{"rendered":"http:\/\/evertonfc.cz\/?p=3312"},"modified":"2019-02-10T22:18:19","modified_gmt":"2019-02-10T21:18:19","slug":"hibbo-a-ossie-spokojeni-s-novymi-kontrakty","status":"publish","type":"post","link":"https:\/\/evertonfc.cz\/index.php\/2010\/10\/28\/hibbo-a-ossie-spokojeni-s-novymi-kontrakty\/","title":{"rendered":"Hibbo a Ossie spokojen\u00ed s nov\u00fdmi kontrakty"},"content":{"rendered":"<h4>Tony Hibbert a Leon Osman ned\u00e1vno prodlou\u017eili s Evertonem svoje st\u00e1vaj\u00edc\u00ed smlouvy o dva roky a\u017e do l\u00e9ta 2014 a jsou odhodl\u00e1ni na Goodison Parku ukon\u010dit fotbalov\u00e9 kari\u00e9ry.<\/h4>\n<p>Oba odchovanci akademie Toffees jsou ro\u010dn\u00edk narozen\u00ed 1981, debut za prvn\u00ed t\u00fdm si ov\u0161em d\u0159\u00edve odbyl Hibbert, a to u\u017e v roce 2001. Nyn\u00ed m\u00e1 Hibbo na kont\u011b p\u0159es 250 start\u016f za Everton a je i dokonce dr\u017eitelem jednoho klubov\u00e9ho prim\u00e1tu, kdy\u017e p\u0159ekonal rekord klubov\u00fdch legend Briana Labona a Colina Harveyho v po\u010dtu utk\u00e1n\u00edch v evropsk\u00fdch poh\u00e1rech (19).<\/p>\n<p><em>\u201eV Evertonu jsem od sv\u00e9ho d\u011btstv\u00ed, co\u017e \u010d\u00edt\u00e1 hodn\u011b dlouho dobu, proto jsem r\u00e1d, \u017ee mi veden\u00ed nab\u00eddlo nov\u00fd kontrakt, kter\u00fd m\u011b zde udr\u017e\u00ed je\u0161t\u011b p\u00e1r dal\u0161\u00edch let. Spojit svou budoucnost s Toffees, to jsem si v\u017edycky p\u0159\u00e1l. Chci tu ukon\u010dit svoji fotbalovou kari\u00e9ru. Pro m\u011b a pro mou rodinu je to skv\u011bl\u00e9 zpr\u00e1va, Everton pat\u0159\u00ed do m\u00e9ho \u017eivota.<\/em><\/p>\n<p><em>Minul\u00fd t\u00fdden byl pro m\u011b velmi zaj\u00edmav\u00fd, jeliko\u017e jsem dostal jsem novou smlouvu a zv\u00edt\u011bzili jsme v derby,&#8220;<\/em>\u00a0netajil se svou n\u00e1klonost\u00ed k Toffees Hibbert, jen\u017e z\u00e1rove\u0148 ned\u00e1 dopustit ani Osmana:\u00a0<em>\u201eJe hezk\u00e9 s n\u00edm hr\u00e1t za jeden klub, velmi \u010dasto se nevid\u00ed. Jsme s Ossie dva m\u00edstn\u00ed kluci, kte\u0159\u00ed pro\u0161li syst\u00e9mem akademie a maj\u00ed dobrou fotbalovou kari\u00e9ru. Jsme nav\u00edc v\u011brni jen jednomu klubu.<\/em><\/p>\n<p><em>Jsme spolu u\u017e dlouho dobu, jsem za n\u011bj r\u00e1d. Ossie si to zaslou\u017e\u00ed.\u201c<\/em><\/p>\n<p>Leon Osman si prvn\u00ed start za A-t\u00fdm Everton p\u0159ipsal a\u017e o dva roky pozd\u011bji ne\u017e jeho partner Hibbert, i p\u0159esto ale podle mnoh\u00fdch m\u00e1 za sebou lep\u0161\u00ed kari\u00e9ru.<\/p>\n<p><em>\u201eO smlouv\u011b se jednalo p\u00e1r t\u00fddn\u016f. Jsem nakonec spokojen, proto\u017ee z\u016fst\u00e1v\u00e1m. Jak jsem prozradil ned\u00e1vno, nikdy jsem nem\u011bl zaje\u010d\u00ed \u00famysly, te\u010f u\u017e to m\u00e1te potvrzen\u00e9 i na pap\u00ed\u0159e. Chci tu z\u016fstat tak dlouho, jak jen to bude mo\u017en\u00e9. K Evertonu m\u011b v\u00e1\u017ee siln\u00e9 pouto, proto jsem r\u00e1d, \u017ee mi byla nab\u00eddnuta nov\u00e1 smlouva. V budoucnu se m\u016f\u017ee st\u00e1t v\u0161echno, j\u00e1 bych ale cht\u011bl svoji kari\u00e9ru ukon\u010dit zde. Pro m\u011b existuje jen jeden t\u00fdm.<\/em><\/p>\n<p><em>S Tonym vych\u00e1z\u00edme dob\u0159e. Je to m\u016fj kamar\u00e1d, kdy\u017e jeden z n\u00e1s pot\u0159ebuje podpo\u0159it, druh\u00fd mu pod\u00e1 ruku. Dostali jsme stejnou smlouvu, co\u017e je pro n\u00e1s oba skv\u011bl\u00e1 zpr\u00e1va,\u201c<\/em>\u00a0\u0159ekl Osman.<\/p>\n","protected":false},"excerpt":{"rendered":"<p>Tony Hibbert a Leon Osman ned\u00e1vno prodlou\u017eili s Evertonem svoje st\u00e1vaj\u00edc\u00ed smlouvy o dva roky a\u017e do l\u00e9ta 2014 a&hellip;<\/p>\n","protected":false},"author":6,"featured_media":1312,"comment_status":"open","ping_status":"closed","sticky":false,"template":"","format":"standard","meta":{"_eb_attr":"","_monsterinsights_skip_tracking":false,"_monsterinsights_sitenote_active":false,"_monsterinsights_sitenote_note":"","_monsterinsights_sitenote_category":0,"footnotes":""},"categories":[1],"tags":[],"yoast_head":"<!-- This site is optimized with the Yoast SEO plugin v23.4 - https:\/\/yoast.com\/wordpress\/plugins\/seo\/ -->\n<title>Hibbo a Ossie spokojen\u00ed s nov\u00fdmi kontrakty - Official Czech &amp; Slovak Everton Supporters&#039; Club<\/title>\n<meta name=\"robots\" content=\"index, follow, max-snippet:-1, max-image-preview:large, max-video-preview:-1\" \/>\n<link rel=\"canonical\" href=\"https:\/\/evertonfc.cz\/index.php\/2010\/10\/28\/hibbo-a-ossie-spokojeni-s-novymi-kontrakty\/\" \/>\n<meta property=\"og:locale\" content=\"cs_CZ\" \/>\n<meta property=\"og:type\" content=\"article\" \/>\n<meta property=\"og:title\" content=\"Hibbo a Ossie spokojen\u00ed s nov\u00fdmi kontrakty - Official Czech &amp; Slovak Everton Supporters&#039; Club\" \/>\n<meta property=\"og:description\" content=\"Tony Hibbert a Leon Osman ned\u00e1vno prodlou\u017eili s Evertonem svoje st\u00e1vaj\u00edc\u00ed smlouvy o dva roky a\u017e do l\u00e9ta 2014 a&hellip;\" \/>\n<meta property=\"og:url\" content=\"https:\/\/evertonfc.cz\/index.php\/2010\/10\/28\/hibbo-a-ossie-spokojeni-s-novymi-kontrakty\/\" \/>\n<meta property=\"og:site_name\" content=\"Official Czech &amp; Slovak Everton Supporters&#039; Club\" \/>\n<meta property=\"article:publisher\" content=\"https:\/\/www.facebook.com\/everton.fans.cz.sk\" \/>\n<meta property=\"article:published_time\" content=\"2010-10-28T20:17:00+00:00\" \/>\n<meta property=\"article:modified_time\" content=\"2019-02-10T21:18:19+00:00\" \/>\n<meta property=\"og:image\" content=\"https:\/\/evertonfc.cz\/wp-content\/uploads\/2019\/01\/interview.jpg\" \/>\n\t<meta property=\"og:image:width\" content=\"720\" \/>\n\t<meta property=\"og:image:height\" content=\"405\" \/>\n\t<meta property=\"og:image:type\" content=\"image\/jpeg\" \/>\n<meta name=\"author\" content=\"Ri\u010di\" \/>\n<meta name=\"twitter:card\" content=\"summary_large_image\" \/>\n<meta name=\"twitter:creator\" content=\"@rbrejsa\" \/>\n<meta name=\"twitter:label1\" content=\"Napsal(a)\" \/>\n\t<meta name=\"twitter:data1\" content=\"Ri\u010di\" \/>\n\t<meta name=\"twitter:label2\" content=\"Odhadovan\u00e1 doba \u010dten\u00ed\" \/>\n\t<meta name=\"twitter:data2\" content=\"2 minuty\" \/>\n<script type=\"application\/ld+json\" class=\"yoast-schema-graph\">{\"@context\":\"https:\/\/schema.org\",\"@graph\":[{\"@type\":\"Article\",\"@id\":\"https:\/\/evertonfc.cz\/index.php\/2010\/10\/28\/hibbo-a-ossie-spokojeni-s-novymi-kontrakty\/#article\",\"isPartOf\":{\"@id\":\"https:\/\/evertonfc.cz\/index.php\/2010\/10\/28\/hibbo-a-ossie-spokojeni-s-novymi-kontrakty\/\"},\"author\":{\"name\":\"Ri\u010di\",\"@id\":\"https:\/\/evertonfc.cz\/#\/schema\/person\/f7a5daedb2ffee98480bc70e191aaef1\"},\"headline\":\"Hibbo a Ossie spokojen\u00ed s nov\u00fdmi kontrakty\",\"datePublished\":\"2010-10-28T20:17:00+00:00\",\"dateModified\":\"2019-02-10T21:18:19+00:00\",\"mainEntityOfPage\":{\"@id\":\"https:\/\/evertonfc.cz\/index.php\/2010\/10\/28\/hibbo-a-ossie-spokojeni-s-novymi-kontrakty\/\"},\"wordCount\":450,\"commentCount\":0,\"publisher\":{\"@id\":\"https:\/\/evertonfc.cz\/#organization\"},\"image\":{\"@id\":\"https:\/\/evertonfc.cz\/index.php\/2010\/10\/28\/hibbo-a-ossie-spokojeni-s-novymi-kontrakty\/#primaryimage\"},\"thumbnailUrl\":\"https:\/\/evertonfc.cz\/wp-content\/uploads\/2019\/01\/interview.jpg\",\"articleSection\":[\"Rozhovory\"],\"inLanguage\":\"cs\",\"potentialAction\":[{\"@type\":\"CommentAction\",\"name\":\"Comment\",\"target\":[\"https:\/\/evertonfc.cz\/index.php\/2010\/10\/28\/hibbo-a-ossie-spokojeni-s-novymi-kontrakty\/#respond\"]}]},{\"@type\":\"WebPage\",\"@id\":\"https:\/\/evertonfc.cz\/index.php\/2010\/10\/28\/hibbo-a-ossie-spokojeni-s-novymi-kontrakty\/\",\"url\":\"https:\/\/evertonfc.cz\/index.php\/2010\/10\/28\/hibbo-a-ossie-spokojeni-s-novymi-kontrakty\/\",\"name\":\"Hibbo a Ossie spokojen\u00ed s nov\u00fdmi kontrakty - Official Czech &amp; Slovak Everton Supporters&#039; Club\",\"isPartOf\":{\"@id\":\"https:\/\/evertonfc.cz\/#website\"},\"primaryImageOfPage\":{\"@id\":\"https:\/\/evertonfc.cz\/index.php\/2010\/10\/28\/hibbo-a-ossie-spokojeni-s-novymi-kontrakty\/#primaryimage\"},\"image\":{\"@id\":\"https:\/\/evertonfc.cz\/index.php\/2010\/10\/28\/hibbo-a-ossie-spokojeni-s-novymi-kontrakty\/#primaryimage\"},\"thumbnailUrl\":\"https:\/\/evertonfc.cz\/wp-content\/uploads\/2019\/01\/interview.jpg\",\"datePublished\":\"2010-10-28T20:17:00+00:00\",\"dateModified\":\"2019-02-10T21:18:19+00:00\",\"breadcrumb\":{\"@id\":\"https:\/\/evertonfc.cz\/index.php\/2010\/10\/28\/hibbo-a-ossie-spokojeni-s-novymi-kontrakty\/#breadcrumb\"},\"inLanguage\":\"cs\",\"potentialAction\":[{\"@type\":\"ReadAction\",\"target\":[\"https:\/\/evertonfc.cz\/index.php\/2010\/10\/28\/hibbo-a-ossie-spokojeni-s-novymi-kontrakty\/\"]}]},{\"@type\":\"ImageObject\",\"inLanguage\":\"cs\",\"@id\":\"https:\/\/evertonfc.cz\/index.php\/2010\/10\/28\/hibbo-a-ossie-spokojeni-s-novymi-kontrakty\/#primaryimage\",\"url\":\"https:\/\/evertonfc.cz\/wp-content\/uploads\/2019\/01\/interview.jpg\",\"contentUrl\":\"https:\/\/evertonfc.cz\/wp-content\/uploads\/2019\/01\/interview.jpg\",\"width\":720,\"height\":405},{\"@type\":\"BreadcrumbList\",\"@id\":\"https:\/\/evertonfc.cz\/index.php\/2010\/10\/28\/hibbo-a-ossie-spokojeni-s-novymi-kontrakty\/#breadcrumb\",\"itemListElement\":[{\"@type\":\"ListItem\",\"position\":1,\"name\":\"Home\",\"item\":\"https:\/\/evertonfc.cz\/\"},{\"@type\":\"ListItem\",\"position\":2,\"name\":\"Hibbo a Ossie spokojen\u00ed s nov\u00fdmi kontrakty\"}]},{\"@type\":\"WebSite\",\"@id\":\"https:\/\/evertonfc.cz\/#website\",\"url\":\"https:\/\/evertonfc.cz\/\",\"name\":\"Official Czech &amp; Slovak Everton Supporters&#039; Club\",\"description\":\"\",\"publisher\":{\"@id\":\"https:\/\/evertonfc.cz\/#organization\"},\"potentialAction\":[{\"@type\":\"SearchAction\",\"target\":{\"@type\":\"EntryPoint\",\"urlTemplate\":\"https:\/\/evertonfc.cz\/?s={search_term_string}\"},\"query-input\":{\"@type\":\"PropertyValueSpecification\",\"valueRequired\":true,\"valueName\":\"search_term_string\"}}],\"inLanguage\":\"cs\"},{\"@type\":\"Organization\",\"@id\":\"https:\/\/evertonfc.cz\/#organization\",\"name\":\"Official Czech & Slovak Everton Supporters' Club\",\"url\":\"https:\/\/evertonfc.cz\/\",\"logo\":{\"@type\":\"ImageObject\",\"inLanguage\":\"cs\",\"@id\":\"https:\/\/evertonfc.cz\/#\/schema\/logo\/image\/\",\"url\":\"https:\/\/evertonfc.cz\/wp-content\/uploads\/2019\/05\/logo.png\",\"contentUrl\":\"https:\/\/evertonfc.cz\/wp-content\/uploads\/2019\/05\/logo.png\",\"width\":112,\"height\":112,\"caption\":\"Official Czech & Slovak Everton Supporters' Club\"},\"image\":{\"@id\":\"https:\/\/evertonfc.cz\/#\/schema\/logo\/image\/\"},\"sameAs\":[\"https:\/\/www.facebook.com\/everton.fans.cz.sk\"]},{\"@type\":\"Person\",\"@id\":\"https:\/\/evertonfc.cz\/#\/schema\/person\/f7a5daedb2ffee98480bc70e191aaef1\",\"name\":\"Ri\u010di\",\"sameAs\":[\"https:\/\/x.com\/rbrejsa\"],\"url\":\"https:\/\/evertonfc.cz\/index.php\/author\/rici\/\"}]}<\/script>\n<!-- \/ Yoast SEO plugin. -->","yoast_head_json":{"title":"Hibbo a Ossie spokojen\u00ed s nov\u00fdmi kontrakty - Official Czech &amp; Slovak Everton Supporters&#039; Club","robots":{"index":"index","follow":"follow","max-snippet":"max-snippet:-1","max-image-preview":"max-image-preview:large","max-video-preview":"max-video-preview:-1"},"canonical":"https:\/\/evertonfc.cz\/index.php\/2010\/10\/28\/hibbo-a-ossie-spokojeni-s-novymi-kontrakty\/","og_locale":"cs_CZ","og_type":"article","og_title":"Hibbo a Ossie spokojen\u00ed s nov\u00fdmi kontrakty - Official Czech &amp; Slovak Everton Supporters&#039; Club","og_description":"Tony Hibbert a Leon Osman ned\u00e1vno prodlou\u017eili s Evertonem svoje st\u00e1vaj\u00edc\u00ed smlouvy o dva roky a\u017e do l\u00e9ta 2014 a&hellip;","og_url":"https:\/\/evertonfc.cz\/index.php\/2010\/10\/28\/hibbo-a-ossie-spokojeni-s-novymi-kontrakty\/","og_site_name":"Official Czech &amp; Slovak Everton Supporters&#039; Club","article_publisher":"https:\/\/www.facebook.com\/everton.fans.cz.sk","article_published_time":"2010-10-28T20:17:00+00:00","article_modified_time":"2019-02-10T21:18:19+00:00","og_image":[{"width":720,"height":405,"url":"https:\/\/evertonfc.cz\/wp-content\/uploads\/2019\/01\/interview.jpg","type":"image\/jpeg"}],"author":"Ri\u010di","twitter_card":"summary_large_image","twitter_creator":"@rbrejsa","twitter_misc":{"Napsal(a)":"Ri\u010di","Odhadovan\u00e1 doba \u010dten\u00ed":"2 minuty"},"schema":{"@context":"https:\/\/schema.org","@graph":[{"@type":"Article","@id":"https:\/\/evertonfc.cz\/index.php\/2010\/10\/28\/hibbo-a-ossie-spokojeni-s-novymi-kontrakty\/#article","isPartOf":{"@id":"https:\/\/evertonfc.cz\/index.php\/2010\/10\/28\/hibbo-a-ossie-spokojeni-s-novymi-kontrakty\/"},"author":{"name":"Ri\u010di","@id":"https:\/\/evertonfc.cz\/#\/schema\/person\/f7a5daedb2ffee98480bc70e191aaef1"},"headline":"Hibbo a Ossie spokojen\u00ed s nov\u00fdmi kontrakty","datePublished":"2010-10-28T20:17:00+00:00","dateModified":"2019-02-10T21:18:19+00:00","mainEntityOfPage":{"@id":"https:\/\/evertonfc.cz\/index.php\/2010\/10\/28\/hibbo-a-ossie-spokojeni-s-novymi-kontrakty\/"},"wordCount":450,"commentCount":0,"publisher":{"@id":"https:\/\/evertonfc.cz\/#organization"},"image":{"@id":"https:\/\/evertonfc.cz\/index.php\/2010\/10\/28\/hibbo-a-ossie-spokojeni-s-novymi-kontrakty\/#primaryimage"},"thumbnailUrl":"https:\/\/evertonfc.cz\/wp-content\/uploads\/2019\/01\/interview.jpg","articleSection":["Rozhovory"],"inLanguage":"cs","potentialAction":[{"@type":"CommentAction","name":"Comment","target":["https:\/\/evertonfc.cz\/index.php\/2010\/10\/28\/hibbo-a-ossie-spokojeni-s-novymi-kontrakty\/#respond"]}]},{"@type":"WebPage","@id":"https:\/\/evertonfc.cz\/index.php\/2010\/10\/28\/hibbo-a-ossie-spokojeni-s-novymi-kontrakty\/","url":"https:\/\/evertonfc.cz\/index.php\/2010\/10\/28\/hibbo-a-ossie-spokojeni-s-novymi-kontrakty\/","name":"Hibbo a Ossie spokojen\u00ed s nov\u00fdmi kontrakty - Official Czech &amp; Slovak Everton Supporters&#039; Club","isPartOf":{"@id":"https:\/\/evertonfc.cz\/#website"},"primaryImageOfPage":{"@id":"https:\/\/evertonfc.cz\/index.php\/2010\/10\/28\/hibbo-a-ossie-spokojeni-s-novymi-kontrakty\/#primaryimage"},"image":{"@id":"https:\/\/evertonfc.cz\/index.php\/2010\/10\/28\/hibbo-a-ossie-spokojeni-s-novymi-kontrakty\/#primaryimage"},"thumbnailUrl":"https:\/\/evertonfc.cz\/wp-content\/uploads\/2019\/01\/interview.jpg","datePublished":"2010-10-28T20:17:00+00:00","dateModified":"2019-02-10T21:18:19+00:00","breadcrumb":{"@id":"https:\/\/evertonfc.cz\/index.php\/2010\/10\/28\/hibbo-a-ossie-spokojeni-s-novymi-kontrakty\/#breadcrumb"},"inLanguage":"cs","potentialAction":[{"@type":"ReadAction","target":["https:\/\/evertonfc.cz\/index.php\/2010\/10\/28\/hibbo-a-ossie-spokojeni-s-novymi-kontrakty\/"]}]},{"@type":"ImageObject","inLanguage":"cs","@id":"https:\/\/evertonfc.cz\/index.php\/2010\/10\/28\/hibbo-a-ossie-spokojeni-s-novymi-kontrakty\/#primaryimage","url":"https:\/\/evertonfc.cz\/wp-content\/uploads\/2019\/01\/interview.jpg","contentUrl":"https:\/\/evertonfc.cz\/wp-content\/uploads\/2019\/01\/interview.jpg","width":720,"height":405},{"@type":"BreadcrumbList","@id":"https:\/\/evertonfc.cz\/index.php\/2010\/10\/28\/hibbo-a-ossie-spokojeni-s-novymi-kontrakty\/#breadcrumb","itemListElement":[{"@type":"ListItem","position":1,"name":"Home","item":"https:\/\/evertonfc.cz\/"},{"@type":"ListItem","position":2,"name":"Hibbo a Ossie spokojen\u00ed s nov\u00fdmi kontrakty"}]},{"@type":"WebSite","@id":"https:\/\/evertonfc.cz\/#website","url":"https:\/\/evertonfc.cz\/","name":"Official Czech &amp; Slovak Everton Supporters&#039; Club","description":"","publisher":{"@id":"https:\/\/evertonfc.cz\/#organization"},"potentialAction":[{"@type":"SearchAction","target":{"@type":"EntryPoint","urlTemplate":"https:\/\/evertonfc.cz\/?s={search_term_string}"},"query-input":{"@type":"PropertyValueSpecification","valueRequired":true,"valueName":"search_term_string"}}],"inLanguage":"cs"},{"@type":"Organization","@id":"https:\/\/evertonfc.cz\/#organization","name":"Official Czech & Slovak Everton Supporters' Club","url":"https:\/\/evertonfc.cz\/","logo":{"@type":"ImageObject","inLanguage":"cs","@id":"https:\/\/evertonfc.cz\/#\/schema\/logo\/image\/","url":"https:\/\/evertonfc.cz\/wp-content\/uploads\/2019\/05\/logo.png","contentUrl":"https:\/\/evertonfc.cz\/wp-content\/uploads\/2019\/05\/logo.png","width":112,"height":112,"caption":"Official Czech & Slovak Everton Supporters' Club"},"image":{"@id":"https:\/\/evertonfc.cz\/#\/schema\/logo\/image\/"},"sameAs":["https:\/\/www.facebook.com\/everton.fans.cz.sk"]},{"@type":"Person","@id":"https:\/\/evertonfc.cz\/#\/schema\/person\/f7a5daedb2ffee98480bc70e191aaef1","name":"Ri\u010di","sameAs":["https:\/\/x.com\/rbrejsa"],"url":"https:\/\/evertonfc.cz\/index.php\/author\/rici\/"}]}},"_links":{"self":[{"href":"https:\/\/evertonfc.cz\/index.php\/wp-json\/wp\/v2\/posts\/3312"}],"collection":[{"href":"https:\/\/evertonfc.cz\/index.php\/wp-json\/wp\/v2\/posts"}],"about":[{"href":"https:\/\/evertonfc.cz\/index.php\/wp-json\/wp\/v2\/types\/post"}],"author":[{"embeddable":true,"href":"https:\/\/evertonfc.cz\/index.php\/wp-json\/wp\/v2\/users\/6"}],"replies":[{"embeddable":true,"href":"https:\/\/evertonfc.cz\/index.php\/wp-json\/wp\/v2\/comments?post=3312"}],"version-history":[{"count":1,"href":"https:\/\/evertonfc.cz\/index.php\/wp-json\/wp\/v2\/posts\/3312\/revisions"}],"predecessor-version":[{"id":3313,"href":"https:\/\/evertonfc.cz\/index.php\/wp-json\/wp\/v2\/posts\/3312\/revisions\/3313"}],"wp:featuredmedia":[{"embeddable":true,"href":"https:\/\/evertonfc.cz\/index.php\/wp-json\/wp\/v2\/media\/1312"}],"wp:attachment":[{"href":"https:\/\/evertonfc.cz\/index.php\/wp-json\/wp\/v2\/media?parent=3312"}],"wp:term":[{"taxonomy":"category","embeddable":true,"href":"https:\/\/evertonfc.cz\/index.php\/wp-json\/wp\/v2\/categories?post=3312"},{"taxonomy":"post_tag","embeddable":true,"href":"https:\/\/evertonfc.cz\/index.php\/wp-json\/wp\/v2\/tags?post=3312"}],"curies":[{"name":"wp","href":"https:\/\/api.w.org\/{rel}","templated":true}]}}