{"id":3318,"date":"2010-10-31T22:23:32","date_gmt":"2010-10-31T21:23:32","guid":{"rendered":"http:\/\/evertonfc.cz\/?p=3318"},"modified":"2019-02-10T22:25:28","modified_gmt":"2019-02-10T21:25:28","slug":"moyes-ze-spatnych-zacatku-se-uz-musime-poucit","status":"publish","type":"post","link":"https:\/\/evertonfc.cz\/index.php\/2010\/10\/31\/moyes-ze-spatnych-zacatku-se-uz-musime-poucit\/","title":{"rendered":"Moyes: Ze \u0161patn\u00fdch za\u010d\u00e1tk\u016f se u\u017e mus\u00edme pou\u010dit"},"content":{"rendered":"<h4>Nev\u00edtan\u00fdm spole\u010dn\u00edkem \u00favodn\u00edch m\u011bs\u00edc\u016f sezon se ji\u017e pravideln\u011b st\u00e1v\u00e1 \u0161patn\u00e1 forma. Blues zaspali i letos, v p\u0159\u00ed\u0161t\u00ed sezon\u011b tak chce David Moyes obdobnou situaci vym\u00fdtit.<\/h4>\n<p>Handicap pomal\u00e9ho rozjezdu si Everton neodpustil ji\u017e t\u0159et\u00ed sezonu v \u0159ad\u011b. Jen\u017ee zat\u00edmco v ro\u010dn\u00edku 2008\/09 i p\u0159es b\u00eddnou hru v prvn\u00ed polovin\u011b roku nakonec na posledn\u00ed chv\u00edli zabral, a svoji snahu dovedl a\u017e k um\u00edst\u011bn\u00ed na p\u00e1t\u00e9 p\u0159\u00ed\u010dce a dosa\u017een\u00ed fin\u00e1le FA Cupu, loni u\u017e bylo pozd\u011b. Maximem byla, i p\u0159es fantastick\u00fd druh\u00fd polo\u010das sezony, pr\u016fm\u011brn\u00e1 osm\u00e1 pozice.<\/p>\n<p>I p\u0159esto ale v l\u00e9t\u011b nad Goodison Parkem krou\u017eila velk\u00e1 o\u010dek\u00e1v\u00e1n\u00ed. Mnoz\u00ed Everton pasovali do role \u010dern\u00e9ho kon\u011b ro\u010dn\u00edku, v jeho\u017e sil\u00e1ch je napodobit Tottenham a prob\u00edt se do nejpresti\u017en\u011bj\u0161\u00ed evropsk\u00e9 sout\u011b\u017ee. Pr\u00e1v\u011b v\u0161eobecn\u00e1 o\u010dek\u00e1v\u00e1n\u00ed Toffees ale naopak u\u0161kodila. Podle posledn\u00edch v\u00fdsledk\u016f se v\u0161ak zd\u00e1, \u017ee zlom byl jenom o z\u00edsk\u00e1n\u00ed prvn\u00edho v\u00edt\u011bzstv\u00ed. To p\u0159i\u0161lo za\u010d\u00e1tkem \u0159\u00edjna v Birminghamu, a koncem m\u011bs\u00edce vypad\u00e1 tabulka v porovn\u00e1n\u00ed s \u00favodn\u00edmi z\u00e1pasy neporovnateln\u011b p\u0159\u00edv\u011btiv\u011bji. Tentokr\u00e1t se tedy zd\u00e1, \u017ee Blues se\u0161l\u00e1pli plyn zav\u010das a boj o Evropu je nemine. Mana\u017eer ale p\u0159izn\u00e1v\u00e1, \u017ee pochybnosti v n\u011bm hlodaly ji\u017e po zve\u0159ejn\u011bn\u00ed losu leto\u0161n\u00ed sezony.<\/p>\n<p><em>\u201eHned jsem v\u011bd\u011bl, \u017ee prvn\u00edch dev\u011bt z\u00e1pas\u016f sezony jsme m\u011bli nesm\u00edrn\u011b t\u011b\u017ek\u00fd los. Pouze \u010dty\u0159i z\u00e1pasy doma, a dva z nich proti Manchesteru United a Liverpoolu. Zb\u00fdvaj\u00edc\u00edch p\u011bt her pak venku; na Craven Cottage, kde se n\u00e1m neda\u0159\u00ed, v Birminghamu, kter\u00fd doma rok neprohr\u00e1l a museli jsme i na Aston Villu a Spurs, a v\u0161echno to za\u010dalo v Blackburnu, kter\u00fd doma prohr\u00e1v\u00e1 z\u0159\u00eddka. Byl to \u0161patn\u00fd za\u010d\u00e1tek a sami jsme si jej je\u0161t\u011b zt\u00ed\u017eili, kdy\u017e jsme z duel\u016f s Wolves a Newcastlem z\u00edskali jen bod.<\/em><\/p>\n<p><em>Jsme obez\u0159etn\u00ed, proto\u017ee se klidn\u011b m\u016f\u017eeme znovu propadnout. Ale paradoxn\u011b si mysl\u00edm, \u017ee v z\u00e1pasech proti takov\u00fdm Wolves nebo Newcastlu, jsme m\u011bli v\u00edce p\u0159ihr\u00e1vek a v\u00edce ze hry, ne\u017e t\u0159eba proti Tottenhamu a Liverpoolu. Mohl bych pouk\u00e1zat na d\u016fvody, pro\u010d jsme v \u00favodn\u00edch z\u00e1pasech hr\u00e1li l\u00e9pe. Pot\u0159ebovali jsme ale za\u010d\u00edt vyhr\u00e1vat, tak\u017ee z celkov\u00e9ho pohledu jsou posledn\u00ed z\u00e1pasy lep\u0161\u00ed. V d\u0159\u00edv\u011bj\u0161\u00edch utk\u00e1n\u00edch jsme \u010dast\u011bji dr\u017eeli m\u00ed\u010d, ale pr\u00e1v\u011b dominance n\u00e1m mo\u017en\u00e1 tolik nevyhovuje.<\/em><\/p>\n<p><em>Obrana za\u010dala p\u016fsobit jist\u011bji a nap\u0159\u00edklad proti Spurs \u0161lo o vyrovnan\u00fd z\u00e1pas. V pe\u010dliv\u00e9m br\u00e1n\u011bn\u00ed mus\u00edme pokra\u010dovat, ale d\u016fle\u017eit\u00e9 je i prom\u011b\u0148ov\u00e1n\u00ed \u0161anc\u00ed. V prvn\u00edch z\u00e1pasech jsme je m\u011bli ale nedok\u00e1zali jsme je vyu\u017e\u00edt. A pokud n\u00e1m tohle nejde, v\u017edycky jsme zraniteln\u00ed.\u201c<\/em><\/p>\n<p>Koneckonc\u016f pr\u00e1v\u011b neschopnost st\u0159\u00edlet branky Everton letos st\u00e1la ji\u017e n\u011bkolik bod\u016f. V\u011bt\u0161inu \u00fato\u010dn\u00fdch akc\u00ed nedok\u00e1zali Toffees dov\u00e9st d\u00e1l ne\u017e za hranici pokutov\u00e9ho \u00fazem\u00ed, a tak se o to m\u00e1lo g\u00f3l\u016f museli postarat v\u00fdhradn\u011b z\u00e1lo\u017en\u00edci.<\/p>\n<p>V\u010derej\u0161\u00ed z\u00e1pas proti Stoke tak do \u0159ad Evertonians p\u0159inesl \u010d\u00e1ste\u010dnou \u00falevu. Poprv\u00e9 od dubnov\u00e9ho z\u00e1pasu na Ewood Parku se na listin\u011b st\u0159elc\u016f znovu objevil \u00fato\u010dn\u00edk, kdy\u017e v\u00fdhru obsraral Yakubu. Usm\u011bvav\u00fd \u00fato\u010dn\u00edk tak kone\u010dn\u011b ke sv\u00fdm dobr\u00fdm v\u00fdkon\u016fm p\u0159idal i tu nejd\u016fle\u017eit\u011bj\u0161\u00ed p\u0159\u00edsadu, ov\u0161em spol\u00e9hat se Moyes hodl\u00e1 i na Louise Sahu. Francouz se sice i nad\u00e1le pot\u00fdk\u00e1 se \u0161patnou formou, nicm\u00e9n\u011b krom Yakubua nem\u00e1 mana\u017eer k dispozici jin\u00e9ho zku\u0161en\u00e9ho a nejvy\u0161\u0161\u00ed sout\u011b\u017e\u00ed prov\u011b\u0159en\u00e9ho \u00fato\u010dn\u00edka. Moyesovi proto \u00fato\u010dn\u00e1 vozba jeho t\u00fdmu st\u00e1le d\u011bl\u00e1 starosti.<\/p>\n<p><em>\u201eJe to znepokojuj\u00edc\u00ed. Nem\u016f\u017eete proj\u00edt sezonou bez \u00fato\u010dn\u00edk\u016f, kte\u0159\u00ed nest\u0159\u00edlej\u00ed g\u00f3ly. Tim Cahill m\u016f\u017ee b\u00fdt pova\u017eov\u00e1n za \u00fato\u010dn\u00edka, p\u0159edstavuje pro n\u00e1s n\u011bco mezi ofenzivn\u00edm z\u00e1lo\u017en\u00edkem a \u00fato\u010dn\u00edkem. Ale pot\u0159ebujeme g\u00f3ly ze v\u0161ech \u0159ad, nejen od Tima a \u00fato\u010dn\u00edk\u016f,\u201c\u00a0<\/em>ujas\u0148uje si boss.<\/p>\n<p><em>\u201eNev\u00edm, kdy naposled n\u00e1\u0161 st\u0159edn\u00ed obr\u00e1nce dal g\u00f3l z rohov\u00e9ho kopu. Nejsou to jen \u00fato\u010dn\u00edci, kte\u0159\u00ed jsou na h\u0159i\u0161ti zapot\u0159eb\u00ed. Za\u010d\u00edn\u00e1me zlep\u0161ovat, a j\u00e1 douf\u00e1m, \u017ee g\u00f3ly zanedlouho p\u0159ijdou. Po\u0159\u00e1d n\u00e1m ale do \u00fato\u010dn\u00e9 f\u00e1ze chyb\u00ed hr\u00e1\u010di, tak\u017ee je co nejd\u0159\u00edve mus\u00edme dostat zp\u011bt do hry.\u201c<\/em><\/p>\n","protected":false},"excerpt":{"rendered":"<p>Nev\u00edtan\u00fdm spole\u010dn\u00edkem \u00favodn\u00edch m\u011bs\u00edc\u016f sezon se ji\u017e pravideln\u011b st\u00e1v\u00e1 \u0161patn\u00e1 forma. Blues zaspali i letos, v p\u0159\u00ed\u0161t\u00ed sezon\u011b tak chce&hellip;<\/p>\n","protected":false},"author":7,"featured_media":1312,"comment_status":"open","ping_status":"closed","sticky":false,"template":"","format":"standard","meta":{"_eb_attr":"","_monsterinsights_skip_tracking":false,"_monsterinsights_sitenote_active":false,"_monsterinsights_sitenote_note":"","_monsterinsights_sitenote_category":0,"footnotes":""},"categories":[1],"tags":[],"yoast_head":"<!-- This site is optimized with the Yoast SEO plugin v23.4 - https:\/\/yoast.com\/wordpress\/plugins\/seo\/ -->\n<title>Moyes: Ze \u0161patn\u00fdch za\u010d\u00e1tk\u016f se u\u017e mus\u00edme pou\u010dit - Official Czech &amp; Slovak Everton Supporters&#039; Club<\/title>\n<meta name=\"robots\" content=\"index, follow, max-snippet:-1, max-image-preview:large, max-video-preview:-1\" \/>\n<link rel=\"canonical\" href=\"https:\/\/evertonfc.cz\/index.php\/2010\/10\/31\/moyes-ze-spatnych-zacatku-se-uz-musime-poucit\/\" \/>\n<meta property=\"og:locale\" content=\"cs_CZ\" \/>\n<meta property=\"og:type\" content=\"article\" \/>\n<meta property=\"og:title\" content=\"Moyes: Ze \u0161patn\u00fdch za\u010d\u00e1tk\u016f se u\u017e mus\u00edme pou\u010dit - Official Czech &amp; Slovak Everton Supporters&#039; Club\" \/>\n<meta property=\"og:description\" content=\"Nev\u00edtan\u00fdm spole\u010dn\u00edkem \u00favodn\u00edch m\u011bs\u00edc\u016f sezon se ji\u017e pravideln\u011b st\u00e1v\u00e1 \u0161patn\u00e1 forma. Blues zaspali i letos, v p\u0159\u00ed\u0161t\u00ed sezon\u011b tak chce&hellip;\" \/>\n<meta property=\"og:url\" content=\"https:\/\/evertonfc.cz\/index.php\/2010\/10\/31\/moyes-ze-spatnych-zacatku-se-uz-musime-poucit\/\" \/>\n<meta property=\"og:site_name\" content=\"Official Czech &amp; Slovak Everton Supporters&#039; Club\" \/>\n<meta property=\"article:publisher\" content=\"https:\/\/www.facebook.com\/everton.fans.cz.sk\" \/>\n<meta property=\"article:published_time\" content=\"2010-10-31T21:23:32+00:00\" \/>\n<meta property=\"article:modified_time\" content=\"2019-02-10T21:25:28+00:00\" \/>\n<meta property=\"og:image\" content=\"https:\/\/evertonfc.cz\/wp-content\/uploads\/2019\/01\/interview.jpg\" \/>\n\t<meta property=\"og:image:width\" content=\"720\" \/>\n\t<meta property=\"og:image:height\" content=\"405\" \/>\n\t<meta property=\"og:image:type\" content=\"image\/jpeg\" \/>\n<meta name=\"author\" content=\"Me\u0148a\" \/>\n<meta name=\"twitter:card\" content=\"summary_large_image\" \/>\n<meta name=\"twitter:label1\" content=\"Napsal(a)\" \/>\n\t<meta name=\"twitter:data1\" content=\"Me\u0148a\" \/>\n\t<meta name=\"twitter:label2\" content=\"Odhadovan\u00e1 doba \u010dten\u00ed\" \/>\n\t<meta name=\"twitter:data2\" content=\"4 minuty\" \/>\n<script type=\"application\/ld+json\" class=\"yoast-schema-graph\">{\"@context\":\"https:\/\/schema.org\",\"@graph\":[{\"@type\":\"Article\",\"@id\":\"https:\/\/evertonfc.cz\/index.php\/2010\/10\/31\/moyes-ze-spatnych-zacatku-se-uz-musime-poucit\/#article\",\"isPartOf\":{\"@id\":\"https:\/\/evertonfc.cz\/index.php\/2010\/10\/31\/moyes-ze-spatnych-zacatku-se-uz-musime-poucit\/\"},\"author\":{\"name\":\"Me\u0148a\",\"@id\":\"https:\/\/evertonfc.cz\/#\/schema\/person\/cd6328a75577de2add7793fd4b0930c3\"},\"headline\":\"Moyes: Ze \u0161patn\u00fdch za\u010d\u00e1tk\u016f se u\u017e mus\u00edme pou\u010dit\",\"datePublished\":\"2010-10-31T21:23:32+00:00\",\"dateModified\":\"2019-02-10T21:25:28+00:00\",\"mainEntityOfPage\":{\"@id\":\"https:\/\/evertonfc.cz\/index.php\/2010\/10\/31\/moyes-ze-spatnych-zacatku-se-uz-musime-poucit\/\"},\"wordCount\":869,\"commentCount\":0,\"publisher\":{\"@id\":\"https:\/\/evertonfc.cz\/#organization\"},\"image\":{\"@id\":\"https:\/\/evertonfc.cz\/index.php\/2010\/10\/31\/moyes-ze-spatnych-zacatku-se-uz-musime-poucit\/#primaryimage\"},\"thumbnailUrl\":\"https:\/\/evertonfc.cz\/wp-content\/uploads\/2019\/01\/interview.jpg\",\"articleSection\":[\"Rozhovory\"],\"inLanguage\":\"cs\",\"potentialAction\":[{\"@type\":\"CommentAction\",\"name\":\"Comment\",\"target\":[\"https:\/\/evertonfc.cz\/index.php\/2010\/10\/31\/moyes-ze-spatnych-zacatku-se-uz-musime-poucit\/#respond\"]}]},{\"@type\":\"WebPage\",\"@id\":\"https:\/\/evertonfc.cz\/index.php\/2010\/10\/31\/moyes-ze-spatnych-zacatku-se-uz-musime-poucit\/\",\"url\":\"https:\/\/evertonfc.cz\/index.php\/2010\/10\/31\/moyes-ze-spatnych-zacatku-se-uz-musime-poucit\/\",\"name\":\"Moyes: Ze \u0161patn\u00fdch za\u010d\u00e1tk\u016f se u\u017e mus\u00edme pou\u010dit - Official Czech &amp; Slovak Everton Supporters&#039; Club\",\"isPartOf\":{\"@id\":\"https:\/\/evertonfc.cz\/#website\"},\"primaryImageOfPage\":{\"@id\":\"https:\/\/evertonfc.cz\/index.php\/2010\/10\/31\/moyes-ze-spatnych-zacatku-se-uz-musime-poucit\/#primaryimage\"},\"image\":{\"@id\":\"https:\/\/evertonfc.cz\/index.php\/2010\/10\/31\/moyes-ze-spatnych-zacatku-se-uz-musime-poucit\/#primaryimage\"},\"thumbnailUrl\":\"https:\/\/evertonfc.cz\/wp-content\/uploads\/2019\/01\/interview.jpg\",\"datePublished\":\"2010-10-31T21:23:32+00:00\",\"dateModified\":\"2019-02-10T21:25:28+00:00\",\"breadcrumb\":{\"@id\":\"https:\/\/evertonfc.cz\/index.php\/2010\/10\/31\/moyes-ze-spatnych-zacatku-se-uz-musime-poucit\/#breadcrumb\"},\"inLanguage\":\"cs\",\"potentialAction\":[{\"@type\":\"ReadAction\",\"target\":[\"https:\/\/evertonfc.cz\/index.php\/2010\/10\/31\/moyes-ze-spatnych-zacatku-se-uz-musime-poucit\/\"]}]},{\"@type\":\"ImageObject\",\"inLanguage\":\"cs\",\"@id\":\"https:\/\/evertonfc.cz\/index.php\/2010\/10\/31\/moyes-ze-spatnych-zacatku-se-uz-musime-poucit\/#primaryimage\",\"url\":\"https:\/\/evertonfc.cz\/wp-content\/uploads\/2019\/01\/interview.jpg\",\"contentUrl\":\"https:\/\/evertonfc.cz\/wp-content\/uploads\/2019\/01\/interview.jpg\",\"width\":720,\"height\":405},{\"@type\":\"BreadcrumbList\",\"@id\":\"https:\/\/evertonfc.cz\/index.php\/2010\/10\/31\/moyes-ze-spatnych-zacatku-se-uz-musime-poucit\/#breadcrumb\",\"itemListElement\":[{\"@type\":\"ListItem\",\"position\":1,\"name\":\"Home\",\"item\":\"https:\/\/evertonfc.cz\/\"},{\"@type\":\"ListItem\",\"position\":2,\"name\":\"Moyes: Ze \u0161patn\u00fdch za\u010d\u00e1tk\u016f se u\u017e mus\u00edme pou\u010dit\"}]},{\"@type\":\"WebSite\",\"@id\":\"https:\/\/evertonfc.cz\/#website\",\"url\":\"https:\/\/evertonfc.cz\/\",\"name\":\"Official Czech &amp; Slovak Everton Supporters&#039; Club\",\"description\":\"\",\"publisher\":{\"@id\":\"https:\/\/evertonfc.cz\/#organization\"},\"potentialAction\":[{\"@type\":\"SearchAction\",\"target\":{\"@type\":\"EntryPoint\",\"urlTemplate\":\"https:\/\/evertonfc.cz\/?s={search_term_string}\"},\"query-input\":{\"@type\":\"PropertyValueSpecification\",\"valueRequired\":true,\"valueName\":\"search_term_string\"}}],\"inLanguage\":\"cs\"},{\"@type\":\"Organization\",\"@id\":\"https:\/\/evertonfc.cz\/#organization\",\"name\":\"Official Czech & Slovak Everton Supporters' Club\",\"url\":\"https:\/\/evertonfc.cz\/\",\"logo\":{\"@type\":\"ImageObject\",\"inLanguage\":\"cs\",\"@id\":\"https:\/\/evertonfc.cz\/#\/schema\/logo\/image\/\",\"url\":\"https:\/\/evertonfc.cz\/wp-content\/uploads\/2019\/05\/logo.png\",\"contentUrl\":\"https:\/\/evertonfc.cz\/wp-content\/uploads\/2019\/05\/logo.png\",\"width\":112,\"height\":112,\"caption\":\"Official Czech & Slovak Everton Supporters' Club\"},\"image\":{\"@id\":\"https:\/\/evertonfc.cz\/#\/schema\/logo\/image\/\"},\"sameAs\":[\"https:\/\/www.facebook.com\/everton.fans.cz.sk\"]},{\"@type\":\"Person\",\"@id\":\"https:\/\/evertonfc.cz\/#\/schema\/person\/cd6328a75577de2add7793fd4b0930c3\",\"name\":\"Me\u0148a\",\"url\":\"https:\/\/evertonfc.cz\/index.php\/author\/mena\/\"}]}<\/script>\n<!-- \/ Yoast SEO plugin. -->","yoast_head_json":{"title":"Moyes: Ze \u0161patn\u00fdch za\u010d\u00e1tk\u016f se u\u017e mus\u00edme pou\u010dit - Official Czech &amp; Slovak Everton Supporters&#039; Club","robots":{"index":"index","follow":"follow","max-snippet":"max-snippet:-1","max-image-preview":"max-image-preview:large","max-video-preview":"max-video-preview:-1"},"canonical":"https:\/\/evertonfc.cz\/index.php\/2010\/10\/31\/moyes-ze-spatnych-zacatku-se-uz-musime-poucit\/","og_locale":"cs_CZ","og_type":"article","og_title":"Moyes: Ze \u0161patn\u00fdch za\u010d\u00e1tk\u016f se u\u017e mus\u00edme pou\u010dit - Official Czech &amp; Slovak Everton Supporters&#039; Club","og_description":"Nev\u00edtan\u00fdm spole\u010dn\u00edkem \u00favodn\u00edch m\u011bs\u00edc\u016f sezon se ji\u017e pravideln\u011b st\u00e1v\u00e1 \u0161patn\u00e1 forma. Blues zaspali i letos, v p\u0159\u00ed\u0161t\u00ed sezon\u011b tak chce&hellip;","og_url":"https:\/\/evertonfc.cz\/index.php\/2010\/10\/31\/moyes-ze-spatnych-zacatku-se-uz-musime-poucit\/","og_site_name":"Official Czech &amp; Slovak Everton Supporters&#039; Club","article_publisher":"https:\/\/www.facebook.com\/everton.fans.cz.sk","article_published_time":"2010-10-31T21:23:32+00:00","article_modified_time":"2019-02-10T21:25:28+00:00","og_image":[{"width":720,"height":405,"url":"https:\/\/evertonfc.cz\/wp-content\/uploads\/2019\/01\/interview.jpg","type":"image\/jpeg"}],"author":"Me\u0148a","twitter_card":"summary_large_image","twitter_misc":{"Napsal(a)":"Me\u0148a","Odhadovan\u00e1 doba \u010dten\u00ed":"4 minuty"},"schema":{"@context":"https:\/\/schema.org","@graph":[{"@type":"Article","@id":"https:\/\/evertonfc.cz\/index.php\/2010\/10\/31\/moyes-ze-spatnych-zacatku-se-uz-musime-poucit\/#article","isPartOf":{"@id":"https:\/\/evertonfc.cz\/index.php\/2010\/10\/31\/moyes-ze-spatnych-zacatku-se-uz-musime-poucit\/"},"author":{"name":"Me\u0148a","@id":"https:\/\/evertonfc.cz\/#\/schema\/person\/cd6328a75577de2add7793fd4b0930c3"},"headline":"Moyes: Ze \u0161patn\u00fdch za\u010d\u00e1tk\u016f se u\u017e mus\u00edme pou\u010dit","datePublished":"2010-10-31T21:23:32+00:00","dateModified":"2019-02-10T21:25:28+00:00","mainEntityOfPage":{"@id":"https:\/\/evertonfc.cz\/index.php\/2010\/10\/31\/moyes-ze-spatnych-zacatku-se-uz-musime-poucit\/"},"wordCount":869,"commentCount":0,"publisher":{"@id":"https:\/\/evertonfc.cz\/#organization"},"image":{"@id":"https:\/\/evertonfc.cz\/index.php\/2010\/10\/31\/moyes-ze-spatnych-zacatku-se-uz-musime-poucit\/#primaryimage"},"thumbnailUrl":"https:\/\/evertonfc.cz\/wp-content\/uploads\/2019\/01\/interview.jpg","articleSection":["Rozhovory"],"inLanguage":"cs","potentialAction":[{"@type":"CommentAction","name":"Comment","target":["https:\/\/evertonfc.cz\/index.php\/2010\/10\/31\/moyes-ze-spatnych-zacatku-se-uz-musime-poucit\/#respond"]}]},{"@type":"WebPage","@id":"https:\/\/evertonfc.cz\/index.php\/2010\/10\/31\/moyes-ze-spatnych-zacatku-se-uz-musime-poucit\/","url":"https:\/\/evertonfc.cz\/index.php\/2010\/10\/31\/moyes-ze-spatnych-zacatku-se-uz-musime-poucit\/","name":"Moyes: Ze \u0161patn\u00fdch za\u010d\u00e1tk\u016f se u\u017e mus\u00edme pou\u010dit - Official Czech &amp; Slovak Everton Supporters&#039; Club","isPartOf":{"@id":"https:\/\/evertonfc.cz\/#website"},"primaryImageOfPage":{"@id":"https:\/\/evertonfc.cz\/index.php\/2010\/10\/31\/moyes-ze-spatnych-zacatku-se-uz-musime-poucit\/#primaryimage"},"image":{"@id":"https:\/\/evertonfc.cz\/index.php\/2010\/10\/31\/moyes-ze-spatnych-zacatku-se-uz-musime-poucit\/#primaryimage"},"thumbnailUrl":"https:\/\/evertonfc.cz\/wp-content\/uploads\/2019\/01\/interview.jpg","datePublished":"2010-10-31T21:23:32+00:00","dateModified":"2019-02-10T21:25:28+00:00","breadcrumb":{"@id":"https:\/\/evertonfc.cz\/index.php\/2010\/10\/31\/moyes-ze-spatnych-zacatku-se-uz-musime-poucit\/#breadcrumb"},"inLanguage":"cs","potentialAction":[{"@type":"ReadAction","target":["https:\/\/evertonfc.cz\/index.php\/2010\/10\/31\/moyes-ze-spatnych-zacatku-se-uz-musime-poucit\/"]}]},{"@type":"ImageObject","inLanguage":"cs","@id":"https:\/\/evertonfc.cz\/index.php\/2010\/10\/31\/moyes-ze-spatnych-zacatku-se-uz-musime-poucit\/#primaryimage","url":"https:\/\/evertonfc.cz\/wp-content\/uploads\/2019\/01\/interview.jpg","contentUrl":"https:\/\/evertonfc.cz\/wp-content\/uploads\/2019\/01\/interview.jpg","width":720,"height":405},{"@type":"BreadcrumbList","@id":"https:\/\/evertonfc.cz\/index.php\/2010\/10\/31\/moyes-ze-spatnych-zacatku-se-uz-musime-poucit\/#breadcrumb","itemListElement":[{"@type":"ListItem","position":1,"name":"Home","item":"https:\/\/evertonfc.cz\/"},{"@type":"ListItem","position":2,"name":"Moyes: Ze \u0161patn\u00fdch za\u010d\u00e1tk\u016f se u\u017e mus\u00edme pou\u010dit"}]},{"@type":"WebSite","@id":"https:\/\/evertonfc.cz\/#website","url":"https:\/\/evertonfc.cz\/","name":"Official Czech &amp; Slovak Everton Supporters&#039; Club","description":"","publisher":{"@id":"https:\/\/evertonfc.cz\/#organization"},"potentialAction":[{"@type":"SearchAction","target":{"@type":"EntryPoint","urlTemplate":"https:\/\/evertonfc.cz\/?s={search_term_string}"},"query-input":{"@type":"PropertyValueSpecification","valueRequired":true,"valueName":"search_term_string"}}],"inLanguage":"cs"},{"@type":"Organization","@id":"https:\/\/evertonfc.cz\/#organization","name":"Official Czech & Slovak Everton Supporters' Club","url":"https:\/\/evertonfc.cz\/","logo":{"@type":"ImageObject","inLanguage":"cs","@id":"https:\/\/evertonfc.cz\/#\/schema\/logo\/image\/","url":"https:\/\/evertonfc.cz\/wp-content\/uploads\/2019\/05\/logo.png","contentUrl":"https:\/\/evertonfc.cz\/wp-content\/uploads\/2019\/05\/logo.png","width":112,"height":112,"caption":"Official Czech & Slovak Everton Supporters' Club"},"image":{"@id":"https:\/\/evertonfc.cz\/#\/schema\/logo\/image\/"},"sameAs":["https:\/\/www.facebook.com\/everton.fans.cz.sk"]},{"@type":"Person","@id":"https:\/\/evertonfc.cz\/#\/schema\/person\/cd6328a75577de2add7793fd4b0930c3","name":"Me\u0148a","url":"https:\/\/evertonfc.cz\/index.php\/author\/mena\/"}]}},"_links":{"self":[{"href":"https:\/\/evertonfc.cz\/index.php\/wp-json\/wp\/v2\/posts\/3318"}],"collection":[{"href":"https:\/\/evertonfc.cz\/index.php\/wp-json\/wp\/v2\/posts"}],"about":[{"href":"https:\/\/evertonfc.cz\/index.php\/wp-json\/wp\/v2\/types\/post"}],"author":[{"embeddable":true,"href":"https:\/\/evertonfc.cz\/index.php\/wp-json\/wp\/v2\/users\/7"}],"replies":[{"embeddable":true,"href":"https:\/\/evertonfc.cz\/index.php\/wp-json\/wp\/v2\/comments?post=3318"}],"version-history":[{"count":1,"href":"https:\/\/evertonfc.cz\/index.php\/wp-json\/wp\/v2\/posts\/3318\/revisions"}],"predecessor-version":[{"id":3319,"href":"https:\/\/evertonfc.cz\/index.php\/wp-json\/wp\/v2\/posts\/3318\/revisions\/3319"}],"wp:featuredmedia":[{"embeddable":true,"href":"https:\/\/evertonfc.cz\/index.php\/wp-json\/wp\/v2\/media\/1312"}],"wp:attachment":[{"href":"https:\/\/evertonfc.cz\/index.php\/wp-json\/wp\/v2\/media?parent=3318"}],"wp:term":[{"taxonomy":"category","embeddable":true,"href":"https:\/\/evertonfc.cz\/index.php\/wp-json\/wp\/v2\/categories?post=3318"},{"taxonomy":"post_tag","embeddable":true,"href":"https:\/\/evertonfc.cz\/index.php\/wp-json\/wp\/v2\/tags?post=3318"}],"curies":[{"name":"wp","href":"https:\/\/api.w.org\/{rel}","templated":true}]}}