{"id":3320,"date":"2010-11-01T22:27:33","date_gmt":"2010-11-01T21:27:33","guid":{"rendered":"http:\/\/evertonfc.cz\/?p=3320"},"modified":"2019-02-15T00:12:12","modified_gmt":"2019-02-14T23:12:12","slug":"paty-sraz-fans-anglickeho-fotbalu","status":"publish","type":"post","link":"https:\/\/evertonfc.cz\/index.php\/2010\/11\/01\/paty-sraz-fans-anglickeho-fotbalu\/","title":{"rendered":"P\u00e1t\u00fd sraz fans anglick\u00e9ho fotbalu"},"content":{"rendered":"<h4>Str\u00e1nka premierleague.cz po\u0159\u00e1d\u00e1 ji\u017e p\u00e1t\u00fd sraz fanou\u0161k\u016f anglick\u00e9ho fotbalu. Tentokr\u00e1t se se v\u0161ichni sejdou v Praze, z\u00fa\u010dastn\u00ed se i Evertonians?<\/h4>\n<p>Leto\u0161n\u00ed zimn\u00ed sraz se uskute\u010dn\u00ed v Praze. Hlasov\u00e1n\u00ed bylo vyrovnan\u00e9. Praha z\u00edskala jen o jeden hlas v\u00edce.\u00a0 Datum jsme stanovili na\u00a0<strong>4.12. 2010 od 12:00.\u00a0<\/strong><\/p>\n<p>P\u0159ijet m\u016f\u017ee kdokoliv. I Jednotlivec. Samoz\u0159ejm\u011b jen fanou\u0161ci anglick\u00e9 kopan\u00e9. U\u017e od za\u010d\u00e1tku se pozn\u00e1, kdo je jak\u00fdm fandou, tak\u017ee jestli op\u011bt doraz\u00ed n\u011bjak\u00fd t\u00fdm jako v l\u00e9t\u011b St\u0159\u00edbro, tak si bude moct maxim\u00e1ln\u011b zafandit. To je jen pro up\u0159esn\u011bn\u00ed.<\/p>\n<p>\u010c\u00edm d\u0159\u00edv mi ka\u017ed\u00fd potvrd\u00ed svoji \u00fa\u010dast, tak t\u00edm l\u00e9pe. Popros\u00edm ka\u017ed\u00fd fanklub, aby mi i up\u0159esnil p\u0159ibli\u017en\u00fd po\u010det lid\u00ed, kter\u00fd sebou vezme. Je to lep\u0161\u00ed pro p\u0159ehled. Jednotlivci a\u0165 se rovn\u011b\u017e ozvou.<\/p>\n<p>Email:\u00a0<strong>srazy.pl@email.cz<\/strong><\/p>\n<h4><strong>Podrobnosti\u00a0<\/strong><\/h4>\n<p>Turnaj se bude konat ve sportovn\u00ed hale\u00a0<strong>Hagibor &#8211; Izraelsk\u00e1 6, 100 00 Praha 10.<\/strong><\/p>\n<p>V\u0161e za\u010dne od\u00a0<strong>12:00<\/strong>\u00a0(bu\u010fte tam samoz\u0159ejm\u011b d\u0159\u00edve) a pravd\u011bpodobn\u011b turnaj skon\u010d\u00ed v 18:00. Pak p\u0159ijde samoz\u0159ejm\u011b to nejlep\u0161\u00ed &#8211; pivko.<\/p>\n<p>Pokud m\u00e1te ot\u00e1zky na m\u00edsto kon\u00e1n\u00ed, do koment\u00e1\u0159\u016f se ptejte, Milda, coby organiz\u00e1tor v\u00e1m je zodpov\u00ed.<\/p>\n<p>Jinak popros\u00edm ka\u017ed\u00fd t\u00fdm, aby si vzal dv\u011b trika &#8211; sv\u011btle a tmav\u00e9, abychom se na h\u0159i\u0161ti rozli\u0161ili.<\/p>\n<p>T\u00edmto d\u011bkuji v\u0161em, kte\u0159\u00ed p\u0159ijedou, a doufejme, \u017ee se cel\u00fd sraz odehraje v duchu fair-play a nebude nouze o nezapomenuteln\u00e9 chv\u00edle.<\/p>\n<h4><strong>Dal\u0161\u00ed srazy<\/strong><\/h4>\n<p>Letn\u00ed sraz &#8211; Libchavy, 1.-3.7. 2011 (p\u00e1tek a\u017e ned\u011ble) nebo 23. &#8211; 25.6. 2011 &#8211; bude up\u0159esn\u011bno do m\u011bs\u00edce.<br \/>\nZimn\u00ed sraz &#8211; Morava (Olomouc \u010di Zl\u00edn), prvn\u00ed t\u00fdden v prosinci 2011<\/p>\n","protected":false},"excerpt":{"rendered":"<p>Str\u00e1nka premierleague.cz po\u0159\u00e1d\u00e1 ji\u017e p\u00e1t\u00fd sraz fanou\u0161k\u016f anglick\u00e9ho fotbalu. Tentokr\u00e1t se se v\u0161ichni sejdou v Praze, z\u00fa\u010dastn\u00ed se i Evertonians?&hellip;<\/p>\n","protected":false},"author":8,"featured_media":1313,"comment_status":"open","ping_status":"closed","sticky":false,"template":"","format":"standard","meta":{"_eb_attr":"","_monsterinsights_skip_tracking":false,"_monsterinsights_sitenote_active":false,"_monsterinsights_sitenote_note":"","_monsterinsights_sitenote_category":0,"footnotes":""},"categories":[42],"tags":[],"yoast_head":"<!-- This site is optimized with the Yoast SEO plugin v23.4 - https:\/\/yoast.com\/wordpress\/plugins\/seo\/ -->\n<title>P\u00e1t\u00fd sraz fans anglick\u00e9ho fotbalu - Official Czech &amp; Slovak Everton Supporters&#039; Club<\/title>\n<meta name=\"robots\" content=\"index, follow, max-snippet:-1, max-image-preview:large, max-video-preview:-1\" \/>\n<link rel=\"canonical\" href=\"https:\/\/evertonfc.cz\/index.php\/2010\/11\/01\/paty-sraz-fans-anglickeho-fotbalu\/\" \/>\n<meta property=\"og:locale\" content=\"cs_CZ\" \/>\n<meta property=\"og:type\" content=\"article\" \/>\n<meta property=\"og:title\" content=\"P\u00e1t\u00fd sraz fans anglick\u00e9ho fotbalu - Official Czech &amp; Slovak Everton Supporters&#039; Club\" \/>\n<meta property=\"og:description\" content=\"Str\u00e1nka premierleague.cz po\u0159\u00e1d\u00e1 ji\u017e p\u00e1t\u00fd sraz fanou\u0161k\u016f anglick\u00e9ho fotbalu. Tentokr\u00e1t se se v\u0161ichni sejdou v Praze, z\u00fa\u010dastn\u00ed se i Evertonians?&hellip;\" \/>\n<meta property=\"og:url\" content=\"https:\/\/evertonfc.cz\/index.php\/2010\/11\/01\/paty-sraz-fans-anglickeho-fotbalu\/\" \/>\n<meta property=\"og:site_name\" content=\"Official Czech &amp; Slovak Everton Supporters&#039; Club\" \/>\n<meta property=\"article:publisher\" content=\"https:\/\/www.facebook.com\/everton.fans.cz.sk\" \/>\n<meta property=\"article:published_time\" content=\"2010-11-01T21:27:33+00:00\" \/>\n<meta property=\"article:modified_time\" content=\"2019-02-14T23:12:12+00:00\" \/>\n<meta property=\"og:image\" content=\"https:\/\/evertonfc.cz\/wp-content\/uploads\/2019\/01\/news.jpg\" \/>\n\t<meta property=\"og:image:width\" content=\"720\" \/>\n\t<meta property=\"og:image:height\" content=\"405\" \/>\n\t<meta property=\"og:image:type\" content=\"image\/jpeg\" \/>\n<meta name=\"author\" content=\"premierleague.cz\" \/>\n<meta name=\"twitter:card\" content=\"summary_large_image\" \/>\n<meta name=\"twitter:label1\" content=\"Napsal(a)\" \/>\n\t<meta name=\"twitter:data1\" content=\"premierleague.cz\" \/>\n\t<meta name=\"twitter:label2\" content=\"Odhadovan\u00e1 doba \u010dten\u00ed\" \/>\n\t<meta name=\"twitter:data2\" content=\"2 minuty\" \/>\n<script type=\"application\/ld+json\" class=\"yoast-schema-graph\">{\"@context\":\"https:\/\/schema.org\",\"@graph\":[{\"@type\":\"Article\",\"@id\":\"https:\/\/evertonfc.cz\/index.php\/2010\/11\/01\/paty-sraz-fans-anglickeho-fotbalu\/#article\",\"isPartOf\":{\"@id\":\"https:\/\/evertonfc.cz\/index.php\/2010\/11\/01\/paty-sraz-fans-anglickeho-fotbalu\/\"},\"author\":{\"name\":\"premierleague.cz\",\"@id\":\"https:\/\/evertonfc.cz\/#\/schema\/person\/0690e24296ea1918886ee0f6a0b7c1ef\"},\"headline\":\"P\u00e1t\u00fd sraz fans anglick\u00e9ho fotbalu\",\"datePublished\":\"2010-11-01T21:27:33+00:00\",\"dateModified\":\"2019-02-14T23:12:12+00:00\",\"mainEntityOfPage\":{\"@id\":\"https:\/\/evertonfc.cz\/index.php\/2010\/11\/01\/paty-sraz-fans-anglickeho-fotbalu\/\"},\"wordCount\":315,\"commentCount\":0,\"publisher\":{\"@id\":\"https:\/\/evertonfc.cz\/#organization\"},\"image\":{\"@id\":\"https:\/\/evertonfc.cz\/index.php\/2010\/11\/01\/paty-sraz-fans-anglickeho-fotbalu\/#primaryimage\"},\"thumbnailUrl\":\"https:\/\/evertonfc.cz\/wp-content\/uploads\/2019\/01\/news.jpg\",\"articleSection\":[\"Aktuality\"],\"inLanguage\":\"cs\",\"potentialAction\":[{\"@type\":\"CommentAction\",\"name\":\"Comment\",\"target\":[\"https:\/\/evertonfc.cz\/index.php\/2010\/11\/01\/paty-sraz-fans-anglickeho-fotbalu\/#respond\"]}]},{\"@type\":\"WebPage\",\"@id\":\"https:\/\/evertonfc.cz\/index.php\/2010\/11\/01\/paty-sraz-fans-anglickeho-fotbalu\/\",\"url\":\"https:\/\/evertonfc.cz\/index.php\/2010\/11\/01\/paty-sraz-fans-anglickeho-fotbalu\/\",\"name\":\"P\u00e1t\u00fd sraz fans anglick\u00e9ho fotbalu - Official Czech &amp; Slovak Everton Supporters&#039; Club\",\"isPartOf\":{\"@id\":\"https:\/\/evertonfc.cz\/#website\"},\"primaryImageOfPage\":{\"@id\":\"https:\/\/evertonfc.cz\/index.php\/2010\/11\/01\/paty-sraz-fans-anglickeho-fotbalu\/#primaryimage\"},\"image\":{\"@id\":\"https:\/\/evertonfc.cz\/index.php\/2010\/11\/01\/paty-sraz-fans-anglickeho-fotbalu\/#primaryimage\"},\"thumbnailUrl\":\"https:\/\/evertonfc.cz\/wp-content\/uploads\/2019\/01\/news.jpg\",\"datePublished\":\"2010-11-01T21:27:33+00:00\",\"dateModified\":\"2019-02-14T23:12:12+00:00\",\"breadcrumb\":{\"@id\":\"https:\/\/evertonfc.cz\/index.php\/2010\/11\/01\/paty-sraz-fans-anglickeho-fotbalu\/#breadcrumb\"},\"inLanguage\":\"cs\",\"potentialAction\":[{\"@type\":\"ReadAction\",\"target\":[\"https:\/\/evertonfc.cz\/index.php\/2010\/11\/01\/paty-sraz-fans-anglickeho-fotbalu\/\"]}]},{\"@type\":\"ImageObject\",\"inLanguage\":\"cs\",\"@id\":\"https:\/\/evertonfc.cz\/index.php\/2010\/11\/01\/paty-sraz-fans-anglickeho-fotbalu\/#primaryimage\",\"url\":\"https:\/\/evertonfc.cz\/wp-content\/uploads\/2019\/01\/news.jpg\",\"contentUrl\":\"https:\/\/evertonfc.cz\/wp-content\/uploads\/2019\/01\/news.jpg\",\"width\":720,\"height\":405},{\"@type\":\"BreadcrumbList\",\"@id\":\"https:\/\/evertonfc.cz\/index.php\/2010\/11\/01\/paty-sraz-fans-anglickeho-fotbalu\/#breadcrumb\",\"itemListElement\":[{\"@type\":\"ListItem\",\"position\":1,\"name\":\"Home\",\"item\":\"https:\/\/evertonfc.cz\/\"},{\"@type\":\"ListItem\",\"position\":2,\"name\":\"P\u00e1t\u00fd sraz fans anglick\u00e9ho fotbalu\"}]},{\"@type\":\"WebSite\",\"@id\":\"https:\/\/evertonfc.cz\/#website\",\"url\":\"https:\/\/evertonfc.cz\/\",\"name\":\"Official Czech &amp; Slovak Everton Supporters&#039; Club\",\"description\":\"\",\"publisher\":{\"@id\":\"https:\/\/evertonfc.cz\/#organization\"},\"potentialAction\":[{\"@type\":\"SearchAction\",\"target\":{\"@type\":\"EntryPoint\",\"urlTemplate\":\"https:\/\/evertonfc.cz\/?s={search_term_string}\"},\"query-input\":{\"@type\":\"PropertyValueSpecification\",\"valueRequired\":true,\"valueName\":\"search_term_string\"}}],\"inLanguage\":\"cs\"},{\"@type\":\"Organization\",\"@id\":\"https:\/\/evertonfc.cz\/#organization\",\"name\":\"Official Czech & Slovak Everton Supporters' Club\",\"url\":\"https:\/\/evertonfc.cz\/\",\"logo\":{\"@type\":\"ImageObject\",\"inLanguage\":\"cs\",\"@id\":\"https:\/\/evertonfc.cz\/#\/schema\/logo\/image\/\",\"url\":\"https:\/\/evertonfc.cz\/wp-content\/uploads\/2019\/05\/logo.png\",\"contentUrl\":\"https:\/\/evertonfc.cz\/wp-content\/uploads\/2019\/05\/logo.png\",\"width\":112,\"height\":112,\"caption\":\"Official Czech & Slovak Everton Supporters' Club\"},\"image\":{\"@id\":\"https:\/\/evertonfc.cz\/#\/schema\/logo\/image\/\"},\"sameAs\":[\"https:\/\/www.facebook.com\/everton.fans.cz.sk\"]},{\"@type\":\"Person\",\"@id\":\"https:\/\/evertonfc.cz\/#\/schema\/person\/0690e24296ea1918886ee0f6a0b7c1ef\",\"name\":\"premierleague.cz\",\"url\":\"https:\/\/evertonfc.cz\/index.php\/author\/premierleague\/\"}]}<\/script>\n<!-- \/ Yoast SEO plugin. -->","yoast_head_json":{"title":"P\u00e1t\u00fd sraz fans anglick\u00e9ho fotbalu - Official Czech &amp; Slovak Everton Supporters&#039; Club","robots":{"index":"index","follow":"follow","max-snippet":"max-snippet:-1","max-image-preview":"max-image-preview:large","max-video-preview":"max-video-preview:-1"},"canonical":"https:\/\/evertonfc.cz\/index.php\/2010\/11\/01\/paty-sraz-fans-anglickeho-fotbalu\/","og_locale":"cs_CZ","og_type":"article","og_title":"P\u00e1t\u00fd sraz fans anglick\u00e9ho fotbalu - Official Czech &amp; Slovak Everton Supporters&#039; Club","og_description":"Str\u00e1nka premierleague.cz po\u0159\u00e1d\u00e1 ji\u017e p\u00e1t\u00fd sraz fanou\u0161k\u016f anglick\u00e9ho fotbalu. Tentokr\u00e1t se se v\u0161ichni sejdou v Praze, z\u00fa\u010dastn\u00ed se i Evertonians?&hellip;","og_url":"https:\/\/evertonfc.cz\/index.php\/2010\/11\/01\/paty-sraz-fans-anglickeho-fotbalu\/","og_site_name":"Official Czech &amp; Slovak Everton Supporters&#039; Club","article_publisher":"https:\/\/www.facebook.com\/everton.fans.cz.sk","article_published_time":"2010-11-01T21:27:33+00:00","article_modified_time":"2019-02-14T23:12:12+00:00","og_image":[{"width":720,"height":405,"url":"https:\/\/evertonfc.cz\/wp-content\/uploads\/2019\/01\/news.jpg","type":"image\/jpeg"}],"author":"premierleague.cz","twitter_card":"summary_large_image","twitter_misc":{"Napsal(a)":"premierleague.cz","Odhadovan\u00e1 doba \u010dten\u00ed":"2 minuty"},"schema":{"@context":"https:\/\/schema.org","@graph":[{"@type":"Article","@id":"https:\/\/evertonfc.cz\/index.php\/2010\/11\/01\/paty-sraz-fans-anglickeho-fotbalu\/#article","isPartOf":{"@id":"https:\/\/evertonfc.cz\/index.php\/2010\/11\/01\/paty-sraz-fans-anglickeho-fotbalu\/"},"author":{"name":"premierleague.cz","@id":"https:\/\/evertonfc.cz\/#\/schema\/person\/0690e24296ea1918886ee0f6a0b7c1ef"},"headline":"P\u00e1t\u00fd sraz fans anglick\u00e9ho fotbalu","datePublished":"2010-11-01T21:27:33+00:00","dateModified":"2019-02-14T23:12:12+00:00","mainEntityOfPage":{"@id":"https:\/\/evertonfc.cz\/index.php\/2010\/11\/01\/paty-sraz-fans-anglickeho-fotbalu\/"},"wordCount":315,"commentCount":0,"publisher":{"@id":"https:\/\/evertonfc.cz\/#organization"},"image":{"@id":"https:\/\/evertonfc.cz\/index.php\/2010\/11\/01\/paty-sraz-fans-anglickeho-fotbalu\/#primaryimage"},"thumbnailUrl":"https:\/\/evertonfc.cz\/wp-content\/uploads\/2019\/01\/news.jpg","articleSection":["Aktuality"],"inLanguage":"cs","potentialAction":[{"@type":"CommentAction","name":"Comment","target":["https:\/\/evertonfc.cz\/index.php\/2010\/11\/01\/paty-sraz-fans-anglickeho-fotbalu\/#respond"]}]},{"@type":"WebPage","@id":"https:\/\/evertonfc.cz\/index.php\/2010\/11\/01\/paty-sraz-fans-anglickeho-fotbalu\/","url":"https:\/\/evertonfc.cz\/index.php\/2010\/11\/01\/paty-sraz-fans-anglickeho-fotbalu\/","name":"P\u00e1t\u00fd sraz fans anglick\u00e9ho fotbalu - Official Czech &amp; Slovak Everton Supporters&#039; Club","isPartOf":{"@id":"https:\/\/evertonfc.cz\/#website"},"primaryImageOfPage":{"@id":"https:\/\/evertonfc.cz\/index.php\/2010\/11\/01\/paty-sraz-fans-anglickeho-fotbalu\/#primaryimage"},"image":{"@id":"https:\/\/evertonfc.cz\/index.php\/2010\/11\/01\/paty-sraz-fans-anglickeho-fotbalu\/#primaryimage"},"thumbnailUrl":"https:\/\/evertonfc.cz\/wp-content\/uploads\/2019\/01\/news.jpg","datePublished":"2010-11-01T21:27:33+00:00","dateModified":"2019-02-14T23:12:12+00:00","breadcrumb":{"@id":"https:\/\/evertonfc.cz\/index.php\/2010\/11\/01\/paty-sraz-fans-anglickeho-fotbalu\/#breadcrumb"},"inLanguage":"cs","potentialAction":[{"@type":"ReadAction","target":["https:\/\/evertonfc.cz\/index.php\/2010\/11\/01\/paty-sraz-fans-anglickeho-fotbalu\/"]}]},{"@type":"ImageObject","inLanguage":"cs","@id":"https:\/\/evertonfc.cz\/index.php\/2010\/11\/01\/paty-sraz-fans-anglickeho-fotbalu\/#primaryimage","url":"https:\/\/evertonfc.cz\/wp-content\/uploads\/2019\/01\/news.jpg","contentUrl":"https:\/\/evertonfc.cz\/wp-content\/uploads\/2019\/01\/news.jpg","width":720,"height":405},{"@type":"BreadcrumbList","@id":"https:\/\/evertonfc.cz\/index.php\/2010\/11\/01\/paty-sraz-fans-anglickeho-fotbalu\/#breadcrumb","itemListElement":[{"@type":"ListItem","position":1,"name":"Home","item":"https:\/\/evertonfc.cz\/"},{"@type":"ListItem","position":2,"name":"P\u00e1t\u00fd sraz fans anglick\u00e9ho fotbalu"}]},{"@type":"WebSite","@id":"https:\/\/evertonfc.cz\/#website","url":"https:\/\/evertonfc.cz\/","name":"Official Czech &amp; Slovak Everton Supporters&#039; Club","description":"","publisher":{"@id":"https:\/\/evertonfc.cz\/#organization"},"potentialAction":[{"@type":"SearchAction","target":{"@type":"EntryPoint","urlTemplate":"https:\/\/evertonfc.cz\/?s={search_term_string}"},"query-input":{"@type":"PropertyValueSpecification","valueRequired":true,"valueName":"search_term_string"}}],"inLanguage":"cs"},{"@type":"Organization","@id":"https:\/\/evertonfc.cz\/#organization","name":"Official Czech & Slovak Everton Supporters' Club","url":"https:\/\/evertonfc.cz\/","logo":{"@type":"ImageObject","inLanguage":"cs","@id":"https:\/\/evertonfc.cz\/#\/schema\/logo\/image\/","url":"https:\/\/evertonfc.cz\/wp-content\/uploads\/2019\/05\/logo.png","contentUrl":"https:\/\/evertonfc.cz\/wp-content\/uploads\/2019\/05\/logo.png","width":112,"height":112,"caption":"Official Czech & Slovak Everton Supporters' Club"},"image":{"@id":"https:\/\/evertonfc.cz\/#\/schema\/logo\/image\/"},"sameAs":["https:\/\/www.facebook.com\/everton.fans.cz.sk"]},{"@type":"Person","@id":"https:\/\/evertonfc.cz\/#\/schema\/person\/0690e24296ea1918886ee0f6a0b7c1ef","name":"premierleague.cz","url":"https:\/\/evertonfc.cz\/index.php\/author\/premierleague\/"}]}},"_links":{"self":[{"href":"https:\/\/evertonfc.cz\/index.php\/wp-json\/wp\/v2\/posts\/3320"}],"collection":[{"href":"https:\/\/evertonfc.cz\/index.php\/wp-json\/wp\/v2\/posts"}],"about":[{"href":"https:\/\/evertonfc.cz\/index.php\/wp-json\/wp\/v2\/types\/post"}],"author":[{"embeddable":true,"href":"https:\/\/evertonfc.cz\/index.php\/wp-json\/wp\/v2\/users\/8"}],"replies":[{"embeddable":true,"href":"https:\/\/evertonfc.cz\/index.php\/wp-json\/wp\/v2\/comments?post=3320"}],"version-history":[{"count":2,"href":"https:\/\/evertonfc.cz\/index.php\/wp-json\/wp\/v2\/posts\/3320\/revisions"}],"predecessor-version":[{"id":3449,"href":"https:\/\/evertonfc.cz\/index.php\/wp-json\/wp\/v2\/posts\/3320\/revisions\/3449"}],"wp:featuredmedia":[{"embeddable":true,"href":"https:\/\/evertonfc.cz\/index.php\/wp-json\/wp\/v2\/media\/1313"}],"wp:attachment":[{"href":"https:\/\/evertonfc.cz\/index.php\/wp-json\/wp\/v2\/media?parent=3320"}],"wp:term":[{"taxonomy":"category","embeddable":true,"href":"https:\/\/evertonfc.cz\/index.php\/wp-json\/wp\/v2\/categories?post=3320"},{"taxonomy":"post_tag","embeddable":true,"href":"https:\/\/evertonfc.cz\/index.php\/wp-json\/wp\/v2\/tags?post=3320"}],"curies":[{"name":"wp","href":"https:\/\/api.w.org\/{rel}","templated":true}]}}