{"id":3322,"date":"2010-11-02T22:29:16","date_gmt":"2010-11-02T21:29:16","guid":{"rendered":"http:\/\/evertonfc.cz\/?p=3322"},"modified":"2019-02-11T17:49:16","modified_gmt":"2019-02-11T16:49:16","slug":"prijde-abdullayev","status":"publish","type":"post","link":"https:\/\/evertonfc.cz\/index.php\/2010\/11\/02\/prijde-abdullayev\/","title":{"rendered":"P\u0159ijde Abdullayev?"},"content":{"rendered":"<h4>Toffees st\u00e1le nepotvrdili p\u0159\u00edchod Araze Abdullayeva, p\u0159esto\u017ee maj\u00ed na \u00e1zerb\u00e1jd\u017e\u00e1nsk\u00fd supertalent p\u0159edkupn\u00ed pr\u00e1vo. S\u00e1m hr\u00e1\u010d se u\u017e v\u0161ak chlub\u00ed p\u0159estupem do Anglie.<\/h4>\n<p>Everton si zajistil p\u0159edkupn\u00ed pr\u00e1vo Abdullayeva u\u017e v \u010dervenci po tom, co jenom osmn\u00e1ctilet\u00fd ofenzivn\u00ed k\u0159\u00eddeln\u00edk zaujal scouty i Davida Moyese.<\/p>\n<p>V\u010dera mluv\u010d\u00ed \u00e1zerb\u00e1jd\u017e\u00e1nsk\u00e9ho klubu Neftchi, za n\u011bho\u017e Araz nastupuje prohl\u00e1sil:\u00a0<em>\u201eZ\u00e1stupci anglick\u00e9ho klubu brzy nav\u0161t\u00edv\u00ed Baku, aby s n\u00e1mi v na\u0161em hlavn\u00ed m\u011bst\u011b podepsali smlouvu.\u201c<\/em><\/p>\n<p>Abdullayev pot\u00e9 pro ofici\u00e1ln\u00ed str\u00e1nku sv\u00e9ho zam\u011bstnavatele prozradil:\u00a0<em>\u201eJsem velmi vd\u011b\u010den veden\u00ed Neftchi za v\u0161e, co pro m\u011b ud\u011blali. \u00c1zerb\u00e1jd\u017e\u00e1n a Neftchi budu v Anglii reprezentovat, jak jenom nejl\u00e9pe dovedu. Snad pot\u011b\u0161\u00edm fanou\u0161ky v Evertonu i v \u00c1zerb\u00e1jd\u017e\u00e1nu.\u201c<\/em><\/p>\n<p>Talentovan\u00fd mlad\u00edk a jeho klub berou celou v\u011bc za uzav\u0159enou, Everton v\u0161ak nikoliv. Nezodpov\u011bzena toti\u017e zat\u00edm z\u016fst\u00e1v\u00e1 ot\u00e1zka pracovn\u00edho povolen\u00ed, bez kter\u00e9ho by Abdullayev v Anglii hr\u00e1t nikdy nemohl. Sta\u010d\u00ed si vzpomenout na Nigerijce Victora Obinhu, jemu\u017e \u00fa\u0159adu v Brit\u00e1nie pracovn\u00ed povolen\u00ed nevydaly a za Toffees si nikdy nezahr\u00e1l.<\/p>\n<p>O pochybnostech ohledn\u011b pracovn\u00edho povolen\u00ed pro Araze a o uplatn\u011bn\u00ed jeho p\u0159edkupn\u00edho pr\u00e1va hovo\u0159il pro Liverpool Echo i mluv\u010d\u00ed Evertonu:\u00a0<em>\u201ePoprv\u00e9 na\u0161i \u017e\u00e1dosti odm\u00edtli. St\u00e1le ale nepadlo \u017e\u00e1dn\u00e9 rozhodnut\u00ed o tom, zda uplatn\u00edme na\u0161i v\u00fdhodu.\u201c<\/em><\/p>\n","protected":false},"excerpt":{"rendered":"<p>Toffees st\u00e1le nepotvrdili p\u0159\u00edchod Araze Abdullayeva, p\u0159esto\u017ee maj\u00ed na \u00e1zerb\u00e1jd\u017e\u00e1nsk\u00fd supertalent p\u0159edkupn\u00ed pr\u00e1vo. S\u00e1m hr\u00e1\u010d se u\u017e v\u0161ak chlub\u00ed p\u0159estupem&hellip;<\/p>\n","protected":false},"author":6,"featured_media":1313,"comment_status":"open","ping_status":"closed","sticky":false,"template":"","format":"standard","meta":{"_eb_attr":"","_monsterinsights_skip_tracking":false,"_monsterinsights_sitenote_active":false,"_monsterinsights_sitenote_note":"","_monsterinsights_sitenote_category":0,"footnotes":""},"categories":[42],"tags":[],"yoast_head":"<!-- This site is optimized with the Yoast SEO plugin v23.4 - https:\/\/yoast.com\/wordpress\/plugins\/seo\/ -->\n<title>P\u0159ijde Abdullayev? - Official Czech &amp; Slovak Everton Supporters&#039; Club<\/title>\n<meta name=\"robots\" content=\"index, follow, max-snippet:-1, max-image-preview:large, max-video-preview:-1\" \/>\n<link rel=\"canonical\" href=\"https:\/\/evertonfc.cz\/index.php\/2010\/11\/02\/prijde-abdullayev\/\" \/>\n<meta property=\"og:locale\" content=\"cs_CZ\" \/>\n<meta property=\"og:type\" content=\"article\" \/>\n<meta property=\"og:title\" content=\"P\u0159ijde Abdullayev? - Official Czech &amp; Slovak Everton Supporters&#039; Club\" \/>\n<meta property=\"og:description\" content=\"Toffees st\u00e1le nepotvrdili p\u0159\u00edchod Araze Abdullayeva, p\u0159esto\u017ee maj\u00ed na \u00e1zerb\u00e1jd\u017e\u00e1nsk\u00fd supertalent p\u0159edkupn\u00ed pr\u00e1vo. S\u00e1m hr\u00e1\u010d se u\u017e v\u0161ak chlub\u00ed p\u0159estupem&hellip;\" \/>\n<meta property=\"og:url\" content=\"https:\/\/evertonfc.cz\/index.php\/2010\/11\/02\/prijde-abdullayev\/\" \/>\n<meta property=\"og:site_name\" content=\"Official Czech &amp; Slovak Everton Supporters&#039; Club\" \/>\n<meta property=\"article:publisher\" content=\"https:\/\/www.facebook.com\/everton.fans.cz.sk\" \/>\n<meta property=\"article:published_time\" content=\"2010-11-02T21:29:16+00:00\" \/>\n<meta property=\"article:modified_time\" content=\"2019-02-11T16:49:16+00:00\" \/>\n<meta property=\"og:image\" content=\"https:\/\/evertonfc.cz\/wp-content\/uploads\/2019\/01\/news.jpg\" \/>\n\t<meta property=\"og:image:width\" content=\"720\" \/>\n\t<meta property=\"og:image:height\" content=\"405\" \/>\n\t<meta property=\"og:image:type\" content=\"image\/jpeg\" \/>\n<meta name=\"author\" content=\"Ri\u010di\" \/>\n<meta name=\"twitter:card\" content=\"summary_large_image\" \/>\n<meta name=\"twitter:creator\" content=\"@rbrejsa\" \/>\n<meta name=\"twitter:label1\" content=\"Napsal(a)\" \/>\n\t<meta name=\"twitter:data1\" content=\"Ri\u010di\" \/>\n\t<meta name=\"twitter:label2\" content=\"Odhadovan\u00e1 doba \u010dten\u00ed\" \/>\n\t<meta name=\"twitter:data2\" content=\"1 minuta\" \/>\n<script type=\"application\/ld+json\" class=\"yoast-schema-graph\">{\"@context\":\"https:\/\/schema.org\",\"@graph\":[{\"@type\":\"Article\",\"@id\":\"https:\/\/evertonfc.cz\/index.php\/2010\/11\/02\/prijde-abdullayev\/#article\",\"isPartOf\":{\"@id\":\"https:\/\/evertonfc.cz\/index.php\/2010\/11\/02\/prijde-abdullayev\/\"},\"author\":{\"name\":\"Ri\u010di\",\"@id\":\"https:\/\/evertonfc.cz\/#\/schema\/person\/f7a5daedb2ffee98480bc70e191aaef1\"},\"headline\":\"P\u0159ijde Abdullayev?\",\"datePublished\":\"2010-11-02T21:29:16+00:00\",\"dateModified\":\"2019-02-11T16:49:16+00:00\",\"mainEntityOfPage\":{\"@id\":\"https:\/\/evertonfc.cz\/index.php\/2010\/11\/02\/prijde-abdullayev\/\"},\"wordCount\":262,\"commentCount\":0,\"publisher\":{\"@id\":\"https:\/\/evertonfc.cz\/#organization\"},\"image\":{\"@id\":\"https:\/\/evertonfc.cz\/index.php\/2010\/11\/02\/prijde-abdullayev\/#primaryimage\"},\"thumbnailUrl\":\"https:\/\/evertonfc.cz\/wp-content\/uploads\/2019\/01\/news.jpg\",\"articleSection\":[\"Aktuality\"],\"inLanguage\":\"cs\",\"potentialAction\":[{\"@type\":\"CommentAction\",\"name\":\"Comment\",\"target\":[\"https:\/\/evertonfc.cz\/index.php\/2010\/11\/02\/prijde-abdullayev\/#respond\"]}]},{\"@type\":\"WebPage\",\"@id\":\"https:\/\/evertonfc.cz\/index.php\/2010\/11\/02\/prijde-abdullayev\/\",\"url\":\"https:\/\/evertonfc.cz\/index.php\/2010\/11\/02\/prijde-abdullayev\/\",\"name\":\"P\u0159ijde Abdullayev? - Official Czech &amp; Slovak Everton Supporters&#039; Club\",\"isPartOf\":{\"@id\":\"https:\/\/evertonfc.cz\/#website\"},\"primaryImageOfPage\":{\"@id\":\"https:\/\/evertonfc.cz\/index.php\/2010\/11\/02\/prijde-abdullayev\/#primaryimage\"},\"image\":{\"@id\":\"https:\/\/evertonfc.cz\/index.php\/2010\/11\/02\/prijde-abdullayev\/#primaryimage\"},\"thumbnailUrl\":\"https:\/\/evertonfc.cz\/wp-content\/uploads\/2019\/01\/news.jpg\",\"datePublished\":\"2010-11-02T21:29:16+00:00\",\"dateModified\":\"2019-02-11T16:49:16+00:00\",\"breadcrumb\":{\"@id\":\"https:\/\/evertonfc.cz\/index.php\/2010\/11\/02\/prijde-abdullayev\/#breadcrumb\"},\"inLanguage\":\"cs\",\"potentialAction\":[{\"@type\":\"ReadAction\",\"target\":[\"https:\/\/evertonfc.cz\/index.php\/2010\/11\/02\/prijde-abdullayev\/\"]}]},{\"@type\":\"ImageObject\",\"inLanguage\":\"cs\",\"@id\":\"https:\/\/evertonfc.cz\/index.php\/2010\/11\/02\/prijde-abdullayev\/#primaryimage\",\"url\":\"https:\/\/evertonfc.cz\/wp-content\/uploads\/2019\/01\/news.jpg\",\"contentUrl\":\"https:\/\/evertonfc.cz\/wp-content\/uploads\/2019\/01\/news.jpg\",\"width\":720,\"height\":405},{\"@type\":\"BreadcrumbList\",\"@id\":\"https:\/\/evertonfc.cz\/index.php\/2010\/11\/02\/prijde-abdullayev\/#breadcrumb\",\"itemListElement\":[{\"@type\":\"ListItem\",\"position\":1,\"name\":\"Home\",\"item\":\"https:\/\/evertonfc.cz\/\"},{\"@type\":\"ListItem\",\"position\":2,\"name\":\"P\u0159ijde Abdullayev?\"}]},{\"@type\":\"WebSite\",\"@id\":\"https:\/\/evertonfc.cz\/#website\",\"url\":\"https:\/\/evertonfc.cz\/\",\"name\":\"Official Czech &amp; Slovak Everton Supporters&#039; Club\",\"description\":\"\",\"publisher\":{\"@id\":\"https:\/\/evertonfc.cz\/#organization\"},\"potentialAction\":[{\"@type\":\"SearchAction\",\"target\":{\"@type\":\"EntryPoint\",\"urlTemplate\":\"https:\/\/evertonfc.cz\/?s={search_term_string}\"},\"query-input\":{\"@type\":\"PropertyValueSpecification\",\"valueRequired\":true,\"valueName\":\"search_term_string\"}}],\"inLanguage\":\"cs\"},{\"@type\":\"Organization\",\"@id\":\"https:\/\/evertonfc.cz\/#organization\",\"name\":\"Official Czech & Slovak Everton Supporters' Club\",\"url\":\"https:\/\/evertonfc.cz\/\",\"logo\":{\"@type\":\"ImageObject\",\"inLanguage\":\"cs\",\"@id\":\"https:\/\/evertonfc.cz\/#\/schema\/logo\/image\/\",\"url\":\"https:\/\/evertonfc.cz\/wp-content\/uploads\/2019\/05\/logo.png\",\"contentUrl\":\"https:\/\/evertonfc.cz\/wp-content\/uploads\/2019\/05\/logo.png\",\"width\":112,\"height\":112,\"caption\":\"Official Czech & Slovak Everton Supporters' Club\"},\"image\":{\"@id\":\"https:\/\/evertonfc.cz\/#\/schema\/logo\/image\/\"},\"sameAs\":[\"https:\/\/www.facebook.com\/everton.fans.cz.sk\"]},{\"@type\":\"Person\",\"@id\":\"https:\/\/evertonfc.cz\/#\/schema\/person\/f7a5daedb2ffee98480bc70e191aaef1\",\"name\":\"Ri\u010di\",\"sameAs\":[\"https:\/\/x.com\/rbrejsa\"],\"url\":\"https:\/\/evertonfc.cz\/index.php\/author\/rici\/\"}]}<\/script>\n<!-- \/ Yoast SEO plugin. -->","yoast_head_json":{"title":"P\u0159ijde Abdullayev? - Official Czech &amp; Slovak Everton Supporters&#039; Club","robots":{"index":"index","follow":"follow","max-snippet":"max-snippet:-1","max-image-preview":"max-image-preview:large","max-video-preview":"max-video-preview:-1"},"canonical":"https:\/\/evertonfc.cz\/index.php\/2010\/11\/02\/prijde-abdullayev\/","og_locale":"cs_CZ","og_type":"article","og_title":"P\u0159ijde Abdullayev? - Official Czech &amp; Slovak Everton Supporters&#039; Club","og_description":"Toffees st\u00e1le nepotvrdili p\u0159\u00edchod Araze Abdullayeva, p\u0159esto\u017ee maj\u00ed na \u00e1zerb\u00e1jd\u017e\u00e1nsk\u00fd supertalent p\u0159edkupn\u00ed pr\u00e1vo. S\u00e1m hr\u00e1\u010d se u\u017e v\u0161ak chlub\u00ed p\u0159estupem&hellip;","og_url":"https:\/\/evertonfc.cz\/index.php\/2010\/11\/02\/prijde-abdullayev\/","og_site_name":"Official Czech &amp; Slovak Everton Supporters&#039; Club","article_publisher":"https:\/\/www.facebook.com\/everton.fans.cz.sk","article_published_time":"2010-11-02T21:29:16+00:00","article_modified_time":"2019-02-11T16:49:16+00:00","og_image":[{"width":720,"height":405,"url":"https:\/\/evertonfc.cz\/wp-content\/uploads\/2019\/01\/news.jpg","type":"image\/jpeg"}],"author":"Ri\u010di","twitter_card":"summary_large_image","twitter_creator":"@rbrejsa","twitter_misc":{"Napsal(a)":"Ri\u010di","Odhadovan\u00e1 doba \u010dten\u00ed":"1 minuta"},"schema":{"@context":"https:\/\/schema.org","@graph":[{"@type":"Article","@id":"https:\/\/evertonfc.cz\/index.php\/2010\/11\/02\/prijde-abdullayev\/#article","isPartOf":{"@id":"https:\/\/evertonfc.cz\/index.php\/2010\/11\/02\/prijde-abdullayev\/"},"author":{"name":"Ri\u010di","@id":"https:\/\/evertonfc.cz\/#\/schema\/person\/f7a5daedb2ffee98480bc70e191aaef1"},"headline":"P\u0159ijde Abdullayev?","datePublished":"2010-11-02T21:29:16+00:00","dateModified":"2019-02-11T16:49:16+00:00","mainEntityOfPage":{"@id":"https:\/\/evertonfc.cz\/index.php\/2010\/11\/02\/prijde-abdullayev\/"},"wordCount":262,"commentCount":0,"publisher":{"@id":"https:\/\/evertonfc.cz\/#organization"},"image":{"@id":"https:\/\/evertonfc.cz\/index.php\/2010\/11\/02\/prijde-abdullayev\/#primaryimage"},"thumbnailUrl":"https:\/\/evertonfc.cz\/wp-content\/uploads\/2019\/01\/news.jpg","articleSection":["Aktuality"],"inLanguage":"cs","potentialAction":[{"@type":"CommentAction","name":"Comment","target":["https:\/\/evertonfc.cz\/index.php\/2010\/11\/02\/prijde-abdullayev\/#respond"]}]},{"@type":"WebPage","@id":"https:\/\/evertonfc.cz\/index.php\/2010\/11\/02\/prijde-abdullayev\/","url":"https:\/\/evertonfc.cz\/index.php\/2010\/11\/02\/prijde-abdullayev\/","name":"P\u0159ijde Abdullayev? - Official Czech &amp; Slovak Everton Supporters&#039; Club","isPartOf":{"@id":"https:\/\/evertonfc.cz\/#website"},"primaryImageOfPage":{"@id":"https:\/\/evertonfc.cz\/index.php\/2010\/11\/02\/prijde-abdullayev\/#primaryimage"},"image":{"@id":"https:\/\/evertonfc.cz\/index.php\/2010\/11\/02\/prijde-abdullayev\/#primaryimage"},"thumbnailUrl":"https:\/\/evertonfc.cz\/wp-content\/uploads\/2019\/01\/news.jpg","datePublished":"2010-11-02T21:29:16+00:00","dateModified":"2019-02-11T16:49:16+00:00","breadcrumb":{"@id":"https:\/\/evertonfc.cz\/index.php\/2010\/11\/02\/prijde-abdullayev\/#breadcrumb"},"inLanguage":"cs","potentialAction":[{"@type":"ReadAction","target":["https:\/\/evertonfc.cz\/index.php\/2010\/11\/02\/prijde-abdullayev\/"]}]},{"@type":"ImageObject","inLanguage":"cs","@id":"https:\/\/evertonfc.cz\/index.php\/2010\/11\/02\/prijde-abdullayev\/#primaryimage","url":"https:\/\/evertonfc.cz\/wp-content\/uploads\/2019\/01\/news.jpg","contentUrl":"https:\/\/evertonfc.cz\/wp-content\/uploads\/2019\/01\/news.jpg","width":720,"height":405},{"@type":"BreadcrumbList","@id":"https:\/\/evertonfc.cz\/index.php\/2010\/11\/02\/prijde-abdullayev\/#breadcrumb","itemListElement":[{"@type":"ListItem","position":1,"name":"Home","item":"https:\/\/evertonfc.cz\/"},{"@type":"ListItem","position":2,"name":"P\u0159ijde Abdullayev?"}]},{"@type":"WebSite","@id":"https:\/\/evertonfc.cz\/#website","url":"https:\/\/evertonfc.cz\/","name":"Official Czech &amp; Slovak Everton Supporters&#039; Club","description":"","publisher":{"@id":"https:\/\/evertonfc.cz\/#organization"},"potentialAction":[{"@type":"SearchAction","target":{"@type":"EntryPoint","urlTemplate":"https:\/\/evertonfc.cz\/?s={search_term_string}"},"query-input":{"@type":"PropertyValueSpecification","valueRequired":true,"valueName":"search_term_string"}}],"inLanguage":"cs"},{"@type":"Organization","@id":"https:\/\/evertonfc.cz\/#organization","name":"Official Czech & Slovak Everton Supporters' Club","url":"https:\/\/evertonfc.cz\/","logo":{"@type":"ImageObject","inLanguage":"cs","@id":"https:\/\/evertonfc.cz\/#\/schema\/logo\/image\/","url":"https:\/\/evertonfc.cz\/wp-content\/uploads\/2019\/05\/logo.png","contentUrl":"https:\/\/evertonfc.cz\/wp-content\/uploads\/2019\/05\/logo.png","width":112,"height":112,"caption":"Official Czech & Slovak Everton Supporters' Club"},"image":{"@id":"https:\/\/evertonfc.cz\/#\/schema\/logo\/image\/"},"sameAs":["https:\/\/www.facebook.com\/everton.fans.cz.sk"]},{"@type":"Person","@id":"https:\/\/evertonfc.cz\/#\/schema\/person\/f7a5daedb2ffee98480bc70e191aaef1","name":"Ri\u010di","sameAs":["https:\/\/x.com\/rbrejsa"],"url":"https:\/\/evertonfc.cz\/index.php\/author\/rici\/"}]}},"_links":{"self":[{"href":"https:\/\/evertonfc.cz\/index.php\/wp-json\/wp\/v2\/posts\/3322"}],"collection":[{"href":"https:\/\/evertonfc.cz\/index.php\/wp-json\/wp\/v2\/posts"}],"about":[{"href":"https:\/\/evertonfc.cz\/index.php\/wp-json\/wp\/v2\/types\/post"}],"author":[{"embeddable":true,"href":"https:\/\/evertonfc.cz\/index.php\/wp-json\/wp\/v2\/users\/6"}],"replies":[{"embeddable":true,"href":"https:\/\/evertonfc.cz\/index.php\/wp-json\/wp\/v2\/comments?post=3322"}],"version-history":[{"count":3,"href":"https:\/\/evertonfc.cz\/index.php\/wp-json\/wp\/v2\/posts\/3322\/revisions"}],"predecessor-version":[{"id":3451,"href":"https:\/\/evertonfc.cz\/index.php\/wp-json\/wp\/v2\/posts\/3322\/revisions\/3451"}],"wp:featuredmedia":[{"embeddable":true,"href":"https:\/\/evertonfc.cz\/index.php\/wp-json\/wp\/v2\/media\/1313"}],"wp:attachment":[{"href":"https:\/\/evertonfc.cz\/index.php\/wp-json\/wp\/v2\/media?parent=3322"}],"wp:term":[{"taxonomy":"category","embeddable":true,"href":"https:\/\/evertonfc.cz\/index.php\/wp-json\/wp\/v2\/categories?post=3322"},{"taxonomy":"post_tag","embeddable":true,"href":"https:\/\/evertonfc.cz\/index.php\/wp-json\/wp\/v2\/tags?post=3322"}],"curies":[{"name":"wp","href":"https:\/\/api.w.org\/{rel}","templated":true}]}}