{"id":3324,"date":"2010-11-02T22:31:33","date_gmt":"2010-11-02T21:31:33","guid":{"rendered":"http:\/\/evertonfc.cz\/?p=3324"},"modified":"2019-02-11T17:49:48","modified_gmt":"2019-02-11T16:49:48","slug":"heitinga-odhodlan-bojovat","status":"publish","type":"post","link":"https:\/\/evertonfc.cz\/index.php\/2010\/11\/02\/heitinga-odhodlan-bojovat\/","title":{"rendered":"Heitinga odhodl\u00e1n bojovat"},"content":{"rendered":"<h4>Obr\u00e1nce Johny Heitinga je p\u0159ipraven hodit za hlavu sv\u016fj nevyda\u0159en\u00fd start do leto\u0161n\u00ed sez\u00f3ny a hodl\u00e1 zabojovat o trval\u00e9 m\u00edsto v z\u00e1kladn\u00ed sestav\u011b.<\/h4>\n<p>Nizozemsk\u00fd reprezentant zme\u0161kal velkou \u010d\u00e1st p\u0159edsez\u00f3nn\u00ed p\u0159\u00edpravy kv\u016fli \u00fa\u010dasti na Mistrovstv\u00ed sv\u011bta. D\u00e1 se \u0159\u00edct, \u017ee Heitinga nasko\u010dil do rozjet\u00e9ho vlaku, proto v \u00favodn\u00edch z\u00e1pasech Premier League pouze zah\u0159\u00edval lavi\u010dku n\u00e1hradn\u00edk\u016f. V posledn\u00ed dob\u011b se ale kone\u010dn\u011b probojoval do z\u00e1kladn\u00ed sestavy (hlavn\u011b v\u0161ak d\u00edky zran\u011bn\u00ed Fellainiho) a proti Stoke o v\u00edkendu poprv\u00e9 v nov\u00e9 sez\u00f3n\u011b odehr\u00e1l cel\u00e9 utk\u00e1n\u00ed.<\/p>\n<p><em>\u201eKone\u010dn\u011b jsem stoprocentn\u011b\u00a0fit. Po mistrovstv\u00ed sv\u011bta jsem m\u011bl jen kr\u00e1tkou letn\u00ed p\u0159est\u00e1vku ne\u017e jsem se vr\u00e1til do Evertonu. Nebylo to pro m\u011b snadn\u00e9, jeliko\u017e se na m\u011b nabalilo p\u00e1r nep\u0159\u00edjemn\u00fdch zdravotn\u00edch komplikac\u00ed. Jak \u0159\u00edk\u00e1m ale, v sou\u010dasnosti jsem u\u017e \u00fapln\u011b v po\u0159\u00e1dku a jsem p\u0159ipraven pravideln\u011b nastupovat.<\/em><\/p>\n<p><em>Hr\u00e1l jsem a\u017e do 11. \u010dervence, co\u017e byl posledn\u00ed den na Mistrovstv\u00ed sv\u011bta. V\u011bt\u0161ina fotbalist\u016f si u\u017e\u00edvala dovolenou osm t\u00fddn\u016f, jeliko\u017e jim sez\u00f3na skon\u010dila n\u011bkdy na konci kv\u011btna. V jejich letn\u00ed p\u0159est\u00e1vce a v m\u00e9 je viditeln\u00fd rozd\u00edl. Bylo to pro m\u011b dlouh\u00e9 a t\u011b\u017ek\u00e9 l\u00e9to.<\/em><\/p>\n<p><em>Pod\u00edvejte se na hr\u00e1\u010de, kte\u0159\u00ed reprezentovali sv\u00e9 zem\u011b na \u0161ampion\u00e1tu. Pot\u00fdkaj\u00ed se se zdravotn\u00edmi komplikacemi, jeden bojuje s v\u00e1\u017en\u00fdm zran\u011bn\u00edm &#8211; druh\u00fd zase s men\u0161\u00edm. M\u011b se to ov\u0161em ji\u017e net\u00fdk\u00e1, jsem p\u0159ipraven hr\u00e1t z\u00e1pasy. Uv\u011bdomuji si, jak\u00e9 m\u00e1me v Evertonu dobr\u00e9 fotbalisty a siln\u00e9 mu\u017estvo. Jsem p\u0159ipraven bojovat o sv\u00e9 m\u00edsto,\u201c<\/em>\u00a0nechal se sly\u0161et \u0161estadvacetilet\u00fd zad\u00e1k.<\/p>\n<p>V druh\u00e9 \u010d\u00e1sti rozhovoru Heitinga hovo\u0159il o holandsk\u00e9m ta\u017een\u00ed na mistrovstv\u00ed. Nizozemci do\u0161li a\u017e do fin\u00e1le, kde ale podlehli \u0160pan\u011blsku. Heitinga byl po cel\u00fd turnaj stabiln\u00edm \u010dlenem stopersk\u00e9 dvojice Oranjes a oporou t\u00fdmu, ve fin\u00e1le ale vid\u011bl od rozhod\u010d\u00edho Webba \u010dervenou kartu. Anglick\u00e9mu sud\u00edmu av\u0161ak nic nevy\u010d\u00edt\u00e1.<\/p>\n<p><em>\u201ePo \u0161ampion\u00e1tu u m\u011b panovalo obrovsk\u00e9 zklam\u00e1n\u00ed. Dos\u00e1hli jsme fin\u00e1le, v n\u011bm\u017e jsme podlehli velmi kvalitn\u00edmu mu\u017estvu a\u017e g\u00f3lem v prodlou\u017een\u00ed. B\u00fdt na mistrovstv\u00ed sv\u011bta druh\u00fd je kr\u00e1sn\u00e9, kdy\u017e u\u017e ale dojdete tak daleko, chcete vyhr\u00e1t. Na turnaj u\u017e ani nemysl\u00edm, proto\u017ee bych to neunesl. Nen\u00e1vid\u00edm prohry, a\u0165 se jedn\u00e1 o jak\u00fdkoliv z\u00e1pas, zvl\u00e1\u0161\u0165 pokud jde o fin\u00e1le MS. Holandsko se ve fin\u00e1le objevilo po 32 letech, tak\u017ee v cel\u00e9 zemi \u0161lo o velkou ud\u00e1lost.<\/em><\/p>\n<p><em>Co se ty\u010de rozhod\u010d\u00edho. Sice m\u011b vylou\u010dil, ov\u0161em stejn\u011b jako j\u00e1 i on je \u010dlov\u011bk a jedn\u00e1 se pouze o fotbal, tak\u017ee tyhle v\u011bci se prost\u011b st\u00e1vaj\u00ed. Soust\u0159ed\u00edm se pouze na Everton. Webb \u0159\u00eddil Merseyside derby, j\u00e1 mu ale nic ne\u0159ekl. Jen jsem mu podal ruku a \u0161el d\u00e1l.\u201c<\/em><\/p>\n","protected":false},"excerpt":{"rendered":"<p>Obr\u00e1nce Johny Heitinga je p\u0159ipraven hodit za hlavu sv\u016fj nevyda\u0159en\u00fd start do leto\u0161n\u00ed sez\u00f3ny a hodl\u00e1 zabojovat o trval\u00e9 m\u00edsto&hellip;<\/p>\n","protected":false},"author":6,"featured_media":1312,"comment_status":"open","ping_status":"closed","sticky":false,"template":"","format":"standard","meta":{"_eb_attr":"","_monsterinsights_skip_tracking":false,"_monsterinsights_sitenote_active":false,"_monsterinsights_sitenote_note":"","_monsterinsights_sitenote_category":0,"footnotes":""},"categories":[1],"tags":[],"yoast_head":"<!-- This site is optimized with the Yoast SEO plugin v23.4 - https:\/\/yoast.com\/wordpress\/plugins\/seo\/ -->\n<title>Heitinga odhodl\u00e1n bojovat - Official Czech &amp; Slovak Everton Supporters&#039; Club<\/title>\n<meta name=\"robots\" content=\"index, follow, max-snippet:-1, max-image-preview:large, max-video-preview:-1\" \/>\n<link rel=\"canonical\" href=\"https:\/\/evertonfc.cz\/index.php\/2010\/11\/02\/heitinga-odhodlan-bojovat\/\" \/>\n<meta property=\"og:locale\" content=\"cs_CZ\" \/>\n<meta property=\"og:type\" content=\"article\" \/>\n<meta property=\"og:title\" content=\"Heitinga odhodl\u00e1n bojovat - Official Czech &amp; Slovak Everton Supporters&#039; Club\" \/>\n<meta property=\"og:description\" content=\"Obr\u00e1nce Johny Heitinga je p\u0159ipraven hodit za hlavu sv\u016fj nevyda\u0159en\u00fd start do leto\u0161n\u00ed sez\u00f3ny a hodl\u00e1 zabojovat o trval\u00e9 m\u00edsto&hellip;\" \/>\n<meta property=\"og:url\" content=\"https:\/\/evertonfc.cz\/index.php\/2010\/11\/02\/heitinga-odhodlan-bojovat\/\" \/>\n<meta property=\"og:site_name\" content=\"Official Czech &amp; Slovak Everton Supporters&#039; Club\" \/>\n<meta property=\"article:publisher\" content=\"https:\/\/www.facebook.com\/everton.fans.cz.sk\" \/>\n<meta property=\"article:published_time\" content=\"2010-11-02T21:31:33+00:00\" \/>\n<meta property=\"article:modified_time\" content=\"2019-02-11T16:49:48+00:00\" \/>\n<meta property=\"og:image\" content=\"https:\/\/evertonfc.cz\/wp-content\/uploads\/2019\/01\/interview.jpg\" \/>\n\t<meta property=\"og:image:width\" content=\"720\" \/>\n\t<meta property=\"og:image:height\" content=\"405\" \/>\n\t<meta property=\"og:image:type\" content=\"image\/jpeg\" \/>\n<meta name=\"author\" content=\"Ri\u010di\" \/>\n<meta name=\"twitter:card\" content=\"summary_large_image\" \/>\n<meta name=\"twitter:creator\" content=\"@rbrejsa\" \/>\n<meta name=\"twitter:label1\" content=\"Napsal(a)\" \/>\n\t<meta name=\"twitter:data1\" content=\"Ri\u010di\" \/>\n\t<meta name=\"twitter:label2\" content=\"Odhadovan\u00e1 doba \u010dten\u00ed\" \/>\n\t<meta name=\"twitter:data2\" content=\"3 minuty\" \/>\n<script type=\"application\/ld+json\" class=\"yoast-schema-graph\">{\"@context\":\"https:\/\/schema.org\",\"@graph\":[{\"@type\":\"Article\",\"@id\":\"https:\/\/evertonfc.cz\/index.php\/2010\/11\/02\/heitinga-odhodlan-bojovat\/#article\",\"isPartOf\":{\"@id\":\"https:\/\/evertonfc.cz\/index.php\/2010\/11\/02\/heitinga-odhodlan-bojovat\/\"},\"author\":{\"name\":\"Ri\u010di\",\"@id\":\"https:\/\/evertonfc.cz\/#\/schema\/person\/f7a5daedb2ffee98480bc70e191aaef1\"},\"headline\":\"Heitinga odhodl\u00e1n bojovat\",\"datePublished\":\"2010-11-02T21:31:33+00:00\",\"dateModified\":\"2019-02-11T16:49:48+00:00\",\"mainEntityOfPage\":{\"@id\":\"https:\/\/evertonfc.cz\/index.php\/2010\/11\/02\/heitinga-odhodlan-bojovat\/\"},\"wordCount\":538,\"commentCount\":0,\"publisher\":{\"@id\":\"https:\/\/evertonfc.cz\/#organization\"},\"image\":{\"@id\":\"https:\/\/evertonfc.cz\/index.php\/2010\/11\/02\/heitinga-odhodlan-bojovat\/#primaryimage\"},\"thumbnailUrl\":\"https:\/\/evertonfc.cz\/wp-content\/uploads\/2019\/01\/interview.jpg\",\"articleSection\":[\"Rozhovory\"],\"inLanguage\":\"cs\",\"potentialAction\":[{\"@type\":\"CommentAction\",\"name\":\"Comment\",\"target\":[\"https:\/\/evertonfc.cz\/index.php\/2010\/11\/02\/heitinga-odhodlan-bojovat\/#respond\"]}]},{\"@type\":\"WebPage\",\"@id\":\"https:\/\/evertonfc.cz\/index.php\/2010\/11\/02\/heitinga-odhodlan-bojovat\/\",\"url\":\"https:\/\/evertonfc.cz\/index.php\/2010\/11\/02\/heitinga-odhodlan-bojovat\/\",\"name\":\"Heitinga odhodl\u00e1n bojovat - Official Czech &amp; Slovak Everton Supporters&#039; Club\",\"isPartOf\":{\"@id\":\"https:\/\/evertonfc.cz\/#website\"},\"primaryImageOfPage\":{\"@id\":\"https:\/\/evertonfc.cz\/index.php\/2010\/11\/02\/heitinga-odhodlan-bojovat\/#primaryimage\"},\"image\":{\"@id\":\"https:\/\/evertonfc.cz\/index.php\/2010\/11\/02\/heitinga-odhodlan-bojovat\/#primaryimage\"},\"thumbnailUrl\":\"https:\/\/evertonfc.cz\/wp-content\/uploads\/2019\/01\/interview.jpg\",\"datePublished\":\"2010-11-02T21:31:33+00:00\",\"dateModified\":\"2019-02-11T16:49:48+00:00\",\"breadcrumb\":{\"@id\":\"https:\/\/evertonfc.cz\/index.php\/2010\/11\/02\/heitinga-odhodlan-bojovat\/#breadcrumb\"},\"inLanguage\":\"cs\",\"potentialAction\":[{\"@type\":\"ReadAction\",\"target\":[\"https:\/\/evertonfc.cz\/index.php\/2010\/11\/02\/heitinga-odhodlan-bojovat\/\"]}]},{\"@type\":\"ImageObject\",\"inLanguage\":\"cs\",\"@id\":\"https:\/\/evertonfc.cz\/index.php\/2010\/11\/02\/heitinga-odhodlan-bojovat\/#primaryimage\",\"url\":\"https:\/\/evertonfc.cz\/wp-content\/uploads\/2019\/01\/interview.jpg\",\"contentUrl\":\"https:\/\/evertonfc.cz\/wp-content\/uploads\/2019\/01\/interview.jpg\",\"width\":720,\"height\":405},{\"@type\":\"BreadcrumbList\",\"@id\":\"https:\/\/evertonfc.cz\/index.php\/2010\/11\/02\/heitinga-odhodlan-bojovat\/#breadcrumb\",\"itemListElement\":[{\"@type\":\"ListItem\",\"position\":1,\"name\":\"Home\",\"item\":\"https:\/\/evertonfc.cz\/\"},{\"@type\":\"ListItem\",\"position\":2,\"name\":\"Heitinga odhodl\u00e1n bojovat\"}]},{\"@type\":\"WebSite\",\"@id\":\"https:\/\/evertonfc.cz\/#website\",\"url\":\"https:\/\/evertonfc.cz\/\",\"name\":\"Official Czech &amp; Slovak Everton Supporters&#039; Club\",\"description\":\"\",\"publisher\":{\"@id\":\"https:\/\/evertonfc.cz\/#organization\"},\"potentialAction\":[{\"@type\":\"SearchAction\",\"target\":{\"@type\":\"EntryPoint\",\"urlTemplate\":\"https:\/\/evertonfc.cz\/?s={search_term_string}\"},\"query-input\":{\"@type\":\"PropertyValueSpecification\",\"valueRequired\":true,\"valueName\":\"search_term_string\"}}],\"inLanguage\":\"cs\"},{\"@type\":\"Organization\",\"@id\":\"https:\/\/evertonfc.cz\/#organization\",\"name\":\"Official Czech & Slovak Everton Supporters' Club\",\"url\":\"https:\/\/evertonfc.cz\/\",\"logo\":{\"@type\":\"ImageObject\",\"inLanguage\":\"cs\",\"@id\":\"https:\/\/evertonfc.cz\/#\/schema\/logo\/image\/\",\"url\":\"https:\/\/evertonfc.cz\/wp-content\/uploads\/2019\/05\/logo.png\",\"contentUrl\":\"https:\/\/evertonfc.cz\/wp-content\/uploads\/2019\/05\/logo.png\",\"width\":112,\"height\":112,\"caption\":\"Official Czech & Slovak Everton Supporters' Club\"},\"image\":{\"@id\":\"https:\/\/evertonfc.cz\/#\/schema\/logo\/image\/\"},\"sameAs\":[\"https:\/\/www.facebook.com\/everton.fans.cz.sk\"]},{\"@type\":\"Person\",\"@id\":\"https:\/\/evertonfc.cz\/#\/schema\/person\/f7a5daedb2ffee98480bc70e191aaef1\",\"name\":\"Ri\u010di\",\"sameAs\":[\"https:\/\/x.com\/rbrejsa\"],\"url\":\"https:\/\/evertonfc.cz\/index.php\/author\/rici\/\"}]}<\/script>\n<!-- \/ Yoast SEO plugin. -->","yoast_head_json":{"title":"Heitinga odhodl\u00e1n bojovat - Official Czech &amp; Slovak Everton Supporters&#039; Club","robots":{"index":"index","follow":"follow","max-snippet":"max-snippet:-1","max-image-preview":"max-image-preview:large","max-video-preview":"max-video-preview:-1"},"canonical":"https:\/\/evertonfc.cz\/index.php\/2010\/11\/02\/heitinga-odhodlan-bojovat\/","og_locale":"cs_CZ","og_type":"article","og_title":"Heitinga odhodl\u00e1n bojovat - Official Czech &amp; Slovak Everton Supporters&#039; Club","og_description":"Obr\u00e1nce Johny Heitinga je p\u0159ipraven hodit za hlavu sv\u016fj nevyda\u0159en\u00fd start do leto\u0161n\u00ed sez\u00f3ny a hodl\u00e1 zabojovat o trval\u00e9 m\u00edsto&hellip;","og_url":"https:\/\/evertonfc.cz\/index.php\/2010\/11\/02\/heitinga-odhodlan-bojovat\/","og_site_name":"Official Czech &amp; Slovak Everton Supporters&#039; Club","article_publisher":"https:\/\/www.facebook.com\/everton.fans.cz.sk","article_published_time":"2010-11-02T21:31:33+00:00","article_modified_time":"2019-02-11T16:49:48+00:00","og_image":[{"width":720,"height":405,"url":"https:\/\/evertonfc.cz\/wp-content\/uploads\/2019\/01\/interview.jpg","type":"image\/jpeg"}],"author":"Ri\u010di","twitter_card":"summary_large_image","twitter_creator":"@rbrejsa","twitter_misc":{"Napsal(a)":"Ri\u010di","Odhadovan\u00e1 doba \u010dten\u00ed":"3 minuty"},"schema":{"@context":"https:\/\/schema.org","@graph":[{"@type":"Article","@id":"https:\/\/evertonfc.cz\/index.php\/2010\/11\/02\/heitinga-odhodlan-bojovat\/#article","isPartOf":{"@id":"https:\/\/evertonfc.cz\/index.php\/2010\/11\/02\/heitinga-odhodlan-bojovat\/"},"author":{"name":"Ri\u010di","@id":"https:\/\/evertonfc.cz\/#\/schema\/person\/f7a5daedb2ffee98480bc70e191aaef1"},"headline":"Heitinga odhodl\u00e1n bojovat","datePublished":"2010-11-02T21:31:33+00:00","dateModified":"2019-02-11T16:49:48+00:00","mainEntityOfPage":{"@id":"https:\/\/evertonfc.cz\/index.php\/2010\/11\/02\/heitinga-odhodlan-bojovat\/"},"wordCount":538,"commentCount":0,"publisher":{"@id":"https:\/\/evertonfc.cz\/#organization"},"image":{"@id":"https:\/\/evertonfc.cz\/index.php\/2010\/11\/02\/heitinga-odhodlan-bojovat\/#primaryimage"},"thumbnailUrl":"https:\/\/evertonfc.cz\/wp-content\/uploads\/2019\/01\/interview.jpg","articleSection":["Rozhovory"],"inLanguage":"cs","potentialAction":[{"@type":"CommentAction","name":"Comment","target":["https:\/\/evertonfc.cz\/index.php\/2010\/11\/02\/heitinga-odhodlan-bojovat\/#respond"]}]},{"@type":"WebPage","@id":"https:\/\/evertonfc.cz\/index.php\/2010\/11\/02\/heitinga-odhodlan-bojovat\/","url":"https:\/\/evertonfc.cz\/index.php\/2010\/11\/02\/heitinga-odhodlan-bojovat\/","name":"Heitinga odhodl\u00e1n bojovat - Official Czech &amp; Slovak Everton Supporters&#039; Club","isPartOf":{"@id":"https:\/\/evertonfc.cz\/#website"},"primaryImageOfPage":{"@id":"https:\/\/evertonfc.cz\/index.php\/2010\/11\/02\/heitinga-odhodlan-bojovat\/#primaryimage"},"image":{"@id":"https:\/\/evertonfc.cz\/index.php\/2010\/11\/02\/heitinga-odhodlan-bojovat\/#primaryimage"},"thumbnailUrl":"https:\/\/evertonfc.cz\/wp-content\/uploads\/2019\/01\/interview.jpg","datePublished":"2010-11-02T21:31:33+00:00","dateModified":"2019-02-11T16:49:48+00:00","breadcrumb":{"@id":"https:\/\/evertonfc.cz\/index.php\/2010\/11\/02\/heitinga-odhodlan-bojovat\/#breadcrumb"},"inLanguage":"cs","potentialAction":[{"@type":"ReadAction","target":["https:\/\/evertonfc.cz\/index.php\/2010\/11\/02\/heitinga-odhodlan-bojovat\/"]}]},{"@type":"ImageObject","inLanguage":"cs","@id":"https:\/\/evertonfc.cz\/index.php\/2010\/11\/02\/heitinga-odhodlan-bojovat\/#primaryimage","url":"https:\/\/evertonfc.cz\/wp-content\/uploads\/2019\/01\/interview.jpg","contentUrl":"https:\/\/evertonfc.cz\/wp-content\/uploads\/2019\/01\/interview.jpg","width":720,"height":405},{"@type":"BreadcrumbList","@id":"https:\/\/evertonfc.cz\/index.php\/2010\/11\/02\/heitinga-odhodlan-bojovat\/#breadcrumb","itemListElement":[{"@type":"ListItem","position":1,"name":"Home","item":"https:\/\/evertonfc.cz\/"},{"@type":"ListItem","position":2,"name":"Heitinga odhodl\u00e1n bojovat"}]},{"@type":"WebSite","@id":"https:\/\/evertonfc.cz\/#website","url":"https:\/\/evertonfc.cz\/","name":"Official Czech &amp; Slovak Everton Supporters&#039; Club","description":"","publisher":{"@id":"https:\/\/evertonfc.cz\/#organization"},"potentialAction":[{"@type":"SearchAction","target":{"@type":"EntryPoint","urlTemplate":"https:\/\/evertonfc.cz\/?s={search_term_string}"},"query-input":{"@type":"PropertyValueSpecification","valueRequired":true,"valueName":"search_term_string"}}],"inLanguage":"cs"},{"@type":"Organization","@id":"https:\/\/evertonfc.cz\/#organization","name":"Official Czech & Slovak Everton Supporters' Club","url":"https:\/\/evertonfc.cz\/","logo":{"@type":"ImageObject","inLanguage":"cs","@id":"https:\/\/evertonfc.cz\/#\/schema\/logo\/image\/","url":"https:\/\/evertonfc.cz\/wp-content\/uploads\/2019\/05\/logo.png","contentUrl":"https:\/\/evertonfc.cz\/wp-content\/uploads\/2019\/05\/logo.png","width":112,"height":112,"caption":"Official Czech & Slovak Everton Supporters' Club"},"image":{"@id":"https:\/\/evertonfc.cz\/#\/schema\/logo\/image\/"},"sameAs":["https:\/\/www.facebook.com\/everton.fans.cz.sk"]},{"@type":"Person","@id":"https:\/\/evertonfc.cz\/#\/schema\/person\/f7a5daedb2ffee98480bc70e191aaef1","name":"Ri\u010di","sameAs":["https:\/\/x.com\/rbrejsa"],"url":"https:\/\/evertonfc.cz\/index.php\/author\/rici\/"}]}},"_links":{"self":[{"href":"https:\/\/evertonfc.cz\/index.php\/wp-json\/wp\/v2\/posts\/3324"}],"collection":[{"href":"https:\/\/evertonfc.cz\/index.php\/wp-json\/wp\/v2\/posts"}],"about":[{"href":"https:\/\/evertonfc.cz\/index.php\/wp-json\/wp\/v2\/types\/post"}],"author":[{"embeddable":true,"href":"https:\/\/evertonfc.cz\/index.php\/wp-json\/wp\/v2\/users\/6"}],"replies":[{"embeddable":true,"href":"https:\/\/evertonfc.cz\/index.php\/wp-json\/wp\/v2\/comments?post=3324"}],"version-history":[{"count":3,"href":"https:\/\/evertonfc.cz\/index.php\/wp-json\/wp\/v2\/posts\/3324\/revisions"}],"predecessor-version":[{"id":3453,"href":"https:\/\/evertonfc.cz\/index.php\/wp-json\/wp\/v2\/posts\/3324\/revisions\/3453"}],"wp:featuredmedia":[{"embeddable":true,"href":"https:\/\/evertonfc.cz\/index.php\/wp-json\/wp\/v2\/media\/1312"}],"wp:attachment":[{"href":"https:\/\/evertonfc.cz\/index.php\/wp-json\/wp\/v2\/media?parent=3324"}],"wp:term":[{"taxonomy":"category","embeddable":true,"href":"https:\/\/evertonfc.cz\/index.php\/wp-json\/wp\/v2\/categories?post=3324"},{"taxonomy":"post_tag","embeddable":true,"href":"https:\/\/evertonfc.cz\/index.php\/wp-json\/wp\/v2\/tags?post=3324"}],"curies":[{"name":"wp","href":"https:\/\/api.w.org\/{rel}","templated":true}]}}