{"id":3339,"date":"2010-11-09T08:59:11","date_gmt":"2010-11-09T07:59:11","guid":{"rendered":"http:\/\/evertonfc.cz\/?p=3339"},"modified":"2019-02-11T17:52:45","modified_gmt":"2019-02-11T16:52:45","slug":"fans-interview-bolton-wanderers","status":"publish","type":"post","link":"https:\/\/evertonfc.cz\/index.php\/2010\/11\/09\/fans-interview-bolton-wanderers\/","title":{"rendered":"Fans interview: Bolton Wanderers"},"content":{"rendered":"<h4>V \u010cesk\u00e9 ani ve Slovensk\u00e9 republice Bolton Wanderers zrovna p\u0159ebytek fanou\u0161k\u016f nem\u00e1, i proto nen\u00ed T-Mac pro v\u011bt\u0161inu lid\u00ed velkou nezn\u00e1mou.<\/h4>\n<p><strong>Bolton se zrovna v m\u00edstn\u00edch zem\u011bpisn\u00fdch \u0161\u00ed\u0159k\u00e1ch net\u011b\u0161\u00ed p\u0159\u00edli\u0161 velk\u00e9 oblib\u011b fanou\u0161k\u016f, co bylo proto hlavn\u00edm impulsem k tv\u00e9mu fand\u011bn\u00ed?<\/strong><\/p>\n<p>Je to pom\u011brn\u011b diskutabiln\u00ed t\u00e9ma, zda se Bolton t\u011b\u0161\u00ed \u010di net\u011b\u0161\u00ed oblib\u011b fanou\u0161k\u016f. Klub m\u00e1 ur\u010dit\u011b \u0161ir\u0161\u00ed fanou\u0161kovskou z\u00e1kladnu ne\u017e se moment\u00e1ln\u011b zd\u00e1, v\u017edy\u0165 v\u00a0dob\u011b \u201evl\u00e1dy\u201c Big Sama m\u011bl Bolton p\u0159ibli\u017en\u011b od roku 2001 do 2006\/7 neust\u00e1le pr\u016fm\u011brnou n\u00e1v\u0161t\u011bvnost mezi 25 \u2013 27 tis\u00edci div\u00e1k\u016f, to i p\u0159es nevoli k\u00a0Reebok Stadium oproti tradi\u010dn\u00edmu Burnden Parku, kdy\u017e nav\u00edc mus\u00ed fanou\u0161ci cestovat do Horwiche n\u011bjak\u00fdch 7 mil, co\u017e celkov\u011b na osmadvacetitis\u00edcov\u00e9m stadi\u00f3nu ur\u010dit\u011b nen\u00ed \u0161patn\u00e1 bilance. Tis\u00edce div\u00e1k\u016f pot\u00e9 ale odradil odchod Big Sama, p\u0159esun na post mana\u017eera Sammy Leeho a p\u0159edev\u0161\u00edm Gary Megson, jen\u017e sv\u00fdm hern\u00edm pojet\u00edm a celkov\u011b komunikac\u00ed s\u00a0m\u00e9dii a fanou\u0161ky spoust\u011b lid\u00ed fotbal v\u00a0t\u00e9to oblasti znechutil, nav\u00edc modern\u00ed se zde st\u00e1v\u00e1 fandit Manchesteru United a Owena Coyla tak \u010dek\u00e1 je\u0161t\u011b spousta pr\u00e1ce, aby nav\u00e1zal na \u00fasp\u011b\u0161n\u00e9 p\u016fsoben\u00ed Big Sama. J\u00e1 osobn\u011b jsem Trotters za\u010dal fandit po setk\u00e1n\u00ed s\u00a0p\u0159\u00edznivci tohoto t\u00fdmu na dovolen\u00e9 v\u00a0za\u010d\u00e1tc\u00edch uplynul\u00e9ho desetilet\u00ed a p\u0159edev\u0161\u00edm po skv\u011bl\u00e9m p\u0159edstaven\u00ed fanou\u0161k\u016f Boltonu v\u00a0Mnichov\u011b na Bayernu, kdy jsem m\u011bl tento z\u00e1pas mo\u017enost nav\u0161t\u00edvit. Od t\u00e9 doby jezd\u00edm do Boltonu velmi r\u00e1d, m\u00e1m tam p\u0159\u00e1tel\u00e9 a celkov\u011b se mi t\u00fdm l\u00edb\u00ed dlouhodob\u011b slo\u017een\u00edm i tradi\u010dn\u00edm britsk\u00fdm pojet\u00edm.<\/p>\n<p><strong>Sam Allardyce dok\u00e1zal s Trotters velk\u00e9 v\u011bci, po jeho odchodu v\u0161ak postupn\u011b vyho\u0159el Sammy Lee a Gary Megson. A\u017e Owen Coyle se zd\u00e1 b\u00fdt mu\u017eem na sv\u00e9m m\u00edst\u011b. V \u010dem m\u00e1 Coyle oproti dvojici Lee-Megson navrch?<\/strong><\/p>\n<p>V\u0161echnu \u010dest Sammy Leemu, coby asistent Sama Allardyce odv\u00e1d\u011bl dobr\u00e9 slu\u017eby, ale jeho kvality nejsou dostate\u010dn\u00e9 na to, aby vedl klub z\u00a0Premier League coby mana\u017eer a m\u011bl v\u0161e pod sebou, Gary Megson pak neusp\u011bl hern\u00edm pojet\u00edm, kdy by nejrad\u0161i slo\u017eil st\u0159edovou formaci ze sam\u00fdch defenzivn\u00edch z\u00e1lo\u017en\u00edk\u016f a vysloven\u011b jen br\u00e1nil, nezvl\u00e1dal i komunikaci, kdy v\u00a0podstat\u011b odm\u00edtal jak\u00e9koliv st\u0159etnut\u00ed s\u00a0fanou\u0161ky, vyslechnut\u00ed jejich n\u00e1zoru, nap\u0159. Owen Coyle po\u0159\u00e1d\u00e1 pom\u011brn\u011b pravideln\u011b setk\u00e1n\u00ed s\u00a0fanou\u0161ky, i proto je tak obl\u00edben\u00fd. Nav\u00edc ur\u010dit\u011b ne \u017ee by kvalita mana\u017eera se ukazovala podle oble\u010den\u00ed, nicm\u00e9n\u011b svoji soudr\u017enost s\u00a0t\u00fdmem d\u00e1v\u00e1 Owen Coyle najevo t\u00edm, \u017ee a\u010d je l\u00e9to \u010di zima, v\u017edy kou\u010duje v\u00a0dresu, tren\u00fdrk\u00e1ch a \u0161tulpn\u00e1ch, maxim\u00e1ln\u011b kdy\u017e je skute\u010dn\u011b velk\u00e1 zima, tak si vezme na sebe alespo\u0148 mikinu a z\u00e1pasy pravideln\u011b tr\u00e1v\u00ed z\u00a0velk\u00e9 v\u011bt\u0161iny u postrann\u00ed \u010d\u00e1ry, nejrad\u0161i by na h\u0159i\u0161t\u011b v\u017edy vb\u011bhl s\u00e1m a uk\u00e1zal hr\u00e1\u010d\u016fm re\u00e1ln\u011b, jak \u017ee se to m\u00e1 hr\u00e1t. Nenapad\u00e1 m\u011b moment\u00e1ln\u011b \u017e\u00e1dn\u00fd jin\u00fd mana\u017eer, kter\u00fd by volil podobn\u00fd \u201eDress code\u201c pro z\u00e1pasy Premier League.<\/p>\n<p><strong>Jak si se d\u00edval na p\u0159estup Owena Coyla z konkuren\u010dn\u00edho Burnley?<\/strong><\/p>\n<p>Kdy\u017e kon\u010dil na p\u0159elomu roku ve sv\u00e9 funkci Gary Megson, n\u011bkte\u0159\u00ed fanou\u0161ci se samoz\u0159ejm\u011b zm\u00ednili, \u017ee by r\u00e1di vid\u011bli ve funkci Owena Coyla, jen\u017ee vzhledem k\u00a0jeho \u00fasp\u011bch\u016fm v\u00a0konkuren\u010dn\u00edm Burnley to vypadalo a\u017e t\u00e9m\u011b\u0159 nere\u00e1ln\u011b, pomalu denn\u011b jsem sledoval pohyb kurz\u016f s\u00e1zkov\u00fdch kancel\u00e1\u0159\u00ed a Coyle za\u010d\u00ednal s\u00a0kurzem 30:1, s\u00e1zkov\u00e9 kancel\u00e1\u0159e si nedovedly p\u0159edstavit, \u017ee by t\u00fdm kou\u010doval n\u011bkdo jin\u00fd ne\u017e Paul Jewell \u010di Peter Reid, situace se pak prvn\u00ed lednov\u00fd t\u00fdden m\u011bnila t\u00e9m\u011b\u0159 ka\u017edou hodinou a \u010d\u00edm d\u00e1l tim v\u00edce jsem za\u010d\u00ednal v\u011b\u0159it p\u0159\u00edchodu Owena Coyla, by\u0165 bylo i v\u00a0Boltonu v\u0161em jasn\u00e9, \u017ee to bude jak\u00e1si \u201esvi\u0148\u00e1rna\u201c v\u016f\u010di Burnley, co\u017e ale nikomu nevadilo a i j\u00e1 byl zv\u011bdav na reakci fanou\u0161k\u016f Burnley, pokud by Coyle skute\u010dn\u011b p\u0159i\u0161el. Nakonec se tak stalo a shodou okolnost\u00ed prvn\u00ed dom\u00e1c\u00ed z\u00e1pas Coyla byl vz\u00e1jemn\u00fd duel Bolton \u2013 Burnley, kter\u00fd se prom\u011bnil v\u00a0t\u00e9to situaci na z\u00e1pas se skute\u010dn\u011b vynikaj\u00edc\u00ed atmosf\u00e9rou, mnohdy a\u017e fanatickou z\u00a0obou stran, sice bylo plno vz\u00e1jemn\u00fdch ur\u00e1\u017eek, ale mysl\u00edm \u017ee z\u00a0fanou\u0161kovsk\u00e9 str\u00e1nky se ten z\u00e1pas stal jedn\u00edm z\u00a0vrchol\u016f sez\u00f3ny. Bolton nav\u00edc vyhr\u00e1l 1:0, pro Trotters se Coyle stal hrdinou, pro Clarets \u017didem.<\/p>\n<p><strong>Bolton se v sou\u010dasnosti nach\u00e1z\u00ed na \u0161est\u00e9m m\u00edst\u011b, na jak\u00fdch p\u0159\u00ed\u010dk\u00e1ch by se ale m\u011bl pohybovat na konci sout\u011b\u017ee?<\/strong><\/p>\n<p>V\u00a0letech 2004 \u2013 2007 se pod Big Samem Bolton um\u00edstil poka\u017ed\u00e9 ve \u010dty\u0159ech po sob\u011b jdouc\u00edch sez\u00f3n\u00e1ch v\u00a0Top 8, co\u017e dok\u00e1zal mimo Big 4 jako jedin\u00fd t\u00fdm ze v\u0161ech a samoz\u0159ejm\u011b fanou\u0161ky namlsal, tak\u017ee ten n\u00e1sledn\u00fd p\u00e1d dol\u016f byl velmi krut\u00fd. Moment\u00e1ln\u011b se zd\u00e1, \u017ee by se mohlo op\u011bt bl\u00fdskat na lep\u0161\u00ed \u010dasy, povinnost\u00ed je skon\u010dit do n\u011bjak\u00e9ho dvan\u00e1ct\u00e9ho m\u00edsta, \u00fasp\u011bchem bude t\u0159eba takov\u00e9 dev\u00e1t\u00e9 m\u00edsto. V\u00a0boj o evropsk\u00e9 poh\u00e1ry zat\u00edm moc nev\u011b\u0159\u00edm, sez\u00f3na bude velmi dlouh\u00e1, t\u00fdmy jsou velice vyrovnan\u00e9, nicm\u00e9n\u011b byl by to kr\u00e1sn\u00fd sen. Ale sez\u00f3na bude je\u0161t\u011b dlouh\u00e1 a n\u00e1ro\u010dn\u00e1.<\/p>\n<p><strong>Je v k\u00e1dru n\u011bjak\u00fd hr\u00e1\u010d, kter\u00fd u\u017e p\u0159erostl Bolton, a m\u00e1 na to hr\u00e1t za lep\u0161\u00ed klub?<\/strong><\/p>\n<p>Samoz\u0159ejm\u011b, moment\u00e1ln\u011b se mluv\u00ed zejm\u00e9na o mlad\u00e9m triu Gary Cahill, Fabrice Muamba a Lee Chun-Yong. Cahill se stal jasn\u00fdm l\u00eddrem obrany a zvl\u00e1d\u00e1 svoji roli dokonale, dokonce se jako prvn\u00ed fotbalista Boltonu po osmi letech pod\u00edval do reprezentace Albionu a ur\u010dit\u011b m\u00e1 nam\u00ed\u0159eno v\u00fd\u0161, je to pouze ot\u00e1zkou \u010dasu.<\/p>\n<p>Fabrice Muamba byl ji\u017e v\u00a018 letech pevn\u00fdm \u010dlenem z\u00e1kladn\u00ed sestavy Birminghamu, po dvou letech a n\u00e1sledn\u00e9m sestupu p\u0159estoupil do Boltonu a ve sv\u00fdch moment\u00e1ln\u011b 22 letech m\u00e1 za sebou a\u017e neuv\u011b\u0159itelnou bilanci 156 ligov\u00fdch z\u00e1pas\u016f. V\u00a0reprezentaci do 21 let u\u017e m\u00e1 za sebou t\u00e9m\u011b\u0159 t\u0159i des\u00edtky mezist\u00e1tn\u00edch z\u00e1pas\u016f a na \u010dervnov\u00e9m evropsk\u00e9m \u0161ampion\u00e1tu jist\u011b p\u0159id\u00e1 dal\u0161\u00ed duely. Nejeden medi\u00e1ln\u00ed server jej dokonce vid\u00ed v\u00a0z\u00e1kladn\u00ed sestav\u011b Anglie pro MS v\u00a0Braz\u00edlii 2014 a opravdu bych se tomu nedivil. U\u017e loni byl vyhl\u00e1\u0161en nejlep\u0161\u00edm hr\u00e1\u010dem sez\u00f3ny v\u00a0Boltonu, letos je op\u011bt stabiln\u00ed oporou, kdy kryje z\u00e1da Holanovi, z\u00edsk\u00e1 spoustu m\u00ed\u010d\u016f a je\u0161t\u011b je dok\u00e1\u017ee dob\u0159e rozdat. Jeho snad jedin\u00fdm m\u00ednusem je zakon\u010den\u00ed, na n\u011bm\u017e by je\u0161t\u011b pot\u0159eboval zapracovat.<\/p>\n<p>Lee Chun-yong p\u0159i\u0161el loni v\u00a0l\u00e9t\u011b jako pom\u011brn\u011b nezn\u00e1m\u00fd mlad\u00edk z\u00a0korejsk\u00e9ho FC Soul, nicm\u00e9n\u011b se 2,2M stal nejdra\u017e\u0161\u00edm asijsk\u00fdm fotbalistou do 21 let a z\u00e1rove\u0148 cel\u00e9 korejsk\u00e9 historie. Rozhodn\u011b v\u0161ak nikdo netu\u0161il, \u017ee nebude pot\u0159ebovat tak\u0159ka \u017e\u00e1dnou adaptaci, okam\u017eit\u011b se stal \u010dlenem z\u00e1kladn\u00ed sestavy, letos ji\u017e o n\u011bj m\u011bl z\u00e1jem Liverpool, spekulovalo se o \u010d\u00e1stce 8 mili\u00f3n\u016f liber, kterou je Liverpool schopen uvolnit, kluby se v\u0161ak nedohodly a Lee z\u016fstal v\u00a0Boltonu, ot\u00e1zkou je jak dlouho.<\/p>\n<p><strong>Owen Coyle m\u00e1 ve sv\u00e9m mu\u017estvu dva fotbalisty \u0161ir\u0161\u00edho v\u00fdb\u011bru anglick\u00e9 reprezentace, co\u017e nebylo u Wanderers p\u0159\u00edli\u0161 zvykem. Jsou Gary Cahill a Kevin Davies platn\u00fdmi \u010dleny Albionu?<\/strong><\/p>\n<p>Jak jsem ji\u017e zmi\u0148oval, na dlouh\u00e9 roky posledn\u00edm hr\u00e1\u010dem Boltonu v\u00a0dresu Albionu byl Michael Ricketts v\u00a0roce 2002, kdy si nav\u00edc je\u0161t\u011b jen zahr\u00e1l polo\u010das v\u00a0p\u0159\u00edpravn\u00e9m z\u00e1pase s\u00a0Nizozemskem a pro fanou\u0161ky Boltonu i pro cel\u00fd klub je to obrovsk\u00e1 \u010dest, m\u00edt dva hr\u00e1\u010de v\u00a0\u0161ir\u0161\u00edm k\u00e1dru. Gary Cahill d\u00edky skv\u011bl\u00e9 form\u011b po p\u0159\u00edchodu Coyla byl pova\u017eov\u00e1n m\u00e9dii i experty za t\u00e9m\u011b\u0159 jistou sou\u010d\u00e1st k\u00e1dru n\u00e1rodn\u00edho t\u00fdmu pro MS v\u00a0Jihoafrick\u00e9 republice, nicm\u00e9n\u011b t\u0159\u00edm\u011bs\u00ed\u010dn\u00ed zran\u011bn\u00ed, kdy m\u011bl krevn\u00ed sra\u017eeninu v\u00a0pa\u017ei, zastavilo jeho snahu. Jeho \u010dasy v\u0161ak je\u0161t\u011b p\u0159ijdou a u\u017e si zahr\u00e1l i v\u00a0sou\u010dasn\u00e9 kvalifikaci pro ME 2012.<\/p>\n<p>I Kevin Davies m\u011bl velmi bl\u00edzko k\u00a0n\u00e1rodn\u00edmu t\u00fdmu, ale to dokonce v\u00a0roce 1998, kdy byl v\u00a0\u0161ir\u0161\u00ed nominaci na MS do Francie po vynikaj\u00edc\u00edch v\u00fdkonech v\u00a0dresu Saints, nakonec se do n\u00ed t\u011bsn\u011b neve\u0161el a po p\u0159estupu do Blackburnu v\u00fdrazn\u011b kvalitativn\u011b upadl vinou mnoha zran\u011bn\u00ed a do n\u00e1rodn\u00edho t\u00fdmu nakoukl a\u017e ned\u00e1vno proti \u010cern\u00e9 Ho\u0159e, kdy se stal nejstar\u0161\u00edm debutantem v\u00a0dresu Albionu po 60 letech, z\u00a0\u010deho\u017e m\u011bli v\u0161ichni p\u0159\u00edznivci Trotters obrovskou radost a Davo ukazuje sv\u00fdmi v\u00fdkony i nad\u00e1le, \u017ee jeho povol\u00e1n\u00ed do reprezentace nebyl omyl, ba naopak. Ur\u010dit\u011b v\u00a0tomto kvalifika\u010dn\u00edm cyklu jeho budoucnost je\u0161t\u011b vid\u00edm, Gary Cahill s\u00a0Fabrice Muambou maj\u00ed velmi bl\u00edzko k\u00a0\u0161anci st\u00e1t se pravideln\u00fdmi \u010dleny k\u00e1dru pro dal\u0161\u00ed cyklus na MS 2014.<\/p>\n<p><strong>Reebok Stadium je celkem nov\u00fd st\u00e1nek, jak se ti zamlouv\u00e1?<\/strong><\/p>\n<p>Mn\u011b osobn\u011b se stadi\u00f3n zamlouv\u00e1, jeliko\u017e nepat\u0159\u00ed mezi ty \u00fapln\u011b nejnov\u011bj\u0161\u00ed, tak je to je\u0161t\u011b varianta stadi\u00f3nu mezi t\u011bmi \u201estar\u00fdmi\u201c dobr\u00fdmi anglick\u00fdmi stadiony a t\u011bmi modern\u00edmi, nejv\u011bt\u0161\u00ed vadu nach\u00e1z\u00edm ve faktu, \u017ee stadion nen\u00ed um\u00edst\u011bn v\u00a0Boltonu, ale v\u00a0Horwichi, jak jsem ji\u017e zmi\u0148oval a i dom\u00e1c\u00ed fanou\u0161ci tak mus\u00ed v\u00a0drtiv\u00e9 v\u011bt\u0161in\u011b doj\u00ed\u017ed\u011bt. Klub jim sice vyhovuje mnoha autobusy za jednu libru z\u00a0Boltonu. Star\u00fd Burnden Park m\u011bl sv\u00e9 kouzlo, ale celkov\u011b ve\u0159ejnost v\u00a0Boltonu i p\u0159es nevoli k\u00a0Reebok Stadium uznala, \u017ee ji\u017e p\u0159\u00edli\u0161 nevyhovoval pot\u0159eb\u00e1m klubu v\u00a0druh\u00e9 nejvy\u0161\u0161\u00ed sout\u011b\u017ei, nato\u017e v\u00a0Premier League. Mnoho fanou\u0161k\u016f si klub nav\u00edc udob\u0159il, kdy\u017e i s\u00a0pomoc\u00ed p\u0159\u00edslu\u0161n\u00fdch \u00fa\u0159ad\u016f p\u0159ejmenoval ulici pod\u00e9l stadi\u00f3nu na Burnden Way.<\/p>\n<p><strong>Ivan Campo, Jay Jay Okocha, Ricardo Gardner, to je v\u00fd\u010det jen n\u011bkolika sympatick\u00fdch hr\u00e1\u010d\u016f Boltonu z novodob\u00e9 historie. Kter\u00fd player klubu u\u010daroval tebe?<\/strong><\/p>\n<p>Nejv\u00edce m\u011b u\u010daroval Jussi J\u00e4\u00e4skel\u00e4inen, kter\u00fd ji\u017e 12 let je naprostou jedni\u010dkou mezi ty\u010demi, odchytal za klub ji\u017e na 430 ligov\u00fdch z\u00e1pas\u016f, nepo\u010d\u00edtaje v\u00a0to poh\u00e1rov\u00e9 doma i v\u00a0Evrop\u011b a mysl\u00edm, \u017ee jeho kvality jsou nedocen\u011bn\u00e9, nebo\u0165 je to spolehliv\u00fd brank\u00e1\u0159, kter\u00fd vytv\u00e1\u0159\u00ed naprost\u00e9 minimum chyb a mnohdy dok\u00e1\u017ee s\u00e1m vychytat body z\u00a0jednotliv\u00fdch z\u00e1pas\u016f skv\u011bl\u00fdmi z\u00e1kroky.<\/p>\n<p><strong>Tip na z\u00e1pas?<\/strong><\/p>\n<p>Jeliko\u017e mimo z\u00e1pasu s\u00a0Liverpoolem bylo v\u0161ech 10 ostatn\u00edch na\u0161ich z\u00e1pas\u016f velmi koukateln\u00fdch z\u00a0obou stran, v\u011b\u0159\u00edm v\u00a0zaj\u00edmavou pod\u00edvanou i tentokr\u00e1t a v\u00fdsledek tipuji 1:1. Nicm\u00e9n\u011b z\u00e1pasy v\u00a0Goodison Parku jsou velmi nevyzpytateln\u00e9, m\u00e1m ve vzpom\u00ednk\u00e1ch na\u0161i v\u00fdhru 4:0 z\u00a0roku 2005, ale tak\u00e9 prohru stejn\u00fdm v\u00fdsledkem tu\u0161\u00edm dva roky zp\u011bt, kdy n\u00e1s Toffees hern\u011b naprosto p\u0159ejeli, ale Owen Coyle prost\u011b nen\u00ed Gary Megson.<\/p>\n","protected":false},"excerpt":{"rendered":"<p>V \u010cesk\u00e9 ani ve Slovensk\u00e9 republice Bolton Wanderers zrovna p\u0159ebytek fanou\u0161k\u016f nem\u00e1, i proto nen\u00ed T-Mac pro v\u011bt\u0161inu lid\u00ed velkou&hellip;<\/p>\n","protected":false},"author":6,"featured_media":1312,"comment_status":"open","ping_status":"closed","sticky":false,"template":"","format":"standard","meta":{"_eb_attr":"","_monsterinsights_skip_tracking":false,"_monsterinsights_sitenote_active":false,"_monsterinsights_sitenote_note":"","_monsterinsights_sitenote_category":0,"footnotes":""},"categories":[1],"tags":[],"yoast_head":"<!-- This site is optimized with the Yoast SEO plugin v23.4 - https:\/\/yoast.com\/wordpress\/plugins\/seo\/ -->\n<title>Fans interview: Bolton Wanderers - Official Czech &amp; Slovak Everton Supporters&#039; Club<\/title>\n<meta name=\"robots\" content=\"index, follow, max-snippet:-1, max-image-preview:large, max-video-preview:-1\" \/>\n<link rel=\"canonical\" href=\"https:\/\/evertonfc.cz\/index.php\/2010\/11\/09\/fans-interview-bolton-wanderers\/\" \/>\n<meta property=\"og:locale\" content=\"cs_CZ\" \/>\n<meta property=\"og:type\" content=\"article\" \/>\n<meta property=\"og:title\" content=\"Fans interview: Bolton Wanderers - Official Czech &amp; Slovak Everton Supporters&#039; Club\" \/>\n<meta property=\"og:description\" content=\"V \u010cesk\u00e9 ani ve Slovensk\u00e9 republice Bolton Wanderers zrovna p\u0159ebytek fanou\u0161k\u016f nem\u00e1, i proto nen\u00ed T-Mac pro v\u011bt\u0161inu lid\u00ed velkou&hellip;\" \/>\n<meta property=\"og:url\" content=\"https:\/\/evertonfc.cz\/index.php\/2010\/11\/09\/fans-interview-bolton-wanderers\/\" \/>\n<meta property=\"og:site_name\" content=\"Official Czech &amp; Slovak Everton Supporters&#039; Club\" \/>\n<meta property=\"article:publisher\" content=\"https:\/\/www.facebook.com\/everton.fans.cz.sk\" \/>\n<meta property=\"article:published_time\" content=\"2010-11-09T07:59:11+00:00\" \/>\n<meta property=\"article:modified_time\" content=\"2019-02-11T16:52:45+00:00\" \/>\n<meta property=\"og:image\" content=\"https:\/\/evertonfc.cz\/wp-content\/uploads\/2019\/01\/interview.jpg\" \/>\n\t<meta property=\"og:image:width\" content=\"720\" \/>\n\t<meta property=\"og:image:height\" content=\"405\" \/>\n\t<meta property=\"og:image:type\" content=\"image\/jpeg\" \/>\n<meta name=\"author\" content=\"Ri\u010di\" \/>\n<meta name=\"twitter:card\" content=\"summary_large_image\" \/>\n<meta name=\"twitter:creator\" content=\"@rbrejsa\" \/>\n<meta name=\"twitter:label1\" content=\"Napsal(a)\" \/>\n\t<meta name=\"twitter:data1\" content=\"Ri\u010di\" \/>\n\t<meta name=\"twitter:label2\" content=\"Odhadovan\u00e1 doba \u010dten\u00ed\" \/>\n\t<meta name=\"twitter:data2\" content=\"10 minut\" \/>\n<script type=\"application\/ld+json\" class=\"yoast-schema-graph\">{\"@context\":\"https:\/\/schema.org\",\"@graph\":[{\"@type\":\"Article\",\"@id\":\"https:\/\/evertonfc.cz\/index.php\/2010\/11\/09\/fans-interview-bolton-wanderers\/#article\",\"isPartOf\":{\"@id\":\"https:\/\/evertonfc.cz\/index.php\/2010\/11\/09\/fans-interview-bolton-wanderers\/\"},\"author\":{\"name\":\"Ri\u010di\",\"@id\":\"https:\/\/evertonfc.cz\/#\/schema\/person\/f7a5daedb2ffee98480bc70e191aaef1\"},\"headline\":\"Fans interview: Bolton Wanderers\",\"datePublished\":\"2010-11-09T07:59:11+00:00\",\"dateModified\":\"2019-02-11T16:52:45+00:00\",\"mainEntityOfPage\":{\"@id\":\"https:\/\/evertonfc.cz\/index.php\/2010\/11\/09\/fans-interview-bolton-wanderers\/\"},\"wordCount\":2042,\"commentCount\":0,\"publisher\":{\"@id\":\"https:\/\/evertonfc.cz\/#organization\"},\"image\":{\"@id\":\"https:\/\/evertonfc.cz\/index.php\/2010\/11\/09\/fans-interview-bolton-wanderers\/#primaryimage\"},\"thumbnailUrl\":\"https:\/\/evertonfc.cz\/wp-content\/uploads\/2019\/01\/interview.jpg\",\"articleSection\":[\"Rozhovory\"],\"inLanguage\":\"cs\",\"potentialAction\":[{\"@type\":\"CommentAction\",\"name\":\"Comment\",\"target\":[\"https:\/\/evertonfc.cz\/index.php\/2010\/11\/09\/fans-interview-bolton-wanderers\/#respond\"]}]},{\"@type\":\"WebPage\",\"@id\":\"https:\/\/evertonfc.cz\/index.php\/2010\/11\/09\/fans-interview-bolton-wanderers\/\",\"url\":\"https:\/\/evertonfc.cz\/index.php\/2010\/11\/09\/fans-interview-bolton-wanderers\/\",\"name\":\"Fans interview: Bolton Wanderers - Official Czech &amp; Slovak Everton Supporters&#039; Club\",\"isPartOf\":{\"@id\":\"https:\/\/evertonfc.cz\/#website\"},\"primaryImageOfPage\":{\"@id\":\"https:\/\/evertonfc.cz\/index.php\/2010\/11\/09\/fans-interview-bolton-wanderers\/#primaryimage\"},\"image\":{\"@id\":\"https:\/\/evertonfc.cz\/index.php\/2010\/11\/09\/fans-interview-bolton-wanderers\/#primaryimage\"},\"thumbnailUrl\":\"https:\/\/evertonfc.cz\/wp-content\/uploads\/2019\/01\/interview.jpg\",\"datePublished\":\"2010-11-09T07:59:11+00:00\",\"dateModified\":\"2019-02-11T16:52:45+00:00\",\"breadcrumb\":{\"@id\":\"https:\/\/evertonfc.cz\/index.php\/2010\/11\/09\/fans-interview-bolton-wanderers\/#breadcrumb\"},\"inLanguage\":\"cs\",\"potentialAction\":[{\"@type\":\"ReadAction\",\"target\":[\"https:\/\/evertonfc.cz\/index.php\/2010\/11\/09\/fans-interview-bolton-wanderers\/\"]}]},{\"@type\":\"ImageObject\",\"inLanguage\":\"cs\",\"@id\":\"https:\/\/evertonfc.cz\/index.php\/2010\/11\/09\/fans-interview-bolton-wanderers\/#primaryimage\",\"url\":\"https:\/\/evertonfc.cz\/wp-content\/uploads\/2019\/01\/interview.jpg\",\"contentUrl\":\"https:\/\/evertonfc.cz\/wp-content\/uploads\/2019\/01\/interview.jpg\",\"width\":720,\"height\":405},{\"@type\":\"BreadcrumbList\",\"@id\":\"https:\/\/evertonfc.cz\/index.php\/2010\/11\/09\/fans-interview-bolton-wanderers\/#breadcrumb\",\"itemListElement\":[{\"@type\":\"ListItem\",\"position\":1,\"name\":\"Home\",\"item\":\"https:\/\/evertonfc.cz\/\"},{\"@type\":\"ListItem\",\"position\":2,\"name\":\"Fans interview: Bolton Wanderers\"}]},{\"@type\":\"WebSite\",\"@id\":\"https:\/\/evertonfc.cz\/#website\",\"url\":\"https:\/\/evertonfc.cz\/\",\"name\":\"Official Czech &amp; Slovak Everton Supporters&#039; Club\",\"description\":\"\",\"publisher\":{\"@id\":\"https:\/\/evertonfc.cz\/#organization\"},\"potentialAction\":[{\"@type\":\"SearchAction\",\"target\":{\"@type\":\"EntryPoint\",\"urlTemplate\":\"https:\/\/evertonfc.cz\/?s={search_term_string}\"},\"query-input\":{\"@type\":\"PropertyValueSpecification\",\"valueRequired\":true,\"valueName\":\"search_term_string\"}}],\"inLanguage\":\"cs\"},{\"@type\":\"Organization\",\"@id\":\"https:\/\/evertonfc.cz\/#organization\",\"name\":\"Official Czech & Slovak Everton Supporters' Club\",\"url\":\"https:\/\/evertonfc.cz\/\",\"logo\":{\"@type\":\"ImageObject\",\"inLanguage\":\"cs\",\"@id\":\"https:\/\/evertonfc.cz\/#\/schema\/logo\/image\/\",\"url\":\"https:\/\/evertonfc.cz\/wp-content\/uploads\/2019\/05\/logo.png\",\"contentUrl\":\"https:\/\/evertonfc.cz\/wp-content\/uploads\/2019\/05\/logo.png\",\"width\":112,\"height\":112,\"caption\":\"Official Czech & Slovak Everton Supporters' Club\"},\"image\":{\"@id\":\"https:\/\/evertonfc.cz\/#\/schema\/logo\/image\/\"},\"sameAs\":[\"https:\/\/www.facebook.com\/everton.fans.cz.sk\"]},{\"@type\":\"Person\",\"@id\":\"https:\/\/evertonfc.cz\/#\/schema\/person\/f7a5daedb2ffee98480bc70e191aaef1\",\"name\":\"Ri\u010di\",\"sameAs\":[\"https:\/\/x.com\/rbrejsa\"],\"url\":\"https:\/\/evertonfc.cz\/index.php\/author\/rici\/\"}]}<\/script>\n<!-- \/ Yoast SEO plugin. -->","yoast_head_json":{"title":"Fans interview: Bolton Wanderers - Official Czech &amp; Slovak Everton Supporters&#039; Club","robots":{"index":"index","follow":"follow","max-snippet":"max-snippet:-1","max-image-preview":"max-image-preview:large","max-video-preview":"max-video-preview:-1"},"canonical":"https:\/\/evertonfc.cz\/index.php\/2010\/11\/09\/fans-interview-bolton-wanderers\/","og_locale":"cs_CZ","og_type":"article","og_title":"Fans interview: Bolton Wanderers - Official Czech &amp; Slovak Everton Supporters&#039; Club","og_description":"V \u010cesk\u00e9 ani ve Slovensk\u00e9 republice Bolton Wanderers zrovna p\u0159ebytek fanou\u0161k\u016f nem\u00e1, i proto nen\u00ed T-Mac pro v\u011bt\u0161inu lid\u00ed velkou&hellip;","og_url":"https:\/\/evertonfc.cz\/index.php\/2010\/11\/09\/fans-interview-bolton-wanderers\/","og_site_name":"Official Czech &amp; Slovak Everton Supporters&#039; Club","article_publisher":"https:\/\/www.facebook.com\/everton.fans.cz.sk","article_published_time":"2010-11-09T07:59:11+00:00","article_modified_time":"2019-02-11T16:52:45+00:00","og_image":[{"width":720,"height":405,"url":"https:\/\/evertonfc.cz\/wp-content\/uploads\/2019\/01\/interview.jpg","type":"image\/jpeg"}],"author":"Ri\u010di","twitter_card":"summary_large_image","twitter_creator":"@rbrejsa","twitter_misc":{"Napsal(a)":"Ri\u010di","Odhadovan\u00e1 doba \u010dten\u00ed":"10 minut"},"schema":{"@context":"https:\/\/schema.org","@graph":[{"@type":"Article","@id":"https:\/\/evertonfc.cz\/index.php\/2010\/11\/09\/fans-interview-bolton-wanderers\/#article","isPartOf":{"@id":"https:\/\/evertonfc.cz\/index.php\/2010\/11\/09\/fans-interview-bolton-wanderers\/"},"author":{"name":"Ri\u010di","@id":"https:\/\/evertonfc.cz\/#\/schema\/person\/f7a5daedb2ffee98480bc70e191aaef1"},"headline":"Fans interview: Bolton Wanderers","datePublished":"2010-11-09T07:59:11+00:00","dateModified":"2019-02-11T16:52:45+00:00","mainEntityOfPage":{"@id":"https:\/\/evertonfc.cz\/index.php\/2010\/11\/09\/fans-interview-bolton-wanderers\/"},"wordCount":2042,"commentCount":0,"publisher":{"@id":"https:\/\/evertonfc.cz\/#organization"},"image":{"@id":"https:\/\/evertonfc.cz\/index.php\/2010\/11\/09\/fans-interview-bolton-wanderers\/#primaryimage"},"thumbnailUrl":"https:\/\/evertonfc.cz\/wp-content\/uploads\/2019\/01\/interview.jpg","articleSection":["Rozhovory"],"inLanguage":"cs","potentialAction":[{"@type":"CommentAction","name":"Comment","target":["https:\/\/evertonfc.cz\/index.php\/2010\/11\/09\/fans-interview-bolton-wanderers\/#respond"]}]},{"@type":"WebPage","@id":"https:\/\/evertonfc.cz\/index.php\/2010\/11\/09\/fans-interview-bolton-wanderers\/","url":"https:\/\/evertonfc.cz\/index.php\/2010\/11\/09\/fans-interview-bolton-wanderers\/","name":"Fans interview: Bolton Wanderers - Official Czech &amp; Slovak Everton Supporters&#039; Club","isPartOf":{"@id":"https:\/\/evertonfc.cz\/#website"},"primaryImageOfPage":{"@id":"https:\/\/evertonfc.cz\/index.php\/2010\/11\/09\/fans-interview-bolton-wanderers\/#primaryimage"},"image":{"@id":"https:\/\/evertonfc.cz\/index.php\/2010\/11\/09\/fans-interview-bolton-wanderers\/#primaryimage"},"thumbnailUrl":"https:\/\/evertonfc.cz\/wp-content\/uploads\/2019\/01\/interview.jpg","datePublished":"2010-11-09T07:59:11+00:00","dateModified":"2019-02-11T16:52:45+00:00","breadcrumb":{"@id":"https:\/\/evertonfc.cz\/index.php\/2010\/11\/09\/fans-interview-bolton-wanderers\/#breadcrumb"},"inLanguage":"cs","potentialAction":[{"@type":"ReadAction","target":["https:\/\/evertonfc.cz\/index.php\/2010\/11\/09\/fans-interview-bolton-wanderers\/"]}]},{"@type":"ImageObject","inLanguage":"cs","@id":"https:\/\/evertonfc.cz\/index.php\/2010\/11\/09\/fans-interview-bolton-wanderers\/#primaryimage","url":"https:\/\/evertonfc.cz\/wp-content\/uploads\/2019\/01\/interview.jpg","contentUrl":"https:\/\/evertonfc.cz\/wp-content\/uploads\/2019\/01\/interview.jpg","width":720,"height":405},{"@type":"BreadcrumbList","@id":"https:\/\/evertonfc.cz\/index.php\/2010\/11\/09\/fans-interview-bolton-wanderers\/#breadcrumb","itemListElement":[{"@type":"ListItem","position":1,"name":"Home","item":"https:\/\/evertonfc.cz\/"},{"@type":"ListItem","position":2,"name":"Fans interview: Bolton Wanderers"}]},{"@type":"WebSite","@id":"https:\/\/evertonfc.cz\/#website","url":"https:\/\/evertonfc.cz\/","name":"Official Czech &amp; Slovak Everton Supporters&#039; Club","description":"","publisher":{"@id":"https:\/\/evertonfc.cz\/#organization"},"potentialAction":[{"@type":"SearchAction","target":{"@type":"EntryPoint","urlTemplate":"https:\/\/evertonfc.cz\/?s={search_term_string}"},"query-input":{"@type":"PropertyValueSpecification","valueRequired":true,"valueName":"search_term_string"}}],"inLanguage":"cs"},{"@type":"Organization","@id":"https:\/\/evertonfc.cz\/#organization","name":"Official Czech & Slovak Everton Supporters' Club","url":"https:\/\/evertonfc.cz\/","logo":{"@type":"ImageObject","inLanguage":"cs","@id":"https:\/\/evertonfc.cz\/#\/schema\/logo\/image\/","url":"https:\/\/evertonfc.cz\/wp-content\/uploads\/2019\/05\/logo.png","contentUrl":"https:\/\/evertonfc.cz\/wp-content\/uploads\/2019\/05\/logo.png","width":112,"height":112,"caption":"Official Czech & Slovak Everton Supporters' Club"},"image":{"@id":"https:\/\/evertonfc.cz\/#\/schema\/logo\/image\/"},"sameAs":["https:\/\/www.facebook.com\/everton.fans.cz.sk"]},{"@type":"Person","@id":"https:\/\/evertonfc.cz\/#\/schema\/person\/f7a5daedb2ffee98480bc70e191aaef1","name":"Ri\u010di","sameAs":["https:\/\/x.com\/rbrejsa"],"url":"https:\/\/evertonfc.cz\/index.php\/author\/rici\/"}]}},"_links":{"self":[{"href":"https:\/\/evertonfc.cz\/index.php\/wp-json\/wp\/v2\/posts\/3339"}],"collection":[{"href":"https:\/\/evertonfc.cz\/index.php\/wp-json\/wp\/v2\/posts"}],"about":[{"href":"https:\/\/evertonfc.cz\/index.php\/wp-json\/wp\/v2\/types\/post"}],"author":[{"embeddable":true,"href":"https:\/\/evertonfc.cz\/index.php\/wp-json\/wp\/v2\/users\/6"}],"replies":[{"embeddable":true,"href":"https:\/\/evertonfc.cz\/index.php\/wp-json\/wp\/v2\/comments?post=3339"}],"version-history":[{"count":3,"href":"https:\/\/evertonfc.cz\/index.php\/wp-json\/wp\/v2\/posts\/3339\/revisions"}],"predecessor-version":[{"id":3462,"href":"https:\/\/evertonfc.cz\/index.php\/wp-json\/wp\/v2\/posts\/3339\/revisions\/3462"}],"wp:featuredmedia":[{"embeddable":true,"href":"https:\/\/evertonfc.cz\/index.php\/wp-json\/wp\/v2\/media\/1312"}],"wp:attachment":[{"href":"https:\/\/evertonfc.cz\/index.php\/wp-json\/wp\/v2\/media?parent=3339"}],"wp:term":[{"taxonomy":"category","embeddable":true,"href":"https:\/\/evertonfc.cz\/index.php\/wp-json\/wp\/v2\/categories?post=3339"},{"taxonomy":"post_tag","embeddable":true,"href":"https:\/\/evertonfc.cz\/index.php\/wp-json\/wp\/v2\/tags?post=3339"}],"curies":[{"name":"wp","href":"https:\/\/api.w.org\/{rel}","templated":true}]}}