{"id":3341,"date":"2010-11-09T09:01:17","date_gmt":"2010-11-09T08:01:17","guid":{"rendered":"http:\/\/evertonfc.cz\/?p=3341"},"modified":"2019-02-11T17:53:50","modified_gmt":"2019-02-11T16:53:50","slug":"preview-everton-bolton-wanderers","status":"publish","type":"post","link":"https:\/\/evertonfc.cz\/index.php\/2010\/11\/09\/preview-everton-bolton-wanderers\/","title":{"rendered":"Preview: Everton &#8211; Bolton Wanderers"},"content":{"rendered":"<h4>Dal\u0161\u00ed utk\u00e1n\u00ed n\u00e1m los poprv\u00e9 v sezon\u011b p\u0159ichystal doprost\u0159ed t\u00fddne. V\u00edkendov\u00e9 zav\u00e1h\u00e1n\u00ed bude Everton moci od\u010dinit v dom\u00e1c\u00edm prost\u0159ed\u00ed proti Boltonu.<\/h4>\n<p>Z\u00e1pas vlo\u017een\u00fd doprost\u0159ed pracovn\u00edho t\u00fddne. Z p\u0159edchoz\u00edch zku\u0161enost\u00ed jimi nej\u010dast\u011bji b\u00fdvaj\u00ed st\u0159etnut\u00ed proti man\u010daft\u016fm z r\u016fzn\u00fdch z\u00e1kout\u00ed star\u00e9ho kontinentu. Tentokr\u00e1t se ale Blues budou pod sv\u011btly magick\u00e9ho no\u010dn\u00edho Goodison Parku spokojit pouze s \u0159adov\u00fdm ligov\u00fdm protivn\u00edkem z Boltonu. V\u00edt\u011bzstv\u00ed je tak jedin\u00fdm p\u0159ijateln\u00fdm v\u00fdsledkem.<\/p>\n<p>T\u0159i body ov\u0161em v\u011bt\u0161ina Evertonians tak n\u011bjak o\u010dek\u00e1vala i v p\u0159edchoz\u00edm z\u00e1pase, a to proti pap\u00edrov\u011b jednozna\u010dn\u011b slab\u0161\u00edmu celku, ne\u017e jsou Trotters. O siln\u00e9m odhodl\u00e1n\u00ed a vnit\u0159n\u00ed s\u00edle Blackpoolu padlo ji\u017e mnoho slov, a tak na vlastn\u00ed k\u016f\u017ei poc\u00edtili i Blues, \u017ee p\u0159\u00edmo\u0159sk\u00e9 Mandarinky se tak jednodu\u0161e oloupat nedaj\u00ed. Everton m\u011bl p\u0159itom pov\u011bt\u0161inu z\u00e1pasu v\u00edce ze hry, o \u010dem\u017e jasn\u011b vypov\u00eddala i statistika st\u0159el na br\u00e1nu. \u017de Tangerines do s\u00edt\u011b spadly do t\u00e9 doby jejich jedin\u00e9 dv\u011b st\u0159ely m\u00ed\u0159\u00edc\u00ed na br\u00e1nu je jedna v\u011bc, kter\u00e1 stoj\u00ed za zamy\u0161len\u00ed. Ale ze \u010dtrn\u00e1cti pokus\u016f Toffees a nespo\u010dtu dal\u0161\u00edch slu\u0161n\u00fdch g\u00f3lem zav\u00e1n\u011bj\u00edc\u00edch p\u0159\u00edle\u017eitost\u00ed, vyt\u011b\u017eit jen dva g\u00f3ly a nedoveden\u00ed z\u00e1pasu do v\u00edt\u011bzn\u00e9ho konce u\u017e je probl\u00e9m, se kter\u00fdm se zkr\u00e1tka a jednodu\u0161e mus\u00ed n\u011bco za\u010d\u00edt d\u011blat.<\/p>\n<p>Zbyte\u010dn\u00e9 p\u00e1len\u00ed \u0161anc\u00ed je toti\u017e z\u00e1le\u017eitost\u00ed, kter\u00e1 Blues d\u011bl\u00e1 spole\u010dn\u00edka od prvn\u00edho kola, a ne a ne se j\u00ed zbavit. Mnohdy nesmyslnou snahu dokr\u00e1\u010det s m\u00ed\u010dem a\u017e do br\u00e1ny, ale rad\u011bji p\u0159enechme k \u0159e\u0161en\u00ed zodpov\u011bdn\u00fdm profesion\u00e1l\u016fm. I tak toti\u017e p\u0159\u00edzniv\u00fdmi skute\u010dnostmi z\u016fst\u00e1v\u00e1, \u017ee svoji neprohern\u00ed s\u00e9rii Toffees nat\u00e1hli na \u010d\u00edslo 6, st\u00e1le se dr\u017e\u00ed v horn\u00ed polovin\u011b tabulky, a i navzdory zbyte\u010dn\u00e9 ztr\u00e1t\u011b bod\u016f a neprodkutivn\u00edmu \u00fatoku se st\u00e1le py\u0161n\u00ed slu\u0161nou formou. Znovuzrozen\u00fd Bolton a jeho pozitivn\u00ed fotbal ov\u0161em budou prov\u011brkou z\u00e1ludnou, a tak se m\u00e1 David Moyes na pozoru.<\/p>\n<p><em>\u201eBolton hraje pod Owenem l\u00e9pe, ale st\u00e1le dok\u00e1\u017e\u00ed vyu\u017e\u00edt sv\u00fdch nejsiln\u011bj\u0161\u00edch str\u00e1nek. Maj\u00ed Kevina Daviese, a pokud analyzujete jejich hru, zjist\u00edte, \u017ee v\u011bt\u0161ina se po\u0159\u00e1d to\u010d\u00ed kolem n\u011bj. Je to zku\u0161en\u00fd hr\u00e1\u010d, dokonce m\u00e1m pocit, \u017ee jsem proti n\u011bmu hr\u00e1l, kdy\u017e jsem byl v Chesterfieldu. Celkov\u011b hraje Bolton neboj\u00e1cn\u00fd fotbal. A znovu &#8211; nen\u00ed to p\u0159ekvapen\u00ed, proto\u017ee tohle je Owen\u016fv styl a o\u010dek\u00e1v\u00e1m, \u017ee rozhodn\u011b nebudou br\u00e1nit v\u00fdsledek. To ale n\u00e1\u0161 styl a p\u0159\u00edstup k z\u00e1pasu neovlivn\u00ed.\u201c<\/em><\/p>\n<p>M\u011bl by tedy Bolton pro Everton p\u0159edstavovat nezdolnou p\u0159ek\u00e1\u017eku? Na prvn\u00ed pohled nem\u011bl. Jenom\u017ee sou\u010dasn\u00ed Wanderers stoupaj\u00ed a sv\u016fj progres d\u00e1vaj\u00ed \u0159\u00e1dn\u011b najevo. Sta\u010d\u00ed se pod\u00edvat, v jak\u00e9m bl\u00e1t\u011b se Bolton pl\u00e1cal loni touto dobou. Gary Megson se sv\u00fdm celkem zab\u0159edl do sestupov\u00fdch vod, a tak zodpov\u011bdn\u00e9mu managementu Trotters zav\u010das do\u0161la trp\u011blivost a neobl\u00edben\u00e9ho mana\u017eera se zbavilo.<\/p>\n<p>Na jeho m\u00edsto Bolton dosadil Owena Coylea, jen\u017e vloni dovedl rivala z Burnley do Premier League, a \u017ee se na Reebok Stadium trefili do \u010dern\u00e9ho. Coyle Trotters nau\u010dil hr\u00e1t znateln\u011b pohledn\u011bj\u0161\u00ed fotbal, nikoliv bezduchou n\u00e1kop\u00e1vanou a dovedl Bolton k pohodln\u00e9 z\u00e1chran\u011b. Spokojenost tedy m\u016f\u017ee v Greater Manchester panovat zat\u00edm i letos. V\u00fdsledky se dostavuj\u00ed mo\u017en\u00e1 a\u017e nad o\u010dek\u00e1van\u00ed dobr\u00e9. Prohry zat\u00edm Wanderers zaznamenali t\u0159i, z toho ta posledn\u00ed se zrodila p\u0159ed t\u00fddnem, kdy doma v z\u00e1v\u011bru podlehli Liverpoolu. Krom onoho smoln\u00e9ho duelu se v\u0161ak Boltonu \u0159\u00edjen jednozna\u010dn\u011b povedl, a dobrou leto\u0161n\u00ed formu stvrdil v sobotu proti Tottenhamu, kter\u00e9mu nas\u00e1zel hned \u010dty\u0159i g\u00f3ly. Trotters tak moment\u00e1ln\u011b p\u0159\u00edslu\u0161\u00ed fantastick\u00e1 \u0161est\u00e1 pozice.<\/p>\n<p><em>\u201eM\u00ed hr\u00e1\u010di v\u011bd\u00ed, \u017ee kdykoliv hrajeme, a\u0165 u\u017e doma nebo venku, v\u017edy po nich chci, aby hr\u00e1li pozitivn\u011b. Nikam nejedeme s t\u00edm, abychom utvo\u0159ili blok a doufali v rem\u00edzu,\u201c <\/em>odm\u00edt\u00e1 r\u00e1zn\u011b Coyle. <em>\u201e\u010cas od \u010dasu je t\u0159eba akceptovat, \u017ee se mus\u00edte st\u00e1hnout a pevn\u011b br\u00e1nit, ale na Everton budeme p\u0159ipraveni a chceme ze z\u00e1pasu z\u00edskat maximum. Atmosf\u00e9ra na Goodison Parku je neuv\u011b\u0159iteln\u00e1, dom\u00e1c\u00ed fandov\u00e9 k\u0159i\u010d\u00ed a povzbuzuj\u00ed poka\u017ed\u00e9, kdy\u017e se m\u00ed\u010d bl\u00ed\u017e\u00ed k v\u00e1pnu soupe\u0159e. V\u011bd\u00ed, jak st\u00e1t za sv\u00fdm t\u00fdmem a tak\u00e9 s t\u00edm mus\u00edme po\u010d\u00edtat.\u201c<\/em><\/p>\n<p>Posledn\u00ed vz\u00e1jemn\u00e9 utk\u00e1n\u00ed bylo v\u00edcem\u00e9n\u011b rutinn\u00ed z\u00e1le\u017eitost\u00ed. V b\u0159eznu na Goodison Parku vyhr\u00e1l Everton 2-0 z\u00e1sluhou p\u0159esn\u00e9ho p\u0159\u00edm\u00e9ho voln\u00e9ho kopu Mikela Artety a stvrzuj\u00edc\u00ed tref\u011b Stevena Pienaara.<\/p>\n<h4><strong>Historie soupe\u0159e<\/strong><\/h4>\n<p>Fotbalov\u00fd Bolton Wanderers byl zalo\u017een roku 1874 ale to klub je\u0161t\u011b nesl p\u016fvodn\u00ed n\u00e1zev Christ Church FC.\u00a0Bolton je tak\u00e9 jedn\u00edm z 12 zakl\u00e1daj\u00edc\u00edch \u010dlen\u016f Football League.<\/p>\n<p>Prvn\u00ed \u00fasp\u011bch Trotters dorazil v roce 1894. Tehdy dokr\u00e1\u010deli a\u017e do fin\u00e1le FA Cupu, ale v kl\u00e1n\u00ed hran\u00e9m na Goodison Parku podlehli Notts County 1:4. P\u0159esn\u011b o 10 let pozd\u011bji st\u00e1li Wanderers znovu\u00a0na prahu\u00a0zisku nejstar\u0161\u00ed klubov\u00e9 trofeje, ale osud jim znovu nep\u0159\u00e1l a Anglick\u00fd poh\u00e1r putoval do vitr\u00edny Manchesteru City. Cennou trofej se klubu nakonec poda\u0159ilo z\u00edskat a\u017e na t\u0159et\u00ed pokus &#8211; roku 1923.<\/p>\n<p>Od roku 1935 a\u017e do poloviny 60. let Bolton ani jednou neopustil nejvy\u0161\u0161\u00ed sout\u011b\u017e, nicm\u00e9n\u011b v\u017edy pat\u0159il sp\u00ed\u0161e k pr\u016fm\u011brn\u00fdm klub\u016fm. Ov\u0161em v roce 1953 sehr\u00e1li Trotters spole\u010dn\u011b s Blackpoolem jedno z nejlep\u0161\u00edch a nejslavn\u011bj\u0161\u00edch fin\u00e1le Anglick\u00e9ho poh\u00e1ru v historii &#8211; takzvan\u00e9 The Stanley Matthhews Final. Z\u00e1pas skon\u010dil v\u00fdhrou Seasiders 4:3, pot\u00e9 co Bolton neuv\u011b\u0159iteln\u011b ztratil pohodln\u00e9 veden\u00ed 3:1. Posledn\u00ed trofej vystaven\u00e1 na Reebok Stadium je z roku 1958 a op\u011bt jde o Anglick\u00fd poh\u00e1r. Od t\u00e9 doby Trotters na dal\u0161\u00ed \u00fasp\u011bch \u010dekaj\u00ed.<\/p>\n<p>Osmdes\u00e1t\u00e1 l\u00e9ta byla pro fanou\u0161ky Boltonu no\u010dn\u00ed m\u016frou. Klub se porou\u010del a\u017e do \u010dtvrt\u00e9 ligy. Postup o stup\u00ednek v\u00fd\u0161e ale p\u0159i\u0161el roku 1988 hned na prvn\u00ed pokus. Do nejvy\u0161\u0161\u00ed sout\u011b\u017ee se\u00a0Wanderers probojovali p\u0159es play off a\u017e v roce 1995. Pot\u00e9 se pohybovali mezi Premiership a Championship jako na sinusoid\u011b. V nejvy\u0161\u0161\u00ed sout\u011b\u017ei se\u00a0Bolton etabloval a\u017e za\u010d\u00e1tkem nov\u00e9ho tis\u00edcilet\u00ed, i kdy\u017e ani tehdy to nebyla \u017e\u00e1dn\u00e1 sl\u00e1va. V obou prvn\u00edch sezon\u00e1ch mezi elitou se klub zachr\u00e1nil je s od\u0159en\u00fdma u\u0161ima.<\/p>\n<p>To u\u017e ale byl u t\u00fdmu spasitel Trotters Sam Allardyce, kter\u00fd z podpr\u016fm\u011brn\u00e9ho celku postupn\u011b vytvo\u0159il konkurenceschopn\u00fd t\u00fdm bojuj\u00edc\u00ed o evropsk\u00e9 poh\u00e1ry. V roce 2005 skon\u010dil t\u00fdm na \u0161est\u00e9m m\u00edst\u011b, co\u017e\u00a0Trotters poprv\u00e9 v historii zajistilo \u00fa\u010dast v evropsk\u00fdch boj\u00edch. Tam se ale\u00a0Boltonu p\u0159\u00edli\u0161 neda\u0159ilo a po por\u00e1\u017ece s Marseille se s poh\u00e1rem UEFA rozlou\u010dili. V kv\u011btnu 2007 po dal\u0161\u00edm slu\u0161n\u00e9m um\u00edst\u011bn\u00ed v tabulce, se nav\u00edc mana\u017eer p\u0159ezd\u00edvan\u00fd &#8220;Big Sam&#8220; rozhodl rezignovat na svou funkci. S\u00e1m tak nejsp\u00ed\u0161e c\u00edtil, \u017ee s Boltonem dos\u00e1hl maxima a \u0161el za novou v\u00fdzvou do Newcastlu.<\/p>\n<p>N\u00e1sleduj\u00edc\u00ed sezona ale uk\u00e1zala \u017ee Bolton nen\u00ed bez Allardyce ani polovi\u010dn\u00edm t\u00fdmem a na Reebok Stadium mohli b\u00fdt strastipln\u00e9 sezon\u011b spokojeni s kone\u010dn\u00fdm 16. m\u00edstem. Nast\u00e1le situaci nepomohl ani nov\u00fdm mana\u017eer Gary Megson, jen\u017e u fanou\u0161k\u016f moc sympati\u00ed neposb\u00edral. Nakonec tak po nep\u0159esv\u011bd\u010div\u00fdch v\u00fdsledc\u00edch kormidlo Trotters opustil a zat\u00edm se zd\u00e1, \u017ee pod rukou Owena Coylea Bolton \u010dekaj\u00ed vyhl\u00eddky sp\u00ed\u0161e optimistick\u00e9.<\/p>\n<h4><strong>Z\u00e1pasov\u00e1 fakta<\/strong><\/h4>\n<p>Vz\u00e1jemn\u00e1 st\u0159etnut\u00ed hraj\u00ed pom\u011brn\u011b jednozna\u010dn\u011b do karet Evertonu. Z celkov\u00fdch 147 z\u00e1pas\u016f vyhr\u00e1l v 73 p\u0159\u00edpadech. Bolton pak zv\u00edt\u011bzil 38x a rem\u00edza se zrodila 36x. Jednozna\u010dn\u00fdm t\u00f3nem zn\u011bj\u00ed tak\u00e9 posledn\u00ed n\u00e1v\u0161t\u011bvy Trotters na Goodison Parku. Blues v p\u0159edchoz\u00edch \u010dty\u0159ech sezon\u00e1ch poka\u017ed\u00e9 vyhr\u00e1li a p\u0159itom neinkasovali ani jeden g\u00f3l. O rok p\u0159edt\u00edm v\u0161ak Wanderers Evertonu na Goodisonu u\u0161t\u011bd\u0159ili \u010dty\u0159g\u00f3lov\u00fd v\u00fdprask. Celkov\u011b Toffees ze \u0161esti posledn\u00edch z\u00e1pas\u016f proti Trotters usp\u011bli p\u011btkr\u00e1t, jedinou v\u00fdjimkou je lo\u0148sk\u00e1 prohra 2-3 na Reebok Stadium.<\/p>\n<p>I tentokr\u00e1t se najde \u0159ada fotbalist\u016f, kte\u0159\u00ed kopali za oba celky. P\u0159etlak by vzniknul zejm\u00e9na ve st\u0159edn\u00ed z\u00e1loze. P\u0159ed p\u0159esunem k Toffees obl\u00e9kal b\u00edl\u00fd dres legend\u00e1rn\u00ed Peter Reid, je\u0161t\u011b dva roky zp\u011bt p\u016fsobil na Reebok Stadium Gary Speed a doposud h\u00e1j\u00ed barvy Trotters Gavin McCann. Opomenout nelze ani Alana Stubbse, jen\u017e za Bolton odkopal v\u00edce ne\u017e 200 z\u00e1pas\u016f. Z d\u0159\u00edv\u011bj\u0161\u00edch dob pak po odchodu z Evertonu n\u011bkolik z\u00e1pas\u016f za Trotters odehr\u00e1l Albert Geldard, v\u00edt\u011bz FA Cupu z roku 1933.<\/p>\n<h4><strong>Everton<\/strong><\/h4>\n<p>Z posledn\u00edch dvaadvaceti ligov\u00fdch utk\u00e1n\u00ed Blues prohr\u00e1li jen t\u0159i, nutno v\u0161ak podotknout, \u017ee v\u0161echny v leto\u0161n\u00ed sezon\u011b. Pomalej\u0161\u00ed start Toffees by p\u0159itom p\u0159i letm\u00e9m pohledu na tabulku sk\u00f3re tipoval jen m\u00e1lokdo. Zat\u00edmco po\u010det vst\u0159elen\u00fdch g\u00f3l\u016f se pohybuje v pr\u016fm\u011brn\u00fdch mez\u00edch (12), branek Everton doposud inkasoval jen deset, co\u017e je po vedouc\u00ed Chelsea druh\u00e9 nejmen\u0161\u00ed \u010d\u00edslo v lize. A u \u010d\u00edsel z\u016fstaneme i do t\u0159etice &#8211; v minul\u00e9m z\u00e1pase proti Blackpoolu zaznamenal Tim Cahill svoji 50. trefu v Premier League, p\u0159i\u010dem\u017e \u0161lo o osmadvac\u00e1tou g\u00f3lovou hlavi\u010dku.<\/p>\n<h4><strong>Bolton<\/strong><\/h4>\n<p>Trotters nedok\u00e1zali udr\u017eet \u010dist\u00fd ligov\u00fd \u0161t\u00edt od \u00favodn\u00edho kola sezony, kdy doma remizovali s Fulhamem. Pokud bude \u0159e\u010d o v\u00fdsledc\u00edch Wanderers v Merseyside, pochvaln\u00e1 slova nepadnou. Bolton nevyhr\u00e1l v posledn\u00edch dev\u00edti v\u00fdletech na stadiony Evertonu a Liverpoolu. Mana\u017eer Trotters Owen Coyle mimojin\u00e9 vst\u0159elil Evertonu v dresu Boltonu g\u00f3l, a to na Goodison Parku v odvet\u011b t\u0159et\u00edho kola FA Cupu v lednu 1994, kdy jeho t\u00fdm zv\u00edt\u011bzil 3-2.<\/p>\n<h4><strong>Vz\u00e1jemn\u00e1 bilance<\/strong><\/h4>\n<ul>\n<li>Celkov\u011b:\u00a0\u00a0\u00a0\u00a0\u00a0\u00a0\u00a0\u00a0\u00a0\u00a0\u00a0\u00a0\u00a0\u00a0\u00a0\u00a0\u00a0 76-32-38<\/li>\n<li>Na Goodison Parku:\u00a0 43-20-11<\/li>\n<li>V Premier League:\u00a0\u00a0\u00a0 12-5-5<\/li>\n<\/ul>\n<h4><strong>Absence<\/strong><\/h4>\n<p>Zran\u011bn\u00ed podkolenn\u00ed \u0161lachy zd\u00e1rn\u011b dol\u00e9\u010duje Marouane Fellaini, kter\u00fd sice v z\u00e1kladn\u00ed sestav\u011b nejsp\u00ed\u0161 nenastoup\u00ed, ov\u0161em jeho \u00fa\u010dast v z\u00e1pase nen\u00ed vylou\u010dena. Jedin\u00fdmi marody tak z\u016fst\u00e1v\u00e1 Leon Osman a Ross Barkley. N\u00e1vrat ani tentokr\u00e1t je\u0161t\u011b neoslav\u00ed Victor Anichebe, kter\u00e9mu chyb\u00ed z\u00e1pasov\u00e1 kondice.<\/p>\n<p>Ji\u017e prakticky rok Trotters chyb\u00ed Sean Davis, maj\u00edc\u00ed vlekl\u00e9 pot\u00ed\u017ee s kolenem, kter\u00e9 tr\u00e1p\u00ed i Joeyho O\u00b4Briena. Zran\u011bn\u00e9 stehno vy\u0159adilo ze hry tak\u00e9 Ricardo Gardnera a bolav\u00e9 l\u00fdtko do hry nepust\u00ed Jlloyda Samuela.<\/p>\n<p><strong>Everton:<\/strong> Howard, Mucha, Neville, Hibbert, Jagielka, Distin, Heitinga, Baines, Coleman, Arteta, Pienaar, Bilyaletdinov, Cahill, Rodwell, Baxter, Yakubu, Saha, Beckford<\/p>\n<p><strong>Bolton:<\/strong> Jaaskelainen, Bogdan, Steinsson, Ricketts, Knight, Cahill, Robinson, Lee, Muamba, Holden, Taylor, Petrov, M. Davies, Moreno, K. Davies, Blake, Elmander, Klasni\u0107<\/p>\n<ul>\n<li><strong>Kdy:\u00a0<\/strong>10.11. 20:45 SE\u010c<strong><br \/>\n<\/strong><\/li>\n<li><strong>Kde:\u00a0<\/strong>Goodison Park<strong><br \/>\n<\/strong><\/li>\n<li><strong>Rozhod\u010d\u00ed:<\/strong>\u00a0Phil Dowd<\/li>\n<\/ul>\n","protected":false},"excerpt":{"rendered":"<p>Dal\u0161\u00ed utk\u00e1n\u00ed n\u00e1m los poprv\u00e9 v sezon\u011b p\u0159ichystal doprost\u0159ed t\u00fddne. V\u00edkendov\u00e9 zav\u00e1h\u00e1n\u00ed bude Everton moci od\u010dinit v dom\u00e1c\u00edm prost\u0159ed\u00ed proti&hellip;<\/p>\n","protected":false},"author":7,"featured_media":1314,"comment_status":"open","ping_status":"closed","sticky":false,"template":"","format":"standard","meta":{"_eb_attr":"","_monsterinsights_skip_tracking":false,"_monsterinsights_sitenote_active":false,"_monsterinsights_sitenote_note":"","_monsterinsights_sitenote_category":0,"footnotes":""},"categories":[4],"tags":[],"yoast_head":"<!-- This site is optimized with the Yoast SEO plugin v23.4 - https:\/\/yoast.com\/wordpress\/plugins\/seo\/ -->\n<title>Preview: Everton - Bolton Wanderers - Official Czech &amp; Slovak Everton Supporters&#039; Club<\/title>\n<meta name=\"robots\" content=\"index, follow, max-snippet:-1, max-image-preview:large, max-video-preview:-1\" \/>\n<link rel=\"canonical\" href=\"https:\/\/evertonfc.cz\/index.php\/2010\/11\/09\/preview-everton-bolton-wanderers\/\" \/>\n<meta property=\"og:locale\" content=\"cs_CZ\" \/>\n<meta property=\"og:type\" content=\"article\" \/>\n<meta property=\"og:title\" content=\"Preview: Everton - Bolton Wanderers - Official Czech &amp; Slovak Everton Supporters&#039; Club\" \/>\n<meta property=\"og:description\" content=\"Dal\u0161\u00ed utk\u00e1n\u00ed n\u00e1m los poprv\u00e9 v sezon\u011b p\u0159ichystal doprost\u0159ed t\u00fddne. V\u00edkendov\u00e9 zav\u00e1h\u00e1n\u00ed bude Everton moci od\u010dinit v dom\u00e1c\u00edm prost\u0159ed\u00ed proti&hellip;\" \/>\n<meta property=\"og:url\" content=\"https:\/\/evertonfc.cz\/index.php\/2010\/11\/09\/preview-everton-bolton-wanderers\/\" \/>\n<meta property=\"og:site_name\" content=\"Official Czech &amp; Slovak Everton Supporters&#039; Club\" \/>\n<meta property=\"article:publisher\" content=\"https:\/\/www.facebook.com\/everton.fans.cz.sk\" \/>\n<meta property=\"article:published_time\" content=\"2010-11-09T08:01:17+00:00\" \/>\n<meta property=\"article:modified_time\" content=\"2019-02-11T16:53:50+00:00\" \/>\n<meta property=\"og:image\" content=\"https:\/\/evertonfc.cz\/wp-content\/uploads\/2019\/01\/preview.jpg\" \/>\n\t<meta property=\"og:image:width\" content=\"720\" \/>\n\t<meta property=\"og:image:height\" content=\"405\" \/>\n\t<meta property=\"og:image:type\" content=\"image\/jpeg\" \/>\n<meta name=\"author\" content=\"Me\u0148a\" \/>\n<meta name=\"twitter:card\" content=\"summary_large_image\" \/>\n<meta name=\"twitter:label1\" content=\"Napsal(a)\" \/>\n\t<meta name=\"twitter:data1\" content=\"Me\u0148a\" \/>\n\t<meta name=\"twitter:label2\" content=\"Odhadovan\u00e1 doba \u010dten\u00ed\" \/>\n\t<meta name=\"twitter:data2\" content=\"10 minut\" \/>\n<script type=\"application\/ld+json\" class=\"yoast-schema-graph\">{\"@context\":\"https:\/\/schema.org\",\"@graph\":[{\"@type\":\"Article\",\"@id\":\"https:\/\/evertonfc.cz\/index.php\/2010\/11\/09\/preview-everton-bolton-wanderers\/#article\",\"isPartOf\":{\"@id\":\"https:\/\/evertonfc.cz\/index.php\/2010\/11\/09\/preview-everton-bolton-wanderers\/\"},\"author\":{\"name\":\"Me\u0148a\",\"@id\":\"https:\/\/evertonfc.cz\/#\/schema\/person\/cd6328a75577de2add7793fd4b0930c3\"},\"headline\":\"Preview: Everton &#8211; Bolton Wanderers\",\"datePublished\":\"2010-11-09T08:01:17+00:00\",\"dateModified\":\"2019-02-11T16:53:50+00:00\",\"mainEntityOfPage\":{\"@id\":\"https:\/\/evertonfc.cz\/index.php\/2010\/11\/09\/preview-everton-bolton-wanderers\/\"},\"wordCount\":2012,\"commentCount\":0,\"publisher\":{\"@id\":\"https:\/\/evertonfc.cz\/#organization\"},\"image\":{\"@id\":\"https:\/\/evertonfc.cz\/index.php\/2010\/11\/09\/preview-everton-bolton-wanderers\/#primaryimage\"},\"thumbnailUrl\":\"https:\/\/evertonfc.cz\/wp-content\/uploads\/2019\/01\/preview.jpg\",\"articleSection\":[\"Z\u00e1pasy\"],\"inLanguage\":\"cs\",\"potentialAction\":[{\"@type\":\"CommentAction\",\"name\":\"Comment\",\"target\":[\"https:\/\/evertonfc.cz\/index.php\/2010\/11\/09\/preview-everton-bolton-wanderers\/#respond\"]}]},{\"@type\":\"WebPage\",\"@id\":\"https:\/\/evertonfc.cz\/index.php\/2010\/11\/09\/preview-everton-bolton-wanderers\/\",\"url\":\"https:\/\/evertonfc.cz\/index.php\/2010\/11\/09\/preview-everton-bolton-wanderers\/\",\"name\":\"Preview: Everton - Bolton Wanderers - Official Czech &amp; Slovak Everton Supporters&#039; Club\",\"isPartOf\":{\"@id\":\"https:\/\/evertonfc.cz\/#website\"},\"primaryImageOfPage\":{\"@id\":\"https:\/\/evertonfc.cz\/index.php\/2010\/11\/09\/preview-everton-bolton-wanderers\/#primaryimage\"},\"image\":{\"@id\":\"https:\/\/evertonfc.cz\/index.php\/2010\/11\/09\/preview-everton-bolton-wanderers\/#primaryimage\"},\"thumbnailUrl\":\"https:\/\/evertonfc.cz\/wp-content\/uploads\/2019\/01\/preview.jpg\",\"datePublished\":\"2010-11-09T08:01:17+00:00\",\"dateModified\":\"2019-02-11T16:53:50+00:00\",\"breadcrumb\":{\"@id\":\"https:\/\/evertonfc.cz\/index.php\/2010\/11\/09\/preview-everton-bolton-wanderers\/#breadcrumb\"},\"inLanguage\":\"cs\",\"potentialAction\":[{\"@type\":\"ReadAction\",\"target\":[\"https:\/\/evertonfc.cz\/index.php\/2010\/11\/09\/preview-everton-bolton-wanderers\/\"]}]},{\"@type\":\"ImageObject\",\"inLanguage\":\"cs\",\"@id\":\"https:\/\/evertonfc.cz\/index.php\/2010\/11\/09\/preview-everton-bolton-wanderers\/#primaryimage\",\"url\":\"https:\/\/evertonfc.cz\/wp-content\/uploads\/2019\/01\/preview.jpg\",\"contentUrl\":\"https:\/\/evertonfc.cz\/wp-content\/uploads\/2019\/01\/preview.jpg\",\"width\":720,\"height\":405},{\"@type\":\"BreadcrumbList\",\"@id\":\"https:\/\/evertonfc.cz\/index.php\/2010\/11\/09\/preview-everton-bolton-wanderers\/#breadcrumb\",\"itemListElement\":[{\"@type\":\"ListItem\",\"position\":1,\"name\":\"Home\",\"item\":\"https:\/\/evertonfc.cz\/\"},{\"@type\":\"ListItem\",\"position\":2,\"name\":\"Preview: Everton &#8211; Bolton Wanderers\"}]},{\"@type\":\"WebSite\",\"@id\":\"https:\/\/evertonfc.cz\/#website\",\"url\":\"https:\/\/evertonfc.cz\/\",\"name\":\"Official Czech &amp; Slovak Everton Supporters&#039; Club\",\"description\":\"\",\"publisher\":{\"@id\":\"https:\/\/evertonfc.cz\/#organization\"},\"potentialAction\":[{\"@type\":\"SearchAction\",\"target\":{\"@type\":\"EntryPoint\",\"urlTemplate\":\"https:\/\/evertonfc.cz\/?s={search_term_string}\"},\"query-input\":{\"@type\":\"PropertyValueSpecification\",\"valueRequired\":true,\"valueName\":\"search_term_string\"}}],\"inLanguage\":\"cs\"},{\"@type\":\"Organization\",\"@id\":\"https:\/\/evertonfc.cz\/#organization\",\"name\":\"Official Czech & Slovak Everton Supporters' Club\",\"url\":\"https:\/\/evertonfc.cz\/\",\"logo\":{\"@type\":\"ImageObject\",\"inLanguage\":\"cs\",\"@id\":\"https:\/\/evertonfc.cz\/#\/schema\/logo\/image\/\",\"url\":\"https:\/\/evertonfc.cz\/wp-content\/uploads\/2019\/05\/logo.png\",\"contentUrl\":\"https:\/\/evertonfc.cz\/wp-content\/uploads\/2019\/05\/logo.png\",\"width\":112,\"height\":112,\"caption\":\"Official Czech & Slovak Everton Supporters' Club\"},\"image\":{\"@id\":\"https:\/\/evertonfc.cz\/#\/schema\/logo\/image\/\"},\"sameAs\":[\"https:\/\/www.facebook.com\/everton.fans.cz.sk\"]},{\"@type\":\"Person\",\"@id\":\"https:\/\/evertonfc.cz\/#\/schema\/person\/cd6328a75577de2add7793fd4b0930c3\",\"name\":\"Me\u0148a\",\"url\":\"https:\/\/evertonfc.cz\/index.php\/author\/mena\/\"}]}<\/script>\n<!-- \/ Yoast SEO plugin. -->","yoast_head_json":{"title":"Preview: Everton - Bolton Wanderers - Official Czech &amp; Slovak Everton Supporters&#039; Club","robots":{"index":"index","follow":"follow","max-snippet":"max-snippet:-1","max-image-preview":"max-image-preview:large","max-video-preview":"max-video-preview:-1"},"canonical":"https:\/\/evertonfc.cz\/index.php\/2010\/11\/09\/preview-everton-bolton-wanderers\/","og_locale":"cs_CZ","og_type":"article","og_title":"Preview: Everton - Bolton Wanderers - Official Czech &amp; Slovak Everton Supporters&#039; Club","og_description":"Dal\u0161\u00ed utk\u00e1n\u00ed n\u00e1m los poprv\u00e9 v sezon\u011b p\u0159ichystal doprost\u0159ed t\u00fddne. V\u00edkendov\u00e9 zav\u00e1h\u00e1n\u00ed bude Everton moci od\u010dinit v dom\u00e1c\u00edm prost\u0159ed\u00ed proti&hellip;","og_url":"https:\/\/evertonfc.cz\/index.php\/2010\/11\/09\/preview-everton-bolton-wanderers\/","og_site_name":"Official Czech &amp; Slovak Everton Supporters&#039; Club","article_publisher":"https:\/\/www.facebook.com\/everton.fans.cz.sk","article_published_time":"2010-11-09T08:01:17+00:00","article_modified_time":"2019-02-11T16:53:50+00:00","og_image":[{"width":720,"height":405,"url":"https:\/\/evertonfc.cz\/wp-content\/uploads\/2019\/01\/preview.jpg","type":"image\/jpeg"}],"author":"Me\u0148a","twitter_card":"summary_large_image","twitter_misc":{"Napsal(a)":"Me\u0148a","Odhadovan\u00e1 doba \u010dten\u00ed":"10 minut"},"schema":{"@context":"https:\/\/schema.org","@graph":[{"@type":"Article","@id":"https:\/\/evertonfc.cz\/index.php\/2010\/11\/09\/preview-everton-bolton-wanderers\/#article","isPartOf":{"@id":"https:\/\/evertonfc.cz\/index.php\/2010\/11\/09\/preview-everton-bolton-wanderers\/"},"author":{"name":"Me\u0148a","@id":"https:\/\/evertonfc.cz\/#\/schema\/person\/cd6328a75577de2add7793fd4b0930c3"},"headline":"Preview: Everton &#8211; Bolton Wanderers","datePublished":"2010-11-09T08:01:17+00:00","dateModified":"2019-02-11T16:53:50+00:00","mainEntityOfPage":{"@id":"https:\/\/evertonfc.cz\/index.php\/2010\/11\/09\/preview-everton-bolton-wanderers\/"},"wordCount":2012,"commentCount":0,"publisher":{"@id":"https:\/\/evertonfc.cz\/#organization"},"image":{"@id":"https:\/\/evertonfc.cz\/index.php\/2010\/11\/09\/preview-everton-bolton-wanderers\/#primaryimage"},"thumbnailUrl":"https:\/\/evertonfc.cz\/wp-content\/uploads\/2019\/01\/preview.jpg","articleSection":["Z\u00e1pasy"],"inLanguage":"cs","potentialAction":[{"@type":"CommentAction","name":"Comment","target":["https:\/\/evertonfc.cz\/index.php\/2010\/11\/09\/preview-everton-bolton-wanderers\/#respond"]}]},{"@type":"WebPage","@id":"https:\/\/evertonfc.cz\/index.php\/2010\/11\/09\/preview-everton-bolton-wanderers\/","url":"https:\/\/evertonfc.cz\/index.php\/2010\/11\/09\/preview-everton-bolton-wanderers\/","name":"Preview: Everton - Bolton Wanderers - Official Czech &amp; Slovak Everton Supporters&#039; Club","isPartOf":{"@id":"https:\/\/evertonfc.cz\/#website"},"primaryImageOfPage":{"@id":"https:\/\/evertonfc.cz\/index.php\/2010\/11\/09\/preview-everton-bolton-wanderers\/#primaryimage"},"image":{"@id":"https:\/\/evertonfc.cz\/index.php\/2010\/11\/09\/preview-everton-bolton-wanderers\/#primaryimage"},"thumbnailUrl":"https:\/\/evertonfc.cz\/wp-content\/uploads\/2019\/01\/preview.jpg","datePublished":"2010-11-09T08:01:17+00:00","dateModified":"2019-02-11T16:53:50+00:00","breadcrumb":{"@id":"https:\/\/evertonfc.cz\/index.php\/2010\/11\/09\/preview-everton-bolton-wanderers\/#breadcrumb"},"inLanguage":"cs","potentialAction":[{"@type":"ReadAction","target":["https:\/\/evertonfc.cz\/index.php\/2010\/11\/09\/preview-everton-bolton-wanderers\/"]}]},{"@type":"ImageObject","inLanguage":"cs","@id":"https:\/\/evertonfc.cz\/index.php\/2010\/11\/09\/preview-everton-bolton-wanderers\/#primaryimage","url":"https:\/\/evertonfc.cz\/wp-content\/uploads\/2019\/01\/preview.jpg","contentUrl":"https:\/\/evertonfc.cz\/wp-content\/uploads\/2019\/01\/preview.jpg","width":720,"height":405},{"@type":"BreadcrumbList","@id":"https:\/\/evertonfc.cz\/index.php\/2010\/11\/09\/preview-everton-bolton-wanderers\/#breadcrumb","itemListElement":[{"@type":"ListItem","position":1,"name":"Home","item":"https:\/\/evertonfc.cz\/"},{"@type":"ListItem","position":2,"name":"Preview: Everton &#8211; Bolton Wanderers"}]},{"@type":"WebSite","@id":"https:\/\/evertonfc.cz\/#website","url":"https:\/\/evertonfc.cz\/","name":"Official Czech &amp; Slovak Everton Supporters&#039; Club","description":"","publisher":{"@id":"https:\/\/evertonfc.cz\/#organization"},"potentialAction":[{"@type":"SearchAction","target":{"@type":"EntryPoint","urlTemplate":"https:\/\/evertonfc.cz\/?s={search_term_string}"},"query-input":{"@type":"PropertyValueSpecification","valueRequired":true,"valueName":"search_term_string"}}],"inLanguage":"cs"},{"@type":"Organization","@id":"https:\/\/evertonfc.cz\/#organization","name":"Official Czech & Slovak Everton Supporters' Club","url":"https:\/\/evertonfc.cz\/","logo":{"@type":"ImageObject","inLanguage":"cs","@id":"https:\/\/evertonfc.cz\/#\/schema\/logo\/image\/","url":"https:\/\/evertonfc.cz\/wp-content\/uploads\/2019\/05\/logo.png","contentUrl":"https:\/\/evertonfc.cz\/wp-content\/uploads\/2019\/05\/logo.png","width":112,"height":112,"caption":"Official Czech & Slovak Everton Supporters' Club"},"image":{"@id":"https:\/\/evertonfc.cz\/#\/schema\/logo\/image\/"},"sameAs":["https:\/\/www.facebook.com\/everton.fans.cz.sk"]},{"@type":"Person","@id":"https:\/\/evertonfc.cz\/#\/schema\/person\/cd6328a75577de2add7793fd4b0930c3","name":"Me\u0148a","url":"https:\/\/evertonfc.cz\/index.php\/author\/mena\/"}]}},"_links":{"self":[{"href":"https:\/\/evertonfc.cz\/index.php\/wp-json\/wp\/v2\/posts\/3341"}],"collection":[{"href":"https:\/\/evertonfc.cz\/index.php\/wp-json\/wp\/v2\/posts"}],"about":[{"href":"https:\/\/evertonfc.cz\/index.php\/wp-json\/wp\/v2\/types\/post"}],"author":[{"embeddable":true,"href":"https:\/\/evertonfc.cz\/index.php\/wp-json\/wp\/v2\/users\/7"}],"replies":[{"embeddable":true,"href":"https:\/\/evertonfc.cz\/index.php\/wp-json\/wp\/v2\/comments?post=3341"}],"version-history":[{"count":3,"href":"https:\/\/evertonfc.cz\/index.php\/wp-json\/wp\/v2\/posts\/3341\/revisions"}],"predecessor-version":[{"id":3464,"href":"https:\/\/evertonfc.cz\/index.php\/wp-json\/wp\/v2\/posts\/3341\/revisions\/3464"}],"wp:featuredmedia":[{"embeddable":true,"href":"https:\/\/evertonfc.cz\/index.php\/wp-json\/wp\/v2\/media\/1314"}],"wp:attachment":[{"href":"https:\/\/evertonfc.cz\/index.php\/wp-json\/wp\/v2\/media?parent=3341"}],"wp:term":[{"taxonomy":"category","embeddable":true,"href":"https:\/\/evertonfc.cz\/index.php\/wp-json\/wp\/v2\/categories?post=3341"},{"taxonomy":"post_tag","embeddable":true,"href":"https:\/\/evertonfc.cz\/index.php\/wp-json\/wp\/v2\/tags?post=3341"}],"curies":[{"name":"wp","href":"https:\/\/api.w.org\/{rel}","templated":true}]}}