{"id":3346,"date":"2010-11-11T09:07:44","date_gmt":"2010-11-11T08:07:44","guid":{"rendered":"http:\/\/evertonfc.cz\/?p=3346"},"modified":"2019-02-11T17:48:47","modified_gmt":"2019-02-11T16:48:47","slug":"bez-golu-to-nepujde","status":"publish","type":"post","link":"https:\/\/evertonfc.cz\/index.php\/2010\/11\/11\/bez-golu-to-nepujde\/","title":{"rendered":"Bez g\u00f3l\u016f to nep\u016fjde"},"content":{"rendered":"<h4>Po\u0159\u00e1d to nen\u00ed ono. Oko fotbalov\u00e9ho fanou\u0161ka si sice p\u0159i shl\u00e9dnut\u00ed leto\u0161n\u00edho Evertonu p\u0159ijde na sv\u00e9, ale je evidentn\u00ed, \u017ee n\u011bkde v soukol\u00ed uv\u00edzl po\u0159\u00e1dn\u00fd balvan.<\/h4>\n<p>Leto\u0161n\u00ed Everton. Stylem ne nepodobn\u00fd tomu, kter\u00fd Blues praktikovali loni. Nicm\u00e9n\u011b, porovn\u00e1n\u00ed s minul\u00fdm ro\u010dn\u00edkem nen\u00ed zcela na m\u00edst\u011b. Tehdy toti\u017e Evertonu ned\u011blalo tak z\u00e1sadn\u00ed probl\u00e9m dostat balon jak\u00fdmkoliv zp\u016fsobem za brankovou \u010d\u00e1ru. Zato letos d\u011bl\u00e1, a modrou polovinu Merseyside p\u0159est\u00e1v\u00e1 g\u00f3lov\u00e1 produktivita jejich obl\u00edbenc\u016f bavit.\u00a0<em>\u201eMoje trp\u011blivost nen\u00ed nekone\u010dn\u00e1. Pokud neza\u010dneme prom\u011b\u0148ovat \u0161ance, budeme za to platit,\u201c<\/em>h\u0159\u00edm\u00e1 v\u00fdhru\u017en\u011b David Moyes. Jeho nespokojenost je zcela logick\u00e1.<\/p>\n<p>Na prvn\u00ed pohled pohledn\u00e1 p\u0159edv\u00e1d\u011bn\u00e1 hra, kter\u00e1 by m\u011bla v\u00e9st k hojn\u00fdm g\u00f3lov\u00fdm statistik\u00e1m, v pozad\u00ed sk\u00fdt\u00e1 podstatn\u011b m\u00e9n\u011b radostn\u011bj\u0161\u00ed skute\u010dnosti. P\u0159edv\u00eddatelnost, pomalost, chyb\u011bj\u00edc\u00ed fin\u00e1ln\u00ed f\u00e1ze. V\u00fdsledkem je krajn\u011b neefektivn\u00ed h\u00e1zen\u00e1, kter\u00e1 n\u011bkomu m\u016f\u017ee p\u0159ij\u00edt docela fajn, pokud j\u00ed nechyb\u00ed g\u00f3ly. T\u011b\u017eko pochopiteln\u00e1 snaha doj\u00edt s kulat\u00fdm nesmyslem a\u017e do br\u00e1ny, pomal\u00e1 t\u011b\u017ekop\u00e1dnost a k uzouf\u00e1n\u00ed nedostate\u010dn\u00e1 p\u0159\u00edmo\u010darost a kreativita toti\u017e Everton st\u00e1la ji\u017e nem\u00e1lo bod\u016f. Jen\u017ee \u010das plyne d\u00e1l, ale laxnost v \u00fato\u010dn\u00e9 f\u00e1zi po\u0159\u00e1d jaksi ne a ne odstranit.<\/p>\n<p>V posledn\u00edm z\u00e1pase proti Boltonu p\u0159ivedl Everton sv\u00e9 fandy m\u00e1lem k \u0161\u00edlenstv\u00ed. Mohutn\u00e1 p\u0159evaha mu byla platn\u00e1 jako mrtv\u00e9mu zimn\u00edk, a to si zad\u00e1ci Blues dokonce dovolili pustit do s\u00edt\u011b ojedin\u011blou akci Trotters. Pohromu hluboko v nastaven\u00e9m \u010dase na\u0161t\u011bst\u00ed odvr\u00e1til sv\u00fdm premi\u00e9rov\u00fdm g\u00f3lem v nejvy\u0161\u0161\u00ed sout\u011b\u017ei Jermaine Beckford (trefa nikoliv z d\u00edlny t\u00fdmov\u00e9 spolupr\u00e1ce, n\u00fdbr\u017e individu\u00e1ln\u00ed par\u00e1da). Po cel\u00e9 zemi p\u0159itom soub\u011b\u017en\u011b prob\u00edhala utk\u00e1n\u00ed slab\u0161\u00edho Wolverhamptonu, West Bromwiche, Blackburnu, \u010di posledn\u00edho West Hamu. T\u00fdm\u016f, kter\u00e9 fini\u0161uj\u00ed o \u0159\u00e1dku pozic pod Toffees, ale dok\u00e1\u017e\u00ed svoje fanou\u0161ky zvednout ze seda\u010dek. St\u0159elami, g\u00f3lovkami, akcemi, kter\u00e9 maj\u00ed n\u00e1pad&#8230;<\/p>\n<p>Co tedy za st\u0159eleckou pasivitou Evertonu stoj\u00ed? Ne zrovna ide\u00e1ln\u00ed forma \u00fato\u010dn\u00edk\u016f je d\u016fvodem \u010d\u00edslo jedna. Sp\u00edc\u00ed panna Louis Saha nedal v lize g\u00f3l od \u00fanora a Yakubu ke sv\u00fdm dobr\u00fdm v\u00fdkon\u016fm doposud p\u0159idal trefu pouze jednu. Jermaine Beckford se v Premier League teprve rozkouk\u00e1v\u00e1 a pot\u00e9, co v \u00favodn\u00edch z\u00e1pasech sezony, kdy jej David Moyes p\u00e1rkr\u00e1t nepochopiteln\u011b postavil do z\u00e1kladn\u00ed sestavy zrovna neoslnil, jeho sebed\u016fv\u011bra asi z\u00e1vratn\u00fdch v\u00fd\u0161ek dosahovat nebude. St\u0159ede\u010dn\u00ed branka budi\u017e nad\u011bj\u00ed.<\/p>\n<p>Evertonu ale paradoxn\u011b ubli\u017euje pr\u00e1v\u011b zd\u00e1nliv\u00e1 a jednozna\u010dn\u00e1 v\u00fdhoda &#8211; kvalita celkov\u00e9ho mu\u017estva. V\u011bt\u0161\u00ed \u010d\u00e1st t\u00fdm\u016f tak p\u0159ij\u00ed\u017ed\u00ed na Goodison hr\u00e1t na nulu, Everton se proto m\u016f\u017ee vesele pustit do ofenzivy, jen\u017ee proti organizovan\u00fdm obran\u00e1m a presuj\u00edc\u00edm hr\u00e1\u010d\u016fm zkr\u00e1tka nedok\u00e1\u017ee naj\u00edt recept. P\u0159itom je\u0161t\u011b p\u00e1r let tomu bylo naopak. Tehdy Blues zaj\u00edmala hlavn\u011b zadn\u00ed vr\u00e1tka a rad\u011bji se spol\u00e9hali na brejky. Jenom\u017ee karta se obr\u00e1tila. V Evertonu se se\u0161el kvalitn\u00ed t\u00fdm, ale chyb\u00ed mu individualita, kter\u00e1 dok\u00e1\u017ee odemykat obrany, d\u00e1vat geni\u00e1ln\u00ed p\u0159ihr\u00e1vky do jasn\u00fdch pozic&#8230;<\/p>\n<p>Pokud jste si pr\u00e1v\u011b pomysleli, \u017ee t\u00edm kl\u00ed\u010dov\u00fdm mu\u017eem m\u016f\u017ee b\u00fdt Mikel Arteta, trefili jste se. H\u00e1\u010dek ale vis\u00ed v tom, \u017ee Bask se pot\u00fdk\u00e1 s tragickou formou a t\u00fdm jeho schopnosti neuv\u011b\u0159iteln\u011b postr\u00e1d\u00e1. Ta tam je jeho vize, kterou za\u0159\u00eddil spoustu g\u00f3l\u016f. Nej\u010dast\u011bj\u0161\u00edm obr\u00e1zkem sou\u010dasn\u00e9ho Artety jsou alibistick\u00e9 pasy do stran a t\u00edm p\u00e1dem do o\u010d\u00ed bij\u00edc\u00ed zpomalov\u00e1n\u00ed hry. Pak ale nen\u00ed divu, \u017ee ve\u0161ker\u00e1 \u00fato\u010dn\u00e1 snaha kon\u010d\u00ed p\u0159ed \u0161estn\u00e1ctkou, kde si Everton pravideln\u011b po\u0159\u00e1d\u00e1 h\u00e1zenk\u00e1\u0159sk\u00e1 kl\u00e1n\u00ed.<\/p>\n<p>Hra, kterou Moyesovi borci praktikuj\u00ed, zkr\u00e1tka nefunguje. K \u010demu je dr\u017een\u00ed m\u00ed\u010de a sev\u0159en\u00ed soupe\u0159e, kdy\u017e z n\u011bj nevzejde po\u0159\u00e1dn\u00e1 p\u0159\u00edle\u017eitost? Pro\u010d se hr\u00e1\u010di nesna\u017e\u00ed \u010dast\u011bji st\u0159\u00edlet? Pro\u010d Everton kope v z\u00e1pase 18 rohov\u00fdch kop\u016f, kdy\u017e je nedok\u00e1\u017ee absolutn\u011b nijak vyu\u017e\u00edt? Pu\u0161ku nen\u00ed t\u0159eba h\u00e1zet do \u017eita, sezona je dlouh\u00e1 a Toffees se dr\u017e\u00ed na dost\u0159el vytipovan\u00fdm pozic\u00edm. \u010citeln\u00e1 nuda, kterou p\u0159edv\u00e1d\u011bj\u00ed, ale p\u0159id\u00e1v\u00e1 starosti. A frustruje.<\/p>\n","protected":false},"excerpt":{"rendered":"<p>Po\u0159\u00e1d to nen\u00ed ono. Oko fotbalov\u00e9ho fanou\u0161ka si sice p\u0159i shl\u00e9dnut\u00ed leto\u0161n\u00edho Evertonu p\u0159ijde na sv\u00e9, ale je evidentn\u00ed, \u017ee&hellip;<\/p>\n","protected":false},"author":7,"featured_media":1310,"comment_status":"open","ping_status":"closed","sticky":false,"template":"","format":"standard","meta":{"_eb_attr":"","_monsterinsights_skip_tracking":false,"_monsterinsights_sitenote_active":false,"_monsterinsights_sitenote_note":"","_monsterinsights_sitenote_category":0,"footnotes":""},"categories":[39],"tags":[],"yoast_head":"<!-- This site is optimized with the Yoast SEO plugin v23.4 - https:\/\/yoast.com\/wordpress\/plugins\/seo\/ -->\n<title>Bez g\u00f3l\u016f to nep\u016fjde - Official Czech &amp; Slovak Everton Supporters&#039; Club<\/title>\n<meta name=\"robots\" content=\"index, follow, max-snippet:-1, max-image-preview:large, max-video-preview:-1\" \/>\n<link rel=\"canonical\" href=\"https:\/\/evertonfc.cz\/index.php\/2010\/11\/11\/bez-golu-to-nepujde\/\" \/>\n<meta property=\"og:locale\" content=\"cs_CZ\" \/>\n<meta property=\"og:type\" content=\"article\" \/>\n<meta property=\"og:title\" content=\"Bez g\u00f3l\u016f to nep\u016fjde - Official Czech &amp; Slovak Everton Supporters&#039; Club\" \/>\n<meta property=\"og:description\" content=\"Po\u0159\u00e1d to nen\u00ed ono. Oko fotbalov\u00e9ho fanou\u0161ka si sice p\u0159i shl\u00e9dnut\u00ed leto\u0161n\u00edho Evertonu p\u0159ijde na sv\u00e9, ale je evidentn\u00ed, \u017ee&hellip;\" \/>\n<meta property=\"og:url\" content=\"https:\/\/evertonfc.cz\/index.php\/2010\/11\/11\/bez-golu-to-nepujde\/\" \/>\n<meta property=\"og:site_name\" content=\"Official Czech &amp; Slovak Everton Supporters&#039; Club\" \/>\n<meta property=\"article:publisher\" content=\"https:\/\/www.facebook.com\/everton.fans.cz.sk\" \/>\n<meta property=\"article:published_time\" content=\"2010-11-11T08:07:44+00:00\" \/>\n<meta property=\"article:modified_time\" content=\"2019-02-11T16:48:47+00:00\" \/>\n<meta property=\"og:image\" content=\"https:\/\/evertonfc.cz\/wp-content\/uploads\/2019\/01\/blog.jpg\" \/>\n\t<meta property=\"og:image:width\" content=\"720\" \/>\n\t<meta property=\"og:image:height\" content=\"405\" \/>\n\t<meta property=\"og:image:type\" content=\"image\/jpeg\" \/>\n<meta name=\"author\" content=\"Me\u0148a\" \/>\n<meta name=\"twitter:card\" content=\"summary_large_image\" \/>\n<meta name=\"twitter:label1\" content=\"Napsal(a)\" \/>\n\t<meta name=\"twitter:data1\" content=\"Me\u0148a\" \/>\n\t<meta name=\"twitter:label2\" content=\"Odhadovan\u00e1 doba \u010dten\u00ed\" \/>\n\t<meta name=\"twitter:data2\" content=\"4 minuty\" \/>\n<script type=\"application\/ld+json\" class=\"yoast-schema-graph\">{\"@context\":\"https:\/\/schema.org\",\"@graph\":[{\"@type\":\"Article\",\"@id\":\"https:\/\/evertonfc.cz\/index.php\/2010\/11\/11\/bez-golu-to-nepujde\/#article\",\"isPartOf\":{\"@id\":\"https:\/\/evertonfc.cz\/index.php\/2010\/11\/11\/bez-golu-to-nepujde\/\"},\"author\":{\"name\":\"Me\u0148a\",\"@id\":\"https:\/\/evertonfc.cz\/#\/schema\/person\/cd6328a75577de2add7793fd4b0930c3\"},\"headline\":\"Bez g\u00f3l\u016f to nep\u016fjde\",\"datePublished\":\"2010-11-11T08:07:44+00:00\",\"dateModified\":\"2019-02-11T16:48:47+00:00\",\"mainEntityOfPage\":{\"@id\":\"https:\/\/evertonfc.cz\/index.php\/2010\/11\/11\/bez-golu-to-nepujde\/\"},\"wordCount\":818,\"commentCount\":0,\"publisher\":{\"@id\":\"https:\/\/evertonfc.cz\/#organization\"},\"image\":{\"@id\":\"https:\/\/evertonfc.cz\/index.php\/2010\/11\/11\/bez-golu-to-nepujde\/#primaryimage\"},\"thumbnailUrl\":\"https:\/\/evertonfc.cz\/wp-content\/uploads\/2019\/01\/blog.jpg\",\"articleSection\":[\"Blog\"],\"inLanguage\":\"cs\",\"potentialAction\":[{\"@type\":\"CommentAction\",\"name\":\"Comment\",\"target\":[\"https:\/\/evertonfc.cz\/index.php\/2010\/11\/11\/bez-golu-to-nepujde\/#respond\"]}]},{\"@type\":\"WebPage\",\"@id\":\"https:\/\/evertonfc.cz\/index.php\/2010\/11\/11\/bez-golu-to-nepujde\/\",\"url\":\"https:\/\/evertonfc.cz\/index.php\/2010\/11\/11\/bez-golu-to-nepujde\/\",\"name\":\"Bez g\u00f3l\u016f to nep\u016fjde - Official Czech &amp; Slovak Everton Supporters&#039; Club\",\"isPartOf\":{\"@id\":\"https:\/\/evertonfc.cz\/#website\"},\"primaryImageOfPage\":{\"@id\":\"https:\/\/evertonfc.cz\/index.php\/2010\/11\/11\/bez-golu-to-nepujde\/#primaryimage\"},\"image\":{\"@id\":\"https:\/\/evertonfc.cz\/index.php\/2010\/11\/11\/bez-golu-to-nepujde\/#primaryimage\"},\"thumbnailUrl\":\"https:\/\/evertonfc.cz\/wp-content\/uploads\/2019\/01\/blog.jpg\",\"datePublished\":\"2010-11-11T08:07:44+00:00\",\"dateModified\":\"2019-02-11T16:48:47+00:00\",\"breadcrumb\":{\"@id\":\"https:\/\/evertonfc.cz\/index.php\/2010\/11\/11\/bez-golu-to-nepujde\/#breadcrumb\"},\"inLanguage\":\"cs\",\"potentialAction\":[{\"@type\":\"ReadAction\",\"target\":[\"https:\/\/evertonfc.cz\/index.php\/2010\/11\/11\/bez-golu-to-nepujde\/\"]}]},{\"@type\":\"ImageObject\",\"inLanguage\":\"cs\",\"@id\":\"https:\/\/evertonfc.cz\/index.php\/2010\/11\/11\/bez-golu-to-nepujde\/#primaryimage\",\"url\":\"https:\/\/evertonfc.cz\/wp-content\/uploads\/2019\/01\/blog.jpg\",\"contentUrl\":\"https:\/\/evertonfc.cz\/wp-content\/uploads\/2019\/01\/blog.jpg\",\"width\":720,\"height\":405},{\"@type\":\"BreadcrumbList\",\"@id\":\"https:\/\/evertonfc.cz\/index.php\/2010\/11\/11\/bez-golu-to-nepujde\/#breadcrumb\",\"itemListElement\":[{\"@type\":\"ListItem\",\"position\":1,\"name\":\"Home\",\"item\":\"https:\/\/evertonfc.cz\/\"},{\"@type\":\"ListItem\",\"position\":2,\"name\":\"Bez g\u00f3l\u016f to nep\u016fjde\"}]},{\"@type\":\"WebSite\",\"@id\":\"https:\/\/evertonfc.cz\/#website\",\"url\":\"https:\/\/evertonfc.cz\/\",\"name\":\"Official Czech &amp; Slovak Everton Supporters&#039; Club\",\"description\":\"\",\"publisher\":{\"@id\":\"https:\/\/evertonfc.cz\/#organization\"},\"potentialAction\":[{\"@type\":\"SearchAction\",\"target\":{\"@type\":\"EntryPoint\",\"urlTemplate\":\"https:\/\/evertonfc.cz\/?s={search_term_string}\"},\"query-input\":{\"@type\":\"PropertyValueSpecification\",\"valueRequired\":true,\"valueName\":\"search_term_string\"}}],\"inLanguage\":\"cs\"},{\"@type\":\"Organization\",\"@id\":\"https:\/\/evertonfc.cz\/#organization\",\"name\":\"Official Czech & Slovak Everton Supporters' Club\",\"url\":\"https:\/\/evertonfc.cz\/\",\"logo\":{\"@type\":\"ImageObject\",\"inLanguage\":\"cs\",\"@id\":\"https:\/\/evertonfc.cz\/#\/schema\/logo\/image\/\",\"url\":\"https:\/\/evertonfc.cz\/wp-content\/uploads\/2019\/05\/logo.png\",\"contentUrl\":\"https:\/\/evertonfc.cz\/wp-content\/uploads\/2019\/05\/logo.png\",\"width\":112,\"height\":112,\"caption\":\"Official Czech & Slovak Everton Supporters' Club\"},\"image\":{\"@id\":\"https:\/\/evertonfc.cz\/#\/schema\/logo\/image\/\"},\"sameAs\":[\"https:\/\/www.facebook.com\/everton.fans.cz.sk\"]},{\"@type\":\"Person\",\"@id\":\"https:\/\/evertonfc.cz\/#\/schema\/person\/cd6328a75577de2add7793fd4b0930c3\",\"name\":\"Me\u0148a\",\"url\":\"https:\/\/evertonfc.cz\/index.php\/author\/mena\/\"}]}<\/script>\n<!-- \/ Yoast SEO plugin. -->","yoast_head_json":{"title":"Bez g\u00f3l\u016f to nep\u016fjde - Official Czech &amp; Slovak Everton Supporters&#039; Club","robots":{"index":"index","follow":"follow","max-snippet":"max-snippet:-1","max-image-preview":"max-image-preview:large","max-video-preview":"max-video-preview:-1"},"canonical":"https:\/\/evertonfc.cz\/index.php\/2010\/11\/11\/bez-golu-to-nepujde\/","og_locale":"cs_CZ","og_type":"article","og_title":"Bez g\u00f3l\u016f to nep\u016fjde - Official Czech &amp; Slovak Everton Supporters&#039; Club","og_description":"Po\u0159\u00e1d to nen\u00ed ono. Oko fotbalov\u00e9ho fanou\u0161ka si sice p\u0159i shl\u00e9dnut\u00ed leto\u0161n\u00edho Evertonu p\u0159ijde na sv\u00e9, ale je evidentn\u00ed, \u017ee&hellip;","og_url":"https:\/\/evertonfc.cz\/index.php\/2010\/11\/11\/bez-golu-to-nepujde\/","og_site_name":"Official Czech &amp; Slovak Everton Supporters&#039; Club","article_publisher":"https:\/\/www.facebook.com\/everton.fans.cz.sk","article_published_time":"2010-11-11T08:07:44+00:00","article_modified_time":"2019-02-11T16:48:47+00:00","og_image":[{"width":720,"height":405,"url":"https:\/\/evertonfc.cz\/wp-content\/uploads\/2019\/01\/blog.jpg","type":"image\/jpeg"}],"author":"Me\u0148a","twitter_card":"summary_large_image","twitter_misc":{"Napsal(a)":"Me\u0148a","Odhadovan\u00e1 doba \u010dten\u00ed":"4 minuty"},"schema":{"@context":"https:\/\/schema.org","@graph":[{"@type":"Article","@id":"https:\/\/evertonfc.cz\/index.php\/2010\/11\/11\/bez-golu-to-nepujde\/#article","isPartOf":{"@id":"https:\/\/evertonfc.cz\/index.php\/2010\/11\/11\/bez-golu-to-nepujde\/"},"author":{"name":"Me\u0148a","@id":"https:\/\/evertonfc.cz\/#\/schema\/person\/cd6328a75577de2add7793fd4b0930c3"},"headline":"Bez g\u00f3l\u016f to nep\u016fjde","datePublished":"2010-11-11T08:07:44+00:00","dateModified":"2019-02-11T16:48:47+00:00","mainEntityOfPage":{"@id":"https:\/\/evertonfc.cz\/index.php\/2010\/11\/11\/bez-golu-to-nepujde\/"},"wordCount":818,"commentCount":0,"publisher":{"@id":"https:\/\/evertonfc.cz\/#organization"},"image":{"@id":"https:\/\/evertonfc.cz\/index.php\/2010\/11\/11\/bez-golu-to-nepujde\/#primaryimage"},"thumbnailUrl":"https:\/\/evertonfc.cz\/wp-content\/uploads\/2019\/01\/blog.jpg","articleSection":["Blog"],"inLanguage":"cs","potentialAction":[{"@type":"CommentAction","name":"Comment","target":["https:\/\/evertonfc.cz\/index.php\/2010\/11\/11\/bez-golu-to-nepujde\/#respond"]}]},{"@type":"WebPage","@id":"https:\/\/evertonfc.cz\/index.php\/2010\/11\/11\/bez-golu-to-nepujde\/","url":"https:\/\/evertonfc.cz\/index.php\/2010\/11\/11\/bez-golu-to-nepujde\/","name":"Bez g\u00f3l\u016f to nep\u016fjde - Official Czech &amp; Slovak Everton Supporters&#039; Club","isPartOf":{"@id":"https:\/\/evertonfc.cz\/#website"},"primaryImageOfPage":{"@id":"https:\/\/evertonfc.cz\/index.php\/2010\/11\/11\/bez-golu-to-nepujde\/#primaryimage"},"image":{"@id":"https:\/\/evertonfc.cz\/index.php\/2010\/11\/11\/bez-golu-to-nepujde\/#primaryimage"},"thumbnailUrl":"https:\/\/evertonfc.cz\/wp-content\/uploads\/2019\/01\/blog.jpg","datePublished":"2010-11-11T08:07:44+00:00","dateModified":"2019-02-11T16:48:47+00:00","breadcrumb":{"@id":"https:\/\/evertonfc.cz\/index.php\/2010\/11\/11\/bez-golu-to-nepujde\/#breadcrumb"},"inLanguage":"cs","potentialAction":[{"@type":"ReadAction","target":["https:\/\/evertonfc.cz\/index.php\/2010\/11\/11\/bez-golu-to-nepujde\/"]}]},{"@type":"ImageObject","inLanguage":"cs","@id":"https:\/\/evertonfc.cz\/index.php\/2010\/11\/11\/bez-golu-to-nepujde\/#primaryimage","url":"https:\/\/evertonfc.cz\/wp-content\/uploads\/2019\/01\/blog.jpg","contentUrl":"https:\/\/evertonfc.cz\/wp-content\/uploads\/2019\/01\/blog.jpg","width":720,"height":405},{"@type":"BreadcrumbList","@id":"https:\/\/evertonfc.cz\/index.php\/2010\/11\/11\/bez-golu-to-nepujde\/#breadcrumb","itemListElement":[{"@type":"ListItem","position":1,"name":"Home","item":"https:\/\/evertonfc.cz\/"},{"@type":"ListItem","position":2,"name":"Bez g\u00f3l\u016f to nep\u016fjde"}]},{"@type":"WebSite","@id":"https:\/\/evertonfc.cz\/#website","url":"https:\/\/evertonfc.cz\/","name":"Official Czech &amp; Slovak Everton Supporters&#039; Club","description":"","publisher":{"@id":"https:\/\/evertonfc.cz\/#organization"},"potentialAction":[{"@type":"SearchAction","target":{"@type":"EntryPoint","urlTemplate":"https:\/\/evertonfc.cz\/?s={search_term_string}"},"query-input":{"@type":"PropertyValueSpecification","valueRequired":true,"valueName":"search_term_string"}}],"inLanguage":"cs"},{"@type":"Organization","@id":"https:\/\/evertonfc.cz\/#organization","name":"Official Czech & Slovak Everton Supporters' Club","url":"https:\/\/evertonfc.cz\/","logo":{"@type":"ImageObject","inLanguage":"cs","@id":"https:\/\/evertonfc.cz\/#\/schema\/logo\/image\/","url":"https:\/\/evertonfc.cz\/wp-content\/uploads\/2019\/05\/logo.png","contentUrl":"https:\/\/evertonfc.cz\/wp-content\/uploads\/2019\/05\/logo.png","width":112,"height":112,"caption":"Official Czech & Slovak Everton Supporters' Club"},"image":{"@id":"https:\/\/evertonfc.cz\/#\/schema\/logo\/image\/"},"sameAs":["https:\/\/www.facebook.com\/everton.fans.cz.sk"]},{"@type":"Person","@id":"https:\/\/evertonfc.cz\/#\/schema\/person\/cd6328a75577de2add7793fd4b0930c3","name":"Me\u0148a","url":"https:\/\/evertonfc.cz\/index.php\/author\/mena\/"}]}},"_links":{"self":[{"href":"https:\/\/evertonfc.cz\/index.php\/wp-json\/wp\/v2\/posts\/3346"}],"collection":[{"href":"https:\/\/evertonfc.cz\/index.php\/wp-json\/wp\/v2\/posts"}],"about":[{"href":"https:\/\/evertonfc.cz\/index.php\/wp-json\/wp\/v2\/types\/post"}],"author":[{"embeddable":true,"href":"https:\/\/evertonfc.cz\/index.php\/wp-json\/wp\/v2\/users\/7"}],"replies":[{"embeddable":true,"href":"https:\/\/evertonfc.cz\/index.php\/wp-json\/wp\/v2\/comments?post=3346"}],"version-history":[{"count":3,"href":"https:\/\/evertonfc.cz\/index.php\/wp-json\/wp\/v2\/posts\/3346\/revisions"}],"predecessor-version":[{"id":3448,"href":"https:\/\/evertonfc.cz\/index.php\/wp-json\/wp\/v2\/posts\/3346\/revisions\/3448"}],"wp:featuredmedia":[{"embeddable":true,"href":"https:\/\/evertonfc.cz\/index.php\/wp-json\/wp\/v2\/media\/1310"}],"wp:attachment":[{"href":"https:\/\/evertonfc.cz\/index.php\/wp-json\/wp\/v2\/media?parent=3346"}],"wp:term":[{"taxonomy":"category","embeddable":true,"href":"https:\/\/evertonfc.cz\/index.php\/wp-json\/wp\/v2\/categories?post=3346"},{"taxonomy":"post_tag","embeddable":true,"href":"https:\/\/evertonfc.cz\/index.php\/wp-json\/wp\/v2\/tags?post=3346"}],"curies":[{"name":"wp","href":"https:\/\/api.w.org\/{rel}","templated":true}]}}