{"id":3354,"date":"2010-11-16T09:33:14","date_gmt":"2010-11-16T08:33:14","guid":{"rendered":"http:\/\/evertonfc.cz\/?p=3354"},"modified":"2019-02-11T17:46:01","modified_gmt":"2019-02-11T16:46:01","slug":"coleman-bude-nejspise-debutovat","status":"publish","type":"post","link":"https:\/\/evertonfc.cz\/index.php\/2010\/11\/16\/coleman-bude-nejspise-debutovat\/","title":{"rendered":"Coleman bude nejsp\u00ed\u0161e debutovat"},"content":{"rendered":"<h4>Tren\u00e9r Irska, Giovanni Trapatonni, nazna\u010dil \u00famysl postavit Seamuse Colemana do p\u0159\u00e1telsk\u00e9ho z\u00e1pasu proti Norsku, \u010d\u00edm\u017e by si rychlonoh\u00fd talent p\u0159ipsal debut v seniorsk\u00e9 reprezentaci.<\/h4>\n<p>Zku\u0161en\u00fd italsk\u00fd strat\u00e9g se nechal sly\u0161et:<em>\u00a0\u201eV p\u0159\u00e1telsk\u00e9 utk\u00e1n\u00ed proti Norsku n\u00e1m bude chyb\u011bt mnoho zran\u011bn\u00fdch hr\u00e1\u010d\u016f, a tak \u0161anci dostanou mlad\u00edci. Pro Colemana, Cunnighama nebo Walterse to bude d\u016fle\u017eit\u00e9 utk\u00e1n\u00ed, zvedne se jim sebed\u016fv\u011bra a zlep\u0161\u00ed charakter. V budoucnu na nich chceme stav\u011bt.\u201c<\/em><\/p>\n<p>Irov\u00e9 se st\u0159etnou v p\u0159\u00e1telsk\u00e9m z\u00e1pase proti Norsku ve st\u0159edu ve\u010der v Dublinu.\u00a0<strong>Seamus Coleman<\/strong>\u00a0ale rozhodn\u011b nebude jedin\u00fdm hr\u00e1\u010dem Toffees, kter\u00fd bude z\u00edtra reprezentovat. Pozv\u00e1nku ke st\u0159ede\u010dn\u00edm p\u0159\u00e1telsk\u00fdm z\u00e1pas\u016fm dostalo dal\u0161\u00edch dvan\u00e1ct Evertonians.<\/p>\n<p><strong>Phil Jagielka<\/strong>\u00a0m\u016f\u017ee obl\u00e9knout n\u00e1rodn\u00ed dres Albionu u\u017e po sedmn\u00e1ct\u00e9. Z\u00e1kladn\u00ed k\u00e1men obrany Fabia Capella, John Terry, je zran\u011bn, a tak Jagse utk\u00e1n\u00ed proti Francii ve Wembley asi nemine.<\/p>\n<p><strong>Marouane Fellaini<\/strong>\u00a0se utk\u00e1 se sv\u00fdm klubov\u00fdm spoluhr\u00e1\u010dem. Do Belgie p\u0159icestuje rusk\u00e1 reprezentace, v n\u00ed\u017e nechyb\u00ed\u00a0<strong>Diniyar Bilyaletdinov<\/strong>.<\/p>\n<p><strong>Tim Cahill<\/strong>\u00a0povede Socceroos v zaj\u00edmav\u00e9m z\u00e1pase v K\u00e1hi\u0159e proti dom\u00e1c\u00edmu Egyptu, zat\u00edmco\u00a0<strong>Steven Pienaar<\/strong>\u00a0se pod taktovkou JAR utk\u00e1 proti USA o poh\u00e1r Nelsona Mandely. Na americk\u00e9 stran\u011b tentokr\u00e1t chyb\u00ed Tim Howard, jeliko\u017e tren\u00e9r Bob Bradley nechal pro tento p\u0159\u00e1telsk\u00fd z\u00e1pas odpo\u010d\u00edvat n\u011bkolik sv\u00fdch opor pr\u00e1v\u011b v\u010detn\u011b Howarda, ale i t\u0159eba Landona Donovana.<\/p>\n<p>To\u00a0<strong>J\u00e1n Mucha<\/strong>, druh\u00fd branka\u0159 EFC, pozv\u00e1nku dostal. Slov\u00e1ci vycestuj\u00ed na horkou p\u016fdu do Bosny.<\/p>\n<p><strong>Jack Rodwell<\/strong>\u00a0se sta\u010dil zotavit ze sv\u00e9ho zran\u011bn\u00ed kotn\u00edku d\u0159\u00edve, ne\u017e se p\u0159edpokl\u00e1dalo, a proto stihne i presti\u017en\u00ed st\u0159etnut\u00ed anglick\u00e9 U-21 na p\u016fd\u011b N\u011bmecka. Dal\u0161\u00edm reprezentantem &#8222;jednadvac\u00edtky&#8220; je\u00a0<strong>Magaye Gueye<\/strong>, jen\u017e bude cht\u00edt vst\u0159elit zase n\u011bjakou branku za Francii. Pokus\u00ed se o to proti Rusku. Rodwell i Gueye odehraj\u00ed sv\u00e9 z\u00e1pasy v \u00fater\u00fd.<\/p>\n<p><strong>Nathan Craig<\/strong>\u00a0bude h\u00e1jit barvy Walesu U-21 proti Rakousku a duo\u00a0<strong>Luke Garbutt<\/strong>\u00a0a\u00a0<strong>Jake Bidwell<\/strong>\u00a0pro zm\u011bnu Anglie U-18 v dom\u00e1c\u00edm souboji proti Polsku hran\u00e9m v \u00fater\u00fd.<\/p>\n","protected":false},"excerpt":{"rendered":"<p>Tren\u00e9r Irska, Giovanni Trapatonni, nazna\u010dil \u00famysl postavit Seamuse Colemana do p\u0159\u00e1telsk\u00e9ho z\u00e1pasu proti Norsku, \u010d\u00edm\u017e by si rychlonoh\u00fd talent p\u0159ipsal&hellip;<\/p>\n","protected":false},"author":6,"featured_media":1313,"comment_status":"open","ping_status":"closed","sticky":false,"template":"","format":"standard","meta":{"_eb_attr":"","_monsterinsights_skip_tracking":false,"_monsterinsights_sitenote_active":false,"_monsterinsights_sitenote_note":"","_monsterinsights_sitenote_category":0,"footnotes":""},"categories":[42],"tags":[],"yoast_head":"<!-- This site is optimized with the Yoast SEO plugin v23.4 - https:\/\/yoast.com\/wordpress\/plugins\/seo\/ -->\n<title>Coleman bude nejsp\u00ed\u0161e debutovat - Official Czech &amp; Slovak Everton Supporters&#039; Club<\/title>\n<meta name=\"robots\" content=\"index, follow, max-snippet:-1, max-image-preview:large, max-video-preview:-1\" \/>\n<link rel=\"canonical\" href=\"https:\/\/evertonfc.cz\/index.php\/2010\/11\/16\/coleman-bude-nejspise-debutovat\/\" \/>\n<meta property=\"og:locale\" content=\"cs_CZ\" \/>\n<meta property=\"og:type\" content=\"article\" \/>\n<meta property=\"og:title\" content=\"Coleman bude nejsp\u00ed\u0161e debutovat - Official Czech &amp; Slovak Everton Supporters&#039; Club\" \/>\n<meta property=\"og:description\" content=\"Tren\u00e9r Irska, Giovanni Trapatonni, nazna\u010dil \u00famysl postavit Seamuse Colemana do p\u0159\u00e1telsk\u00e9ho z\u00e1pasu proti Norsku, \u010d\u00edm\u017e by si rychlonoh\u00fd talent p\u0159ipsal&hellip;\" \/>\n<meta property=\"og:url\" content=\"https:\/\/evertonfc.cz\/index.php\/2010\/11\/16\/coleman-bude-nejspise-debutovat\/\" \/>\n<meta property=\"og:site_name\" content=\"Official Czech &amp; Slovak Everton Supporters&#039; Club\" \/>\n<meta property=\"article:publisher\" content=\"https:\/\/www.facebook.com\/everton.fans.cz.sk\" \/>\n<meta property=\"article:published_time\" content=\"2010-11-16T08:33:14+00:00\" \/>\n<meta property=\"article:modified_time\" content=\"2019-02-11T16:46:01+00:00\" \/>\n<meta property=\"og:image\" content=\"https:\/\/evertonfc.cz\/wp-content\/uploads\/2019\/01\/news.jpg\" \/>\n\t<meta property=\"og:image:width\" content=\"720\" \/>\n\t<meta property=\"og:image:height\" content=\"405\" \/>\n\t<meta property=\"og:image:type\" content=\"image\/jpeg\" \/>\n<meta name=\"author\" content=\"Ri\u010di\" \/>\n<meta name=\"twitter:card\" content=\"summary_large_image\" \/>\n<meta name=\"twitter:creator\" content=\"@rbrejsa\" \/>\n<meta name=\"twitter:label1\" content=\"Napsal(a)\" \/>\n\t<meta name=\"twitter:data1\" content=\"Ri\u010di\" \/>\n\t<meta name=\"twitter:label2\" content=\"Odhadovan\u00e1 doba \u010dten\u00ed\" \/>\n\t<meta name=\"twitter:data2\" content=\"2 minuty\" \/>\n<script type=\"application\/ld+json\" class=\"yoast-schema-graph\">{\"@context\":\"https:\/\/schema.org\",\"@graph\":[{\"@type\":\"Article\",\"@id\":\"https:\/\/evertonfc.cz\/index.php\/2010\/11\/16\/coleman-bude-nejspise-debutovat\/#article\",\"isPartOf\":{\"@id\":\"https:\/\/evertonfc.cz\/index.php\/2010\/11\/16\/coleman-bude-nejspise-debutovat\/\"},\"author\":{\"name\":\"Ri\u010di\",\"@id\":\"https:\/\/evertonfc.cz\/#\/schema\/person\/f7a5daedb2ffee98480bc70e191aaef1\"},\"headline\":\"Coleman bude nejsp\u00ed\u0161e debutovat\",\"datePublished\":\"2010-11-16T08:33:14+00:00\",\"dateModified\":\"2019-02-11T16:46:01+00:00\",\"mainEntityOfPage\":{\"@id\":\"https:\/\/evertonfc.cz\/index.php\/2010\/11\/16\/coleman-bude-nejspise-debutovat\/\"},\"wordCount\":402,\"commentCount\":0,\"publisher\":{\"@id\":\"https:\/\/evertonfc.cz\/#organization\"},\"image\":{\"@id\":\"https:\/\/evertonfc.cz\/index.php\/2010\/11\/16\/coleman-bude-nejspise-debutovat\/#primaryimage\"},\"thumbnailUrl\":\"https:\/\/evertonfc.cz\/wp-content\/uploads\/2019\/01\/news.jpg\",\"articleSection\":[\"Aktuality\"],\"inLanguage\":\"cs\",\"potentialAction\":[{\"@type\":\"CommentAction\",\"name\":\"Comment\",\"target\":[\"https:\/\/evertonfc.cz\/index.php\/2010\/11\/16\/coleman-bude-nejspise-debutovat\/#respond\"]}]},{\"@type\":\"WebPage\",\"@id\":\"https:\/\/evertonfc.cz\/index.php\/2010\/11\/16\/coleman-bude-nejspise-debutovat\/\",\"url\":\"https:\/\/evertonfc.cz\/index.php\/2010\/11\/16\/coleman-bude-nejspise-debutovat\/\",\"name\":\"Coleman bude nejsp\u00ed\u0161e debutovat - Official Czech &amp; Slovak Everton Supporters&#039; Club\",\"isPartOf\":{\"@id\":\"https:\/\/evertonfc.cz\/#website\"},\"primaryImageOfPage\":{\"@id\":\"https:\/\/evertonfc.cz\/index.php\/2010\/11\/16\/coleman-bude-nejspise-debutovat\/#primaryimage\"},\"image\":{\"@id\":\"https:\/\/evertonfc.cz\/index.php\/2010\/11\/16\/coleman-bude-nejspise-debutovat\/#primaryimage\"},\"thumbnailUrl\":\"https:\/\/evertonfc.cz\/wp-content\/uploads\/2019\/01\/news.jpg\",\"datePublished\":\"2010-11-16T08:33:14+00:00\",\"dateModified\":\"2019-02-11T16:46:01+00:00\",\"breadcrumb\":{\"@id\":\"https:\/\/evertonfc.cz\/index.php\/2010\/11\/16\/coleman-bude-nejspise-debutovat\/#breadcrumb\"},\"inLanguage\":\"cs\",\"potentialAction\":[{\"@type\":\"ReadAction\",\"target\":[\"https:\/\/evertonfc.cz\/index.php\/2010\/11\/16\/coleman-bude-nejspise-debutovat\/\"]}]},{\"@type\":\"ImageObject\",\"inLanguage\":\"cs\",\"@id\":\"https:\/\/evertonfc.cz\/index.php\/2010\/11\/16\/coleman-bude-nejspise-debutovat\/#primaryimage\",\"url\":\"https:\/\/evertonfc.cz\/wp-content\/uploads\/2019\/01\/news.jpg\",\"contentUrl\":\"https:\/\/evertonfc.cz\/wp-content\/uploads\/2019\/01\/news.jpg\",\"width\":720,\"height\":405},{\"@type\":\"BreadcrumbList\",\"@id\":\"https:\/\/evertonfc.cz\/index.php\/2010\/11\/16\/coleman-bude-nejspise-debutovat\/#breadcrumb\",\"itemListElement\":[{\"@type\":\"ListItem\",\"position\":1,\"name\":\"Home\",\"item\":\"https:\/\/evertonfc.cz\/\"},{\"@type\":\"ListItem\",\"position\":2,\"name\":\"Coleman bude nejsp\u00ed\u0161e debutovat\"}]},{\"@type\":\"WebSite\",\"@id\":\"https:\/\/evertonfc.cz\/#website\",\"url\":\"https:\/\/evertonfc.cz\/\",\"name\":\"Official Czech &amp; Slovak Everton Supporters&#039; Club\",\"description\":\"\",\"publisher\":{\"@id\":\"https:\/\/evertonfc.cz\/#organization\"},\"potentialAction\":[{\"@type\":\"SearchAction\",\"target\":{\"@type\":\"EntryPoint\",\"urlTemplate\":\"https:\/\/evertonfc.cz\/?s={search_term_string}\"},\"query-input\":{\"@type\":\"PropertyValueSpecification\",\"valueRequired\":true,\"valueName\":\"search_term_string\"}}],\"inLanguage\":\"cs\"},{\"@type\":\"Organization\",\"@id\":\"https:\/\/evertonfc.cz\/#organization\",\"name\":\"Official Czech & Slovak Everton Supporters' Club\",\"url\":\"https:\/\/evertonfc.cz\/\",\"logo\":{\"@type\":\"ImageObject\",\"inLanguage\":\"cs\",\"@id\":\"https:\/\/evertonfc.cz\/#\/schema\/logo\/image\/\",\"url\":\"https:\/\/evertonfc.cz\/wp-content\/uploads\/2019\/05\/logo.png\",\"contentUrl\":\"https:\/\/evertonfc.cz\/wp-content\/uploads\/2019\/05\/logo.png\",\"width\":112,\"height\":112,\"caption\":\"Official Czech & Slovak Everton Supporters' Club\"},\"image\":{\"@id\":\"https:\/\/evertonfc.cz\/#\/schema\/logo\/image\/\"},\"sameAs\":[\"https:\/\/www.facebook.com\/everton.fans.cz.sk\"]},{\"@type\":\"Person\",\"@id\":\"https:\/\/evertonfc.cz\/#\/schema\/person\/f7a5daedb2ffee98480bc70e191aaef1\",\"name\":\"Ri\u010di\",\"sameAs\":[\"https:\/\/x.com\/rbrejsa\"],\"url\":\"https:\/\/evertonfc.cz\/index.php\/author\/rici\/\"}]}<\/script>\n<!-- \/ Yoast SEO plugin. -->","yoast_head_json":{"title":"Coleman bude nejsp\u00ed\u0161e debutovat - Official Czech &amp; Slovak Everton Supporters&#039; Club","robots":{"index":"index","follow":"follow","max-snippet":"max-snippet:-1","max-image-preview":"max-image-preview:large","max-video-preview":"max-video-preview:-1"},"canonical":"https:\/\/evertonfc.cz\/index.php\/2010\/11\/16\/coleman-bude-nejspise-debutovat\/","og_locale":"cs_CZ","og_type":"article","og_title":"Coleman bude nejsp\u00ed\u0161e debutovat - Official Czech &amp; Slovak Everton Supporters&#039; Club","og_description":"Tren\u00e9r Irska, Giovanni Trapatonni, nazna\u010dil \u00famysl postavit Seamuse Colemana do p\u0159\u00e1telsk\u00e9ho z\u00e1pasu proti Norsku, \u010d\u00edm\u017e by si rychlonoh\u00fd talent p\u0159ipsal&hellip;","og_url":"https:\/\/evertonfc.cz\/index.php\/2010\/11\/16\/coleman-bude-nejspise-debutovat\/","og_site_name":"Official Czech &amp; Slovak Everton Supporters&#039; Club","article_publisher":"https:\/\/www.facebook.com\/everton.fans.cz.sk","article_published_time":"2010-11-16T08:33:14+00:00","article_modified_time":"2019-02-11T16:46:01+00:00","og_image":[{"width":720,"height":405,"url":"https:\/\/evertonfc.cz\/wp-content\/uploads\/2019\/01\/news.jpg","type":"image\/jpeg"}],"author":"Ri\u010di","twitter_card":"summary_large_image","twitter_creator":"@rbrejsa","twitter_misc":{"Napsal(a)":"Ri\u010di","Odhadovan\u00e1 doba \u010dten\u00ed":"2 minuty"},"schema":{"@context":"https:\/\/schema.org","@graph":[{"@type":"Article","@id":"https:\/\/evertonfc.cz\/index.php\/2010\/11\/16\/coleman-bude-nejspise-debutovat\/#article","isPartOf":{"@id":"https:\/\/evertonfc.cz\/index.php\/2010\/11\/16\/coleman-bude-nejspise-debutovat\/"},"author":{"name":"Ri\u010di","@id":"https:\/\/evertonfc.cz\/#\/schema\/person\/f7a5daedb2ffee98480bc70e191aaef1"},"headline":"Coleman bude nejsp\u00ed\u0161e debutovat","datePublished":"2010-11-16T08:33:14+00:00","dateModified":"2019-02-11T16:46:01+00:00","mainEntityOfPage":{"@id":"https:\/\/evertonfc.cz\/index.php\/2010\/11\/16\/coleman-bude-nejspise-debutovat\/"},"wordCount":402,"commentCount":0,"publisher":{"@id":"https:\/\/evertonfc.cz\/#organization"},"image":{"@id":"https:\/\/evertonfc.cz\/index.php\/2010\/11\/16\/coleman-bude-nejspise-debutovat\/#primaryimage"},"thumbnailUrl":"https:\/\/evertonfc.cz\/wp-content\/uploads\/2019\/01\/news.jpg","articleSection":["Aktuality"],"inLanguage":"cs","potentialAction":[{"@type":"CommentAction","name":"Comment","target":["https:\/\/evertonfc.cz\/index.php\/2010\/11\/16\/coleman-bude-nejspise-debutovat\/#respond"]}]},{"@type":"WebPage","@id":"https:\/\/evertonfc.cz\/index.php\/2010\/11\/16\/coleman-bude-nejspise-debutovat\/","url":"https:\/\/evertonfc.cz\/index.php\/2010\/11\/16\/coleman-bude-nejspise-debutovat\/","name":"Coleman bude nejsp\u00ed\u0161e debutovat - Official Czech &amp; Slovak Everton Supporters&#039; Club","isPartOf":{"@id":"https:\/\/evertonfc.cz\/#website"},"primaryImageOfPage":{"@id":"https:\/\/evertonfc.cz\/index.php\/2010\/11\/16\/coleman-bude-nejspise-debutovat\/#primaryimage"},"image":{"@id":"https:\/\/evertonfc.cz\/index.php\/2010\/11\/16\/coleman-bude-nejspise-debutovat\/#primaryimage"},"thumbnailUrl":"https:\/\/evertonfc.cz\/wp-content\/uploads\/2019\/01\/news.jpg","datePublished":"2010-11-16T08:33:14+00:00","dateModified":"2019-02-11T16:46:01+00:00","breadcrumb":{"@id":"https:\/\/evertonfc.cz\/index.php\/2010\/11\/16\/coleman-bude-nejspise-debutovat\/#breadcrumb"},"inLanguage":"cs","potentialAction":[{"@type":"ReadAction","target":["https:\/\/evertonfc.cz\/index.php\/2010\/11\/16\/coleman-bude-nejspise-debutovat\/"]}]},{"@type":"ImageObject","inLanguage":"cs","@id":"https:\/\/evertonfc.cz\/index.php\/2010\/11\/16\/coleman-bude-nejspise-debutovat\/#primaryimage","url":"https:\/\/evertonfc.cz\/wp-content\/uploads\/2019\/01\/news.jpg","contentUrl":"https:\/\/evertonfc.cz\/wp-content\/uploads\/2019\/01\/news.jpg","width":720,"height":405},{"@type":"BreadcrumbList","@id":"https:\/\/evertonfc.cz\/index.php\/2010\/11\/16\/coleman-bude-nejspise-debutovat\/#breadcrumb","itemListElement":[{"@type":"ListItem","position":1,"name":"Home","item":"https:\/\/evertonfc.cz\/"},{"@type":"ListItem","position":2,"name":"Coleman bude nejsp\u00ed\u0161e debutovat"}]},{"@type":"WebSite","@id":"https:\/\/evertonfc.cz\/#website","url":"https:\/\/evertonfc.cz\/","name":"Official Czech &amp; Slovak Everton Supporters&#039; Club","description":"","publisher":{"@id":"https:\/\/evertonfc.cz\/#organization"},"potentialAction":[{"@type":"SearchAction","target":{"@type":"EntryPoint","urlTemplate":"https:\/\/evertonfc.cz\/?s={search_term_string}"},"query-input":{"@type":"PropertyValueSpecification","valueRequired":true,"valueName":"search_term_string"}}],"inLanguage":"cs"},{"@type":"Organization","@id":"https:\/\/evertonfc.cz\/#organization","name":"Official Czech & Slovak Everton Supporters' Club","url":"https:\/\/evertonfc.cz\/","logo":{"@type":"ImageObject","inLanguage":"cs","@id":"https:\/\/evertonfc.cz\/#\/schema\/logo\/image\/","url":"https:\/\/evertonfc.cz\/wp-content\/uploads\/2019\/05\/logo.png","contentUrl":"https:\/\/evertonfc.cz\/wp-content\/uploads\/2019\/05\/logo.png","width":112,"height":112,"caption":"Official Czech & Slovak Everton Supporters' Club"},"image":{"@id":"https:\/\/evertonfc.cz\/#\/schema\/logo\/image\/"},"sameAs":["https:\/\/www.facebook.com\/everton.fans.cz.sk"]},{"@type":"Person","@id":"https:\/\/evertonfc.cz\/#\/schema\/person\/f7a5daedb2ffee98480bc70e191aaef1","name":"Ri\u010di","sameAs":["https:\/\/x.com\/rbrejsa"],"url":"https:\/\/evertonfc.cz\/index.php\/author\/rici\/"}]}},"_links":{"self":[{"href":"https:\/\/evertonfc.cz\/index.php\/wp-json\/wp\/v2\/posts\/3354"}],"collection":[{"href":"https:\/\/evertonfc.cz\/index.php\/wp-json\/wp\/v2\/posts"}],"about":[{"href":"https:\/\/evertonfc.cz\/index.php\/wp-json\/wp\/v2\/types\/post"}],"author":[{"embeddable":true,"href":"https:\/\/evertonfc.cz\/index.php\/wp-json\/wp\/v2\/users\/6"}],"replies":[{"embeddable":true,"href":"https:\/\/evertonfc.cz\/index.php\/wp-json\/wp\/v2\/comments?post=3354"}],"version-history":[{"count":3,"href":"https:\/\/evertonfc.cz\/index.php\/wp-json\/wp\/v2\/posts\/3354\/revisions"}],"predecessor-version":[{"id":3441,"href":"https:\/\/evertonfc.cz\/index.php\/wp-json\/wp\/v2\/posts\/3354\/revisions\/3441"}],"wp:featuredmedia":[{"embeddable":true,"href":"https:\/\/evertonfc.cz\/index.php\/wp-json\/wp\/v2\/media\/1313"}],"wp:attachment":[{"href":"https:\/\/evertonfc.cz\/index.php\/wp-json\/wp\/v2\/media?parent=3354"}],"wp:term":[{"taxonomy":"category","embeddable":true,"href":"https:\/\/evertonfc.cz\/index.php\/wp-json\/wp\/v2\/categories?post=3354"},{"taxonomy":"post_tag","embeddable":true,"href":"https:\/\/evertonfc.cz\/index.php\/wp-json\/wp\/v2\/tags?post=3354"}],"curies":[{"name":"wp","href":"https:\/\/api.w.org\/{rel}","templated":true}]}}