{"id":3356,"date":"2010-11-20T09:34:24","date_gmt":"2010-11-20T08:34:24","guid":{"rendered":"http:\/\/evertonfc.cz\/?p=3356"},"modified":"2019-02-11T17:45:43","modified_gmt":"2019-02-11T16:45:43","slug":"fans-interview-sunderland","status":"publish","type":"post","link":"https:\/\/evertonfc.cz\/index.php\/2010\/11\/20\/fans-interview-sunderland\/","title":{"rendered":"Fans interview: Sunderland"},"content":{"rendered":"<h4>T\u00fdm Black Cats je obklopen\u00fd spousty zaj\u00edmav\u00fdmi ot\u00e1zkami. Alespo\u0148 na p\u00e1r z nich n\u00e1m odpov\u011bd\u011bl kancik, kolega z webu sunderlandafc.cz<\/h4>\n<p><strong>Premier League se p\u0159ehoupila p\u0159es svoji prvn\u00ed t\u0159etinu, Sunderland se dr\u017e\u00ed na p\u011bkn\u00e9m \u0161est\u00e9m m\u00edst\u011b. Jsi zat\u00edm spokojen? Co bys jako mana\u017eer zlep\u0161il nebo<\/strong><strong>\u00a0souhlas\u00ed\u0161 s kroky Steva Bruce?<\/strong><\/p>\n<p>Sunderland se sice dr\u017e\u00ed na p\u011bkn\u00e9m \u0161est\u00e9m m\u00edst\u011b, co\u017e je mimo\u0159\u00e1dn\u011b p\u011bkn\u00e9, ale tabulka je tak\u00e9 p\u011bkn\u011b na\u0161lapan\u00e1, co\u017e u\u017e tak p\u011bkn\u00e9 nen\u00ed.<\/p>\n<p>Spokojen. Jak s \u010d\u00edm. Po tak ukrutn\u00e9m Wear-Tyne derby nem\u016f\u017ee b\u00fdt spokojen snad \u017e\u00e1dn\u00fd fanou\u0161ek. V sou\u010dasn\u00e9 chv\u00edli nev\u00edm co jde zlep\u0161it. V\u0161ude se prohla\u0161uje, jak je v t\u00fdmu skv\u011bl\u00e1 atmosf\u00e9ra, ka\u017ed\u00fd na tr\u00e9ninku d\u0159e. Asi se to projevilo v lond\u00fdnsk\u00fdch z\u00e1pasech. V nich jsme ale tak\u00e9 m\u011bli velk\u00e9 \u0161t\u011bst\u00ed.<\/p>\n<p>S kroky Steva Bruce skoro v\u016fbec nesouhlas\u00edm. L\u00e9pe \u0159e\u010deno, nev\u00edm jak se chov\u00e1 k hr\u00e1\u010d\u016fm tam, kde to j\u00e1 nevid\u00edm, ale nel\u00edb\u00ed se mi jeho p\u0159estupov\u00e1 politika a p\u0159iposranost v n\u011bkter\u00fdch z\u00e1pasech..<\/p>\n<div class=\"im\"><strong>Na konci sez\u00f3ny bych byl spokojen\u00fd, kdyby se SAFC&#8230;<\/strong><\/div>\n<p>&#8230;py\u0161nil alespo\u0148 jednou trofej\u00ed.<\/p>\n<div class=\"im\"><strong>Sunderland p\u0159es l\u00e9to hodn\u011b posiloval, zkus n\u00e1m stru\u010dn\u011b p\u0159ibl\u00ed\u017eit nov\u00e9 hr\u00e1\u010de a jejich pozici v t\u00fdmu?<\/strong><\/div>\n<p>Tak hodilo by se asi za\u010d\u00edt v brance. Tam p\u0159i\u0161el Simon Mignolet, belgick\u00fd talent, potvrdil to, ur\u010dit\u011b si nep\u0159edstavoval, \u017ee bude m\u00edt takov\u00fd za\u010d\u00e1tek na Ostrovech. Po n\u00e1vratu Craiga Gordona si ale mysl\u00edm, \u017ee se bude muset spokojit s pozic\u00ed dvojky. Titus Bramble zat\u00edm hraje skv\u011ble, ne\u010dekal jsem, \u017ee bude mnohem jist\u011bj\u0161\u00ed ne\u017e Turner.<\/p>\n<p>Velkou nezn\u00e1mou je v obran\u011b Marcos Angeleri. O toho Brucie moc a moc bojoval, dokonce byly probl\u00e9my s pracovn\u00edm povolen\u00edm a najednou ho nepostavil ani do jednoho z\u00e1pasu. I kdy\u017e je pravda, \u017ee Onuoha, dal\u0161\u00ed posila (hostov\u00e1n\u00ed), hraje skv\u011ble. Cristian Riveros zat\u00edm nem\u011bl tolik prostoru, aby uk\u00e1zal, na kolik si ho m\u00e1m cenit.<\/p>\n<p>Danny Welbeck alespo\u0148 pro m\u011b krom\u011b utk\u00e1n\u00ed na Stamford Bridge nic nep\u0159edvedl. Osobn\u011b se mi stra\u0161n\u011b l\u00edb\u00ed Ahmed &#8222;Elmo&#8220; Elmohamady. No a Asamoah Gyan je kapitola sama o sob\u011b. S Bentym m\u016f\u017ee vytvo\u0159it dvojici, na kterou se bude je\u0161t\u011b hodn\u011b dlouho pamatovat.<\/p>\n<div class=\"im\"><strong>N\u011bkte\u0159\u00ed fanou\u0161ci nesouhlas\u00ed s odchodem Martyna Waghorna stejn\u011b jako s pozic\u00ed Andyho Reida. Co ty?<\/strong><\/div>\n<p>S odchodem Martyna Waghorna se asi budu smi\u0159ovat tak dlouho, jako s odchodem Dannyho Collinse. L\u00e9pe \u0159e\u010deno, asi nikdy se s n\u00edm nesm\u00ed\u0159\u00edm. Podle n\u011bkter\u00fdch to byl nejtalentovan\u011bj\u0161\u00ed \u00fato\u010dn\u00edk z Wearside za posledn\u00ed roky, Bruce mu d\u00e1val hodn\u011b nad\u011bj\u00ed, kdy\u017e prohla\u0161oval, \u017ee je talentovan\u00fd a \u017ee mu d\u00e1 \u0161anci pr\u00e1t se o m\u00edsto v a-t\u00fdmy. Pak mu dal \u0161anci v p\u0159\u00edprav\u011b, kde zjistil, \u017ee i Darren Bent m\u016f\u017ee b\u00fdt probl\u00e9my. Za\u010dalo mu t\u00e9ct do bot a za\u010dal jej uji\u0161\u0165ovat je\u0161t\u011b v\u00edc. Pot\u0159eboval prost\u011b n\u011bkoho, kdo by dok\u00e1zal hr\u00e1t za n\u011bj, kdyby Benty nemohl. Posledn\u00ed den p\u0159estupn\u00edho term\u00ednu se mu ale poda\u0159ilo podepsat Gyana, byl vysm\u00e1t\u00fd a klidn\u011b jej mohl za sm\u011b\u0161nou \u010d\u00e1stku poslat k Foxes.<\/p>\n<p>Andy Reid je tro\u0161ku na dlouho. Nev\u00edm, jestli celou kari\u00e9ru, ale minim\u00e1ln\u011b cel\u00fd pobyt na Stadium of Light bojuje se \u0161patnou \u017eivotospr\u00e1vou. \u010cekal bych, \u017ee jej Bruce po\u0161le n\u011bkam shodit po zran\u011bn\u00ed p\u00e1r kil a pak jej vezme zp\u011bt. Jenom\u017ee Reidy asi vyc\u00edtil, co s n\u00edm Bruce zam\u00fd\u0161l\u00ed a tak by r\u00e1d v Sheffieldu Utd z\u016fstal. Nediv\u00edm se mu. Pod Brucem si asi nikdo z jeho obl\u00edbenc\u016f ni\u010d\u00edm jist\u00fd b\u00fdt nem\u016f\u017ee.<\/p>\n<div class=\"im\"><strong>Sunderlandu se letos da\u0159\u00ed proti nejlep\u0161\u00edm t\u00fdm\u016fm Premiership, \u010d\u00edm\u017e si to vysv\u011btluje\u0161?<\/strong><\/div>\n<div class=\"im\"><strong>\u00a0<\/strong><\/div>\n<p>Od Sunderlandu proti nejlep\u0161\u00edm t\u00fdm\u016fm nikdo nic ne\u010dek\u00e1, tak\u017ee nen\u00ed pod tlakem a m\u016f\u017ee si hr\u00e1t to svoje. Bu\u010f mu to vyjde, nebo ne.<\/p>\n<div class=\"im\"><strong>Jak moc d\u016fle\u017eit\u00fd je pro Sunderland Darren Bent?<\/strong><\/div>\n<div class=\"im\"><strong>\u00a0<\/strong><\/div>\n<p>To je nejd\u016fle\u017eit\u011bj\u0161\u00ed hr\u00e1\u010d. Bez n\u011bj by to snad v\u016fbec ne\u0161lo. V\u0161echnu g\u00f3lovou \u00farodu v\u011bt\u0161inou zas\u00e9v\u00e1 a skl\u00edz\u00ed on. T\u011b\u017eko hodnotit, jak to bude te\u010f po jeho n\u00e1vratu (ten by se mimochodem mohl uskute\u010dnit u\u017e v pond\u011bl\u00ed), ale v\u011b\u0159\u00edm, \u017ee se i po sv\u00e9m prvn\u00ed del\u0161\u00edm zran\u011bn\u00ed vr\u00e1t\u00ed do pohody. Jen douf\u00e1m, \u017ee se Steve zase nezbl\u00e1zn\u00ed a nebude se b\u00e1t postavit Gyana s Bentym vedle sebe. \u017ee by jeden sed\u011bl by byl ten nejv\u011bt\u0161\u00ed h\u0159\u00edch.<\/p>\n<div class=\"im\"><strong>V posledn\u00ed dob\u011b je mnoho pochval sm\u011brov\u00e1no na Jordana Hendersona, jsou opr\u00e1vn\u011bn\u00e9?<\/strong><\/div>\n<div class=\"im\"><strong>\u00a0<\/strong><\/div>\n<p>Asi jo. Ud\u011blal velk\u00fd pokrok. Je\u0161t\u011b p\u0159ed osmn\u00e1cti m\u011bs\u00edci byl na hostov\u00e1n\u00ed v Coventry, letos debutoval za jednadvac\u00edtku a v t\u00fddnu dokonce za \u00e1\u010dko. Ze za\u010d\u00e1tku jsem jej v\u016fbec nemusel, p\u0159ipadal mi jako takov\u00e1 fotbalov\u00e1 guma, ale postupem \u010dasu jsem n\u00e1zor \u00fapln\u011b zm\u011bnil a asi bych se mu m\u011bl omluvit. Jak \u0159ekl<br \/>\ns\u00e1m Capello, je to zaj\u00edmav\u00fd hr\u00e1\u010d u\u017e jen proto, \u017ee hraje ve velk\u00e9 rychlosti a s m\u00ed\u010dem nem\u00e1 v\u00edc ne\u017e dva doteky.<\/p>\n<div class=\"im\"><strong>Dovede\u0161 si v budoucnu p\u0159edstavit Steva Bruce jako mana\u017eera Anglie?<\/strong><\/div>\n<p>Ne.<\/p>\n<div class=\"im\"><strong>Co by se m\u011blo zlep\u0161it, aby se na Stadium of Light pravideln\u011b bojovalo o evropsk\u00e9 poh\u00e1ry?<\/strong><\/div>\n<p>Hlavn\u011b by si hr\u00e1\u010di m\u011bli p\u0159en\u00e9st jistotu ze z\u00e1pas\u016f s top t\u00fdmy a zbyte\u010dn\u011b neztr\u00e1cet. Taky by to asi cht\u011blo, aby se sn\u00ed\u017eil po\u010det z\u00e1pas\u016f. Pak by se z pohledu Sunderlandu dalo n\u011bjak uva\u017eovat.<\/p>\n<div class=\"im\"><strong>Co p\u0159edseda Niall Quinn, jak\u00fd m\u00e1\u0161 na n\u011bj n\u00e1zor?<\/strong><\/div>\n<p>Je mi velmi sympatick\u00fd. On Brucovi do toho, co d\u011bl\u00e1 nekec\u00e1, co\u017e se mi na jednu stranu velmi l\u00edb\u00ed a na druhou stranu zase nel\u00edb\u00ed v\u016fbec. Je ale dob\u0159e, \u017ee je ve veden\u00ed klubu takov\u00e1 legenda, kter\u00e1 ten t\u00fdm vyt\u00e1hl odnikud, vrazil do toho pen\u00edze a te\u010f na\u0161el prachat\u00e9ho Ameri\u010dana, kter\u00fd po ur\u010dit\u00fdch od\u016fvodn\u011bn\u00fdch do klubu d\u00e1 pen\u00edze. To si mysl\u00edm, \u017ee je spr\u00e1vn\u011b. Vlastn\u011b m\u011b te\u010f napadlo, \u017ee kdy\u017e se mluv\u00ed o Niallu Quinnovi, hned se jedn\u00edm dechem mus\u00ed dodat Ellis Short, vlastn\u00edk klubu. Tomu si mysl\u00edm, \u017ee je ka\u017ed\u00fd na Wearside ze srdce vd\u011b\u010dn\u00fd.<\/p>\n<p><strong>Tip na z\u00e1pas?<\/strong><\/p>\n<p>2:1 vyhraje Sunderland, g\u00f3ly Gyan a Cattermole.<\/p>\n","protected":false},"excerpt":{"rendered":"<p>T\u00fdm Black Cats je obklopen\u00fd spousty zaj\u00edmav\u00fdmi ot\u00e1zkami. Alespo\u0148 na p\u00e1r z nich n\u00e1m odpov\u011bd\u011bl kancik, kolega z webu sunderlandafc.cz&hellip;<\/p>\n","protected":false},"author":6,"featured_media":1312,"comment_status":"open","ping_status":"closed","sticky":false,"template":"","format":"standard","meta":{"_eb_attr":"","_monsterinsights_skip_tracking":false,"_monsterinsights_sitenote_active":false,"_monsterinsights_sitenote_note":"","_monsterinsights_sitenote_category":0,"footnotes":""},"categories":[1],"tags":[],"yoast_head":"<!-- This site is optimized with the Yoast SEO plugin v23.4 - https:\/\/yoast.com\/wordpress\/plugins\/seo\/ -->\n<title>Fans interview: Sunderland - Official Czech &amp; Slovak Everton Supporters&#039; Club<\/title>\n<meta name=\"robots\" content=\"index, follow, max-snippet:-1, max-image-preview:large, max-video-preview:-1\" \/>\n<link rel=\"canonical\" href=\"https:\/\/evertonfc.cz\/index.php\/2010\/11\/20\/fans-interview-sunderland\/\" \/>\n<meta property=\"og:locale\" content=\"cs_CZ\" \/>\n<meta property=\"og:type\" content=\"article\" \/>\n<meta property=\"og:title\" content=\"Fans interview: Sunderland - Official Czech &amp; Slovak Everton Supporters&#039; Club\" \/>\n<meta property=\"og:description\" content=\"T\u00fdm Black Cats je obklopen\u00fd spousty zaj\u00edmav\u00fdmi ot\u00e1zkami. Alespo\u0148 na p\u00e1r z nich n\u00e1m odpov\u011bd\u011bl kancik, kolega z webu sunderlandafc.cz&hellip;\" \/>\n<meta property=\"og:url\" content=\"https:\/\/evertonfc.cz\/index.php\/2010\/11\/20\/fans-interview-sunderland\/\" \/>\n<meta property=\"og:site_name\" content=\"Official Czech &amp; Slovak Everton Supporters&#039; Club\" \/>\n<meta property=\"article:publisher\" content=\"https:\/\/www.facebook.com\/everton.fans.cz.sk\" \/>\n<meta property=\"article:published_time\" content=\"2010-11-20T08:34:24+00:00\" \/>\n<meta property=\"article:modified_time\" content=\"2019-02-11T16:45:43+00:00\" \/>\n<meta property=\"og:image\" content=\"https:\/\/evertonfc.cz\/wp-content\/uploads\/2019\/01\/interview.jpg\" \/>\n\t<meta property=\"og:image:width\" content=\"720\" \/>\n\t<meta property=\"og:image:height\" content=\"405\" \/>\n\t<meta property=\"og:image:type\" content=\"image\/jpeg\" \/>\n<meta name=\"author\" content=\"Ri\u010di\" \/>\n<meta name=\"twitter:card\" content=\"summary_large_image\" \/>\n<meta name=\"twitter:creator\" content=\"@rbrejsa\" \/>\n<meta name=\"twitter:label1\" content=\"Napsal(a)\" \/>\n\t<meta name=\"twitter:data1\" content=\"Ri\u010di\" \/>\n\t<meta name=\"twitter:label2\" content=\"Odhadovan\u00e1 doba \u010dten\u00ed\" \/>\n\t<meta name=\"twitter:data2\" content=\"6 minut\" \/>\n<script type=\"application\/ld+json\" class=\"yoast-schema-graph\">{\"@context\":\"https:\/\/schema.org\",\"@graph\":[{\"@type\":\"Article\",\"@id\":\"https:\/\/evertonfc.cz\/index.php\/2010\/11\/20\/fans-interview-sunderland\/#article\",\"isPartOf\":{\"@id\":\"https:\/\/evertonfc.cz\/index.php\/2010\/11\/20\/fans-interview-sunderland\/\"},\"author\":{\"name\":\"Ri\u010di\",\"@id\":\"https:\/\/evertonfc.cz\/#\/schema\/person\/f7a5daedb2ffee98480bc70e191aaef1\"},\"headline\":\"Fans interview: Sunderland\",\"datePublished\":\"2010-11-20T08:34:24+00:00\",\"dateModified\":\"2019-02-11T16:45:43+00:00\",\"mainEntityOfPage\":{\"@id\":\"https:\/\/evertonfc.cz\/index.php\/2010\/11\/20\/fans-interview-sunderland\/\"},\"wordCount\":1191,\"commentCount\":0,\"publisher\":{\"@id\":\"https:\/\/evertonfc.cz\/#organization\"},\"image\":{\"@id\":\"https:\/\/evertonfc.cz\/index.php\/2010\/11\/20\/fans-interview-sunderland\/#primaryimage\"},\"thumbnailUrl\":\"https:\/\/evertonfc.cz\/wp-content\/uploads\/2019\/01\/interview.jpg\",\"articleSection\":[\"Rozhovory\"],\"inLanguage\":\"cs\",\"potentialAction\":[{\"@type\":\"CommentAction\",\"name\":\"Comment\",\"target\":[\"https:\/\/evertonfc.cz\/index.php\/2010\/11\/20\/fans-interview-sunderland\/#respond\"]}]},{\"@type\":\"WebPage\",\"@id\":\"https:\/\/evertonfc.cz\/index.php\/2010\/11\/20\/fans-interview-sunderland\/\",\"url\":\"https:\/\/evertonfc.cz\/index.php\/2010\/11\/20\/fans-interview-sunderland\/\",\"name\":\"Fans interview: Sunderland - Official Czech &amp; Slovak Everton Supporters&#039; Club\",\"isPartOf\":{\"@id\":\"https:\/\/evertonfc.cz\/#website\"},\"primaryImageOfPage\":{\"@id\":\"https:\/\/evertonfc.cz\/index.php\/2010\/11\/20\/fans-interview-sunderland\/#primaryimage\"},\"image\":{\"@id\":\"https:\/\/evertonfc.cz\/index.php\/2010\/11\/20\/fans-interview-sunderland\/#primaryimage\"},\"thumbnailUrl\":\"https:\/\/evertonfc.cz\/wp-content\/uploads\/2019\/01\/interview.jpg\",\"datePublished\":\"2010-11-20T08:34:24+00:00\",\"dateModified\":\"2019-02-11T16:45:43+00:00\",\"breadcrumb\":{\"@id\":\"https:\/\/evertonfc.cz\/index.php\/2010\/11\/20\/fans-interview-sunderland\/#breadcrumb\"},\"inLanguage\":\"cs\",\"potentialAction\":[{\"@type\":\"ReadAction\",\"target\":[\"https:\/\/evertonfc.cz\/index.php\/2010\/11\/20\/fans-interview-sunderland\/\"]}]},{\"@type\":\"ImageObject\",\"inLanguage\":\"cs\",\"@id\":\"https:\/\/evertonfc.cz\/index.php\/2010\/11\/20\/fans-interview-sunderland\/#primaryimage\",\"url\":\"https:\/\/evertonfc.cz\/wp-content\/uploads\/2019\/01\/interview.jpg\",\"contentUrl\":\"https:\/\/evertonfc.cz\/wp-content\/uploads\/2019\/01\/interview.jpg\",\"width\":720,\"height\":405},{\"@type\":\"BreadcrumbList\",\"@id\":\"https:\/\/evertonfc.cz\/index.php\/2010\/11\/20\/fans-interview-sunderland\/#breadcrumb\",\"itemListElement\":[{\"@type\":\"ListItem\",\"position\":1,\"name\":\"Home\",\"item\":\"https:\/\/evertonfc.cz\/\"},{\"@type\":\"ListItem\",\"position\":2,\"name\":\"Fans interview: Sunderland\"}]},{\"@type\":\"WebSite\",\"@id\":\"https:\/\/evertonfc.cz\/#website\",\"url\":\"https:\/\/evertonfc.cz\/\",\"name\":\"Official Czech &amp; Slovak Everton Supporters&#039; Club\",\"description\":\"\",\"publisher\":{\"@id\":\"https:\/\/evertonfc.cz\/#organization\"},\"potentialAction\":[{\"@type\":\"SearchAction\",\"target\":{\"@type\":\"EntryPoint\",\"urlTemplate\":\"https:\/\/evertonfc.cz\/?s={search_term_string}\"},\"query-input\":{\"@type\":\"PropertyValueSpecification\",\"valueRequired\":true,\"valueName\":\"search_term_string\"}}],\"inLanguage\":\"cs\"},{\"@type\":\"Organization\",\"@id\":\"https:\/\/evertonfc.cz\/#organization\",\"name\":\"Official Czech & Slovak Everton Supporters' Club\",\"url\":\"https:\/\/evertonfc.cz\/\",\"logo\":{\"@type\":\"ImageObject\",\"inLanguage\":\"cs\",\"@id\":\"https:\/\/evertonfc.cz\/#\/schema\/logo\/image\/\",\"url\":\"https:\/\/evertonfc.cz\/wp-content\/uploads\/2019\/05\/logo.png\",\"contentUrl\":\"https:\/\/evertonfc.cz\/wp-content\/uploads\/2019\/05\/logo.png\",\"width\":112,\"height\":112,\"caption\":\"Official Czech & Slovak Everton Supporters' Club\"},\"image\":{\"@id\":\"https:\/\/evertonfc.cz\/#\/schema\/logo\/image\/\"},\"sameAs\":[\"https:\/\/www.facebook.com\/everton.fans.cz.sk\"]},{\"@type\":\"Person\",\"@id\":\"https:\/\/evertonfc.cz\/#\/schema\/person\/f7a5daedb2ffee98480bc70e191aaef1\",\"name\":\"Ri\u010di\",\"sameAs\":[\"https:\/\/x.com\/rbrejsa\"],\"url\":\"https:\/\/evertonfc.cz\/index.php\/author\/rici\/\"}]}<\/script>\n<!-- \/ Yoast SEO plugin. -->","yoast_head_json":{"title":"Fans interview: Sunderland - Official Czech &amp; Slovak Everton Supporters&#039; Club","robots":{"index":"index","follow":"follow","max-snippet":"max-snippet:-1","max-image-preview":"max-image-preview:large","max-video-preview":"max-video-preview:-1"},"canonical":"https:\/\/evertonfc.cz\/index.php\/2010\/11\/20\/fans-interview-sunderland\/","og_locale":"cs_CZ","og_type":"article","og_title":"Fans interview: Sunderland - Official Czech &amp; Slovak Everton Supporters&#039; Club","og_description":"T\u00fdm Black Cats je obklopen\u00fd spousty zaj\u00edmav\u00fdmi ot\u00e1zkami. Alespo\u0148 na p\u00e1r z nich n\u00e1m odpov\u011bd\u011bl kancik, kolega z webu sunderlandafc.cz&hellip;","og_url":"https:\/\/evertonfc.cz\/index.php\/2010\/11\/20\/fans-interview-sunderland\/","og_site_name":"Official Czech &amp; Slovak Everton Supporters&#039; Club","article_publisher":"https:\/\/www.facebook.com\/everton.fans.cz.sk","article_published_time":"2010-11-20T08:34:24+00:00","article_modified_time":"2019-02-11T16:45:43+00:00","og_image":[{"width":720,"height":405,"url":"https:\/\/evertonfc.cz\/wp-content\/uploads\/2019\/01\/interview.jpg","type":"image\/jpeg"}],"author":"Ri\u010di","twitter_card":"summary_large_image","twitter_creator":"@rbrejsa","twitter_misc":{"Napsal(a)":"Ri\u010di","Odhadovan\u00e1 doba \u010dten\u00ed":"6 minut"},"schema":{"@context":"https:\/\/schema.org","@graph":[{"@type":"Article","@id":"https:\/\/evertonfc.cz\/index.php\/2010\/11\/20\/fans-interview-sunderland\/#article","isPartOf":{"@id":"https:\/\/evertonfc.cz\/index.php\/2010\/11\/20\/fans-interview-sunderland\/"},"author":{"name":"Ri\u010di","@id":"https:\/\/evertonfc.cz\/#\/schema\/person\/f7a5daedb2ffee98480bc70e191aaef1"},"headline":"Fans interview: Sunderland","datePublished":"2010-11-20T08:34:24+00:00","dateModified":"2019-02-11T16:45:43+00:00","mainEntityOfPage":{"@id":"https:\/\/evertonfc.cz\/index.php\/2010\/11\/20\/fans-interview-sunderland\/"},"wordCount":1191,"commentCount":0,"publisher":{"@id":"https:\/\/evertonfc.cz\/#organization"},"image":{"@id":"https:\/\/evertonfc.cz\/index.php\/2010\/11\/20\/fans-interview-sunderland\/#primaryimage"},"thumbnailUrl":"https:\/\/evertonfc.cz\/wp-content\/uploads\/2019\/01\/interview.jpg","articleSection":["Rozhovory"],"inLanguage":"cs","potentialAction":[{"@type":"CommentAction","name":"Comment","target":["https:\/\/evertonfc.cz\/index.php\/2010\/11\/20\/fans-interview-sunderland\/#respond"]}]},{"@type":"WebPage","@id":"https:\/\/evertonfc.cz\/index.php\/2010\/11\/20\/fans-interview-sunderland\/","url":"https:\/\/evertonfc.cz\/index.php\/2010\/11\/20\/fans-interview-sunderland\/","name":"Fans interview: Sunderland - Official Czech &amp; Slovak Everton Supporters&#039; Club","isPartOf":{"@id":"https:\/\/evertonfc.cz\/#website"},"primaryImageOfPage":{"@id":"https:\/\/evertonfc.cz\/index.php\/2010\/11\/20\/fans-interview-sunderland\/#primaryimage"},"image":{"@id":"https:\/\/evertonfc.cz\/index.php\/2010\/11\/20\/fans-interview-sunderland\/#primaryimage"},"thumbnailUrl":"https:\/\/evertonfc.cz\/wp-content\/uploads\/2019\/01\/interview.jpg","datePublished":"2010-11-20T08:34:24+00:00","dateModified":"2019-02-11T16:45:43+00:00","breadcrumb":{"@id":"https:\/\/evertonfc.cz\/index.php\/2010\/11\/20\/fans-interview-sunderland\/#breadcrumb"},"inLanguage":"cs","potentialAction":[{"@type":"ReadAction","target":["https:\/\/evertonfc.cz\/index.php\/2010\/11\/20\/fans-interview-sunderland\/"]}]},{"@type":"ImageObject","inLanguage":"cs","@id":"https:\/\/evertonfc.cz\/index.php\/2010\/11\/20\/fans-interview-sunderland\/#primaryimage","url":"https:\/\/evertonfc.cz\/wp-content\/uploads\/2019\/01\/interview.jpg","contentUrl":"https:\/\/evertonfc.cz\/wp-content\/uploads\/2019\/01\/interview.jpg","width":720,"height":405},{"@type":"BreadcrumbList","@id":"https:\/\/evertonfc.cz\/index.php\/2010\/11\/20\/fans-interview-sunderland\/#breadcrumb","itemListElement":[{"@type":"ListItem","position":1,"name":"Home","item":"https:\/\/evertonfc.cz\/"},{"@type":"ListItem","position":2,"name":"Fans interview: Sunderland"}]},{"@type":"WebSite","@id":"https:\/\/evertonfc.cz\/#website","url":"https:\/\/evertonfc.cz\/","name":"Official Czech &amp; Slovak Everton Supporters&#039; Club","description":"","publisher":{"@id":"https:\/\/evertonfc.cz\/#organization"},"potentialAction":[{"@type":"SearchAction","target":{"@type":"EntryPoint","urlTemplate":"https:\/\/evertonfc.cz\/?s={search_term_string}"},"query-input":{"@type":"PropertyValueSpecification","valueRequired":true,"valueName":"search_term_string"}}],"inLanguage":"cs"},{"@type":"Organization","@id":"https:\/\/evertonfc.cz\/#organization","name":"Official Czech & Slovak Everton Supporters' Club","url":"https:\/\/evertonfc.cz\/","logo":{"@type":"ImageObject","inLanguage":"cs","@id":"https:\/\/evertonfc.cz\/#\/schema\/logo\/image\/","url":"https:\/\/evertonfc.cz\/wp-content\/uploads\/2019\/05\/logo.png","contentUrl":"https:\/\/evertonfc.cz\/wp-content\/uploads\/2019\/05\/logo.png","width":112,"height":112,"caption":"Official Czech & Slovak Everton Supporters' Club"},"image":{"@id":"https:\/\/evertonfc.cz\/#\/schema\/logo\/image\/"},"sameAs":["https:\/\/www.facebook.com\/everton.fans.cz.sk"]},{"@type":"Person","@id":"https:\/\/evertonfc.cz\/#\/schema\/person\/f7a5daedb2ffee98480bc70e191aaef1","name":"Ri\u010di","sameAs":["https:\/\/x.com\/rbrejsa"],"url":"https:\/\/evertonfc.cz\/index.php\/author\/rici\/"}]}},"_links":{"self":[{"href":"https:\/\/evertonfc.cz\/index.php\/wp-json\/wp\/v2\/posts\/3356"}],"collection":[{"href":"https:\/\/evertonfc.cz\/index.php\/wp-json\/wp\/v2\/posts"}],"about":[{"href":"https:\/\/evertonfc.cz\/index.php\/wp-json\/wp\/v2\/types\/post"}],"author":[{"embeddable":true,"href":"https:\/\/evertonfc.cz\/index.php\/wp-json\/wp\/v2\/users\/6"}],"replies":[{"embeddable":true,"href":"https:\/\/evertonfc.cz\/index.php\/wp-json\/wp\/v2\/comments?post=3356"}],"version-history":[{"count":3,"href":"https:\/\/evertonfc.cz\/index.php\/wp-json\/wp\/v2\/posts\/3356\/revisions"}],"predecessor-version":[{"id":3439,"href":"https:\/\/evertonfc.cz\/index.php\/wp-json\/wp\/v2\/posts\/3356\/revisions\/3439"}],"wp:featuredmedia":[{"embeddable":true,"href":"https:\/\/evertonfc.cz\/index.php\/wp-json\/wp\/v2\/media\/1312"}],"wp:attachment":[{"href":"https:\/\/evertonfc.cz\/index.php\/wp-json\/wp\/v2\/media?parent=3356"}],"wp:term":[{"taxonomy":"category","embeddable":true,"href":"https:\/\/evertonfc.cz\/index.php\/wp-json\/wp\/v2\/categories?post=3356"},{"taxonomy":"post_tag","embeddable":true,"href":"https:\/\/evertonfc.cz\/index.php\/wp-json\/wp\/v2\/tags?post=3356"}],"curies":[{"name":"wp","href":"https:\/\/api.w.org\/{rel}","templated":true}]}}