{"id":3358,"date":"2010-11-20T09:35:43","date_gmt":"2010-11-20T08:35:43","guid":{"rendered":"http:\/\/evertonfc.cz\/?p=3358"},"modified":"2019-02-11T17:44:45","modified_gmt":"2019-02-11T16:44:45","slug":"moyes-zada-kompenzace","status":"publish","type":"post","link":"https:\/\/evertonfc.cz\/index.php\/2010\/11\/20\/moyes-zada-kompenzace\/","title":{"rendered":"Moyes \u017e\u00e1d\u00e1 kompenzace"},"content":{"rendered":"<h4>Reprezentace se znovu dost\u00e1vaj\u00ed do st\u0159edu d\u011bn\u00ed. Podle Davida Moyese by m\u011bly n\u00e1rodn\u00ed fotbalov\u00e9 svazy klub\u016fm poskytovat finan\u010dn\u00ed vyrovn\u00e1n\u00ed za absence hr\u00e1\u010d\u016f.<\/h4>\n<p>Bl\u00ed\u017e\u00ed se dal\u0161\u00ed turnaj, nesmysln\u011b se po\u0159\u00e1daj\u00edc\u00ed uprost\u0159ed ligov\u00e9 sezony. Tentokr\u00e1t p\u016fjde o Asijsk\u00fd poh\u00e1r, kter\u00e9ho se jako\u017eto \u010dlen asijsk\u00e9 fotbalov\u00e9 konfederace \u00fa\u010dastn\u00ed i Austr\u00e1lie, a t\u00edm p\u00e1dem i Tim Cahill. Evertonu by tak jeho tahoun mohl sch\u00e1zet a\u017e \u0161est t\u00fddn\u016f, a to v \u010d\u00e1sti sezony, kdy se v\u011bt\u0161inou tak\u0159\u00edkaj\u00edc l\u00e1me chleba. Turnaj sice v Kataru za\u010d\u00edn\u00e1 a\u017e 7. ledna, jen\u017ee Australan\u00e9 cht\u011bj\u00ed m\u00edt Cahilla k dispozici ji\u017e p\u0159ed V\u00e1noci, kdy startuje jejich soust\u0159ed\u011bn\u00ed.<\/p>\n<p>Mana\u017eer je s n\u011bkolikat\u00fddenn\u00ed absenc\u00ed sv\u00e9ho kl\u00ed\u010dov\u00e9ho st\u0159elce sm\u00ed\u0159en, z pochopiteln\u00fdch d\u016fvod\u016f nicm\u00e9n\u011b vol\u00e1 po kompenzaci. \u017d\u00e1d\u00e1 aby klub minim\u00e1ln\u011b nemusel platit hr\u00e1\u010d\u016fv plat.<\/p>\n<p><em>\u201ePl\u00e1nuj\u00ed, \u017ee se k nim Tim p\u0159ipoj\u00ed v polovin\u011b prosince, a pak se budou v\u011bci odv\u00edjet podle toho, jak daleko Austr\u00e1lie v turnaji postoup\u00ed. Sna\u017e\u00edm se, aby mohl z\u016fstat v klubu a\u017e do ledna, ud\u011bl\u00e1m pro to maximum, ale mysl\u00edm, \u017ee cel\u00e1 tahle situace nen\u00ed f\u00e9r. V tomhle sv\u011bt\u011b, ve kter\u00e9m kluby musej\u00ed \u0161etrn\u011b hospoda\u0159it, by kone\u010dn\u011b n\u011bkdo mohl \u0159\u00edct, &#8222;pokud chce\u0161 hr\u00e1t za svou zemi, klub ti za to p\u0159ece nebude platit.<\/em><\/p>\n<p><em>Nem\u016f\u017eete je po\u017e\u00e1dat o zm\u011bnu, ale pokud v\u00e1m vezmou hr\u00e1\u010de v polovin\u011b sezony, pak by m\u011blo b\u00fdt klubu poskytnuto od\u0161kodn\u00e9. Jen\u017ee k tomu nejsp\u00ed\u0161 nedojde, proto\u017ee svazy si to nem\u016f\u017eou dovolit. Pokud by \u0159ekn\u011bme deset australsk\u00fdch hr\u00e1\u010d\u016f hr\u00e1lo v Evrop\u011b, pak by pro n\u011b bylo nemo\u017en\u00e9 platit jejich m\u011bs\u00ed\u010dn\u00ed mzdy. Ale jako majitel\u00e9 klub\u016f by jste tak\u00e9 nevid\u011bli \u017e\u00e1dn\u00fd smysl v placen\u00ed hr\u00e1\u010d\u016f, kte\u0159\u00ed zrovna hraj\u00ed za reprezentaci.\u201c<\/em><\/p>\n<p>Z podobnou situac\u00ed m\u00e1 zku\u0161enosti nespo\u010det klub\u016f, Everton je jedn\u00edm z nich, kdy\u017e v zim\u011b pou\u0161t\u00ed sv\u016fj africk\u00fd kontingent k \u00fa\u010dasti na Africk\u00e9m poh\u00e1ru n\u00e1rod\u016f. Tima Cahilla se ale bude podobn\u00e1 z\u00e1le\u017eitost t\u00fdkat poprv\u00e9. Jedinou p\u0159edchoz\u00ed \u00fa\u010dast na Asijsk\u00e9m poh\u00e1ru od p\u0159ipojen\u00ed k asijsk\u00e9 federaci p\u0159ed t\u0159emi lety, Australan\u00e9 ochutnali v roce 2007. Tehdy se v\u0161ak turnaj konal v l\u00e9t\u011b.<\/p>\n<p><em>\u201eKupujeme africk\u00e9 hr\u00e1\u010de a p\u0159itom akceptujeme, \u017ee budou odj\u00ed\u017ed\u011bt na Africk\u00fd poh\u00e1r n\u00e1rod\u016f. Kdy\u017e jsme ale z\u00edskali Tima, Austr\u00e1lie pod hlavi\u010dkou Asie nehr\u00e1la, tak\u017ee jsme nemohli o\u010dek\u00e1vat, \u017ee n\u00e1m bude chyb\u011bt. Je to pro n\u00e1s nesm\u00edrn\u011b d\u016fle\u017eit\u00fd hr\u00e1\u010d a budeme ho skute\u010dn\u011b postr\u00e1dat. Kdy\u017e Tim nehraje, t\u00fdmu chyb\u00ed. Nem\u016f\u017eu s t\u00edm nic ud\u011blat.<\/em><\/p>\n<p><em>Jedin\u00e9 v co douf\u00e1m je, \u017ee p\u0159ed jeho odjezdem s n\u00e1mi z\u016fstane co nejd\u00e9le, a bohu\u017eel si p\u0159\u00e1t, aby Austr\u00e1lie v turnaji skon\u010dila co nejd\u0159\u00edve. \u010c\u00edm rychleji bude zp\u00e1tky, t\u00edm l\u00e9pe. Turnaje v polovin\u011b sezony jsou zkr\u00e1tka obrovskou nep\u0159\u00edjemnost\u00ed,\u201c<\/em>\u00a0dod\u00e1v\u00e1 Moyes.<\/p>\n","protected":false},"excerpt":{"rendered":"<p>Reprezentace se znovu dost\u00e1vaj\u00ed do st\u0159edu d\u011bn\u00ed. Podle Davida Moyese by m\u011bly n\u00e1rodn\u00ed fotbalov\u00e9 svazy klub\u016fm poskytovat finan\u010dn\u00ed vyrovn\u00e1n\u00ed za&hellip;<\/p>\n","protected":false},"author":7,"featured_media":1312,"comment_status":"open","ping_status":"closed","sticky":false,"template":"","format":"standard","meta":{"_eb_attr":"","_monsterinsights_skip_tracking":false,"_monsterinsights_sitenote_active":false,"_monsterinsights_sitenote_note":"","_monsterinsights_sitenote_category":0,"footnotes":""},"categories":[1],"tags":[],"yoast_head":"<!-- This site is optimized with the Yoast SEO plugin v23.4 - https:\/\/yoast.com\/wordpress\/plugins\/seo\/ -->\n<title>Moyes \u017e\u00e1d\u00e1 kompenzace - Official Czech &amp; Slovak Everton Supporters&#039; Club<\/title>\n<meta name=\"robots\" content=\"index, follow, max-snippet:-1, max-image-preview:large, max-video-preview:-1\" \/>\n<link rel=\"canonical\" href=\"https:\/\/evertonfc.cz\/index.php\/2010\/11\/20\/moyes-zada-kompenzace\/\" \/>\n<meta property=\"og:locale\" content=\"cs_CZ\" \/>\n<meta property=\"og:type\" content=\"article\" \/>\n<meta property=\"og:title\" content=\"Moyes \u017e\u00e1d\u00e1 kompenzace - Official Czech &amp; Slovak Everton Supporters&#039; Club\" \/>\n<meta property=\"og:description\" content=\"Reprezentace se znovu dost\u00e1vaj\u00ed do st\u0159edu d\u011bn\u00ed. Podle Davida Moyese by m\u011bly n\u00e1rodn\u00ed fotbalov\u00e9 svazy klub\u016fm poskytovat finan\u010dn\u00ed vyrovn\u00e1n\u00ed za&hellip;\" \/>\n<meta property=\"og:url\" content=\"https:\/\/evertonfc.cz\/index.php\/2010\/11\/20\/moyes-zada-kompenzace\/\" \/>\n<meta property=\"og:site_name\" content=\"Official Czech &amp; Slovak Everton Supporters&#039; Club\" \/>\n<meta property=\"article:publisher\" content=\"https:\/\/www.facebook.com\/everton.fans.cz.sk\" \/>\n<meta property=\"article:published_time\" content=\"2010-11-20T08:35:43+00:00\" \/>\n<meta property=\"article:modified_time\" content=\"2019-02-11T16:44:45+00:00\" \/>\n<meta property=\"og:image\" content=\"https:\/\/evertonfc.cz\/wp-content\/uploads\/2019\/01\/interview.jpg\" \/>\n\t<meta property=\"og:image:width\" content=\"720\" \/>\n\t<meta property=\"og:image:height\" content=\"405\" \/>\n\t<meta property=\"og:image:type\" content=\"image\/jpeg\" \/>\n<meta name=\"author\" content=\"Me\u0148a\" \/>\n<meta name=\"twitter:card\" content=\"summary_large_image\" \/>\n<meta name=\"twitter:label1\" content=\"Napsal(a)\" \/>\n\t<meta name=\"twitter:data1\" content=\"Me\u0148a\" \/>\n\t<meta name=\"twitter:label2\" content=\"Odhadovan\u00e1 doba \u010dten\u00ed\" \/>\n\t<meta name=\"twitter:data2\" content=\"3 minuty\" \/>\n<script type=\"application\/ld+json\" class=\"yoast-schema-graph\">{\"@context\":\"https:\/\/schema.org\",\"@graph\":[{\"@type\":\"Article\",\"@id\":\"https:\/\/evertonfc.cz\/index.php\/2010\/11\/20\/moyes-zada-kompenzace\/#article\",\"isPartOf\":{\"@id\":\"https:\/\/evertonfc.cz\/index.php\/2010\/11\/20\/moyes-zada-kompenzace\/\"},\"author\":{\"name\":\"Me\u0148a\",\"@id\":\"https:\/\/evertonfc.cz\/#\/schema\/person\/cd6328a75577de2add7793fd4b0930c3\"},\"headline\":\"Moyes \u017e\u00e1d\u00e1 kompenzace\",\"datePublished\":\"2010-11-20T08:35:43+00:00\",\"dateModified\":\"2019-02-11T16:44:45+00:00\",\"mainEntityOfPage\":{\"@id\":\"https:\/\/evertonfc.cz\/index.php\/2010\/11\/20\/moyes-zada-kompenzace\/\"},\"wordCount\":559,\"commentCount\":0,\"publisher\":{\"@id\":\"https:\/\/evertonfc.cz\/#organization\"},\"image\":{\"@id\":\"https:\/\/evertonfc.cz\/index.php\/2010\/11\/20\/moyes-zada-kompenzace\/#primaryimage\"},\"thumbnailUrl\":\"https:\/\/evertonfc.cz\/wp-content\/uploads\/2019\/01\/interview.jpg\",\"articleSection\":[\"Rozhovory\"],\"inLanguage\":\"cs\",\"potentialAction\":[{\"@type\":\"CommentAction\",\"name\":\"Comment\",\"target\":[\"https:\/\/evertonfc.cz\/index.php\/2010\/11\/20\/moyes-zada-kompenzace\/#respond\"]}]},{\"@type\":\"WebPage\",\"@id\":\"https:\/\/evertonfc.cz\/index.php\/2010\/11\/20\/moyes-zada-kompenzace\/\",\"url\":\"https:\/\/evertonfc.cz\/index.php\/2010\/11\/20\/moyes-zada-kompenzace\/\",\"name\":\"Moyes \u017e\u00e1d\u00e1 kompenzace - Official Czech &amp; Slovak Everton Supporters&#039; Club\",\"isPartOf\":{\"@id\":\"https:\/\/evertonfc.cz\/#website\"},\"primaryImageOfPage\":{\"@id\":\"https:\/\/evertonfc.cz\/index.php\/2010\/11\/20\/moyes-zada-kompenzace\/#primaryimage\"},\"image\":{\"@id\":\"https:\/\/evertonfc.cz\/index.php\/2010\/11\/20\/moyes-zada-kompenzace\/#primaryimage\"},\"thumbnailUrl\":\"https:\/\/evertonfc.cz\/wp-content\/uploads\/2019\/01\/interview.jpg\",\"datePublished\":\"2010-11-20T08:35:43+00:00\",\"dateModified\":\"2019-02-11T16:44:45+00:00\",\"breadcrumb\":{\"@id\":\"https:\/\/evertonfc.cz\/index.php\/2010\/11\/20\/moyes-zada-kompenzace\/#breadcrumb\"},\"inLanguage\":\"cs\",\"potentialAction\":[{\"@type\":\"ReadAction\",\"target\":[\"https:\/\/evertonfc.cz\/index.php\/2010\/11\/20\/moyes-zada-kompenzace\/\"]}]},{\"@type\":\"ImageObject\",\"inLanguage\":\"cs\",\"@id\":\"https:\/\/evertonfc.cz\/index.php\/2010\/11\/20\/moyes-zada-kompenzace\/#primaryimage\",\"url\":\"https:\/\/evertonfc.cz\/wp-content\/uploads\/2019\/01\/interview.jpg\",\"contentUrl\":\"https:\/\/evertonfc.cz\/wp-content\/uploads\/2019\/01\/interview.jpg\",\"width\":720,\"height\":405},{\"@type\":\"BreadcrumbList\",\"@id\":\"https:\/\/evertonfc.cz\/index.php\/2010\/11\/20\/moyes-zada-kompenzace\/#breadcrumb\",\"itemListElement\":[{\"@type\":\"ListItem\",\"position\":1,\"name\":\"Home\",\"item\":\"https:\/\/evertonfc.cz\/\"},{\"@type\":\"ListItem\",\"position\":2,\"name\":\"Moyes \u017e\u00e1d\u00e1 kompenzace\"}]},{\"@type\":\"WebSite\",\"@id\":\"https:\/\/evertonfc.cz\/#website\",\"url\":\"https:\/\/evertonfc.cz\/\",\"name\":\"Official Czech &amp; Slovak Everton Supporters&#039; Club\",\"description\":\"\",\"publisher\":{\"@id\":\"https:\/\/evertonfc.cz\/#organization\"},\"potentialAction\":[{\"@type\":\"SearchAction\",\"target\":{\"@type\":\"EntryPoint\",\"urlTemplate\":\"https:\/\/evertonfc.cz\/?s={search_term_string}\"},\"query-input\":{\"@type\":\"PropertyValueSpecification\",\"valueRequired\":true,\"valueName\":\"search_term_string\"}}],\"inLanguage\":\"cs\"},{\"@type\":\"Organization\",\"@id\":\"https:\/\/evertonfc.cz\/#organization\",\"name\":\"Official Czech & Slovak Everton Supporters' Club\",\"url\":\"https:\/\/evertonfc.cz\/\",\"logo\":{\"@type\":\"ImageObject\",\"inLanguage\":\"cs\",\"@id\":\"https:\/\/evertonfc.cz\/#\/schema\/logo\/image\/\",\"url\":\"https:\/\/evertonfc.cz\/wp-content\/uploads\/2019\/05\/logo.png\",\"contentUrl\":\"https:\/\/evertonfc.cz\/wp-content\/uploads\/2019\/05\/logo.png\",\"width\":112,\"height\":112,\"caption\":\"Official Czech & Slovak Everton Supporters' Club\"},\"image\":{\"@id\":\"https:\/\/evertonfc.cz\/#\/schema\/logo\/image\/\"},\"sameAs\":[\"https:\/\/www.facebook.com\/everton.fans.cz.sk\"]},{\"@type\":\"Person\",\"@id\":\"https:\/\/evertonfc.cz\/#\/schema\/person\/cd6328a75577de2add7793fd4b0930c3\",\"name\":\"Me\u0148a\",\"url\":\"https:\/\/evertonfc.cz\/index.php\/author\/mena\/\"}]}<\/script>\n<!-- \/ Yoast SEO plugin. -->","yoast_head_json":{"title":"Moyes \u017e\u00e1d\u00e1 kompenzace - Official Czech &amp; Slovak Everton Supporters&#039; Club","robots":{"index":"index","follow":"follow","max-snippet":"max-snippet:-1","max-image-preview":"max-image-preview:large","max-video-preview":"max-video-preview:-1"},"canonical":"https:\/\/evertonfc.cz\/index.php\/2010\/11\/20\/moyes-zada-kompenzace\/","og_locale":"cs_CZ","og_type":"article","og_title":"Moyes \u017e\u00e1d\u00e1 kompenzace - Official Czech &amp; Slovak Everton Supporters&#039; Club","og_description":"Reprezentace se znovu dost\u00e1vaj\u00ed do st\u0159edu d\u011bn\u00ed. Podle Davida Moyese by m\u011bly n\u00e1rodn\u00ed fotbalov\u00e9 svazy klub\u016fm poskytovat finan\u010dn\u00ed vyrovn\u00e1n\u00ed za&hellip;","og_url":"https:\/\/evertonfc.cz\/index.php\/2010\/11\/20\/moyes-zada-kompenzace\/","og_site_name":"Official Czech &amp; Slovak Everton Supporters&#039; Club","article_publisher":"https:\/\/www.facebook.com\/everton.fans.cz.sk","article_published_time":"2010-11-20T08:35:43+00:00","article_modified_time":"2019-02-11T16:44:45+00:00","og_image":[{"width":720,"height":405,"url":"https:\/\/evertonfc.cz\/wp-content\/uploads\/2019\/01\/interview.jpg","type":"image\/jpeg"}],"author":"Me\u0148a","twitter_card":"summary_large_image","twitter_misc":{"Napsal(a)":"Me\u0148a","Odhadovan\u00e1 doba \u010dten\u00ed":"3 minuty"},"schema":{"@context":"https:\/\/schema.org","@graph":[{"@type":"Article","@id":"https:\/\/evertonfc.cz\/index.php\/2010\/11\/20\/moyes-zada-kompenzace\/#article","isPartOf":{"@id":"https:\/\/evertonfc.cz\/index.php\/2010\/11\/20\/moyes-zada-kompenzace\/"},"author":{"name":"Me\u0148a","@id":"https:\/\/evertonfc.cz\/#\/schema\/person\/cd6328a75577de2add7793fd4b0930c3"},"headline":"Moyes \u017e\u00e1d\u00e1 kompenzace","datePublished":"2010-11-20T08:35:43+00:00","dateModified":"2019-02-11T16:44:45+00:00","mainEntityOfPage":{"@id":"https:\/\/evertonfc.cz\/index.php\/2010\/11\/20\/moyes-zada-kompenzace\/"},"wordCount":559,"commentCount":0,"publisher":{"@id":"https:\/\/evertonfc.cz\/#organization"},"image":{"@id":"https:\/\/evertonfc.cz\/index.php\/2010\/11\/20\/moyes-zada-kompenzace\/#primaryimage"},"thumbnailUrl":"https:\/\/evertonfc.cz\/wp-content\/uploads\/2019\/01\/interview.jpg","articleSection":["Rozhovory"],"inLanguage":"cs","potentialAction":[{"@type":"CommentAction","name":"Comment","target":["https:\/\/evertonfc.cz\/index.php\/2010\/11\/20\/moyes-zada-kompenzace\/#respond"]}]},{"@type":"WebPage","@id":"https:\/\/evertonfc.cz\/index.php\/2010\/11\/20\/moyes-zada-kompenzace\/","url":"https:\/\/evertonfc.cz\/index.php\/2010\/11\/20\/moyes-zada-kompenzace\/","name":"Moyes \u017e\u00e1d\u00e1 kompenzace - Official Czech &amp; Slovak Everton Supporters&#039; Club","isPartOf":{"@id":"https:\/\/evertonfc.cz\/#website"},"primaryImageOfPage":{"@id":"https:\/\/evertonfc.cz\/index.php\/2010\/11\/20\/moyes-zada-kompenzace\/#primaryimage"},"image":{"@id":"https:\/\/evertonfc.cz\/index.php\/2010\/11\/20\/moyes-zada-kompenzace\/#primaryimage"},"thumbnailUrl":"https:\/\/evertonfc.cz\/wp-content\/uploads\/2019\/01\/interview.jpg","datePublished":"2010-11-20T08:35:43+00:00","dateModified":"2019-02-11T16:44:45+00:00","breadcrumb":{"@id":"https:\/\/evertonfc.cz\/index.php\/2010\/11\/20\/moyes-zada-kompenzace\/#breadcrumb"},"inLanguage":"cs","potentialAction":[{"@type":"ReadAction","target":["https:\/\/evertonfc.cz\/index.php\/2010\/11\/20\/moyes-zada-kompenzace\/"]}]},{"@type":"ImageObject","inLanguage":"cs","@id":"https:\/\/evertonfc.cz\/index.php\/2010\/11\/20\/moyes-zada-kompenzace\/#primaryimage","url":"https:\/\/evertonfc.cz\/wp-content\/uploads\/2019\/01\/interview.jpg","contentUrl":"https:\/\/evertonfc.cz\/wp-content\/uploads\/2019\/01\/interview.jpg","width":720,"height":405},{"@type":"BreadcrumbList","@id":"https:\/\/evertonfc.cz\/index.php\/2010\/11\/20\/moyes-zada-kompenzace\/#breadcrumb","itemListElement":[{"@type":"ListItem","position":1,"name":"Home","item":"https:\/\/evertonfc.cz\/"},{"@type":"ListItem","position":2,"name":"Moyes \u017e\u00e1d\u00e1 kompenzace"}]},{"@type":"WebSite","@id":"https:\/\/evertonfc.cz\/#website","url":"https:\/\/evertonfc.cz\/","name":"Official Czech &amp; Slovak Everton Supporters&#039; Club","description":"","publisher":{"@id":"https:\/\/evertonfc.cz\/#organization"},"potentialAction":[{"@type":"SearchAction","target":{"@type":"EntryPoint","urlTemplate":"https:\/\/evertonfc.cz\/?s={search_term_string}"},"query-input":{"@type":"PropertyValueSpecification","valueRequired":true,"valueName":"search_term_string"}}],"inLanguage":"cs"},{"@type":"Organization","@id":"https:\/\/evertonfc.cz\/#organization","name":"Official Czech & Slovak Everton Supporters' Club","url":"https:\/\/evertonfc.cz\/","logo":{"@type":"ImageObject","inLanguage":"cs","@id":"https:\/\/evertonfc.cz\/#\/schema\/logo\/image\/","url":"https:\/\/evertonfc.cz\/wp-content\/uploads\/2019\/05\/logo.png","contentUrl":"https:\/\/evertonfc.cz\/wp-content\/uploads\/2019\/05\/logo.png","width":112,"height":112,"caption":"Official Czech & Slovak Everton Supporters' Club"},"image":{"@id":"https:\/\/evertonfc.cz\/#\/schema\/logo\/image\/"},"sameAs":["https:\/\/www.facebook.com\/everton.fans.cz.sk"]},{"@type":"Person","@id":"https:\/\/evertonfc.cz\/#\/schema\/person\/cd6328a75577de2add7793fd4b0930c3","name":"Me\u0148a","url":"https:\/\/evertonfc.cz\/index.php\/author\/mena\/"}]}},"_links":{"self":[{"href":"https:\/\/evertonfc.cz\/index.php\/wp-json\/wp\/v2\/posts\/3358"}],"collection":[{"href":"https:\/\/evertonfc.cz\/index.php\/wp-json\/wp\/v2\/posts"}],"about":[{"href":"https:\/\/evertonfc.cz\/index.php\/wp-json\/wp\/v2\/types\/post"}],"author":[{"embeddable":true,"href":"https:\/\/evertonfc.cz\/index.php\/wp-json\/wp\/v2\/users\/7"}],"replies":[{"embeddable":true,"href":"https:\/\/evertonfc.cz\/index.php\/wp-json\/wp\/v2\/comments?post=3358"}],"version-history":[{"count":3,"href":"https:\/\/evertonfc.cz\/index.php\/wp-json\/wp\/v2\/posts\/3358\/revisions"}],"predecessor-version":[{"id":3437,"href":"https:\/\/evertonfc.cz\/index.php\/wp-json\/wp\/v2\/posts\/3358\/revisions\/3437"}],"wp:featuredmedia":[{"embeddable":true,"href":"https:\/\/evertonfc.cz\/index.php\/wp-json\/wp\/v2\/media\/1312"}],"wp:attachment":[{"href":"https:\/\/evertonfc.cz\/index.php\/wp-json\/wp\/v2\/media?parent=3358"}],"wp:term":[{"taxonomy":"category","embeddable":true,"href":"https:\/\/evertonfc.cz\/index.php\/wp-json\/wp\/v2\/categories?post=3358"},{"taxonomy":"post_tag","embeddable":true,"href":"https:\/\/evertonfc.cz\/index.php\/wp-json\/wp\/v2\/tags?post=3358"}],"curies":[{"name":"wp","href":"https:\/\/api.w.org\/{rel}","templated":true}]}}