{"id":3360,"date":"2010-11-20T09:37:27","date_gmt":"2010-11-20T08:37:27","guid":{"rendered":"http:\/\/evertonfc.cz\/?p=3360"},"modified":"2024-11-02T13:41:35","modified_gmt":"2024-11-02T12:41:35","slug":"preview-sunderland-everton","status":"publish","type":"post","link":"https:\/\/evertonfc.cz\/index.php\/2010\/11\/20\/preview-sunderland-everton\/","title":{"rendered":"Preview: Sunderland &#8211; Everton"},"content":{"rendered":"<div id=\"NewsPostDetailSummary\">\n<h4>Nevypo\u010d\u00edtatelnost a sam\u00e1 p\u0159ekvapen\u00ed. To a je\u0161t\u011b mo\u017en\u00e1 mnohem v\u00edc \u010dek\u00e1 Everton v pond\u011bln\u00ed dohr\u00e1vce \u010dtrn\u00e1ct\u00e9ho kola. C\u00edlovou destinac\u00ed je toti\u017e Sunderland.<\/h4>\n<p>Ze Sunderlandu si Blues v posledn\u00edch letech se \u017eeleznou pravidelnost\u00ed d\u011blaj\u00ed dojnou kr\u00e1vu. \u010cern\u00e9 Ko\u010dky ze severu Anglie toti\u017e Evertonu sm\u016flu skute\u010dn\u011b nep\u0159in\u00e1\u0161ej\u00ed, a tak bude ve h\u0159e nav\u00e1z\u00e1n\u00ed na p\u0159edchoz\u00ed spolehliv\u011b se potvrzuj\u00edc\u00ed bodov\u00e9 sou\u010dty ze vz\u00e1jemn\u00fdch boj\u016f. Na pozoru se ale budou muset host\u00e9 m\u00edt mo\u017en\u00e1 v\u00edce, ne\u017e kdykoliv p\u0159edt\u00edm. Proti sunderlandsk\u00fdm toti\u017e \u010dlov\u011bk nikdy nev\u00ed.<\/p>\n<p>Wearside a jeho chlouba ze Stadium of Light vskutku pro\u017e\u00edvaj\u00ed zvl\u00e1\u0161tn\u00ed sezonu. Ne, \u017ee by sedm\u00e1 p\u0159\u00ed\u010dka p\u0159\u00ed\u010dka, kter\u00e1 aktu\u00e1ln\u011b Sunderlandu p\u0159\u00edslu\u0161\u00ed, byla n\u011bj\u00e1k\u00fdm nadm\u00edru p\u0159ekvapuj\u00edc\u00edm jevem. Pot\u00ed\u017e je v tom, \u017ee dop\u0159edu lze jen s obt\u00ed\u017eemi v\u011b\u0161tit, co od borc\u016f v \u010derno-\u010derveno-b\u00edl\u00e9 kombinaci \u010dekat. Pro usv\u011bd\u010duj\u00edc\u00ed d\u016fkazy nen\u00ed zapot\u0159eb\u00ed chodit ani moc daleko. Koncem \u0159\u00edjna si tak Black Cats ozdobily Halloween p\u011btig\u00f3lov\u00fdm v\u00fdbuchem na stadionu v\u011b\u010dn\u00e9ho rivala z Newcastlu, a jen o \u010dtrn\u00e1ct dn\u00ed pozd\u011bji m\u011bli na sv\u011bdom\u00ed doposud nejp\u0159ekvapuj\u00edc\u00ed v\u00fdsledek leto\u0161n\u00ed sezony. Vyhr\u00e1t 3-0 na Stamford Bridge, to u\u017e je po\u010din, kter\u00fd se nikomu nepo\u0161t\u011bstil zajist\u00e9 \u0159adu let.<\/p>\n<p>Krom onoho ne\u0161\u0165astn\u00e9ho derby se ale celkov\u00e9 resum\u00e9 leto\u0161n\u00ed sunderlandsk\u00e9 v\u00fdkonnosti mus\u00ed Mackems zamlouvat. V\u017edy\u0165 jedinou dal\u0161\u00ed prohru Black Cats zaznamenaly ve druh\u00e9m kole, kde se jim osudn\u00fdm shodou okolnost\u00ed stal takt\u00e9\u017e nov\u00e1\u010dek &#8211; West Bromwich Albion. Ze slo\u017eit\u011b nalosovan\u00e9ho podzimu pak Sunderland vy\u0161el se ct\u00ed, by\u0165 nej\u010dast\u011bj\u0161\u00edm resultem b\u00fdvaj\u00ed rem\u00edzy, t\u011bch zat\u00edm posb\u00edral sedm. Listopad nav\u00edc na Stadion Sv\u011btla pra\u017e\u00e1dn\u00e9 chmury ur\u010dit\u011b nep\u0159in\u00e1\u0161\u00ed. Krom zm\u00edn\u011bn\u00e9ho skalpu Chelsea, Ko\u010dky porazily tak\u00e9 Stoke City a remizovaly na White Hart Lane.<\/p>\n<p>Poh\u00e1dkov\u00fdch lond\u00fdnsk\u00fdch devades\u00e1t minut jsou ale minulost\u00ed, a tak Steve Bruce svoje mu\u017estvo varuje p\u0159ed polevov\u00e1n\u00edm. V pond\u011bln\u00edm z\u00e1pase sice bude m\u00edt jeho t\u00fdm n\u00e1lepku favorita, ov\u0161em z\u00e1rove\u0148 po sv\u00fdch sv\u011b\u0159enc\u00edch po\u017eaduje konzistentnost.\u00a0<em>\u201eJe mimo\u0159\u00e1dn\u00e9 m\u00edt proti Chelsea 18 st\u0159el na br\u00e1nu. Byl to fantastick\u00fd v\u00fdkon, ale tu u\u017e je histori\u00ed, a mus\u00edme hled\u011bt k dal\u0161\u00edmu utk\u00e1n\u00ed. Dostali jsme se na standard, kter\u00fd v\u0161ichni chceme udr\u017eet. Posledn\u00ed t\u0159i v\u00fdsledky trochu naprav\u00ed \u0161r\u00e1my od Newcastlu. Fotbal je \u0161\u00edlen\u00fd, dva t\u00fddny zp\u011bt jsme opr\u00e1vn\u011bn\u011b viseli na \u0161ibenici. Ale jedin\u00e9 co, od ka\u017ed\u00e9ho chci je odpov\u011b\u010f &#8211; nav\u00e1zat na p\u0159edchoz\u00ed v\u00fdkony.\u201c<\/em><\/p>\n<p>Bilance Toffees proti Sunderlandu napov\u00edd\u00e1, \u017ee zisk alespo\u0148 bodu by m\u011bl b\u00fdt hotovou z\u00e1le\u017eitost\u00ed. Pond\u011bln\u00ed hostitel\u00e9 toti\u017e Everton neporazili v jeden\u00e1cti po sob\u011b jdouc\u00edch z\u00e1pasech<em>.<\/em>\u00a0Jenom\u017ee kdo v\u00ed, zda Blues ona vyda\u0159en\u00e1 s\u00e9rie tentokr\u00e1t v\u016fbec k n\u011b\u010demu bude. Everton toti\u017e jakoby postihl dal\u0161\u00ed dal\u0161\u00ed v\u00fdpadek, kter\u00fd zabra\u0148uje stoup\u00e1n\u00ed tabulkou.<\/p>\n<p>P\u0159itom p\u0159ed m\u011bs\u00edcem se zd\u00e1lo, \u017ee slun\u00ed\u010dko kone\u010dn\u011b vylezlo zpoza toho o\u0161kliv\u00e9ho t\u011b\u017ek\u00e9ho \u0161ed\u00e9ho mraku, je\u017e na Goodisonem bezm\u00e1la dva m\u011bs\u00edce krou\u017eil. Zlomov\u00fdm bodem m\u011bla b\u00fdt v\u00fdhra v derby, na kterou se sice povedlo zd\u00e1rn\u011b nav\u00e1zat zdol\u00e1n\u00edm Stoke City, jen\u017ee od t\u00e9 doby jsou fu\u010d dal\u0161\u00ed t\u0159i z\u00e1pasy a v\u00fdsledky znovu nikde. Zbyte\u010dnou ztr\u00e1tu nad Blackpoolem korunovala je\u0161t\u011b zbyte\u010dn\u011bj\u0161\u00ed dom\u00e1c\u00ed ztr\u00e1ta s Boltonem a do t\u0159etice u\u017e Blues nevydolovali ani bod. Nad jejich s\u00edly byl Arsenal, jak n\u011bkoho mo\u017en\u00e1 ut\u011b\u0161\u00ed, celek s nejlep\u0161\u00edm venkovn\u00edm rekordem z cel\u00e9 sout\u011b\u017ee. Evertonians proto v\u011b\u0159\u00ed, \u017ee g\u00f3lov\u00fd tahoun Tim Cahill si na Stadium of Light znovu zaboxuje. Je\u0161t\u011b u\u017eite\u010dn\u011bj\u0161\u00ed by ale bylo, kdyby se k n\u011bmu p\u0159idali i spoluhr\u00e1\u010di, co\u017e ov\u0161em dosavadn\u00ed pr\u016fb\u011bh sezony snad je\u0161t\u011b ani jednou nenazna\u010dil&#8230;<\/p>\n<p>S jistotou tak lze \u0159\u00edct, \u017ee zlomen\u00ed nep\u0159\u00edzniv\u00e9ho obdob\u00ed zrovna na Stadium of Light bude zatracen\u011b t\u011b\u017ek\u00fdm o\u0159\u00ed\u0161kem. <em>\u201eSteve je navedl na spr\u00e1vnou cestu, ale nemysl\u00edm, \u017ee by n\u011bkdy byli \u0161patn\u00fd t\u00fdm. M\u011bli jen jeden \u0161patn\u00fd v\u00fdsledek a ten se jim poda\u0159ilo napravit,\u201c\u00a0<\/em>\u0159\u00edk\u00e1 David Moyes, jen\u017e dob\u0159e v\u00ed, \u017ee proti Sunderlandu se jeho mu\u017estvu da\u0159\u00edv\u00e1. <em>\u201eM\u00e1me proti nim slu\u0161n\u00e9 v\u00fdsledky, a douf\u00e1m, \u017ee tahle s\u00e9rie bude pokra\u010dovat, ale kv\u016fli tomu je nesm\u00edme podce\u0148ovat.\u201c<\/em><\/p>\n<p>Z p\u0159edchoz\u00edch \u0159\u00e1dk\u016f vypl\u00fdv\u00e1, \u017ee Sunderland Evertonu p\u0159i posledn\u00edm m\u011b\u0159en\u00ed sil odpor nekladl. Na Goodison Parku v lednu z\u016fstaly t\u0159i body za v\u00fdhru 2-0, o kterou se zaslou\u017eil Tim Cahill a Landon Donovan. P\u0159i posledn\u00edm v\u00fdletu na Stadium of Light, na Boxing Day lo\u0148sk\u00e9ho roku, si pak oba t\u00fdmy v\u00e1no\u010dn\u00ed nad\u00edlku spravedliv\u011b rozd\u011blily. Za Everton p\u0159itom srovn\u00e1val a\u017e v 85. minut\u011b Marouane Fellaini.<\/p>\n<h4><strong>Historie soupe\u0159e<\/strong><\/h4>\n<p>Ko\u0159eny\u00a0existence klubu sahaj\u00ed do roku 1879, kdy byl zalo\u017een Sunderland\u00a0&amp; District Teachers Association Football Club. O rok pozd\u011bji se klub p\u0159ejmenoval na Sunderland AFC, tak jak jej zn\u00e1me dnes. Nov\u00e1\u010dci byli do Football League p\u0159ijati v sezon\u011b 1890\/91, a hned rok nato rozv\u00ed\u0159ili prvoligov\u00e9 vody, nebo\u0165 v prvn\u00edm roce senza\u010dn\u011b vyhr\u00e1li ligov\u00fd titul. Bl\u00edzko k ligov\u00e9 trofeji m\u011bli Black Cats i v roce 1894, kdy t\u00fdm skon\u010dil na druh\u00e9m m\u00edst\u011b \u0161est bod\u016f za Aston Villou. V po\u0159ad\u00ed p\u00e1t\u00fd ligov\u00fd titul si mlad\u00fd klub vydobyl u\u017e v sezon\u011b 1901\/92, kdy v lize fini\u0161oval t\u0159i body p\u0159ed Evertonem.<\/p>\n<p>Zd\u00e1lo se \u017ee snov\u00e9 v\u00fdkony si Sunderland p\u0159enesl i do nov\u00e9ho stolet\u00ed a zpo\u010d\u00e1tku tomu tak opravdu bylo. Pam\u00e1tn\u00e1 je v\u00fdhra 9:1 nad nejv\u011bt\u0161\u00edm rivalem Black Cats, Newcastlem z roku 1908. Nav\u00edc v\u00a0roce 1913 klub z\u00edskal dal\u0161\u00ed trofej pro v\u00edt\u011bze First Division, a to je\u0161t\u011b prohr\u00e1l fin\u00e1le Anglick\u00e9ho poh\u00e1ru. Dob\u0159e bylo je\u0161t\u011b v prvn\u00edch letech po skon\u010den\u00ed prvn\u00ed sv\u011btov\u00e9 v\u00e1lky. V sezon\u011b 1922\/23 se Black Cats um\u00edstili druz\u00ed, ov\u0161em o p\u011bt let pozd\u011bji se Black Cats jen o fous zachr\u00e1nili, a to i p\u0159esto, \u017ee Dave Halliday nast\u0159\u00edlel t\u00e9 sezony 35 branek.<\/p>\n<p>Po n\u011bkolika nicne\u0159\u00edkaj\u00edc\u00edch letech se nicm\u00e9n\u011b Sunderland dok\u00e1zal vr\u00e1tit na v\u00fdslun\u00ed a roku 1936 z\u00edskal v po\u0159ad\u00ed ji\u017e \u0161est\u00fd ligov\u00fd titul. Ani dal\u0161\u00ed sezona nebyla bez hmotn\u00e9ho \u00fasp\u011bchu. Mackems si ve Wembley do\u0161li pro Anglick\u00fd poh\u00e1r, kdy\u017e porazili Preston 3:1.<\/p>\n<p>Po druh\u00e9 sv\u011btov\u00e9 v\u00e1lce se klub dostal do zna\u010dn\u00e9 finan\u010dn\u00ed t\u00edsn\u011b. Ta vyvrcholila v roce 1958, kdy se Sunderland porou\u010del o ligu n\u00ed\u017ee &#8211; poprv\u00e9 za celou klubovou historii. V sezon\u011b 1962\/63, se mu\u017estvu naskytla nejv\u011bt\u0161\u00ed \u0161ance dostat se zase mezi elitu. Jen\u017ee k velk\u00e9 sm\u016fle se tak nestalo. O nepostupu Sunderlandu rozhodly pouze v\u00fdsledky ostatn\u00edch z\u00e1pas\u016f. O rok pozd\u011bji to severov\u00fdchodn\u00edmu klubu ji\u017e vy\u0161lo.<\/p>\n<p>P\u0159i\u0161la 70. l\u00e9ta a\u00a0s nimi i zisk\u00a0posledn\u00ed trofeje. Stalo se tak roku 1973, kdy Black Cats p\u0159ekvapiv\u011b zdolali v t\u011bsn\u00e9m\u00a0fin\u00e1le Anglick\u00e9ho poh\u00e1ru tehdej\u0161\u00ed anglickou \u0161pi\u010dku Leeds United 1:0. Tou dobou byl Sunderland druholigov\u00fd klub a od 73\u00b4 vyhr\u00e1ly FA Cup ji\u017e jen dv\u011b mu\u017estva nehraj\u00edc\u00ed v Division One &#8211; Southampton a West Ham. Po \u00fasp\u011bchu v dom\u00e1c\u00edm poh\u00e1ru se klub kvalifikoval i do evropsk\u00e9ho d\u011bn\u00ed. V poh\u00e1ru UEFA ale vypadl ji\u017e ve druh\u00e9m kole.<\/p>\n<p>80. l\u00e9ta nep\u0159inesla krom\u011b jednoho prohran\u00e9ho fin\u00e1le Ligov\u00e9ho poh\u00e1ru nic zvl\u00e1\u0161tn\u00edho. Sunderland nad\u00e1le pendloval mezi Division One a Division Two a roku 1987 spadl a\u017e do t\u0159et\u00ed ligy. Z bahna ne\u00fasp\u011bch\u016f se ale Black Cats vyhrabali brzy.\u00a0V roce 1990 se ze Sunderlandu z\u00e1sluhou mana\u017eera Denise Smithe op\u011bt stali prvoligist\u00e9 a za dva roky dokonce hr\u00e1li o zisk Anglick\u00e9ho poh\u00e1ru. Ten ale bral po v\u00fdh\u0159e 2:0 Liverpool. V roce 1995 se mu\u017estva ujala hr\u00e1\u010dsk\u00e1 ikona Toffees, Peter Reid, kter\u00fd mu\u017estvo zkvalitnil a vedl jej sedm let. Roku 1997 Sunderland opustil sv\u016fj letit\u00fd domovsk\u00fd st\u00e1nek Roker Park a p\u0159esunul se na modern\u00ed Stadium of Light s kapacitou 49 000 div\u00e1k\u016f.<\/p>\n<p>Od roku 1999 Sunderland zprvu neza\u017e\u00edval \u00fasp\u011bchy, naopak se nedok\u00e1zal trvale usadit mezi prvoligov\u00fdmi celky. V roce 2005, se Sunderland stal smutn\u00fdm dr\u017eitelem dnes u\u017e\u00a0p\u0159ekonan\u00e9ho rekordu, kdy m\u011bli Black Cats na konci sezony\u00a0Premier League jen 15 bod\u016f, co\u017e bylo toho \u010dasu nejm\u00e9n\u011b v historii.\u00a0\u00a0Ov\u0161em o rok pozd\u011bji se Mackems triumf\u00e1ln\u011b vr\u00e1tili. To u\u017e byl mana\u017eerem t\u00fdmu Roy Keane, kter\u00fd dok\u00e1zal Sunderland bez pot\u00ed\u017e\u00ed udr\u017eet v prvn\u00ed lize. Irsk\u00e9mu bou\u0159liv\u00e1kovi ov\u0161em zlomil vaz pov\u011bstn\u00fd syndrom druh\u00e9 sezony. Jeho m\u00edsto za\u010d\u00e1tkem roku 2009 nakonec zaujmul dal\u0161\u00ed b\u00fdval\u00fd hr\u00e1\u010d Manchestreru United, Steve Bruce.<\/p>\n<h4><strong>Z\u00e1pasov\u00e1 fakta<\/strong><\/h4>\n<p>\u010cern\u00e9 ko\u010dky si naposled s Evertonem t\u0159\u00edbodov\u011b pohr\u00e1ly bezm\u00e1la p\u0159ed dev\u00edti roky &#8211; doma Sunderland 22. prosince 2001 zv\u00edt\u011bzil 1-0. Od t\u00e9 doby Blues ve vz\u00e1jemn\u00fdch z\u00e1pasech posb\u00edrali 29 bod\u016f z 33 dostupn\u00fdch, t\u0159ikr\u00e1t z\u00edskali sezonn\u00ed double a triumfovali ve \u010dty\u0159ech z p\u011bti posledn\u00edch v\u00fdlet\u016f na Stadium of Light. Velk\u00fdm faktorem mluv\u00edc\u00edm proti potenci\u00e1ln\u00edmu pond\u011bln\u00edmu \u00fasp\u011bchu Toffees je nicm\u00e9n\u011b vynikaj\u00edc\u00ed dom\u00e1c\u00ed v\u00fdkonnost Black Cats. Doma prohr\u00e1ly jedinkr\u00e1t v posledn\u00edch \u0161estn\u00e1cti utk\u00e1n\u00edch. V minul\u00fdch t\u0159ech z\u00e1pasech nav\u00edc na sv\u00e9 p\u016fd\u011b udr\u017eely \u010dist\u00fd \u0161t\u00edt a neinkasovaly ji\u017e 5 hodin a 47 minut k tomu.<\/p>\n<p>T\u00edm nejslavn\u011bj\u0161\u00edm jm\u00e9nem, kter\u00e9 m\u00e1 co do\u010din\u011bn\u00ed s ob\u011bma kluby je nejsp\u00ed\u0161 Peter Reid. Jeho \u00fasp\u011bchy dosa\u017een\u00e9 v modr\u00e9m dresu nen\u00ed t\u0159eba nijak zmi\u0148ovat, p\u0159i\u010dem\u017e v dobr\u00e9m se na b\u00fdval\u00e9ho st\u0159edn\u00edho z\u00e1lo\u017en\u00edka vzpom\u00edn\u00e1 i na Wearside. Sunderland vedl jako mana\u017eer sedm let, b\u011bhem kter\u00fdch jej dovedl k postupu do Premier League a dv\u011bma kone\u010dn\u00fdmi 7. p\u0159\u00ed\u010dkami. Z hr\u00e1\u010d\u016f, kte\u0159\u00ed obl\u00e9kali modr\u00fd i pruhovan\u00fd dres lze zm\u00ednit nap\u0159\u00edklad Paula Bracewella, Dona Hutchisona, Kevina Kilbanea, Alana Stubbse, Thomase Myhreho, Billyho Binghama nebo Iana Snodina.<\/p>\n<h4><strong>Sunderland<\/strong><\/h4>\n<p>Jedin\u00fdm man\u010daftem, znal\u00fdm receptu na dobyt\u00ed Stadium of Light je Manchester United. Doposud jsou jedin\u00fdm t\u00fdmem, kter\u00fd v Sunderlandu vyhr\u00e1l od prosince lo\u0148sk\u00e9ho roku. Solidn\u00ed vizitka obrann\u00e9 \u010dinnosti v posledn\u00edch z\u00e1pasech ji\u017e byla zm\u00edn\u011bna, ov\u0161em v ofenziv\u011b u\u017e \u010d\u00edsla tolik p\u0159\u00edzniv\u00e1 nejsou. Jen 32% sunderlandsk\u00fdch st\u0159el zat\u00edm sm\u011b\u0159ovalo na br\u00e1nu, tedy nejmen\u0161\u00ed \u010d\u00edslo v Premier League. Branky Black Cats si nav\u00edc rozd\u011blilo jen kvarteto st\u0159elc\u016f. V\u00e9vod\u00ed jim Darren Bent s 6 ligov\u00fdmi z\u00e1sahy a letn\u00ed akvizice Asamoah Gyan s p\u011bti trefami.<\/p>\n<h4><strong>Everton<\/strong><\/h4>\n<p>Sedmiz\u00e1pasov\u00fd neprohern\u00ed seri\u00e1l v minul\u00e9m kole u\u0165al Arsenal, kter\u00fd Evertonu p\u0159ipsal \u010dtvrtou prohru v 24 z\u00e1pasech. Proti Gunners sice Blues padli, ov\u0161em vst\u0159elit alespo\u0148 g\u00f3l se jim znovu povedlo; koneckonc\u016f od posledn\u00edho z\u00e1pasu, ve kter\u00e9m Everton nevst\u0159elil branku uplynuly t\u00e9m\u011b\u0159 dva m\u011bs\u00edce. G\u00f3lov\u00fdm spasitelem je kdo jin\u00fd ne\u017e Tim Cahill, kter\u00fd u\u017e m\u00e1 na kont\u011b \u0161est g\u00f3l\u016f. \u010cty\u0159i z nich vst\u0159elil v posledn\u00edch sedmi z\u00e1pasech.<\/p>\n<h4><strong>Vz\u00e1jemn\u00e1 bilance<\/strong><\/h4>\n<ul>\n<li>Celkov\u011b:\u00a0\u00a0\u00a0\u00a0\u00a0\u00a0\u00a0\u00a0\u00a0\u00a0\u00a0\u00a0\u00a0\u00a0\u00a0\u00a0\u00a0\u00a0\u00a0\u00a0\u00a0\u00a0\u00a0\u00a0\u00a0\u00a0 66-27-74<\/li>\n<li>Na stadionu Sunderlandu:\u00a0 47-15-19<\/li>\n<li>V Premier League:\u00a0\u00a0\u00a0\u00a0\u00a0\u00a0\u00a0\u00a0\u00a0\u00a0\u00a0\u00a0 5-3-10<\/li>\n<\/ul>\n<h4><strong>Absence<\/strong><\/h4>\n<p>Marodka Sunderlnadu \u010d\u00edt\u00e1 Fraizera Campbella, Davida Meylera, kte\u0159\u00ed marod\u00ed s kolenem, d\u00e1le Johna Mensaha a Trevora Carsona, kte\u0159\u00ed pro zm\u011bnu laboruj\u00ed s rameny. N\u00e1vrat by mohl stihnout Darren Bent, Anton Ferdinand a Danny Welbeck, jejich \u00fa\u010dast v z\u00e1pase ale zaru\u010dena nen\u00ed.<\/p>\n<p>V Evertonu z\u016fst\u00e1v\u00e1 v\u0161e p\u0159i star\u00e9m. Chyb\u00ed Leon Osman, Victor Anichebe a Ross Barkley. Druh\u00e9 utk\u00e1n\u00ed z trojz\u00e1pasov\u00e9ho distancu zme\u0161k\u00e1 Marouane Fellaini.<\/p>\n<p><strong>Sunderland:\u00a0<\/strong>Gordon, Mignolet, Onuoha, Turner, Bramble, Da Silva, Bardsley, Henderson, Zenden, Cattermole, Angeleri, Riveros, Adams, Richardson, Welbeck, Elmohamady, Malbranque, Gyan, Bent.<\/p>\n<p><strong>Everton:<\/strong> Howard, Mucha, Neville, Hibbert, Jagielka, Heitinga, Distin, Baines, Coleman, Arteta, Cahill, Rodwell, Pienaar, Bilyaletdinov, Yakubu, Saha, Beckford, Gueye.<\/p>\n<ul>\n<li><strong>Kdy:\u00a0<\/strong>22.11. 21:00 SE\u010c<strong><br \/>\n<\/strong><\/li>\n<li><strong>Kde:\u00a0<\/strong>Stadium of Light<strong><br \/>\n<\/strong><\/li>\n<li><strong>Rozhod\u010d\u00ed:\u00a0<\/strong>Peter Walton<\/li>\n<\/ul>\n<\/div>\n","protected":false},"excerpt":{"rendered":"<p>Nevypo\u010d\u00edtatelnost a sam\u00e1 p\u0159ekvapen\u00ed. To a je\u0161t\u011b mo\u017en\u00e1 mnohem v\u00edc \u010dek\u00e1 Everton v pond\u011bln\u00ed dohr\u00e1vce \u010dtrn\u00e1ct\u00e9ho kola. C\u00edlovou destinac\u00ed je&hellip;<\/p>\n","protected":false},"author":7,"featured_media":25541,"comment_status":"open","ping_status":"closed","sticky":false,"template":"","format":"standard","meta":{"_eb_attr":"","_monsterinsights_skip_tracking":false,"_monsterinsights_sitenote_active":false,"_monsterinsights_sitenote_note":"","_monsterinsights_sitenote_category":0,"footnotes":""},"categories":[4],"tags":[],"yoast_head":"<!-- This site is optimized with the Yoast SEO plugin v23.4 - https:\/\/yoast.com\/wordpress\/plugins\/seo\/ -->\n<title>Preview: Sunderland - Everton - Official Czech &amp; Slovak Everton Supporters&#039; Club<\/title>\n<meta name=\"robots\" content=\"index, follow, max-snippet:-1, max-image-preview:large, max-video-preview:-1\" \/>\n<link rel=\"canonical\" href=\"https:\/\/evertonfc.cz\/index.php\/2010\/11\/20\/preview-sunderland-everton\/\" \/>\n<meta property=\"og:locale\" content=\"cs_CZ\" \/>\n<meta property=\"og:type\" content=\"article\" \/>\n<meta property=\"og:title\" content=\"Preview: Sunderland - Everton - Official Czech &amp; Slovak Everton Supporters&#039; Club\" \/>\n<meta property=\"og:description\" content=\"Nevypo\u010d\u00edtatelnost a sam\u00e1 p\u0159ekvapen\u00ed. To a je\u0161t\u011b mo\u017en\u00e1 mnohem v\u00edc \u010dek\u00e1 Everton v pond\u011bln\u00ed dohr\u00e1vce \u010dtrn\u00e1ct\u00e9ho kola. C\u00edlovou destinac\u00ed je&hellip;\" \/>\n<meta property=\"og:url\" content=\"https:\/\/evertonfc.cz\/index.php\/2010\/11\/20\/preview-sunderland-everton\/\" \/>\n<meta property=\"og:site_name\" content=\"Official Czech &amp; Slovak Everton Supporters&#039; Club\" \/>\n<meta property=\"article:publisher\" content=\"https:\/\/www.facebook.com\/everton.fans.cz.sk\" \/>\n<meta property=\"article:published_time\" content=\"2010-11-20T08:37:27+00:00\" \/>\n<meta property=\"article:modified_time\" content=\"2024-11-02T12:41:35+00:00\" \/>\n<meta property=\"og:image\" content=\"https:\/\/evertonfc.cz\/wp-content\/uploads\/2024\/11\/Sunderland-VS-Everton.png\" \/>\n\t<meta property=\"og:image:width\" content=\"720\" \/>\n\t<meta property=\"og:image:height\" content=\"405\" \/>\n\t<meta property=\"og:image:type\" content=\"image\/png\" \/>\n<meta name=\"author\" content=\"Me\u0148a\" \/>\n<meta name=\"twitter:card\" content=\"summary_large_image\" \/>\n<meta name=\"twitter:label1\" content=\"Napsal(a)\" \/>\n\t<meta name=\"twitter:data1\" content=\"Me\u0148a\" \/>\n\t<meta name=\"twitter:label2\" content=\"Odhadovan\u00e1 doba \u010dten\u00ed\" \/>\n\t<meta name=\"twitter:data2\" content=\"10 minut\" \/>\n<script type=\"application\/ld+json\" class=\"yoast-schema-graph\">{\"@context\":\"https:\/\/schema.org\",\"@graph\":[{\"@type\":\"Article\",\"@id\":\"https:\/\/evertonfc.cz\/index.php\/2010\/11\/20\/preview-sunderland-everton\/#article\",\"isPartOf\":{\"@id\":\"https:\/\/evertonfc.cz\/index.php\/2010\/11\/20\/preview-sunderland-everton\/\"},\"author\":{\"name\":\"Me\u0148a\",\"@id\":\"https:\/\/evertonfc.cz\/#\/schema\/person\/cd6328a75577de2add7793fd4b0930c3\"},\"headline\":\"Preview: Sunderland &#8211; Everton\",\"datePublished\":\"2010-11-20T08:37:27+00:00\",\"dateModified\":\"2024-11-02T12:41:35+00:00\",\"mainEntityOfPage\":{\"@id\":\"https:\/\/evertonfc.cz\/index.php\/2010\/11\/20\/preview-sunderland-everton\/\"},\"wordCount\":2228,\"commentCount\":0,\"publisher\":{\"@id\":\"https:\/\/evertonfc.cz\/#organization\"},\"image\":{\"@id\":\"https:\/\/evertonfc.cz\/index.php\/2010\/11\/20\/preview-sunderland-everton\/#primaryimage\"},\"thumbnailUrl\":\"https:\/\/evertonfc.cz\/wp-content\/uploads\/2024\/11\/Sunderland-VS-Everton.png\",\"articleSection\":[\"Z\u00e1pasy\"],\"inLanguage\":\"cs\",\"potentialAction\":[{\"@type\":\"CommentAction\",\"name\":\"Comment\",\"target\":[\"https:\/\/evertonfc.cz\/index.php\/2010\/11\/20\/preview-sunderland-everton\/#respond\"]}]},{\"@type\":\"WebPage\",\"@id\":\"https:\/\/evertonfc.cz\/index.php\/2010\/11\/20\/preview-sunderland-everton\/\",\"url\":\"https:\/\/evertonfc.cz\/index.php\/2010\/11\/20\/preview-sunderland-everton\/\",\"name\":\"Preview: Sunderland - Everton - Official Czech &amp; Slovak Everton Supporters&#039; Club\",\"isPartOf\":{\"@id\":\"https:\/\/evertonfc.cz\/#website\"},\"primaryImageOfPage\":{\"@id\":\"https:\/\/evertonfc.cz\/index.php\/2010\/11\/20\/preview-sunderland-everton\/#primaryimage\"},\"image\":{\"@id\":\"https:\/\/evertonfc.cz\/index.php\/2010\/11\/20\/preview-sunderland-everton\/#primaryimage\"},\"thumbnailUrl\":\"https:\/\/evertonfc.cz\/wp-content\/uploads\/2024\/11\/Sunderland-VS-Everton.png\",\"datePublished\":\"2010-11-20T08:37:27+00:00\",\"dateModified\":\"2024-11-02T12:41:35+00:00\",\"breadcrumb\":{\"@id\":\"https:\/\/evertonfc.cz\/index.php\/2010\/11\/20\/preview-sunderland-everton\/#breadcrumb\"},\"inLanguage\":\"cs\",\"potentialAction\":[{\"@type\":\"ReadAction\",\"target\":[\"https:\/\/evertonfc.cz\/index.php\/2010\/11\/20\/preview-sunderland-everton\/\"]}]},{\"@type\":\"ImageObject\",\"inLanguage\":\"cs\",\"@id\":\"https:\/\/evertonfc.cz\/index.php\/2010\/11\/20\/preview-sunderland-everton\/#primaryimage\",\"url\":\"https:\/\/evertonfc.cz\/wp-content\/uploads\/2024\/11\/Sunderland-VS-Everton.png\",\"contentUrl\":\"https:\/\/evertonfc.cz\/wp-content\/uploads\/2024\/11\/Sunderland-VS-Everton.png\",\"width\":720,\"height\":405},{\"@type\":\"BreadcrumbList\",\"@id\":\"https:\/\/evertonfc.cz\/index.php\/2010\/11\/20\/preview-sunderland-everton\/#breadcrumb\",\"itemListElement\":[{\"@type\":\"ListItem\",\"position\":1,\"name\":\"Home\",\"item\":\"https:\/\/evertonfc.cz\/\"},{\"@type\":\"ListItem\",\"position\":2,\"name\":\"Preview: Sunderland &#8211; Everton\"}]},{\"@type\":\"WebSite\",\"@id\":\"https:\/\/evertonfc.cz\/#website\",\"url\":\"https:\/\/evertonfc.cz\/\",\"name\":\"Official Czech &amp; Slovak Everton Supporters&#039; Club\",\"description\":\"\",\"publisher\":{\"@id\":\"https:\/\/evertonfc.cz\/#organization\"},\"potentialAction\":[{\"@type\":\"SearchAction\",\"target\":{\"@type\":\"EntryPoint\",\"urlTemplate\":\"https:\/\/evertonfc.cz\/?s={search_term_string}\"},\"query-input\":{\"@type\":\"PropertyValueSpecification\",\"valueRequired\":true,\"valueName\":\"search_term_string\"}}],\"inLanguage\":\"cs\"},{\"@type\":\"Organization\",\"@id\":\"https:\/\/evertonfc.cz\/#organization\",\"name\":\"Official Czech & Slovak Everton Supporters' Club\",\"url\":\"https:\/\/evertonfc.cz\/\",\"logo\":{\"@type\":\"ImageObject\",\"inLanguage\":\"cs\",\"@id\":\"https:\/\/evertonfc.cz\/#\/schema\/logo\/image\/\",\"url\":\"https:\/\/evertonfc.cz\/wp-content\/uploads\/2019\/05\/logo.png\",\"contentUrl\":\"https:\/\/evertonfc.cz\/wp-content\/uploads\/2019\/05\/logo.png\",\"width\":112,\"height\":112,\"caption\":\"Official Czech & Slovak Everton Supporters' Club\"},\"image\":{\"@id\":\"https:\/\/evertonfc.cz\/#\/schema\/logo\/image\/\"},\"sameAs\":[\"https:\/\/www.facebook.com\/everton.fans.cz.sk\"]},{\"@type\":\"Person\",\"@id\":\"https:\/\/evertonfc.cz\/#\/schema\/person\/cd6328a75577de2add7793fd4b0930c3\",\"name\":\"Me\u0148a\",\"url\":\"https:\/\/evertonfc.cz\/index.php\/author\/mena\/\"}]}<\/script>\n<!-- \/ Yoast SEO plugin. -->","yoast_head_json":{"title":"Preview: Sunderland - Everton - Official Czech &amp; Slovak Everton Supporters&#039; Club","robots":{"index":"index","follow":"follow","max-snippet":"max-snippet:-1","max-image-preview":"max-image-preview:large","max-video-preview":"max-video-preview:-1"},"canonical":"https:\/\/evertonfc.cz\/index.php\/2010\/11\/20\/preview-sunderland-everton\/","og_locale":"cs_CZ","og_type":"article","og_title":"Preview: Sunderland - Everton - Official Czech &amp; Slovak Everton Supporters&#039; Club","og_description":"Nevypo\u010d\u00edtatelnost a sam\u00e1 p\u0159ekvapen\u00ed. To a je\u0161t\u011b mo\u017en\u00e1 mnohem v\u00edc \u010dek\u00e1 Everton v pond\u011bln\u00ed dohr\u00e1vce \u010dtrn\u00e1ct\u00e9ho kola. C\u00edlovou destinac\u00ed je&hellip;","og_url":"https:\/\/evertonfc.cz\/index.php\/2010\/11\/20\/preview-sunderland-everton\/","og_site_name":"Official Czech &amp; Slovak Everton Supporters&#039; Club","article_publisher":"https:\/\/www.facebook.com\/everton.fans.cz.sk","article_published_time":"2010-11-20T08:37:27+00:00","article_modified_time":"2024-11-02T12:41:35+00:00","og_image":[{"width":720,"height":405,"url":"https:\/\/evertonfc.cz\/wp-content\/uploads\/2024\/11\/Sunderland-VS-Everton.png","type":"image\/png"}],"author":"Me\u0148a","twitter_card":"summary_large_image","twitter_misc":{"Napsal(a)":"Me\u0148a","Odhadovan\u00e1 doba \u010dten\u00ed":"10 minut"},"schema":{"@context":"https:\/\/schema.org","@graph":[{"@type":"Article","@id":"https:\/\/evertonfc.cz\/index.php\/2010\/11\/20\/preview-sunderland-everton\/#article","isPartOf":{"@id":"https:\/\/evertonfc.cz\/index.php\/2010\/11\/20\/preview-sunderland-everton\/"},"author":{"name":"Me\u0148a","@id":"https:\/\/evertonfc.cz\/#\/schema\/person\/cd6328a75577de2add7793fd4b0930c3"},"headline":"Preview: Sunderland &#8211; Everton","datePublished":"2010-11-20T08:37:27+00:00","dateModified":"2024-11-02T12:41:35+00:00","mainEntityOfPage":{"@id":"https:\/\/evertonfc.cz\/index.php\/2010\/11\/20\/preview-sunderland-everton\/"},"wordCount":2228,"commentCount":0,"publisher":{"@id":"https:\/\/evertonfc.cz\/#organization"},"image":{"@id":"https:\/\/evertonfc.cz\/index.php\/2010\/11\/20\/preview-sunderland-everton\/#primaryimage"},"thumbnailUrl":"https:\/\/evertonfc.cz\/wp-content\/uploads\/2024\/11\/Sunderland-VS-Everton.png","articleSection":["Z\u00e1pasy"],"inLanguage":"cs","potentialAction":[{"@type":"CommentAction","name":"Comment","target":["https:\/\/evertonfc.cz\/index.php\/2010\/11\/20\/preview-sunderland-everton\/#respond"]}]},{"@type":"WebPage","@id":"https:\/\/evertonfc.cz\/index.php\/2010\/11\/20\/preview-sunderland-everton\/","url":"https:\/\/evertonfc.cz\/index.php\/2010\/11\/20\/preview-sunderland-everton\/","name":"Preview: Sunderland - Everton - Official Czech &amp; Slovak Everton Supporters&#039; Club","isPartOf":{"@id":"https:\/\/evertonfc.cz\/#website"},"primaryImageOfPage":{"@id":"https:\/\/evertonfc.cz\/index.php\/2010\/11\/20\/preview-sunderland-everton\/#primaryimage"},"image":{"@id":"https:\/\/evertonfc.cz\/index.php\/2010\/11\/20\/preview-sunderland-everton\/#primaryimage"},"thumbnailUrl":"https:\/\/evertonfc.cz\/wp-content\/uploads\/2024\/11\/Sunderland-VS-Everton.png","datePublished":"2010-11-20T08:37:27+00:00","dateModified":"2024-11-02T12:41:35+00:00","breadcrumb":{"@id":"https:\/\/evertonfc.cz\/index.php\/2010\/11\/20\/preview-sunderland-everton\/#breadcrumb"},"inLanguage":"cs","potentialAction":[{"@type":"ReadAction","target":["https:\/\/evertonfc.cz\/index.php\/2010\/11\/20\/preview-sunderland-everton\/"]}]},{"@type":"ImageObject","inLanguage":"cs","@id":"https:\/\/evertonfc.cz\/index.php\/2010\/11\/20\/preview-sunderland-everton\/#primaryimage","url":"https:\/\/evertonfc.cz\/wp-content\/uploads\/2024\/11\/Sunderland-VS-Everton.png","contentUrl":"https:\/\/evertonfc.cz\/wp-content\/uploads\/2024\/11\/Sunderland-VS-Everton.png","width":720,"height":405},{"@type":"BreadcrumbList","@id":"https:\/\/evertonfc.cz\/index.php\/2010\/11\/20\/preview-sunderland-everton\/#breadcrumb","itemListElement":[{"@type":"ListItem","position":1,"name":"Home","item":"https:\/\/evertonfc.cz\/"},{"@type":"ListItem","position":2,"name":"Preview: Sunderland &#8211; Everton"}]},{"@type":"WebSite","@id":"https:\/\/evertonfc.cz\/#website","url":"https:\/\/evertonfc.cz\/","name":"Official Czech &amp; Slovak Everton Supporters&#039; Club","description":"","publisher":{"@id":"https:\/\/evertonfc.cz\/#organization"},"potentialAction":[{"@type":"SearchAction","target":{"@type":"EntryPoint","urlTemplate":"https:\/\/evertonfc.cz\/?s={search_term_string}"},"query-input":{"@type":"PropertyValueSpecification","valueRequired":true,"valueName":"search_term_string"}}],"inLanguage":"cs"},{"@type":"Organization","@id":"https:\/\/evertonfc.cz\/#organization","name":"Official Czech & Slovak Everton Supporters' Club","url":"https:\/\/evertonfc.cz\/","logo":{"@type":"ImageObject","inLanguage":"cs","@id":"https:\/\/evertonfc.cz\/#\/schema\/logo\/image\/","url":"https:\/\/evertonfc.cz\/wp-content\/uploads\/2019\/05\/logo.png","contentUrl":"https:\/\/evertonfc.cz\/wp-content\/uploads\/2019\/05\/logo.png","width":112,"height":112,"caption":"Official Czech & Slovak Everton Supporters' Club"},"image":{"@id":"https:\/\/evertonfc.cz\/#\/schema\/logo\/image\/"},"sameAs":["https:\/\/www.facebook.com\/everton.fans.cz.sk"]},{"@type":"Person","@id":"https:\/\/evertonfc.cz\/#\/schema\/person\/cd6328a75577de2add7793fd4b0930c3","name":"Me\u0148a","url":"https:\/\/evertonfc.cz\/index.php\/author\/mena\/"}]}},"_links":{"self":[{"href":"https:\/\/evertonfc.cz\/index.php\/wp-json\/wp\/v2\/posts\/3360"}],"collection":[{"href":"https:\/\/evertonfc.cz\/index.php\/wp-json\/wp\/v2\/posts"}],"about":[{"href":"https:\/\/evertonfc.cz\/index.php\/wp-json\/wp\/v2\/types\/post"}],"author":[{"embeddable":true,"href":"https:\/\/evertonfc.cz\/index.php\/wp-json\/wp\/v2\/users\/7"}],"replies":[{"embeddable":true,"href":"https:\/\/evertonfc.cz\/index.php\/wp-json\/wp\/v2\/comments?post=3360"}],"version-history":[{"count":2,"href":"https:\/\/evertonfc.cz\/index.php\/wp-json\/wp\/v2\/posts\/3360\/revisions"}],"predecessor-version":[{"id":3435,"href":"https:\/\/evertonfc.cz\/index.php\/wp-json\/wp\/v2\/posts\/3360\/revisions\/3435"}],"wp:featuredmedia":[{"embeddable":true,"href":"https:\/\/evertonfc.cz\/index.php\/wp-json\/wp\/v2\/media\/25541"}],"wp:attachment":[{"href":"https:\/\/evertonfc.cz\/index.php\/wp-json\/wp\/v2\/media?parent=3360"}],"wp:term":[{"taxonomy":"category","embeddable":true,"href":"https:\/\/evertonfc.cz\/index.php\/wp-json\/wp\/v2\/categories?post=3360"},{"taxonomy":"post_tag","embeddable":true,"href":"https:\/\/evertonfc.cz\/index.php\/wp-json\/wp\/v2\/tags?post=3360"}],"curies":[{"name":"wp","href":"https:\/\/api.w.org\/{rel}","templated":true}]}}