{"id":3362,"date":"2010-11-22T09:52:46","date_gmt":"2010-11-22T08:52:46","guid":{"rendered":"http:\/\/evertonfc.cz\/?p=3362"},"modified":"2019-02-11T17:43:41","modified_gmt":"2019-02-11T16:43:41","slug":"sunderland-everton-22","status":"publish","type":"post","link":"https:\/\/evertonfc.cz\/index.php\/2010\/11\/22\/sunderland-everton-22\/","title":{"rendered":"Sunderland &#8211; Everton 2:2"},"content":{"rendered":"<h4>V nervydr\u00e1saj\u00edc\u00edm st\u0159etnut\u00ed mohl zv\u00edt\u011bzit jak Sunderland, tak Everton. Body si ale nakonec oba t\u00fdmy na Stadium of Light zaslou\u017een\u011b rozd\u011blily.<\/h4>\n<p>A\u010dkoliv David Moyes v\u00fdkon sv\u00fdch sv\u011b\u0159enc\u016f v posledn\u00edm z\u00e1pase proti Arsenalu zkritizoval, do dne\u0161n\u00edho utk\u00e1n\u00ed poslal na chlup stejnou z\u00e1kladn\u00ed sestavu jako p\u0159i duelu s Gunners.<\/p>\n<p>Everton za\u010dal p\u0159\u00edmo perfektn\u011b, v 6. minut\u011b zakombinoval na lev\u00e9 stran\u011b Pienaar s Bainesem, druh\u00fd jmenovan\u00fd dob\u0159e odcentroval do v\u00e1pna, kde poslal m\u00ed\u010d do s\u00edt\u011b hlavi\u010dkou Cahill &#8211;\u00a0<strong>0:1<\/strong>.<\/p>\n<p>Dom\u00e1c\u00ed poprv\u00e9 zahrozili ve 12. minut\u011b, kdy\u017e musel Howard na zem po st\u0159ele Hendersona z trestn\u00e9ho kopu. Toffees v\u0161ak p\u016fsobili po vst\u0159elen\u00e9 brance dost pasivn\u011b, co\u017e se muselo vymst\u00edt. Zenden si pohr\u00e1l s Pienaarem a Bainesem, p\u0159edlo\u017eil p\u0159ihr\u00e1vku Welbeckovi, jen\u017e u\u017e v klidu uklidil m\u00ed\u010d do branky &#8211;\u00a0<strong>1:1<\/strong>.<\/p>\n<p>N\u00e1sledn\u011b st\u0159\u00edlel nebezpe\u010dn\u011b Richardson, na\u0161t\u011bst\u00ed ale t\u011bsn\u011b vedle. To Pienaar na druh\u00e9 stran\u011b br\u00e1nu trefil, ov\u0161em jen do prostoru, kde byl p\u0159ipraven\u00fd Gordon.<\/p>\n<p>Ve 33. minut\u011b op\u011bt zafungovala spolupr\u00e1ce Baines-Cahill. Lev\u00fd zad\u00e1k na\u0161el kopem z rohu nab\u011bhnut\u00e9ho Cahilla, jeho\u017e hlavi\u010dce chyb\u011bly k ozna\u010den\u00ed g\u00f3lov\u00e1 centimetry. Pot\u00e9 m\u011bl slu\u0161nou \u0161anci i Distin, Gordon byl venku z br\u00e1ny, francouzsk\u00fd stoper ranou z v\u00e1pna ale vysoko minul.<\/p>\n<p>Everton p\u0159esto nad\u00e1le atakoval svatyni Sunderland, Gordon zasahoval po pokusech Colemana a Sahy. Ke konci prvn\u00edho polo\u010dasu m\u011bl p\u0159evahu Everton, do zakon\u010den\u00ed se navzdory tomu dostal soupe\u0159, Bent hlavi\u010dkou nad br\u00e1nu ukon\u010dil prvn\u00ed d\u011bjstv\u00ed.<\/p>\n<p>Druhou p\u016fli odstartoval aktivn\u011bji Sunderlandu, Welbeck zkou\u0161el pozornost Howarda. V 55. minut\u011b Neville skv\u011ble lobem za obranu vysunul Cahilla, Australan akrobatick\u00fdm zakon\u010den\u00edm p\u0159ekonal Gordona. Toho ke sm\u016fle Evertonians zastoupil na brankov\u00e9 \u010d\u00e1\u0159e ob\u011btav\u00fd Turner.<\/p>\n<p>V 69. minut\u011b st\u0159elu Benta z proti\u00fatoku sta\u010dil Jagielka zablokovat na roh, kter\u00fd je\u0161t\u011b obrana odvr\u00e1tila. Po n\u00e1sledn\u00e9m centru ale p\u0159ekonal dobrou hlavi\u010dkou Howarda Welbeck &#8211;\u00a0<strong>2:1<\/strong>. G\u00f3l ov\u0161em nem\u011bl platit, nahr\u00e1vaj\u00edc\u00ed Richardson se toti\u017e nesta\u010dil vr\u00e1tit z ofsajdov\u00e9 pozice.<\/p>\n<p>K\u00fd\u017een\u00e9ho vyrovn\u00e1n\u00ed se Everton do\u010dkal v 83. minut\u011b, Arteta p\u0159edvedl zasek\u00e1va\u010dku jako ze star\u00fdch dob, st\u0159ela se mu p\u0159\u00edli\u0161 nepovedla, dom\u00e1c\u00ed zad\u00e1k si ji ale zte\u010doval do br\u00e1ny &#8211;\u00a0<strong>2:2<\/strong>.<\/p>\n<p>Sunderland se necht\u011bl s jedn\u00edm bodem sm\u00ed\u0159it, do bo\u010dn\u00ed s\u00edt\u011b tvrd\u011b p\u00e1lil Bent. V nastaven\u00ed pak zkou\u0161el sv\u00e9 \u0161t\u011bst\u00ed i Malbranque a hlavn\u011b Welbeck, kter\u00fd sv\u00fdm pokusem t\u011bsn\u011b minul br\u00e1nu.<\/p>\n<p>V sam\u00e9m z\u00e1v\u011bru utk\u00e1n\u00ed se po dlouh\u00e9m n\u00e1kopu ocitl Beckford s\u00e1m p\u0159ed Gordonem, v tutov\u00e9 p\u0159\u00edle\u017eitosti ale p\u0159est\u0159elil br\u00e1nu, a body se tak d\u011blily.<\/p>\n<p><strong>Branky:<\/strong>\u00a023. Danny Welbeck a 70. Danny Welbeck &#8211; 6. Tim Cahill, 83. Mikel Arteta<br \/>\n<strong>\u017dK:<\/strong>\u00a018. John Heitinga, 74. Jack Rodwell<br \/>\n<strong>Sunderland AFC:<\/strong>\u00a0Craig Gordon, Anton Ferdinand, Nedum Onuoha, Kieran Richardson, Phillip Bardsley, Michael Turner, Lee Cattermole, Boudewijn Zenden (69. Steed Malbranque), Jordan Henderson (85. Ahmed Al Muhammadi), Darren Bent, Danny Welbeck<br \/>\n<strong>Everton FC:<\/strong>\u00a0Tim Howard, John Heitinga (83. Jermaine Beckford), Phil Jagielka, Leighton Baines, Sylvain Distin, S\u00e9amus Coleman (52. Jack Rodwell), Tim Cahill, Steven Pienaar, Phil Neville, Mikel Arteta, Louis Saha (82. Yakubu Ayegbeni)<br \/>\n<strong>Rozhod\u010d\u00ed:<\/strong>\u00a0Peter Walton<\/p>\n","protected":false},"excerpt":{"rendered":"<p>V nervydr\u00e1saj\u00edc\u00edm st\u0159etnut\u00ed mohl zv\u00edt\u011bzit jak Sunderland, tak Everton. Body si ale nakonec oba t\u00fdmy na Stadium of Light zaslou\u017een\u011b&hellip;<\/p>\n","protected":false},"author":6,"featured_media":1315,"comment_status":"open","ping_status":"closed","sticky":false,"template":"","format":"standard","meta":{"_eb_attr":"","_monsterinsights_skip_tracking":false,"_monsterinsights_sitenote_active":false,"_monsterinsights_sitenote_note":"","_monsterinsights_sitenote_category":0,"footnotes":""},"categories":[4],"tags":[],"yoast_head":"<!-- This site is optimized with the Yoast SEO plugin v23.4 - https:\/\/yoast.com\/wordpress\/plugins\/seo\/ -->\n<title>Sunderland - Everton 2:2 - Official Czech &amp; Slovak Everton Supporters&#039; Club<\/title>\n<meta name=\"robots\" content=\"index, follow, max-snippet:-1, max-image-preview:large, max-video-preview:-1\" \/>\n<link rel=\"canonical\" href=\"https:\/\/evertonfc.cz\/index.php\/2010\/11\/22\/sunderland-everton-22\/\" \/>\n<meta property=\"og:locale\" content=\"cs_CZ\" \/>\n<meta property=\"og:type\" content=\"article\" \/>\n<meta property=\"og:title\" content=\"Sunderland - Everton 2:2 - Official Czech &amp; Slovak Everton Supporters&#039; Club\" \/>\n<meta property=\"og:description\" content=\"V nervydr\u00e1saj\u00edc\u00edm st\u0159etnut\u00ed mohl zv\u00edt\u011bzit jak Sunderland, tak Everton. Body si ale nakonec oba t\u00fdmy na Stadium of Light zaslou\u017een\u011b&hellip;\" \/>\n<meta property=\"og:url\" content=\"https:\/\/evertonfc.cz\/index.php\/2010\/11\/22\/sunderland-everton-22\/\" \/>\n<meta property=\"og:site_name\" content=\"Official Czech &amp; Slovak Everton Supporters&#039; Club\" \/>\n<meta property=\"article:publisher\" content=\"https:\/\/www.facebook.com\/everton.fans.cz.sk\" \/>\n<meta property=\"article:published_time\" content=\"2010-11-22T08:52:46+00:00\" \/>\n<meta property=\"article:modified_time\" content=\"2019-02-11T16:43:41+00:00\" \/>\n<meta property=\"og:image\" content=\"https:\/\/evertonfc.cz\/wp-content\/uploads\/2019\/01\/report.jpg\" \/>\n\t<meta property=\"og:image:width\" content=\"720\" \/>\n\t<meta property=\"og:image:height\" content=\"405\" \/>\n\t<meta property=\"og:image:type\" content=\"image\/jpeg\" \/>\n<meta name=\"author\" content=\"Ri\u010di\" \/>\n<meta name=\"twitter:card\" content=\"summary_large_image\" \/>\n<meta name=\"twitter:creator\" content=\"@rbrejsa\" \/>\n<meta name=\"twitter:label1\" content=\"Napsal(a)\" \/>\n\t<meta name=\"twitter:data1\" content=\"Ri\u010di\" \/>\n\t<meta name=\"twitter:label2\" content=\"Odhadovan\u00e1 doba \u010dten\u00ed\" \/>\n\t<meta name=\"twitter:data2\" content=\"3 minuty\" \/>\n<script type=\"application\/ld+json\" class=\"yoast-schema-graph\">{\"@context\":\"https:\/\/schema.org\",\"@graph\":[{\"@type\":\"Article\",\"@id\":\"https:\/\/evertonfc.cz\/index.php\/2010\/11\/22\/sunderland-everton-22\/#article\",\"isPartOf\":{\"@id\":\"https:\/\/evertonfc.cz\/index.php\/2010\/11\/22\/sunderland-everton-22\/\"},\"author\":{\"name\":\"Ri\u010di\",\"@id\":\"https:\/\/evertonfc.cz\/#\/schema\/person\/f7a5daedb2ffee98480bc70e191aaef1\"},\"headline\":\"Sunderland &#8211; Everton 2:2\",\"datePublished\":\"2010-11-22T08:52:46+00:00\",\"dateModified\":\"2019-02-11T16:43:41+00:00\",\"mainEntityOfPage\":{\"@id\":\"https:\/\/evertonfc.cz\/index.php\/2010\/11\/22\/sunderland-everton-22\/\"},\"wordCount\":590,\"commentCount\":0,\"publisher\":{\"@id\":\"https:\/\/evertonfc.cz\/#organization\"},\"image\":{\"@id\":\"https:\/\/evertonfc.cz\/index.php\/2010\/11\/22\/sunderland-everton-22\/#primaryimage\"},\"thumbnailUrl\":\"https:\/\/evertonfc.cz\/wp-content\/uploads\/2019\/01\/report.jpg\",\"articleSection\":[\"Z\u00e1pasy\"],\"inLanguage\":\"cs\",\"potentialAction\":[{\"@type\":\"CommentAction\",\"name\":\"Comment\",\"target\":[\"https:\/\/evertonfc.cz\/index.php\/2010\/11\/22\/sunderland-everton-22\/#respond\"]}]},{\"@type\":\"WebPage\",\"@id\":\"https:\/\/evertonfc.cz\/index.php\/2010\/11\/22\/sunderland-everton-22\/\",\"url\":\"https:\/\/evertonfc.cz\/index.php\/2010\/11\/22\/sunderland-everton-22\/\",\"name\":\"Sunderland - Everton 2:2 - Official Czech &amp; Slovak Everton Supporters&#039; Club\",\"isPartOf\":{\"@id\":\"https:\/\/evertonfc.cz\/#website\"},\"primaryImageOfPage\":{\"@id\":\"https:\/\/evertonfc.cz\/index.php\/2010\/11\/22\/sunderland-everton-22\/#primaryimage\"},\"image\":{\"@id\":\"https:\/\/evertonfc.cz\/index.php\/2010\/11\/22\/sunderland-everton-22\/#primaryimage\"},\"thumbnailUrl\":\"https:\/\/evertonfc.cz\/wp-content\/uploads\/2019\/01\/report.jpg\",\"datePublished\":\"2010-11-22T08:52:46+00:00\",\"dateModified\":\"2019-02-11T16:43:41+00:00\",\"breadcrumb\":{\"@id\":\"https:\/\/evertonfc.cz\/index.php\/2010\/11\/22\/sunderland-everton-22\/#breadcrumb\"},\"inLanguage\":\"cs\",\"potentialAction\":[{\"@type\":\"ReadAction\",\"target\":[\"https:\/\/evertonfc.cz\/index.php\/2010\/11\/22\/sunderland-everton-22\/\"]}]},{\"@type\":\"ImageObject\",\"inLanguage\":\"cs\",\"@id\":\"https:\/\/evertonfc.cz\/index.php\/2010\/11\/22\/sunderland-everton-22\/#primaryimage\",\"url\":\"https:\/\/evertonfc.cz\/wp-content\/uploads\/2019\/01\/report.jpg\",\"contentUrl\":\"https:\/\/evertonfc.cz\/wp-content\/uploads\/2019\/01\/report.jpg\",\"width\":720,\"height\":405},{\"@type\":\"BreadcrumbList\",\"@id\":\"https:\/\/evertonfc.cz\/index.php\/2010\/11\/22\/sunderland-everton-22\/#breadcrumb\",\"itemListElement\":[{\"@type\":\"ListItem\",\"position\":1,\"name\":\"Home\",\"item\":\"https:\/\/evertonfc.cz\/\"},{\"@type\":\"ListItem\",\"position\":2,\"name\":\"Sunderland &#8211; Everton 2:2\"}]},{\"@type\":\"WebSite\",\"@id\":\"https:\/\/evertonfc.cz\/#website\",\"url\":\"https:\/\/evertonfc.cz\/\",\"name\":\"Official Czech &amp; Slovak Everton Supporters&#039; Club\",\"description\":\"\",\"publisher\":{\"@id\":\"https:\/\/evertonfc.cz\/#organization\"},\"potentialAction\":[{\"@type\":\"SearchAction\",\"target\":{\"@type\":\"EntryPoint\",\"urlTemplate\":\"https:\/\/evertonfc.cz\/?s={search_term_string}\"},\"query-input\":{\"@type\":\"PropertyValueSpecification\",\"valueRequired\":true,\"valueName\":\"search_term_string\"}}],\"inLanguage\":\"cs\"},{\"@type\":\"Organization\",\"@id\":\"https:\/\/evertonfc.cz\/#organization\",\"name\":\"Official Czech & Slovak Everton Supporters' Club\",\"url\":\"https:\/\/evertonfc.cz\/\",\"logo\":{\"@type\":\"ImageObject\",\"inLanguage\":\"cs\",\"@id\":\"https:\/\/evertonfc.cz\/#\/schema\/logo\/image\/\",\"url\":\"https:\/\/evertonfc.cz\/wp-content\/uploads\/2019\/05\/logo.png\",\"contentUrl\":\"https:\/\/evertonfc.cz\/wp-content\/uploads\/2019\/05\/logo.png\",\"width\":112,\"height\":112,\"caption\":\"Official Czech & Slovak Everton Supporters' Club\"},\"image\":{\"@id\":\"https:\/\/evertonfc.cz\/#\/schema\/logo\/image\/\"},\"sameAs\":[\"https:\/\/www.facebook.com\/everton.fans.cz.sk\"]},{\"@type\":\"Person\",\"@id\":\"https:\/\/evertonfc.cz\/#\/schema\/person\/f7a5daedb2ffee98480bc70e191aaef1\",\"name\":\"Ri\u010di\",\"sameAs\":[\"https:\/\/x.com\/rbrejsa\"],\"url\":\"https:\/\/evertonfc.cz\/index.php\/author\/rici\/\"}]}<\/script>\n<!-- \/ Yoast SEO plugin. -->","yoast_head_json":{"title":"Sunderland - Everton 2:2 - Official Czech &amp; Slovak Everton Supporters&#039; Club","robots":{"index":"index","follow":"follow","max-snippet":"max-snippet:-1","max-image-preview":"max-image-preview:large","max-video-preview":"max-video-preview:-1"},"canonical":"https:\/\/evertonfc.cz\/index.php\/2010\/11\/22\/sunderland-everton-22\/","og_locale":"cs_CZ","og_type":"article","og_title":"Sunderland - Everton 2:2 - Official Czech &amp; Slovak Everton Supporters&#039; Club","og_description":"V nervydr\u00e1saj\u00edc\u00edm st\u0159etnut\u00ed mohl zv\u00edt\u011bzit jak Sunderland, tak Everton. Body si ale nakonec oba t\u00fdmy na Stadium of Light zaslou\u017een\u011b&hellip;","og_url":"https:\/\/evertonfc.cz\/index.php\/2010\/11\/22\/sunderland-everton-22\/","og_site_name":"Official Czech &amp; Slovak Everton Supporters&#039; Club","article_publisher":"https:\/\/www.facebook.com\/everton.fans.cz.sk","article_published_time":"2010-11-22T08:52:46+00:00","article_modified_time":"2019-02-11T16:43:41+00:00","og_image":[{"width":720,"height":405,"url":"https:\/\/evertonfc.cz\/wp-content\/uploads\/2019\/01\/report.jpg","type":"image\/jpeg"}],"author":"Ri\u010di","twitter_card":"summary_large_image","twitter_creator":"@rbrejsa","twitter_misc":{"Napsal(a)":"Ri\u010di","Odhadovan\u00e1 doba \u010dten\u00ed":"3 minuty"},"schema":{"@context":"https:\/\/schema.org","@graph":[{"@type":"Article","@id":"https:\/\/evertonfc.cz\/index.php\/2010\/11\/22\/sunderland-everton-22\/#article","isPartOf":{"@id":"https:\/\/evertonfc.cz\/index.php\/2010\/11\/22\/sunderland-everton-22\/"},"author":{"name":"Ri\u010di","@id":"https:\/\/evertonfc.cz\/#\/schema\/person\/f7a5daedb2ffee98480bc70e191aaef1"},"headline":"Sunderland &#8211; Everton 2:2","datePublished":"2010-11-22T08:52:46+00:00","dateModified":"2019-02-11T16:43:41+00:00","mainEntityOfPage":{"@id":"https:\/\/evertonfc.cz\/index.php\/2010\/11\/22\/sunderland-everton-22\/"},"wordCount":590,"commentCount":0,"publisher":{"@id":"https:\/\/evertonfc.cz\/#organization"},"image":{"@id":"https:\/\/evertonfc.cz\/index.php\/2010\/11\/22\/sunderland-everton-22\/#primaryimage"},"thumbnailUrl":"https:\/\/evertonfc.cz\/wp-content\/uploads\/2019\/01\/report.jpg","articleSection":["Z\u00e1pasy"],"inLanguage":"cs","potentialAction":[{"@type":"CommentAction","name":"Comment","target":["https:\/\/evertonfc.cz\/index.php\/2010\/11\/22\/sunderland-everton-22\/#respond"]}]},{"@type":"WebPage","@id":"https:\/\/evertonfc.cz\/index.php\/2010\/11\/22\/sunderland-everton-22\/","url":"https:\/\/evertonfc.cz\/index.php\/2010\/11\/22\/sunderland-everton-22\/","name":"Sunderland - Everton 2:2 - Official Czech &amp; Slovak Everton Supporters&#039; Club","isPartOf":{"@id":"https:\/\/evertonfc.cz\/#website"},"primaryImageOfPage":{"@id":"https:\/\/evertonfc.cz\/index.php\/2010\/11\/22\/sunderland-everton-22\/#primaryimage"},"image":{"@id":"https:\/\/evertonfc.cz\/index.php\/2010\/11\/22\/sunderland-everton-22\/#primaryimage"},"thumbnailUrl":"https:\/\/evertonfc.cz\/wp-content\/uploads\/2019\/01\/report.jpg","datePublished":"2010-11-22T08:52:46+00:00","dateModified":"2019-02-11T16:43:41+00:00","breadcrumb":{"@id":"https:\/\/evertonfc.cz\/index.php\/2010\/11\/22\/sunderland-everton-22\/#breadcrumb"},"inLanguage":"cs","potentialAction":[{"@type":"ReadAction","target":["https:\/\/evertonfc.cz\/index.php\/2010\/11\/22\/sunderland-everton-22\/"]}]},{"@type":"ImageObject","inLanguage":"cs","@id":"https:\/\/evertonfc.cz\/index.php\/2010\/11\/22\/sunderland-everton-22\/#primaryimage","url":"https:\/\/evertonfc.cz\/wp-content\/uploads\/2019\/01\/report.jpg","contentUrl":"https:\/\/evertonfc.cz\/wp-content\/uploads\/2019\/01\/report.jpg","width":720,"height":405},{"@type":"BreadcrumbList","@id":"https:\/\/evertonfc.cz\/index.php\/2010\/11\/22\/sunderland-everton-22\/#breadcrumb","itemListElement":[{"@type":"ListItem","position":1,"name":"Home","item":"https:\/\/evertonfc.cz\/"},{"@type":"ListItem","position":2,"name":"Sunderland &#8211; Everton 2:2"}]},{"@type":"WebSite","@id":"https:\/\/evertonfc.cz\/#website","url":"https:\/\/evertonfc.cz\/","name":"Official Czech &amp; Slovak Everton Supporters&#039; Club","description":"","publisher":{"@id":"https:\/\/evertonfc.cz\/#organization"},"potentialAction":[{"@type":"SearchAction","target":{"@type":"EntryPoint","urlTemplate":"https:\/\/evertonfc.cz\/?s={search_term_string}"},"query-input":{"@type":"PropertyValueSpecification","valueRequired":true,"valueName":"search_term_string"}}],"inLanguage":"cs"},{"@type":"Organization","@id":"https:\/\/evertonfc.cz\/#organization","name":"Official Czech & Slovak Everton Supporters' Club","url":"https:\/\/evertonfc.cz\/","logo":{"@type":"ImageObject","inLanguage":"cs","@id":"https:\/\/evertonfc.cz\/#\/schema\/logo\/image\/","url":"https:\/\/evertonfc.cz\/wp-content\/uploads\/2019\/05\/logo.png","contentUrl":"https:\/\/evertonfc.cz\/wp-content\/uploads\/2019\/05\/logo.png","width":112,"height":112,"caption":"Official Czech & Slovak Everton Supporters' Club"},"image":{"@id":"https:\/\/evertonfc.cz\/#\/schema\/logo\/image\/"},"sameAs":["https:\/\/www.facebook.com\/everton.fans.cz.sk"]},{"@type":"Person","@id":"https:\/\/evertonfc.cz\/#\/schema\/person\/f7a5daedb2ffee98480bc70e191aaef1","name":"Ri\u010di","sameAs":["https:\/\/x.com\/rbrejsa"],"url":"https:\/\/evertonfc.cz\/index.php\/author\/rici\/"}]}},"_links":{"self":[{"href":"https:\/\/evertonfc.cz\/index.php\/wp-json\/wp\/v2\/posts\/3362"}],"collection":[{"href":"https:\/\/evertonfc.cz\/index.php\/wp-json\/wp\/v2\/posts"}],"about":[{"href":"https:\/\/evertonfc.cz\/index.php\/wp-json\/wp\/v2\/types\/post"}],"author":[{"embeddable":true,"href":"https:\/\/evertonfc.cz\/index.php\/wp-json\/wp\/v2\/users\/6"}],"replies":[{"embeddable":true,"href":"https:\/\/evertonfc.cz\/index.php\/wp-json\/wp\/v2\/comments?post=3362"}],"version-history":[{"count":3,"href":"https:\/\/evertonfc.cz\/index.php\/wp-json\/wp\/v2\/posts\/3362\/revisions"}],"predecessor-version":[{"id":3434,"href":"https:\/\/evertonfc.cz\/index.php\/wp-json\/wp\/v2\/posts\/3362\/revisions\/3434"}],"wp:featuredmedia":[{"embeddable":true,"href":"https:\/\/evertonfc.cz\/index.php\/wp-json\/wp\/v2\/media\/1315"}],"wp:attachment":[{"href":"https:\/\/evertonfc.cz\/index.php\/wp-json\/wp\/v2\/media?parent=3362"}],"wp:term":[{"taxonomy":"category","embeddable":true,"href":"https:\/\/evertonfc.cz\/index.php\/wp-json\/wp\/v2\/categories?post=3362"},{"taxonomy":"post_tag","embeddable":true,"href":"https:\/\/evertonfc.cz\/index.php\/wp-json\/wp\/v2\/tags?post=3362"}],"curies":[{"name":"wp","href":"https:\/\/api.w.org\/{rel}","templated":true}]}}