{"id":3368,"date":"2010-11-25T10:05:50","date_gmt":"2010-11-25T09:05:50","guid":{"rendered":"http:\/\/evertonfc.cz\/?p=3368"},"modified":"2020-09-23T20:23:55","modified_gmt":"2020-09-23T18:23:55","slug":"preview-everton-west-bromwich-albion-3","status":"publish","type":"post","link":"https:\/\/evertonfc.cz\/index.php\/2010\/11\/25\/preview-everton-west-bromwich-albion-3\/","title":{"rendered":"Preview: Everton &#8211; West Bromwich Albion"},"content":{"rendered":"<h4>Vr\u00e1tit se na v\u00edt\u011bznou vlnu, to je hlavn\u00ed c\u00edl Evertonu ve 14. kole Premier League. Na Goodison p\u0159ijede West Brom, co\u017e by nem\u011bla b\u00fdt \u017e\u00e1dn\u00e1 v\u011bt\u0161\u00ed komplikace v honb\u011b za k\u00fd\u017een\u00fdmi t\u0159emi body.<\/h4>\n<p><strong>Everton &#8211; West Brom<br \/>\n<\/strong>Goodison Park<br \/>\n14. kolo Premier League<br \/>\n27.11.2010 16:00<\/p>\n<p>Ani jeden t\u00fdm se v posledn\u00edch t\u00fddnech nepotk\u00e1v\u00e1 s p\u0159\u00edli\u0161 dobrou formou. Everton zv\u00edt\u011bzil naposledy p\u011bt kol zp\u00e1tky, kdy\u017e doma porazil Stoke City. V posledn\u00edch \u010dty\u0159ech z\u00e1pasech si p\u0159ipsal jen t\u0159i body za stejn\u00fd po\u010det rem\u00edz, duel proti Arsenalu skon\u010dil prohrou. Ani forma na Goodison Parku nen\u00ed v leto\u0161n\u00ed sez\u00f3n\u011b zrovna fenomen\u00e1ln\u00ed, z 21 mo\u017en\u00fdch bod\u016f sv\u011b\u0159enci Davida Moyese z\u00edskali jen dev\u011bt bod\u016f. Suma sum\u00e1rum Toffees po 14. kole okupuj\u00ed \u010dtrn\u00e1ctou p\u0159\u00ed\u010dku se 16 body (3 v\u00fdhry, 7 rem\u00edz, 4 prohry).<\/p>\n<p>West Bromwich Albion vstoupil do Premier League jako nov\u00e1\u010dek velmi slu\u0161n\u011b, jeden \u010das dokonce d\u011blal slu\u0161n\u00fd v\u00edtr v horn\u00ed polovin\u011b tabulky. Jen\u017ee stejn\u011b jako Everton se v listopadu nepotk\u00e1v\u00e1 s formou. V lize West Brom nevyhr\u00e1l u\u017e p\u011bt z\u00e1pas\u016f, p\u0159i\u010dem\u017e za tuto dobu z\u00edskal pouze jeden bod za rem\u00edzu s posledn\u00edm West Hamem. Ze sedmi venkovn\u00edch utk\u00e1n\u00edch m\u00e1 W.B.A. p\u011bt bod\u016f, vyhr\u00e1l v\u0161ak na p\u016fd\u011b Arsenalu a z Old Traffordu si odvezl bod. V tabulce Baggies zauj\u00edmaj\u00ed 16. pozice, bod\u016f maj\u00ed ale stejn\u011b jako Everton (16). Jejich bilance \u010d\u00edt\u00e1 4 v\u00fdhry, 4 rem\u00edzy, 6 proher.<\/p>\n<h4><strong>Vz\u00e1jemn\u00e9 statistiky<\/strong><\/h4>\n<p>Everton nad West Bromem vyhr\u00e1l celkem 61x, zat\u00edmco klub z The Hawthorns zv\u00edt\u011bzil v 55 vz\u00e1jemn\u00fdch z\u00e1pasech, 34 duel\u016f skon\u010dilo nerozhodn\u011b.<\/p>\n<p>V historii Premier League Toffees nikdy na dom\u00e1c\u00edm h\u0159i\u0161ti sv\u00e9mu sobotn\u00edmu soupe\u0159i nepodlehli, v posledn\u00edch \u010dty\u0159ech st\u0159etnut\u00edch na Goodison Parku dom\u00e1c\u00ed vyhr\u00e1li t\u0159ikr\u00e1t a jednou remizovali. V\u016fbec posledn\u00ed v\u00fdhra West Bromu na Goodisonu se datuje na rok 1979.<\/p>\n<h4><strong>Stru\u010dn\u00e1 historie WBA<\/strong><\/h4>\n<p>Klub byl zalo\u017een v toto\u017en\u00e9m roce jako Everton, tedy 1878, jako West Bromwich Strollers. Roku 1881, ji\u017e pod n\u00e1zvem West Bromwich Albion, se p\u0159ipojil k m\u00edstn\u00ed fotbalov\u00e9 asociaci a hned o p\u00e1r let pozd\u011bji slavil zisk sv\u00e9 prvn\u00ed trofeje &#8211; Staffordshirsk\u00e9ho poh\u00e1ru. Roku 1883 Baggies vstoupili do Fotbalov\u00e9 asociace a o dva roky pozd\u011bji se stali profesion\u00e1ln\u00edm t\u00fdmem. V letech 1886 a 1887 se Albion probojoval do fin\u00e1le FA Cupu, ov\u0161em v obou p\u0159\u00edpadech prohr\u00e1l, a to s Blackburnem respektive se sousedn\u00ed Aston Villou. Na t\u0159et\u00ed pokus u\u017e v\u0161ak ve fin\u00e1le usp\u011bl. Roku 1888 pat\u0159il West Brom k z\u00e1kladaj\u00edc\u00edm \u010dlen\u016fm Football League.<\/p>\n<p>Po \u0161patn\u00fdch sezon\u00e1ch, kdy klub putoval mezi prvn\u00ed a druhou ligou, mohl Albion slavit prvoligov\u00fd \u00fasp\u011bch a\u017e v roce 1920, kdy poprv\u00e9 a z\u00e1rove\u0148 naposledy vyhr\u00e1l ligov\u00fd titul. Ov\u0161em ani pot\u00e9 se neda\u0159ilo dr\u017eet se mezi elitou, a tak se West Bromwich st\u00e1le pohyboval mezi prvn\u00ed a druhou ligou. Reputaci si napravil na konci sezony 1930\/31, kdy ve fin\u00e1le FA Cupu porazil rivaly z Birminghamu City.<\/p>\n<p>Po druh\u00e9 sv\u011btov\u00e9 v\u00e1lce, v sezon\u011b 1953\/54 byl West Brom bl\u00edzko k tomu, aby se stal prvn\u00edm klubem 20. stolet\u00ed, kter\u00fd ve stejn\u00e9 sezon\u011b z\u00edsk\u00e1 FA Cup a ligov\u00fd titul, tedy tzv. double. Poh\u00e1r nakonec na The Hawthorns dorazil, nicm\u00e9n\u011b v lize se Baggies museli spokojit s druh\u00fdm m\u00edstem za Wolverhamptonem.<\/p>\n<p>WBA postupn\u011b za\u010dal budoval velmi siln\u00fd t\u00fdm, kter\u00fd slavil \u00fasp\u011bchy na dom\u00e1c\u00ed p\u016fd\u011b i v Evrop\u011b. V roce 1968 z\u00edskal dal\u0161\u00ed trofej pro v\u00edt\u011bze FA Cupu, kdy\u017e ve fin\u00e1lov\u00e9m z\u00e1pase v prodlou\u017een\u00ed porazil Everton. O rok pozd\u011bji \u0159\u00e1dil i v PVP, kde se probojoval a\u017e do semifin\u00e1le.<\/p>\n<p>Za\u010d\u00e1tkem 70. let se vr\u00e1til znovu na dr\u00e1hu nest\u00e1l\u00e9ho t\u00fdmu a znovu sestoupil. O t\u0159i roky pozd\u011bji se ale do nejvy\u0161\u0161\u00ed sout\u011b\u017ei vr\u00e1til a v n\u00e1sleduj\u00edc\u00edch letech bojoval o p\u0159edn\u00ed um\u00edst\u011bn\u00ed. Trofej sice nez\u00edskal, nicm\u00e9n\u011b v FA Cupu i v UEFA Cupu nebyl od trofeje daleko. Nejhor\u0161\u00ed obdob\u00ed klubov\u00e9 historie av\u0161ak klepalo na dve\u0159e.<\/p>\n<p>Na konci sez\u00f3ny 1985\/86 se Throstles propadli a\u017e do Third Division a \u010dekal dlouh\u00fdch \u0161estn\u00e1ct let, ne\u017e se z bl\u00e1ta op\u011bt vyhrabal na v\u00fdslun\u00ed. Zat\u00edmco roku 1992 byla zalo\u017eena Premier League, Albion se st\u00e1le ut\u00e1p\u011bl ve t\u0159et\u00ed lize, ov\u0161em o rok pozd\u011bji dokr\u00e1\u010del do fin\u00e1le play off, kde porazil Port Vale 3:0 a postoupil do druh\u00e9 nejvy\u0161\u0161\u00ed ligy nebo-li First Division. A\u017e v roce 2002 se ov\u0161em na\u0161el mana\u017eer, kter\u00fd Albion dovedl do Premier League, a to Gary Megson. Ov\u0161em ani on \u010di jeho dal\u0161\u00ed n\u00e1slednovn\u00edci jako Bryan Robson \u010di Tony Mowbray nedok\u00e1zali Baggies udr\u017eet v nejvy\u0161\u0161\u00ed anglick\u00e9 sout\u011b\u017ei dlouhodob\u011b.\u00a0 Poda\u0159\u00ed se to kone\u010dn\u011b Robertu di Matteovi?<\/p>\n<h4><strong>Na koho d\u00e1vat pozor<\/strong><\/h4>\n<p>Yossouf Mulumbu p\u0159i\u0161el na The Hawthorns v roce 2009 jen za 175 000 liber, p\u0159esto se u\u017e sta\u010dil vypracovat v d\u016fle\u017eit\u00e9ho mu\u017ee sestavy di Mattea. Kon\u017esk\u00fd rod\u00e1k p\u0159inesl z\u00e1loze West Bromu s\u00edlu, kterou t\u00fdm postr\u00e1dal. Mulumbu tak odv\u00e1d\u00ed nezbytnou \u010dernou pr\u00e1ci, d\u00edky tomu tak mohou jeho spoluhr\u00e1\u010di Chris Brunt, James Morrison \u010di Graham Dorrans vydatn\u011b podporovat ofenzivu. I p\u0159esto av\u0161ak Mulumbu sta\u010dil vst\u0159elit u\u017e dv\u011b branky.<\/p>\n<p>Peter Odomwingie je v West Bromu teprve od l\u00e9ta, kdy\u017e byl koupen z Lokomotivu Moskva. Ji\u017e ve sv\u00e9m prvn\u00edm z\u00e1pase Nigerijec rozhodl brankou o v\u00fdh\u0159e nad Sunderlandem, a hned se tak stal mil\u00e1\u010dkem fanou\u0161k\u016f. V dobr\u00fdm v\u00fdkonech Odomwingie ale pokra\u010doval i v dal\u0161\u00edch z\u00e1pasech, g\u00f3lov\u011b se prosadil t\u0159eba p\u0159i v\u00fdh\u0159e nad Arsenalem a Birminghamem City.<\/p>\n<h4><strong>Absence<\/strong><\/h4>\n<p>Victor Anichebe odehr\u00e1l v \u00fater\u00fd poprv\u00e9 po dlouh\u00e9m zran\u011bn\u00ed kolene 90 minut, v derby rezerv proti Liverpoolu se jedn\u00edm p\u0159esn\u00fdm z\u00e1sahem zaslou\u017eil o rem\u00edzu 1:1. Proto ho nominace v sobotu nejsp\u00ed\u0161e nemine. Leon Osman po\u0159\u00e1d marod\u00ed s kotn\u00edkem a Marouane Fellaini m\u00e1 disciplin\u00e1rn\u00ed trest za vylou\u010den\u00ed proti Boltonu.<\/p>\n<p>Na druh\u00e9 stran\u011b bude pravd\u011bpodobn\u011b chyb\u011bt d\u016fle\u017eit\u00e1 dvojice Chris Brunt a Jonas Olsson, start Jamese Morrisona tak\u00e9 nen\u00ed jist\u00fd. Hr\u00e1t nebude ani Roman Bedn\u00e1\u0159, \u010desk\u00fd reprezentant ode\u0161el tento t\u00fdden na m\u011bs\u00ed\u010dn\u00ed hostov\u00e1n\u00ed do Leicesteru.<\/p>\n","protected":false},"excerpt":{"rendered":"<p>Vr\u00e1tit se na v\u00edt\u011bznou vlnu, to je hlavn\u00ed c\u00edl Evertonu ve 14. kole Premier League. Na Goodison p\u0159ijede West Brom,&hellip;<\/p>\n","protected":false},"author":6,"featured_media":12056,"comment_status":"open","ping_status":"closed","sticky":false,"template":"","format":"standard","meta":{"_eb_attr":"","_monsterinsights_skip_tracking":false,"_monsterinsights_sitenote_active":false,"_monsterinsights_sitenote_note":"","_monsterinsights_sitenote_category":0,"footnotes":""},"categories":[4],"tags":[],"yoast_head":"<!-- This site is optimized with the Yoast SEO plugin v23.4 - https:\/\/yoast.com\/wordpress\/plugins\/seo\/ -->\n<title>Preview: Everton - West Bromwich Albion - Official Czech &amp; Slovak Everton Supporters&#039; Club<\/title>\n<meta name=\"robots\" content=\"index, follow, max-snippet:-1, max-image-preview:large, max-video-preview:-1\" \/>\n<link rel=\"canonical\" href=\"https:\/\/evertonfc.cz\/index.php\/2010\/11\/25\/preview-everton-west-bromwich-albion-3\/\" \/>\n<meta property=\"og:locale\" content=\"cs_CZ\" \/>\n<meta property=\"og:type\" content=\"article\" \/>\n<meta property=\"og:title\" content=\"Preview: Everton - West Bromwich Albion - Official Czech &amp; Slovak Everton Supporters&#039; Club\" \/>\n<meta property=\"og:description\" content=\"Vr\u00e1tit se na v\u00edt\u011bznou vlnu, to je hlavn\u00ed c\u00edl Evertonu ve 14. kole Premier League. Na Goodison p\u0159ijede West Brom,&hellip;\" \/>\n<meta property=\"og:url\" content=\"https:\/\/evertonfc.cz\/index.php\/2010\/11\/25\/preview-everton-west-bromwich-albion-3\/\" \/>\n<meta property=\"og:site_name\" content=\"Official Czech &amp; Slovak Everton Supporters&#039; Club\" \/>\n<meta property=\"article:publisher\" content=\"https:\/\/www.facebook.com\/everton.fans.cz.sk\" \/>\n<meta property=\"article:published_time\" content=\"2010-11-25T09:05:50+00:00\" \/>\n<meta property=\"article:modified_time\" content=\"2020-09-23T18:23:55+00:00\" \/>\n<meta property=\"og:image\" content=\"https:\/\/evertonfc.cz\/wp-content\/uploads\/2020\/09\/Everton-West-Bromwich-18-9-2020.jpg\" \/>\n\t<meta property=\"og:image:width\" content=\"720\" \/>\n\t<meta property=\"og:image:height\" content=\"405\" \/>\n\t<meta property=\"og:image:type\" content=\"image\/jpeg\" \/>\n<meta name=\"author\" content=\"Ri\u010di\" \/>\n<meta name=\"twitter:card\" content=\"summary_large_image\" \/>\n<meta name=\"twitter:creator\" content=\"@rbrejsa\" \/>\n<meta name=\"twitter:label1\" content=\"Napsal(a)\" \/>\n\t<meta name=\"twitter:data1\" content=\"Ri\u010di\" \/>\n\t<meta name=\"twitter:label2\" content=\"Odhadovan\u00e1 doba \u010dten\u00ed\" \/>\n\t<meta name=\"twitter:data2\" content=\"6 minut\" \/>\n<script type=\"application\/ld+json\" class=\"yoast-schema-graph\">{\"@context\":\"https:\/\/schema.org\",\"@graph\":[{\"@type\":\"Article\",\"@id\":\"https:\/\/evertonfc.cz\/index.php\/2010\/11\/25\/preview-everton-west-bromwich-albion-3\/#article\",\"isPartOf\":{\"@id\":\"https:\/\/evertonfc.cz\/index.php\/2010\/11\/25\/preview-everton-west-bromwich-albion-3\/\"},\"author\":{\"name\":\"Ri\u010di\",\"@id\":\"https:\/\/evertonfc.cz\/#\/schema\/person\/f7a5daedb2ffee98480bc70e191aaef1\"},\"headline\":\"Preview: Everton &#8211; West Bromwich Albion\",\"datePublished\":\"2010-11-25T09:05:50+00:00\",\"dateModified\":\"2020-09-23T18:23:55+00:00\",\"mainEntityOfPage\":{\"@id\":\"https:\/\/evertonfc.cz\/index.php\/2010\/11\/25\/preview-everton-west-bromwich-albion-3\/\"},\"wordCount\":1154,\"commentCount\":0,\"publisher\":{\"@id\":\"https:\/\/evertonfc.cz\/#organization\"},\"image\":{\"@id\":\"https:\/\/evertonfc.cz\/index.php\/2010\/11\/25\/preview-everton-west-bromwich-albion-3\/#primaryimage\"},\"thumbnailUrl\":\"https:\/\/evertonfc.cz\/wp-content\/uploads\/2020\/09\/Everton-West-Bromwich-18-9-2020.jpg\",\"articleSection\":[\"Z\u00e1pasy\"],\"inLanguage\":\"cs\",\"potentialAction\":[{\"@type\":\"CommentAction\",\"name\":\"Comment\",\"target\":[\"https:\/\/evertonfc.cz\/index.php\/2010\/11\/25\/preview-everton-west-bromwich-albion-3\/#respond\"]}]},{\"@type\":\"WebPage\",\"@id\":\"https:\/\/evertonfc.cz\/index.php\/2010\/11\/25\/preview-everton-west-bromwich-albion-3\/\",\"url\":\"https:\/\/evertonfc.cz\/index.php\/2010\/11\/25\/preview-everton-west-bromwich-albion-3\/\",\"name\":\"Preview: Everton - West Bromwich Albion - Official Czech &amp; Slovak Everton Supporters&#039; Club\",\"isPartOf\":{\"@id\":\"https:\/\/evertonfc.cz\/#website\"},\"primaryImageOfPage\":{\"@id\":\"https:\/\/evertonfc.cz\/index.php\/2010\/11\/25\/preview-everton-west-bromwich-albion-3\/#primaryimage\"},\"image\":{\"@id\":\"https:\/\/evertonfc.cz\/index.php\/2010\/11\/25\/preview-everton-west-bromwich-albion-3\/#primaryimage\"},\"thumbnailUrl\":\"https:\/\/evertonfc.cz\/wp-content\/uploads\/2020\/09\/Everton-West-Bromwich-18-9-2020.jpg\",\"datePublished\":\"2010-11-25T09:05:50+00:00\",\"dateModified\":\"2020-09-23T18:23:55+00:00\",\"breadcrumb\":{\"@id\":\"https:\/\/evertonfc.cz\/index.php\/2010\/11\/25\/preview-everton-west-bromwich-albion-3\/#breadcrumb\"},\"inLanguage\":\"cs\",\"potentialAction\":[{\"@type\":\"ReadAction\",\"target\":[\"https:\/\/evertonfc.cz\/index.php\/2010\/11\/25\/preview-everton-west-bromwich-albion-3\/\"]}]},{\"@type\":\"ImageObject\",\"inLanguage\":\"cs\",\"@id\":\"https:\/\/evertonfc.cz\/index.php\/2010\/11\/25\/preview-everton-west-bromwich-albion-3\/#primaryimage\",\"url\":\"https:\/\/evertonfc.cz\/wp-content\/uploads\/2020\/09\/Everton-West-Bromwich-18-9-2020.jpg\",\"contentUrl\":\"https:\/\/evertonfc.cz\/wp-content\/uploads\/2020\/09\/Everton-West-Bromwich-18-9-2020.jpg\",\"width\":720,\"height\":405},{\"@type\":\"BreadcrumbList\",\"@id\":\"https:\/\/evertonfc.cz\/index.php\/2010\/11\/25\/preview-everton-west-bromwich-albion-3\/#breadcrumb\",\"itemListElement\":[{\"@type\":\"ListItem\",\"position\":1,\"name\":\"Home\",\"item\":\"https:\/\/evertonfc.cz\/\"},{\"@type\":\"ListItem\",\"position\":2,\"name\":\"Preview: Everton &#8211; West Bromwich Albion\"}]},{\"@type\":\"WebSite\",\"@id\":\"https:\/\/evertonfc.cz\/#website\",\"url\":\"https:\/\/evertonfc.cz\/\",\"name\":\"Official Czech &amp; Slovak Everton Supporters&#039; Club\",\"description\":\"\",\"publisher\":{\"@id\":\"https:\/\/evertonfc.cz\/#organization\"},\"potentialAction\":[{\"@type\":\"SearchAction\",\"target\":{\"@type\":\"EntryPoint\",\"urlTemplate\":\"https:\/\/evertonfc.cz\/?s={search_term_string}\"},\"query-input\":{\"@type\":\"PropertyValueSpecification\",\"valueRequired\":true,\"valueName\":\"search_term_string\"}}],\"inLanguage\":\"cs\"},{\"@type\":\"Organization\",\"@id\":\"https:\/\/evertonfc.cz\/#organization\",\"name\":\"Official Czech & Slovak Everton Supporters' Club\",\"url\":\"https:\/\/evertonfc.cz\/\",\"logo\":{\"@type\":\"ImageObject\",\"inLanguage\":\"cs\",\"@id\":\"https:\/\/evertonfc.cz\/#\/schema\/logo\/image\/\",\"url\":\"https:\/\/evertonfc.cz\/wp-content\/uploads\/2019\/05\/logo.png\",\"contentUrl\":\"https:\/\/evertonfc.cz\/wp-content\/uploads\/2019\/05\/logo.png\",\"width\":112,\"height\":112,\"caption\":\"Official Czech & Slovak Everton Supporters' Club\"},\"image\":{\"@id\":\"https:\/\/evertonfc.cz\/#\/schema\/logo\/image\/\"},\"sameAs\":[\"https:\/\/www.facebook.com\/everton.fans.cz.sk\"]},{\"@type\":\"Person\",\"@id\":\"https:\/\/evertonfc.cz\/#\/schema\/person\/f7a5daedb2ffee98480bc70e191aaef1\",\"name\":\"Ri\u010di\",\"sameAs\":[\"https:\/\/x.com\/rbrejsa\"],\"url\":\"https:\/\/evertonfc.cz\/index.php\/author\/rici\/\"}]}<\/script>\n<!-- \/ Yoast SEO plugin. -->","yoast_head_json":{"title":"Preview: Everton - West Bromwich Albion - Official Czech &amp; Slovak Everton Supporters&#039; Club","robots":{"index":"index","follow":"follow","max-snippet":"max-snippet:-1","max-image-preview":"max-image-preview:large","max-video-preview":"max-video-preview:-1"},"canonical":"https:\/\/evertonfc.cz\/index.php\/2010\/11\/25\/preview-everton-west-bromwich-albion-3\/","og_locale":"cs_CZ","og_type":"article","og_title":"Preview: Everton - West Bromwich Albion - Official Czech &amp; Slovak Everton Supporters&#039; Club","og_description":"Vr\u00e1tit se na v\u00edt\u011bznou vlnu, to je hlavn\u00ed c\u00edl Evertonu ve 14. kole Premier League. Na Goodison p\u0159ijede West Brom,&hellip;","og_url":"https:\/\/evertonfc.cz\/index.php\/2010\/11\/25\/preview-everton-west-bromwich-albion-3\/","og_site_name":"Official Czech &amp; Slovak Everton Supporters&#039; Club","article_publisher":"https:\/\/www.facebook.com\/everton.fans.cz.sk","article_published_time":"2010-11-25T09:05:50+00:00","article_modified_time":"2020-09-23T18:23:55+00:00","og_image":[{"width":720,"height":405,"url":"https:\/\/evertonfc.cz\/wp-content\/uploads\/2020\/09\/Everton-West-Bromwich-18-9-2020.jpg","type":"image\/jpeg"}],"author":"Ri\u010di","twitter_card":"summary_large_image","twitter_creator":"@rbrejsa","twitter_misc":{"Napsal(a)":"Ri\u010di","Odhadovan\u00e1 doba \u010dten\u00ed":"6 minut"},"schema":{"@context":"https:\/\/schema.org","@graph":[{"@type":"Article","@id":"https:\/\/evertonfc.cz\/index.php\/2010\/11\/25\/preview-everton-west-bromwich-albion-3\/#article","isPartOf":{"@id":"https:\/\/evertonfc.cz\/index.php\/2010\/11\/25\/preview-everton-west-bromwich-albion-3\/"},"author":{"name":"Ri\u010di","@id":"https:\/\/evertonfc.cz\/#\/schema\/person\/f7a5daedb2ffee98480bc70e191aaef1"},"headline":"Preview: Everton &#8211; West Bromwich Albion","datePublished":"2010-11-25T09:05:50+00:00","dateModified":"2020-09-23T18:23:55+00:00","mainEntityOfPage":{"@id":"https:\/\/evertonfc.cz\/index.php\/2010\/11\/25\/preview-everton-west-bromwich-albion-3\/"},"wordCount":1154,"commentCount":0,"publisher":{"@id":"https:\/\/evertonfc.cz\/#organization"},"image":{"@id":"https:\/\/evertonfc.cz\/index.php\/2010\/11\/25\/preview-everton-west-bromwich-albion-3\/#primaryimage"},"thumbnailUrl":"https:\/\/evertonfc.cz\/wp-content\/uploads\/2020\/09\/Everton-West-Bromwich-18-9-2020.jpg","articleSection":["Z\u00e1pasy"],"inLanguage":"cs","potentialAction":[{"@type":"CommentAction","name":"Comment","target":["https:\/\/evertonfc.cz\/index.php\/2010\/11\/25\/preview-everton-west-bromwich-albion-3\/#respond"]}]},{"@type":"WebPage","@id":"https:\/\/evertonfc.cz\/index.php\/2010\/11\/25\/preview-everton-west-bromwich-albion-3\/","url":"https:\/\/evertonfc.cz\/index.php\/2010\/11\/25\/preview-everton-west-bromwich-albion-3\/","name":"Preview: Everton - West Bromwich Albion - Official Czech &amp; Slovak Everton Supporters&#039; Club","isPartOf":{"@id":"https:\/\/evertonfc.cz\/#website"},"primaryImageOfPage":{"@id":"https:\/\/evertonfc.cz\/index.php\/2010\/11\/25\/preview-everton-west-bromwich-albion-3\/#primaryimage"},"image":{"@id":"https:\/\/evertonfc.cz\/index.php\/2010\/11\/25\/preview-everton-west-bromwich-albion-3\/#primaryimage"},"thumbnailUrl":"https:\/\/evertonfc.cz\/wp-content\/uploads\/2020\/09\/Everton-West-Bromwich-18-9-2020.jpg","datePublished":"2010-11-25T09:05:50+00:00","dateModified":"2020-09-23T18:23:55+00:00","breadcrumb":{"@id":"https:\/\/evertonfc.cz\/index.php\/2010\/11\/25\/preview-everton-west-bromwich-albion-3\/#breadcrumb"},"inLanguage":"cs","potentialAction":[{"@type":"ReadAction","target":["https:\/\/evertonfc.cz\/index.php\/2010\/11\/25\/preview-everton-west-bromwich-albion-3\/"]}]},{"@type":"ImageObject","inLanguage":"cs","@id":"https:\/\/evertonfc.cz\/index.php\/2010\/11\/25\/preview-everton-west-bromwich-albion-3\/#primaryimage","url":"https:\/\/evertonfc.cz\/wp-content\/uploads\/2020\/09\/Everton-West-Bromwich-18-9-2020.jpg","contentUrl":"https:\/\/evertonfc.cz\/wp-content\/uploads\/2020\/09\/Everton-West-Bromwich-18-9-2020.jpg","width":720,"height":405},{"@type":"BreadcrumbList","@id":"https:\/\/evertonfc.cz\/index.php\/2010\/11\/25\/preview-everton-west-bromwich-albion-3\/#breadcrumb","itemListElement":[{"@type":"ListItem","position":1,"name":"Home","item":"https:\/\/evertonfc.cz\/"},{"@type":"ListItem","position":2,"name":"Preview: Everton &#8211; West Bromwich Albion"}]},{"@type":"WebSite","@id":"https:\/\/evertonfc.cz\/#website","url":"https:\/\/evertonfc.cz\/","name":"Official Czech &amp; Slovak Everton Supporters&#039; Club","description":"","publisher":{"@id":"https:\/\/evertonfc.cz\/#organization"},"potentialAction":[{"@type":"SearchAction","target":{"@type":"EntryPoint","urlTemplate":"https:\/\/evertonfc.cz\/?s={search_term_string}"},"query-input":{"@type":"PropertyValueSpecification","valueRequired":true,"valueName":"search_term_string"}}],"inLanguage":"cs"},{"@type":"Organization","@id":"https:\/\/evertonfc.cz\/#organization","name":"Official Czech & Slovak Everton Supporters' Club","url":"https:\/\/evertonfc.cz\/","logo":{"@type":"ImageObject","inLanguage":"cs","@id":"https:\/\/evertonfc.cz\/#\/schema\/logo\/image\/","url":"https:\/\/evertonfc.cz\/wp-content\/uploads\/2019\/05\/logo.png","contentUrl":"https:\/\/evertonfc.cz\/wp-content\/uploads\/2019\/05\/logo.png","width":112,"height":112,"caption":"Official Czech & Slovak Everton Supporters' Club"},"image":{"@id":"https:\/\/evertonfc.cz\/#\/schema\/logo\/image\/"},"sameAs":["https:\/\/www.facebook.com\/everton.fans.cz.sk"]},{"@type":"Person","@id":"https:\/\/evertonfc.cz\/#\/schema\/person\/f7a5daedb2ffee98480bc70e191aaef1","name":"Ri\u010di","sameAs":["https:\/\/x.com\/rbrejsa"],"url":"https:\/\/evertonfc.cz\/index.php\/author\/rici\/"}]}},"_links":{"self":[{"href":"https:\/\/evertonfc.cz\/index.php\/wp-json\/wp\/v2\/posts\/3368"}],"collection":[{"href":"https:\/\/evertonfc.cz\/index.php\/wp-json\/wp\/v2\/posts"}],"about":[{"href":"https:\/\/evertonfc.cz\/index.php\/wp-json\/wp\/v2\/types\/post"}],"author":[{"embeddable":true,"href":"https:\/\/evertonfc.cz\/index.php\/wp-json\/wp\/v2\/users\/6"}],"replies":[{"embeddable":true,"href":"https:\/\/evertonfc.cz\/index.php\/wp-json\/wp\/v2\/comments?post=3368"}],"version-history":[{"count":2,"href":"https:\/\/evertonfc.cz\/index.php\/wp-json\/wp\/v2\/posts\/3368\/revisions"}],"predecessor-version":[{"id":3428,"href":"https:\/\/evertonfc.cz\/index.php\/wp-json\/wp\/v2\/posts\/3368\/revisions\/3428"}],"wp:featuredmedia":[{"embeddable":true,"href":"https:\/\/evertonfc.cz\/index.php\/wp-json\/wp\/v2\/media\/12056"}],"wp:attachment":[{"href":"https:\/\/evertonfc.cz\/index.php\/wp-json\/wp\/v2\/media?parent=3368"}],"wp:term":[{"taxonomy":"category","embeddable":true,"href":"https:\/\/evertonfc.cz\/index.php\/wp-json\/wp\/v2\/categories?post=3368"},{"taxonomy":"post_tag","embeddable":true,"href":"https:\/\/evertonfc.cz\/index.php\/wp-json\/wp\/v2\/tags?post=3368"}],"curies":[{"name":"wp","href":"https:\/\/api.w.org\/{rel}","templated":true}]}}