{"id":3372,"date":"2010-11-28T10:11:20","date_gmt":"2010-11-28T09:11:20","guid":{"rendered":"http:\/\/evertonfc.cz\/?p=3372"},"modified":"2019-02-11T10:12:47","modified_gmt":"2019-02-11T09:12:47","slug":"v-fa-cupu-proti-scunthorpe","status":"publish","type":"post","link":"https:\/\/evertonfc.cz\/index.php\/2010\/11\/28\/v-fa-cupu-proti-scunthorpe\/","title":{"rendered":"V FA Cupu proti Scunthorpe"},"content":{"rendered":"<h4>Everton za\u010d\u00e1tkem p\u0159\u00ed\u0161t\u00edho roku vstoup\u00ed v leto\u0161n\u00ed sez\u00f3n\u011b do sv\u00e9 t\u0159et\u00ed a posledn\u00ed sout\u011b\u017ee, do FA Cupu. Los mu ve 3. kole p\u0159isoudil jako soupe\u0159e Scunthorpe United.<\/h4>\n<p>Jestli\u017ee m\u011bli Toffees p\u0159ed sez\u00f3nou ambice na trofej, FA Cup se zd\u00e1 jako posledn\u00ed mo\u017enost. Z Ligov\u00e9ho poh\u00e1ru sv\u011b\u0159enci Davida Moyese vypadli u\u017e ve t\u0159et\u00edm kole a ambice na ligov\u00fd titul na Goodison Parku je\u0161t\u011b n\u011bjak\u00fd ten rok nebudou.<\/p>\n<p>Scunthorpe United bojuje o body v Championshipu, a i kdy\u017e moment\u00e1ln\u011b okupuje a\u017e 21. p\u0159\u00ed\u010dku, Everton rozhodn\u011b lehk\u00e1 pr\u00e1ce ne\u010dek\u00e1. Stadion Glanford Park bude toti\u017e pravd\u011bpodobn\u011b vyprodan\u00fd, a i p\u0159esto\u017ee m\u00e1 kapacitu jen n\u011bco m\u00e1lo p\u0159es dev\u011bt tis\u00edc div\u00e1k\u016f, dom\u00e1c\u00ed p\u0159\u00edznivci ur\u010dit\u011b sv\u016fj t\u00fdm vyhecuj\u00ed ke stoprocentn\u00edmu v\u00fdkonu a vytvo\u0159\u00ed pat\u0159i\u010dnou atmosf\u00e9ru FA Cupu.<\/p>\n<p>Doposud se ob\u011b mu\u017estva v historii st\u0159etla jen dvakr\u00e1t, v roce 1997 postoupil EFC p\u0159es Irons v Ligov\u00e9m poh\u00e1ru hran\u00e9m na dva z\u00e1pasy s celkov\u00fdm sk\u00f3rem 6:0. Na Glanford Parku se d\u00edky tref\u011b Garetha Farellyho radoval z huben\u00e9 v\u00fdhry 1:0.<\/p>\n<p>V lo\u0148sk\u00e9m roce Everton vypadl z FA Cupu u\u017e ve \u010dtvrt\u00e9m kole, kdy\u017e doma prohr\u00e1l s Birminghamem 1:2. O rok d\u0159\u00edve Blues dokr\u00e1\u010deli a\u017e do fin\u00e1le, kde podlehli Chelsea.<\/p>\n<h4><strong>Los 3. kola FA Cupu<\/strong><\/h4>\n<p>Torquay &#8211; Carlisle<br \/>\nNorwich &#8211; Droylsden\/Leyton Orient<br \/>\nPreston &#8211; Nottingham Forest<br \/>\nTottenham &#8211; Charlton\/Luton<br \/>\nStoke &#8211; Cardiff<br \/>\nHull &#8211; Wigan<br \/>\nMan United &#8211; Liverpool<br \/>\nScunthorpe &#8211; Everton<br \/>\nSunderland &#8211; Notts County\/Bournemouth<br \/>\nChelsea &#8211; Ipswich<br \/>\nWatford &#8211; Hartlepool\/Yeovil<br \/>\nSouthampton &#8211; Blackpool<br \/>\nMillwall &#8211; Birmingham<br \/>\nBurton &#8211; Middlesbrough<br \/>\nStevenage &#8211; Newcastle<br \/>\nWycombe &#8211; Hereford\/Lincoln<br \/>\nSwansea &#8211; Colchester<br \/>\nBlackburn &#8211; QPR<br \/>\nBolton &#8211; York<br \/>\nLeicester &#8211; Man City<br \/>\nSheff Utd &#8211; Aston Villa<br \/>\nArsenal &#8211; Leeds<br \/>\nReading &#8211; West Brom<br \/>\nWest Ham &#8211; Barnsley<br \/>\nCrawley\/Swindon &#8211; Derby<br \/>\nHuddersfield &#8211; Dover<br \/>\nBrighton\/FC United of Manchester &#8211; Portsmouth<br \/>\nDoncaster &#8211; Wolves<br \/>\nFulham &#8211; Peterborough<br \/>\nBristol City &#8211; Sheff Wed<br \/>\nCoventry &#8211; Crystal Palace<br \/>\nBurnley &#8211; Port Vale<\/p>\n","protected":false},"excerpt":{"rendered":"<p>Everton za\u010d\u00e1tkem p\u0159\u00ed\u0161t\u00edho roku vstoup\u00ed v leto\u0161n\u00ed sez\u00f3n\u011b do sv\u00e9 t\u0159et\u00ed a posledn\u00ed sout\u011b\u017ee, do FA Cupu. Los mu ve&hellip;<\/p>\n","protected":false},"author":6,"featured_media":1313,"comment_status":"open","ping_status":"closed","sticky":false,"template":"","format":"standard","meta":{"_eb_attr":"","_monsterinsights_skip_tracking":false,"_monsterinsights_sitenote_active":false,"_monsterinsights_sitenote_note":"","_monsterinsights_sitenote_category":0,"footnotes":""},"categories":[42],"tags":[],"yoast_head":"<!-- This site is optimized with the Yoast SEO plugin v23.4 - https:\/\/yoast.com\/wordpress\/plugins\/seo\/ -->\n<title>V FA Cupu proti Scunthorpe - Official Czech &amp; Slovak Everton Supporters&#039; Club<\/title>\n<meta name=\"robots\" content=\"index, follow, max-snippet:-1, max-image-preview:large, max-video-preview:-1\" \/>\n<link rel=\"canonical\" href=\"https:\/\/evertonfc.cz\/index.php\/2010\/11\/28\/v-fa-cupu-proti-scunthorpe\/\" \/>\n<meta property=\"og:locale\" content=\"cs_CZ\" \/>\n<meta property=\"og:type\" content=\"article\" \/>\n<meta property=\"og:title\" content=\"V FA Cupu proti Scunthorpe - Official Czech &amp; Slovak Everton Supporters&#039; Club\" \/>\n<meta property=\"og:description\" content=\"Everton za\u010d\u00e1tkem p\u0159\u00ed\u0161t\u00edho roku vstoup\u00ed v leto\u0161n\u00ed sez\u00f3n\u011b do sv\u00e9 t\u0159et\u00ed a posledn\u00ed sout\u011b\u017ee, do FA Cupu. Los mu ve&hellip;\" \/>\n<meta property=\"og:url\" content=\"https:\/\/evertonfc.cz\/index.php\/2010\/11\/28\/v-fa-cupu-proti-scunthorpe\/\" \/>\n<meta property=\"og:site_name\" content=\"Official Czech &amp; Slovak Everton Supporters&#039; Club\" \/>\n<meta property=\"article:publisher\" content=\"https:\/\/www.facebook.com\/everton.fans.cz.sk\" \/>\n<meta property=\"article:published_time\" content=\"2010-11-28T09:11:20+00:00\" \/>\n<meta property=\"article:modified_time\" content=\"2019-02-11T09:12:47+00:00\" \/>\n<meta property=\"og:image\" content=\"https:\/\/evertonfc.cz\/wp-content\/uploads\/2019\/01\/news.jpg\" \/>\n\t<meta property=\"og:image:width\" content=\"720\" \/>\n\t<meta property=\"og:image:height\" content=\"405\" \/>\n\t<meta property=\"og:image:type\" content=\"image\/jpeg\" \/>\n<meta name=\"author\" content=\"Ri\u010di\" \/>\n<meta name=\"twitter:card\" content=\"summary_large_image\" \/>\n<meta name=\"twitter:creator\" content=\"@rbrejsa\" \/>\n<meta name=\"twitter:label1\" content=\"Napsal(a)\" \/>\n\t<meta name=\"twitter:data1\" content=\"Ri\u010di\" \/>\n\t<meta name=\"twitter:label2\" content=\"Odhadovan\u00e1 doba \u010dten\u00ed\" \/>\n\t<meta name=\"twitter:data2\" content=\"2 minuty\" \/>\n<script type=\"application\/ld+json\" class=\"yoast-schema-graph\">{\"@context\":\"https:\/\/schema.org\",\"@graph\":[{\"@type\":\"Article\",\"@id\":\"https:\/\/evertonfc.cz\/index.php\/2010\/11\/28\/v-fa-cupu-proti-scunthorpe\/#article\",\"isPartOf\":{\"@id\":\"https:\/\/evertonfc.cz\/index.php\/2010\/11\/28\/v-fa-cupu-proti-scunthorpe\/\"},\"author\":{\"name\":\"Ri\u010di\",\"@id\":\"https:\/\/evertonfc.cz\/#\/schema\/person\/f7a5daedb2ffee98480bc70e191aaef1\"},\"headline\":\"V FA Cupu proti Scunthorpe\",\"datePublished\":\"2010-11-28T09:11:20+00:00\",\"dateModified\":\"2019-02-11T09:12:47+00:00\",\"mainEntityOfPage\":{\"@id\":\"https:\/\/evertonfc.cz\/index.php\/2010\/11\/28\/v-fa-cupu-proti-scunthorpe\/\"},\"wordCount\":374,\"commentCount\":0,\"publisher\":{\"@id\":\"https:\/\/evertonfc.cz\/#organization\"},\"image\":{\"@id\":\"https:\/\/evertonfc.cz\/index.php\/2010\/11\/28\/v-fa-cupu-proti-scunthorpe\/#primaryimage\"},\"thumbnailUrl\":\"https:\/\/evertonfc.cz\/wp-content\/uploads\/2019\/01\/news.jpg\",\"articleSection\":[\"Aktuality\"],\"inLanguage\":\"cs\",\"potentialAction\":[{\"@type\":\"CommentAction\",\"name\":\"Comment\",\"target\":[\"https:\/\/evertonfc.cz\/index.php\/2010\/11\/28\/v-fa-cupu-proti-scunthorpe\/#respond\"]}]},{\"@type\":\"WebPage\",\"@id\":\"https:\/\/evertonfc.cz\/index.php\/2010\/11\/28\/v-fa-cupu-proti-scunthorpe\/\",\"url\":\"https:\/\/evertonfc.cz\/index.php\/2010\/11\/28\/v-fa-cupu-proti-scunthorpe\/\",\"name\":\"V FA Cupu proti Scunthorpe - Official Czech &amp; Slovak Everton Supporters&#039; Club\",\"isPartOf\":{\"@id\":\"https:\/\/evertonfc.cz\/#website\"},\"primaryImageOfPage\":{\"@id\":\"https:\/\/evertonfc.cz\/index.php\/2010\/11\/28\/v-fa-cupu-proti-scunthorpe\/#primaryimage\"},\"image\":{\"@id\":\"https:\/\/evertonfc.cz\/index.php\/2010\/11\/28\/v-fa-cupu-proti-scunthorpe\/#primaryimage\"},\"thumbnailUrl\":\"https:\/\/evertonfc.cz\/wp-content\/uploads\/2019\/01\/news.jpg\",\"datePublished\":\"2010-11-28T09:11:20+00:00\",\"dateModified\":\"2019-02-11T09:12:47+00:00\",\"breadcrumb\":{\"@id\":\"https:\/\/evertonfc.cz\/index.php\/2010\/11\/28\/v-fa-cupu-proti-scunthorpe\/#breadcrumb\"},\"inLanguage\":\"cs\",\"potentialAction\":[{\"@type\":\"ReadAction\",\"target\":[\"https:\/\/evertonfc.cz\/index.php\/2010\/11\/28\/v-fa-cupu-proti-scunthorpe\/\"]}]},{\"@type\":\"ImageObject\",\"inLanguage\":\"cs\",\"@id\":\"https:\/\/evertonfc.cz\/index.php\/2010\/11\/28\/v-fa-cupu-proti-scunthorpe\/#primaryimage\",\"url\":\"https:\/\/evertonfc.cz\/wp-content\/uploads\/2019\/01\/news.jpg\",\"contentUrl\":\"https:\/\/evertonfc.cz\/wp-content\/uploads\/2019\/01\/news.jpg\",\"width\":720,\"height\":405},{\"@type\":\"BreadcrumbList\",\"@id\":\"https:\/\/evertonfc.cz\/index.php\/2010\/11\/28\/v-fa-cupu-proti-scunthorpe\/#breadcrumb\",\"itemListElement\":[{\"@type\":\"ListItem\",\"position\":1,\"name\":\"Home\",\"item\":\"https:\/\/evertonfc.cz\/\"},{\"@type\":\"ListItem\",\"position\":2,\"name\":\"V FA Cupu proti Scunthorpe\"}]},{\"@type\":\"WebSite\",\"@id\":\"https:\/\/evertonfc.cz\/#website\",\"url\":\"https:\/\/evertonfc.cz\/\",\"name\":\"Official Czech &amp; Slovak Everton Supporters&#039; Club\",\"description\":\"\",\"publisher\":{\"@id\":\"https:\/\/evertonfc.cz\/#organization\"},\"potentialAction\":[{\"@type\":\"SearchAction\",\"target\":{\"@type\":\"EntryPoint\",\"urlTemplate\":\"https:\/\/evertonfc.cz\/?s={search_term_string}\"},\"query-input\":{\"@type\":\"PropertyValueSpecification\",\"valueRequired\":true,\"valueName\":\"search_term_string\"}}],\"inLanguage\":\"cs\"},{\"@type\":\"Organization\",\"@id\":\"https:\/\/evertonfc.cz\/#organization\",\"name\":\"Official Czech & Slovak Everton Supporters' Club\",\"url\":\"https:\/\/evertonfc.cz\/\",\"logo\":{\"@type\":\"ImageObject\",\"inLanguage\":\"cs\",\"@id\":\"https:\/\/evertonfc.cz\/#\/schema\/logo\/image\/\",\"url\":\"https:\/\/evertonfc.cz\/wp-content\/uploads\/2019\/05\/logo.png\",\"contentUrl\":\"https:\/\/evertonfc.cz\/wp-content\/uploads\/2019\/05\/logo.png\",\"width\":112,\"height\":112,\"caption\":\"Official Czech & Slovak Everton Supporters' Club\"},\"image\":{\"@id\":\"https:\/\/evertonfc.cz\/#\/schema\/logo\/image\/\"},\"sameAs\":[\"https:\/\/www.facebook.com\/everton.fans.cz.sk\"]},{\"@type\":\"Person\",\"@id\":\"https:\/\/evertonfc.cz\/#\/schema\/person\/f7a5daedb2ffee98480bc70e191aaef1\",\"name\":\"Ri\u010di\",\"sameAs\":[\"https:\/\/x.com\/rbrejsa\"],\"url\":\"https:\/\/evertonfc.cz\/index.php\/author\/rici\/\"}]}<\/script>\n<!-- \/ Yoast SEO plugin. -->","yoast_head_json":{"title":"V FA Cupu proti Scunthorpe - Official Czech &amp; Slovak Everton Supporters&#039; Club","robots":{"index":"index","follow":"follow","max-snippet":"max-snippet:-1","max-image-preview":"max-image-preview:large","max-video-preview":"max-video-preview:-1"},"canonical":"https:\/\/evertonfc.cz\/index.php\/2010\/11\/28\/v-fa-cupu-proti-scunthorpe\/","og_locale":"cs_CZ","og_type":"article","og_title":"V FA Cupu proti Scunthorpe - Official Czech &amp; Slovak Everton Supporters&#039; Club","og_description":"Everton za\u010d\u00e1tkem p\u0159\u00ed\u0161t\u00edho roku vstoup\u00ed v leto\u0161n\u00ed sez\u00f3n\u011b do sv\u00e9 t\u0159et\u00ed a posledn\u00ed sout\u011b\u017ee, do FA Cupu. Los mu ve&hellip;","og_url":"https:\/\/evertonfc.cz\/index.php\/2010\/11\/28\/v-fa-cupu-proti-scunthorpe\/","og_site_name":"Official Czech &amp; Slovak Everton Supporters&#039; Club","article_publisher":"https:\/\/www.facebook.com\/everton.fans.cz.sk","article_published_time":"2010-11-28T09:11:20+00:00","article_modified_time":"2019-02-11T09:12:47+00:00","og_image":[{"width":720,"height":405,"url":"https:\/\/evertonfc.cz\/wp-content\/uploads\/2019\/01\/news.jpg","type":"image\/jpeg"}],"author":"Ri\u010di","twitter_card":"summary_large_image","twitter_creator":"@rbrejsa","twitter_misc":{"Napsal(a)":"Ri\u010di","Odhadovan\u00e1 doba \u010dten\u00ed":"2 minuty"},"schema":{"@context":"https:\/\/schema.org","@graph":[{"@type":"Article","@id":"https:\/\/evertonfc.cz\/index.php\/2010\/11\/28\/v-fa-cupu-proti-scunthorpe\/#article","isPartOf":{"@id":"https:\/\/evertonfc.cz\/index.php\/2010\/11\/28\/v-fa-cupu-proti-scunthorpe\/"},"author":{"name":"Ri\u010di","@id":"https:\/\/evertonfc.cz\/#\/schema\/person\/f7a5daedb2ffee98480bc70e191aaef1"},"headline":"V FA Cupu proti Scunthorpe","datePublished":"2010-11-28T09:11:20+00:00","dateModified":"2019-02-11T09:12:47+00:00","mainEntityOfPage":{"@id":"https:\/\/evertonfc.cz\/index.php\/2010\/11\/28\/v-fa-cupu-proti-scunthorpe\/"},"wordCount":374,"commentCount":0,"publisher":{"@id":"https:\/\/evertonfc.cz\/#organization"},"image":{"@id":"https:\/\/evertonfc.cz\/index.php\/2010\/11\/28\/v-fa-cupu-proti-scunthorpe\/#primaryimage"},"thumbnailUrl":"https:\/\/evertonfc.cz\/wp-content\/uploads\/2019\/01\/news.jpg","articleSection":["Aktuality"],"inLanguage":"cs","potentialAction":[{"@type":"CommentAction","name":"Comment","target":["https:\/\/evertonfc.cz\/index.php\/2010\/11\/28\/v-fa-cupu-proti-scunthorpe\/#respond"]}]},{"@type":"WebPage","@id":"https:\/\/evertonfc.cz\/index.php\/2010\/11\/28\/v-fa-cupu-proti-scunthorpe\/","url":"https:\/\/evertonfc.cz\/index.php\/2010\/11\/28\/v-fa-cupu-proti-scunthorpe\/","name":"V FA Cupu proti Scunthorpe - Official Czech &amp; Slovak Everton Supporters&#039; Club","isPartOf":{"@id":"https:\/\/evertonfc.cz\/#website"},"primaryImageOfPage":{"@id":"https:\/\/evertonfc.cz\/index.php\/2010\/11\/28\/v-fa-cupu-proti-scunthorpe\/#primaryimage"},"image":{"@id":"https:\/\/evertonfc.cz\/index.php\/2010\/11\/28\/v-fa-cupu-proti-scunthorpe\/#primaryimage"},"thumbnailUrl":"https:\/\/evertonfc.cz\/wp-content\/uploads\/2019\/01\/news.jpg","datePublished":"2010-11-28T09:11:20+00:00","dateModified":"2019-02-11T09:12:47+00:00","breadcrumb":{"@id":"https:\/\/evertonfc.cz\/index.php\/2010\/11\/28\/v-fa-cupu-proti-scunthorpe\/#breadcrumb"},"inLanguage":"cs","potentialAction":[{"@type":"ReadAction","target":["https:\/\/evertonfc.cz\/index.php\/2010\/11\/28\/v-fa-cupu-proti-scunthorpe\/"]}]},{"@type":"ImageObject","inLanguage":"cs","@id":"https:\/\/evertonfc.cz\/index.php\/2010\/11\/28\/v-fa-cupu-proti-scunthorpe\/#primaryimage","url":"https:\/\/evertonfc.cz\/wp-content\/uploads\/2019\/01\/news.jpg","contentUrl":"https:\/\/evertonfc.cz\/wp-content\/uploads\/2019\/01\/news.jpg","width":720,"height":405},{"@type":"BreadcrumbList","@id":"https:\/\/evertonfc.cz\/index.php\/2010\/11\/28\/v-fa-cupu-proti-scunthorpe\/#breadcrumb","itemListElement":[{"@type":"ListItem","position":1,"name":"Home","item":"https:\/\/evertonfc.cz\/"},{"@type":"ListItem","position":2,"name":"V FA Cupu proti Scunthorpe"}]},{"@type":"WebSite","@id":"https:\/\/evertonfc.cz\/#website","url":"https:\/\/evertonfc.cz\/","name":"Official Czech &amp; Slovak Everton Supporters&#039; Club","description":"","publisher":{"@id":"https:\/\/evertonfc.cz\/#organization"},"potentialAction":[{"@type":"SearchAction","target":{"@type":"EntryPoint","urlTemplate":"https:\/\/evertonfc.cz\/?s={search_term_string}"},"query-input":{"@type":"PropertyValueSpecification","valueRequired":true,"valueName":"search_term_string"}}],"inLanguage":"cs"},{"@type":"Organization","@id":"https:\/\/evertonfc.cz\/#organization","name":"Official Czech & Slovak Everton Supporters' Club","url":"https:\/\/evertonfc.cz\/","logo":{"@type":"ImageObject","inLanguage":"cs","@id":"https:\/\/evertonfc.cz\/#\/schema\/logo\/image\/","url":"https:\/\/evertonfc.cz\/wp-content\/uploads\/2019\/05\/logo.png","contentUrl":"https:\/\/evertonfc.cz\/wp-content\/uploads\/2019\/05\/logo.png","width":112,"height":112,"caption":"Official Czech & Slovak Everton Supporters' Club"},"image":{"@id":"https:\/\/evertonfc.cz\/#\/schema\/logo\/image\/"},"sameAs":["https:\/\/www.facebook.com\/everton.fans.cz.sk"]},{"@type":"Person","@id":"https:\/\/evertonfc.cz\/#\/schema\/person\/f7a5daedb2ffee98480bc70e191aaef1","name":"Ri\u010di","sameAs":["https:\/\/x.com\/rbrejsa"],"url":"https:\/\/evertonfc.cz\/index.php\/author\/rici\/"}]}},"_links":{"self":[{"href":"https:\/\/evertonfc.cz\/index.php\/wp-json\/wp\/v2\/posts\/3372"}],"collection":[{"href":"https:\/\/evertonfc.cz\/index.php\/wp-json\/wp\/v2\/posts"}],"about":[{"href":"https:\/\/evertonfc.cz\/index.php\/wp-json\/wp\/v2\/types\/post"}],"author":[{"embeddable":true,"href":"https:\/\/evertonfc.cz\/index.php\/wp-json\/wp\/v2\/users\/6"}],"replies":[{"embeddable":true,"href":"https:\/\/evertonfc.cz\/index.php\/wp-json\/wp\/v2\/comments?post=3372"}],"version-history":[{"count":1,"href":"https:\/\/evertonfc.cz\/index.php\/wp-json\/wp\/v2\/posts\/3372\/revisions"}],"predecessor-version":[{"id":3373,"href":"https:\/\/evertonfc.cz\/index.php\/wp-json\/wp\/v2\/posts\/3372\/revisions\/3373"}],"wp:featuredmedia":[{"embeddable":true,"href":"https:\/\/evertonfc.cz\/index.php\/wp-json\/wp\/v2\/media\/1313"}],"wp:attachment":[{"href":"https:\/\/evertonfc.cz\/index.php\/wp-json\/wp\/v2\/media?parent=3372"}],"wp:term":[{"taxonomy":"category","embeddable":true,"href":"https:\/\/evertonfc.cz\/index.php\/wp-json\/wp\/v2\/categories?post=3372"},{"taxonomy":"post_tag","embeddable":true,"href":"https:\/\/evertonfc.cz\/index.php\/wp-json\/wp\/v2\/tags?post=3372"}],"curies":[{"name":"wp","href":"https:\/\/api.w.org\/{rel}","templated":true}]}}