{"id":3382,"date":"2010-12-03T10:31:51","date_gmt":"2010-12-03T09:31:51","guid":{"rendered":"http:\/\/evertonfc.cz\/?p=3382"},"modified":"2019-02-11T10:32:54","modified_gmt":"2019-02-11T09:32:54","slug":"fans-interview-chelsea","status":"publish","type":"post","link":"https:\/\/evertonfc.cz\/index.php\/2010\/12\/03\/fans-interview-chelsea\/","title":{"rendered":"Fans interview: Chelsea"},"content":{"rendered":"<h4>Na ot\u00e1zky sm\u011b\u0159uj\u00edc\u00ed na jednoho z nejv\u00e1\u017en\u011bj\u0161\u00edch aspirant\u016f na zisk titulu v Premier League odpov\u00eddal Usty, redaktor \u010deskoslovensk\u00fdch neofici\u00e1ln\u00edch str\u00e1nek chelsea-fc.cz.<\/h4>\n<p><strong>Chelsea vstoupila do sez\u00f3ny skv\u011ble, brzy se ujala veden\u00ed Premier League, ov\u0161em posledn\u00ed t\u00fddny za\u010dala klop\u00fdtat. \u010c\u00edm si to vysv\u011btluje\u0161?<\/strong><\/p>\n<p>Leckdo shazuje na\u0161i hern\u00ed i v\u00fdsledkovou krizi na absenci Franka Lamparda, jen\u017ee ten je mimo od konce srpna a i bez n\u011bj jsme bez probl\u00e9m\u016f vyhr\u00e1vali. Nechci v\u0161ak tvrdit, \u017ee to vliv nem\u011blo. Dle m\u00e9ho se se\u0161lo v\u0161echno \u0161patn\u00e9 na jednou, zranil se Terry, Alex se zranil a hr\u00e1l jen s\u00a0bolestmi (taky to podle toho posledn\u00ed dva z\u00e1pasy vypadalo), do toho nepochopiteln\u00e9 odvol\u00e1n\u00ed asistenta Wilkinse, jen\u017e m\u00e1 z\u00a0cel\u00e9ho realiza\u010dn\u00edho t\u00fdmu Chelsea nejlep\u0161\u00ed p\u0159ehled o PL. Nav\u00edc \u010dervenou kartu dostal Essien a je zn\u00e1mo, \u017ee bez n\u011bj to prost\u011b stoprocentn\u011b \u0161lapat nebude. Kdy\u017e se to v\u0161echno se\u010detlo a na h\u0159i\u0161ti se mohla objevit stopersk\u00e1 dvojice Ivanovi\u0107 \u2013 Ferreira se \u201est\u0159e\u010f\u00e1ky\u201c Ramires \u2013 Mikel \u2013 \u017dirkov, nen\u00ed ani divu, \u017ee jsme prohr\u00e1vali.<\/p>\n<p><strong>Na konci sez\u00f3ny bych byl spokojen\u00fd, kdyby Chelsea&#8230;<\/strong><\/p>\n<p>\u2026pravideln\u011b do z\u00e1kladn\u00ed sestavy nasazovala Sturridge a McEachrana. Mohla by se tak\u00e9 udr\u017eet alespo\u0148 do t\u0159et\u00edho m\u00edsta v\u00a0Premier League. Bude mi milej\u0161\u00ed tento model, ne\u017e aby v\u00a0lednu p\u0159i\u0161li hr\u00e1\u010di za des\u00edtky milion\u016f liber s\u00a0puncem hv\u011bzd. To je \u0161patn\u00e1 cesta, kter\u00e1 v\u00a0Chelsea panovala \u010dty\u0159i roky po p\u0159\u00edchodu Abramovi\u010de a na n\u00ed\u017e u\u017e se vr\u00e1tit nesm\u00edme. M\u00fdm snem je pak fin\u00e1le Ligy mistr\u016f ve Wembley s\u00a0na\u0161\u00ed \u00fa\u010dast\u00ed. \ud83d\ude42<\/p>\n<p><strong>Jak\u00fd m\u00e1\u0161 n\u00e1zor na mana\u017eera Carla Ancelottiho, s jak\u00fdmi jeho kroky souhlas\u00ed\u0161 a s jak\u00fdmi naopak ne?<\/strong><\/p>\n<p>Kone\u010dn\u011b mana\u017eer, kter\u00fd si nenech\u00e1 h\u00e1zet pe\u010den\u00fd holuby do huby a i p\u0159es drobn\u00e9 sk\u0159\u00edp\u00e1n\u00ed zub\u016f rusk\u00e9ho majitele a p\u0159edev\u0161\u00edm fanou\u0161k\u016f si nastolil svou trasu. Loni je\u0161t\u011b p\u0159inesla velk\u00fd \u00fasp\u011bch, letos u\u017e se stroj za\u010d\u00edn\u00e1 zadrh\u00e1vat. Nicm\u00e9n\u011b mi bude milej\u0161\u00ed vyrovnan\u00fd rozpo\u010det a p\u00e1d z\u00a0tr\u016fnu ne\u017e to, co jsme p\u0159edv\u00e1d\u011bli v\u00a0letech minul\u00fdch a nyn\u00ed City. Carlo m\u011b roz\u010diluje pouze na tiskovk\u00e1ch, kde neust\u00e1le opakuje, \u201ewe played really well\u201c, a\u010dkoli tomu tak mnohdy nen\u00ed. Beru, \u017ee jeho angli\u010dtina neumo\u017e\u0148uje nejr\u016fzn\u011bj\u0161\u00ed obraty a mo\u017en\u00e1 je to jen hra pro m\u00e9dia, ale kdov\u00edjak. N\u011bkdy se mi taky zd\u00e1, \u017ee nev\u00ed, co ud\u011blat s\u00a0pr\u016fb\u011bhem nepoveden\u00e9ho z\u00e1pasu. Celkov\u011b jsem ov\u0161em velmi spokojen.<\/p>\n<p><strong>Uve\u010f d\u016fvody, pro\u010d by Chelsea letos m\u011bla z\u00edskat titul v lize.<\/strong><\/p>\n<p>Hm\u2026 To je ot\u00e1zka, na ni\u017e s\u00e1m odpov\u011b\u010f nezn\u00e1m. Jin\u00fd d\u016fvod ne\u017e to, \u017ee mi to ud\u011bl\u00e1 velkou radost jen tak naj\u00edt nedok\u00e1\u017eu. \ud83d\ude42 Pokud se vr\u00e1t\u00edme na v\u00edt\u011bznou vlnu a udr\u017e\u00edme ji s\u00a0men\u0161\u00edmi v\u00fdkyvy a\u017e do kv\u011btna, mohlo by se to poda\u0159it, ale pot\u0159ebujeme k\u00a0tomu pevn\u00e9 zdrav\u00ed n\u011bkolika kl\u00ed\u010dov\u00fdch opor a rovn\u011b\u017e \u017eivotn\u00ed formu nejm\u00e9n\u011b jednoho hr\u00e1\u010de, kter\u00fd pot\u00e1hne t\u00fdm i v\u00a0z\u00e1pasech, kdy se nebude da\u0159it. B\u00fdval to Drogba a Malouda, jen\u017ee jeden je tot\u00e1ln\u011b z\u00a0formy, druh\u00fd je utopen na z\u00e1loze a z\u00a0posledn\u00edch p\u011bti z\u00e1pas\u016f jsme vyhr\u00e1li pouze doma s\u00a0Fulhamem.<\/p>\n<p><strong>Zkus jmenovat t\u0159i hr\u00e1\u010de, kte\u0159\u00ed jsou pro Chelsea aktu\u00e1ln\u011b nepostradateln\u00ed. A zd\u016fvodni pro\u010d.<\/strong><\/p>\n<p>To je pom\u011brn\u011b jednoduch\u00e9: Petr \u010cech, John Terry, Michael Essien. \u010cech proto, \u017ee je jeden z p\u011bti nejlep\u0161\u00edch brank\u00e1\u0159\u016f sv\u011bta, je jako stvo\u0159en\u00fd pro z\u00e1pasy, kdy se nic ned\u011bje a pak je t\u0159eba vyt\u00e1hnou jeden kl\u00ed\u010dov\u00fd z\u00e1krok. Nav\u00edc na lavi\u010dce u\u017e dal\u0161\u00ed brank\u00e1\u0159e v\u00a0prav\u00e9m slova smyslu nem\u00e1me. \ud83d\ude42 JT, a\u010d kvalitativn\u011b asi a\u017e druh\u00fd \u010di t\u0159et\u00ed stoper, naprosto nepostradateln\u00fd v\u00a0komunikaci s\u00a0brank\u00e1\u0159em i celou t\u00fdmovou defenz\u00edvou. Bez n\u011bj trop\u00edme nesmysln\u00e9 chyby a jistota kdysi neprostupn\u00e9 modr\u00e9 zdi je tatam.<\/p>\n<p>No a Bizon. To je kapitola sama pro sebe. Nejd\u016fle\u017eit\u011bj\u0161\u00ed postava Chelsea a podle m\u011b nejlep\u0161\u00ed hr\u00e1\u010d na sv\u011bt\u011b. Nikdo mi to nevymluv\u00ed, jeho fyzick\u00fd fond je neskute\u010dn\u00fd, na sv\u00e9m postu box \u2013 to \u2013 box absolutn\u011b nem\u00e1 konkurenci, pln\u00ed p\u0159esn\u011b to, co ta pozice nazna\u010duje. Zvl\u00e1d\u00e1 b\u00fdt neust\u00e1le pod \u00fatokem, st\u0159\u00edlet, rozehr\u00e1vat a z\u00e1rove\u0148 ve stejnou dobu b\u00fdt p\u0159ed stopery, ni\u010dit brejky soupe\u0159e, jeho \u00fatoky, vyhr\u00e1vat souboje a vyv\u00e1\u017eet m\u00ed\u010de do bezpe\u010d\u00ed. Krom\u011b brank\u00e1\u0159e by dok\u00e1zal zahr\u00e1t jakoukoli pozici a odehr\u00e1l by ji skv\u011ble, t\u00edm jsem si jist. Za Mourinha hr\u00e1l stopera, krajn\u00edho beka, st\u0159edn\u00edho z\u00e1lo\u017en\u00edka, za Scolariho defenzivn\u00edho z\u00e1lo\u017en\u00edka, za Ancelottiho i k\u0159\u00eddlo a ofenzivn\u00edho halva. V\u0161ude, kde byl si po\u010d\u00ednal precizn\u011b a p\u0159ehr\u00e1val i na\u0161e hr\u00e1\u010de, kte\u0159\u00ed byli na ten post ur\u010deni prvotn\u011b. K\u00a0zamy\u0161len\u00ed je i leto\u0161n\u00ed statistika s\u00a0n\u00edm a bez n\u011bj: 12-1-1 ku 2-1-4. O tom hr\u00e1\u010di by se z\u00a0fleku dala napsat kn\u00ed\u017eka, ale o to tady asi z\u00e1jem nen\u00ed. \ud83d\ude42<\/p>\n<p><strong>Pl\u00e1nuje Chelsea p\u0159es zimu nakupovat? Pokud ano, m\u00e1 u\u017e vyhl\u00e9dnutou n\u011bjakou posilu?<\/strong><\/p>\n<p>Zrovna dnes Ancelotti prohl\u00e1sil, \u017ee zva\u017euje koupi st\u0159edn\u00edho obr\u00e1nce. Z\u00e1le\u017e\u00ed v\u0161ak jen a pouze na zdravotn\u00edm stavu Alexe a Terryho, pokud n\u011bkdo z\u00a0nich bude m\u00edt v\u00a0lednu diagn\u00f3zu: dlouhodob\u011b zran\u011bn\u00fd, je re\u00e1ln\u00e9, \u017ee uvid\u00edme v\u00a0modr\u00e9m dresu nov\u00e9 jm\u00e9no. Jinak i podle Carlov\u00fdch d\u0159\u00edv\u011bj\u0161\u00edch prohl\u00e1\u0161en\u00ed \u017e\u00e1dn\u00fd p\u0159estup neo\u010dek\u00e1v\u00e1m.<\/p>\n<p><strong>Preferuje\u0161 rad\u011bji zisk titulu v Premier League nebo poh\u00e1r za v\u00edt\u011bzstv\u00ed v Lize mistr\u016f?<\/strong><\/p>\n<p>Loni jsem tou\u017eil po titulu Premier League, nedok\u00e1zal bych p\u0159ekousnout \u010dtvrt\u00fd triumf v\u00a0\u0159ad\u011b pro ManU. Sice o fous, ale vy\u0161lo to. Letos bych tedy prosil Ligu mistr\u016f :-). Bude to na m\u00e9m obl\u00edben\u00e9m stadionu, v\u00a0Lond\u00fdn\u011b.. kdy jindy ne\u017e letos? Ale jak jsem ji\u017e \u0159ekl v\u00fd\u0161e, v\u016fbec bych se nezlobil, kdybychom posledn\u00ed z\u00e1pas sezony odehr\u00e1li 22.kv\u011btna na zapln\u011bn\u00e9m Goodison Parku s\u00a0ji\u017e zku\u0161enostmi prot\u0159el\u00fdm Joshem McEachranem v\u00a0sestav\u011b. \ud83d\ude42<\/p>\n<p><strong>Vid\u011bl bys r\u00e1d n\u011bjak\u00e9ho hr\u00e1\u010de z Evertonu v Chelsea?<\/strong><\/p>\n<p>J\u00e1 se sv\u00fdmi sympatiemi k\u00a0Evertonu p\u0159\u00edli\u0161 netaj\u00edm, moc V\u00e1m p\u0159eji a sou\u010dasn\u00e1 situace m\u011b velmi tr\u00e1p\u00ed. Tim Cahill pat\u0159\u00ed spolu s Jagielkou do m\u00e9 obl\u00edben\u00e9 p\u011btky a m\u00edt je v\u00a0Chelsea by bylo fantastick\u00e9. Do na\u0161\u00ed koncepce by mi pasoval i Rodwell, nicm\u00e9n\u011b p\u0159\u00edchod ka\u017ed\u00e9ho z\u00a0nich by znamenal znateln\u00e9 oslaben\u00ed Toffees tud\u00ed\u017e jsem z\u00a0t\u011bchto my\u0161lenek lehce rozpa\u010dit\u00fd.<\/p>\n<p><strong>Evertonu v posledn\u00edch \u010dty\u0159ech ligov\u00fdch z\u00e1pasech na Stamford Bridge poka\u017ed\u00e9 remizoval, z jak\u00e9ho d\u016fvodu Chelsea nedok\u00e1\u017ee doma Everton por\u00e1\u017eet?<\/strong><\/p>\n<p>Everton je specifick\u00e9 mu\u017estvo, zvl\u00e1\u0161t\u011b doma dok\u00e1\u017ee porazit \u00fapln\u011b kohokoli. Chelsea se proti n\u011bmu moc neda\u0159\u00ed a up\u0159\u00edmn\u011b nev\u00edm, \u010d\u00edm to m\u016f\u017ee b\u00fdt. M\u00e1te velmi siln\u00fd k\u00e1dr a m\u011b\u0159it se m\u016f\u017eete s\u00a0jak\u00fdmkoli t\u00fdmem ligy. Probl\u00e9mem je nevyrovnanost, m\u016f\u017ee se klidn\u011b st\u00e1t, \u017ee z\u00edtra na Stamford Bridge vyhrajete a za t\u00fdden prohrajete doma s\u00a0Wiganem. Na vz\u00e1jemn\u00e9 z\u00e1pasy se v\u017edy t\u011b\u0161\u00edm a posledn\u00ed dobou odch\u00e1z\u00edm a\u017e p\u0159\u00edli\u0161 \u010dasto nespokojen\u00fd, tak snad se to z\u00edtra obr\u00e1t\u00ed.<\/p>\n<p><strong>Tip na v\u00fdsledek z\u00e1pasu?<\/strong><\/p>\n<p>Chelsea se vrac\u00ed Essien a Terry, co\u017e m\u016f\u017ee b\u00fdt faktorem, kter\u00fd rozhodne. Evertonu se proti n\u00e1m da\u0159\u00ed, nav\u00edc d\u00edky \u010derven\u00e9 kart\u011b nebude hr\u00e1t Arteta, co\u017e je p\u0159i jeho sou\u010dasn\u00e9 form\u011b pos\u00edlen\u00ed. P\u0159esto si v\u0161ak trouf\u00e1m odhadnout v\u00fdsledek 2:1, p\u0159i\u010dem\u017e g\u00f3ly d\u00e1 Essien, Drogba, kter\u00fd kone\u010dn\u011b protrhne svoji st\u0159eleckou sm\u016flu a za hosty jak jinak ne\u017e hlavou Cahill. \ud83d\ude42<\/p>\n","protected":false},"excerpt":{"rendered":"<p>Na ot\u00e1zky sm\u011b\u0159uj\u00edc\u00ed na jednoho z nejv\u00e1\u017en\u011bj\u0161\u00edch aspirant\u016f na zisk titulu v Premier League odpov\u00eddal Usty, redaktor \u010deskoslovensk\u00fdch neofici\u00e1ln\u00edch str\u00e1nek&hellip;<\/p>\n","protected":false},"author":6,"featured_media":1312,"comment_status":"open","ping_status":"closed","sticky":false,"template":"","format":"standard","meta":{"_eb_attr":"","_monsterinsights_skip_tracking":false,"_monsterinsights_sitenote_active":false,"_monsterinsights_sitenote_note":"","_monsterinsights_sitenote_category":0,"footnotes":""},"categories":[1],"tags":[],"yoast_head":"<!-- This site is optimized with the Yoast SEO plugin v23.4 - https:\/\/yoast.com\/wordpress\/plugins\/seo\/ -->\n<title>Fans interview: Chelsea - Official Czech &amp; Slovak Everton Supporters&#039; Club<\/title>\n<meta name=\"robots\" content=\"index, follow, max-snippet:-1, max-image-preview:large, max-video-preview:-1\" \/>\n<link rel=\"canonical\" href=\"https:\/\/evertonfc.cz\/index.php\/2010\/12\/03\/fans-interview-chelsea\/\" \/>\n<meta property=\"og:locale\" content=\"cs_CZ\" \/>\n<meta property=\"og:type\" content=\"article\" \/>\n<meta property=\"og:title\" content=\"Fans interview: Chelsea - Official Czech &amp; Slovak Everton Supporters&#039; Club\" \/>\n<meta property=\"og:description\" content=\"Na ot\u00e1zky sm\u011b\u0159uj\u00edc\u00ed na jednoho z nejv\u00e1\u017en\u011bj\u0161\u00edch aspirant\u016f na zisk titulu v Premier League odpov\u00eddal Usty, redaktor \u010deskoslovensk\u00fdch neofici\u00e1ln\u00edch str\u00e1nek&hellip;\" \/>\n<meta property=\"og:url\" content=\"https:\/\/evertonfc.cz\/index.php\/2010\/12\/03\/fans-interview-chelsea\/\" \/>\n<meta property=\"og:site_name\" content=\"Official Czech &amp; Slovak Everton Supporters&#039; Club\" \/>\n<meta property=\"article:publisher\" content=\"https:\/\/www.facebook.com\/everton.fans.cz.sk\" \/>\n<meta property=\"article:published_time\" content=\"2010-12-03T09:31:51+00:00\" \/>\n<meta property=\"article:modified_time\" content=\"2019-02-11T09:32:54+00:00\" \/>\n<meta property=\"og:image\" content=\"https:\/\/evertonfc.cz\/wp-content\/uploads\/2019\/01\/interview.jpg\" \/>\n\t<meta property=\"og:image:width\" content=\"720\" \/>\n\t<meta property=\"og:image:height\" content=\"405\" \/>\n\t<meta property=\"og:image:type\" content=\"image\/jpeg\" \/>\n<meta name=\"author\" content=\"Ri\u010di\" \/>\n<meta name=\"twitter:card\" content=\"summary_large_image\" \/>\n<meta name=\"twitter:creator\" content=\"@rbrejsa\" \/>\n<meta name=\"twitter:label1\" content=\"Napsal(a)\" \/>\n\t<meta name=\"twitter:data1\" content=\"Ri\u010di\" \/>\n\t<meta name=\"twitter:label2\" content=\"Odhadovan\u00e1 doba \u010dten\u00ed\" \/>\n\t<meta name=\"twitter:data2\" content=\"7 minut\" \/>\n<script type=\"application\/ld+json\" class=\"yoast-schema-graph\">{\"@context\":\"https:\/\/schema.org\",\"@graph\":[{\"@type\":\"Article\",\"@id\":\"https:\/\/evertonfc.cz\/index.php\/2010\/12\/03\/fans-interview-chelsea\/#article\",\"isPartOf\":{\"@id\":\"https:\/\/evertonfc.cz\/index.php\/2010\/12\/03\/fans-interview-chelsea\/\"},\"author\":{\"name\":\"Ri\u010di\",\"@id\":\"https:\/\/evertonfc.cz\/#\/schema\/person\/f7a5daedb2ffee98480bc70e191aaef1\"},\"headline\":\"Fans interview: Chelsea\",\"datePublished\":\"2010-12-03T09:31:51+00:00\",\"dateModified\":\"2019-02-11T09:32:54+00:00\",\"mainEntityOfPage\":{\"@id\":\"https:\/\/evertonfc.cz\/index.php\/2010\/12\/03\/fans-interview-chelsea\/\"},\"wordCount\":1458,\"commentCount\":0,\"publisher\":{\"@id\":\"https:\/\/evertonfc.cz\/#organization\"},\"image\":{\"@id\":\"https:\/\/evertonfc.cz\/index.php\/2010\/12\/03\/fans-interview-chelsea\/#primaryimage\"},\"thumbnailUrl\":\"https:\/\/evertonfc.cz\/wp-content\/uploads\/2019\/01\/interview.jpg\",\"articleSection\":[\"Rozhovory\"],\"inLanguage\":\"cs\",\"potentialAction\":[{\"@type\":\"CommentAction\",\"name\":\"Comment\",\"target\":[\"https:\/\/evertonfc.cz\/index.php\/2010\/12\/03\/fans-interview-chelsea\/#respond\"]}]},{\"@type\":\"WebPage\",\"@id\":\"https:\/\/evertonfc.cz\/index.php\/2010\/12\/03\/fans-interview-chelsea\/\",\"url\":\"https:\/\/evertonfc.cz\/index.php\/2010\/12\/03\/fans-interview-chelsea\/\",\"name\":\"Fans interview: Chelsea - Official Czech &amp; Slovak Everton Supporters&#039; Club\",\"isPartOf\":{\"@id\":\"https:\/\/evertonfc.cz\/#website\"},\"primaryImageOfPage\":{\"@id\":\"https:\/\/evertonfc.cz\/index.php\/2010\/12\/03\/fans-interview-chelsea\/#primaryimage\"},\"image\":{\"@id\":\"https:\/\/evertonfc.cz\/index.php\/2010\/12\/03\/fans-interview-chelsea\/#primaryimage\"},\"thumbnailUrl\":\"https:\/\/evertonfc.cz\/wp-content\/uploads\/2019\/01\/interview.jpg\",\"datePublished\":\"2010-12-03T09:31:51+00:00\",\"dateModified\":\"2019-02-11T09:32:54+00:00\",\"breadcrumb\":{\"@id\":\"https:\/\/evertonfc.cz\/index.php\/2010\/12\/03\/fans-interview-chelsea\/#breadcrumb\"},\"inLanguage\":\"cs\",\"potentialAction\":[{\"@type\":\"ReadAction\",\"target\":[\"https:\/\/evertonfc.cz\/index.php\/2010\/12\/03\/fans-interview-chelsea\/\"]}]},{\"@type\":\"ImageObject\",\"inLanguage\":\"cs\",\"@id\":\"https:\/\/evertonfc.cz\/index.php\/2010\/12\/03\/fans-interview-chelsea\/#primaryimage\",\"url\":\"https:\/\/evertonfc.cz\/wp-content\/uploads\/2019\/01\/interview.jpg\",\"contentUrl\":\"https:\/\/evertonfc.cz\/wp-content\/uploads\/2019\/01\/interview.jpg\",\"width\":720,\"height\":405},{\"@type\":\"BreadcrumbList\",\"@id\":\"https:\/\/evertonfc.cz\/index.php\/2010\/12\/03\/fans-interview-chelsea\/#breadcrumb\",\"itemListElement\":[{\"@type\":\"ListItem\",\"position\":1,\"name\":\"Home\",\"item\":\"https:\/\/evertonfc.cz\/\"},{\"@type\":\"ListItem\",\"position\":2,\"name\":\"Fans interview: Chelsea\"}]},{\"@type\":\"WebSite\",\"@id\":\"https:\/\/evertonfc.cz\/#website\",\"url\":\"https:\/\/evertonfc.cz\/\",\"name\":\"Official Czech &amp; Slovak Everton Supporters&#039; Club\",\"description\":\"\",\"publisher\":{\"@id\":\"https:\/\/evertonfc.cz\/#organization\"},\"potentialAction\":[{\"@type\":\"SearchAction\",\"target\":{\"@type\":\"EntryPoint\",\"urlTemplate\":\"https:\/\/evertonfc.cz\/?s={search_term_string}\"},\"query-input\":{\"@type\":\"PropertyValueSpecification\",\"valueRequired\":true,\"valueName\":\"search_term_string\"}}],\"inLanguage\":\"cs\"},{\"@type\":\"Organization\",\"@id\":\"https:\/\/evertonfc.cz\/#organization\",\"name\":\"Official Czech & Slovak Everton Supporters' Club\",\"url\":\"https:\/\/evertonfc.cz\/\",\"logo\":{\"@type\":\"ImageObject\",\"inLanguage\":\"cs\",\"@id\":\"https:\/\/evertonfc.cz\/#\/schema\/logo\/image\/\",\"url\":\"https:\/\/evertonfc.cz\/wp-content\/uploads\/2019\/05\/logo.png\",\"contentUrl\":\"https:\/\/evertonfc.cz\/wp-content\/uploads\/2019\/05\/logo.png\",\"width\":112,\"height\":112,\"caption\":\"Official Czech & Slovak Everton Supporters' Club\"},\"image\":{\"@id\":\"https:\/\/evertonfc.cz\/#\/schema\/logo\/image\/\"},\"sameAs\":[\"https:\/\/www.facebook.com\/everton.fans.cz.sk\"]},{\"@type\":\"Person\",\"@id\":\"https:\/\/evertonfc.cz\/#\/schema\/person\/f7a5daedb2ffee98480bc70e191aaef1\",\"name\":\"Ri\u010di\",\"sameAs\":[\"https:\/\/x.com\/rbrejsa\"],\"url\":\"https:\/\/evertonfc.cz\/index.php\/author\/rici\/\"}]}<\/script>\n<!-- \/ Yoast SEO plugin. -->","yoast_head_json":{"title":"Fans interview: Chelsea - Official Czech &amp; Slovak Everton Supporters&#039; Club","robots":{"index":"index","follow":"follow","max-snippet":"max-snippet:-1","max-image-preview":"max-image-preview:large","max-video-preview":"max-video-preview:-1"},"canonical":"https:\/\/evertonfc.cz\/index.php\/2010\/12\/03\/fans-interview-chelsea\/","og_locale":"cs_CZ","og_type":"article","og_title":"Fans interview: Chelsea - Official Czech &amp; Slovak Everton Supporters&#039; Club","og_description":"Na ot\u00e1zky sm\u011b\u0159uj\u00edc\u00ed na jednoho z nejv\u00e1\u017en\u011bj\u0161\u00edch aspirant\u016f na zisk titulu v Premier League odpov\u00eddal Usty, redaktor \u010deskoslovensk\u00fdch neofici\u00e1ln\u00edch str\u00e1nek&hellip;","og_url":"https:\/\/evertonfc.cz\/index.php\/2010\/12\/03\/fans-interview-chelsea\/","og_site_name":"Official Czech &amp; Slovak Everton Supporters&#039; Club","article_publisher":"https:\/\/www.facebook.com\/everton.fans.cz.sk","article_published_time":"2010-12-03T09:31:51+00:00","article_modified_time":"2019-02-11T09:32:54+00:00","og_image":[{"width":720,"height":405,"url":"https:\/\/evertonfc.cz\/wp-content\/uploads\/2019\/01\/interview.jpg","type":"image\/jpeg"}],"author":"Ri\u010di","twitter_card":"summary_large_image","twitter_creator":"@rbrejsa","twitter_misc":{"Napsal(a)":"Ri\u010di","Odhadovan\u00e1 doba \u010dten\u00ed":"7 minut"},"schema":{"@context":"https:\/\/schema.org","@graph":[{"@type":"Article","@id":"https:\/\/evertonfc.cz\/index.php\/2010\/12\/03\/fans-interview-chelsea\/#article","isPartOf":{"@id":"https:\/\/evertonfc.cz\/index.php\/2010\/12\/03\/fans-interview-chelsea\/"},"author":{"name":"Ri\u010di","@id":"https:\/\/evertonfc.cz\/#\/schema\/person\/f7a5daedb2ffee98480bc70e191aaef1"},"headline":"Fans interview: Chelsea","datePublished":"2010-12-03T09:31:51+00:00","dateModified":"2019-02-11T09:32:54+00:00","mainEntityOfPage":{"@id":"https:\/\/evertonfc.cz\/index.php\/2010\/12\/03\/fans-interview-chelsea\/"},"wordCount":1458,"commentCount":0,"publisher":{"@id":"https:\/\/evertonfc.cz\/#organization"},"image":{"@id":"https:\/\/evertonfc.cz\/index.php\/2010\/12\/03\/fans-interview-chelsea\/#primaryimage"},"thumbnailUrl":"https:\/\/evertonfc.cz\/wp-content\/uploads\/2019\/01\/interview.jpg","articleSection":["Rozhovory"],"inLanguage":"cs","potentialAction":[{"@type":"CommentAction","name":"Comment","target":["https:\/\/evertonfc.cz\/index.php\/2010\/12\/03\/fans-interview-chelsea\/#respond"]}]},{"@type":"WebPage","@id":"https:\/\/evertonfc.cz\/index.php\/2010\/12\/03\/fans-interview-chelsea\/","url":"https:\/\/evertonfc.cz\/index.php\/2010\/12\/03\/fans-interview-chelsea\/","name":"Fans interview: Chelsea - Official Czech &amp; Slovak Everton Supporters&#039; Club","isPartOf":{"@id":"https:\/\/evertonfc.cz\/#website"},"primaryImageOfPage":{"@id":"https:\/\/evertonfc.cz\/index.php\/2010\/12\/03\/fans-interview-chelsea\/#primaryimage"},"image":{"@id":"https:\/\/evertonfc.cz\/index.php\/2010\/12\/03\/fans-interview-chelsea\/#primaryimage"},"thumbnailUrl":"https:\/\/evertonfc.cz\/wp-content\/uploads\/2019\/01\/interview.jpg","datePublished":"2010-12-03T09:31:51+00:00","dateModified":"2019-02-11T09:32:54+00:00","breadcrumb":{"@id":"https:\/\/evertonfc.cz\/index.php\/2010\/12\/03\/fans-interview-chelsea\/#breadcrumb"},"inLanguage":"cs","potentialAction":[{"@type":"ReadAction","target":["https:\/\/evertonfc.cz\/index.php\/2010\/12\/03\/fans-interview-chelsea\/"]}]},{"@type":"ImageObject","inLanguage":"cs","@id":"https:\/\/evertonfc.cz\/index.php\/2010\/12\/03\/fans-interview-chelsea\/#primaryimage","url":"https:\/\/evertonfc.cz\/wp-content\/uploads\/2019\/01\/interview.jpg","contentUrl":"https:\/\/evertonfc.cz\/wp-content\/uploads\/2019\/01\/interview.jpg","width":720,"height":405},{"@type":"BreadcrumbList","@id":"https:\/\/evertonfc.cz\/index.php\/2010\/12\/03\/fans-interview-chelsea\/#breadcrumb","itemListElement":[{"@type":"ListItem","position":1,"name":"Home","item":"https:\/\/evertonfc.cz\/"},{"@type":"ListItem","position":2,"name":"Fans interview: Chelsea"}]},{"@type":"WebSite","@id":"https:\/\/evertonfc.cz\/#website","url":"https:\/\/evertonfc.cz\/","name":"Official Czech &amp; Slovak Everton Supporters&#039; Club","description":"","publisher":{"@id":"https:\/\/evertonfc.cz\/#organization"},"potentialAction":[{"@type":"SearchAction","target":{"@type":"EntryPoint","urlTemplate":"https:\/\/evertonfc.cz\/?s={search_term_string}"},"query-input":{"@type":"PropertyValueSpecification","valueRequired":true,"valueName":"search_term_string"}}],"inLanguage":"cs"},{"@type":"Organization","@id":"https:\/\/evertonfc.cz\/#organization","name":"Official Czech & Slovak Everton Supporters' Club","url":"https:\/\/evertonfc.cz\/","logo":{"@type":"ImageObject","inLanguage":"cs","@id":"https:\/\/evertonfc.cz\/#\/schema\/logo\/image\/","url":"https:\/\/evertonfc.cz\/wp-content\/uploads\/2019\/05\/logo.png","contentUrl":"https:\/\/evertonfc.cz\/wp-content\/uploads\/2019\/05\/logo.png","width":112,"height":112,"caption":"Official Czech & Slovak Everton Supporters' Club"},"image":{"@id":"https:\/\/evertonfc.cz\/#\/schema\/logo\/image\/"},"sameAs":["https:\/\/www.facebook.com\/everton.fans.cz.sk"]},{"@type":"Person","@id":"https:\/\/evertonfc.cz\/#\/schema\/person\/f7a5daedb2ffee98480bc70e191aaef1","name":"Ri\u010di","sameAs":["https:\/\/x.com\/rbrejsa"],"url":"https:\/\/evertonfc.cz\/index.php\/author\/rici\/"}]}},"_links":{"self":[{"href":"https:\/\/evertonfc.cz\/index.php\/wp-json\/wp\/v2\/posts\/3382"}],"collection":[{"href":"https:\/\/evertonfc.cz\/index.php\/wp-json\/wp\/v2\/posts"}],"about":[{"href":"https:\/\/evertonfc.cz\/index.php\/wp-json\/wp\/v2\/types\/post"}],"author":[{"embeddable":true,"href":"https:\/\/evertonfc.cz\/index.php\/wp-json\/wp\/v2\/users\/6"}],"replies":[{"embeddable":true,"href":"https:\/\/evertonfc.cz\/index.php\/wp-json\/wp\/v2\/comments?post=3382"}],"version-history":[{"count":1,"href":"https:\/\/evertonfc.cz\/index.php\/wp-json\/wp\/v2\/posts\/3382\/revisions"}],"predecessor-version":[{"id":3383,"href":"https:\/\/evertonfc.cz\/index.php\/wp-json\/wp\/v2\/posts\/3382\/revisions\/3383"}],"wp:featuredmedia":[{"embeddable":true,"href":"https:\/\/evertonfc.cz\/index.php\/wp-json\/wp\/v2\/media\/1312"}],"wp:attachment":[{"href":"https:\/\/evertonfc.cz\/index.php\/wp-json\/wp\/v2\/media?parent=3382"}],"wp:term":[{"taxonomy":"category","embeddable":true,"href":"https:\/\/evertonfc.cz\/index.php\/wp-json\/wp\/v2\/categories?post=3382"},{"taxonomy":"post_tag","embeddable":true,"href":"https:\/\/evertonfc.cz\/index.php\/wp-json\/wp\/v2\/tags?post=3382"}],"curies":[{"name":"wp","href":"https:\/\/api.w.org\/{rel}","templated":true}]}}