{"id":3391,"date":"2010-12-07T13:33:34","date_gmt":"2010-12-07T12:33:34","guid":{"rendered":"http:\/\/evertonfc.cz\/?p=3391"},"modified":"2019-02-11T18:12:19","modified_gmt":"2019-02-11T17:12:19","slug":"tvrdy-kridelnik-johnny-morrissey","status":"publish","type":"post","link":"https:\/\/evertonfc.cz\/index.php\/2010\/12\/07\/tvrdy-kridelnik-johnny-morrissey\/","title":{"rendered":"Tvrd\u00fd k\u0159\u00eddeln\u00edk Johnny Morrissey"},"content":{"rendered":"<h4>Johnny Morrissey nepat\u0159il v dob\u011b mana\u017eerov\u00e1n\u00ed Harryho Cattericka mezi hlavn\u00ed hv\u011bzdy t\u00fdmu, i p\u0159esto si v\u0161ak za svoje fotbalov\u00e9 kvality zaslou\u017e\u00ed pat\u0159i\u010dn\u00e9ho uzn\u00e1n\u00ed.<\/h4>\n<p>Alan Ball, Colin Harvey, Howard Kendall, Tommy Wright, Gordon West nebo Brian Labone jsou hlavn\u00ed hv\u011bzdy Toffees z 60. let. Jedn\u00edm dechem se k nim ale slu\u0161\u00ed dodat k\u0159\u00eddeln\u00edka Johnnyho Morrisseye.<\/p>\n<p>Jeho spoluhr\u00e1\u010d Colin Harvey prozradil o Morrisseyovi, \u017ee m\u011bl d\u00edky tvrd\u00e9mu stylu hry p\u0159ezd\u00edvku Mersey hard-man. A na tr\u00e9ninku pr\u00fd proti n\u011bmu nikdo necht\u011bl hr\u00e1t.<\/p>\n<p><em>\u201eJohny byl k\u0159\u00eddeln\u00edkem, kter\u00fd d\u011bsil obr\u00e1nce. Ur\u010dit\u011b pat\u0159\u00ed do ka\u017ed\u00e9ho seznamu tvr\u010f\u00e1k\u016f z Merseyside. D\u00edky pov\u011bstem o jeho d\u016frazu se ale zapom\u00ednalo na Johnnyho fotbalovou \u0161ikovnost. Um\u011bl skv\u011ble p\u0159ihr\u00e1vat, nevadilo mu, zda pou\u017eije pravou \u010di levou nohu. B\u011bhem ka\u017ed\u00e9ho z\u00e1pasu l\u00edtal z obrany do \u00fatoku a zp\u00e1tky. Pokud se\u010dtete v\u0161echny tyto dovednosti, vyjde v\u00e1m z toho skv\u011bl\u00fd fotbalista. Nav\u00edc Johnny byl i t\u00fdmov\u00e9m hr\u00e1\u010dem&#8230; no a liboval si v osobn\u00edch souboj\u00edch,\u201c<\/em>\u00a0se sm\u00edchem dodal Harvey.<\/p>\n<p>V \u0161edes\u00e1t\u00fdch letech byl Leeds United pova\u017eov\u00e1n za velmi tvrd\u00fd t\u00fdm, hr\u00e1\u010di jako Norman &#8222;L\u00e1ma\u010d nohou&#8220; Hunter, Billy Bremner, Johny Giles a st\u0159edn\u00ed obr\u00e1nce Jackie Charlton se byli zn\u00e1m\u00ed svoj\u00ed bezohlednost\u00ed. V \u0159\u00edjnu 1970 vystoupil Charlton v televizn\u00edm programu, v n\u011bm\u017e mluvil o sv\u00e9m seznamu fotbalist\u016f pojmenovan\u00e9m \u201cmal\u00e1 \u010dern\u00e1 kniha\u201d. Hr\u00e1\u010d\u016fm na tomto seznamu se na h\u0159i\u0161ti chystal ne\u0161etrn\u00fdmi z\u00e1kroky znep\u0159\u00edjemnit \u017eivot jako odplatu za nevy\u0159\u00edzen\u00e9 \u00fa\u010dty z\u00a0minulosti.<\/p>\n<p>Johnny Morrissey figuroval na prvn\u00edm m\u00edst\u011b tohoto seznamu.<\/p>\n<p><em>\u201eV\u011bd\u011bli jsme o takzvan\u00e9 &#8222;\u010dern\u00e9 knize&#8220;,\u201c\u00a0<\/em>pokra\u010doval s \u00fasm\u011bvem na tv\u00e1\u0159i Colin Harvey.<em>\u201eJohnny jednou velmi ost\u0159e sest\u0159elil Jackieho Charltona. P\u0159i\u0161el k n\u011bmu a cht\u011bl mu pomoct vst\u00e1t, jakmile se ale k Jackiemu sklonil, za\u0161eptal mu do ucha: Tohle si m\u016f\u017ee\u0161 zapsat do sv\u00e9 pos*an\u00e9 knihy! Johnnyho jste nemohli vystra\u0161it.\u201c<\/em><\/p>\n<p>Morrissey pro\u017e\u00edval sv\u00e9 d\u011btstv\u00ed ve 40. a 50. letech v Scotland Road v Liverpoolu, co\u017e nebylo zrovna m\u00edrumilovn\u00e9 prost\u0159ed\u00ed. Ve fotbale se p\u0159ipomn\u011bl \u0161ir\u0161\u00ed ve\u0159ejnosti u konkuren\u010dn\u00edch Reds, ov\u0161em \u010dlenov\u00e9 p\u0159edstavenstva Liverpoolu FC nedok\u00e1zali ocenit Morrisseyho talent, a tak ho s klidem v z\u00e1\u0159\u00ed roku 1962 za 10 000 liber prodali do Evertonu bez souhlasu mana\u017eera Billyho Shanklyho. Ten kdy\u017e se to dozv\u011bd\u011bl, stra\u0161n\u011b zu\u0159il. Veden\u00ed klubu dokonce bezprost\u0159edn\u011b po p\u0159estupu napsal v\u00fdhru\u017en\u00fd dopis, v n\u011bm\u017e dal jasn\u011b najevo, \u017ee pokud prob\u011bhne dal\u0161\u00ed obchod za jeho z\u00e1dy, z klubu odejde.<\/p>\n<p>Ob\u011btav\u00fd k\u0159\u00eddeln\u00edk za\u017eil na Goodison Parku v\u00fdbornou prvn\u00ed sez\u00f3nu, b\u011bhem ro\u010dn\u00edku 1962\/63 odehr\u00e1l 33 z\u00e1pas\u016f, vst\u0159elil osm branek, av\u0161ak hlavn\u011b byl sou\u010d\u00e1st\u00ed t\u00fdmu, kter\u00fd vr\u00e1til do Evertonu po 24 letech ligov\u00fd titul. Pikantn\u00ed byl i jeho debut za Evertonu, Johnny si ho odbyl v Merseyside derby, kter\u00e9 se hr\u00e1lo v lize po jeden\u00e1cti letech. Duel proti Liverpoolu skon\u010dil 2:2 a Morrissey vst\u0159elil svou prvn\u00ed trefu za EFC. Kdy\u017e v roce 1970 Toffees op\u011bt vyhr\u00e1li anglickou ligu, Johnny Morrissey chyb\u011bl pouze v jednom ligov\u00e9m utk\u00e1n\u00ed. P\u0159esto m\u00e1 jeho kari\u00e9ra v Evertonu jeden \u0161kraloup, chyb\u011bl toti\u017e p\u0159i v\u00fdh\u0159e FA Cupu v roce 1966. Alespo\u0148 trochu si spravil n\u00e1ladu o dva roky pozd\u011bji, kdy\u017e v semifin\u00e1le stejn\u00e9 sout\u011b\u017ee proti Leedsu rozhodl brankou z penalty o v\u00fdh\u0159e 1:0 a postupu do fin\u00e1le. Posledn\u00ed krok ov\u0161em Everton nezvl\u00e1dl, s West Bromem prohr\u00e1l 0:1.<\/p>\n<p><em>\u201eChyb\u011bl jsem u v\u00fdhry v FA Cupu z roku 1966, zoufale jsem cht\u011bl hr\u00e1t ve Wembley. O tom sn\u00ed ka\u017ed\u00fd fotbalista,&#8220;<\/em>\u00a0posteskl si Morrissey, n\u00e1sledn\u011b ale pokra\u010doval ve sv\u00e9m vypr\u00e1v\u011bn\u00ed o z\u00e1pase proti Leedsu z FA Cupu 1968: <em>Nikdy nezapomenu na p\u0159\u00edpravy na semifin\u00e1lov\u00fd z\u00e1pas proti Leedsu. Alan Ball byl tehdy suspendov\u00e1n, v p\u0159edve\u010der utk\u00e1n\u00ed se u Johna Hursta zjistila n\u00e1kaza \u017eloutenkou, a tak museli b\u00fdt z rezervy povol\u00e1ni Tommy Jackson a Roger Kenyon.<\/em><\/p>\n<p><em>Pokutov\u00e9 kopy tehdy zahr\u00e1val Bally, on vlastn\u011b rozehr\u00e1val i rohy a p\u0159\u00edm\u00e9 kopy, prost\u011b v\u0161echno. V posledn\u00edch f\u00e1z\u00edch tr\u00e9ninku na semifin\u00e1le v p\u00e1tek r\u00e1no se n\u00e1s mana\u017eer Harry Catterick zeptal, kdo chce proti Leedsu Alana Balla v\u00a0rozehr\u00e1v\u00e1n\u00ed nahradit.<\/em><\/p>\n<p><em>Nikdo se k tomu nem\u011bl, a proto\u017ee j\u00e1 jsem nikdy nec\u00edtil \u017e\u00e1dnou v\u011bt\u0161\u00ed nervozitu, rozhodl jsem se p\u0159ihl\u00e1sit. Je\u0161t\u011b p\u0159edt\u00edm jsem si ale rad\u011bji na tr\u00e9ninku zkusil tak 10 a\u017e 12 kop\u016f z m\u00edsta.<\/em><\/p>\n<p><em>\u201eV z\u00e1pase p\u0159i\u0161la moje chv\u00edle t\u011bsn\u011b p\u0159ed p\u0159est\u00e1vkou. Branka\u0159 Leedsu Gary Sprake se ocitl pod tlakem, jeho rozehr\u00e1vku zachytil n\u00e1\u0161 Jimmy Husband, jen\u017e poslal m\u00ed\u010d rovnou do branky, kde ho rukou vyrazil Jack Charlton, hr\u00e1\u010d soupe\u0159e. Vzpom\u00edn\u00e1m si, jak div\u00e1ci k\u0159i\u010deli, aby rozhod\u010d\u00ed p\u00edskl penaltu. Kdy\u017e davy utichly, sud\u00ed opravdu uk\u00e1zal na zna\u010dku pokutov\u00e9ho kopu. A\u017e v ten moment jsem si uv\u011bdomil, \u017ee penaltu budu kopat j\u00e1!<\/em><\/p>\n<p><em>Tommy Wright a snad dal\u0161\u00ed dva spoluhr\u00e1\u010di se ani nemohli d\u00edvat, jak si stav\u00edm m\u00ed\u010d na zna\u010dku jeden\u00e1ctky. I p\u0159es k\u0159i\u010den\u00ed fanou\u0161k\u016f jsem nec\u00edtil nervozitu, dal jsem si asi dvan\u00e1ctimetrov\u00fd rozb\u011bh a prava\u010dkou jsem poslal m\u00ed\u010d po lev\u00e9 ruce Spraka. Branka\u0159 sice vystihl sm\u011br st\u0159ely, m\u00ed\u010d se ale ot\u0159el z vnit\u0159n\u00ed strany o ty\u010dku.<\/em><\/p>\n<p><em>\u201ePot\u00e9 jsem vid\u011bl m\u00ed\u010d v\u00a0s\u00edti a zmocnil se m\u011b n\u00e1dhern\u00fd pocit. Od t\u00e9 chv\u00edle jsme nav\u00edc hr\u00e1li o hodn\u011b l\u00e9pe, mohli jsme vyhr\u00e1t daleko pohodln\u011bj\u0161\u00edm rozd\u00edlem.<\/em><\/p>\n<p><em>V ned\u011bli jsem sledoval z\u00e1znam utk\u00e1n\u00ed v televizi a a\u017e v tu chv\u00edli jsem si uv\u011bdomil, jak byla moje penalta d\u016fle\u017eit\u00e1. V duchu jsem se pochv\u00e1lil za jej\u00ed perfektn\u00ed proveden\u00ed.<\/em><\/p>\n<p><em>Kdybych tu penaltu neprom\u011bnil, n\u00e1sleduj\u00edc\u00ed sez\u00f3nu bych nejsp\u00ed\u0161e hr\u00e1l za Crewe Alexandra!\u201c<\/em><\/p>\n<p>Johnny Morrissey odehr\u00e1l za Everton celkem 314 z\u00e1pas\u016f, b\u011bhem nich\u017e vst\u0159elil solidn\u00edch 50 branek. Z Goodison Parku ode\u0161el v roce 1972, aby po jedn\u00e9 sez\u00f3n\u011b za Oldham Athletic ukon\u010dil svou fotbalovou kari\u00e9ru.<\/p>\n","protected":false},"excerpt":{"rendered":"<p>Johnny Morrissey nepat\u0159il v dob\u011b mana\u017eerov\u00e1n\u00ed Harryho Cattericka mezi hlavn\u00ed hv\u011bzdy t\u00fdmu, i p\u0159esto si v\u0161ak za svoje fotbalov\u00e9 kvality&hellip;<\/p>\n","protected":false},"author":6,"featured_media":1313,"comment_status":"open","ping_status":"closed","sticky":false,"template":"","format":"standard","meta":{"_eb_attr":"","_monsterinsights_skip_tracking":false,"_monsterinsights_sitenote_active":false,"_monsterinsights_sitenote_note":"","_monsterinsights_sitenote_category":0,"footnotes":""},"categories":[42],"tags":[],"yoast_head":"<!-- This site is optimized with the Yoast SEO plugin v23.4 - https:\/\/yoast.com\/wordpress\/plugins\/seo\/ -->\n<title>Tvrd\u00fd k\u0159\u00eddeln\u00edk Johnny Morrissey - Official Czech &amp; Slovak Everton Supporters&#039; Club<\/title>\n<meta name=\"robots\" content=\"index, follow, max-snippet:-1, max-image-preview:large, max-video-preview:-1\" \/>\n<link rel=\"canonical\" href=\"https:\/\/evertonfc.cz\/index.php\/2010\/12\/07\/tvrdy-kridelnik-johnny-morrissey\/\" \/>\n<meta property=\"og:locale\" content=\"cs_CZ\" \/>\n<meta property=\"og:type\" content=\"article\" \/>\n<meta property=\"og:title\" content=\"Tvrd\u00fd k\u0159\u00eddeln\u00edk Johnny Morrissey - Official Czech &amp; Slovak Everton Supporters&#039; Club\" \/>\n<meta property=\"og:description\" content=\"Johnny Morrissey nepat\u0159il v dob\u011b mana\u017eerov\u00e1n\u00ed Harryho Cattericka mezi hlavn\u00ed hv\u011bzdy t\u00fdmu, i p\u0159esto si v\u0161ak za svoje fotbalov\u00e9 kvality&hellip;\" \/>\n<meta property=\"og:url\" content=\"https:\/\/evertonfc.cz\/index.php\/2010\/12\/07\/tvrdy-kridelnik-johnny-morrissey\/\" \/>\n<meta property=\"og:site_name\" content=\"Official Czech &amp; Slovak Everton Supporters&#039; Club\" \/>\n<meta property=\"article:publisher\" content=\"https:\/\/www.facebook.com\/everton.fans.cz.sk\" \/>\n<meta property=\"article:published_time\" content=\"2010-12-07T12:33:34+00:00\" \/>\n<meta property=\"article:modified_time\" content=\"2019-02-11T17:12:19+00:00\" \/>\n<meta property=\"og:image\" content=\"https:\/\/evertonfc.cz\/wp-content\/uploads\/2019\/01\/news.jpg\" \/>\n\t<meta property=\"og:image:width\" content=\"720\" \/>\n\t<meta property=\"og:image:height\" content=\"405\" \/>\n\t<meta property=\"og:image:type\" content=\"image\/jpeg\" \/>\n<meta name=\"author\" content=\"Ri\u010di\" \/>\n<meta name=\"twitter:card\" content=\"summary_large_image\" \/>\n<meta name=\"twitter:creator\" content=\"@rbrejsa\" \/>\n<meta name=\"twitter:label1\" content=\"Napsal(a)\" \/>\n\t<meta name=\"twitter:data1\" content=\"Ri\u010di\" \/>\n\t<meta name=\"twitter:label2\" content=\"Odhadovan\u00e1 doba \u010dten\u00ed\" \/>\n\t<meta name=\"twitter:data2\" content=\"6 minut\" \/>\n<script type=\"application\/ld+json\" class=\"yoast-schema-graph\">{\"@context\":\"https:\/\/schema.org\",\"@graph\":[{\"@type\":\"Article\",\"@id\":\"https:\/\/evertonfc.cz\/index.php\/2010\/12\/07\/tvrdy-kridelnik-johnny-morrissey\/#article\",\"isPartOf\":{\"@id\":\"https:\/\/evertonfc.cz\/index.php\/2010\/12\/07\/tvrdy-kridelnik-johnny-morrissey\/\"},\"author\":{\"name\":\"Ri\u010di\",\"@id\":\"https:\/\/evertonfc.cz\/#\/schema\/person\/f7a5daedb2ffee98480bc70e191aaef1\"},\"headline\":\"Tvrd\u00fd k\u0159\u00eddeln\u00edk Johnny Morrissey\",\"datePublished\":\"2010-12-07T12:33:34+00:00\",\"dateModified\":\"2019-02-11T17:12:19+00:00\",\"mainEntityOfPage\":{\"@id\":\"https:\/\/evertonfc.cz\/index.php\/2010\/12\/07\/tvrdy-kridelnik-johnny-morrissey\/\"},\"wordCount\":1145,\"commentCount\":0,\"publisher\":{\"@id\":\"https:\/\/evertonfc.cz\/#organization\"},\"image\":{\"@id\":\"https:\/\/evertonfc.cz\/index.php\/2010\/12\/07\/tvrdy-kridelnik-johnny-morrissey\/#primaryimage\"},\"thumbnailUrl\":\"https:\/\/evertonfc.cz\/wp-content\/uploads\/2019\/01\/news.jpg\",\"articleSection\":[\"Aktuality\"],\"inLanguage\":\"cs\",\"potentialAction\":[{\"@type\":\"CommentAction\",\"name\":\"Comment\",\"target\":[\"https:\/\/evertonfc.cz\/index.php\/2010\/12\/07\/tvrdy-kridelnik-johnny-morrissey\/#respond\"]}]},{\"@type\":\"WebPage\",\"@id\":\"https:\/\/evertonfc.cz\/index.php\/2010\/12\/07\/tvrdy-kridelnik-johnny-morrissey\/\",\"url\":\"https:\/\/evertonfc.cz\/index.php\/2010\/12\/07\/tvrdy-kridelnik-johnny-morrissey\/\",\"name\":\"Tvrd\u00fd k\u0159\u00eddeln\u00edk Johnny Morrissey - Official Czech &amp; Slovak Everton Supporters&#039; Club\",\"isPartOf\":{\"@id\":\"https:\/\/evertonfc.cz\/#website\"},\"primaryImageOfPage\":{\"@id\":\"https:\/\/evertonfc.cz\/index.php\/2010\/12\/07\/tvrdy-kridelnik-johnny-morrissey\/#primaryimage\"},\"image\":{\"@id\":\"https:\/\/evertonfc.cz\/index.php\/2010\/12\/07\/tvrdy-kridelnik-johnny-morrissey\/#primaryimage\"},\"thumbnailUrl\":\"https:\/\/evertonfc.cz\/wp-content\/uploads\/2019\/01\/news.jpg\",\"datePublished\":\"2010-12-07T12:33:34+00:00\",\"dateModified\":\"2019-02-11T17:12:19+00:00\",\"breadcrumb\":{\"@id\":\"https:\/\/evertonfc.cz\/index.php\/2010\/12\/07\/tvrdy-kridelnik-johnny-morrissey\/#breadcrumb\"},\"inLanguage\":\"cs\",\"potentialAction\":[{\"@type\":\"ReadAction\",\"target\":[\"https:\/\/evertonfc.cz\/index.php\/2010\/12\/07\/tvrdy-kridelnik-johnny-morrissey\/\"]}]},{\"@type\":\"ImageObject\",\"inLanguage\":\"cs\",\"@id\":\"https:\/\/evertonfc.cz\/index.php\/2010\/12\/07\/tvrdy-kridelnik-johnny-morrissey\/#primaryimage\",\"url\":\"https:\/\/evertonfc.cz\/wp-content\/uploads\/2019\/01\/news.jpg\",\"contentUrl\":\"https:\/\/evertonfc.cz\/wp-content\/uploads\/2019\/01\/news.jpg\",\"width\":720,\"height\":405},{\"@type\":\"BreadcrumbList\",\"@id\":\"https:\/\/evertonfc.cz\/index.php\/2010\/12\/07\/tvrdy-kridelnik-johnny-morrissey\/#breadcrumb\",\"itemListElement\":[{\"@type\":\"ListItem\",\"position\":1,\"name\":\"Home\",\"item\":\"https:\/\/evertonfc.cz\/\"},{\"@type\":\"ListItem\",\"position\":2,\"name\":\"Tvrd\u00fd k\u0159\u00eddeln\u00edk Johnny Morrissey\"}]},{\"@type\":\"WebSite\",\"@id\":\"https:\/\/evertonfc.cz\/#website\",\"url\":\"https:\/\/evertonfc.cz\/\",\"name\":\"Official Czech &amp; Slovak Everton Supporters&#039; Club\",\"description\":\"\",\"publisher\":{\"@id\":\"https:\/\/evertonfc.cz\/#organization\"},\"potentialAction\":[{\"@type\":\"SearchAction\",\"target\":{\"@type\":\"EntryPoint\",\"urlTemplate\":\"https:\/\/evertonfc.cz\/?s={search_term_string}\"},\"query-input\":{\"@type\":\"PropertyValueSpecification\",\"valueRequired\":true,\"valueName\":\"search_term_string\"}}],\"inLanguage\":\"cs\"},{\"@type\":\"Organization\",\"@id\":\"https:\/\/evertonfc.cz\/#organization\",\"name\":\"Official Czech & Slovak Everton Supporters' Club\",\"url\":\"https:\/\/evertonfc.cz\/\",\"logo\":{\"@type\":\"ImageObject\",\"inLanguage\":\"cs\",\"@id\":\"https:\/\/evertonfc.cz\/#\/schema\/logo\/image\/\",\"url\":\"https:\/\/evertonfc.cz\/wp-content\/uploads\/2019\/05\/logo.png\",\"contentUrl\":\"https:\/\/evertonfc.cz\/wp-content\/uploads\/2019\/05\/logo.png\",\"width\":112,\"height\":112,\"caption\":\"Official Czech & Slovak Everton Supporters' Club\"},\"image\":{\"@id\":\"https:\/\/evertonfc.cz\/#\/schema\/logo\/image\/\"},\"sameAs\":[\"https:\/\/www.facebook.com\/everton.fans.cz.sk\"]},{\"@type\":\"Person\",\"@id\":\"https:\/\/evertonfc.cz\/#\/schema\/person\/f7a5daedb2ffee98480bc70e191aaef1\",\"name\":\"Ri\u010di\",\"sameAs\":[\"https:\/\/x.com\/rbrejsa\"],\"url\":\"https:\/\/evertonfc.cz\/index.php\/author\/rici\/\"}]}<\/script>\n<!-- \/ Yoast SEO plugin. -->","yoast_head_json":{"title":"Tvrd\u00fd k\u0159\u00eddeln\u00edk Johnny Morrissey - Official Czech &amp; Slovak Everton Supporters&#039; Club","robots":{"index":"index","follow":"follow","max-snippet":"max-snippet:-1","max-image-preview":"max-image-preview:large","max-video-preview":"max-video-preview:-1"},"canonical":"https:\/\/evertonfc.cz\/index.php\/2010\/12\/07\/tvrdy-kridelnik-johnny-morrissey\/","og_locale":"cs_CZ","og_type":"article","og_title":"Tvrd\u00fd k\u0159\u00eddeln\u00edk Johnny Morrissey - Official Czech &amp; Slovak Everton Supporters&#039; Club","og_description":"Johnny Morrissey nepat\u0159il v dob\u011b mana\u017eerov\u00e1n\u00ed Harryho Cattericka mezi hlavn\u00ed hv\u011bzdy t\u00fdmu, i p\u0159esto si v\u0161ak za svoje fotbalov\u00e9 kvality&hellip;","og_url":"https:\/\/evertonfc.cz\/index.php\/2010\/12\/07\/tvrdy-kridelnik-johnny-morrissey\/","og_site_name":"Official Czech &amp; Slovak Everton Supporters&#039; Club","article_publisher":"https:\/\/www.facebook.com\/everton.fans.cz.sk","article_published_time":"2010-12-07T12:33:34+00:00","article_modified_time":"2019-02-11T17:12:19+00:00","og_image":[{"width":720,"height":405,"url":"https:\/\/evertonfc.cz\/wp-content\/uploads\/2019\/01\/news.jpg","type":"image\/jpeg"}],"author":"Ri\u010di","twitter_card":"summary_large_image","twitter_creator":"@rbrejsa","twitter_misc":{"Napsal(a)":"Ri\u010di","Odhadovan\u00e1 doba \u010dten\u00ed":"6 minut"},"schema":{"@context":"https:\/\/schema.org","@graph":[{"@type":"Article","@id":"https:\/\/evertonfc.cz\/index.php\/2010\/12\/07\/tvrdy-kridelnik-johnny-morrissey\/#article","isPartOf":{"@id":"https:\/\/evertonfc.cz\/index.php\/2010\/12\/07\/tvrdy-kridelnik-johnny-morrissey\/"},"author":{"name":"Ri\u010di","@id":"https:\/\/evertonfc.cz\/#\/schema\/person\/f7a5daedb2ffee98480bc70e191aaef1"},"headline":"Tvrd\u00fd k\u0159\u00eddeln\u00edk Johnny Morrissey","datePublished":"2010-12-07T12:33:34+00:00","dateModified":"2019-02-11T17:12:19+00:00","mainEntityOfPage":{"@id":"https:\/\/evertonfc.cz\/index.php\/2010\/12\/07\/tvrdy-kridelnik-johnny-morrissey\/"},"wordCount":1145,"commentCount":0,"publisher":{"@id":"https:\/\/evertonfc.cz\/#organization"},"image":{"@id":"https:\/\/evertonfc.cz\/index.php\/2010\/12\/07\/tvrdy-kridelnik-johnny-morrissey\/#primaryimage"},"thumbnailUrl":"https:\/\/evertonfc.cz\/wp-content\/uploads\/2019\/01\/news.jpg","articleSection":["Aktuality"],"inLanguage":"cs","potentialAction":[{"@type":"CommentAction","name":"Comment","target":["https:\/\/evertonfc.cz\/index.php\/2010\/12\/07\/tvrdy-kridelnik-johnny-morrissey\/#respond"]}]},{"@type":"WebPage","@id":"https:\/\/evertonfc.cz\/index.php\/2010\/12\/07\/tvrdy-kridelnik-johnny-morrissey\/","url":"https:\/\/evertonfc.cz\/index.php\/2010\/12\/07\/tvrdy-kridelnik-johnny-morrissey\/","name":"Tvrd\u00fd k\u0159\u00eddeln\u00edk Johnny Morrissey - Official Czech &amp; Slovak Everton Supporters&#039; Club","isPartOf":{"@id":"https:\/\/evertonfc.cz\/#website"},"primaryImageOfPage":{"@id":"https:\/\/evertonfc.cz\/index.php\/2010\/12\/07\/tvrdy-kridelnik-johnny-morrissey\/#primaryimage"},"image":{"@id":"https:\/\/evertonfc.cz\/index.php\/2010\/12\/07\/tvrdy-kridelnik-johnny-morrissey\/#primaryimage"},"thumbnailUrl":"https:\/\/evertonfc.cz\/wp-content\/uploads\/2019\/01\/news.jpg","datePublished":"2010-12-07T12:33:34+00:00","dateModified":"2019-02-11T17:12:19+00:00","breadcrumb":{"@id":"https:\/\/evertonfc.cz\/index.php\/2010\/12\/07\/tvrdy-kridelnik-johnny-morrissey\/#breadcrumb"},"inLanguage":"cs","potentialAction":[{"@type":"ReadAction","target":["https:\/\/evertonfc.cz\/index.php\/2010\/12\/07\/tvrdy-kridelnik-johnny-morrissey\/"]}]},{"@type":"ImageObject","inLanguage":"cs","@id":"https:\/\/evertonfc.cz\/index.php\/2010\/12\/07\/tvrdy-kridelnik-johnny-morrissey\/#primaryimage","url":"https:\/\/evertonfc.cz\/wp-content\/uploads\/2019\/01\/news.jpg","contentUrl":"https:\/\/evertonfc.cz\/wp-content\/uploads\/2019\/01\/news.jpg","width":720,"height":405},{"@type":"BreadcrumbList","@id":"https:\/\/evertonfc.cz\/index.php\/2010\/12\/07\/tvrdy-kridelnik-johnny-morrissey\/#breadcrumb","itemListElement":[{"@type":"ListItem","position":1,"name":"Home","item":"https:\/\/evertonfc.cz\/"},{"@type":"ListItem","position":2,"name":"Tvrd\u00fd k\u0159\u00eddeln\u00edk Johnny Morrissey"}]},{"@type":"WebSite","@id":"https:\/\/evertonfc.cz\/#website","url":"https:\/\/evertonfc.cz\/","name":"Official Czech &amp; Slovak Everton Supporters&#039; Club","description":"","publisher":{"@id":"https:\/\/evertonfc.cz\/#organization"},"potentialAction":[{"@type":"SearchAction","target":{"@type":"EntryPoint","urlTemplate":"https:\/\/evertonfc.cz\/?s={search_term_string}"},"query-input":{"@type":"PropertyValueSpecification","valueRequired":true,"valueName":"search_term_string"}}],"inLanguage":"cs"},{"@type":"Organization","@id":"https:\/\/evertonfc.cz\/#organization","name":"Official Czech & Slovak Everton Supporters' Club","url":"https:\/\/evertonfc.cz\/","logo":{"@type":"ImageObject","inLanguage":"cs","@id":"https:\/\/evertonfc.cz\/#\/schema\/logo\/image\/","url":"https:\/\/evertonfc.cz\/wp-content\/uploads\/2019\/05\/logo.png","contentUrl":"https:\/\/evertonfc.cz\/wp-content\/uploads\/2019\/05\/logo.png","width":112,"height":112,"caption":"Official Czech & Slovak Everton Supporters' Club"},"image":{"@id":"https:\/\/evertonfc.cz\/#\/schema\/logo\/image\/"},"sameAs":["https:\/\/www.facebook.com\/everton.fans.cz.sk"]},{"@type":"Person","@id":"https:\/\/evertonfc.cz\/#\/schema\/person\/f7a5daedb2ffee98480bc70e191aaef1","name":"Ri\u010di","sameAs":["https:\/\/x.com\/rbrejsa"],"url":"https:\/\/evertonfc.cz\/index.php\/author\/rici\/"}]}},"_links":{"self":[{"href":"https:\/\/evertonfc.cz\/index.php\/wp-json\/wp\/v2\/posts\/3391"}],"collection":[{"href":"https:\/\/evertonfc.cz\/index.php\/wp-json\/wp\/v2\/posts"}],"about":[{"href":"https:\/\/evertonfc.cz\/index.php\/wp-json\/wp\/v2\/types\/post"}],"author":[{"embeddable":true,"href":"https:\/\/evertonfc.cz\/index.php\/wp-json\/wp\/v2\/users\/6"}],"replies":[{"embeddable":true,"href":"https:\/\/evertonfc.cz\/index.php\/wp-json\/wp\/v2\/comments?post=3391"}],"version-history":[{"count":3,"href":"https:\/\/evertonfc.cz\/index.php\/wp-json\/wp\/v2\/posts\/3391\/revisions"}],"predecessor-version":[{"id":3474,"href":"https:\/\/evertonfc.cz\/index.php\/wp-json\/wp\/v2\/posts\/3391\/revisions\/3474"}],"wp:featuredmedia":[{"embeddable":true,"href":"https:\/\/evertonfc.cz\/index.php\/wp-json\/wp\/v2\/media\/1313"}],"wp:attachment":[{"href":"https:\/\/evertonfc.cz\/index.php\/wp-json\/wp\/v2\/media?parent=3391"}],"wp:term":[{"taxonomy":"category","embeddable":true,"href":"https:\/\/evertonfc.cz\/index.php\/wp-json\/wp\/v2\/categories?post=3391"},{"taxonomy":"post_tag","embeddable":true,"href":"https:\/\/evertonfc.cz\/index.php\/wp-json\/wp\/v2\/tags?post=3391"}],"curies":[{"name":"wp","href":"https:\/\/api.w.org\/{rel}","templated":true}]}}