{"id":3405,"date":"2016-12-09T15:22:11","date_gmt":"2016-12-09T14:22:11","guid":{"rendered":"http:\/\/evertonfc.cz\/?p=3405"},"modified":"2019-02-11T15:22:49","modified_gmt":"2019-02-11T14:22:49","slug":"preview-watford-everton-2","status":"publish","type":"post","link":"https:\/\/evertonfc.cz\/index.php\/2016\/12\/09\/preview-watford-everton-2\/","title":{"rendered":"Preview: Watford &#8211; Everton"},"content":{"rendered":"<h4 id=\"NewsPostDetailSummary\">Na h\u0159i\u0161ti t\u00fdmu ze st\u0159edu tabulky by bylo dobr\u00e9 nav\u00e1zat na posledn\u00edch 20 minut proti \u00da\u010dk\u00e1m. Snad v\u00fdkon t\u00fdmu moc neovlivn\u00ed dlouhodob\u00e1 absence Bolasieho.<\/h4>\n<div id=\"NewsPostDetailContent\">\n<p>Zat\u00edmco Pennington se jako\u017eto dlouhodob\u00fd marod postupn\u011b vrac\u00ed do tr\u00e9ninku (ale z\u00e1pasy bude zat\u00edm hr\u00e1t za t\u00fdm do 23 let), tak jin\u00fd k Be\u0161i\u0107ovi p\u0159ibyl. A m\u016f\u017ee b\u00fdt hodn\u011b \u0161patn\u011b &#8211; Koeman na dne\u0161n\u00ed p\u0159edz\u00e1pasov\u00e9 tiskov\u00e9 konferenci p\u0159iznal, \u017ee kon\u017esk\u00fd z\u00e1lo\u017en\u00edk m\u016f\u017ee zme\u0161kat cel\u00fd p\u0159\u00ed\u0161t\u00ed rok. To je sice p\u0159ed\u010dasn\u00e9 tvrzen\u00ed, ale do konce sez\u00f3ny si ji\u017e nekopne. N\u00e1hrada za n\u011bj? Pravd\u011bpodobn\u011b Deulofeu.<\/p>\n<p>K lep\u0161\u00edm zpr\u00e1v\u00e1m pat\u0159\u00ed, \u017ee Coleman, kter\u00fd v minul\u00e9m z\u00e1pase st\u0159\u00eddal vynucen\u011b, je v po\u0159\u00e1dku a m\u011bl by z\u00edtra nastoupit v z\u00e1kladn\u00ed sestav\u011b. Holgate ud\u011blal sv\u00fdm v\u00fdkonem na mana\u017eera dojem, to je jen dob\u0159e. T\u011b\u017eko \u0159\u00edci, kdo bude hr\u00e1t ve st\u0159edu obrany, teoreticky by mohlo doj\u00edt na Williamse na lavi\u010dce a nasazen\u00ed dvojice Jagielka &#8211; Mori. Uvid\u00edme. Ale co bych vid\u011bl nerad, je trojice Barry, Cleverley a Gana v z\u00e1kladn\u00ed sestav\u011b. Watfordu se opravdu nen\u00ed d\u016fvod a\u017e tak moc b\u00e1t. Odchovanec Brightonu by v p\u0159\u00edpad\u011b nastoupen\u00ed dorovnal Franka Lamparda na druh\u00e9m m\u00edst\u011b v kategorii &#8222;po\u010det odehran\u00fdch utk\u00e1n\u00ed v Premier League&#8220;.<\/p>\n<p>Watford m\u00e1 probl\u00e9my s obranou, hr\u00e1t nem\u016f\u017ee kv\u016fli zran\u011bn\u00ed trojice Cathcart, Dja Djedje a Mariappa. Otazn\u00edk vis\u00ed nad startem Janmaata s Kaboulem, o jejich startu se rozhodne p\u0159ed z\u00e1pasem. Jednoz\u00e1pasov\u00fd trest za vylou\u010den\u00ed si odpyk\u00e1 Pereyra. Britos a Behrami se naopak po stopce vrac\u00ed. A kdy\u017e u\u017e jsem u t\u011bch miln\u00edk\u016f, tak pozoruhodn\u00fd m\u016f\u017ee z\u00edtra doc\u00edlit Deeney. Pokud se tref\u00ed, tak to bude jeho st\u00fd g\u00f3l za Watford. Nicm\u00e9n\u011b tohle jeho \u010dek\u00e1n\u00ed p\u0159ipom\u00edn\u00e1 to \u0160truncovo.<\/p>\n<p>Ma\u010d vys\u00edl\u00e1 p\u0159\u00edm\u00fdm p\u0159enosem stanice Digi sport 1.<\/p>\n<p><strong>Co:<\/strong>\u00a0Watford FC &#8211; Everton FC, 15. kolo Premier League<br \/>\n<strong>Kdy:<\/strong>\u00a010. 12. 2016 od 13:30 SE\u010c<br \/>\n<strong>Kde:<\/strong>\u00a0Vicarage Road, Watford (kapacita: 21 577)<br \/>\n<strong>Rozhod\u010d\u00ed:<\/strong>\u00a0Anthony Taylor<\/p>\n<\/div>\n","protected":false},"excerpt":{"rendered":"<p>Na h\u0159i\u0161ti t\u00fdmu ze st\u0159edu tabulky by bylo dobr\u00e9 nav\u00e1zat na posledn\u00edch 20 minut proti \u00da\u010dk\u00e1m. Snad v\u00fdkon t\u00fdmu moc&hellip;<\/p>\n","protected":false},"author":12,"featured_media":1314,"comment_status":"open","ping_status":"closed","sticky":false,"template":"","format":"standard","meta":{"_eb_attr":"","_monsterinsights_skip_tracking":false,"_monsterinsights_sitenote_active":false,"_monsterinsights_sitenote_note":"","_monsterinsights_sitenote_category":0,"footnotes":""},"categories":[4],"tags":[],"yoast_head":"<!-- This site is optimized with the Yoast SEO plugin v23.4 - https:\/\/yoast.com\/wordpress\/plugins\/seo\/ -->\n<title>Preview: Watford - Everton - Official Czech &amp; Slovak Everton Supporters&#039; Club<\/title>\n<meta name=\"robots\" content=\"index, follow, max-snippet:-1, max-image-preview:large, max-video-preview:-1\" \/>\n<link rel=\"canonical\" href=\"https:\/\/evertonfc.cz\/index.php\/2016\/12\/09\/preview-watford-everton-2\/\" \/>\n<meta property=\"og:locale\" content=\"cs_CZ\" \/>\n<meta property=\"og:type\" content=\"article\" \/>\n<meta property=\"og:title\" content=\"Preview: Watford - Everton - Official Czech &amp; Slovak Everton Supporters&#039; Club\" \/>\n<meta property=\"og:description\" content=\"Na h\u0159i\u0161ti t\u00fdmu ze st\u0159edu tabulky by bylo dobr\u00e9 nav\u00e1zat na posledn\u00edch 20 minut proti \u00da\u010dk\u00e1m. Snad v\u00fdkon t\u00fdmu moc&hellip;\" \/>\n<meta property=\"og:url\" content=\"https:\/\/evertonfc.cz\/index.php\/2016\/12\/09\/preview-watford-everton-2\/\" \/>\n<meta property=\"og:site_name\" content=\"Official Czech &amp; Slovak Everton Supporters&#039; Club\" \/>\n<meta property=\"article:publisher\" content=\"https:\/\/www.facebook.com\/everton.fans.cz.sk\" \/>\n<meta property=\"article:published_time\" content=\"2016-12-09T14:22:11+00:00\" \/>\n<meta property=\"article:modified_time\" content=\"2019-02-11T14:22:49+00:00\" \/>\n<meta property=\"og:image\" content=\"https:\/\/evertonfc.cz\/wp-content\/uploads\/2019\/01\/preview.jpg\" \/>\n\t<meta property=\"og:image:width\" content=\"720\" \/>\n\t<meta property=\"og:image:height\" content=\"405\" \/>\n\t<meta property=\"og:image:type\" content=\"image\/jpeg\" \/>\n<meta name=\"author\" content=\"Javor\" \/>\n<meta name=\"twitter:card\" content=\"summary_large_image\" \/>\n<meta name=\"twitter:creator\" content=\"@LoudinJan\" \/>\n<meta name=\"twitter:label1\" content=\"Napsal(a)\" \/>\n\t<meta name=\"twitter:data1\" content=\"Javor\" \/>\n\t<meta name=\"twitter:label2\" content=\"Odhadovan\u00e1 doba \u010dten\u00ed\" \/>\n\t<meta name=\"twitter:data2\" content=\"2 minuty\" \/>\n<script type=\"application\/ld+json\" class=\"yoast-schema-graph\">{\"@context\":\"https:\/\/schema.org\",\"@graph\":[{\"@type\":\"Article\",\"@id\":\"https:\/\/evertonfc.cz\/index.php\/2016\/12\/09\/preview-watford-everton-2\/#article\",\"isPartOf\":{\"@id\":\"https:\/\/evertonfc.cz\/index.php\/2016\/12\/09\/preview-watford-everton-2\/\"},\"author\":{\"name\":\"Javor\",\"@id\":\"https:\/\/evertonfc.cz\/#\/schema\/person\/b30daf6a5852f4811f8207a17ec1bf78\"},\"headline\":\"Preview: Watford &#8211; Everton\",\"datePublished\":\"2016-12-09T14:22:11+00:00\",\"dateModified\":\"2019-02-11T14:22:49+00:00\",\"mainEntityOfPage\":{\"@id\":\"https:\/\/evertonfc.cz\/index.php\/2016\/12\/09\/preview-watford-everton-2\/\"},\"wordCount\":384,\"commentCount\":0,\"publisher\":{\"@id\":\"https:\/\/evertonfc.cz\/#organization\"},\"image\":{\"@id\":\"https:\/\/evertonfc.cz\/index.php\/2016\/12\/09\/preview-watford-everton-2\/#primaryimage\"},\"thumbnailUrl\":\"https:\/\/evertonfc.cz\/wp-content\/uploads\/2019\/01\/preview.jpg\",\"articleSection\":[\"Z\u00e1pasy\"],\"inLanguage\":\"cs\",\"potentialAction\":[{\"@type\":\"CommentAction\",\"name\":\"Comment\",\"target\":[\"https:\/\/evertonfc.cz\/index.php\/2016\/12\/09\/preview-watford-everton-2\/#respond\"]}]},{\"@type\":\"WebPage\",\"@id\":\"https:\/\/evertonfc.cz\/index.php\/2016\/12\/09\/preview-watford-everton-2\/\",\"url\":\"https:\/\/evertonfc.cz\/index.php\/2016\/12\/09\/preview-watford-everton-2\/\",\"name\":\"Preview: Watford - Everton - Official Czech &amp; Slovak Everton Supporters&#039; Club\",\"isPartOf\":{\"@id\":\"https:\/\/evertonfc.cz\/#website\"},\"primaryImageOfPage\":{\"@id\":\"https:\/\/evertonfc.cz\/index.php\/2016\/12\/09\/preview-watford-everton-2\/#primaryimage\"},\"image\":{\"@id\":\"https:\/\/evertonfc.cz\/index.php\/2016\/12\/09\/preview-watford-everton-2\/#primaryimage\"},\"thumbnailUrl\":\"https:\/\/evertonfc.cz\/wp-content\/uploads\/2019\/01\/preview.jpg\",\"datePublished\":\"2016-12-09T14:22:11+00:00\",\"dateModified\":\"2019-02-11T14:22:49+00:00\",\"breadcrumb\":{\"@id\":\"https:\/\/evertonfc.cz\/index.php\/2016\/12\/09\/preview-watford-everton-2\/#breadcrumb\"},\"inLanguage\":\"cs\",\"potentialAction\":[{\"@type\":\"ReadAction\",\"target\":[\"https:\/\/evertonfc.cz\/index.php\/2016\/12\/09\/preview-watford-everton-2\/\"]}]},{\"@type\":\"ImageObject\",\"inLanguage\":\"cs\",\"@id\":\"https:\/\/evertonfc.cz\/index.php\/2016\/12\/09\/preview-watford-everton-2\/#primaryimage\",\"url\":\"https:\/\/evertonfc.cz\/wp-content\/uploads\/2019\/01\/preview.jpg\",\"contentUrl\":\"https:\/\/evertonfc.cz\/wp-content\/uploads\/2019\/01\/preview.jpg\",\"width\":720,\"height\":405},{\"@type\":\"BreadcrumbList\",\"@id\":\"https:\/\/evertonfc.cz\/index.php\/2016\/12\/09\/preview-watford-everton-2\/#breadcrumb\",\"itemListElement\":[{\"@type\":\"ListItem\",\"position\":1,\"name\":\"Home\",\"item\":\"https:\/\/evertonfc.cz\/\"},{\"@type\":\"ListItem\",\"position\":2,\"name\":\"Preview: Watford &#8211; Everton\"}]},{\"@type\":\"WebSite\",\"@id\":\"https:\/\/evertonfc.cz\/#website\",\"url\":\"https:\/\/evertonfc.cz\/\",\"name\":\"Official Czech &amp; Slovak Everton Supporters&#039; Club\",\"description\":\"\",\"publisher\":{\"@id\":\"https:\/\/evertonfc.cz\/#organization\"},\"potentialAction\":[{\"@type\":\"SearchAction\",\"target\":{\"@type\":\"EntryPoint\",\"urlTemplate\":\"https:\/\/evertonfc.cz\/?s={search_term_string}\"},\"query-input\":{\"@type\":\"PropertyValueSpecification\",\"valueRequired\":true,\"valueName\":\"search_term_string\"}}],\"inLanguage\":\"cs\"},{\"@type\":\"Organization\",\"@id\":\"https:\/\/evertonfc.cz\/#organization\",\"name\":\"Official Czech & Slovak Everton Supporters' Club\",\"url\":\"https:\/\/evertonfc.cz\/\",\"logo\":{\"@type\":\"ImageObject\",\"inLanguage\":\"cs\",\"@id\":\"https:\/\/evertonfc.cz\/#\/schema\/logo\/image\/\",\"url\":\"https:\/\/evertonfc.cz\/wp-content\/uploads\/2019\/05\/logo.png\",\"contentUrl\":\"https:\/\/evertonfc.cz\/wp-content\/uploads\/2019\/05\/logo.png\",\"width\":112,\"height\":112,\"caption\":\"Official Czech & Slovak Everton Supporters' Club\"},\"image\":{\"@id\":\"https:\/\/evertonfc.cz\/#\/schema\/logo\/image\/\"},\"sameAs\":[\"https:\/\/www.facebook.com\/everton.fans.cz.sk\"]},{\"@type\":\"Person\",\"@id\":\"https:\/\/evertonfc.cz\/#\/schema\/person\/b30daf6a5852f4811f8207a17ec1bf78\",\"name\":\"Javor\",\"sameAs\":[\"https:\/\/x.com\/LoudinJan\"],\"url\":\"https:\/\/evertonfc.cz\/index.php\/author\/javor\/\"}]}<\/script>\n<!-- \/ Yoast SEO plugin. -->","yoast_head_json":{"title":"Preview: Watford - Everton - Official Czech &amp; Slovak Everton Supporters&#039; Club","robots":{"index":"index","follow":"follow","max-snippet":"max-snippet:-1","max-image-preview":"max-image-preview:large","max-video-preview":"max-video-preview:-1"},"canonical":"https:\/\/evertonfc.cz\/index.php\/2016\/12\/09\/preview-watford-everton-2\/","og_locale":"cs_CZ","og_type":"article","og_title":"Preview: Watford - Everton - Official Czech &amp; Slovak Everton Supporters&#039; Club","og_description":"Na h\u0159i\u0161ti t\u00fdmu ze st\u0159edu tabulky by bylo dobr\u00e9 nav\u00e1zat na posledn\u00edch 20 minut proti \u00da\u010dk\u00e1m. Snad v\u00fdkon t\u00fdmu moc&hellip;","og_url":"https:\/\/evertonfc.cz\/index.php\/2016\/12\/09\/preview-watford-everton-2\/","og_site_name":"Official Czech &amp; Slovak Everton Supporters&#039; Club","article_publisher":"https:\/\/www.facebook.com\/everton.fans.cz.sk","article_published_time":"2016-12-09T14:22:11+00:00","article_modified_time":"2019-02-11T14:22:49+00:00","og_image":[{"width":720,"height":405,"url":"https:\/\/evertonfc.cz\/wp-content\/uploads\/2019\/01\/preview.jpg","type":"image\/jpeg"}],"author":"Javor","twitter_card":"summary_large_image","twitter_creator":"@LoudinJan","twitter_misc":{"Napsal(a)":"Javor","Odhadovan\u00e1 doba \u010dten\u00ed":"2 minuty"},"schema":{"@context":"https:\/\/schema.org","@graph":[{"@type":"Article","@id":"https:\/\/evertonfc.cz\/index.php\/2016\/12\/09\/preview-watford-everton-2\/#article","isPartOf":{"@id":"https:\/\/evertonfc.cz\/index.php\/2016\/12\/09\/preview-watford-everton-2\/"},"author":{"name":"Javor","@id":"https:\/\/evertonfc.cz\/#\/schema\/person\/b30daf6a5852f4811f8207a17ec1bf78"},"headline":"Preview: Watford &#8211; Everton","datePublished":"2016-12-09T14:22:11+00:00","dateModified":"2019-02-11T14:22:49+00:00","mainEntityOfPage":{"@id":"https:\/\/evertonfc.cz\/index.php\/2016\/12\/09\/preview-watford-everton-2\/"},"wordCount":384,"commentCount":0,"publisher":{"@id":"https:\/\/evertonfc.cz\/#organization"},"image":{"@id":"https:\/\/evertonfc.cz\/index.php\/2016\/12\/09\/preview-watford-everton-2\/#primaryimage"},"thumbnailUrl":"https:\/\/evertonfc.cz\/wp-content\/uploads\/2019\/01\/preview.jpg","articleSection":["Z\u00e1pasy"],"inLanguage":"cs","potentialAction":[{"@type":"CommentAction","name":"Comment","target":["https:\/\/evertonfc.cz\/index.php\/2016\/12\/09\/preview-watford-everton-2\/#respond"]}]},{"@type":"WebPage","@id":"https:\/\/evertonfc.cz\/index.php\/2016\/12\/09\/preview-watford-everton-2\/","url":"https:\/\/evertonfc.cz\/index.php\/2016\/12\/09\/preview-watford-everton-2\/","name":"Preview: Watford - Everton - Official Czech &amp; Slovak Everton Supporters&#039; Club","isPartOf":{"@id":"https:\/\/evertonfc.cz\/#website"},"primaryImageOfPage":{"@id":"https:\/\/evertonfc.cz\/index.php\/2016\/12\/09\/preview-watford-everton-2\/#primaryimage"},"image":{"@id":"https:\/\/evertonfc.cz\/index.php\/2016\/12\/09\/preview-watford-everton-2\/#primaryimage"},"thumbnailUrl":"https:\/\/evertonfc.cz\/wp-content\/uploads\/2019\/01\/preview.jpg","datePublished":"2016-12-09T14:22:11+00:00","dateModified":"2019-02-11T14:22:49+00:00","breadcrumb":{"@id":"https:\/\/evertonfc.cz\/index.php\/2016\/12\/09\/preview-watford-everton-2\/#breadcrumb"},"inLanguage":"cs","potentialAction":[{"@type":"ReadAction","target":["https:\/\/evertonfc.cz\/index.php\/2016\/12\/09\/preview-watford-everton-2\/"]}]},{"@type":"ImageObject","inLanguage":"cs","@id":"https:\/\/evertonfc.cz\/index.php\/2016\/12\/09\/preview-watford-everton-2\/#primaryimage","url":"https:\/\/evertonfc.cz\/wp-content\/uploads\/2019\/01\/preview.jpg","contentUrl":"https:\/\/evertonfc.cz\/wp-content\/uploads\/2019\/01\/preview.jpg","width":720,"height":405},{"@type":"BreadcrumbList","@id":"https:\/\/evertonfc.cz\/index.php\/2016\/12\/09\/preview-watford-everton-2\/#breadcrumb","itemListElement":[{"@type":"ListItem","position":1,"name":"Home","item":"https:\/\/evertonfc.cz\/"},{"@type":"ListItem","position":2,"name":"Preview: Watford &#8211; Everton"}]},{"@type":"WebSite","@id":"https:\/\/evertonfc.cz\/#website","url":"https:\/\/evertonfc.cz\/","name":"Official Czech &amp; Slovak Everton Supporters&#039; Club","description":"","publisher":{"@id":"https:\/\/evertonfc.cz\/#organization"},"potentialAction":[{"@type":"SearchAction","target":{"@type":"EntryPoint","urlTemplate":"https:\/\/evertonfc.cz\/?s={search_term_string}"},"query-input":{"@type":"PropertyValueSpecification","valueRequired":true,"valueName":"search_term_string"}}],"inLanguage":"cs"},{"@type":"Organization","@id":"https:\/\/evertonfc.cz\/#organization","name":"Official Czech & Slovak Everton Supporters' Club","url":"https:\/\/evertonfc.cz\/","logo":{"@type":"ImageObject","inLanguage":"cs","@id":"https:\/\/evertonfc.cz\/#\/schema\/logo\/image\/","url":"https:\/\/evertonfc.cz\/wp-content\/uploads\/2019\/05\/logo.png","contentUrl":"https:\/\/evertonfc.cz\/wp-content\/uploads\/2019\/05\/logo.png","width":112,"height":112,"caption":"Official Czech & Slovak Everton Supporters' Club"},"image":{"@id":"https:\/\/evertonfc.cz\/#\/schema\/logo\/image\/"},"sameAs":["https:\/\/www.facebook.com\/everton.fans.cz.sk"]},{"@type":"Person","@id":"https:\/\/evertonfc.cz\/#\/schema\/person\/b30daf6a5852f4811f8207a17ec1bf78","name":"Javor","sameAs":["https:\/\/x.com\/LoudinJan"],"url":"https:\/\/evertonfc.cz\/index.php\/author\/javor\/"}]}},"_links":{"self":[{"href":"https:\/\/evertonfc.cz\/index.php\/wp-json\/wp\/v2\/posts\/3405"}],"collection":[{"href":"https:\/\/evertonfc.cz\/index.php\/wp-json\/wp\/v2\/posts"}],"about":[{"href":"https:\/\/evertonfc.cz\/index.php\/wp-json\/wp\/v2\/types\/post"}],"author":[{"embeddable":true,"href":"https:\/\/evertonfc.cz\/index.php\/wp-json\/wp\/v2\/users\/12"}],"replies":[{"embeddable":true,"href":"https:\/\/evertonfc.cz\/index.php\/wp-json\/wp\/v2\/comments?post=3405"}],"version-history":[{"count":1,"href":"https:\/\/evertonfc.cz\/index.php\/wp-json\/wp\/v2\/posts\/3405\/revisions"}],"predecessor-version":[{"id":3406,"href":"https:\/\/evertonfc.cz\/index.php\/wp-json\/wp\/v2\/posts\/3405\/revisions\/3406"}],"wp:featuredmedia":[{"embeddable":true,"href":"https:\/\/evertonfc.cz\/index.php\/wp-json\/wp\/v2\/media\/1314"}],"wp:attachment":[{"href":"https:\/\/evertonfc.cz\/index.php\/wp-json\/wp\/v2\/media?parent=3405"}],"wp:term":[{"taxonomy":"category","embeddable":true,"href":"https:\/\/evertonfc.cz\/index.php\/wp-json\/wp\/v2\/categories?post=3405"},{"taxonomy":"post_tag","embeddable":true,"href":"https:\/\/evertonfc.cz\/index.php\/wp-json\/wp\/v2\/tags?post=3405"}],"curies":[{"name":"wp","href":"https:\/\/api.w.org\/{rel}","templated":true}]}}