{"id":3407,"date":"2016-12-04T15:23:01","date_gmt":"2016-12-04T14:23:01","guid":{"rendered":"http:\/\/evertonfc.cz\/?p=3407"},"modified":"2019-02-11T22:30:25","modified_gmt":"2019-02-11T21:30:25","slug":"everton-manchester-united-11","status":"publish","type":"post","link":"https:\/\/evertonfc.cz\/index.php\/2016\/12\/04\/everton-manchester-united-11\/","title":{"rendered":"Everton &#8211; Manchester United 1:1"},"content":{"rendered":"<h4 id=\"NewsPostDetailSummary\">\u017de Blues nezapomn\u011bli hr\u00e1t fotbal, p\u0159edvedli proti Manchesteru United aspo\u0148 v\u00a0posledn\u00edch patn\u00e1cti minut\u00e1ch, tak\u017ee s\u00a0bodem mus\u00ed b\u00fdt spokojenost.<\/h4>\n<div id=\"NewsPostDetailContent\">\n<p>Jedna v\u00fdhra z posledn\u00edch dev\u00edti z\u00e1pas\u016f opravdu nen\u00ed lichotiv\u00e1 bilance, proto se Ronald Koeman rozhodl pro zm\u011bnu a oproti posledn\u00edmu duelu se Southamptonem vyjmul ze z\u00e1kladn\u00ed sestavy Jagielku, Lennona a Barkleyho. Ve stopersk\u00e9 dvojici kapit\u00e1na nahradil Ramiro Funes Mori, na prav\u00e9 k\u0159\u00eddlo se zleva posunul Bolasie, pozice podhrota byla sv\u011b\u0159ena Kevinu Mirallasovi a na lev\u00e9 z\u00e1loze (nikoliv k\u0159\u00eddle) dostal prostor Tom Cleverley, jeho\u017e prim\u00e1rn\u00ed \u00fakol zn\u011bl zamezit ofenzivn\u00edm v\u00fdpad\u016fm Antonia Valencii, prav\u00e9ho beka United.<\/p>\n<p>Prvn\u00ed po\u0159\u00e1dn\u00e9 vzru\u0161en\u00ed p\u0159i\u0161lo v\u00a016. minut\u011b, bohu\u017eel nem\u011blo nic spole\u010dn\u00e9ho s kopanou. Marcos Rojo bez v\u011bt\u0161\u00edho p\u0159em\u00fd\u0161len\u00ed ob\u011bma nohami nap\u0159ed sko\u010dil do souboje s Ganou a z\u00e1lo\u017en\u00edk Evertonu m\u016f\u017ee b\u00fdt r\u00e1d, \u017ee rovnou nezam\u00ed\u0159il do nemocnice. Pro\u010d sud\u00ed Oliver ud\u011blil Rojovi pouze \u017elutou kartu, je opravdu z\u00e1hadou&#8230; Na druhou stranu t\u0159eba p\u0159iznat, \u017ee rozhod\u010d\u00ed odpustil \u017elutou kartu Barrymu. Matador se \u017elut\u00e9ho napomenut\u00ed do\u010dkal a\u017e v 31. minut\u011b za nedovolen\u00e9 zata\u017een\u00ed Mkhitaryana.<\/p>\n<p>Vysok\u00e9 tempo hry, pominu-li chyb\u011bj\u00edc\u00ed kvalitu, bylo hlavn\u00ed p\u0159\u00ed\u010dinou mnoha nep\u0159esnost\u00ed na obou stran\u00e1ch. Tvrzen\u00ed dokumentovala akce Toffees z 26. minuty, Bolasie v dobr\u00e9 pozice ide\u00e1ln\u011b ani nevyst\u0159elil a ani neodcentroval.<\/p>\n<p>\u00davodn\u00ed branka padla z\u00a0\u010dista jasna. Ve 42. minut\u011b Stekelenburg naprosto nepochopiteln\u011b vyb\u011bhl z br\u00e1ny, a\u010d Ibrahimovi\u0107e k\u0159i\u017eoval Funes Mori. \u0160v\u00e9d si v\u0161iml nab\u00eddnut\u00e9 p\u0159\u00edle\u017eitosti a lobem, kter\u00fd se po odrazu od b\u0159evna a ty\u010de dokut\u00e1lel za brankovou \u010d\u00e1ru, otev\u0159el sk\u00f3re &#8211;\u00a0<strong>0:1<\/strong>.<\/p>\n<p>Everton do druh\u00e9 polo\u010dasu vstoupil aktivn\u011b a v 53. minut\u011b kone\u010dn\u011b zaznamenal prvn\u00ed st\u0159elu na br\u00e1nu. Mirallas si narazil s Lukakem i se \u0161t\u011bst\u00edm se probil do v\u00e1pna, jeho d\u011blovku vyrazil dob\u0159e postaven\u00fd de Gea. Na druh\u00e9 stran\u011b Funes Mori od\u010dinil svou nep\u0159esnou hlavi\u010dku, kdy\u017e zablokoval Ibrahimovi\u0107\u016fv volej. Podobn\u011b za chv\u00edli zas\u00e1hl Coleman proti Mkhitaryanovi a n\u00e1sledn\u011b si Herrera ide\u00e1ln\u011b zpracoval m\u00ed\u010d a z bl\u00edzkosti oraz\u00edtkoval b\u0159evno.<\/p>\n<p>V 65. minut\u011b Gerard Deulofeu vyst\u0159\u00eddal Cleverleyho a v dal\u0161\u00edch minutk\u00e1ch postupn\u011b ode\u0161li ze h\u0159i\u0161t\u011b zran\u011bn\u00ed Coleman a Bolasie, zastoupili je Mason Holgate a Enner Valencia, zat\u00edmco Barkley v prost\u0159ihu na lavi\u010dce sv\u00edral obli\u010dej v dlan\u00edch.<\/p>\n<p>Dom\u00e1c\u00ed st\u0159\u00edd\u00e1n\u00edm pomohla, mu\u017estvo se probudilo a patn\u00e1ct minut p\u0159ed koncem si kone\u010dn\u011b vytvo\u0159ilo p\u0159evahu. Nejprve Gana vypr\u00e1\u0161il rukavice de Gey a vz\u00e1p\u011bt\u00ed \u0161pan\u011blsk\u00fd g\u00f3lman skv\u011ble vy\u0161kr\u00e1bl Holgatovu. Poveden\u00fd centr z trestn\u00e9ho kopu m\u011bl na sv\u011bdom\u00ed Deulofeu. V\u0161ichni t\u0159i nov\u00ed hr\u00e1\u010di se zapojili do akce v 81. minut\u011b. Deulofeu nahr\u00e1l Holgatovi, jeho\u017e centr Valencia hlavou poslal jen doprost\u0159ed br\u00e1ny.<\/p>\n<p>V 85. minut\u011b Jos\u00e9 Mourinho poslal do st\u0159etnut\u00ed Marouaneho Fellainiho, b\u00fdval\u00e9 fotbalistu Evertonu. A Big Fella po dvou minut\u00e1ch na tr\u00e1vn\u00edku daroval sv\u00e9mu b\u00fdval\u00e9mu klubu penaltu. Zcela zbyte\u010dn\u011b ve v\u00e1pn\u011b fauloval Ganu a p\u00edskala se penalta. K\u00a0Fellainimu po z\u00e1pase ve studii Sky Sport Leon Osman coby expert \u0159ekl (z\u00e1m\u011brn\u011b nech\u00e1v\u00e1m v angli\u010dtin\u011b): &#8222;He&#8217;s always been clumsy like that. We used to keep him as far away from our box as possible.&#8220;<\/p>\n<p>K pokutov\u00e9mu kopu se postavil Leighton Baines a plac\u00edrkou k ty\u010di vyrovnal &#8211;\u00a0<strong>1:1<\/strong>. St\u0159elec branky si vzal posledn\u00ed slovo duelu, v nastaven\u00ed p\u00e1lil z \u00fahlu, ale de Gea byl op\u011bt p\u0159ipraven.<\/p>\n<p><strong>Branky:<\/strong>\u00a089. Leighton Baines (pen.) &#8211; 42. Zlatan Ibrahimovi\u0107<br \/>\n<strong>\u017dK:<\/strong>\u00a031. Gareth Barry, 90. Romelu Lukaku &#8211; 16. Marcos Rojo, 88. David de Gea, 88. Marouane Fellaini<br \/>\n<strong>Everton FC:<\/strong>\u00a0Maarten Stekelenburg, Leighton Baines, S\u00e9amus Coleman (67. Mason Holgate), Ashley Williams, Ramiro Funes Mori, Gareth Barry, Yannick Bolasie (68. Enner Valencia), Tom Cleverley (65. Gerard Deulofeu), Idrissa Gueye, Kevin Mirallas, Romelu Lukaku<br \/>\n<strong>Manchester United:<\/strong>\u00a0David de Gea, Matteo Darmian, Marcos Rojo, Phil Jones, Michael Carrick, Luis Valencia, Henrik Mkhitaryan (85. Marouane Fellaini), Ander Herrera, Paul Pogba, Zlatan Ibrahimovi\u0107, Anthony Martial (83. Marcus Rashford)<br \/>\n<strong>Rozhod\u010d\u00ed:<\/strong>\u00a0Michael Oliver<br \/>\n<strong>Div\u00e1ci:<\/strong>\u00a039 550<\/p>\n<\/div>\n","protected":false},"excerpt":{"rendered":"<p>\u017de Blues nezapomn\u011bli hr\u00e1t fotbal, p\u0159edvedli proti Manchesteru United aspo\u0148 v\u00a0posledn\u00edch patn\u00e1cti minut\u00e1ch, tak\u017ee s\u00a0bodem mus\u00ed b\u00fdt spokojenost. Jedna v\u00fdhra&hellip;<\/p>\n","protected":false},"author":6,"featured_media":1315,"comment_status":"open","ping_status":"closed","sticky":false,"template":"","format":"standard","meta":{"_eb_attr":"","_monsterinsights_skip_tracking":false,"_monsterinsights_sitenote_active":false,"_monsterinsights_sitenote_note":"","_monsterinsights_sitenote_category":0,"footnotes":""},"categories":[4],"tags":[],"yoast_head":"<!-- This site is optimized with the Yoast SEO plugin v23.4 - https:\/\/yoast.com\/wordpress\/plugins\/seo\/ -->\n<title>Everton - Manchester United 1:1 - Official Czech &amp; Slovak Everton Supporters&#039; Club<\/title>\n<meta name=\"robots\" content=\"index, follow, max-snippet:-1, max-image-preview:large, max-video-preview:-1\" \/>\n<link rel=\"canonical\" href=\"https:\/\/evertonfc.cz\/index.php\/2016\/12\/04\/everton-manchester-united-11\/\" \/>\n<meta property=\"og:locale\" content=\"cs_CZ\" \/>\n<meta property=\"og:type\" content=\"article\" \/>\n<meta property=\"og:title\" content=\"Everton - Manchester United 1:1 - Official Czech &amp; Slovak Everton Supporters&#039; Club\" \/>\n<meta property=\"og:description\" content=\"\u017de Blues nezapomn\u011bli hr\u00e1t fotbal, p\u0159edvedli proti Manchesteru United aspo\u0148 v\u00a0posledn\u00edch patn\u00e1cti minut\u00e1ch, tak\u017ee s\u00a0bodem mus\u00ed b\u00fdt spokojenost. Jedna v\u00fdhra&hellip;\" \/>\n<meta property=\"og:url\" content=\"https:\/\/evertonfc.cz\/index.php\/2016\/12\/04\/everton-manchester-united-11\/\" \/>\n<meta property=\"og:site_name\" content=\"Official Czech &amp; Slovak Everton Supporters&#039; Club\" \/>\n<meta property=\"article:publisher\" content=\"https:\/\/www.facebook.com\/everton.fans.cz.sk\" \/>\n<meta property=\"article:published_time\" content=\"2016-12-04T14:23:01+00:00\" \/>\n<meta property=\"article:modified_time\" content=\"2019-02-11T21:30:25+00:00\" \/>\n<meta property=\"og:image\" content=\"https:\/\/evertonfc.cz\/wp-content\/uploads\/2019\/01\/report.jpg\" \/>\n\t<meta property=\"og:image:width\" content=\"720\" \/>\n\t<meta property=\"og:image:height\" content=\"405\" \/>\n\t<meta property=\"og:image:type\" content=\"image\/jpeg\" \/>\n<meta name=\"author\" content=\"Ri\u010di\" \/>\n<meta name=\"twitter:card\" content=\"summary_large_image\" \/>\n<meta name=\"twitter:creator\" content=\"@rbrejsa\" \/>\n<meta name=\"twitter:label1\" content=\"Napsal(a)\" \/>\n\t<meta name=\"twitter:data1\" content=\"Ri\u010di\" \/>\n\t<meta name=\"twitter:label2\" content=\"Odhadovan\u00e1 doba \u010dten\u00ed\" \/>\n\t<meta name=\"twitter:data2\" content=\"4 minuty\" \/>\n<script type=\"application\/ld+json\" class=\"yoast-schema-graph\">{\"@context\":\"https:\/\/schema.org\",\"@graph\":[{\"@type\":\"Article\",\"@id\":\"https:\/\/evertonfc.cz\/index.php\/2016\/12\/04\/everton-manchester-united-11\/#article\",\"isPartOf\":{\"@id\":\"https:\/\/evertonfc.cz\/index.php\/2016\/12\/04\/everton-manchester-united-11\/\"},\"author\":{\"name\":\"Ri\u010di\",\"@id\":\"https:\/\/evertonfc.cz\/#\/schema\/person\/f7a5daedb2ffee98480bc70e191aaef1\"},\"headline\":\"Everton &#8211; Manchester United 1:1\",\"datePublished\":\"2016-12-04T14:23:01+00:00\",\"dateModified\":\"2019-02-11T21:30:25+00:00\",\"mainEntityOfPage\":{\"@id\":\"https:\/\/evertonfc.cz\/index.php\/2016\/12\/04\/everton-manchester-united-11\/\"},\"wordCount\":747,\"commentCount\":0,\"publisher\":{\"@id\":\"https:\/\/evertonfc.cz\/#organization\"},\"image\":{\"@id\":\"https:\/\/evertonfc.cz\/index.php\/2016\/12\/04\/everton-manchester-united-11\/#primaryimage\"},\"thumbnailUrl\":\"https:\/\/evertonfc.cz\/wp-content\/uploads\/2019\/01\/report.jpg\",\"articleSection\":[\"Z\u00e1pasy\"],\"inLanguage\":\"cs\",\"potentialAction\":[{\"@type\":\"CommentAction\",\"name\":\"Comment\",\"target\":[\"https:\/\/evertonfc.cz\/index.php\/2016\/12\/04\/everton-manchester-united-11\/#respond\"]}]},{\"@type\":\"WebPage\",\"@id\":\"https:\/\/evertonfc.cz\/index.php\/2016\/12\/04\/everton-manchester-united-11\/\",\"url\":\"https:\/\/evertonfc.cz\/index.php\/2016\/12\/04\/everton-manchester-united-11\/\",\"name\":\"Everton - Manchester United 1:1 - Official Czech &amp; Slovak Everton Supporters&#039; Club\",\"isPartOf\":{\"@id\":\"https:\/\/evertonfc.cz\/#website\"},\"primaryImageOfPage\":{\"@id\":\"https:\/\/evertonfc.cz\/index.php\/2016\/12\/04\/everton-manchester-united-11\/#primaryimage\"},\"image\":{\"@id\":\"https:\/\/evertonfc.cz\/index.php\/2016\/12\/04\/everton-manchester-united-11\/#primaryimage\"},\"thumbnailUrl\":\"https:\/\/evertonfc.cz\/wp-content\/uploads\/2019\/01\/report.jpg\",\"datePublished\":\"2016-12-04T14:23:01+00:00\",\"dateModified\":\"2019-02-11T21:30:25+00:00\",\"breadcrumb\":{\"@id\":\"https:\/\/evertonfc.cz\/index.php\/2016\/12\/04\/everton-manchester-united-11\/#breadcrumb\"},\"inLanguage\":\"cs\",\"potentialAction\":[{\"@type\":\"ReadAction\",\"target\":[\"https:\/\/evertonfc.cz\/index.php\/2016\/12\/04\/everton-manchester-united-11\/\"]}]},{\"@type\":\"ImageObject\",\"inLanguage\":\"cs\",\"@id\":\"https:\/\/evertonfc.cz\/index.php\/2016\/12\/04\/everton-manchester-united-11\/#primaryimage\",\"url\":\"https:\/\/evertonfc.cz\/wp-content\/uploads\/2019\/01\/report.jpg\",\"contentUrl\":\"https:\/\/evertonfc.cz\/wp-content\/uploads\/2019\/01\/report.jpg\",\"width\":720,\"height\":405},{\"@type\":\"BreadcrumbList\",\"@id\":\"https:\/\/evertonfc.cz\/index.php\/2016\/12\/04\/everton-manchester-united-11\/#breadcrumb\",\"itemListElement\":[{\"@type\":\"ListItem\",\"position\":1,\"name\":\"Home\",\"item\":\"https:\/\/evertonfc.cz\/\"},{\"@type\":\"ListItem\",\"position\":2,\"name\":\"Everton &#8211; Manchester United 1:1\"}]},{\"@type\":\"WebSite\",\"@id\":\"https:\/\/evertonfc.cz\/#website\",\"url\":\"https:\/\/evertonfc.cz\/\",\"name\":\"Official Czech &amp; Slovak Everton Supporters&#039; Club\",\"description\":\"\",\"publisher\":{\"@id\":\"https:\/\/evertonfc.cz\/#organization\"},\"potentialAction\":[{\"@type\":\"SearchAction\",\"target\":{\"@type\":\"EntryPoint\",\"urlTemplate\":\"https:\/\/evertonfc.cz\/?s={search_term_string}\"},\"query-input\":{\"@type\":\"PropertyValueSpecification\",\"valueRequired\":true,\"valueName\":\"search_term_string\"}}],\"inLanguage\":\"cs\"},{\"@type\":\"Organization\",\"@id\":\"https:\/\/evertonfc.cz\/#organization\",\"name\":\"Official Czech & Slovak Everton Supporters' Club\",\"url\":\"https:\/\/evertonfc.cz\/\",\"logo\":{\"@type\":\"ImageObject\",\"inLanguage\":\"cs\",\"@id\":\"https:\/\/evertonfc.cz\/#\/schema\/logo\/image\/\",\"url\":\"https:\/\/evertonfc.cz\/wp-content\/uploads\/2019\/05\/logo.png\",\"contentUrl\":\"https:\/\/evertonfc.cz\/wp-content\/uploads\/2019\/05\/logo.png\",\"width\":112,\"height\":112,\"caption\":\"Official Czech & Slovak Everton Supporters' Club\"},\"image\":{\"@id\":\"https:\/\/evertonfc.cz\/#\/schema\/logo\/image\/\"},\"sameAs\":[\"https:\/\/www.facebook.com\/everton.fans.cz.sk\"]},{\"@type\":\"Person\",\"@id\":\"https:\/\/evertonfc.cz\/#\/schema\/person\/f7a5daedb2ffee98480bc70e191aaef1\",\"name\":\"Ri\u010di\",\"sameAs\":[\"https:\/\/x.com\/rbrejsa\"],\"url\":\"https:\/\/evertonfc.cz\/index.php\/author\/rici\/\"}]}<\/script>\n<!-- \/ Yoast SEO plugin. -->","yoast_head_json":{"title":"Everton - Manchester United 1:1 - Official Czech &amp; Slovak Everton Supporters&#039; Club","robots":{"index":"index","follow":"follow","max-snippet":"max-snippet:-1","max-image-preview":"max-image-preview:large","max-video-preview":"max-video-preview:-1"},"canonical":"https:\/\/evertonfc.cz\/index.php\/2016\/12\/04\/everton-manchester-united-11\/","og_locale":"cs_CZ","og_type":"article","og_title":"Everton - Manchester United 1:1 - Official Czech &amp; Slovak Everton Supporters&#039; Club","og_description":"\u017de Blues nezapomn\u011bli hr\u00e1t fotbal, p\u0159edvedli proti Manchesteru United aspo\u0148 v\u00a0posledn\u00edch patn\u00e1cti minut\u00e1ch, tak\u017ee s\u00a0bodem mus\u00ed b\u00fdt spokojenost. Jedna v\u00fdhra&hellip;","og_url":"https:\/\/evertonfc.cz\/index.php\/2016\/12\/04\/everton-manchester-united-11\/","og_site_name":"Official Czech &amp; Slovak Everton Supporters&#039; Club","article_publisher":"https:\/\/www.facebook.com\/everton.fans.cz.sk","article_published_time":"2016-12-04T14:23:01+00:00","article_modified_time":"2019-02-11T21:30:25+00:00","og_image":[{"width":720,"height":405,"url":"https:\/\/evertonfc.cz\/wp-content\/uploads\/2019\/01\/report.jpg","type":"image\/jpeg"}],"author":"Ri\u010di","twitter_card":"summary_large_image","twitter_creator":"@rbrejsa","twitter_misc":{"Napsal(a)":"Ri\u010di","Odhadovan\u00e1 doba \u010dten\u00ed":"4 minuty"},"schema":{"@context":"https:\/\/schema.org","@graph":[{"@type":"Article","@id":"https:\/\/evertonfc.cz\/index.php\/2016\/12\/04\/everton-manchester-united-11\/#article","isPartOf":{"@id":"https:\/\/evertonfc.cz\/index.php\/2016\/12\/04\/everton-manchester-united-11\/"},"author":{"name":"Ri\u010di","@id":"https:\/\/evertonfc.cz\/#\/schema\/person\/f7a5daedb2ffee98480bc70e191aaef1"},"headline":"Everton &#8211; Manchester United 1:1","datePublished":"2016-12-04T14:23:01+00:00","dateModified":"2019-02-11T21:30:25+00:00","mainEntityOfPage":{"@id":"https:\/\/evertonfc.cz\/index.php\/2016\/12\/04\/everton-manchester-united-11\/"},"wordCount":747,"commentCount":0,"publisher":{"@id":"https:\/\/evertonfc.cz\/#organization"},"image":{"@id":"https:\/\/evertonfc.cz\/index.php\/2016\/12\/04\/everton-manchester-united-11\/#primaryimage"},"thumbnailUrl":"https:\/\/evertonfc.cz\/wp-content\/uploads\/2019\/01\/report.jpg","articleSection":["Z\u00e1pasy"],"inLanguage":"cs","potentialAction":[{"@type":"CommentAction","name":"Comment","target":["https:\/\/evertonfc.cz\/index.php\/2016\/12\/04\/everton-manchester-united-11\/#respond"]}]},{"@type":"WebPage","@id":"https:\/\/evertonfc.cz\/index.php\/2016\/12\/04\/everton-manchester-united-11\/","url":"https:\/\/evertonfc.cz\/index.php\/2016\/12\/04\/everton-manchester-united-11\/","name":"Everton - Manchester United 1:1 - Official Czech &amp; Slovak Everton Supporters&#039; Club","isPartOf":{"@id":"https:\/\/evertonfc.cz\/#website"},"primaryImageOfPage":{"@id":"https:\/\/evertonfc.cz\/index.php\/2016\/12\/04\/everton-manchester-united-11\/#primaryimage"},"image":{"@id":"https:\/\/evertonfc.cz\/index.php\/2016\/12\/04\/everton-manchester-united-11\/#primaryimage"},"thumbnailUrl":"https:\/\/evertonfc.cz\/wp-content\/uploads\/2019\/01\/report.jpg","datePublished":"2016-12-04T14:23:01+00:00","dateModified":"2019-02-11T21:30:25+00:00","breadcrumb":{"@id":"https:\/\/evertonfc.cz\/index.php\/2016\/12\/04\/everton-manchester-united-11\/#breadcrumb"},"inLanguage":"cs","potentialAction":[{"@type":"ReadAction","target":["https:\/\/evertonfc.cz\/index.php\/2016\/12\/04\/everton-manchester-united-11\/"]}]},{"@type":"ImageObject","inLanguage":"cs","@id":"https:\/\/evertonfc.cz\/index.php\/2016\/12\/04\/everton-manchester-united-11\/#primaryimage","url":"https:\/\/evertonfc.cz\/wp-content\/uploads\/2019\/01\/report.jpg","contentUrl":"https:\/\/evertonfc.cz\/wp-content\/uploads\/2019\/01\/report.jpg","width":720,"height":405},{"@type":"BreadcrumbList","@id":"https:\/\/evertonfc.cz\/index.php\/2016\/12\/04\/everton-manchester-united-11\/#breadcrumb","itemListElement":[{"@type":"ListItem","position":1,"name":"Home","item":"https:\/\/evertonfc.cz\/"},{"@type":"ListItem","position":2,"name":"Everton &#8211; Manchester United 1:1"}]},{"@type":"WebSite","@id":"https:\/\/evertonfc.cz\/#website","url":"https:\/\/evertonfc.cz\/","name":"Official Czech &amp; Slovak Everton Supporters&#039; Club","description":"","publisher":{"@id":"https:\/\/evertonfc.cz\/#organization"},"potentialAction":[{"@type":"SearchAction","target":{"@type":"EntryPoint","urlTemplate":"https:\/\/evertonfc.cz\/?s={search_term_string}"},"query-input":{"@type":"PropertyValueSpecification","valueRequired":true,"valueName":"search_term_string"}}],"inLanguage":"cs"},{"@type":"Organization","@id":"https:\/\/evertonfc.cz\/#organization","name":"Official Czech & Slovak Everton Supporters' Club","url":"https:\/\/evertonfc.cz\/","logo":{"@type":"ImageObject","inLanguage":"cs","@id":"https:\/\/evertonfc.cz\/#\/schema\/logo\/image\/","url":"https:\/\/evertonfc.cz\/wp-content\/uploads\/2019\/05\/logo.png","contentUrl":"https:\/\/evertonfc.cz\/wp-content\/uploads\/2019\/05\/logo.png","width":112,"height":112,"caption":"Official Czech & Slovak Everton Supporters' Club"},"image":{"@id":"https:\/\/evertonfc.cz\/#\/schema\/logo\/image\/"},"sameAs":["https:\/\/www.facebook.com\/everton.fans.cz.sk"]},{"@type":"Person","@id":"https:\/\/evertonfc.cz\/#\/schema\/person\/f7a5daedb2ffee98480bc70e191aaef1","name":"Ri\u010di","sameAs":["https:\/\/x.com\/rbrejsa"],"url":"https:\/\/evertonfc.cz\/index.php\/author\/rici\/"}]}},"_links":{"self":[{"href":"https:\/\/evertonfc.cz\/index.php\/wp-json\/wp\/v2\/posts\/3407"}],"collection":[{"href":"https:\/\/evertonfc.cz\/index.php\/wp-json\/wp\/v2\/posts"}],"about":[{"href":"https:\/\/evertonfc.cz\/index.php\/wp-json\/wp\/v2\/types\/post"}],"author":[{"embeddable":true,"href":"https:\/\/evertonfc.cz\/index.php\/wp-json\/wp\/v2\/users\/6"}],"replies":[{"embeddable":true,"href":"https:\/\/evertonfc.cz\/index.php\/wp-json\/wp\/v2\/comments?post=3407"}],"version-history":[{"count":2,"href":"https:\/\/evertonfc.cz\/index.php\/wp-json\/wp\/v2\/posts\/3407\/revisions"}],"predecessor-version":[{"id":3662,"href":"https:\/\/evertonfc.cz\/index.php\/wp-json\/wp\/v2\/posts\/3407\/revisions\/3662"}],"wp:featuredmedia":[{"embeddable":true,"href":"https:\/\/evertonfc.cz\/index.php\/wp-json\/wp\/v2\/media\/1315"}],"wp:attachment":[{"href":"https:\/\/evertonfc.cz\/index.php\/wp-json\/wp\/v2\/media?parent=3407"}],"wp:term":[{"taxonomy":"category","embeddable":true,"href":"https:\/\/evertonfc.cz\/index.php\/wp-json\/wp\/v2\/categories?post=3407"},{"taxonomy":"post_tag","embeddable":true,"href":"https:\/\/evertonfc.cz\/index.php\/wp-json\/wp\/v2\/tags?post=3407"}],"curies":[{"name":"wp","href":"https:\/\/api.w.org\/{rel}","templated":true}]}}