{"id":3414,"date":"2016-11-25T15:28:05","date_gmt":"2016-11-25T14:28:05","guid":{"rendered":"http:\/\/evertonfc.cz\/?p=3414"},"modified":"2020-10-23T16:23:33","modified_gmt":"2020-10-23T14:23:33","slug":"preview-southampton-everton-3","status":"publish","type":"post","link":"https:\/\/evertonfc.cz\/index.php\/2016\/11\/25\/preview-southampton-everton-3\/","title":{"rendered":"Preview: Southampton &#8211; Everton"},"content":{"rendered":"<h4 id=\"NewsPostDetailSummary\">Zp\u011bt na v\u00edt\u011bznou vlnu by se hodilo nasko\u010dit. Na rozd\u00edl od Saints nem\u00e1me v noh\u00e1ch \u010dtvrte\u010dn\u00ed z\u00e1pas Evropsk\u00e9 ligy, kter\u00fd nav\u00edc ned\u011bln\u00ed hostitel\u00e9 prohr\u00e1li. A dva body z posledn\u00edch \u010dty\u0159 utk\u00e1n\u00ed neukazuj\u00ed zrovna na jejich dobrou formu.<\/h4>\n<div id=\"NewsPostDetailContent\">\n<p>V\u00fdkon proti Swansea nebyl dobr\u00fd. Druh\u00fd polo\u010das lep\u0161\u00ed prvn\u00edho, ale doma pouze bod proti p\u0159edposledn\u00edmu t\u00fdmu tabulky? To je zklam\u00e1n\u00ed. Napravit to lze na ji\u017en\u00edm anglick\u00e9m pob\u0159e\u017e\u00ed. Nen\u00ed se \u010deho b\u00e1t, leto\u0161n\u00ed Southampton je pr\u016fm\u011brn\u00fd t\u00fdm, kter\u00fd m\u00e1 probl\u00e9m s postupem ze skupiny Evropsk\u00e9 ligy. Ale l\u00edb\u00ed se mi, \u017ee m\u00e1 po dvan\u00e1cti kolech p\u011bkn\u011b symetrick\u00e9 sk\u00f3re 12:12.<\/p>\n<p>V\u0161ichni \u010dten\u00e1\u0159i tohoto \u010dl\u00e1nku jist\u011b v\u011bd\u00ed, \u017ee pr\u00e1v\u011b odtud p\u0159i\u0161el do Evertonu jeho sou\u010dasn\u00fd mana\u017eer Ronald Koeman. N\u011bkte\u0159\u00ed fanou\u0161ci mu nemohou zapomenout, \u017ee p\u0159i\u0161el do L4 za pen\u011bzi, a tak se ur\u010dit\u00e9 do\u010dk\u00e1 vybu\u010den\u00ed. Siln\u00e9ho? Usly\u0161\u00edme.<\/p>\n<p>Host\u00e9 nehl\u00e1s\u00ed \u017e\u00e1dn\u00e9 nov\u00e9 zran\u011bn\u00ed, tak\u017ee jedin\u00fdmi absent\u00e9ry jsou Be\u0161i\u0107 (koleno, bude p\u0159inejlep\u0161\u00edm v \u00fanoru) a Pennington (stehno). Jednoz\u00e1pasov\u00fd trest si odpykal Barry, \u010dili m\u016f\u017ee nastoupit k ligov\u00e9mu utk\u00e1n\u00ed \u010d\u00edslo 607. Osobn\u011b bych velmi zva\u017eoval nasazen\u00ed Jagielky, i na stoperu se mus\u00ed lid\u00e9 prost\u0159\u00eddat a kapit\u00e1n jde s v\u00fdkony hodn\u011b dol\u016f. Nab\u00edz\u00ed se t\u00e9\u017e postaven\u00ed Roblese do br\u00e1ny, na druhou stranu Stekelenurg tento stadion dob\u0159e zn\u00e1.<\/p>\n<p>Dom\u00e1c\u00ed skoro ur\u010dit\u011b budou postr\u00e1dat Tadi\u0107e, ale to se nen\u00ed co divit, zlomen\u00fd nos je blb\u00e9 zran\u011bn\u00ed. S otazn\u00edkem je nasazen\u00ed Fonteho, kter\u00fd m\u00e1 zran\u011bnou nohu. K t\u00e9matu Koeman se dom\u00e1c\u00ed mana\u017eer Puel vyj\u00e1d\u0159il n\u00e1sledovn\u011b: <em>\u201eOdvedl v Southamptonu velmi dobrou pr\u00e1ci. Hodn\u011b ho uzn\u00e1v\u00e1m.\u201c<\/em><\/p>\n<p>Utk\u00e1n\u00ed vys\u00edl\u00e1 ze z\u00e1znamu stanice Digi sport 1 od 19:40.<\/p>\n<p><strong>Co:\u00a0<\/strong>Southampton FC &#8211; Everton FC, 13. kolo Premier League<br \/>\n<strong>Kdy:<\/strong>\u00a027. 11. 2016 od 17:30 SE\u010c<br \/>\n<strong>Kde:<\/strong>\u00a0Saint Mary\u00b4s Stadium, Britannia road, Southampton, Anglie (kapacita: 32 689)<br \/>\n<strong>Rozhod\u010d\u00ed:<\/strong>\u00a0Craig Pawson<\/p>\n<\/div>\n","protected":false},"excerpt":{"rendered":"<p>Zp\u011bt na v\u00edt\u011bznou vlnu by se hodilo nasko\u010dit. Na rozd\u00edl od Saints nem\u00e1me v noh\u00e1ch \u010dtvrte\u010dn\u00ed z\u00e1pas Evropsk\u00e9 ligy, kter\u00fd&hellip;<\/p>\n","protected":false},"author":12,"featured_media":12698,"comment_status":"open","ping_status":"closed","sticky":false,"template":"","format":"standard","meta":{"_eb_attr":"","_monsterinsights_skip_tracking":false,"_monsterinsights_sitenote_active":false,"_monsterinsights_sitenote_note":"","_monsterinsights_sitenote_category":0,"footnotes":""},"categories":[4],"tags":[],"yoast_head":"<!-- This site is optimized with the Yoast SEO plugin v23.4 - https:\/\/yoast.com\/wordpress\/plugins\/seo\/ -->\n<title>Preview: Southampton - Everton - Official Czech &amp; Slovak Everton Supporters&#039; Club<\/title>\n<meta name=\"robots\" content=\"index, follow, max-snippet:-1, max-image-preview:large, max-video-preview:-1\" \/>\n<link rel=\"canonical\" href=\"https:\/\/evertonfc.cz\/index.php\/2016\/11\/25\/preview-southampton-everton-3\/\" \/>\n<meta property=\"og:locale\" content=\"cs_CZ\" \/>\n<meta property=\"og:type\" content=\"article\" \/>\n<meta property=\"og:title\" content=\"Preview: Southampton - Everton - Official Czech &amp; Slovak Everton Supporters&#039; Club\" \/>\n<meta property=\"og:description\" content=\"Zp\u011bt na v\u00edt\u011bznou vlnu by se hodilo nasko\u010dit. Na rozd\u00edl od Saints nem\u00e1me v noh\u00e1ch \u010dtvrte\u010dn\u00ed z\u00e1pas Evropsk\u00e9 ligy, kter\u00fd&hellip;\" \/>\n<meta property=\"og:url\" content=\"https:\/\/evertonfc.cz\/index.php\/2016\/11\/25\/preview-southampton-everton-3\/\" \/>\n<meta property=\"og:site_name\" content=\"Official Czech &amp; Slovak Everton Supporters&#039; Club\" \/>\n<meta property=\"article:publisher\" content=\"https:\/\/www.facebook.com\/everton.fans.cz.sk\" \/>\n<meta property=\"article:published_time\" content=\"2016-11-25T14:28:05+00:00\" \/>\n<meta property=\"article:modified_time\" content=\"2020-10-23T14:23:33+00:00\" \/>\n<meta property=\"og:image\" content=\"https:\/\/evertonfc.cz\/wp-content\/uploads\/2020\/10\/Southampton-VS-Everton-25-10-2020.png.jpg\" \/>\n\t<meta property=\"og:image:width\" content=\"720\" \/>\n\t<meta property=\"og:image:height\" content=\"405\" \/>\n\t<meta property=\"og:image:type\" content=\"image\/jpeg\" \/>\n<meta name=\"author\" content=\"Javor\" \/>\n<meta name=\"twitter:card\" content=\"summary_large_image\" \/>\n<meta name=\"twitter:creator\" content=\"@LoudinJan\" \/>\n<meta name=\"twitter:label1\" content=\"Napsal(a)\" \/>\n\t<meta name=\"twitter:data1\" content=\"Javor\" \/>\n\t<meta name=\"twitter:label2\" content=\"Odhadovan\u00e1 doba \u010dten\u00ed\" \/>\n\t<meta name=\"twitter:data2\" content=\"2 minuty\" \/>\n<script type=\"application\/ld+json\" class=\"yoast-schema-graph\">{\"@context\":\"https:\/\/schema.org\",\"@graph\":[{\"@type\":\"Article\",\"@id\":\"https:\/\/evertonfc.cz\/index.php\/2016\/11\/25\/preview-southampton-everton-3\/#article\",\"isPartOf\":{\"@id\":\"https:\/\/evertonfc.cz\/index.php\/2016\/11\/25\/preview-southampton-everton-3\/\"},\"author\":{\"name\":\"Javor\",\"@id\":\"https:\/\/evertonfc.cz\/#\/schema\/person\/b30daf6a5852f4811f8207a17ec1bf78\"},\"headline\":\"Preview: Southampton &#8211; Everton\",\"datePublished\":\"2016-11-25T14:28:05+00:00\",\"dateModified\":\"2020-10-23T14:23:33+00:00\",\"mainEntityOfPage\":{\"@id\":\"https:\/\/evertonfc.cz\/index.php\/2016\/11\/25\/preview-southampton-everton-3\/\"},\"wordCount\":368,\"commentCount\":0,\"publisher\":{\"@id\":\"https:\/\/evertonfc.cz\/#organization\"},\"image\":{\"@id\":\"https:\/\/evertonfc.cz\/index.php\/2016\/11\/25\/preview-southampton-everton-3\/#primaryimage\"},\"thumbnailUrl\":\"https:\/\/evertonfc.cz\/wp-content\/uploads\/2020\/10\/Southampton-VS-Everton-25-10-2020.png.jpg\",\"articleSection\":[\"Z\u00e1pasy\"],\"inLanguage\":\"cs\",\"potentialAction\":[{\"@type\":\"CommentAction\",\"name\":\"Comment\",\"target\":[\"https:\/\/evertonfc.cz\/index.php\/2016\/11\/25\/preview-southampton-everton-3\/#respond\"]}]},{\"@type\":\"WebPage\",\"@id\":\"https:\/\/evertonfc.cz\/index.php\/2016\/11\/25\/preview-southampton-everton-3\/\",\"url\":\"https:\/\/evertonfc.cz\/index.php\/2016\/11\/25\/preview-southampton-everton-3\/\",\"name\":\"Preview: Southampton - Everton - Official Czech &amp; Slovak Everton Supporters&#039; Club\",\"isPartOf\":{\"@id\":\"https:\/\/evertonfc.cz\/#website\"},\"primaryImageOfPage\":{\"@id\":\"https:\/\/evertonfc.cz\/index.php\/2016\/11\/25\/preview-southampton-everton-3\/#primaryimage\"},\"image\":{\"@id\":\"https:\/\/evertonfc.cz\/index.php\/2016\/11\/25\/preview-southampton-everton-3\/#primaryimage\"},\"thumbnailUrl\":\"https:\/\/evertonfc.cz\/wp-content\/uploads\/2020\/10\/Southampton-VS-Everton-25-10-2020.png.jpg\",\"datePublished\":\"2016-11-25T14:28:05+00:00\",\"dateModified\":\"2020-10-23T14:23:33+00:00\",\"breadcrumb\":{\"@id\":\"https:\/\/evertonfc.cz\/index.php\/2016\/11\/25\/preview-southampton-everton-3\/#breadcrumb\"},\"inLanguage\":\"cs\",\"potentialAction\":[{\"@type\":\"ReadAction\",\"target\":[\"https:\/\/evertonfc.cz\/index.php\/2016\/11\/25\/preview-southampton-everton-3\/\"]}]},{\"@type\":\"ImageObject\",\"inLanguage\":\"cs\",\"@id\":\"https:\/\/evertonfc.cz\/index.php\/2016\/11\/25\/preview-southampton-everton-3\/#primaryimage\",\"url\":\"https:\/\/evertonfc.cz\/wp-content\/uploads\/2020\/10\/Southampton-VS-Everton-25-10-2020.png.jpg\",\"contentUrl\":\"https:\/\/evertonfc.cz\/wp-content\/uploads\/2020\/10\/Southampton-VS-Everton-25-10-2020.png.jpg\",\"width\":720,\"height\":405},{\"@type\":\"BreadcrumbList\",\"@id\":\"https:\/\/evertonfc.cz\/index.php\/2016\/11\/25\/preview-southampton-everton-3\/#breadcrumb\",\"itemListElement\":[{\"@type\":\"ListItem\",\"position\":1,\"name\":\"Home\",\"item\":\"https:\/\/evertonfc.cz\/\"},{\"@type\":\"ListItem\",\"position\":2,\"name\":\"Preview: Southampton &#8211; Everton\"}]},{\"@type\":\"WebSite\",\"@id\":\"https:\/\/evertonfc.cz\/#website\",\"url\":\"https:\/\/evertonfc.cz\/\",\"name\":\"Official Czech &amp; Slovak Everton Supporters&#039; Club\",\"description\":\"\",\"publisher\":{\"@id\":\"https:\/\/evertonfc.cz\/#organization\"},\"potentialAction\":[{\"@type\":\"SearchAction\",\"target\":{\"@type\":\"EntryPoint\",\"urlTemplate\":\"https:\/\/evertonfc.cz\/?s={search_term_string}\"},\"query-input\":{\"@type\":\"PropertyValueSpecification\",\"valueRequired\":true,\"valueName\":\"search_term_string\"}}],\"inLanguage\":\"cs\"},{\"@type\":\"Organization\",\"@id\":\"https:\/\/evertonfc.cz\/#organization\",\"name\":\"Official Czech & Slovak Everton Supporters' Club\",\"url\":\"https:\/\/evertonfc.cz\/\",\"logo\":{\"@type\":\"ImageObject\",\"inLanguage\":\"cs\",\"@id\":\"https:\/\/evertonfc.cz\/#\/schema\/logo\/image\/\",\"url\":\"https:\/\/evertonfc.cz\/wp-content\/uploads\/2019\/05\/logo.png\",\"contentUrl\":\"https:\/\/evertonfc.cz\/wp-content\/uploads\/2019\/05\/logo.png\",\"width\":112,\"height\":112,\"caption\":\"Official Czech & Slovak Everton Supporters' Club\"},\"image\":{\"@id\":\"https:\/\/evertonfc.cz\/#\/schema\/logo\/image\/\"},\"sameAs\":[\"https:\/\/www.facebook.com\/everton.fans.cz.sk\"]},{\"@type\":\"Person\",\"@id\":\"https:\/\/evertonfc.cz\/#\/schema\/person\/b30daf6a5852f4811f8207a17ec1bf78\",\"name\":\"Javor\",\"sameAs\":[\"https:\/\/x.com\/LoudinJan\"],\"url\":\"https:\/\/evertonfc.cz\/index.php\/author\/javor\/\"}]}<\/script>\n<!-- \/ Yoast SEO plugin. -->","yoast_head_json":{"title":"Preview: Southampton - Everton - Official Czech &amp; Slovak Everton Supporters&#039; Club","robots":{"index":"index","follow":"follow","max-snippet":"max-snippet:-1","max-image-preview":"max-image-preview:large","max-video-preview":"max-video-preview:-1"},"canonical":"https:\/\/evertonfc.cz\/index.php\/2016\/11\/25\/preview-southampton-everton-3\/","og_locale":"cs_CZ","og_type":"article","og_title":"Preview: Southampton - Everton - Official Czech &amp; Slovak Everton Supporters&#039; Club","og_description":"Zp\u011bt na v\u00edt\u011bznou vlnu by se hodilo nasko\u010dit. Na rozd\u00edl od Saints nem\u00e1me v noh\u00e1ch \u010dtvrte\u010dn\u00ed z\u00e1pas Evropsk\u00e9 ligy, kter\u00fd&hellip;","og_url":"https:\/\/evertonfc.cz\/index.php\/2016\/11\/25\/preview-southampton-everton-3\/","og_site_name":"Official Czech &amp; Slovak Everton Supporters&#039; Club","article_publisher":"https:\/\/www.facebook.com\/everton.fans.cz.sk","article_published_time":"2016-11-25T14:28:05+00:00","article_modified_time":"2020-10-23T14:23:33+00:00","og_image":[{"width":720,"height":405,"url":"https:\/\/evertonfc.cz\/wp-content\/uploads\/2020\/10\/Southampton-VS-Everton-25-10-2020.png.jpg","type":"image\/jpeg"}],"author":"Javor","twitter_card":"summary_large_image","twitter_creator":"@LoudinJan","twitter_misc":{"Napsal(a)":"Javor","Odhadovan\u00e1 doba \u010dten\u00ed":"2 minuty"},"schema":{"@context":"https:\/\/schema.org","@graph":[{"@type":"Article","@id":"https:\/\/evertonfc.cz\/index.php\/2016\/11\/25\/preview-southampton-everton-3\/#article","isPartOf":{"@id":"https:\/\/evertonfc.cz\/index.php\/2016\/11\/25\/preview-southampton-everton-3\/"},"author":{"name":"Javor","@id":"https:\/\/evertonfc.cz\/#\/schema\/person\/b30daf6a5852f4811f8207a17ec1bf78"},"headline":"Preview: Southampton &#8211; Everton","datePublished":"2016-11-25T14:28:05+00:00","dateModified":"2020-10-23T14:23:33+00:00","mainEntityOfPage":{"@id":"https:\/\/evertonfc.cz\/index.php\/2016\/11\/25\/preview-southampton-everton-3\/"},"wordCount":368,"commentCount":0,"publisher":{"@id":"https:\/\/evertonfc.cz\/#organization"},"image":{"@id":"https:\/\/evertonfc.cz\/index.php\/2016\/11\/25\/preview-southampton-everton-3\/#primaryimage"},"thumbnailUrl":"https:\/\/evertonfc.cz\/wp-content\/uploads\/2020\/10\/Southampton-VS-Everton-25-10-2020.png.jpg","articleSection":["Z\u00e1pasy"],"inLanguage":"cs","potentialAction":[{"@type":"CommentAction","name":"Comment","target":["https:\/\/evertonfc.cz\/index.php\/2016\/11\/25\/preview-southampton-everton-3\/#respond"]}]},{"@type":"WebPage","@id":"https:\/\/evertonfc.cz\/index.php\/2016\/11\/25\/preview-southampton-everton-3\/","url":"https:\/\/evertonfc.cz\/index.php\/2016\/11\/25\/preview-southampton-everton-3\/","name":"Preview: Southampton - Everton - Official Czech &amp; Slovak Everton Supporters&#039; Club","isPartOf":{"@id":"https:\/\/evertonfc.cz\/#website"},"primaryImageOfPage":{"@id":"https:\/\/evertonfc.cz\/index.php\/2016\/11\/25\/preview-southampton-everton-3\/#primaryimage"},"image":{"@id":"https:\/\/evertonfc.cz\/index.php\/2016\/11\/25\/preview-southampton-everton-3\/#primaryimage"},"thumbnailUrl":"https:\/\/evertonfc.cz\/wp-content\/uploads\/2020\/10\/Southampton-VS-Everton-25-10-2020.png.jpg","datePublished":"2016-11-25T14:28:05+00:00","dateModified":"2020-10-23T14:23:33+00:00","breadcrumb":{"@id":"https:\/\/evertonfc.cz\/index.php\/2016\/11\/25\/preview-southampton-everton-3\/#breadcrumb"},"inLanguage":"cs","potentialAction":[{"@type":"ReadAction","target":["https:\/\/evertonfc.cz\/index.php\/2016\/11\/25\/preview-southampton-everton-3\/"]}]},{"@type":"ImageObject","inLanguage":"cs","@id":"https:\/\/evertonfc.cz\/index.php\/2016\/11\/25\/preview-southampton-everton-3\/#primaryimage","url":"https:\/\/evertonfc.cz\/wp-content\/uploads\/2020\/10\/Southampton-VS-Everton-25-10-2020.png.jpg","contentUrl":"https:\/\/evertonfc.cz\/wp-content\/uploads\/2020\/10\/Southampton-VS-Everton-25-10-2020.png.jpg","width":720,"height":405},{"@type":"BreadcrumbList","@id":"https:\/\/evertonfc.cz\/index.php\/2016\/11\/25\/preview-southampton-everton-3\/#breadcrumb","itemListElement":[{"@type":"ListItem","position":1,"name":"Home","item":"https:\/\/evertonfc.cz\/"},{"@type":"ListItem","position":2,"name":"Preview: Southampton &#8211; Everton"}]},{"@type":"WebSite","@id":"https:\/\/evertonfc.cz\/#website","url":"https:\/\/evertonfc.cz\/","name":"Official Czech &amp; Slovak Everton Supporters&#039; Club","description":"","publisher":{"@id":"https:\/\/evertonfc.cz\/#organization"},"potentialAction":[{"@type":"SearchAction","target":{"@type":"EntryPoint","urlTemplate":"https:\/\/evertonfc.cz\/?s={search_term_string}"},"query-input":{"@type":"PropertyValueSpecification","valueRequired":true,"valueName":"search_term_string"}}],"inLanguage":"cs"},{"@type":"Organization","@id":"https:\/\/evertonfc.cz\/#organization","name":"Official Czech & Slovak Everton Supporters' Club","url":"https:\/\/evertonfc.cz\/","logo":{"@type":"ImageObject","inLanguage":"cs","@id":"https:\/\/evertonfc.cz\/#\/schema\/logo\/image\/","url":"https:\/\/evertonfc.cz\/wp-content\/uploads\/2019\/05\/logo.png","contentUrl":"https:\/\/evertonfc.cz\/wp-content\/uploads\/2019\/05\/logo.png","width":112,"height":112,"caption":"Official Czech & Slovak Everton Supporters' Club"},"image":{"@id":"https:\/\/evertonfc.cz\/#\/schema\/logo\/image\/"},"sameAs":["https:\/\/www.facebook.com\/everton.fans.cz.sk"]},{"@type":"Person","@id":"https:\/\/evertonfc.cz\/#\/schema\/person\/b30daf6a5852f4811f8207a17ec1bf78","name":"Javor","sameAs":["https:\/\/x.com\/LoudinJan"],"url":"https:\/\/evertonfc.cz\/index.php\/author\/javor\/"}]}},"_links":{"self":[{"href":"https:\/\/evertonfc.cz\/index.php\/wp-json\/wp\/v2\/posts\/3414"}],"collection":[{"href":"https:\/\/evertonfc.cz\/index.php\/wp-json\/wp\/v2\/posts"}],"about":[{"href":"https:\/\/evertonfc.cz\/index.php\/wp-json\/wp\/v2\/types\/post"}],"author":[{"embeddable":true,"href":"https:\/\/evertonfc.cz\/index.php\/wp-json\/wp\/v2\/users\/12"}],"replies":[{"embeddable":true,"href":"https:\/\/evertonfc.cz\/index.php\/wp-json\/wp\/v2\/comments?post=3414"}],"version-history":[{"count":3,"href":"https:\/\/evertonfc.cz\/index.php\/wp-json\/wp\/v2\/posts\/3414\/revisions"}],"predecessor-version":[{"id":3477,"href":"https:\/\/evertonfc.cz\/index.php\/wp-json\/wp\/v2\/posts\/3414\/revisions\/3477"}],"wp:featuredmedia":[{"embeddable":true,"href":"https:\/\/evertonfc.cz\/index.php\/wp-json\/wp\/v2\/media\/12698"}],"wp:attachment":[{"href":"https:\/\/evertonfc.cz\/index.php\/wp-json\/wp\/v2\/media?parent=3414"}],"wp:term":[{"taxonomy":"category","embeddable":true,"href":"https:\/\/evertonfc.cz\/index.php\/wp-json\/wp\/v2\/categories?post=3414"},{"taxonomy":"post_tag","embeddable":true,"href":"https:\/\/evertonfc.cz\/index.php\/wp-json\/wp\/v2\/tags?post=3414"}],"curies":[{"name":"wp","href":"https:\/\/api.w.org\/{rel}","templated":true}]}}