{"id":3416,"date":"2016-11-24T15:29:42","date_gmt":"2016-11-24T14:29:42","guid":{"rendered":"http:\/\/evertonfc.cz\/?p=3416"},"modified":"2020-05-14T12:23:27","modified_gmt":"2020-05-14T10:23:27","slug":"czech-and-slovak-everton-supporters-club-oficialne-schvaleny","status":"publish","type":"post","link":"https:\/\/evertonfc.cz\/index.php\/2016\/11\/24\/czech-and-slovak-everton-supporters-club-oficialne-schvaleny\/","title":{"rendered":"Czech and Slovak Everton Supporters Club ofici\u00e1lne schv\u00e1len\u00fd"},"content":{"rendered":"<h4 id=\"NewsPostDetailSummary\">Minul\u00fd t\u00fd\u017ede\u0148 sme obdr\u017eali od Everton F.C. certifik\u00e1t ofici\u00e1lne potvrdzuj\u00faci n\u00e1\u0161 EFC Supporters\u00b4Club pre \u010cesk\u00fa republiku a Slovensko aj na \u010fal\u0161iu, v porad\u00ed u\u017e tretiu sez\u00f3nu za sebou.<\/h4>\n<div id=\"NewsPostDetailContent\">\n<p>Ofici\u00e1lne potvrdenie n\u00e1\u0161ho klubu s n\u00e1zvom &#8222;Czech and Slovak Everton Supporters Club&#8220; je podp\u00edsan\u00e9 mana\u017e\u00e9rom EFC Ronaldom Koemanom &#8211; kto e\u0161te nevidel jeho podpis, m\u00e1 t\u00fa mo\u017enos\u0165 na fotografii \u010d. 1 \ud83d\ude42 \u00a0K nemu je pripojen\u00fd list (fotka \u010d. 2) a 2 ks pozornosti vo forme z\u00e1pisn\u00edkov EFC na rok 2017 (fotka \u010d. 3). Z\u00e1pisn\u00edky navrhujem da\u0165 t\u00fdm, ktor\u00ed p\u00ed\u0161u najviac \u010dl\u00e1nkov na na\u0161u str\u00e1nku, t. j. Ri\u010di. Javor a Blueblooded &#8211; pros\u00edm dohodnite sa ktor\u00fdm z V\u00e1s ich odovzd\u00e1m \ud83d\ude42<\/p>\n<p>Len pripom\u00ednam, \u017ee hlavn\u00fdm mot\u00edvom pre pokra\u010dovanie klubu \u010desk\u00fdch a slovensk\u00fdch podporovate\u013eov Everton F.C. je predov\u0161etk\u00fdm snaha aj touto malou kvapkou pom\u00f4c\u0165 Evertonu v\u00a0komer\u010dnej oblasti. Aj t\u00fato sez\u00f3nu, tak ako predo\u0161l\u00fa, m\u00e1me 26 \u010dlenov.<\/p>\n<p>Pre pripomenutie uv\u00e1dzam aj zoznam benefitov uv\u00e1dzan\u00fd klubom\u00a0pre zahrani\u010dn\u00fd klub podporovate\u013eov pre sez\u00f3nu 2016\/2017:<\/p>\n<p>1. Pr\u00edstup (samozrejme limitovan\u00fd dostupnos\u0165ou) k l\u00edstkom na v\u0161etky dom\u00e1ce ligov\u00e9 z\u00e1pasy a dom\u00e1ce poh\u00e1rov\u00e9 z\u00e1pasy Evertonu. Po\u010det l\u00edstkov, o\u00a0ktor\u00e9 by sme \u017eiadali na niektor\u00fd z\u00e1pas, nesmie prekro\u010di\u0165 po\u010det \u010dlenov fan klubu.<\/p>\n<p>2. Skupinov\u00e9 z\u013eavy na nasledovn\u00e9 z\u00e1pasy:<\/p>\n<p>\u2022 Everton v Swansea City &#8211; 19 november \u00a325 dospel\u00ed, \u00a312.50 mladistv\u00ed (15 rokov a\u00a0menej)<\/p>\n<p>\u2022 Everton v Bournemouth &#8211; 4 febru\u00e1r \u00a325 dospel\u00ed, \u00a312.50 mladistv\u00ed (15 rokov a\u00a0menej)<\/p>\n<p>\u2022 Everton v Hull &#8211; 18 marec \u00a325 dospel\u00ed, \u00a312.50 mladistv\u00ed (15 rokov a\u00a0menej)<\/p>\n<p>\u2022 Everton v Burnley &#8211; 15 apr\u00edl \u00a325 dospel\u00ed, \u00a35 mladistv\u00ed (15 rokov a\u00a0menej)<\/p>\n<p>4. Zahrnutie do akcie fan klubov Everton FC v de\u0148 z\u00e1pasu.<\/p>\n<p>5. Pozvanie na akcie a\u00a0aktivity exkluz\u00edvne organizovan\u00e9 pre kluby podporovate\u013eov.<\/p>\n<p>6. Certifik\u00e1t ofici\u00e1lneho klubu podporovate\u013eov (fan klubu) Everton F.C.<\/p>\n<p>7. Potvrdenie o\u00a0pr\u00e1ve pou\u017e\u00edva\u0165 logo klubu a\u00a0ostatn\u00e9 znaky vlastnen\u00e9 klubom na nekomer\u010dn\u00e9 \u00fa\u010dely.<\/p>\n<p>8. Zasielanie noviniek emailom.<\/p>\n<p>9. Zisk jedn\u00e9ho hr\u00e1\u010dmi EFC podp\u00edsan\u00e9ho suven\u00edru (o ten mus\u00edme po\u017eiada\u0165 do 3. 4. 2017). Suven\u00edry z minul\u00fdch sez\u00f3n sme s\u00edce neobdr\u017eali \ud83d\ude42 n\u00e1deje sa ale nevzd\u00e1vame a\u00a0budeme o\u00a0nich \u017eiada\u0165 \u010falej.<\/p>\n<p>10. Pr\u00edstup do online Internet Directory na ofici\u00e1lnej str\u00e1nke evertonfc.com.<\/p>\n<p>11. Z\u00e1stupcovia n\u00e1\u0161ho Supporter\u00b4s klubu sa bud\u00fa m\u00f4c\u0165 z\u00fa\u010dastni\u0165 15. apr\u00edla \u201eflag parade\u201c (z\u00e1stupca SC s\u00a0jeho vlajkou prejde s\u00a0ostatn\u00fdmi \u010destn\u00e9 kole\u010dko v\u00a0Goodison Parku).<\/p>\n<p>12. Mo\u017enos\u0165 \u00a0z\u00fa\u010dastni\u0165 sa \u00a0Everton Football Club Supporters\u2019 Club Tour, klubom organizovan\u00fa akciu \u201eHr\u00e1\u010d sez\u00f3ny Everton F.C.\u201c, viano\u010dn\u00fa akciu fan klubov EFC a\u00a0nav\u0161t\u00edvi\u0165 Finch Farm ako klub podporovate\u013eov.<\/p>\n<p>A je tu e\u0161te jedna v\u00fdhoda, neuv\u00e1dzan\u00e1 ofici\u00e1lne. Pre Supporters kluby je EFC ochotn\u00fd spravi\u0165 t\u00faru aj po Finch Farm, samozrejme museli by sme tam pr\u00eds\u0165 v istom minim\u00e1lnom po\u010dte, pre jedn\u00e9ho \u010di dvoch to pravdepodobne nespravia. Ale ak by sa n\u00e1m napr. podarilo spravi\u0165 bud\u00facoro\u010dn\u00fd zraz tak ako o tom niektor\u00ed uva\u017eujeme &#8211; rovno na z\u00e1pase EFC &#8211; a bolo by n\u00e1s hoc len 6 &#8211; 8, takej skupine u\u017e tour po Finch Farm EFC sprav\u00ed. Z\u00e1rove\u0148 klub eviduje ako dlho SC funguje a dlhodob\u00fa lojalitu oce\u0148uje. Napr\u00edklad v\u00fdjazd dlhoro\u010dn\u00e9ho SC zo \u0160v\u00e9dska sa do\u010dkal stretnutia s legendami i aktu\u00e1lnymi hr\u00e1\u010dmi po\u010das ich kolekt\u00edvneho v\u00fdjazdu. Do bud\u00facna m\u00f4\u017eeme v ide\u00e1lnom pr\u00edpade prem\u00fd\u0161\u013ea\u0165 aj o nie\u010dom takom.<\/p>\n<p>\u010eakujem v\u0161etk\u00fdm, ktor\u00ed si zachovali \u010dlenstvo v na\u0161om CS Everton Supporters Club-e aj na t\u00fato sez\u00f3nu, ktor\u00e1 sa ver\u00edm bude postupne zlep\u0161ova\u0165.<\/p>\n<p>Pekn\u00e9 dni priatelia a priate\u013eky \ud83d\ude42<\/p>\n<\/div>\n","protected":false},"excerpt":{"rendered":"<p>Minul\u00fd t\u00fd\u017ede\u0148 sme obdr\u017eali od Everton F.C. certifik\u00e1t ofici\u00e1lne potvrdzuj\u00faci n\u00e1\u0161 EFC Supporters\u00b4Club pre \u010cesk\u00fa republiku a Slovensko aj na&hellip;<\/p>\n","protected":false},"author":23,"featured_media":1313,"comment_status":"open","ping_status":"closed","sticky":false,"template":"","format":"standard","meta":{"_eb_attr":"","_monsterinsights_skip_tracking":false,"_monsterinsights_sitenote_active":false,"_monsterinsights_sitenote_note":"","_monsterinsights_sitenote_category":0,"footnotes":""},"categories":[85],"tags":[],"yoast_head":"<!-- This site is optimized with the Yoast SEO plugin v23.4 - https:\/\/yoast.com\/wordpress\/plugins\/seo\/ -->\n<title>Czech and Slovak Everton Supporters Club ofici\u00e1lne schv\u00e1len\u00fd - Official Czech &amp; Slovak Everton Supporters&#039; Club<\/title>\n<meta name=\"robots\" content=\"index, follow, max-snippet:-1, max-image-preview:large, max-video-preview:-1\" \/>\n<link rel=\"canonical\" href=\"https:\/\/evertonfc.cz\/index.php\/2016\/11\/24\/czech-and-slovak-everton-supporters-club-oficialne-schvaleny\/\" \/>\n<meta property=\"og:locale\" content=\"cs_CZ\" \/>\n<meta property=\"og:type\" content=\"article\" \/>\n<meta property=\"og:title\" content=\"Czech and Slovak Everton Supporters Club ofici\u00e1lne schv\u00e1len\u00fd - Official Czech &amp; Slovak Everton Supporters&#039; Club\" \/>\n<meta property=\"og:description\" content=\"Minul\u00fd t\u00fd\u017ede\u0148 sme obdr\u017eali od Everton F.C. certifik\u00e1t ofici\u00e1lne potvrdzuj\u00faci n\u00e1\u0161 EFC Supporters\u00b4Club pre \u010cesk\u00fa republiku a Slovensko aj na&hellip;\" \/>\n<meta property=\"og:url\" content=\"https:\/\/evertonfc.cz\/index.php\/2016\/11\/24\/czech-and-slovak-everton-supporters-club-oficialne-schvaleny\/\" \/>\n<meta property=\"og:site_name\" content=\"Official Czech &amp; Slovak Everton Supporters&#039; Club\" \/>\n<meta property=\"article:publisher\" content=\"https:\/\/www.facebook.com\/everton.fans.cz.sk\" \/>\n<meta property=\"article:published_time\" content=\"2016-11-24T14:29:42+00:00\" \/>\n<meta property=\"article:modified_time\" content=\"2020-05-14T10:23:27+00:00\" \/>\n<meta property=\"og:image\" content=\"https:\/\/evertonfc.cz\/wp-content\/uploads\/2019\/01\/news.jpg\" \/>\n\t<meta property=\"og:image:width\" content=\"720\" \/>\n\t<meta property=\"og:image:height\" content=\"405\" \/>\n\t<meta property=\"og:image:type\" content=\"image\/jpeg\" \/>\n<meta name=\"author\" content=\"Everton1878\" \/>\n<meta name=\"twitter:card\" content=\"summary_large_image\" \/>\n<meta name=\"twitter:label1\" content=\"Napsal(a)\" \/>\n\t<meta name=\"twitter:data1\" content=\"Everton1878\" \/>\n\t<meta name=\"twitter:label2\" content=\"Odhadovan\u00e1 doba \u010dten\u00ed\" \/>\n\t<meta name=\"twitter:data2\" content=\"3 minuty\" \/>\n<script type=\"application\/ld+json\" class=\"yoast-schema-graph\">{\"@context\":\"https:\/\/schema.org\",\"@graph\":[{\"@type\":\"Article\",\"@id\":\"https:\/\/evertonfc.cz\/index.php\/2016\/11\/24\/czech-and-slovak-everton-supporters-club-oficialne-schvaleny\/#article\",\"isPartOf\":{\"@id\":\"https:\/\/evertonfc.cz\/index.php\/2016\/11\/24\/czech-and-slovak-everton-supporters-club-oficialne-schvaleny\/\"},\"author\":{\"name\":\"Everton1878\",\"@id\":\"https:\/\/evertonfc.cz\/#\/schema\/person\/c495ad9c14eabaab7ff243473d85758c\"},\"headline\":\"Czech and Slovak Everton Supporters Club ofici\u00e1lne schv\u00e1len\u00fd\",\"datePublished\":\"2016-11-24T14:29:42+00:00\",\"dateModified\":\"2020-05-14T10:23:27+00:00\",\"mainEntityOfPage\":{\"@id\":\"https:\/\/evertonfc.cz\/index.php\/2016\/11\/24\/czech-and-slovak-everton-supporters-club-oficialne-schvaleny\/\"},\"wordCount\":668,\"commentCount\":0,\"publisher\":{\"@id\":\"https:\/\/evertonfc.cz\/#organization\"},\"image\":{\"@id\":\"https:\/\/evertonfc.cz\/index.php\/2016\/11\/24\/czech-and-slovak-everton-supporters-club-oficialne-schvaleny\/#primaryimage\"},\"thumbnailUrl\":\"https:\/\/evertonfc.cz\/wp-content\/uploads\/2019\/01\/news.jpg\",\"articleSection\":[\"Supporters' Club\"],\"inLanguage\":\"cs\",\"potentialAction\":[{\"@type\":\"CommentAction\",\"name\":\"Comment\",\"target\":[\"https:\/\/evertonfc.cz\/index.php\/2016\/11\/24\/czech-and-slovak-everton-supporters-club-oficialne-schvaleny\/#respond\"]}]},{\"@type\":\"WebPage\",\"@id\":\"https:\/\/evertonfc.cz\/index.php\/2016\/11\/24\/czech-and-slovak-everton-supporters-club-oficialne-schvaleny\/\",\"url\":\"https:\/\/evertonfc.cz\/index.php\/2016\/11\/24\/czech-and-slovak-everton-supporters-club-oficialne-schvaleny\/\",\"name\":\"Czech and Slovak Everton Supporters Club ofici\u00e1lne schv\u00e1len\u00fd - Official Czech &amp; Slovak Everton Supporters&#039; Club\",\"isPartOf\":{\"@id\":\"https:\/\/evertonfc.cz\/#website\"},\"primaryImageOfPage\":{\"@id\":\"https:\/\/evertonfc.cz\/index.php\/2016\/11\/24\/czech-and-slovak-everton-supporters-club-oficialne-schvaleny\/#primaryimage\"},\"image\":{\"@id\":\"https:\/\/evertonfc.cz\/index.php\/2016\/11\/24\/czech-and-slovak-everton-supporters-club-oficialne-schvaleny\/#primaryimage\"},\"thumbnailUrl\":\"https:\/\/evertonfc.cz\/wp-content\/uploads\/2019\/01\/news.jpg\",\"datePublished\":\"2016-11-24T14:29:42+00:00\",\"dateModified\":\"2020-05-14T10:23:27+00:00\",\"breadcrumb\":{\"@id\":\"https:\/\/evertonfc.cz\/index.php\/2016\/11\/24\/czech-and-slovak-everton-supporters-club-oficialne-schvaleny\/#breadcrumb\"},\"inLanguage\":\"cs\",\"potentialAction\":[{\"@type\":\"ReadAction\",\"target\":[\"https:\/\/evertonfc.cz\/index.php\/2016\/11\/24\/czech-and-slovak-everton-supporters-club-oficialne-schvaleny\/\"]}]},{\"@type\":\"ImageObject\",\"inLanguage\":\"cs\",\"@id\":\"https:\/\/evertonfc.cz\/index.php\/2016\/11\/24\/czech-and-slovak-everton-supporters-club-oficialne-schvaleny\/#primaryimage\",\"url\":\"https:\/\/evertonfc.cz\/wp-content\/uploads\/2019\/01\/news.jpg\",\"contentUrl\":\"https:\/\/evertonfc.cz\/wp-content\/uploads\/2019\/01\/news.jpg\",\"width\":720,\"height\":405},{\"@type\":\"BreadcrumbList\",\"@id\":\"https:\/\/evertonfc.cz\/index.php\/2016\/11\/24\/czech-and-slovak-everton-supporters-club-oficialne-schvaleny\/#breadcrumb\",\"itemListElement\":[{\"@type\":\"ListItem\",\"position\":1,\"name\":\"Home\",\"item\":\"https:\/\/evertonfc.cz\/\"},{\"@type\":\"ListItem\",\"position\":2,\"name\":\"Czech and Slovak Everton Supporters Club ofici\u00e1lne schv\u00e1len\u00fd\"}]},{\"@type\":\"WebSite\",\"@id\":\"https:\/\/evertonfc.cz\/#website\",\"url\":\"https:\/\/evertonfc.cz\/\",\"name\":\"Official Czech &amp; Slovak Everton Supporters&#039; Club\",\"description\":\"\",\"publisher\":{\"@id\":\"https:\/\/evertonfc.cz\/#organization\"},\"potentialAction\":[{\"@type\":\"SearchAction\",\"target\":{\"@type\":\"EntryPoint\",\"urlTemplate\":\"https:\/\/evertonfc.cz\/?s={search_term_string}\"},\"query-input\":{\"@type\":\"PropertyValueSpecification\",\"valueRequired\":true,\"valueName\":\"search_term_string\"}}],\"inLanguage\":\"cs\"},{\"@type\":\"Organization\",\"@id\":\"https:\/\/evertonfc.cz\/#organization\",\"name\":\"Official Czech & Slovak Everton Supporters' Club\",\"url\":\"https:\/\/evertonfc.cz\/\",\"logo\":{\"@type\":\"ImageObject\",\"inLanguage\":\"cs\",\"@id\":\"https:\/\/evertonfc.cz\/#\/schema\/logo\/image\/\",\"url\":\"https:\/\/evertonfc.cz\/wp-content\/uploads\/2019\/05\/logo.png\",\"contentUrl\":\"https:\/\/evertonfc.cz\/wp-content\/uploads\/2019\/05\/logo.png\",\"width\":112,\"height\":112,\"caption\":\"Official Czech & Slovak Everton Supporters' Club\"},\"image\":{\"@id\":\"https:\/\/evertonfc.cz\/#\/schema\/logo\/image\/\"},\"sameAs\":[\"https:\/\/www.facebook.com\/everton.fans.cz.sk\"]},{\"@type\":\"Person\",\"@id\":\"https:\/\/evertonfc.cz\/#\/schema\/person\/c495ad9c14eabaab7ff243473d85758c\",\"name\":\"Everton1878\",\"url\":\"https:\/\/evertonfc.cz\/index.php\/author\/everton1878\/\"}]}<\/script>\n<!-- \/ Yoast SEO plugin. -->","yoast_head_json":{"title":"Czech and Slovak Everton Supporters Club ofici\u00e1lne schv\u00e1len\u00fd - Official Czech &amp; Slovak Everton Supporters&#039; Club","robots":{"index":"index","follow":"follow","max-snippet":"max-snippet:-1","max-image-preview":"max-image-preview:large","max-video-preview":"max-video-preview:-1"},"canonical":"https:\/\/evertonfc.cz\/index.php\/2016\/11\/24\/czech-and-slovak-everton-supporters-club-oficialne-schvaleny\/","og_locale":"cs_CZ","og_type":"article","og_title":"Czech and Slovak Everton Supporters Club ofici\u00e1lne schv\u00e1len\u00fd - Official Czech &amp; Slovak Everton Supporters&#039; Club","og_description":"Minul\u00fd t\u00fd\u017ede\u0148 sme obdr\u017eali od Everton F.C. certifik\u00e1t ofici\u00e1lne potvrdzuj\u00faci n\u00e1\u0161 EFC Supporters\u00b4Club pre \u010cesk\u00fa republiku a Slovensko aj na&hellip;","og_url":"https:\/\/evertonfc.cz\/index.php\/2016\/11\/24\/czech-and-slovak-everton-supporters-club-oficialne-schvaleny\/","og_site_name":"Official Czech &amp; Slovak Everton Supporters&#039; Club","article_publisher":"https:\/\/www.facebook.com\/everton.fans.cz.sk","article_published_time":"2016-11-24T14:29:42+00:00","article_modified_time":"2020-05-14T10:23:27+00:00","og_image":[{"width":720,"height":405,"url":"https:\/\/evertonfc.cz\/wp-content\/uploads\/2019\/01\/news.jpg","type":"image\/jpeg"}],"author":"Everton1878","twitter_card":"summary_large_image","twitter_misc":{"Napsal(a)":"Everton1878","Odhadovan\u00e1 doba \u010dten\u00ed":"3 minuty"},"schema":{"@context":"https:\/\/schema.org","@graph":[{"@type":"Article","@id":"https:\/\/evertonfc.cz\/index.php\/2016\/11\/24\/czech-and-slovak-everton-supporters-club-oficialne-schvaleny\/#article","isPartOf":{"@id":"https:\/\/evertonfc.cz\/index.php\/2016\/11\/24\/czech-and-slovak-everton-supporters-club-oficialne-schvaleny\/"},"author":{"name":"Everton1878","@id":"https:\/\/evertonfc.cz\/#\/schema\/person\/c495ad9c14eabaab7ff243473d85758c"},"headline":"Czech and Slovak Everton Supporters Club ofici\u00e1lne schv\u00e1len\u00fd","datePublished":"2016-11-24T14:29:42+00:00","dateModified":"2020-05-14T10:23:27+00:00","mainEntityOfPage":{"@id":"https:\/\/evertonfc.cz\/index.php\/2016\/11\/24\/czech-and-slovak-everton-supporters-club-oficialne-schvaleny\/"},"wordCount":668,"commentCount":0,"publisher":{"@id":"https:\/\/evertonfc.cz\/#organization"},"image":{"@id":"https:\/\/evertonfc.cz\/index.php\/2016\/11\/24\/czech-and-slovak-everton-supporters-club-oficialne-schvaleny\/#primaryimage"},"thumbnailUrl":"https:\/\/evertonfc.cz\/wp-content\/uploads\/2019\/01\/news.jpg","articleSection":["Supporters' Club"],"inLanguage":"cs","potentialAction":[{"@type":"CommentAction","name":"Comment","target":["https:\/\/evertonfc.cz\/index.php\/2016\/11\/24\/czech-and-slovak-everton-supporters-club-oficialne-schvaleny\/#respond"]}]},{"@type":"WebPage","@id":"https:\/\/evertonfc.cz\/index.php\/2016\/11\/24\/czech-and-slovak-everton-supporters-club-oficialne-schvaleny\/","url":"https:\/\/evertonfc.cz\/index.php\/2016\/11\/24\/czech-and-slovak-everton-supporters-club-oficialne-schvaleny\/","name":"Czech and Slovak Everton Supporters Club ofici\u00e1lne schv\u00e1len\u00fd - Official Czech &amp; Slovak Everton Supporters&#039; Club","isPartOf":{"@id":"https:\/\/evertonfc.cz\/#website"},"primaryImageOfPage":{"@id":"https:\/\/evertonfc.cz\/index.php\/2016\/11\/24\/czech-and-slovak-everton-supporters-club-oficialne-schvaleny\/#primaryimage"},"image":{"@id":"https:\/\/evertonfc.cz\/index.php\/2016\/11\/24\/czech-and-slovak-everton-supporters-club-oficialne-schvaleny\/#primaryimage"},"thumbnailUrl":"https:\/\/evertonfc.cz\/wp-content\/uploads\/2019\/01\/news.jpg","datePublished":"2016-11-24T14:29:42+00:00","dateModified":"2020-05-14T10:23:27+00:00","breadcrumb":{"@id":"https:\/\/evertonfc.cz\/index.php\/2016\/11\/24\/czech-and-slovak-everton-supporters-club-oficialne-schvaleny\/#breadcrumb"},"inLanguage":"cs","potentialAction":[{"@type":"ReadAction","target":["https:\/\/evertonfc.cz\/index.php\/2016\/11\/24\/czech-and-slovak-everton-supporters-club-oficialne-schvaleny\/"]}]},{"@type":"ImageObject","inLanguage":"cs","@id":"https:\/\/evertonfc.cz\/index.php\/2016\/11\/24\/czech-and-slovak-everton-supporters-club-oficialne-schvaleny\/#primaryimage","url":"https:\/\/evertonfc.cz\/wp-content\/uploads\/2019\/01\/news.jpg","contentUrl":"https:\/\/evertonfc.cz\/wp-content\/uploads\/2019\/01\/news.jpg","width":720,"height":405},{"@type":"BreadcrumbList","@id":"https:\/\/evertonfc.cz\/index.php\/2016\/11\/24\/czech-and-slovak-everton-supporters-club-oficialne-schvaleny\/#breadcrumb","itemListElement":[{"@type":"ListItem","position":1,"name":"Home","item":"https:\/\/evertonfc.cz\/"},{"@type":"ListItem","position":2,"name":"Czech and Slovak Everton Supporters Club ofici\u00e1lne schv\u00e1len\u00fd"}]},{"@type":"WebSite","@id":"https:\/\/evertonfc.cz\/#website","url":"https:\/\/evertonfc.cz\/","name":"Official Czech &amp; Slovak Everton Supporters&#039; Club","description":"","publisher":{"@id":"https:\/\/evertonfc.cz\/#organization"},"potentialAction":[{"@type":"SearchAction","target":{"@type":"EntryPoint","urlTemplate":"https:\/\/evertonfc.cz\/?s={search_term_string}"},"query-input":{"@type":"PropertyValueSpecification","valueRequired":true,"valueName":"search_term_string"}}],"inLanguage":"cs"},{"@type":"Organization","@id":"https:\/\/evertonfc.cz\/#organization","name":"Official Czech & Slovak Everton Supporters' Club","url":"https:\/\/evertonfc.cz\/","logo":{"@type":"ImageObject","inLanguage":"cs","@id":"https:\/\/evertonfc.cz\/#\/schema\/logo\/image\/","url":"https:\/\/evertonfc.cz\/wp-content\/uploads\/2019\/05\/logo.png","contentUrl":"https:\/\/evertonfc.cz\/wp-content\/uploads\/2019\/05\/logo.png","width":112,"height":112,"caption":"Official Czech & Slovak Everton Supporters' Club"},"image":{"@id":"https:\/\/evertonfc.cz\/#\/schema\/logo\/image\/"},"sameAs":["https:\/\/www.facebook.com\/everton.fans.cz.sk"]},{"@type":"Person","@id":"https:\/\/evertonfc.cz\/#\/schema\/person\/c495ad9c14eabaab7ff243473d85758c","name":"Everton1878","url":"https:\/\/evertonfc.cz\/index.php\/author\/everton1878\/"}]}},"_links":{"self":[{"href":"https:\/\/evertonfc.cz\/index.php\/wp-json\/wp\/v2\/posts\/3416"}],"collection":[{"href":"https:\/\/evertonfc.cz\/index.php\/wp-json\/wp\/v2\/posts"}],"about":[{"href":"https:\/\/evertonfc.cz\/index.php\/wp-json\/wp\/v2\/types\/post"}],"author":[{"embeddable":true,"href":"https:\/\/evertonfc.cz\/index.php\/wp-json\/wp\/v2\/users\/23"}],"replies":[{"embeddable":true,"href":"https:\/\/evertonfc.cz\/index.php\/wp-json\/wp\/v2\/comments?post=3416"}],"version-history":[{"count":1,"href":"https:\/\/evertonfc.cz\/index.php\/wp-json\/wp\/v2\/posts\/3416\/revisions"}],"predecessor-version":[{"id":3417,"href":"https:\/\/evertonfc.cz\/index.php\/wp-json\/wp\/v2\/posts\/3416\/revisions\/3417"}],"wp:featuredmedia":[{"embeddable":true,"href":"https:\/\/evertonfc.cz\/index.php\/wp-json\/wp\/v2\/media\/1313"}],"wp:attachment":[{"href":"https:\/\/evertonfc.cz\/index.php\/wp-json\/wp\/v2\/media?parent=3416"}],"wp:term":[{"taxonomy":"category","embeddable":true,"href":"https:\/\/evertonfc.cz\/index.php\/wp-json\/wp\/v2\/categories?post=3416"},{"taxonomy":"post_tag","embeddable":true,"href":"https:\/\/evertonfc.cz\/index.php\/wp-json\/wp\/v2\/tags?post=3416"}],"curies":[{"name":"wp","href":"https:\/\/api.w.org\/{rel}","templated":true}]}}