{"id":3420,"date":"2016-11-18T15:33:33","date_gmt":"2016-11-18T14:33:33","guid":{"rendered":"http:\/\/evertonfc.cz\/?p=3420"},"modified":"2019-02-11T22:34:49","modified_gmt":"2019-02-11T21:34:49","slug":"preview-everton-swansea","status":"publish","type":"post","link":"https:\/\/evertonfc.cz\/index.php\/2016\/11\/18\/preview-everton-swansea\/","title":{"rendered":"Preview: Everton &#8211; Swansea"},"content":{"rendered":"<h4 id=\"NewsPostDetailSummary\">Prvn\u00ed utk\u00e1n\u00ed b\u00fdval\u00e9ho kapit\u00e1na Swans proti sv\u00fdm je z\u00e1pas proti p\u0159edposledn\u00edmu t\u00fdmu tabulky. Rozkaz zn\u00ed jasn\u011b: t\u0159i body.<\/h4>\n<div id=\"NewsPostDetailContent\">\n<p>Na\u0161emu z\u00edt\u0159ej\u0161\u00edmu hostu se opravdu neda\u0159\u00ed. V sez\u00f3n\u011b zvl\u00e1dl vyhr\u00e1t pouze jednou &#8211; v prvn\u00edm kole v Burnley. Od t\u00e9 doby uhr\u00e1l v lize ji\u017e jen dv\u011b rem\u00edzy a tak kouk\u00e1 spatra pouze na jednoho soupe\u0159e &#8211; Sunderland, kter\u00fd m\u00e1 stejn\u00fd po\u010det bod\u016f, tedy p\u011bt. Popt\u00e1vka po bodov\u00fdch importech je tedy velmi vysok\u00e1.<\/p>\n<p>To se ale nebude l\u00edbit dom\u00e1c\u00edm. Ti po skv\u011bl\u00e9m za\u010d\u00e1tku trochu ubrali plyn, ale sou\u010dasn\u00e1 sedm\u00e1 p\u0159\u00ed\u010dka nen\u00ed \u00fapln\u011b \u0161patn\u00e1. Nicm\u00e9n\u011b cht\u011blo by to lep\u0161\u00ed v\u00fdkon ne\u017e na Chelsea. Nem\u011bl by to b\u00fdt probl\u00e9m, ale zn\u00e1me Everton, \u017ee?<\/p>\n<p>Mana\u017eer Swansea Bob Bradley je ji\u017e druh\u00fdm v t\u00e9to sez\u00f3n\u011b, tragick\u00fd start odnesl vyhazovem Francesco Guidolin. Ale jedin\u00fd americk\u00fd mana\u017eer v PL nav\u00e1zal na Itala, a tak ani po \u010dty\u0159ech z\u00e1pasech nev\u00ed, jak chutn\u00e1 v\u00edt\u011bzstv\u00ed. K t\u00fdmu se v tomto t\u00fddnu p\u0159ipojil jako asistent mana\u017eera Paul Williams, b\u00fdval\u00fd \u0161\u00e9f lavi\u010dky Nottinghamu Forest.<\/p>\n<p>K dispozici pro tento z\u00e1pas m\u016f\u017ee b\u00fdt u\u017e na \u010d\u00e1st z\u00e1pasu Nathan Dyer, kter\u00fd se vrac\u00ed po operaci kotn\u00edku, a\u010d fyzi\u010dku na 90 minut nem\u00e1. Tr\u00e9noval ale cel\u00fd t\u00fdden. \u00a0S trochou \u0161t\u011bst\u00ed by mohl b\u00fdt k dispozici i Jefferson Montero, kter\u00fd si v minul\u00e9m utk\u00e1n\u00ed proti Man U zlomil ruku. M\u00e1 ji v s\u00e1d\u0159e, ji\u017e za\u010dal s tr\u00e9ninkem, zran\u011bn\u00ed ur\u010dit\u011b nen\u00ed dlouhodob\u00e9. Nicm\u00e9n\u011b jeho \u00fa\u010dast je s otazn\u00edkem.<\/p>\n<p>Evertonu se po vyl\u00e9\u010den\u00ed zran\u011bn\u00ed vrac\u00ed dvojice Baines a McCarthy, stejn\u011b jako Gana po odpyk\u00e1n\u00ed jednoz\u00e1pasov\u00e9ho trestu za karty. Ten si naopak odstoj\u00ed Barry, lze d\u016fvodn\u011b p\u0159edpokl\u00e1dat, \u017ee to znamen\u00e1 \u0161t\u00edtovou dvojici Gana-Cleverley. Mezi \u00fato\u010dn\u00edky jin\u00e9 zm\u011bny ne\u010dek\u00e1m, teoreticky by se mohl do z\u00e1kladn\u00ed sestavy na sv\u00e9 obvykl\u00e9 m\u00edsto lev\u00e9ho obr\u00e1nce vr\u00e1tit pr\u00e1v\u011b Baines.<\/p>\n<p><strong>Co:<\/strong>\u00a0Everton FC &#8211; Swansea City AFC, 12. kolo Premier League<br \/>\n<strong>Kdy:<\/strong>\u00a019. 11. 2016 od 16:00 SE\u010c<br \/>\n<strong>Kde:<\/strong>\u00a0Goodison Park, Liverpool (kapacita: 40 157)<br \/>\n<strong>Rozhod\u010d\u00ed:\u00a0<\/strong>Martin Atkinson<\/p>\n<\/div>\n","protected":false},"excerpt":{"rendered":"<p>Prvn\u00ed utk\u00e1n\u00ed b\u00fdval\u00e9ho kapit\u00e1na Swans proti sv\u00fdm je z\u00e1pas proti p\u0159edposledn\u00edmu t\u00fdmu tabulky. Rozkaz zn\u00ed jasn\u011b: t\u0159i body. Na\u0161emu z\u00edt\u0159ej\u0161\u00edmu&hellip;<\/p>\n","protected":false},"author":12,"featured_media":1314,"comment_status":"open","ping_status":"closed","sticky":false,"template":"","format":"standard","meta":{"_eb_attr":"","_monsterinsights_skip_tracking":false,"_monsterinsights_sitenote_active":false,"_monsterinsights_sitenote_note":"","_monsterinsights_sitenote_category":0,"footnotes":""},"categories":[4],"tags":[],"yoast_head":"<!-- This site is optimized with the Yoast SEO plugin v23.4 - https:\/\/yoast.com\/wordpress\/plugins\/seo\/ -->\n<title>Preview: Everton - Swansea - Official Czech &amp; Slovak Everton Supporters&#039; Club<\/title>\n<meta name=\"robots\" content=\"index, follow, max-snippet:-1, max-image-preview:large, max-video-preview:-1\" \/>\n<link rel=\"canonical\" href=\"https:\/\/evertonfc.cz\/index.php\/2016\/11\/18\/preview-everton-swansea\/\" \/>\n<meta property=\"og:locale\" content=\"cs_CZ\" \/>\n<meta property=\"og:type\" content=\"article\" \/>\n<meta property=\"og:title\" content=\"Preview: Everton - Swansea - Official Czech &amp; Slovak Everton Supporters&#039; Club\" \/>\n<meta property=\"og:description\" content=\"Prvn\u00ed utk\u00e1n\u00ed b\u00fdval\u00e9ho kapit\u00e1na Swans proti sv\u00fdm je z\u00e1pas proti p\u0159edposledn\u00edmu t\u00fdmu tabulky. Rozkaz zn\u00ed jasn\u011b: t\u0159i body. Na\u0161emu z\u00edt\u0159ej\u0161\u00edmu&hellip;\" \/>\n<meta property=\"og:url\" content=\"https:\/\/evertonfc.cz\/index.php\/2016\/11\/18\/preview-everton-swansea\/\" \/>\n<meta property=\"og:site_name\" content=\"Official Czech &amp; Slovak Everton Supporters&#039; Club\" \/>\n<meta property=\"article:publisher\" content=\"https:\/\/www.facebook.com\/everton.fans.cz.sk\" \/>\n<meta property=\"article:published_time\" content=\"2016-11-18T14:33:33+00:00\" \/>\n<meta property=\"article:modified_time\" content=\"2019-02-11T21:34:49+00:00\" \/>\n<meta property=\"og:image\" content=\"https:\/\/evertonfc.cz\/wp-content\/uploads\/2019\/01\/preview.jpg\" \/>\n\t<meta property=\"og:image:width\" content=\"720\" \/>\n\t<meta property=\"og:image:height\" content=\"405\" \/>\n\t<meta property=\"og:image:type\" content=\"image\/jpeg\" \/>\n<meta name=\"author\" content=\"Javor\" \/>\n<meta name=\"twitter:card\" content=\"summary_large_image\" \/>\n<meta name=\"twitter:creator\" content=\"@LoudinJan\" \/>\n<meta name=\"twitter:label1\" content=\"Napsal(a)\" \/>\n\t<meta name=\"twitter:data1\" content=\"Javor\" \/>\n\t<meta name=\"twitter:label2\" content=\"Odhadovan\u00e1 doba \u010dten\u00ed\" \/>\n\t<meta name=\"twitter:data2\" content=\"2 minuty\" \/>\n<script type=\"application\/ld+json\" class=\"yoast-schema-graph\">{\"@context\":\"https:\/\/schema.org\",\"@graph\":[{\"@type\":\"Article\",\"@id\":\"https:\/\/evertonfc.cz\/index.php\/2016\/11\/18\/preview-everton-swansea\/#article\",\"isPartOf\":{\"@id\":\"https:\/\/evertonfc.cz\/index.php\/2016\/11\/18\/preview-everton-swansea\/\"},\"author\":{\"name\":\"Javor\",\"@id\":\"https:\/\/evertonfc.cz\/#\/schema\/person\/b30daf6a5852f4811f8207a17ec1bf78\"},\"headline\":\"Preview: Everton &#8211; Swansea\",\"datePublished\":\"2016-11-18T14:33:33+00:00\",\"dateModified\":\"2019-02-11T21:34:49+00:00\",\"mainEntityOfPage\":{\"@id\":\"https:\/\/evertonfc.cz\/index.php\/2016\/11\/18\/preview-everton-swansea\/\"},\"wordCount\":403,\"commentCount\":0,\"publisher\":{\"@id\":\"https:\/\/evertonfc.cz\/#organization\"},\"image\":{\"@id\":\"https:\/\/evertonfc.cz\/index.php\/2016\/11\/18\/preview-everton-swansea\/#primaryimage\"},\"thumbnailUrl\":\"https:\/\/evertonfc.cz\/wp-content\/uploads\/2019\/01\/preview.jpg\",\"articleSection\":[\"Z\u00e1pasy\"],\"inLanguage\":\"cs\",\"potentialAction\":[{\"@type\":\"CommentAction\",\"name\":\"Comment\",\"target\":[\"https:\/\/evertonfc.cz\/index.php\/2016\/11\/18\/preview-everton-swansea\/#respond\"]}]},{\"@type\":\"WebPage\",\"@id\":\"https:\/\/evertonfc.cz\/index.php\/2016\/11\/18\/preview-everton-swansea\/\",\"url\":\"https:\/\/evertonfc.cz\/index.php\/2016\/11\/18\/preview-everton-swansea\/\",\"name\":\"Preview: Everton - Swansea - Official Czech &amp; Slovak Everton Supporters&#039; Club\",\"isPartOf\":{\"@id\":\"https:\/\/evertonfc.cz\/#website\"},\"primaryImageOfPage\":{\"@id\":\"https:\/\/evertonfc.cz\/index.php\/2016\/11\/18\/preview-everton-swansea\/#primaryimage\"},\"image\":{\"@id\":\"https:\/\/evertonfc.cz\/index.php\/2016\/11\/18\/preview-everton-swansea\/#primaryimage\"},\"thumbnailUrl\":\"https:\/\/evertonfc.cz\/wp-content\/uploads\/2019\/01\/preview.jpg\",\"datePublished\":\"2016-11-18T14:33:33+00:00\",\"dateModified\":\"2019-02-11T21:34:49+00:00\",\"breadcrumb\":{\"@id\":\"https:\/\/evertonfc.cz\/index.php\/2016\/11\/18\/preview-everton-swansea\/#breadcrumb\"},\"inLanguage\":\"cs\",\"potentialAction\":[{\"@type\":\"ReadAction\",\"target\":[\"https:\/\/evertonfc.cz\/index.php\/2016\/11\/18\/preview-everton-swansea\/\"]}]},{\"@type\":\"ImageObject\",\"inLanguage\":\"cs\",\"@id\":\"https:\/\/evertonfc.cz\/index.php\/2016\/11\/18\/preview-everton-swansea\/#primaryimage\",\"url\":\"https:\/\/evertonfc.cz\/wp-content\/uploads\/2019\/01\/preview.jpg\",\"contentUrl\":\"https:\/\/evertonfc.cz\/wp-content\/uploads\/2019\/01\/preview.jpg\",\"width\":720,\"height\":405},{\"@type\":\"BreadcrumbList\",\"@id\":\"https:\/\/evertonfc.cz\/index.php\/2016\/11\/18\/preview-everton-swansea\/#breadcrumb\",\"itemListElement\":[{\"@type\":\"ListItem\",\"position\":1,\"name\":\"Home\",\"item\":\"https:\/\/evertonfc.cz\/\"},{\"@type\":\"ListItem\",\"position\":2,\"name\":\"Preview: Everton &#8211; Swansea\"}]},{\"@type\":\"WebSite\",\"@id\":\"https:\/\/evertonfc.cz\/#website\",\"url\":\"https:\/\/evertonfc.cz\/\",\"name\":\"Official Czech &amp; Slovak Everton Supporters&#039; Club\",\"description\":\"\",\"publisher\":{\"@id\":\"https:\/\/evertonfc.cz\/#organization\"},\"potentialAction\":[{\"@type\":\"SearchAction\",\"target\":{\"@type\":\"EntryPoint\",\"urlTemplate\":\"https:\/\/evertonfc.cz\/?s={search_term_string}\"},\"query-input\":{\"@type\":\"PropertyValueSpecification\",\"valueRequired\":true,\"valueName\":\"search_term_string\"}}],\"inLanguage\":\"cs\"},{\"@type\":\"Organization\",\"@id\":\"https:\/\/evertonfc.cz\/#organization\",\"name\":\"Official Czech & Slovak Everton Supporters' Club\",\"url\":\"https:\/\/evertonfc.cz\/\",\"logo\":{\"@type\":\"ImageObject\",\"inLanguage\":\"cs\",\"@id\":\"https:\/\/evertonfc.cz\/#\/schema\/logo\/image\/\",\"url\":\"https:\/\/evertonfc.cz\/wp-content\/uploads\/2019\/05\/logo.png\",\"contentUrl\":\"https:\/\/evertonfc.cz\/wp-content\/uploads\/2019\/05\/logo.png\",\"width\":112,\"height\":112,\"caption\":\"Official Czech & Slovak Everton Supporters' Club\"},\"image\":{\"@id\":\"https:\/\/evertonfc.cz\/#\/schema\/logo\/image\/\"},\"sameAs\":[\"https:\/\/www.facebook.com\/everton.fans.cz.sk\"]},{\"@type\":\"Person\",\"@id\":\"https:\/\/evertonfc.cz\/#\/schema\/person\/b30daf6a5852f4811f8207a17ec1bf78\",\"name\":\"Javor\",\"sameAs\":[\"https:\/\/x.com\/LoudinJan\"],\"url\":\"https:\/\/evertonfc.cz\/index.php\/author\/javor\/\"}]}<\/script>\n<!-- \/ Yoast SEO plugin. -->","yoast_head_json":{"title":"Preview: Everton - Swansea - Official Czech &amp; Slovak Everton Supporters&#039; Club","robots":{"index":"index","follow":"follow","max-snippet":"max-snippet:-1","max-image-preview":"max-image-preview:large","max-video-preview":"max-video-preview:-1"},"canonical":"https:\/\/evertonfc.cz\/index.php\/2016\/11\/18\/preview-everton-swansea\/","og_locale":"cs_CZ","og_type":"article","og_title":"Preview: Everton - Swansea - Official Czech &amp; Slovak Everton Supporters&#039; Club","og_description":"Prvn\u00ed utk\u00e1n\u00ed b\u00fdval\u00e9ho kapit\u00e1na Swans proti sv\u00fdm je z\u00e1pas proti p\u0159edposledn\u00edmu t\u00fdmu tabulky. Rozkaz zn\u00ed jasn\u011b: t\u0159i body. Na\u0161emu z\u00edt\u0159ej\u0161\u00edmu&hellip;","og_url":"https:\/\/evertonfc.cz\/index.php\/2016\/11\/18\/preview-everton-swansea\/","og_site_name":"Official Czech &amp; Slovak Everton Supporters&#039; Club","article_publisher":"https:\/\/www.facebook.com\/everton.fans.cz.sk","article_published_time":"2016-11-18T14:33:33+00:00","article_modified_time":"2019-02-11T21:34:49+00:00","og_image":[{"width":720,"height":405,"url":"https:\/\/evertonfc.cz\/wp-content\/uploads\/2019\/01\/preview.jpg","type":"image\/jpeg"}],"author":"Javor","twitter_card":"summary_large_image","twitter_creator":"@LoudinJan","twitter_misc":{"Napsal(a)":"Javor","Odhadovan\u00e1 doba \u010dten\u00ed":"2 minuty"},"schema":{"@context":"https:\/\/schema.org","@graph":[{"@type":"Article","@id":"https:\/\/evertonfc.cz\/index.php\/2016\/11\/18\/preview-everton-swansea\/#article","isPartOf":{"@id":"https:\/\/evertonfc.cz\/index.php\/2016\/11\/18\/preview-everton-swansea\/"},"author":{"name":"Javor","@id":"https:\/\/evertonfc.cz\/#\/schema\/person\/b30daf6a5852f4811f8207a17ec1bf78"},"headline":"Preview: Everton &#8211; Swansea","datePublished":"2016-11-18T14:33:33+00:00","dateModified":"2019-02-11T21:34:49+00:00","mainEntityOfPage":{"@id":"https:\/\/evertonfc.cz\/index.php\/2016\/11\/18\/preview-everton-swansea\/"},"wordCount":403,"commentCount":0,"publisher":{"@id":"https:\/\/evertonfc.cz\/#organization"},"image":{"@id":"https:\/\/evertonfc.cz\/index.php\/2016\/11\/18\/preview-everton-swansea\/#primaryimage"},"thumbnailUrl":"https:\/\/evertonfc.cz\/wp-content\/uploads\/2019\/01\/preview.jpg","articleSection":["Z\u00e1pasy"],"inLanguage":"cs","potentialAction":[{"@type":"CommentAction","name":"Comment","target":["https:\/\/evertonfc.cz\/index.php\/2016\/11\/18\/preview-everton-swansea\/#respond"]}]},{"@type":"WebPage","@id":"https:\/\/evertonfc.cz\/index.php\/2016\/11\/18\/preview-everton-swansea\/","url":"https:\/\/evertonfc.cz\/index.php\/2016\/11\/18\/preview-everton-swansea\/","name":"Preview: Everton - Swansea - Official Czech &amp; Slovak Everton Supporters&#039; Club","isPartOf":{"@id":"https:\/\/evertonfc.cz\/#website"},"primaryImageOfPage":{"@id":"https:\/\/evertonfc.cz\/index.php\/2016\/11\/18\/preview-everton-swansea\/#primaryimage"},"image":{"@id":"https:\/\/evertonfc.cz\/index.php\/2016\/11\/18\/preview-everton-swansea\/#primaryimage"},"thumbnailUrl":"https:\/\/evertonfc.cz\/wp-content\/uploads\/2019\/01\/preview.jpg","datePublished":"2016-11-18T14:33:33+00:00","dateModified":"2019-02-11T21:34:49+00:00","breadcrumb":{"@id":"https:\/\/evertonfc.cz\/index.php\/2016\/11\/18\/preview-everton-swansea\/#breadcrumb"},"inLanguage":"cs","potentialAction":[{"@type":"ReadAction","target":["https:\/\/evertonfc.cz\/index.php\/2016\/11\/18\/preview-everton-swansea\/"]}]},{"@type":"ImageObject","inLanguage":"cs","@id":"https:\/\/evertonfc.cz\/index.php\/2016\/11\/18\/preview-everton-swansea\/#primaryimage","url":"https:\/\/evertonfc.cz\/wp-content\/uploads\/2019\/01\/preview.jpg","contentUrl":"https:\/\/evertonfc.cz\/wp-content\/uploads\/2019\/01\/preview.jpg","width":720,"height":405},{"@type":"BreadcrumbList","@id":"https:\/\/evertonfc.cz\/index.php\/2016\/11\/18\/preview-everton-swansea\/#breadcrumb","itemListElement":[{"@type":"ListItem","position":1,"name":"Home","item":"https:\/\/evertonfc.cz\/"},{"@type":"ListItem","position":2,"name":"Preview: Everton &#8211; Swansea"}]},{"@type":"WebSite","@id":"https:\/\/evertonfc.cz\/#website","url":"https:\/\/evertonfc.cz\/","name":"Official Czech &amp; Slovak Everton Supporters&#039; Club","description":"","publisher":{"@id":"https:\/\/evertonfc.cz\/#organization"},"potentialAction":[{"@type":"SearchAction","target":{"@type":"EntryPoint","urlTemplate":"https:\/\/evertonfc.cz\/?s={search_term_string}"},"query-input":{"@type":"PropertyValueSpecification","valueRequired":true,"valueName":"search_term_string"}}],"inLanguage":"cs"},{"@type":"Organization","@id":"https:\/\/evertonfc.cz\/#organization","name":"Official Czech & Slovak Everton Supporters' Club","url":"https:\/\/evertonfc.cz\/","logo":{"@type":"ImageObject","inLanguage":"cs","@id":"https:\/\/evertonfc.cz\/#\/schema\/logo\/image\/","url":"https:\/\/evertonfc.cz\/wp-content\/uploads\/2019\/05\/logo.png","contentUrl":"https:\/\/evertonfc.cz\/wp-content\/uploads\/2019\/05\/logo.png","width":112,"height":112,"caption":"Official Czech & Slovak Everton Supporters' Club"},"image":{"@id":"https:\/\/evertonfc.cz\/#\/schema\/logo\/image\/"},"sameAs":["https:\/\/www.facebook.com\/everton.fans.cz.sk"]},{"@type":"Person","@id":"https:\/\/evertonfc.cz\/#\/schema\/person\/b30daf6a5852f4811f8207a17ec1bf78","name":"Javor","sameAs":["https:\/\/x.com\/LoudinJan"],"url":"https:\/\/evertonfc.cz\/index.php\/author\/javor\/"}]}},"_links":{"self":[{"href":"https:\/\/evertonfc.cz\/index.php\/wp-json\/wp\/v2\/posts\/3420"}],"collection":[{"href":"https:\/\/evertonfc.cz\/index.php\/wp-json\/wp\/v2\/posts"}],"about":[{"href":"https:\/\/evertonfc.cz\/index.php\/wp-json\/wp\/v2\/types\/post"}],"author":[{"embeddable":true,"href":"https:\/\/evertonfc.cz\/index.php\/wp-json\/wp\/v2\/users\/12"}],"replies":[{"embeddable":true,"href":"https:\/\/evertonfc.cz\/index.php\/wp-json\/wp\/v2\/comments?post=3420"}],"version-history":[{"count":2,"href":"https:\/\/evertonfc.cz\/index.php\/wp-json\/wp\/v2\/posts\/3420\/revisions"}],"predecessor-version":[{"id":3663,"href":"https:\/\/evertonfc.cz\/index.php\/wp-json\/wp\/v2\/posts\/3420\/revisions\/3663"}],"wp:featuredmedia":[{"embeddable":true,"href":"https:\/\/evertonfc.cz\/index.php\/wp-json\/wp\/v2\/media\/1314"}],"wp:attachment":[{"href":"https:\/\/evertonfc.cz\/index.php\/wp-json\/wp\/v2\/media?parent=3420"}],"wp:term":[{"taxonomy":"category","embeddable":true,"href":"https:\/\/evertonfc.cz\/index.php\/wp-json\/wp\/v2\/categories?post=3420"},{"taxonomy":"post_tag","embeddable":true,"href":"https:\/\/evertonfc.cz\/index.php\/wp-json\/wp\/v2\/tags?post=3420"}],"curies":[{"name":"wp","href":"https:\/\/api.w.org\/{rel}","templated":true}]}}