{"id":3486,"date":"2016-11-04T19:17:41","date_gmt":"2016-11-04T18:17:41","guid":{"rendered":"http:\/\/evertonfc.cz\/?p=3486"},"modified":"2019-02-11T19:18:53","modified_gmt":"2019-02-11T18:18:53","slug":"preview-chelsea-everton-4","status":"publish","type":"post","link":"https:\/\/evertonfc.cz\/index.php\/2016\/11\/04\/preview-chelsea-everton-4\/","title":{"rendered":"Preview: Chelsea &#8211; Everton"},"content":{"rendered":"<h4 id=\"NewsPostDetailSummary\">11. kolo Premier League so sebou prin\u00e1\u0161a aj ome\u0161kan\u00fd zraz \u010ceskoslovensk\u00fdch Evertonians. Pom\u00f4\u017ee modr\u00e1 seansa v Bratislave k trom bodom? Toffees toti\u017e pr\u00eddu k Talianom do Lond\u00fdna.<\/h4>\n<div id=\"NewsPostDetailContent\">\n<p lang=\"en-US\">Po poslednom kole vl\u00e1dne na Merseyside dobr\u00e1 n\u00e1lada. D\u00f4le\u017eit\u00e9 tri body od West Hamu kone\u010dne prelomili \u013eady stuhnut\u00e9ho \u00fatoku Karameliek a v dia\u013eke sa \u010drtaj\u00fa \u010fal\u0161ie. \u010ci si Everton udr\u017e\u00ed \u010dist\u00e9 konto, bude ot\u00e1zka d\u0148a&#8230;<\/p>\n<p lang=\"en-US\">\u201c<em>But OK\u201d<\/em><\/p>\n<p lang=\"en-US\">Koemanovi nedaj\u00fa pokoj, u\u017e s ve\u010dnou ot\u00e1zkou, oh\u013eadom \u00cdrskej reprezent\u00e1cie. Op\u00e4\u0165 sa jedn\u00e1 o Jamesa McCarthyho a O\u00b4Neill neostal ni\u010d dl\u017en\u00fd predch\u00e1dzaj\u00facim koment\u00e1rom o pre\u0165a\u017eovan\u00ed nedolie\u010den\u00fdch hr\u00e1\u010dov, v podan\u00ed Holan\u010fana po poslednej ligovej pauze. \u017devraj sa v Goodison Parku len zbyto\u010dne f\u0148uk\u00e1. Ve\u010f pos\u00fa\u010fte sami, \u010di v\u00e1m pichaj\u00faca trhlina v zadnom stehennom svale br\u00e1ni reprezentova\u0165. Zostava je predbe\u017en\u00e1, tak\u017ee Macca nakoniec nikam \u00eds\u0165 nemus\u00ed, rozhodnutie je na \u0148om, ale viete ako to je s m\u00e9diami. Medzi marodmi sa minul\u00fd t\u00fd\u017ede\u0148 ocitol aj Stekelenburg, toho v\u0161ak s ve\u013ekou pravdepodobnos\u0165ou budeme u\u017e zajtra vidie\u0165 v br\u00e1ne. Iba\u017ee by Joelov \u010dist\u00fd \u0161t\u00edt p\u00f4sobil a\u017e pr\u00edli\u0161 d\u00f4veryhodne. Leighton Baines u\u017e tr\u00e9nuje, ale Koeman nechce ni\u010d s\u00fari\u0165, tak\u017ee mu dopraje dostatok \u010dasu na pln\u00e9 zotavenie. Na Labute by mal by\u0165 plne k dispoz\u00edci\u00ed. Dlhodobo mimo boli notorick\u00e9 men\u00e1 Be\u0161i\u010d, Gibson a Pennigton s Kon\u00e9m. Prv\u00fd s tret\u00edm to maj\u00fa st\u00e1le nadlho a posledn\u00fd menovan\u00fd po dolie\u010den\u00ed kolena tento t\u00fd\u017ede\u0148 za\u010dal tr\u00e9nova\u0165, no na z\u00e1pasov\u00fa prax to v\u0161ak z\u010faleka nie je. Gibsonovi bola naordinovan\u00e1 hern\u00e1 z\u00e1\u0165a\u017e, \u010di\u017ee od Unsyho dostal povolanie do ve\u010dern\u00e9ho z\u00e1pasu U23 s Norwichom, ktor\u00fd sa hr\u00e1 pod svetlami Goodison Parku. P\u00fdtate sa, kam ten sp\u011bch? Barrymu ch\u00fdba jedna \u017elt\u00e1 a Gana Gueye si na Chelsea povinne vyber\u00e1 n\u00faten\u00fa kartov\u00fa stopku. Onedlho tu m\u00e1me aj Africk\u00fd poh\u00e1r n\u00e1rodov a predstava z\u00e1lohy bez stavebn\u00fdch kame\u0148ov posledn\u00fdch sez\u00f3n nah\u00e1\u0148a strach. V\u0161etci dobre vieme, ak\u00fd t\u00ed dvaja maj\u00fa pr\u00ednos pre cel\u00e9 mu\u017estvo, tak teda kto nahrad\u00ed zajtra Idrissu? Cleverley? Mlad\u00fd Davies, \u010di dokonca Ross? V\u0161etko z\u00e1le\u017e\u00ed len na Koemanovi. Ten si mimochodom pochva\u013eoval, \u017ee napravi\u0165 br\u00e1nenie \u0161tandardn\u00fdch situ\u00e1ci\u00ed po predch\u00e1dzaj\u00facom re\u017eime, nebolo v\u00f4bec \u0165a\u017ek\u00e9. Sta\u010dilo tomu iba venova\u0165 \u010das, ako hovor\u00ed on s\u00e1m, aspo\u0148 2x t\u00fd\u017edenne. Minul\u00fa sez\u00f3nu sme tak inkasovali 14 g\u00f3lov. T\u00fato zatia\u013e iba jeden, aj to od majstra remesla Pulisa. Predned\u00e1vnom kou\u010d adresoval aj v\u00fdzvu najm\u00e4 kr\u00eddeln\u00edkom, aby zlep\u0161ili svoju produktivitu, inak bude n\u00faten\u00fd h\u013eada\u0165 n\u00e1hradu. Hlavne Mirallas s Deulofeuom toti\u017e nepod\u00e1vaj\u00fa v\u00fdkony, ak\u00e9 by sa od nich \u010dakali. Lukaku vpredu \u010dasto na to b\u00fdva s\u00e1m a len ob\u010das sa pridaj\u00fa aj ostatn\u00fd. S asistenciami je to tie\u017e bieda a Kevin si to uvedomuje:<\/p>\n<p>\u201eJa osobne, mus\u00edm toho vytvori\u0165 viac, sk\u00f3rova\u0165 viac a asistova\u0165 viac tie\u017e. Nie je to \u013eahk\u00e9. Ako t\u00edm si potrebujeme pom\u00e1ha\u0165, aby sme sa zlep\u0161ili e\u0161te viac. Hovoril som s mana\u017e\u00e9rom a povedal mi, \u017ee hr\u00e1m dobre ale chce viac. S t\u00fdm s\u00fahlas\u00edm. Pre\u0161iel som si svoju hru na ihrisku, a s\u00fastredil som sa na momenty, kedy by som mal rad\u0161ej driblova\u0165, kedy prihra\u0165 alebo vystreli\u0165. Tento t\u00fd\u017ede\u0148 som tvrdo tr\u00e9noval, viem ak\u00fd d\u00f4le\u017eit\u00fd je nasleduj\u00faci z\u00e1pas. Ak d\u00e1te zop\u00e1r kr\u00e1t g\u00f3l tomu ist\u00e9mu s\u00faperovi, dv\u00edha v\u00e1m to sebavedomie. R\u00e1d hr\u00e1m na Stamford Bridge. Pekn\u00fd \u0161tadi\u00f3n, dobr\u00e9 ihrisko a na\u0161i fan\u00fa\u0161ikovia tam v\u017edy vytvoria skvel\u00fa atmosf\u00e9ru.\u201c<\/p>\n<p>\u201e<em>Penzisti\u201c s nov\u00fdm \u0161\u00e9fom&#8230;<\/em><\/p>\n<p lang=\"en-US\">Na tohtoro\u010dnom eur\u00f3pskom \u0161ampion\u00e1te si Taliansko napravovalo po\u0161ramoten\u00fa poves\u0165. Po nepodarenom svetovom poh\u00e1ri sa Cesare Prandelli por\u00fa\u010dal a na jeho miesto pri\u0161iel \u010derstv\u00fd dr\u017eite\u013e Scudetta, Antonio Conte. V\u00fdsledok ste mohli vidie\u0165. Hra talianskeho mu\u017estva bavila a e\u0161te aj prin\u00e1\u0161ala v\u00fdsledky. Na penaltovom rozstrele v\u00e1m v\u0161ak \u017eiadny mana\u017e\u00e9r nepom\u00f4\u017ee. A tak dorazila pred charizmatick\u00e9ho a v\u00e1\u0161niv\u00e9ho Conteho nov\u00e1 v\u00fdzva. Klub s\u00eddliaci ved\u013ea Bromptomsk\u00e9ho cintor\u00edna, takmer v strede Lond\u00fdna, ostal dl\u017en\u00fd svojmu titulu spred roka. Najkatastrof\u00e1lnej\u0161ia sez\u00f3na Chelsea, podot\u00fdkam &#8211; za posledn\u00e9 dve desa\u0165ro\u010dia, sa pretavila do najhor\u0161ej obhajoby majstr\u00e1ku za \u00e9ry Premier League. Nie\u010do tak\u00e9 u Abramovi\u010da nem\u00f4\u017ee prejs\u0165, \u010di\u017ee Special One bol vyhoden\u00fd v decembri, len bod od zostupov\u00fdch v\u00f4d. Ako z\u00e1chran\u00e1r v hlavnej \u00falohe pri\u0161iel Guus Hiddink a dotiahol tr\u00e1paci sa celok bez \u0161tipky sebavedomia, aspo\u0148 na desiate miesto. Conte m\u00e1 teda \u010dist\u00fd st\u00f4l \u2013 prv\u00fa sez\u00f3nu od ro\u010dn\u00edka 96\/97, kedy Lond\u00fdn\u010dania nehraj\u00fa eur\u00f3pu. Jeho \u00faloha? Z\u00faro\u010di\u0165 ka\u017edoro\u010dn\u00e9 m\u00ed\u0148anie a vr\u00e1ti\u0165 motiv\u00e1ciu prepl\u00e1can\u00fdm hviezdam. Tak\u017ee, ako sa mu zatia\u013e dar\u00ed&#8230;<\/p>\n<p>Chelsea vlietla do sez\u00f3ny tromi v\u00fdhrami v rade a Conte ni\u010d z\u00e1sadn\u00e9 meni\u0165 nemusel. Zlom pri\u0161iel a\u017e v konfront\u00e1ci\u00ed s celkami Liverpoolu a Arsenalu. Tam sa pri\u0161lo na to, \u017ee v s\u00fa\u010dasnom syst\u00e9me 4-1-4-1 resp. 4-3-3 to \u0161lapa\u0165 na titul teda rozhodne nebude a Conte u\u010dinil razatn\u00fd prechod na 3-4-3. Na tom by ni\u010d zvl\u00e1\u0161tne nebolo, ve\u010f obdoby prezentuj\u00fa aj v in\u00fdch kluboch. Iba\u017ee nie tie talianske. Jeho verzia menej dr\u017e\u00ed loptu, sed\u00ed hlb\u0161ie a sna\u017e\u00ed sa izolova\u0165 svojich najlep\u0161\u00edch \u00fato\u010dn\u00edkov v hre jeden na jedn\u00e9ho, v lep\u0161om pr\u00edpade pre\u010d\u00edsli\u0165 v proti\u00fatoku. V prv\u00fdch \u0161tyroch z\u00e1pasoch mali sk\u00f3re 9:4. Po zmene form\u00e1cie od z\u00e1pasu s Hull City \u2013 definuj\u00facich 11:0 ! Do novej role sa perfektne v\u017eil Hazard, ktor\u00fd teraz disponuje takmer neomedzenou volnos\u0165ou a aj dlho odpisovan\u00fd Victor Moses, znovuzroden\u00fd ako wingback. M\u00f4\u017eeme o\u010dak\u00e1va\u0165 hru najm\u00e4 po kr\u00eddeln\u00fdch priestoroch, \u010do by a\u017e tak\u00fd probl\u00e9m nebol. Citizens sme&#8230; ehm, zvl\u00e1dli. Dobrou spr\u00e1vou je, \u017ee ich obrana sa e\u0161te po taliansky st\u00e1le nenau\u010dila. Tudy cesta vede.<\/p>\n<p>Pr\u00edchody: N&#8217;Golo Kant\u00e9 \u2013 Leicester (30 mil. \u00a3),\u00a0Michy Batshuayi \u2013 Marseille (33 mil. \u00a3), David Luiz \u2013 PSG (32 mil. \u00a3), Eduardo \u2013 Dynamo Z\u00e1hreb (zadarmo)<\/p>\n<p>Odchody: Radamel Falcao (Monaco &#8211; koniec hos\u0165ovania), Alexandre Pato (koniec hos\u0165ovania &#8211; Villarreal), Marco Amelia (koniec zmluvy &#8211; vo\u013en\u00fd agent), Stipe Perica (Udinese Calcio \u2013 3,4 mil.\u00a3), Papy Djilobodji (Sunderland, 8 mil.\u00a3)<\/p>\n<p>Zranenia: Cesc Fabregas (stehenn\u00fd sval), Kurt Zouma (kolenn\u00e9 v\u00e4zy)<\/p>\n<p>&nbsp;<\/p>\n<p><strong>\u010co:<\/strong> Chelsea FC &#8211; Everton FC, 11. kolo Premier League<\/p>\n<p><strong>Kedy<\/strong><strong>:<\/strong> 5.11. 2016 od 18:30 SE\u010c<\/p>\n<p><strong>Kde:<\/strong> Stamford Bridge, Fulham Rd, Fulham, London SW6 1HS (kapacita: 41 663)<\/p>\n<p><strong>Rozhodca:<\/strong> Robert Madley<\/p>\n<p><strong>Asistenti: <\/strong>M.Perry, M.McDonough<\/p>\n<p><strong>\u0160tvrt\u00fd rozhodca: <\/strong>S.Attwell<\/p>\n<\/div>\n","protected":false},"excerpt":{"rendered":"<p>11. kolo Premier League so sebou prin\u00e1\u0161a aj ome\u0161kan\u00fd zraz \u010ceskoslovensk\u00fdch Evertonians. Pom\u00f4\u017ee modr\u00e1 seansa v Bratislave k trom bodom?&hellip;<\/p>\n","protected":false},"author":1,"featured_media":1314,"comment_status":"open","ping_status":"closed","sticky":false,"template":"","format":"standard","meta":{"_eb_attr":"","_monsterinsights_skip_tracking":false,"_monsterinsights_sitenote_active":false,"_monsterinsights_sitenote_note":"","_monsterinsights_sitenote_category":0,"footnotes":""},"categories":[4],"tags":[],"yoast_head":"<!-- This site is optimized with the Yoast SEO plugin v23.4 - https:\/\/yoast.com\/wordpress\/plugins\/seo\/ -->\n<title>Preview: Chelsea - Everton - Official Czech &amp; Slovak Everton Supporters&#039; Club<\/title>\n<meta name=\"robots\" content=\"index, follow, max-snippet:-1, max-image-preview:large, max-video-preview:-1\" \/>\n<link rel=\"canonical\" href=\"https:\/\/evertonfc.cz\/index.php\/2016\/11\/04\/preview-chelsea-everton-4\/\" \/>\n<meta property=\"og:locale\" content=\"cs_CZ\" \/>\n<meta property=\"og:type\" content=\"article\" \/>\n<meta property=\"og:title\" content=\"Preview: Chelsea - Everton - Official Czech &amp; Slovak Everton Supporters&#039; Club\" \/>\n<meta property=\"og:description\" content=\"11. kolo Premier League so sebou prin\u00e1\u0161a aj ome\u0161kan\u00fd zraz \u010ceskoslovensk\u00fdch Evertonians. Pom\u00f4\u017ee modr\u00e1 seansa v Bratislave k trom bodom?&hellip;\" \/>\n<meta property=\"og:url\" content=\"https:\/\/evertonfc.cz\/index.php\/2016\/11\/04\/preview-chelsea-everton-4\/\" \/>\n<meta property=\"og:site_name\" content=\"Official Czech &amp; Slovak Everton Supporters&#039; Club\" \/>\n<meta property=\"article:publisher\" content=\"https:\/\/www.facebook.com\/everton.fans.cz.sk\" \/>\n<meta property=\"article:published_time\" content=\"2016-11-04T18:17:41+00:00\" \/>\n<meta property=\"article:modified_time\" content=\"2019-02-11T18:18:53+00:00\" \/>\n<meta property=\"og:image\" content=\"https:\/\/evertonfc.cz\/wp-content\/uploads\/2019\/01\/preview.jpg\" \/>\n\t<meta property=\"og:image:width\" content=\"720\" \/>\n\t<meta property=\"og:image:height\" content=\"405\" \/>\n\t<meta property=\"og:image:type\" content=\"image\/jpeg\" \/>\n<meta name=\"author\" content=\"BlueBlooded\" \/>\n<meta name=\"twitter:card\" content=\"summary_large_image\" \/>\n<meta name=\"twitter:label1\" content=\"Napsal(a)\" \/>\n\t<meta name=\"twitter:data1\" content=\"BlueBlooded\" \/>\n\t<meta name=\"twitter:label2\" content=\"Odhadovan\u00e1 doba \u010dten\u00ed\" \/>\n\t<meta name=\"twitter:data2\" content=\"6 minut\" \/>\n<script type=\"application\/ld+json\" class=\"yoast-schema-graph\">{\"@context\":\"https:\/\/schema.org\",\"@graph\":[{\"@type\":\"Article\",\"@id\":\"https:\/\/evertonfc.cz\/index.php\/2016\/11\/04\/preview-chelsea-everton-4\/#article\",\"isPartOf\":{\"@id\":\"https:\/\/evertonfc.cz\/index.php\/2016\/11\/04\/preview-chelsea-everton-4\/\"},\"author\":{\"name\":\"BlueBlooded\",\"@id\":\"https:\/\/evertonfc.cz\/#\/schema\/person\/d4493b8cbea51532597fbc4685698916\"},\"headline\":\"Preview: Chelsea &#8211; Everton\",\"datePublished\":\"2016-11-04T18:17:41+00:00\",\"dateModified\":\"2019-02-11T18:18:53+00:00\",\"mainEntityOfPage\":{\"@id\":\"https:\/\/evertonfc.cz\/index.php\/2016\/11\/04\/preview-chelsea-everton-4\/\"},\"wordCount\":1201,\"commentCount\":0,\"publisher\":{\"@id\":\"https:\/\/evertonfc.cz\/#organization\"},\"image\":{\"@id\":\"https:\/\/evertonfc.cz\/index.php\/2016\/11\/04\/preview-chelsea-everton-4\/#primaryimage\"},\"thumbnailUrl\":\"https:\/\/evertonfc.cz\/wp-content\/uploads\/2019\/01\/preview.jpg\",\"articleSection\":[\"Z\u00e1pasy\"],\"inLanguage\":\"cs\",\"potentialAction\":[{\"@type\":\"CommentAction\",\"name\":\"Comment\",\"target\":[\"https:\/\/evertonfc.cz\/index.php\/2016\/11\/04\/preview-chelsea-everton-4\/#respond\"]}]},{\"@type\":\"WebPage\",\"@id\":\"https:\/\/evertonfc.cz\/index.php\/2016\/11\/04\/preview-chelsea-everton-4\/\",\"url\":\"https:\/\/evertonfc.cz\/index.php\/2016\/11\/04\/preview-chelsea-everton-4\/\",\"name\":\"Preview: Chelsea - Everton - Official Czech &amp; Slovak Everton Supporters&#039; Club\",\"isPartOf\":{\"@id\":\"https:\/\/evertonfc.cz\/#website\"},\"primaryImageOfPage\":{\"@id\":\"https:\/\/evertonfc.cz\/index.php\/2016\/11\/04\/preview-chelsea-everton-4\/#primaryimage\"},\"image\":{\"@id\":\"https:\/\/evertonfc.cz\/index.php\/2016\/11\/04\/preview-chelsea-everton-4\/#primaryimage\"},\"thumbnailUrl\":\"https:\/\/evertonfc.cz\/wp-content\/uploads\/2019\/01\/preview.jpg\",\"datePublished\":\"2016-11-04T18:17:41+00:00\",\"dateModified\":\"2019-02-11T18:18:53+00:00\",\"breadcrumb\":{\"@id\":\"https:\/\/evertonfc.cz\/index.php\/2016\/11\/04\/preview-chelsea-everton-4\/#breadcrumb\"},\"inLanguage\":\"cs\",\"potentialAction\":[{\"@type\":\"ReadAction\",\"target\":[\"https:\/\/evertonfc.cz\/index.php\/2016\/11\/04\/preview-chelsea-everton-4\/\"]}]},{\"@type\":\"ImageObject\",\"inLanguage\":\"cs\",\"@id\":\"https:\/\/evertonfc.cz\/index.php\/2016\/11\/04\/preview-chelsea-everton-4\/#primaryimage\",\"url\":\"https:\/\/evertonfc.cz\/wp-content\/uploads\/2019\/01\/preview.jpg\",\"contentUrl\":\"https:\/\/evertonfc.cz\/wp-content\/uploads\/2019\/01\/preview.jpg\",\"width\":720,\"height\":405},{\"@type\":\"BreadcrumbList\",\"@id\":\"https:\/\/evertonfc.cz\/index.php\/2016\/11\/04\/preview-chelsea-everton-4\/#breadcrumb\",\"itemListElement\":[{\"@type\":\"ListItem\",\"position\":1,\"name\":\"Home\",\"item\":\"https:\/\/evertonfc.cz\/\"},{\"@type\":\"ListItem\",\"position\":2,\"name\":\"Preview: Chelsea &#8211; Everton\"}]},{\"@type\":\"WebSite\",\"@id\":\"https:\/\/evertonfc.cz\/#website\",\"url\":\"https:\/\/evertonfc.cz\/\",\"name\":\"Official Czech &amp; Slovak Everton Supporters&#039; Club\",\"description\":\"\",\"publisher\":{\"@id\":\"https:\/\/evertonfc.cz\/#organization\"},\"potentialAction\":[{\"@type\":\"SearchAction\",\"target\":{\"@type\":\"EntryPoint\",\"urlTemplate\":\"https:\/\/evertonfc.cz\/?s={search_term_string}\"},\"query-input\":{\"@type\":\"PropertyValueSpecification\",\"valueRequired\":true,\"valueName\":\"search_term_string\"}}],\"inLanguage\":\"cs\"},{\"@type\":\"Organization\",\"@id\":\"https:\/\/evertonfc.cz\/#organization\",\"name\":\"Official Czech & Slovak Everton Supporters' Club\",\"url\":\"https:\/\/evertonfc.cz\/\",\"logo\":{\"@type\":\"ImageObject\",\"inLanguage\":\"cs\",\"@id\":\"https:\/\/evertonfc.cz\/#\/schema\/logo\/image\/\",\"url\":\"https:\/\/evertonfc.cz\/wp-content\/uploads\/2019\/05\/logo.png\",\"contentUrl\":\"https:\/\/evertonfc.cz\/wp-content\/uploads\/2019\/05\/logo.png\",\"width\":112,\"height\":112,\"caption\":\"Official Czech & Slovak Everton Supporters' Club\"},\"image\":{\"@id\":\"https:\/\/evertonfc.cz\/#\/schema\/logo\/image\/\"},\"sameAs\":[\"https:\/\/www.facebook.com\/everton.fans.cz.sk\"]},{\"@type\":\"Person\",\"@id\":\"https:\/\/evertonfc.cz\/#\/schema\/person\/d4493b8cbea51532597fbc4685698916\",\"name\":\"BlueBlooded\",\"url\":\"https:\/\/evertonfc.cz\/index.php\/author\/admin\/\"}]}<\/script>\n<!-- \/ Yoast SEO plugin. -->","yoast_head_json":{"title":"Preview: Chelsea - Everton - Official Czech &amp; Slovak Everton Supporters&#039; Club","robots":{"index":"index","follow":"follow","max-snippet":"max-snippet:-1","max-image-preview":"max-image-preview:large","max-video-preview":"max-video-preview:-1"},"canonical":"https:\/\/evertonfc.cz\/index.php\/2016\/11\/04\/preview-chelsea-everton-4\/","og_locale":"cs_CZ","og_type":"article","og_title":"Preview: Chelsea - Everton - Official Czech &amp; Slovak Everton Supporters&#039; Club","og_description":"11. kolo Premier League so sebou prin\u00e1\u0161a aj ome\u0161kan\u00fd zraz \u010ceskoslovensk\u00fdch Evertonians. Pom\u00f4\u017ee modr\u00e1 seansa v Bratislave k trom bodom?&hellip;","og_url":"https:\/\/evertonfc.cz\/index.php\/2016\/11\/04\/preview-chelsea-everton-4\/","og_site_name":"Official Czech &amp; Slovak Everton Supporters&#039; Club","article_publisher":"https:\/\/www.facebook.com\/everton.fans.cz.sk","article_published_time":"2016-11-04T18:17:41+00:00","article_modified_time":"2019-02-11T18:18:53+00:00","og_image":[{"width":720,"height":405,"url":"https:\/\/evertonfc.cz\/wp-content\/uploads\/2019\/01\/preview.jpg","type":"image\/jpeg"}],"author":"BlueBlooded","twitter_card":"summary_large_image","twitter_misc":{"Napsal(a)":"BlueBlooded","Odhadovan\u00e1 doba \u010dten\u00ed":"6 minut"},"schema":{"@context":"https:\/\/schema.org","@graph":[{"@type":"Article","@id":"https:\/\/evertonfc.cz\/index.php\/2016\/11\/04\/preview-chelsea-everton-4\/#article","isPartOf":{"@id":"https:\/\/evertonfc.cz\/index.php\/2016\/11\/04\/preview-chelsea-everton-4\/"},"author":{"name":"BlueBlooded","@id":"https:\/\/evertonfc.cz\/#\/schema\/person\/d4493b8cbea51532597fbc4685698916"},"headline":"Preview: Chelsea &#8211; Everton","datePublished":"2016-11-04T18:17:41+00:00","dateModified":"2019-02-11T18:18:53+00:00","mainEntityOfPage":{"@id":"https:\/\/evertonfc.cz\/index.php\/2016\/11\/04\/preview-chelsea-everton-4\/"},"wordCount":1201,"commentCount":0,"publisher":{"@id":"https:\/\/evertonfc.cz\/#organization"},"image":{"@id":"https:\/\/evertonfc.cz\/index.php\/2016\/11\/04\/preview-chelsea-everton-4\/#primaryimage"},"thumbnailUrl":"https:\/\/evertonfc.cz\/wp-content\/uploads\/2019\/01\/preview.jpg","articleSection":["Z\u00e1pasy"],"inLanguage":"cs","potentialAction":[{"@type":"CommentAction","name":"Comment","target":["https:\/\/evertonfc.cz\/index.php\/2016\/11\/04\/preview-chelsea-everton-4\/#respond"]}]},{"@type":"WebPage","@id":"https:\/\/evertonfc.cz\/index.php\/2016\/11\/04\/preview-chelsea-everton-4\/","url":"https:\/\/evertonfc.cz\/index.php\/2016\/11\/04\/preview-chelsea-everton-4\/","name":"Preview: Chelsea - Everton - Official Czech &amp; Slovak Everton Supporters&#039; Club","isPartOf":{"@id":"https:\/\/evertonfc.cz\/#website"},"primaryImageOfPage":{"@id":"https:\/\/evertonfc.cz\/index.php\/2016\/11\/04\/preview-chelsea-everton-4\/#primaryimage"},"image":{"@id":"https:\/\/evertonfc.cz\/index.php\/2016\/11\/04\/preview-chelsea-everton-4\/#primaryimage"},"thumbnailUrl":"https:\/\/evertonfc.cz\/wp-content\/uploads\/2019\/01\/preview.jpg","datePublished":"2016-11-04T18:17:41+00:00","dateModified":"2019-02-11T18:18:53+00:00","breadcrumb":{"@id":"https:\/\/evertonfc.cz\/index.php\/2016\/11\/04\/preview-chelsea-everton-4\/#breadcrumb"},"inLanguage":"cs","potentialAction":[{"@type":"ReadAction","target":["https:\/\/evertonfc.cz\/index.php\/2016\/11\/04\/preview-chelsea-everton-4\/"]}]},{"@type":"ImageObject","inLanguage":"cs","@id":"https:\/\/evertonfc.cz\/index.php\/2016\/11\/04\/preview-chelsea-everton-4\/#primaryimage","url":"https:\/\/evertonfc.cz\/wp-content\/uploads\/2019\/01\/preview.jpg","contentUrl":"https:\/\/evertonfc.cz\/wp-content\/uploads\/2019\/01\/preview.jpg","width":720,"height":405},{"@type":"BreadcrumbList","@id":"https:\/\/evertonfc.cz\/index.php\/2016\/11\/04\/preview-chelsea-everton-4\/#breadcrumb","itemListElement":[{"@type":"ListItem","position":1,"name":"Home","item":"https:\/\/evertonfc.cz\/"},{"@type":"ListItem","position":2,"name":"Preview: Chelsea &#8211; Everton"}]},{"@type":"WebSite","@id":"https:\/\/evertonfc.cz\/#website","url":"https:\/\/evertonfc.cz\/","name":"Official Czech &amp; Slovak Everton Supporters&#039; Club","description":"","publisher":{"@id":"https:\/\/evertonfc.cz\/#organization"},"potentialAction":[{"@type":"SearchAction","target":{"@type":"EntryPoint","urlTemplate":"https:\/\/evertonfc.cz\/?s={search_term_string}"},"query-input":{"@type":"PropertyValueSpecification","valueRequired":true,"valueName":"search_term_string"}}],"inLanguage":"cs"},{"@type":"Organization","@id":"https:\/\/evertonfc.cz\/#organization","name":"Official Czech & Slovak Everton Supporters' Club","url":"https:\/\/evertonfc.cz\/","logo":{"@type":"ImageObject","inLanguage":"cs","@id":"https:\/\/evertonfc.cz\/#\/schema\/logo\/image\/","url":"https:\/\/evertonfc.cz\/wp-content\/uploads\/2019\/05\/logo.png","contentUrl":"https:\/\/evertonfc.cz\/wp-content\/uploads\/2019\/05\/logo.png","width":112,"height":112,"caption":"Official Czech & Slovak Everton Supporters' Club"},"image":{"@id":"https:\/\/evertonfc.cz\/#\/schema\/logo\/image\/"},"sameAs":["https:\/\/www.facebook.com\/everton.fans.cz.sk"]},{"@type":"Person","@id":"https:\/\/evertonfc.cz\/#\/schema\/person\/d4493b8cbea51532597fbc4685698916","name":"BlueBlooded","url":"https:\/\/evertonfc.cz\/index.php\/author\/admin\/"}]}},"_links":{"self":[{"href":"https:\/\/evertonfc.cz\/index.php\/wp-json\/wp\/v2\/posts\/3486"}],"collection":[{"href":"https:\/\/evertonfc.cz\/index.php\/wp-json\/wp\/v2\/posts"}],"about":[{"href":"https:\/\/evertonfc.cz\/index.php\/wp-json\/wp\/v2\/types\/post"}],"author":[{"embeddable":true,"href":"https:\/\/evertonfc.cz\/index.php\/wp-json\/wp\/v2\/users\/1"}],"replies":[{"embeddable":true,"href":"https:\/\/evertonfc.cz\/index.php\/wp-json\/wp\/v2\/comments?post=3486"}],"version-history":[{"count":1,"href":"https:\/\/evertonfc.cz\/index.php\/wp-json\/wp\/v2\/posts\/3486\/revisions"}],"predecessor-version":[{"id":3487,"href":"https:\/\/evertonfc.cz\/index.php\/wp-json\/wp\/v2\/posts\/3486\/revisions\/3487"}],"wp:featuredmedia":[{"embeddable":true,"href":"https:\/\/evertonfc.cz\/index.php\/wp-json\/wp\/v2\/media\/1314"}],"wp:attachment":[{"href":"https:\/\/evertonfc.cz\/index.php\/wp-json\/wp\/v2\/media?parent=3486"}],"wp:term":[{"taxonomy":"category","embeddable":true,"href":"https:\/\/evertonfc.cz\/index.php\/wp-json\/wp\/v2\/categories?post=3486"},{"taxonomy":"post_tag","embeddable":true,"href":"https:\/\/evertonfc.cz\/index.php\/wp-json\/wp\/v2\/tags?post=3486"}],"curies":[{"name":"wp","href":"https:\/\/api.w.org\/{rel}","templated":true}]}}