{"id":3492,"date":"2016-10-28T19:23:35","date_gmt":"2016-10-28T17:23:35","guid":{"rendered":"http:\/\/evertonfc.cz\/?p=3492"},"modified":"2021-05-08T20:29:36","modified_gmt":"2021-05-08T18:29:36","slug":"preview-everton-west-ham-united-4","status":"publish","type":"post","link":"https:\/\/evertonfc.cz\/index.php\/2016\/10\/28\/preview-everton-west-ham-united-4\/","title":{"rendered":"Preview: Everton &#8211; West Ham United"},"content":{"rendered":"<h4 id=\"NewsPostDetailSummary\">P\u011bt z\u00e1pas\u016f bez v\u00fdhry si \u017e\u00e1d\u00e1 n\u00e1pravu. Toffees budou odvracet pokles formy proti West Hamu, kter\u00fd naopak po prachb\u00eddn\u00e9m za\u010d\u00e1tku sez\u00f3ny nach\u00e1z\u00ed v\u00edt\u011bznou formuli.<\/h4>\n<div id=\"NewsPostDetailContent\">\n<p>Ronald Koeman jen t\u011b\u017eko vst\u0159eb\u00e1val prohru z Turf Moor, podle jeho n\u00e1zoru si mu\u017estvo nezaslou\u017eilo odjet bez bodu. Aktu\u00e1ln\u00ed obdob\u00ed sucha ho ale neznepokojuje, na t\u011b\u017ek\u00e9 \u010dasy je p\u0159ipraven a Everton pr\u00fd disponuje individualitami schopn\u00fdmi odvr\u00e1tit hlub\u0161\u00ed krizi. P\u0159i takov\u00e9 zm\u00ednce pochopiteln\u011b prvn\u00ed napad\u00e1 Romelu Lukaku.<\/p>\n<p>Belgi\u010danovi se v leto\u0161n\u00edm ro\u010dn\u00edku da\u0159\u00ed. Krom\u011b st\u0159eleck\u00e9ho apetitu zlep\u0161il p\u0159es l\u00e9to tak\u00e9 pr\u00e1ci s m\u00ed\u010dem a dok\u00e1\u017ee b\u00fdt platn\u011bj\u0161\u00ed pro t\u00fdm. Nav\u00edc v osob\u011b Yanicka Bolasieho, zd\u00e1 se, na\u0161el vhodn\u00e9ho partnera. Lukakovi se proti West Hamu da\u0159\u00ed, branku mu vst\u0159elil v ka\u017ed\u00e9m z posledn\u00edch \u0161esti ligov\u00fdch utk\u00e1n\u00ed. Celkov\u011b se proti Hammers prosadil osmkr\u00e1t z deseti st\u0159etnut\u00ed.<\/p>\n<p>Ka\u017edop\u00e1dn\u011b Blues by pot\u0159ebovali, aby Lukaka a Bolasieho podpo\u0159ili rovn\u011b\u017e kolegov\u00e9. Barkley, Mirallas, Deulofeu a ani Coleman naplno nep\u0159edv\u00e1d\u011bj\u00ed sv\u016fj potenci\u00e1l, Baines pob\u00fdv\u00e1 na marodce, tak\u017ee ofenziva stoj\u00ed na dvou mu\u017e\u00edch. Na druhou stranu se jedn\u00e1 o ur\u010dit\u011b zlep\u0161en\u00ed oproti lo\u0148sku, kdy \u00fasp\u011b\u0161nost \u00fatok\u016f \u010dasto st\u00e1la pouze na jednom mu\u017ei. I to je odpov\u011b\u010f kritik\u016fm Bolasieho p\u0159\u00edchodu, jen\u017e sice st\u00e1l dost liber, ov\u0161em s odstupem \u010dasu se n\u00e1kup ukazuje jako logick\u00fd.<\/p>\n<p>Kdy\u017e padla \u0159e\u010d na p\u0159estupy, Koeman by se nebr\u00e1nil Rooneyho n\u00e1vratu. Co CZ\/SK Evertonians?<\/p>\n<p>Slaven Bili\u0107 si v posledn\u00edch dnech p\u0159eci jenom trochu vydechl. West Ham dok\u00e1zal p\u0159eru\u0161it smr\u0161\u0165 proher a z posledn\u00edch t\u0159ech duel\u016f ode\u0161el stoprocentn\u00ed, naposledy ve st\u0159edu triumfoval doma nad Chelsea v Ligov\u00e9m poh\u00e1ru. Nicm\u00e9n\u011b rozhodn\u011b se ned\u00e1 prohl\u00e1sit, \u017ee krize je za\u017eehn\u00e1na. Irons sice pomohla zm\u011bna syst\u00e9mu, p\u0159esto bude pot\u0159eba naj\u00edt lep\u0161\u00ed chemii. Letn\u00ed p\u0159estupov\u00e9 okno sp\u00ed\u0161e p\u0159ipom\u00ednalo shon po kvantit\u011b ne\u017e kvalit\u011b.<\/p>\n<p>Pozor si t\u0159eba d\u00e1vat na vynikaj\u00edc\u00edho Payeta. V leto\u0161n\u00ed Premier League vytvo\u0159il nejv\u00edce \u0161anc\u00ed (30) ze v\u0161ech a i se \u010dty\u0159mi asistencemi vl\u00e1dne individu\u00e1ln\u00ed statistik\u00e1m.<\/p>\n<p>James McCarthy sice na za\u010d\u00e1tku m\u011bs\u00edce odcestoval na reprezenta\u010dn\u00ed sraz Irska, jen\u017ee jak se uk\u00e1zalo, O\u00b4Neill a jeho bodyguard Keane z\u00e1lo\u017en\u00edk\u016fv n\u00e1vrat usp\u011bchali. V\u00fdsledkem je svalov\u00e9 zran\u011bn\u00ed z p\u0159et\u00ed\u017een\u00ed a pauza na n\u011bkolik t\u00fddn\u016f. Na marodce d\u00e1le pob\u00fdvaj\u00ed Baines, Pennington, Browing, Be\u0161i\u0107 a kv\u016fli probl\u00e9m\u016fm s kolenem tak\u00e9 Kon\u00e9.<\/p>\n<p>Host\u00e9 nepo\u010d\u00edtaj\u00ed s rovnou p\u011btic\u00ed indisponovan\u00fdch. V Liverpoolu si nekopnou Sam Byram, Arthur Masuaku, G\u00f6khan T\u00f6re, Diafra Sakho a Andy Caroll.<\/p>\n<p><strong>Everton:<\/strong> Stekelenburg, Robles, Coleman, Holgate, William, Jagielka, Funes Mori, Oviedo, Barry, Gueye, Cleverley, Gibson, Barkley, Davies, Lennon, Deulofeu, Mirallas, Bolasie, Valencia, Kon\u00e9, Lukaku.<\/p>\n<p><strong>West Ham United:<\/strong> Adri\u00e1n, Randolph, Arbeloa, Collins, Cresswell, Ogbonna, Oxford, Reid, Browne, Feghouli, Fernandes, Lanzini, Noble, Nordtveit, Obiang, Antonio, Ayew, Calleri, Fletcher, Payet, Zaza.<\/p>\n<p><strong>Co:<\/strong> Everton FC &#8211; West Ham United FC, 10. kolo Premier League<br \/>\n<strong>Kdy: <\/strong>30. 10. 2016 od 14:30 SE\u010c<br \/>\n<strong>Kde: <\/strong>Goodison Park, Liverpool (kapacita: 40 157)<br \/>\n<strong>Rozhod\u010d\u00ed: <\/strong>Anthony Taylor<\/p>\n<\/div>\n","protected":false},"excerpt":{"rendered":"<p>P\u011bt z\u00e1pas\u016f bez v\u00fdhry si \u017e\u00e1d\u00e1 n\u00e1pravu. Toffees budou odvracet pokles formy proti West Hamu, kter\u00fd naopak po prachb\u00eddn\u00e9m za\u010d\u00e1tku sez\u00f3ny nach\u00e1z\u00ed v\u00edt\u011bznou formuli.<\/p>\n","protected":false},"author":6,"featured_media":13403,"comment_status":"open","ping_status":"closed","sticky":false,"template":"","format":"standard","meta":{"_eb_attr":"","_monsterinsights_skip_tracking":false,"_monsterinsights_sitenote_active":false,"_monsterinsights_sitenote_note":"","_monsterinsights_sitenote_category":0,"footnotes":""},"categories":[4],"tags":[],"yoast_head":"<!-- This site is optimized with the Yoast SEO plugin v23.4 - https:\/\/yoast.com\/wordpress\/plugins\/seo\/ -->\n<title>Preview: Everton - West Ham United - Official Czech &amp; Slovak Everton Supporters&#039; Club<\/title>\n<meta name=\"robots\" content=\"index, follow, max-snippet:-1, max-image-preview:large, max-video-preview:-1\" \/>\n<link rel=\"canonical\" href=\"https:\/\/evertonfc.cz\/index.php\/2016\/10\/28\/preview-everton-west-ham-united-4\/\" \/>\n<meta property=\"og:locale\" content=\"cs_CZ\" \/>\n<meta property=\"og:type\" content=\"article\" \/>\n<meta property=\"og:title\" content=\"Preview: Everton - West Ham United - Official Czech &amp; Slovak Everton Supporters&#039; Club\" \/>\n<meta property=\"og:description\" content=\"P\u011bt z\u00e1pas\u016f bez v\u00fdhry si \u017e\u00e1d\u00e1 n\u00e1pravu. Toffees budou odvracet pokles formy proti West Hamu, kter\u00fd naopak po prachb\u00eddn\u00e9m za\u010d\u00e1tku sez\u00f3ny nach\u00e1z\u00ed v\u00edt\u011bznou formuli.\" \/>\n<meta property=\"og:url\" content=\"https:\/\/evertonfc.cz\/index.php\/2016\/10\/28\/preview-everton-west-ham-united-4\/\" \/>\n<meta property=\"og:site_name\" content=\"Official Czech &amp; Slovak Everton Supporters&#039; Club\" \/>\n<meta property=\"article:publisher\" content=\"https:\/\/www.facebook.com\/everton.fans.cz.sk\" \/>\n<meta property=\"article:published_time\" content=\"2016-10-28T17:23:35+00:00\" \/>\n<meta property=\"article:modified_time\" content=\"2021-05-08T18:29:36+00:00\" \/>\n<meta property=\"og:image\" content=\"https:\/\/evertonfc.cz\/wp-content\/uploads\/2021\/01\/Everton-VS-West-Ham.jpg\" \/>\n\t<meta property=\"og:image:width\" content=\"720\" \/>\n\t<meta property=\"og:image:height\" content=\"405\" \/>\n\t<meta property=\"og:image:type\" content=\"image\/jpeg\" \/>\n<meta name=\"author\" content=\"Ri\u010di\" \/>\n<meta name=\"twitter:card\" content=\"summary_large_image\" \/>\n<meta name=\"twitter:creator\" content=\"@rbrejsa\" \/>\n<meta name=\"twitter:label1\" content=\"Napsal(a)\" \/>\n\t<meta name=\"twitter:data1\" content=\"Ri\u010di\" \/>\n\t<meta name=\"twitter:label2\" content=\"Odhadovan\u00e1 doba \u010dten\u00ed\" \/>\n\t<meta name=\"twitter:data2\" content=\"3 minuty\" \/>\n<script type=\"application\/ld+json\" class=\"yoast-schema-graph\">{\"@context\":\"https:\/\/schema.org\",\"@graph\":[{\"@type\":\"Article\",\"@id\":\"https:\/\/evertonfc.cz\/index.php\/2016\/10\/28\/preview-everton-west-ham-united-4\/#article\",\"isPartOf\":{\"@id\":\"https:\/\/evertonfc.cz\/index.php\/2016\/10\/28\/preview-everton-west-ham-united-4\/\"},\"author\":{\"name\":\"Ri\u010di\",\"@id\":\"https:\/\/evertonfc.cz\/#\/schema\/person\/f7a5daedb2ffee98480bc70e191aaef1\"},\"headline\":\"Preview: Everton &#8211; West Ham United\",\"datePublished\":\"2016-10-28T17:23:35+00:00\",\"dateModified\":\"2021-05-08T18:29:36+00:00\",\"mainEntityOfPage\":{\"@id\":\"https:\/\/evertonfc.cz\/index.php\/2016\/10\/28\/preview-everton-west-ham-united-4\/\"},\"wordCount\":589,\"commentCount\":0,\"publisher\":{\"@id\":\"https:\/\/evertonfc.cz\/#organization\"},\"image\":{\"@id\":\"https:\/\/evertonfc.cz\/index.php\/2016\/10\/28\/preview-everton-west-ham-united-4\/#primaryimage\"},\"thumbnailUrl\":\"https:\/\/evertonfc.cz\/wp-content\/uploads\/2021\/01\/Everton-VS-West-Ham.jpg\",\"articleSection\":[\"Z\u00e1pasy\"],\"inLanguage\":\"cs\",\"potentialAction\":[{\"@type\":\"CommentAction\",\"name\":\"Comment\",\"target\":[\"https:\/\/evertonfc.cz\/index.php\/2016\/10\/28\/preview-everton-west-ham-united-4\/#respond\"]}]},{\"@type\":\"WebPage\",\"@id\":\"https:\/\/evertonfc.cz\/index.php\/2016\/10\/28\/preview-everton-west-ham-united-4\/\",\"url\":\"https:\/\/evertonfc.cz\/index.php\/2016\/10\/28\/preview-everton-west-ham-united-4\/\",\"name\":\"Preview: Everton - West Ham United - Official Czech &amp; Slovak Everton Supporters&#039; Club\",\"isPartOf\":{\"@id\":\"https:\/\/evertonfc.cz\/#website\"},\"primaryImageOfPage\":{\"@id\":\"https:\/\/evertonfc.cz\/index.php\/2016\/10\/28\/preview-everton-west-ham-united-4\/#primaryimage\"},\"image\":{\"@id\":\"https:\/\/evertonfc.cz\/index.php\/2016\/10\/28\/preview-everton-west-ham-united-4\/#primaryimage\"},\"thumbnailUrl\":\"https:\/\/evertonfc.cz\/wp-content\/uploads\/2021\/01\/Everton-VS-West-Ham.jpg\",\"datePublished\":\"2016-10-28T17:23:35+00:00\",\"dateModified\":\"2021-05-08T18:29:36+00:00\",\"breadcrumb\":{\"@id\":\"https:\/\/evertonfc.cz\/index.php\/2016\/10\/28\/preview-everton-west-ham-united-4\/#breadcrumb\"},\"inLanguage\":\"cs\",\"potentialAction\":[{\"@type\":\"ReadAction\",\"target\":[\"https:\/\/evertonfc.cz\/index.php\/2016\/10\/28\/preview-everton-west-ham-united-4\/\"]}]},{\"@type\":\"ImageObject\",\"inLanguage\":\"cs\",\"@id\":\"https:\/\/evertonfc.cz\/index.php\/2016\/10\/28\/preview-everton-west-ham-united-4\/#primaryimage\",\"url\":\"https:\/\/evertonfc.cz\/wp-content\/uploads\/2021\/01\/Everton-VS-West-Ham.jpg\",\"contentUrl\":\"https:\/\/evertonfc.cz\/wp-content\/uploads\/2021\/01\/Everton-VS-West-Ham.jpg\",\"width\":720,\"height\":405},{\"@type\":\"BreadcrumbList\",\"@id\":\"https:\/\/evertonfc.cz\/index.php\/2016\/10\/28\/preview-everton-west-ham-united-4\/#breadcrumb\",\"itemListElement\":[{\"@type\":\"ListItem\",\"position\":1,\"name\":\"Home\",\"item\":\"https:\/\/evertonfc.cz\/\"},{\"@type\":\"ListItem\",\"position\":2,\"name\":\"Preview: Everton &#8211; West Ham United\"}]},{\"@type\":\"WebSite\",\"@id\":\"https:\/\/evertonfc.cz\/#website\",\"url\":\"https:\/\/evertonfc.cz\/\",\"name\":\"Official Czech &amp; Slovak Everton Supporters&#039; Club\",\"description\":\"\",\"publisher\":{\"@id\":\"https:\/\/evertonfc.cz\/#organization\"},\"potentialAction\":[{\"@type\":\"SearchAction\",\"target\":{\"@type\":\"EntryPoint\",\"urlTemplate\":\"https:\/\/evertonfc.cz\/?s={search_term_string}\"},\"query-input\":{\"@type\":\"PropertyValueSpecification\",\"valueRequired\":true,\"valueName\":\"search_term_string\"}}],\"inLanguage\":\"cs\"},{\"@type\":\"Organization\",\"@id\":\"https:\/\/evertonfc.cz\/#organization\",\"name\":\"Official Czech & Slovak Everton Supporters' Club\",\"url\":\"https:\/\/evertonfc.cz\/\",\"logo\":{\"@type\":\"ImageObject\",\"inLanguage\":\"cs\",\"@id\":\"https:\/\/evertonfc.cz\/#\/schema\/logo\/image\/\",\"url\":\"https:\/\/evertonfc.cz\/wp-content\/uploads\/2019\/05\/logo.png\",\"contentUrl\":\"https:\/\/evertonfc.cz\/wp-content\/uploads\/2019\/05\/logo.png\",\"width\":112,\"height\":112,\"caption\":\"Official Czech & Slovak Everton Supporters' Club\"},\"image\":{\"@id\":\"https:\/\/evertonfc.cz\/#\/schema\/logo\/image\/\"},\"sameAs\":[\"https:\/\/www.facebook.com\/everton.fans.cz.sk\"]},{\"@type\":\"Person\",\"@id\":\"https:\/\/evertonfc.cz\/#\/schema\/person\/f7a5daedb2ffee98480bc70e191aaef1\",\"name\":\"Ri\u010di\",\"sameAs\":[\"https:\/\/x.com\/rbrejsa\"],\"url\":\"https:\/\/evertonfc.cz\/index.php\/author\/rici\/\"}]}<\/script>\n<!-- \/ Yoast SEO plugin. -->","yoast_head_json":{"title":"Preview: Everton - West Ham United - Official Czech &amp; Slovak Everton Supporters&#039; Club","robots":{"index":"index","follow":"follow","max-snippet":"max-snippet:-1","max-image-preview":"max-image-preview:large","max-video-preview":"max-video-preview:-1"},"canonical":"https:\/\/evertonfc.cz\/index.php\/2016\/10\/28\/preview-everton-west-ham-united-4\/","og_locale":"cs_CZ","og_type":"article","og_title":"Preview: Everton - West Ham United - Official Czech &amp; Slovak Everton Supporters&#039; Club","og_description":"P\u011bt z\u00e1pas\u016f bez v\u00fdhry si \u017e\u00e1d\u00e1 n\u00e1pravu. Toffees budou odvracet pokles formy proti West Hamu, kter\u00fd naopak po prachb\u00eddn\u00e9m za\u010d\u00e1tku sez\u00f3ny nach\u00e1z\u00ed v\u00edt\u011bznou formuli.","og_url":"https:\/\/evertonfc.cz\/index.php\/2016\/10\/28\/preview-everton-west-ham-united-4\/","og_site_name":"Official Czech &amp; Slovak Everton Supporters&#039; Club","article_publisher":"https:\/\/www.facebook.com\/everton.fans.cz.sk","article_published_time":"2016-10-28T17:23:35+00:00","article_modified_time":"2021-05-08T18:29:36+00:00","og_image":[{"width":720,"height":405,"url":"https:\/\/evertonfc.cz\/wp-content\/uploads\/2021\/01\/Everton-VS-West-Ham.jpg","type":"image\/jpeg"}],"author":"Ri\u010di","twitter_card":"summary_large_image","twitter_creator":"@rbrejsa","twitter_misc":{"Napsal(a)":"Ri\u010di","Odhadovan\u00e1 doba \u010dten\u00ed":"3 minuty"},"schema":{"@context":"https:\/\/schema.org","@graph":[{"@type":"Article","@id":"https:\/\/evertonfc.cz\/index.php\/2016\/10\/28\/preview-everton-west-ham-united-4\/#article","isPartOf":{"@id":"https:\/\/evertonfc.cz\/index.php\/2016\/10\/28\/preview-everton-west-ham-united-4\/"},"author":{"name":"Ri\u010di","@id":"https:\/\/evertonfc.cz\/#\/schema\/person\/f7a5daedb2ffee98480bc70e191aaef1"},"headline":"Preview: Everton &#8211; West Ham United","datePublished":"2016-10-28T17:23:35+00:00","dateModified":"2021-05-08T18:29:36+00:00","mainEntityOfPage":{"@id":"https:\/\/evertonfc.cz\/index.php\/2016\/10\/28\/preview-everton-west-ham-united-4\/"},"wordCount":589,"commentCount":0,"publisher":{"@id":"https:\/\/evertonfc.cz\/#organization"},"image":{"@id":"https:\/\/evertonfc.cz\/index.php\/2016\/10\/28\/preview-everton-west-ham-united-4\/#primaryimage"},"thumbnailUrl":"https:\/\/evertonfc.cz\/wp-content\/uploads\/2021\/01\/Everton-VS-West-Ham.jpg","articleSection":["Z\u00e1pasy"],"inLanguage":"cs","potentialAction":[{"@type":"CommentAction","name":"Comment","target":["https:\/\/evertonfc.cz\/index.php\/2016\/10\/28\/preview-everton-west-ham-united-4\/#respond"]}]},{"@type":"WebPage","@id":"https:\/\/evertonfc.cz\/index.php\/2016\/10\/28\/preview-everton-west-ham-united-4\/","url":"https:\/\/evertonfc.cz\/index.php\/2016\/10\/28\/preview-everton-west-ham-united-4\/","name":"Preview: Everton - West Ham United - Official Czech &amp; Slovak Everton Supporters&#039; Club","isPartOf":{"@id":"https:\/\/evertonfc.cz\/#website"},"primaryImageOfPage":{"@id":"https:\/\/evertonfc.cz\/index.php\/2016\/10\/28\/preview-everton-west-ham-united-4\/#primaryimage"},"image":{"@id":"https:\/\/evertonfc.cz\/index.php\/2016\/10\/28\/preview-everton-west-ham-united-4\/#primaryimage"},"thumbnailUrl":"https:\/\/evertonfc.cz\/wp-content\/uploads\/2021\/01\/Everton-VS-West-Ham.jpg","datePublished":"2016-10-28T17:23:35+00:00","dateModified":"2021-05-08T18:29:36+00:00","breadcrumb":{"@id":"https:\/\/evertonfc.cz\/index.php\/2016\/10\/28\/preview-everton-west-ham-united-4\/#breadcrumb"},"inLanguage":"cs","potentialAction":[{"@type":"ReadAction","target":["https:\/\/evertonfc.cz\/index.php\/2016\/10\/28\/preview-everton-west-ham-united-4\/"]}]},{"@type":"ImageObject","inLanguage":"cs","@id":"https:\/\/evertonfc.cz\/index.php\/2016\/10\/28\/preview-everton-west-ham-united-4\/#primaryimage","url":"https:\/\/evertonfc.cz\/wp-content\/uploads\/2021\/01\/Everton-VS-West-Ham.jpg","contentUrl":"https:\/\/evertonfc.cz\/wp-content\/uploads\/2021\/01\/Everton-VS-West-Ham.jpg","width":720,"height":405},{"@type":"BreadcrumbList","@id":"https:\/\/evertonfc.cz\/index.php\/2016\/10\/28\/preview-everton-west-ham-united-4\/#breadcrumb","itemListElement":[{"@type":"ListItem","position":1,"name":"Home","item":"https:\/\/evertonfc.cz\/"},{"@type":"ListItem","position":2,"name":"Preview: Everton &#8211; West Ham United"}]},{"@type":"WebSite","@id":"https:\/\/evertonfc.cz\/#website","url":"https:\/\/evertonfc.cz\/","name":"Official Czech &amp; Slovak Everton Supporters&#039; Club","description":"","publisher":{"@id":"https:\/\/evertonfc.cz\/#organization"},"potentialAction":[{"@type":"SearchAction","target":{"@type":"EntryPoint","urlTemplate":"https:\/\/evertonfc.cz\/?s={search_term_string}"},"query-input":{"@type":"PropertyValueSpecification","valueRequired":true,"valueName":"search_term_string"}}],"inLanguage":"cs"},{"@type":"Organization","@id":"https:\/\/evertonfc.cz\/#organization","name":"Official Czech & Slovak Everton Supporters' Club","url":"https:\/\/evertonfc.cz\/","logo":{"@type":"ImageObject","inLanguage":"cs","@id":"https:\/\/evertonfc.cz\/#\/schema\/logo\/image\/","url":"https:\/\/evertonfc.cz\/wp-content\/uploads\/2019\/05\/logo.png","contentUrl":"https:\/\/evertonfc.cz\/wp-content\/uploads\/2019\/05\/logo.png","width":112,"height":112,"caption":"Official Czech & Slovak Everton Supporters' Club"},"image":{"@id":"https:\/\/evertonfc.cz\/#\/schema\/logo\/image\/"},"sameAs":["https:\/\/www.facebook.com\/everton.fans.cz.sk"]},{"@type":"Person","@id":"https:\/\/evertonfc.cz\/#\/schema\/person\/f7a5daedb2ffee98480bc70e191aaef1","name":"Ri\u010di","sameAs":["https:\/\/x.com\/rbrejsa"],"url":"https:\/\/evertonfc.cz\/index.php\/author\/rici\/"}]}},"_links":{"self":[{"href":"https:\/\/evertonfc.cz\/index.php\/wp-json\/wp\/v2\/posts\/3492"}],"collection":[{"href":"https:\/\/evertonfc.cz\/index.php\/wp-json\/wp\/v2\/posts"}],"about":[{"href":"https:\/\/evertonfc.cz\/index.php\/wp-json\/wp\/v2\/types\/post"}],"author":[{"embeddable":true,"href":"https:\/\/evertonfc.cz\/index.php\/wp-json\/wp\/v2\/users\/6"}],"replies":[{"embeddable":true,"href":"https:\/\/evertonfc.cz\/index.php\/wp-json\/wp\/v2\/comments?post=3492"}],"version-history":[{"count":3,"href":"https:\/\/evertonfc.cz\/index.php\/wp-json\/wp\/v2\/posts\/3492\/revisions"}],"predecessor-version":[{"id":15266,"href":"https:\/\/evertonfc.cz\/index.php\/wp-json\/wp\/v2\/posts\/3492\/revisions\/15266"}],"wp:featuredmedia":[{"embeddable":true,"href":"https:\/\/evertonfc.cz\/index.php\/wp-json\/wp\/v2\/media\/13403"}],"wp:attachment":[{"href":"https:\/\/evertonfc.cz\/index.php\/wp-json\/wp\/v2\/media?parent=3492"}],"wp:term":[{"taxonomy":"category","embeddable":true,"href":"https:\/\/evertonfc.cz\/index.php\/wp-json\/wp\/v2\/categories?post=3492"},{"taxonomy":"post_tag","embeddable":true,"href":"https:\/\/evertonfc.cz\/index.php\/wp-json\/wp\/v2\/tags?post=3492"}],"curies":[{"name":"wp","href":"https:\/\/api.w.org\/{rel}","templated":true}]}}