{"id":3496,"date":"2016-10-21T19:27:22","date_gmt":"2016-10-21T17:27:22","guid":{"rendered":"http:\/\/evertonfc.cz\/?p=3496"},"modified":"2021-03-12T10:49:13","modified_gmt":"2021-03-12T09:49:13","slug":"preview-burnley-everton-3","status":"publish","type":"post","link":"https:\/\/evertonfc.cz\/index.php\/2016\/10\/21\/preview-burnley-everton-3\/","title":{"rendered":"Preview: Burnley &#8211; Everton"},"content":{"rendered":"<h4 id=\"NewsPostDetailSummary\">Plusov\u00fd bod ze h\u0159i\u0161t\u011b Manchesteru City mus\u00ed b\u00fdt potvrzen p\u0159i dal\u0161\u00edm v\u00fdjezdu, na Turf Moor se od sv\u011b\u0159enc\u016f Ronalda Koemana neo\u010dek\u00e1v\u00e1 dal\u0161\u00ed defenzivn\u011b lad\u011bn\u00fd v\u00fdkon.<\/h4>\n<div id=\"NewsPostDetailContent\">\n<p>A\u010d by se daly vytknout chyby v utk\u00e1n\u00ed s Citizens (Jagielka vyrobil dva pokutov\u00e9 kopy a Oviedo nest\u00edhal), proti tak \u0161pi\u010dkov\u00e9mu t\u00fdmu celkov\u00e1 hra obrany pot\u011b\u0161ila a jenom se potvrdilo, \u017ee Toffees prod\u011blali skute\u010dn\u00fd progres v prostoru kolem vlastn\u00edho v\u00e1pna. V\u017edy\u0165 v leto\u0161n\u00ed lize jim je\u0161t\u011b \u017e\u00e1dn\u00fd soupe\u0159 nevst\u0159elil v\u00edce ne\u017e jednu branku.<\/p>\n<p>Na tiskov\u00e9 konferenci mana\u017eer prozradil dv\u011b zaj\u00edmav\u00e9 v\u011bci. Nejprve nevylou\u010dil poupravit rozestaven\u00ed a tak\u00e9 vym\u011bnit jedno \u010di dva hr\u00e1\u010de. Proti Burnley nebude zapot\u0159eb\u00ed t\u0159\u00ed st\u0159edov\u00fdch z\u00e1lo\u017en\u00edk\u016f, a tak lze p\u0159edpokl\u00e1dat vynech\u00e1n\u00ed Toma Cleverleyho. Na jeho \u00fakor by se do z\u00e1kladn\u00ed sestavy mohl pod\u00edvat Ross Barkley, jen\u017e si minul\u00fd v\u00edkend nezahr\u00e1l. Koeman, a t\u00edm se dost\u00e1v\u00e1me k druh\u00e9mu bodu, ozna\u010dil Barkleyho opomenut\u00ed za mo\u017en\u00fd bud\u00ed\u010dek pro hr\u00e1\u010de. P\u0159\u00e1l by si od n\u011bho v\u011bt\u0161\u00ed zodpov\u011bdnost, u\u017e ho rozhodn\u011b nevn\u00edm\u00e1 jenom jako talentovan\u00e9ho hocha.<\/p>\n<p>Kevin Mirallas za\u010dal posledn\u00ed dva z\u00e1pasy mezi n\u00e1hradn\u00edky, p\u0159eci jenom na k\u0159\u00eddlech panuje konkurence a rotace je tud\u00ed\u017e logick\u00e1. Jeho nasazen\u00ed m\u00edsto Deulofea by p\u0159ekvapen\u00edm nebylo. A co \u0161ance pro Funes Moriho?<\/p>\n<p>Burnley spadlo z Premier League v\u00a0ro\u010dn\u00edku 2014\/15, nicm\u00e9n\u011b veden\u00ed klubu rozumn\u011b podr\u017eelo ve funkci mana\u017eera Seana Dyche, jen\u017e se oplatil okam\u017eit\u00fdm n\u00e1vratem do Premier League. Aktu\u00e1ln\u00edm c\u00edlem nen\u00ed nic jin\u00e9ho ne\u017e z\u00e1chrana, podle mnoh\u00fdch progn\u00f3z nedosa\u017eiteln\u00e1. Jako hlavn\u00ed d\u016fvod je uv\u00e1d\u011bna ekonomick\u00e1 str\u00e1nka, v tomto ohledu slab\u0161\u00edho \u00fa\u010dastn\u00edka v EPL nenajdete.<\/p>\n<p>Nov\u00e1\u010dka tedy \u010dek\u00e1 po\u0159\u00e1dn\u00e1 pr\u00e1ce v cest\u011b za udr\u017een\u00edm. Evidentn\u011b pot\u0159ebuje zlep\u0161it produktivitu, \u0161est vst\u0159elen\u00fdch branek pat\u0159\u00ed k nejni\u017e\u0161\u00edmu \u010d\u00edslu v lize. Pokulh\u00e1v\u00e1 i v defenziv\u011b, konkr\u00e9tn\u011b jej\u00ed organizace m\u00edsty p\u016fsob\u00ed a\u017e p\u0159\u00edli\u0161 chaoticky. Branka\u0159 Tom Heaton p\u0159edvedl 39 z\u00e1krok\u016f z osmi kol, v\u011bt\u0161\u00edmu po\u010dtu st\u0159el nikdo ne\u010delil.<\/p>\n<p>Everton postr\u00e1d\u00e1 Leightona Bainese, obnovilo se mu svalov\u00e9 zran\u011bn\u00ed. Spln\u00edm si pouze povinnost, kdy\u017e dopln\u00edm dlouhodob\u011b zran\u011bn\u00e9 Browninga, Penningtona a Be\u0161i\u0107e. Z leh\u010d\u00edho zdravotn\u00edho probl\u00e9mu se dostal aspo\u0148 Aaron Lennon. Sean Dyche nepo\u010d\u00edt\u00e1 se Stevenem Defourem, rekordn\u00ed podpis za \u00a38m vy\u0159adily svalov\u00e9 probl\u00e9my.D\u00e1le dlouhodob\u011b absentuje Ashley Barnes a jeho kolega z \u00fatoku Andre Gray. V roce 2012 \u0161ikovn\u00fd forvard diskriminoval homosexu\u00e1ly na Twitteru a na konci z\u00e1\u0159\u00ed ho FA potrestala stopkou ve \u010dty\u0159ech z\u00e1pasech.<\/p>\n<p><strong>Burnley:<\/strong> Heaton, Robinson, Flanagan, Keane, Lowrton, Mee, Tarkowski, Ward, Arfield, Boyd, O\u00b4Neill, Hendrick, Kightly, Marney, Bamford, Gudmundsson, Vokes.<\/p>\n<p><strong>Everton:<\/strong> Stekelenburg, Robles, Coleman, Holgate, William, Jagielka, Funes Mori, Oviedo, Barry, Gueye, McCarthy, Cleverley, Gibson, Barkley, Davies, Lennon, Deulofeu, Mirallas, Bolasie, Valencia, Kon\u00e9, Lukaku.<\/p>\n<p><strong>Co:<\/strong> Burnley FC &#8211; Everton FC, 9. kolo Premier League<br \/>\n<strong>Kdy:<\/strong> 22. 10. 2016 od 16:00 SE\u010c<br \/>\n<strong>Kde:<\/strong> Turf Moor, Burnley (kapacita: 21 401)<br \/>\n<strong>Rozhod\u010d\u00ed:<\/strong> Mike Jones<\/p>\n<\/div>\n","protected":false},"excerpt":{"rendered":"<p>Plusov\u00fd bod ze h\u0159i\u0161t\u011b Manchesteru City mus\u00ed b\u00fdt potvrzen p\u0159i dal\u0161\u00edm v\u00fdjezdu, na Turf Moor se od sv\u011b\u0159enc\u016f Ronalda Koemana neo\u010dek\u00e1v\u00e1 dal\u0161\u00ed defenzivn\u011b lad\u011bn\u00fd v\u00fdkon.<\/p>\n","protected":false},"author":6,"featured_media":13078,"comment_status":"open","ping_status":"closed","sticky":false,"template":"","format":"standard","meta":{"_eb_attr":"","_monsterinsights_skip_tracking":false,"_monsterinsights_sitenote_active":false,"_monsterinsights_sitenote_note":"","_monsterinsights_sitenote_category":0,"footnotes":""},"categories":[4],"tags":[],"yoast_head":"<!-- This site is optimized with the Yoast SEO plugin v23.4 - https:\/\/yoast.com\/wordpress\/plugins\/seo\/ -->\n<title>Preview: Burnley - Everton - Official Czech &amp; Slovak Everton Supporters&#039; Club<\/title>\n<meta name=\"robots\" content=\"index, follow, max-snippet:-1, max-image-preview:large, max-video-preview:-1\" \/>\n<link rel=\"canonical\" href=\"https:\/\/evertonfc.cz\/index.php\/2016\/10\/21\/preview-burnley-everton-3\/\" \/>\n<meta property=\"og:locale\" content=\"cs_CZ\" \/>\n<meta property=\"og:type\" content=\"article\" \/>\n<meta property=\"og:title\" content=\"Preview: Burnley - Everton - Official Czech &amp; Slovak Everton Supporters&#039; Club\" \/>\n<meta property=\"og:description\" content=\"Plusov\u00fd bod ze h\u0159i\u0161t\u011b Manchesteru City mus\u00ed b\u00fdt potvrzen p\u0159i dal\u0161\u00edm v\u00fdjezdu, na Turf Moor se od sv\u011b\u0159enc\u016f Ronalda Koemana neo\u010dek\u00e1v\u00e1 dal\u0161\u00ed defenzivn\u011b lad\u011bn\u00fd v\u00fdkon.\" \/>\n<meta property=\"og:url\" content=\"https:\/\/evertonfc.cz\/index.php\/2016\/10\/21\/preview-burnley-everton-3\/\" \/>\n<meta property=\"og:site_name\" content=\"Official Czech &amp; Slovak Everton Supporters&#039; Club\" \/>\n<meta property=\"article:publisher\" content=\"https:\/\/www.facebook.com\/everton.fans.cz.sk\" \/>\n<meta property=\"article:published_time\" content=\"2016-10-21T17:27:22+00:00\" \/>\n<meta property=\"article:modified_time\" content=\"2021-03-12T09:49:13+00:00\" \/>\n<meta property=\"og:image\" content=\"https:\/\/evertonfc.cz\/wp-content\/uploads\/2020\/12\/Burnley-VS-Everton-5-12-2020.jpg\" \/>\n\t<meta property=\"og:image:width\" content=\"720\" \/>\n\t<meta property=\"og:image:height\" content=\"405\" \/>\n\t<meta property=\"og:image:type\" content=\"image\/jpeg\" \/>\n<meta name=\"author\" content=\"Ri\u010di\" \/>\n<meta name=\"twitter:card\" content=\"summary_large_image\" \/>\n<meta name=\"twitter:creator\" content=\"@rbrejsa\" \/>\n<meta name=\"twitter:label1\" content=\"Napsal(a)\" \/>\n\t<meta name=\"twitter:data1\" content=\"Ri\u010di\" \/>\n\t<meta name=\"twitter:label2\" content=\"Odhadovan\u00e1 doba \u010dten\u00ed\" \/>\n\t<meta name=\"twitter:data2\" content=\"2 minuty\" \/>\n<script type=\"application\/ld+json\" class=\"yoast-schema-graph\">{\"@context\":\"https:\/\/schema.org\",\"@graph\":[{\"@type\":\"Article\",\"@id\":\"https:\/\/evertonfc.cz\/index.php\/2016\/10\/21\/preview-burnley-everton-3\/#article\",\"isPartOf\":{\"@id\":\"https:\/\/evertonfc.cz\/index.php\/2016\/10\/21\/preview-burnley-everton-3\/\"},\"author\":{\"name\":\"Ri\u010di\",\"@id\":\"https:\/\/evertonfc.cz\/#\/schema\/person\/f7a5daedb2ffee98480bc70e191aaef1\"},\"headline\":\"Preview: Burnley &#8211; Everton\",\"datePublished\":\"2016-10-21T17:27:22+00:00\",\"dateModified\":\"2021-03-12T09:49:13+00:00\",\"mainEntityOfPage\":{\"@id\":\"https:\/\/evertonfc.cz\/index.php\/2016\/10\/21\/preview-burnley-everton-3\/\"},\"wordCount\":559,\"commentCount\":0,\"publisher\":{\"@id\":\"https:\/\/evertonfc.cz\/#organization\"},\"image\":{\"@id\":\"https:\/\/evertonfc.cz\/index.php\/2016\/10\/21\/preview-burnley-everton-3\/#primaryimage\"},\"thumbnailUrl\":\"https:\/\/evertonfc.cz\/wp-content\/uploads\/2020\/12\/Burnley-VS-Everton-5-12-2020.jpg\",\"articleSection\":[\"Z\u00e1pasy\"],\"inLanguage\":\"cs\",\"potentialAction\":[{\"@type\":\"CommentAction\",\"name\":\"Comment\",\"target\":[\"https:\/\/evertonfc.cz\/index.php\/2016\/10\/21\/preview-burnley-everton-3\/#respond\"]}]},{\"@type\":\"WebPage\",\"@id\":\"https:\/\/evertonfc.cz\/index.php\/2016\/10\/21\/preview-burnley-everton-3\/\",\"url\":\"https:\/\/evertonfc.cz\/index.php\/2016\/10\/21\/preview-burnley-everton-3\/\",\"name\":\"Preview: Burnley - Everton - Official Czech &amp; Slovak Everton Supporters&#039; Club\",\"isPartOf\":{\"@id\":\"https:\/\/evertonfc.cz\/#website\"},\"primaryImageOfPage\":{\"@id\":\"https:\/\/evertonfc.cz\/index.php\/2016\/10\/21\/preview-burnley-everton-3\/#primaryimage\"},\"image\":{\"@id\":\"https:\/\/evertonfc.cz\/index.php\/2016\/10\/21\/preview-burnley-everton-3\/#primaryimage\"},\"thumbnailUrl\":\"https:\/\/evertonfc.cz\/wp-content\/uploads\/2020\/12\/Burnley-VS-Everton-5-12-2020.jpg\",\"datePublished\":\"2016-10-21T17:27:22+00:00\",\"dateModified\":\"2021-03-12T09:49:13+00:00\",\"breadcrumb\":{\"@id\":\"https:\/\/evertonfc.cz\/index.php\/2016\/10\/21\/preview-burnley-everton-3\/#breadcrumb\"},\"inLanguage\":\"cs\",\"potentialAction\":[{\"@type\":\"ReadAction\",\"target\":[\"https:\/\/evertonfc.cz\/index.php\/2016\/10\/21\/preview-burnley-everton-3\/\"]}]},{\"@type\":\"ImageObject\",\"inLanguage\":\"cs\",\"@id\":\"https:\/\/evertonfc.cz\/index.php\/2016\/10\/21\/preview-burnley-everton-3\/#primaryimage\",\"url\":\"https:\/\/evertonfc.cz\/wp-content\/uploads\/2020\/12\/Burnley-VS-Everton-5-12-2020.jpg\",\"contentUrl\":\"https:\/\/evertonfc.cz\/wp-content\/uploads\/2020\/12\/Burnley-VS-Everton-5-12-2020.jpg\",\"width\":720,\"height\":405},{\"@type\":\"BreadcrumbList\",\"@id\":\"https:\/\/evertonfc.cz\/index.php\/2016\/10\/21\/preview-burnley-everton-3\/#breadcrumb\",\"itemListElement\":[{\"@type\":\"ListItem\",\"position\":1,\"name\":\"Home\",\"item\":\"https:\/\/evertonfc.cz\/\"},{\"@type\":\"ListItem\",\"position\":2,\"name\":\"Preview: Burnley &#8211; Everton\"}]},{\"@type\":\"WebSite\",\"@id\":\"https:\/\/evertonfc.cz\/#website\",\"url\":\"https:\/\/evertonfc.cz\/\",\"name\":\"Official Czech &amp; Slovak Everton Supporters&#039; Club\",\"description\":\"\",\"publisher\":{\"@id\":\"https:\/\/evertonfc.cz\/#organization\"},\"potentialAction\":[{\"@type\":\"SearchAction\",\"target\":{\"@type\":\"EntryPoint\",\"urlTemplate\":\"https:\/\/evertonfc.cz\/?s={search_term_string}\"},\"query-input\":{\"@type\":\"PropertyValueSpecification\",\"valueRequired\":true,\"valueName\":\"search_term_string\"}}],\"inLanguage\":\"cs\"},{\"@type\":\"Organization\",\"@id\":\"https:\/\/evertonfc.cz\/#organization\",\"name\":\"Official Czech & Slovak Everton Supporters' Club\",\"url\":\"https:\/\/evertonfc.cz\/\",\"logo\":{\"@type\":\"ImageObject\",\"inLanguage\":\"cs\",\"@id\":\"https:\/\/evertonfc.cz\/#\/schema\/logo\/image\/\",\"url\":\"https:\/\/evertonfc.cz\/wp-content\/uploads\/2019\/05\/logo.png\",\"contentUrl\":\"https:\/\/evertonfc.cz\/wp-content\/uploads\/2019\/05\/logo.png\",\"width\":112,\"height\":112,\"caption\":\"Official Czech & Slovak Everton Supporters' Club\"},\"image\":{\"@id\":\"https:\/\/evertonfc.cz\/#\/schema\/logo\/image\/\"},\"sameAs\":[\"https:\/\/www.facebook.com\/everton.fans.cz.sk\"]},{\"@type\":\"Person\",\"@id\":\"https:\/\/evertonfc.cz\/#\/schema\/person\/f7a5daedb2ffee98480bc70e191aaef1\",\"name\":\"Ri\u010di\",\"sameAs\":[\"https:\/\/x.com\/rbrejsa\"],\"url\":\"https:\/\/evertonfc.cz\/index.php\/author\/rici\/\"}]}<\/script>\n<!-- \/ Yoast SEO plugin. -->","yoast_head_json":{"title":"Preview: Burnley - Everton - Official Czech &amp; Slovak Everton Supporters&#039; Club","robots":{"index":"index","follow":"follow","max-snippet":"max-snippet:-1","max-image-preview":"max-image-preview:large","max-video-preview":"max-video-preview:-1"},"canonical":"https:\/\/evertonfc.cz\/index.php\/2016\/10\/21\/preview-burnley-everton-3\/","og_locale":"cs_CZ","og_type":"article","og_title":"Preview: Burnley - Everton - Official Czech &amp; Slovak Everton Supporters&#039; Club","og_description":"Plusov\u00fd bod ze h\u0159i\u0161t\u011b Manchesteru City mus\u00ed b\u00fdt potvrzen p\u0159i dal\u0161\u00edm v\u00fdjezdu, na Turf Moor se od sv\u011b\u0159enc\u016f Ronalda Koemana neo\u010dek\u00e1v\u00e1 dal\u0161\u00ed defenzivn\u011b lad\u011bn\u00fd v\u00fdkon.","og_url":"https:\/\/evertonfc.cz\/index.php\/2016\/10\/21\/preview-burnley-everton-3\/","og_site_name":"Official Czech &amp; Slovak Everton Supporters&#039; Club","article_publisher":"https:\/\/www.facebook.com\/everton.fans.cz.sk","article_published_time":"2016-10-21T17:27:22+00:00","article_modified_time":"2021-03-12T09:49:13+00:00","og_image":[{"width":720,"height":405,"url":"https:\/\/evertonfc.cz\/wp-content\/uploads\/2020\/12\/Burnley-VS-Everton-5-12-2020.jpg","type":"image\/jpeg"}],"author":"Ri\u010di","twitter_card":"summary_large_image","twitter_creator":"@rbrejsa","twitter_misc":{"Napsal(a)":"Ri\u010di","Odhadovan\u00e1 doba \u010dten\u00ed":"2 minuty"},"schema":{"@context":"https:\/\/schema.org","@graph":[{"@type":"Article","@id":"https:\/\/evertonfc.cz\/index.php\/2016\/10\/21\/preview-burnley-everton-3\/#article","isPartOf":{"@id":"https:\/\/evertonfc.cz\/index.php\/2016\/10\/21\/preview-burnley-everton-3\/"},"author":{"name":"Ri\u010di","@id":"https:\/\/evertonfc.cz\/#\/schema\/person\/f7a5daedb2ffee98480bc70e191aaef1"},"headline":"Preview: Burnley &#8211; Everton","datePublished":"2016-10-21T17:27:22+00:00","dateModified":"2021-03-12T09:49:13+00:00","mainEntityOfPage":{"@id":"https:\/\/evertonfc.cz\/index.php\/2016\/10\/21\/preview-burnley-everton-3\/"},"wordCount":559,"commentCount":0,"publisher":{"@id":"https:\/\/evertonfc.cz\/#organization"},"image":{"@id":"https:\/\/evertonfc.cz\/index.php\/2016\/10\/21\/preview-burnley-everton-3\/#primaryimage"},"thumbnailUrl":"https:\/\/evertonfc.cz\/wp-content\/uploads\/2020\/12\/Burnley-VS-Everton-5-12-2020.jpg","articleSection":["Z\u00e1pasy"],"inLanguage":"cs","potentialAction":[{"@type":"CommentAction","name":"Comment","target":["https:\/\/evertonfc.cz\/index.php\/2016\/10\/21\/preview-burnley-everton-3\/#respond"]}]},{"@type":"WebPage","@id":"https:\/\/evertonfc.cz\/index.php\/2016\/10\/21\/preview-burnley-everton-3\/","url":"https:\/\/evertonfc.cz\/index.php\/2016\/10\/21\/preview-burnley-everton-3\/","name":"Preview: Burnley - Everton - Official Czech &amp; Slovak Everton Supporters&#039; Club","isPartOf":{"@id":"https:\/\/evertonfc.cz\/#website"},"primaryImageOfPage":{"@id":"https:\/\/evertonfc.cz\/index.php\/2016\/10\/21\/preview-burnley-everton-3\/#primaryimage"},"image":{"@id":"https:\/\/evertonfc.cz\/index.php\/2016\/10\/21\/preview-burnley-everton-3\/#primaryimage"},"thumbnailUrl":"https:\/\/evertonfc.cz\/wp-content\/uploads\/2020\/12\/Burnley-VS-Everton-5-12-2020.jpg","datePublished":"2016-10-21T17:27:22+00:00","dateModified":"2021-03-12T09:49:13+00:00","breadcrumb":{"@id":"https:\/\/evertonfc.cz\/index.php\/2016\/10\/21\/preview-burnley-everton-3\/#breadcrumb"},"inLanguage":"cs","potentialAction":[{"@type":"ReadAction","target":["https:\/\/evertonfc.cz\/index.php\/2016\/10\/21\/preview-burnley-everton-3\/"]}]},{"@type":"ImageObject","inLanguage":"cs","@id":"https:\/\/evertonfc.cz\/index.php\/2016\/10\/21\/preview-burnley-everton-3\/#primaryimage","url":"https:\/\/evertonfc.cz\/wp-content\/uploads\/2020\/12\/Burnley-VS-Everton-5-12-2020.jpg","contentUrl":"https:\/\/evertonfc.cz\/wp-content\/uploads\/2020\/12\/Burnley-VS-Everton-5-12-2020.jpg","width":720,"height":405},{"@type":"BreadcrumbList","@id":"https:\/\/evertonfc.cz\/index.php\/2016\/10\/21\/preview-burnley-everton-3\/#breadcrumb","itemListElement":[{"@type":"ListItem","position":1,"name":"Home","item":"https:\/\/evertonfc.cz\/"},{"@type":"ListItem","position":2,"name":"Preview: Burnley &#8211; Everton"}]},{"@type":"WebSite","@id":"https:\/\/evertonfc.cz\/#website","url":"https:\/\/evertonfc.cz\/","name":"Official Czech &amp; Slovak Everton Supporters&#039; Club","description":"","publisher":{"@id":"https:\/\/evertonfc.cz\/#organization"},"potentialAction":[{"@type":"SearchAction","target":{"@type":"EntryPoint","urlTemplate":"https:\/\/evertonfc.cz\/?s={search_term_string}"},"query-input":{"@type":"PropertyValueSpecification","valueRequired":true,"valueName":"search_term_string"}}],"inLanguage":"cs"},{"@type":"Organization","@id":"https:\/\/evertonfc.cz\/#organization","name":"Official Czech & Slovak Everton Supporters' Club","url":"https:\/\/evertonfc.cz\/","logo":{"@type":"ImageObject","inLanguage":"cs","@id":"https:\/\/evertonfc.cz\/#\/schema\/logo\/image\/","url":"https:\/\/evertonfc.cz\/wp-content\/uploads\/2019\/05\/logo.png","contentUrl":"https:\/\/evertonfc.cz\/wp-content\/uploads\/2019\/05\/logo.png","width":112,"height":112,"caption":"Official Czech & Slovak Everton Supporters' Club"},"image":{"@id":"https:\/\/evertonfc.cz\/#\/schema\/logo\/image\/"},"sameAs":["https:\/\/www.facebook.com\/everton.fans.cz.sk"]},{"@type":"Person","@id":"https:\/\/evertonfc.cz\/#\/schema\/person\/f7a5daedb2ffee98480bc70e191aaef1","name":"Ri\u010di","sameAs":["https:\/\/x.com\/rbrejsa"],"url":"https:\/\/evertonfc.cz\/index.php\/author\/rici\/"}]}},"_links":{"self":[{"href":"https:\/\/evertonfc.cz\/index.php\/wp-json\/wp\/v2\/posts\/3496"}],"collection":[{"href":"https:\/\/evertonfc.cz\/index.php\/wp-json\/wp\/v2\/posts"}],"about":[{"href":"https:\/\/evertonfc.cz\/index.php\/wp-json\/wp\/v2\/types\/post"}],"author":[{"embeddable":true,"href":"https:\/\/evertonfc.cz\/index.php\/wp-json\/wp\/v2\/users\/6"}],"replies":[{"embeddable":true,"href":"https:\/\/evertonfc.cz\/index.php\/wp-json\/wp\/v2\/comments?post=3496"}],"version-history":[{"count":4,"href":"https:\/\/evertonfc.cz\/index.php\/wp-json\/wp\/v2\/posts\/3496\/revisions"}],"predecessor-version":[{"id":14595,"href":"https:\/\/evertonfc.cz\/index.php\/wp-json\/wp\/v2\/posts\/3496\/revisions\/14595"}],"wp:featuredmedia":[{"embeddable":true,"href":"https:\/\/evertonfc.cz\/index.php\/wp-json\/wp\/v2\/media\/13078"}],"wp:attachment":[{"href":"https:\/\/evertonfc.cz\/index.php\/wp-json\/wp\/v2\/media?parent=3496"}],"wp:term":[{"taxonomy":"category","embeddable":true,"href":"https:\/\/evertonfc.cz\/index.php\/wp-json\/wp\/v2\/categories?post=3496"},{"taxonomy":"post_tag","embeddable":true,"href":"https:\/\/evertonfc.cz\/index.php\/wp-json\/wp\/v2\/tags?post=3496"}],"curies":[{"name":"wp","href":"https:\/\/api.w.org\/{rel}","templated":true}]}}