{"id":3502,"date":"2016-10-14T19:31:33","date_gmt":"2016-10-14T17:31:33","guid":{"rendered":"http:\/\/evertonfc.cz\/?p=3502"},"modified":"2021-02-17T16:00:06","modified_gmt":"2021-02-17T15:00:06","slug":"preview-manchester-city-everton-3","status":"publish","type":"post","link":"https:\/\/evertonfc.cz\/index.php\/2016\/10\/14\/preview-manchester-city-everton-3\/","title":{"rendered":"Preview: Manchester City &#8211; Everton"},"content":{"rendered":"<h4 id=\"NewsPostDetailSummary\">U\u010ditel Koeman vs \u017e\u00e1k Guardiola. Prvn\u00ed souboj b\u00fdval\u00fdch spolubydl\u00edc\u00edch za\u010d\u00edn\u00e1 na h\u0159i\u0161ti talentovan\u00e9ho padawana.<\/h4>\n<div id=\"NewsPostDetailContent\">\n<p>Sta\u0159\u00ed zn\u00e1m\u00ed z Barcelony p\u0159i\u0161li p\u0159ed sez\u00f3nou k nov\u00fdm t\u00fdm\u016fm a od obou se \u010dekaly a \u010dekaj\u00ed velk\u00e9 v\u011bci. Zat\u00edm f\u00e1ze zklam\u00e1n\u00ed nep\u0159i\u0161la, a tak jsou fandov\u00e9 spokojeni. Citizens vedou tabulku, Toffees si na p\u00e1t\u00e9 m\u00edsto a \u010dty\u0159bodovou ztr\u00e1tu na prvn\u00edho tak\u00e9 nest\u011b\u017euj\u00ed.<\/p>\n<p>V reprezenta\u010dn\u00ed pauze se l\u00e9\u010dily \u0161r\u00e1my. Koeman tak spokojen\u011b na v\u010derej\u0161\u00ed p\u0159edz\u00e1pasov\u00e9 konferenci konstatoval, \u017ee trio Baines, Jagielka a Lukaku se uzdravilo. Lze d\u016fvodn\u011b p\u0159edpokl\u00e1dat, \u017ee v\u0161ichni t\u0159i nastoup\u00ed v z\u00e1kladn\u00ed sestav\u011b. Fit je u\u017e i po operaci t\u0159\u00edsla Gibson, otazn\u00edk vis\u00ed nad Lennonem a McCarthym. Ten sice ji\u017e hr\u00e1l za reprezentaci, ale zjevn\u011b nen\u00ed zcela zdrav\u00fd a o jeho nominaci k utk\u00e1n\u00ed se rozhodne dnes. K dispozici samoz\u0159ejm\u011b nen\u00ed dlouhodob\u00e1 trojice absent\u00e9r\u016f, tedy Be\u0161i\u0107, Browning a Pennington. V t\u00fdmu Citizens ur\u010dit\u011b nestihne z\u00e1pas obr\u00e1nce Sagna a nad startem de Bruyneho vis\u00ed otazn\u00edk. Ke stavu dal\u0161\u00edch zran\u011bn\u00fdch plejer\u016f se Guardiola nevyj\u00e1d\u0159il konkr\u00e9tn\u011b.<\/p>\n<p>Co se t\u00fdk\u00e1 formy, tak z\u00edt\u0159ej\u0161\u00ed dom\u00e1c\u00ed za\u017e\u00edvaj\u00ed m\u00edrn\u011b slab\u0161\u00ed obdob\u00ed. V posledn\u00edm ligov\u00e9m z\u00e1pase na Tottenhamu prohr\u00e1li sice pouze 0:2, ale byli v\u00fdrazn\u011b p\u0159ehr\u00e1ni a zlep\u0161en\u00fd v\u00fdkon v posledn\u00edch dvaceti minut\u00e1ch nesta\u010dil. Nav\u00edc v Lize mistr\u016f remizovali na Celticu, tahle ztr\u00e1ta se taky ne\u010dekala. Co na tom, \u017ee \u0161lo o par\u00e1dn\u00ed z\u00e1pas z obou stran.<\/p>\n<p>Everton si ale taky moc vyskakovat nem\u016f\u017ee, co se t\u00fdk\u00e1 formy. Rem\u00edza doma s Crystal Palace, prohra v Bournemouthu, vypadnut\u00ed z Ligov\u00e9ho poh\u00e1ru doma s Norwichem. Je tedy \u010das poslat do pekla Dorotu M\u00e1chalovou za\u010d\u00edt sb\u00edrat body. Pro\u010d ne rovnou na h\u0159i\u0161ti prvn\u00edho t\u00fdmu tabulky, \u017ee?<\/p>\n<p>A co k z\u00e1pasu \u0159\u00edk\u00e1 b\u00fdval\u00fd stoper Evertonu Stones?<em> \u201eBude to zaj\u00edmav\u00e9. Uvid\u00edm star\u00e9 zn\u00e1m\u00e9 tv\u00e1\u0159e, st\u00e1le tam m\u00e1m hodn\u011b kamar\u00e1d\u016f. M\u011bl by to b\u00fdt dobr\u00fd z\u00e1pas a t\u011b\u0161\u00edm se na n\u011bj.\u201c<\/em><\/p>\n<p>Utk\u00e1n\u00ed vys\u00edl\u00e1 p\u0159\u00edm\u00fdm p\u0159enosem stanice Digi sport 1.<\/p>\n<p><strong>Co: <\/strong>Manchester City\u00a0FC &#8211; Everton FC, 8. kolo Premier League<br \/>\n<strong>Kdy:<\/strong> 15. 10. 2016 od 16:00 SE\u010c<br \/>\n<strong>Kde<\/strong><strong>:<\/strong> City of Manchester Stadium, Ashton new road, Manchester, Anglie (kapacita: 55 000)<br \/>\n<strong>Rozhod\u010d\u00ed:<\/strong> Michael Oliver<\/p>\n<\/div>\n","protected":false},"excerpt":{"rendered":"<p>U\u010ditel Koeman vs \u017e\u00e1k Guardiola. Prvn\u00ed souboj b\u00fdval\u00fdch spolubydl\u00edc\u00edch za\u010d\u00edn\u00e1 na h\u0159i\u0161ti talentovan\u00e9ho padawana.<\/p>\n","protected":false},"author":12,"featured_media":14182,"comment_status":"open","ping_status":"closed","sticky":false,"template":"","format":"standard","meta":{"_eb_attr":"","_monsterinsights_skip_tracking":false,"_monsterinsights_sitenote_active":false,"_monsterinsights_sitenote_note":"","_monsterinsights_sitenote_category":0,"footnotes":""},"categories":[4],"tags":[],"yoast_head":"<!-- This site is optimized with the Yoast SEO plugin v23.4 - https:\/\/yoast.com\/wordpress\/plugins\/seo\/ -->\n<title>Preview: Manchester City - Everton - Official Czech &amp; Slovak Everton Supporters&#039; Club<\/title>\n<meta name=\"robots\" content=\"index, follow, max-snippet:-1, max-image-preview:large, max-video-preview:-1\" \/>\n<link rel=\"canonical\" href=\"https:\/\/evertonfc.cz\/index.php\/2016\/10\/14\/preview-manchester-city-everton-3\/\" \/>\n<meta property=\"og:locale\" content=\"cs_CZ\" \/>\n<meta property=\"og:type\" content=\"article\" \/>\n<meta property=\"og:title\" content=\"Preview: Manchester City - Everton - Official Czech &amp; Slovak Everton Supporters&#039; Club\" \/>\n<meta property=\"og:description\" content=\"U\u010ditel Koeman vs \u017e\u00e1k Guardiola. Prvn\u00ed souboj b\u00fdval\u00fdch spolubydl\u00edc\u00edch za\u010d\u00edn\u00e1 na h\u0159i\u0161ti talentovan\u00e9ho padawana.\" \/>\n<meta property=\"og:url\" content=\"https:\/\/evertonfc.cz\/index.php\/2016\/10\/14\/preview-manchester-city-everton-3\/\" \/>\n<meta property=\"og:site_name\" content=\"Official Czech &amp; Slovak Everton Supporters&#039; Club\" \/>\n<meta property=\"article:publisher\" content=\"https:\/\/www.facebook.com\/everton.fans.cz.sk\" \/>\n<meta property=\"article:published_time\" content=\"2016-10-14T17:31:33+00:00\" \/>\n<meta property=\"article:modified_time\" content=\"2021-02-17T15:00:06+00:00\" \/>\n<meta property=\"og:image\" content=\"https:\/\/evertonfc.cz\/wp-content\/uploads\/2021\/02\/Manchester-City-VS-Everton.jpg\" \/>\n\t<meta property=\"og:image:width\" content=\"720\" \/>\n\t<meta property=\"og:image:height\" content=\"405\" \/>\n\t<meta property=\"og:image:type\" content=\"image\/jpeg\" \/>\n<meta name=\"author\" content=\"Javor\" \/>\n<meta name=\"twitter:card\" content=\"summary_large_image\" \/>\n<meta name=\"twitter:creator\" content=\"@LoudinJan\" \/>\n<meta name=\"twitter:label1\" content=\"Napsal(a)\" \/>\n\t<meta name=\"twitter:data1\" content=\"Javor\" \/>\n\t<meta name=\"twitter:label2\" content=\"Odhadovan\u00e1 doba \u010dten\u00ed\" \/>\n\t<meta name=\"twitter:data2\" content=\"2 minuty\" \/>\n<script type=\"application\/ld+json\" class=\"yoast-schema-graph\">{\"@context\":\"https:\/\/schema.org\",\"@graph\":[{\"@type\":\"Article\",\"@id\":\"https:\/\/evertonfc.cz\/index.php\/2016\/10\/14\/preview-manchester-city-everton-3\/#article\",\"isPartOf\":{\"@id\":\"https:\/\/evertonfc.cz\/index.php\/2016\/10\/14\/preview-manchester-city-everton-3\/\"},\"author\":{\"name\":\"Javor\",\"@id\":\"https:\/\/evertonfc.cz\/#\/schema\/person\/b30daf6a5852f4811f8207a17ec1bf78\"},\"headline\":\"Preview: Manchester City &#8211; Everton\",\"datePublished\":\"2016-10-14T17:31:33+00:00\",\"dateModified\":\"2021-02-17T15:00:06+00:00\",\"mainEntityOfPage\":{\"@id\":\"https:\/\/evertonfc.cz\/index.php\/2016\/10\/14\/preview-manchester-city-everton-3\/\"},\"wordCount\":444,\"commentCount\":0,\"publisher\":{\"@id\":\"https:\/\/evertonfc.cz\/#organization\"},\"image\":{\"@id\":\"https:\/\/evertonfc.cz\/index.php\/2016\/10\/14\/preview-manchester-city-everton-3\/#primaryimage\"},\"thumbnailUrl\":\"https:\/\/evertonfc.cz\/wp-content\/uploads\/2021\/02\/Manchester-City-VS-Everton.jpg\",\"articleSection\":[\"Z\u00e1pasy\"],\"inLanguage\":\"cs\",\"potentialAction\":[{\"@type\":\"CommentAction\",\"name\":\"Comment\",\"target\":[\"https:\/\/evertonfc.cz\/index.php\/2016\/10\/14\/preview-manchester-city-everton-3\/#respond\"]}]},{\"@type\":\"WebPage\",\"@id\":\"https:\/\/evertonfc.cz\/index.php\/2016\/10\/14\/preview-manchester-city-everton-3\/\",\"url\":\"https:\/\/evertonfc.cz\/index.php\/2016\/10\/14\/preview-manchester-city-everton-3\/\",\"name\":\"Preview: Manchester City - Everton - Official Czech &amp; Slovak Everton Supporters&#039; Club\",\"isPartOf\":{\"@id\":\"https:\/\/evertonfc.cz\/#website\"},\"primaryImageOfPage\":{\"@id\":\"https:\/\/evertonfc.cz\/index.php\/2016\/10\/14\/preview-manchester-city-everton-3\/#primaryimage\"},\"image\":{\"@id\":\"https:\/\/evertonfc.cz\/index.php\/2016\/10\/14\/preview-manchester-city-everton-3\/#primaryimage\"},\"thumbnailUrl\":\"https:\/\/evertonfc.cz\/wp-content\/uploads\/2021\/02\/Manchester-City-VS-Everton.jpg\",\"datePublished\":\"2016-10-14T17:31:33+00:00\",\"dateModified\":\"2021-02-17T15:00:06+00:00\",\"breadcrumb\":{\"@id\":\"https:\/\/evertonfc.cz\/index.php\/2016\/10\/14\/preview-manchester-city-everton-3\/#breadcrumb\"},\"inLanguage\":\"cs\",\"potentialAction\":[{\"@type\":\"ReadAction\",\"target\":[\"https:\/\/evertonfc.cz\/index.php\/2016\/10\/14\/preview-manchester-city-everton-3\/\"]}]},{\"@type\":\"ImageObject\",\"inLanguage\":\"cs\",\"@id\":\"https:\/\/evertonfc.cz\/index.php\/2016\/10\/14\/preview-manchester-city-everton-3\/#primaryimage\",\"url\":\"https:\/\/evertonfc.cz\/wp-content\/uploads\/2021\/02\/Manchester-City-VS-Everton.jpg\",\"contentUrl\":\"https:\/\/evertonfc.cz\/wp-content\/uploads\/2021\/02\/Manchester-City-VS-Everton.jpg\",\"width\":720,\"height\":405},{\"@type\":\"BreadcrumbList\",\"@id\":\"https:\/\/evertonfc.cz\/index.php\/2016\/10\/14\/preview-manchester-city-everton-3\/#breadcrumb\",\"itemListElement\":[{\"@type\":\"ListItem\",\"position\":1,\"name\":\"Home\",\"item\":\"https:\/\/evertonfc.cz\/\"},{\"@type\":\"ListItem\",\"position\":2,\"name\":\"Preview: Manchester City &#8211; Everton\"}]},{\"@type\":\"WebSite\",\"@id\":\"https:\/\/evertonfc.cz\/#website\",\"url\":\"https:\/\/evertonfc.cz\/\",\"name\":\"Official Czech &amp; Slovak Everton Supporters&#039; Club\",\"description\":\"\",\"publisher\":{\"@id\":\"https:\/\/evertonfc.cz\/#organization\"},\"potentialAction\":[{\"@type\":\"SearchAction\",\"target\":{\"@type\":\"EntryPoint\",\"urlTemplate\":\"https:\/\/evertonfc.cz\/?s={search_term_string}\"},\"query-input\":{\"@type\":\"PropertyValueSpecification\",\"valueRequired\":true,\"valueName\":\"search_term_string\"}}],\"inLanguage\":\"cs\"},{\"@type\":\"Organization\",\"@id\":\"https:\/\/evertonfc.cz\/#organization\",\"name\":\"Official Czech & Slovak Everton Supporters' Club\",\"url\":\"https:\/\/evertonfc.cz\/\",\"logo\":{\"@type\":\"ImageObject\",\"inLanguage\":\"cs\",\"@id\":\"https:\/\/evertonfc.cz\/#\/schema\/logo\/image\/\",\"url\":\"https:\/\/evertonfc.cz\/wp-content\/uploads\/2019\/05\/logo.png\",\"contentUrl\":\"https:\/\/evertonfc.cz\/wp-content\/uploads\/2019\/05\/logo.png\",\"width\":112,\"height\":112,\"caption\":\"Official Czech & Slovak Everton Supporters' Club\"},\"image\":{\"@id\":\"https:\/\/evertonfc.cz\/#\/schema\/logo\/image\/\"},\"sameAs\":[\"https:\/\/www.facebook.com\/everton.fans.cz.sk\"]},{\"@type\":\"Person\",\"@id\":\"https:\/\/evertonfc.cz\/#\/schema\/person\/b30daf6a5852f4811f8207a17ec1bf78\",\"name\":\"Javor\",\"sameAs\":[\"https:\/\/x.com\/LoudinJan\"],\"url\":\"https:\/\/evertonfc.cz\/index.php\/author\/javor\/\"}]}<\/script>\n<!-- \/ Yoast SEO plugin. -->","yoast_head_json":{"title":"Preview: Manchester City - Everton - Official Czech &amp; Slovak Everton Supporters&#039; Club","robots":{"index":"index","follow":"follow","max-snippet":"max-snippet:-1","max-image-preview":"max-image-preview:large","max-video-preview":"max-video-preview:-1"},"canonical":"https:\/\/evertonfc.cz\/index.php\/2016\/10\/14\/preview-manchester-city-everton-3\/","og_locale":"cs_CZ","og_type":"article","og_title":"Preview: Manchester City - Everton - Official Czech &amp; Slovak Everton Supporters&#039; Club","og_description":"U\u010ditel Koeman vs \u017e\u00e1k Guardiola. Prvn\u00ed souboj b\u00fdval\u00fdch spolubydl\u00edc\u00edch za\u010d\u00edn\u00e1 na h\u0159i\u0161ti talentovan\u00e9ho padawana.","og_url":"https:\/\/evertonfc.cz\/index.php\/2016\/10\/14\/preview-manchester-city-everton-3\/","og_site_name":"Official Czech &amp; Slovak Everton Supporters&#039; Club","article_publisher":"https:\/\/www.facebook.com\/everton.fans.cz.sk","article_published_time":"2016-10-14T17:31:33+00:00","article_modified_time":"2021-02-17T15:00:06+00:00","og_image":[{"width":720,"height":405,"url":"https:\/\/evertonfc.cz\/wp-content\/uploads\/2021\/02\/Manchester-City-VS-Everton.jpg","type":"image\/jpeg"}],"author":"Javor","twitter_card":"summary_large_image","twitter_creator":"@LoudinJan","twitter_misc":{"Napsal(a)":"Javor","Odhadovan\u00e1 doba \u010dten\u00ed":"2 minuty"},"schema":{"@context":"https:\/\/schema.org","@graph":[{"@type":"Article","@id":"https:\/\/evertonfc.cz\/index.php\/2016\/10\/14\/preview-manchester-city-everton-3\/#article","isPartOf":{"@id":"https:\/\/evertonfc.cz\/index.php\/2016\/10\/14\/preview-manchester-city-everton-3\/"},"author":{"name":"Javor","@id":"https:\/\/evertonfc.cz\/#\/schema\/person\/b30daf6a5852f4811f8207a17ec1bf78"},"headline":"Preview: Manchester City &#8211; Everton","datePublished":"2016-10-14T17:31:33+00:00","dateModified":"2021-02-17T15:00:06+00:00","mainEntityOfPage":{"@id":"https:\/\/evertonfc.cz\/index.php\/2016\/10\/14\/preview-manchester-city-everton-3\/"},"wordCount":444,"commentCount":0,"publisher":{"@id":"https:\/\/evertonfc.cz\/#organization"},"image":{"@id":"https:\/\/evertonfc.cz\/index.php\/2016\/10\/14\/preview-manchester-city-everton-3\/#primaryimage"},"thumbnailUrl":"https:\/\/evertonfc.cz\/wp-content\/uploads\/2021\/02\/Manchester-City-VS-Everton.jpg","articleSection":["Z\u00e1pasy"],"inLanguage":"cs","potentialAction":[{"@type":"CommentAction","name":"Comment","target":["https:\/\/evertonfc.cz\/index.php\/2016\/10\/14\/preview-manchester-city-everton-3\/#respond"]}]},{"@type":"WebPage","@id":"https:\/\/evertonfc.cz\/index.php\/2016\/10\/14\/preview-manchester-city-everton-3\/","url":"https:\/\/evertonfc.cz\/index.php\/2016\/10\/14\/preview-manchester-city-everton-3\/","name":"Preview: Manchester City - Everton - Official Czech &amp; Slovak Everton Supporters&#039; Club","isPartOf":{"@id":"https:\/\/evertonfc.cz\/#website"},"primaryImageOfPage":{"@id":"https:\/\/evertonfc.cz\/index.php\/2016\/10\/14\/preview-manchester-city-everton-3\/#primaryimage"},"image":{"@id":"https:\/\/evertonfc.cz\/index.php\/2016\/10\/14\/preview-manchester-city-everton-3\/#primaryimage"},"thumbnailUrl":"https:\/\/evertonfc.cz\/wp-content\/uploads\/2021\/02\/Manchester-City-VS-Everton.jpg","datePublished":"2016-10-14T17:31:33+00:00","dateModified":"2021-02-17T15:00:06+00:00","breadcrumb":{"@id":"https:\/\/evertonfc.cz\/index.php\/2016\/10\/14\/preview-manchester-city-everton-3\/#breadcrumb"},"inLanguage":"cs","potentialAction":[{"@type":"ReadAction","target":["https:\/\/evertonfc.cz\/index.php\/2016\/10\/14\/preview-manchester-city-everton-3\/"]}]},{"@type":"ImageObject","inLanguage":"cs","@id":"https:\/\/evertonfc.cz\/index.php\/2016\/10\/14\/preview-manchester-city-everton-3\/#primaryimage","url":"https:\/\/evertonfc.cz\/wp-content\/uploads\/2021\/02\/Manchester-City-VS-Everton.jpg","contentUrl":"https:\/\/evertonfc.cz\/wp-content\/uploads\/2021\/02\/Manchester-City-VS-Everton.jpg","width":720,"height":405},{"@type":"BreadcrumbList","@id":"https:\/\/evertonfc.cz\/index.php\/2016\/10\/14\/preview-manchester-city-everton-3\/#breadcrumb","itemListElement":[{"@type":"ListItem","position":1,"name":"Home","item":"https:\/\/evertonfc.cz\/"},{"@type":"ListItem","position":2,"name":"Preview: Manchester City &#8211; Everton"}]},{"@type":"WebSite","@id":"https:\/\/evertonfc.cz\/#website","url":"https:\/\/evertonfc.cz\/","name":"Official Czech &amp; Slovak Everton Supporters&#039; Club","description":"","publisher":{"@id":"https:\/\/evertonfc.cz\/#organization"},"potentialAction":[{"@type":"SearchAction","target":{"@type":"EntryPoint","urlTemplate":"https:\/\/evertonfc.cz\/?s={search_term_string}"},"query-input":{"@type":"PropertyValueSpecification","valueRequired":true,"valueName":"search_term_string"}}],"inLanguage":"cs"},{"@type":"Organization","@id":"https:\/\/evertonfc.cz\/#organization","name":"Official Czech & Slovak Everton Supporters' Club","url":"https:\/\/evertonfc.cz\/","logo":{"@type":"ImageObject","inLanguage":"cs","@id":"https:\/\/evertonfc.cz\/#\/schema\/logo\/image\/","url":"https:\/\/evertonfc.cz\/wp-content\/uploads\/2019\/05\/logo.png","contentUrl":"https:\/\/evertonfc.cz\/wp-content\/uploads\/2019\/05\/logo.png","width":112,"height":112,"caption":"Official Czech & Slovak Everton Supporters' Club"},"image":{"@id":"https:\/\/evertonfc.cz\/#\/schema\/logo\/image\/"},"sameAs":["https:\/\/www.facebook.com\/everton.fans.cz.sk"]},{"@type":"Person","@id":"https:\/\/evertonfc.cz\/#\/schema\/person\/b30daf6a5852f4811f8207a17ec1bf78","name":"Javor","sameAs":["https:\/\/x.com\/LoudinJan"],"url":"https:\/\/evertonfc.cz\/index.php\/author\/javor\/"}]}},"_links":{"self":[{"href":"https:\/\/evertonfc.cz\/index.php\/wp-json\/wp\/v2\/posts\/3502"}],"collection":[{"href":"https:\/\/evertonfc.cz\/index.php\/wp-json\/wp\/v2\/posts"}],"about":[{"href":"https:\/\/evertonfc.cz\/index.php\/wp-json\/wp\/v2\/types\/post"}],"author":[{"embeddable":true,"href":"https:\/\/evertonfc.cz\/index.php\/wp-json\/wp\/v2\/users\/12"}],"replies":[{"embeddable":true,"href":"https:\/\/evertonfc.cz\/index.php\/wp-json\/wp\/v2\/comments?post=3502"}],"version-history":[{"count":5,"href":"https:\/\/evertonfc.cz\/index.php\/wp-json\/wp\/v2\/posts\/3502\/revisions"}],"predecessor-version":[{"id":15432,"href":"https:\/\/evertonfc.cz\/index.php\/wp-json\/wp\/v2\/posts\/3502\/revisions\/15432"}],"wp:featuredmedia":[{"embeddable":true,"href":"https:\/\/evertonfc.cz\/index.php\/wp-json\/wp\/v2\/media\/14182"}],"wp:attachment":[{"href":"https:\/\/evertonfc.cz\/index.php\/wp-json\/wp\/v2\/media?parent=3502"}],"wp:term":[{"taxonomy":"category","embeddable":true,"href":"https:\/\/evertonfc.cz\/index.php\/wp-json\/wp\/v2\/categories?post=3502"},{"taxonomy":"post_tag","embeddable":true,"href":"https:\/\/evertonfc.cz\/index.php\/wp-json\/wp\/v2\/tags?post=3502"}],"curies":[{"name":"wp","href":"https:\/\/api.w.org\/{rel}","templated":true}]}}