{"id":3504,"date":"2016-10-12T19:32:51","date_gmt":"2016-10-12T17:32:51","guid":{"rendered":"http:\/\/evertonfc.cz\/?p=3504"},"modified":"2020-03-26T13:51:00","modified_gmt":"2020-03-26T12:51:00","slug":"empiricky-walsh","status":"publish","type":"post","link":"https:\/\/evertonfc.cz\/index.php\/2016\/10\/12\/empiricky-walsh\/","title":{"rendered":"Empirick\u00fd Walsh"},"content":{"rendered":"<h4 id=\"NewsPostDetailSummary\">Prv\u00fd DoF v\u00a0hist\u00f3ri\u00ed klubu a b\u00fdval\u00fd telocvik\u00e1r, ktor\u00fd sa cie\u013eavedomou \u010dinnos\u0165ou stal pilierom \u00faspechu Leicesteru, poskytol rozhovor v\u00a0augustovom vydan\u00ed obnoven\u00e9ho Everton Magazine.<\/h4>\n<div id=\"NewsPostDetailContent\">\n<p>Hovor\u00ed V\u00e1m nie\u010do meno Mickey Walsh? Okrem toho, \u017ee je \u010dlenom Siene Sl\u00e1vy Blackpoolu, je to hlavne brat Stevea Walsha. 21-n\u00e1sobn\u00fd reprezentant \u00cdrska, teraz futbalov\u00fd agent, mal v roku\u00a01978 kr\u00e1tku, no zvu\u010dn\u00fa z\u00e1stavku na Merseyside, kam pri\u0161iel pr\u00e1ve od Mandariniek. Celkom slu\u0161n\u00e1 \u010diastka vtedy, 325 000 libier, s\u013eubovala od \u00fato\u010dn\u00edka viac ne\u017e len 3 g\u00f3ly v\u00a028 z\u00e1pasoch. Ale Bob Latchford je len jeden. Fan\u00fa\u0161ikovia si ho ob\u013e\u00fabili, ako \u00fato\u010dn\u00edk bol sna\u017e\u00edv\u00fd a\u00a0pracovit\u00fd, hoci sedem-mesa\u010dn\u00e9 dobrodru\u017estvo na L4 bolo sk\u00f4r sklaman\u00edm. Kto by povedal, \u017ee pr\u00e1ve t\u00e1to sk\u00fasenos\u0165 presved\u010d\u00ed Stevea, aby sa pustil do tak ambici\u00f3zneho projektu, mo\u017eno poveda\u0165 \u2013 novodobej \u00e9ry Evertonu?<\/p>\n<p>Cel\u00fd pr\u00edbeh sa za\u010dal p\u00edsa\u0165 pred p\u00e1r desiatkami rokov, ke\u010f si e\u0161te ako u\u010dite\u013e telesnej v\u00fdchovy na Bishop Rawstorne High School, \u010do bola pr\u00e1ca na pln\u00fd \u00fav\u00e4zok, zaumienil tr\u00e9nova\u0165 mlad\u0161\u00ed dorast v okrese. Nesk\u00f4r na \u010diasto\u010dn\u00fd \u00fav\u00e4zok pracoval pre Chester City a\u00a0Bury, kde ve\u010dery a\u00a0v\u00edkendy tr\u00e1vil na ihrisk\u00e1ch ni\u017e\u0161\u00edch l\u00edg, vyhlad\u00e1van\u00edm talentov s\u00a0potenci\u00e1lom.<\/p>\n<p><em>\u201eU\u010dil som v\u00a0Crostone, \u010do je dedina medzi Chorley a\u00a0Southportom. Je to kr\u00e1sne miesto a\u00a0Bishop Rawstorne je p\u00f4vabn\u00e1 \u0161kola, u\u017eil som si to tam. Ke\u010f u\u010d\u00edte, mus\u00edte by\u0165 dobr\u00fd v\u00a0organizovan\u00ed. Tie sk\u00fasenosti sa v\u00e1m vyplatia, aj ke\u010f ich adaptujete na futbal. Ak ve\u013ea prem\u00fd\u0161\u013eate nad hrou, v\u00a0ur\u010ditom momente za\u010dnete s\u00a0tr\u00e9novan\u00edm. V\u017edy som bol ten, kto vyberal a\u00a0d\u00e1val t\u00edmy dohromady. Nach\u00e1dzal som na tej \u00farovni najlep\u0161\u00edch hr\u00e1\u010dov pre\u00a0okres. David (Unsworth) v\u00a0\u0148om hral. Bol zo susedstva a poznal som ho ako \u0161kol\u00e1ka, 14-15 ro\u010dn\u00e9ho. Za ten \u010das sa v\u00f4bec nezmenil \u2013 ve\u013ek\u00fd, siln\u00fd a\u00a0dobr\u00fd chlap. Bol predur\u010den\u00fd na kari\u00e9ru futbalistu. Raz mal k\u00a0nemu ve\u013emi bl\u00edzko Ipswich. David si v\u0161ak vybral Everton a\u00a0zvy\u0161ok je hist\u00f3ria. V\u00a0roku 1995 som ho videl debutova\u0165 proti Japonsku, jeho jedin\u00fd reprezenta\u010dn\u00fd \u0161tart a\u00a0ja som tam bol! Minim\u00e1lne tak hrd\u00fd ako on.\u201c<\/em><\/p>\n<p>Niekoho cestovanie nebav\u00ed, respekt\u00edve ho nezn\u00e1\u0161a. V\u00a0pr\u00edpade skautov to v\u0161ak je nevyhnutnos\u0165. To, \u010do rob\u00ed Walsha v\u00fdnimo\u010dn\u00fdm, s\u00fa tis\u00edcky z\u00e1pasov a\u00a0tis\u00edcky odsledovan\u00fdch hr\u00e1\u010dov. Pokia\u013e niekto pozn\u00e1 futbal, tak je to on.<\/p>\n<p><em>\u201eMno\u017estvo z\u00e1pasov, mno\u017estvo letov. \u010c\u00edm viac sa do toho zap\u00e1jate, t\u00fdm viac chcete uspie\u0165 a\u00a0to znamen\u00e1\u00a0 &#8211; pozna\u0165 tak dobre, ako sa len d\u00e1. Pos\u00fadi\u0165 hr\u00e1\u010da hodnotne funguje, len ak m\u00e1te znalos\u0165. \u010ci u\u017e od hr\u00e1\u010dov, ktor\u00ed s\u00a0Vami pracuj\u00fa, video z\u00e1znamov alebo z vlastnej sk\u00fasenosti, ke\u010f ho vid\u00edte na\u017eivo. Niekedy sa pozer\u00e1te a\u00a0viete to hne\u010f, inokedy m\u00e1te pochybnosti a\u00a0vr\u00e1tite sa aj \u0161tyri-kr\u00e1t. V\u00a0hor\u0161om pr\u00edpade \u00faplne zmen\u00edte n\u00e1zor. Nie je to pr\u00e1ve exaktn\u00e1 veda. V\u00a0Chelsea som bol len \u010das\u0165 toho procesu. Najsk\u00f4r len \u010diasto\u010dn\u00fd \u00fav\u00e4zok, nesk\u00f4r pln\u00fd, preto\u017ee funkcia r\u00e1stla. Vtedy som bol viac zodpovedn\u00fd za zhroma\u017e\u010fovanie inform\u00e1ci\u00ed, ne\u017e za rozhodnutia. Av\u0161ak bol som neoddelite\u013enou s\u00fa\u010das\u0165ou. Ke\u010f pokukovali po Gianfrancovi Zolovi alebo Drogbovi, na ktor\u00e9ho som sa bol pozrie\u0165 e\u0161te v Marseille, sp\u00fdtali sa ma \u010do si o\u00a0\u0148om mysl\u00edm. Ale v\u00a0kon\u010denom d\u00f4sledku rozhodol niekto in\u00fd. A\u017e ke\u010f som odi\u0161iel a\u00a0stal sa hlavn\u00fdm skautom Newcatleu, bolo mojou \u00falohou aj rozhodova\u0165. Po prv\u00fd raz je to \u0165a\u017ek\u00e9. M\u00ed\u0148ate toti\u017e obrovsk\u00e9 sumy niekoho pe\u0148az\u00ed a\u00a0taktie\u017e s\u00fa tam ve\u013ek\u00e9 o\u010dak\u00e1vania od fan\u00fa\u0161ikov.\u201c<\/em><\/p>\n<p>Walsh str\u00e1vil na Stanford Bridge 16 rokov, aby sa v roku\u00a02006 sa pridal k\u00a0Newcastleu. Po\u010das tamoj\u0161ieho p\u00f4sobenia vystriedal roly ved\u00faceho n\u00e1borov\u00e9ho oddelenia a asistenta mana\u017e\u00e9ra po boku Big Sama, resp. Nigela Pearsona. Toho nasledoval aj do Leicesteru, Hullu a\u00a0znova Leicesteru. Hlavne tam sa mu podarilo vyry\u017eova\u0165 zlato v podobe Mahreza, Kanteho \u010di Vardyho.<\/p>\n<p><em>\u201eMahreza som objavil pri sledovan\u00ed Ryana Mendesa, ktor\u00fd minul\u00fd rok hos\u0165oval v\u00a0Nottinghame Forest. Vtedy som ho nehodnotil tak vysoko, preto\u017ee to nebol typ hr\u00e1\u010da, ktor\u00e9ho sme v\u00a0ten moment potrebovali. Pomyslel som si \u2013 Wau, nie je zl\u00fd, chlapec m\u00e1 nie\u010do do seba. Vy\u017e\u00edval sa v trikoch s\u00a0loptou, ke\u010f ju uk\u00e1zal obrancom a\u00a0vz\u00e1p\u00e4t\u00ed zmizol spolu s\u00a0\u0148ou. O\u010dividne, nikto z\u00a0nich to neriskoval a\u00a0nezobral mu ju, hoci nepatril medzi najv\u00e4\u010d\u0161\u00edch&#8230; tenk\u00e9 nohy, mu\u0161ia v\u00e1ha. Musel som sa vr\u00e1ti\u0165 a\u00a0stretn\u00fa\u0165 sa s\u00a0n\u00edm. Vtedy ma up\u00fatal a\u00a0bol ochotn\u00fd od\u00eds\u0165 do Leicesteru. M\u00f4j Lancashiresky pr\u00edzvuk zabral. Podobne to bolo aj s\u00a0Kantem. Jamie Vardy bol in\u00fd pr\u00edpad, ke\u010f\u017ee som v\u00a0tom obdob\u00ed pracoval pre Hull City. Pam\u00e4t\u00e1m si, ako som sa \u0161iel na neho pozrie\u0165 do Fleetwoodu, ale podp\u00edsal som ho, a\u017e ke\u010f som sa vr\u00e1til sp\u00e4\u0165 do Leicesteru. Prv\u00fd hr\u00e1\u010d mimo Football League, za mili\u00f3n libier. Tomu vrav\u00edm \u0165a\u017ek\u00e9 rozhodovanie. Teraz je z neho reprezentant a v\u00a0lete, keby chcel, mohol od\u00eds\u0165 za 20-n\u00e1sobok. \u013dudia tie\u017e zab\u00fadaj\u00fa, \u017ee som k\u00fapil Dannyho Simpsona z\u00a0QPR. Wes Morgan bol moj\u00edm prv\u00fdm podpisom v\u00a0LCFC, len za mili\u00f3n\u00a0z\u00a0N.\u00a0Forest. Dotiahol som aj Roberta Hutha, ktor\u00fd n\u00e1s prakticky zachr\u00e1nil od zostupu. St\u00e1l s\u00edce 4 mili\u00f3ny, ale oplatil sa. Zadarmo sme mali Christiana Fuchsa zo Shalke, ktor\u00fd e\u0161te pred rokom hral v\u00a0Lige Majstrov na Bernab\u00e9u. Z\u00a0Aston Villy Marca Albrightona po vypr\u0161an\u00ed zmluvy, Drinkwatera z\u00a0Manchesteru za 750 tis\u00edc. Z\u00a0Bundesligov\u00e9ho Mainzu za 7 mil. Okazakiho a\u00a0za 8 mil. Leonarda Ullou z\u00a0Brighton &amp; Hove Albion. V\u0161etci si mysleli, \u017ee som bol sprost\u00fd, ale ke\u010f si to zhrniete, vymenoval som V\u00e1m z\u00e1kladn\u00fa jeden\u00e1stku pre tri\u0161tvrte z\u00e1pasov v\u00a0minulom ro\u010dn\u00edku. Teda okrem Schmeichela. Ten sa ve\u013emi zlep\u0161il pod tr\u00e9nerom brank\u00e1rov, Mikeom Stowellom, b\u00fdval\u00fdm hr\u00e1\u010dom Evertonu.\u201c<\/em><\/p>\n<p>Steve sa teda pomaly zapracov\u00e1va do zn\u00e1meho prostredia a s\u00a0novou rolou sa bude musie\u0165 e\u0161te nejak\u00fd \u010das v\u017e\u00edva\u0165. Jeho pr\u00ednos je v\u0161ak badate\u013en\u00fd u\u017e dnes. Ve\u010f tento rozhovor bol uskuto\u010dnen\u00fd len p\u00e1r hod\u00edn po tom, \u010do bol ozn\u00e1men\u00fd pr\u00edchod Idrissu Gueyeho. Kto to vybavil, sa ani nemus\u00edte p\u00fdta\u0165. Telef\u00f3n mu zvon\u00ed neust\u00e1le.<\/p>\n<p><em>\u201eUr\u010dili sme si za cie\u013e prinies\u0165 trochu viac energie do z\u00e1lohy a povedal som mana\u017e\u00e9rovi, nech sa pozrie na toho chlapca, preto\u017ee si mysl\u00edm, \u017ee m\u00e1 v\u0161etko \u010do vy\u017eadujeme. S\u00a0loptou neot\u00e1\u013ea, dobre nap\u00e1da a\u00a0vynik\u00e1 v\u00a0s\u00fabojoch. Netla\u010dte na neho moc a\u00a0m\u00f4\u017ee by\u0165 ako Kante. Len to chce viac discipl\u00edny. Ver\u00edm tomu.\u201c<\/em><\/p>\n<p><em>\u201eKlub pozn\u00e1m ve\u013emi dobre. Korene m\u00e1m na severoz\u00e1pade a\u00a0m\u00f4j brat Mickey hr\u00e1val za Everton v\u00a0\u010dasoch Boba Latchforda, na \u010dom som patri\u010dne hrd\u00fd. Pre Everton je to ale krok do nezn\u00e1ma, s\u00a0takou funkciou nemaj\u00fa doposia\u013e sk\u00fasenosti. \u010co ja viem, tak v\u00a0prvom rade sa mus\u00edm postara\u0165 o\u00a0n\u00e1borov\u00e9 oddelenie. Najsk\u00f4r A\u00a0t\u00edm a\u00a0ke\u010f bude pr\u00edle\u017eitos\u0165, pozrieme sa aj na U23 a\u00a0akad\u00e9miu. Na to sa \u0161pecializujem a\u00a0to mi zaber\u00e1 najviac \u010dasu. Mus\u00edme sa presved\u010di\u0165, \u017ee disponujeme k\u00e1drom, schopn\u00fdm sa pos\u00fava\u0165 dopredu. Nepri\u0161iel som sem na p\u00e4\u0165 min\u00fa\u0165. Treba polo\u017ei\u0165 z\u00e1klady. Ale bez spr\u00e1vnych \u013eud\u00ed sa to ned\u00e1. Nastav\u00edme ur\u010dit\u00e9 postupy a\u00a0usporiadanie, aby sme dostali t\u00fdch najlep\u0161\u00edch a\u00a0\u010do najlep\u0161ie s\u00a0nimi nar\u00e1bali. Budem sa anga\u017eova\u0165 vo v\u0161etkom, \u010do sa futbalu t\u00fdka, tak\u017ee mus\u00edm ma\u0165 kontakt so v\u0161etk\u00fdmi. Od mana\u017e\u00e9ra a\u017e po hr\u00e1\u010dov. Ale za\u010d\u00ednam postupne. Ronalda zatia\u013e spozn\u00e1vam. Je zap\u00e1len\u00fd pre vec, pozit\u00edvny a\u00a0m\u00e1 vysok\u00e9 n\u00e1roky. Bol \u00fa\u017easn\u00fd hr\u00e1\u010d a aj teraz\u00a0vie \u010do chce a\u00a0vie ako to dosiahnu\u0165. U\u017e sa treba len naladi\u0165 na spolo\u010dn\u00fa vlnu. Zatia\u013e to vyzer\u00e1 to s\u013eubne.\u201c<\/em><\/p>\n<p>A\u00a0\u010do hovor\u00ed na svoju pr\u00e1cu?<\/p>\n<p><em>\u201eNemysl\u00edm si, \u017ee sa d\u00e1 od toho len tak vypn\u00fa\u0165. Je to naozaj n\u00e1ro\u010dn\u00e9. Stanete sa t\u00fdm posadnut\u00fd. Niekedy cez prestupov\u00e9 obdobie ani nesp\u00edte. A\u00a0a\u017e sa zavrie, znova nast\u00e1va \u010das zhroma\u017e\u010fovania \u00fadajov. R\u00e1d budem na v\u0161etk\u00fdch na\u0161ich z\u00e1pasoch&#8230; nasa\u0165 atmosf\u00e9ru, v\u017ei\u0165 sa do hry. Ale ak budem n\u00faten\u00fd niektor\u00fd vynecha\u0165, kv\u00f4li d\u00f4le\u017eit\u00e9mu prestupu alebo podobne, tak nech. D\u00fafam, \u017ee sa tu stanem s\u00fa\u010das\u0165ou \u00faspechu. Je to fantastick\u00fd klub. A\u00a0to je d\u00f4vod pre\u010do som sem pri\u0161iel.\u201c<\/em><\/p>\n<p style=\"text-align: right;\">(p\u00f4vodn\u00fd rozhovor: evertonfc.com)<\/p>\n<\/div>\n","protected":false},"excerpt":{"rendered":"<p>Prv\u00fd DoF v\u00a0hist\u00f3ri\u00ed klubu a b\u00fdval\u00fd telocvik\u00e1r, ktor\u00fd sa cie\u013eavedomou \u010dinnos\u0165ou stal pilierom \u00faspechu Leicesteru, poskytol rozhovor v\u00a0augustovom vydan\u00ed obnoven\u00e9ho&hellip;<\/p>\n","protected":false},"author":1,"featured_media":1312,"comment_status":"open","ping_status":"closed","sticky":false,"template":"","format":"standard","meta":{"_eb_attr":"","_monsterinsights_skip_tracking":false,"_monsterinsights_sitenote_active":false,"_monsterinsights_sitenote_note":"","_monsterinsights_sitenote_category":0,"footnotes":""},"categories":[1],"tags":[],"yoast_head":"<!-- This site is optimized with the Yoast SEO plugin v23.4 - https:\/\/yoast.com\/wordpress\/plugins\/seo\/ -->\n<title>Empirick\u00fd Walsh - Official Czech &amp; Slovak Everton Supporters&#039; Club<\/title>\n<meta name=\"robots\" content=\"index, follow, max-snippet:-1, max-image-preview:large, max-video-preview:-1\" \/>\n<link rel=\"canonical\" href=\"https:\/\/evertonfc.cz\/index.php\/2016\/10\/12\/empiricky-walsh\/\" \/>\n<meta property=\"og:locale\" content=\"cs_CZ\" \/>\n<meta property=\"og:type\" content=\"article\" \/>\n<meta property=\"og:title\" content=\"Empirick\u00fd Walsh - Official Czech &amp; Slovak Everton Supporters&#039; Club\" \/>\n<meta property=\"og:description\" content=\"Prv\u00fd DoF v\u00a0hist\u00f3ri\u00ed klubu a b\u00fdval\u00fd telocvik\u00e1r, ktor\u00fd sa cie\u013eavedomou \u010dinnos\u0165ou stal pilierom \u00faspechu Leicesteru, poskytol rozhovor v\u00a0augustovom vydan\u00ed obnoven\u00e9ho&hellip;\" \/>\n<meta property=\"og:url\" content=\"https:\/\/evertonfc.cz\/index.php\/2016\/10\/12\/empiricky-walsh\/\" \/>\n<meta property=\"og:site_name\" content=\"Official Czech &amp; Slovak Everton Supporters&#039; Club\" \/>\n<meta property=\"article:publisher\" content=\"https:\/\/www.facebook.com\/everton.fans.cz.sk\" \/>\n<meta property=\"article:published_time\" content=\"2016-10-12T17:32:51+00:00\" \/>\n<meta property=\"article:modified_time\" content=\"2020-03-26T12:51:00+00:00\" \/>\n<meta property=\"og:image\" content=\"https:\/\/evertonfc.cz\/wp-content\/uploads\/2019\/01\/interview.jpg\" \/>\n\t<meta property=\"og:image:width\" content=\"720\" \/>\n\t<meta property=\"og:image:height\" content=\"405\" \/>\n\t<meta property=\"og:image:type\" content=\"image\/jpeg\" \/>\n<meta name=\"author\" content=\"BlueBlooded\" \/>\n<meta name=\"twitter:card\" content=\"summary_large_image\" \/>\n<meta name=\"twitter:label1\" content=\"Napsal(a)\" \/>\n\t<meta name=\"twitter:data1\" content=\"BlueBlooded\" \/>\n\t<meta name=\"twitter:label2\" content=\"Odhadovan\u00e1 doba \u010dten\u00ed\" \/>\n\t<meta name=\"twitter:data2\" content=\"8 minut\" \/>\n<script type=\"application\/ld+json\" class=\"yoast-schema-graph\">{\"@context\":\"https:\/\/schema.org\",\"@graph\":[{\"@type\":\"Article\",\"@id\":\"https:\/\/evertonfc.cz\/index.php\/2016\/10\/12\/empiricky-walsh\/#article\",\"isPartOf\":{\"@id\":\"https:\/\/evertonfc.cz\/index.php\/2016\/10\/12\/empiricky-walsh\/\"},\"author\":{\"name\":\"BlueBlooded\",\"@id\":\"https:\/\/evertonfc.cz\/#\/schema\/person\/d4493b8cbea51532597fbc4685698916\"},\"headline\":\"Empirick\u00fd Walsh\",\"datePublished\":\"2016-10-12T17:32:51+00:00\",\"dateModified\":\"2020-03-26T12:51:00+00:00\",\"mainEntityOfPage\":{\"@id\":\"https:\/\/evertonfc.cz\/index.php\/2016\/10\/12\/empiricky-walsh\/\"},\"wordCount\":1580,\"commentCount\":0,\"publisher\":{\"@id\":\"https:\/\/evertonfc.cz\/#organization\"},\"image\":{\"@id\":\"https:\/\/evertonfc.cz\/index.php\/2016\/10\/12\/empiricky-walsh\/#primaryimage\"},\"thumbnailUrl\":\"https:\/\/evertonfc.cz\/wp-content\/uploads\/2019\/01\/interview.jpg\",\"articleSection\":[\"Rozhovory\"],\"inLanguage\":\"cs\",\"potentialAction\":[{\"@type\":\"CommentAction\",\"name\":\"Comment\",\"target\":[\"https:\/\/evertonfc.cz\/index.php\/2016\/10\/12\/empiricky-walsh\/#respond\"]}]},{\"@type\":\"WebPage\",\"@id\":\"https:\/\/evertonfc.cz\/index.php\/2016\/10\/12\/empiricky-walsh\/\",\"url\":\"https:\/\/evertonfc.cz\/index.php\/2016\/10\/12\/empiricky-walsh\/\",\"name\":\"Empirick\u00fd Walsh - Official Czech &amp; Slovak Everton Supporters&#039; Club\",\"isPartOf\":{\"@id\":\"https:\/\/evertonfc.cz\/#website\"},\"primaryImageOfPage\":{\"@id\":\"https:\/\/evertonfc.cz\/index.php\/2016\/10\/12\/empiricky-walsh\/#primaryimage\"},\"image\":{\"@id\":\"https:\/\/evertonfc.cz\/index.php\/2016\/10\/12\/empiricky-walsh\/#primaryimage\"},\"thumbnailUrl\":\"https:\/\/evertonfc.cz\/wp-content\/uploads\/2019\/01\/interview.jpg\",\"datePublished\":\"2016-10-12T17:32:51+00:00\",\"dateModified\":\"2020-03-26T12:51:00+00:00\",\"breadcrumb\":{\"@id\":\"https:\/\/evertonfc.cz\/index.php\/2016\/10\/12\/empiricky-walsh\/#breadcrumb\"},\"inLanguage\":\"cs\",\"potentialAction\":[{\"@type\":\"ReadAction\",\"target\":[\"https:\/\/evertonfc.cz\/index.php\/2016\/10\/12\/empiricky-walsh\/\"]}]},{\"@type\":\"ImageObject\",\"inLanguage\":\"cs\",\"@id\":\"https:\/\/evertonfc.cz\/index.php\/2016\/10\/12\/empiricky-walsh\/#primaryimage\",\"url\":\"https:\/\/evertonfc.cz\/wp-content\/uploads\/2019\/01\/interview.jpg\",\"contentUrl\":\"https:\/\/evertonfc.cz\/wp-content\/uploads\/2019\/01\/interview.jpg\",\"width\":720,\"height\":405},{\"@type\":\"BreadcrumbList\",\"@id\":\"https:\/\/evertonfc.cz\/index.php\/2016\/10\/12\/empiricky-walsh\/#breadcrumb\",\"itemListElement\":[{\"@type\":\"ListItem\",\"position\":1,\"name\":\"Home\",\"item\":\"https:\/\/evertonfc.cz\/\"},{\"@type\":\"ListItem\",\"position\":2,\"name\":\"Empirick\u00fd Walsh\"}]},{\"@type\":\"WebSite\",\"@id\":\"https:\/\/evertonfc.cz\/#website\",\"url\":\"https:\/\/evertonfc.cz\/\",\"name\":\"Official Czech &amp; Slovak Everton Supporters&#039; Club\",\"description\":\"\",\"publisher\":{\"@id\":\"https:\/\/evertonfc.cz\/#organization\"},\"potentialAction\":[{\"@type\":\"SearchAction\",\"target\":{\"@type\":\"EntryPoint\",\"urlTemplate\":\"https:\/\/evertonfc.cz\/?s={search_term_string}\"},\"query-input\":{\"@type\":\"PropertyValueSpecification\",\"valueRequired\":true,\"valueName\":\"search_term_string\"}}],\"inLanguage\":\"cs\"},{\"@type\":\"Organization\",\"@id\":\"https:\/\/evertonfc.cz\/#organization\",\"name\":\"Official Czech & Slovak Everton Supporters' Club\",\"url\":\"https:\/\/evertonfc.cz\/\",\"logo\":{\"@type\":\"ImageObject\",\"inLanguage\":\"cs\",\"@id\":\"https:\/\/evertonfc.cz\/#\/schema\/logo\/image\/\",\"url\":\"https:\/\/evertonfc.cz\/wp-content\/uploads\/2019\/05\/logo.png\",\"contentUrl\":\"https:\/\/evertonfc.cz\/wp-content\/uploads\/2019\/05\/logo.png\",\"width\":112,\"height\":112,\"caption\":\"Official Czech & Slovak Everton Supporters' Club\"},\"image\":{\"@id\":\"https:\/\/evertonfc.cz\/#\/schema\/logo\/image\/\"},\"sameAs\":[\"https:\/\/www.facebook.com\/everton.fans.cz.sk\"]},{\"@type\":\"Person\",\"@id\":\"https:\/\/evertonfc.cz\/#\/schema\/person\/d4493b8cbea51532597fbc4685698916\",\"name\":\"BlueBlooded\",\"url\":\"https:\/\/evertonfc.cz\/index.php\/author\/admin\/\"}]}<\/script>\n<!-- \/ Yoast SEO plugin. -->","yoast_head_json":{"title":"Empirick\u00fd Walsh - Official Czech &amp; Slovak Everton Supporters&#039; Club","robots":{"index":"index","follow":"follow","max-snippet":"max-snippet:-1","max-image-preview":"max-image-preview:large","max-video-preview":"max-video-preview:-1"},"canonical":"https:\/\/evertonfc.cz\/index.php\/2016\/10\/12\/empiricky-walsh\/","og_locale":"cs_CZ","og_type":"article","og_title":"Empirick\u00fd Walsh - Official Czech &amp; Slovak Everton Supporters&#039; Club","og_description":"Prv\u00fd DoF v\u00a0hist\u00f3ri\u00ed klubu a b\u00fdval\u00fd telocvik\u00e1r, ktor\u00fd sa cie\u013eavedomou \u010dinnos\u0165ou stal pilierom \u00faspechu Leicesteru, poskytol rozhovor v\u00a0augustovom vydan\u00ed obnoven\u00e9ho&hellip;","og_url":"https:\/\/evertonfc.cz\/index.php\/2016\/10\/12\/empiricky-walsh\/","og_site_name":"Official Czech &amp; Slovak Everton Supporters&#039; Club","article_publisher":"https:\/\/www.facebook.com\/everton.fans.cz.sk","article_published_time":"2016-10-12T17:32:51+00:00","article_modified_time":"2020-03-26T12:51:00+00:00","og_image":[{"width":720,"height":405,"url":"https:\/\/evertonfc.cz\/wp-content\/uploads\/2019\/01\/interview.jpg","type":"image\/jpeg"}],"author":"BlueBlooded","twitter_card":"summary_large_image","twitter_misc":{"Napsal(a)":"BlueBlooded","Odhadovan\u00e1 doba \u010dten\u00ed":"8 minut"},"schema":{"@context":"https:\/\/schema.org","@graph":[{"@type":"Article","@id":"https:\/\/evertonfc.cz\/index.php\/2016\/10\/12\/empiricky-walsh\/#article","isPartOf":{"@id":"https:\/\/evertonfc.cz\/index.php\/2016\/10\/12\/empiricky-walsh\/"},"author":{"name":"BlueBlooded","@id":"https:\/\/evertonfc.cz\/#\/schema\/person\/d4493b8cbea51532597fbc4685698916"},"headline":"Empirick\u00fd Walsh","datePublished":"2016-10-12T17:32:51+00:00","dateModified":"2020-03-26T12:51:00+00:00","mainEntityOfPage":{"@id":"https:\/\/evertonfc.cz\/index.php\/2016\/10\/12\/empiricky-walsh\/"},"wordCount":1580,"commentCount":0,"publisher":{"@id":"https:\/\/evertonfc.cz\/#organization"},"image":{"@id":"https:\/\/evertonfc.cz\/index.php\/2016\/10\/12\/empiricky-walsh\/#primaryimage"},"thumbnailUrl":"https:\/\/evertonfc.cz\/wp-content\/uploads\/2019\/01\/interview.jpg","articleSection":["Rozhovory"],"inLanguage":"cs","potentialAction":[{"@type":"CommentAction","name":"Comment","target":["https:\/\/evertonfc.cz\/index.php\/2016\/10\/12\/empiricky-walsh\/#respond"]}]},{"@type":"WebPage","@id":"https:\/\/evertonfc.cz\/index.php\/2016\/10\/12\/empiricky-walsh\/","url":"https:\/\/evertonfc.cz\/index.php\/2016\/10\/12\/empiricky-walsh\/","name":"Empirick\u00fd Walsh - Official Czech &amp; Slovak Everton Supporters&#039; Club","isPartOf":{"@id":"https:\/\/evertonfc.cz\/#website"},"primaryImageOfPage":{"@id":"https:\/\/evertonfc.cz\/index.php\/2016\/10\/12\/empiricky-walsh\/#primaryimage"},"image":{"@id":"https:\/\/evertonfc.cz\/index.php\/2016\/10\/12\/empiricky-walsh\/#primaryimage"},"thumbnailUrl":"https:\/\/evertonfc.cz\/wp-content\/uploads\/2019\/01\/interview.jpg","datePublished":"2016-10-12T17:32:51+00:00","dateModified":"2020-03-26T12:51:00+00:00","breadcrumb":{"@id":"https:\/\/evertonfc.cz\/index.php\/2016\/10\/12\/empiricky-walsh\/#breadcrumb"},"inLanguage":"cs","potentialAction":[{"@type":"ReadAction","target":["https:\/\/evertonfc.cz\/index.php\/2016\/10\/12\/empiricky-walsh\/"]}]},{"@type":"ImageObject","inLanguage":"cs","@id":"https:\/\/evertonfc.cz\/index.php\/2016\/10\/12\/empiricky-walsh\/#primaryimage","url":"https:\/\/evertonfc.cz\/wp-content\/uploads\/2019\/01\/interview.jpg","contentUrl":"https:\/\/evertonfc.cz\/wp-content\/uploads\/2019\/01\/interview.jpg","width":720,"height":405},{"@type":"BreadcrumbList","@id":"https:\/\/evertonfc.cz\/index.php\/2016\/10\/12\/empiricky-walsh\/#breadcrumb","itemListElement":[{"@type":"ListItem","position":1,"name":"Home","item":"https:\/\/evertonfc.cz\/"},{"@type":"ListItem","position":2,"name":"Empirick\u00fd Walsh"}]},{"@type":"WebSite","@id":"https:\/\/evertonfc.cz\/#website","url":"https:\/\/evertonfc.cz\/","name":"Official Czech &amp; Slovak Everton Supporters&#039; Club","description":"","publisher":{"@id":"https:\/\/evertonfc.cz\/#organization"},"potentialAction":[{"@type":"SearchAction","target":{"@type":"EntryPoint","urlTemplate":"https:\/\/evertonfc.cz\/?s={search_term_string}"},"query-input":{"@type":"PropertyValueSpecification","valueRequired":true,"valueName":"search_term_string"}}],"inLanguage":"cs"},{"@type":"Organization","@id":"https:\/\/evertonfc.cz\/#organization","name":"Official Czech & Slovak Everton Supporters' Club","url":"https:\/\/evertonfc.cz\/","logo":{"@type":"ImageObject","inLanguage":"cs","@id":"https:\/\/evertonfc.cz\/#\/schema\/logo\/image\/","url":"https:\/\/evertonfc.cz\/wp-content\/uploads\/2019\/05\/logo.png","contentUrl":"https:\/\/evertonfc.cz\/wp-content\/uploads\/2019\/05\/logo.png","width":112,"height":112,"caption":"Official Czech & Slovak Everton Supporters' Club"},"image":{"@id":"https:\/\/evertonfc.cz\/#\/schema\/logo\/image\/"},"sameAs":["https:\/\/www.facebook.com\/everton.fans.cz.sk"]},{"@type":"Person","@id":"https:\/\/evertonfc.cz\/#\/schema\/person\/d4493b8cbea51532597fbc4685698916","name":"BlueBlooded","url":"https:\/\/evertonfc.cz\/index.php\/author\/admin\/"}]}},"_links":{"self":[{"href":"https:\/\/evertonfc.cz\/index.php\/wp-json\/wp\/v2\/posts\/3504"}],"collection":[{"href":"https:\/\/evertonfc.cz\/index.php\/wp-json\/wp\/v2\/posts"}],"about":[{"href":"https:\/\/evertonfc.cz\/index.php\/wp-json\/wp\/v2\/types\/post"}],"author":[{"embeddable":true,"href":"https:\/\/evertonfc.cz\/index.php\/wp-json\/wp\/v2\/users\/1"}],"replies":[{"embeddable":true,"href":"https:\/\/evertonfc.cz\/index.php\/wp-json\/wp\/v2\/comments?post=3504"}],"version-history":[{"count":4,"href":"https:\/\/evertonfc.cz\/index.php\/wp-json\/wp\/v2\/posts\/3504\/revisions"}],"predecessor-version":[{"id":10631,"href":"https:\/\/evertonfc.cz\/index.php\/wp-json\/wp\/v2\/posts\/3504\/revisions\/10631"}],"wp:featuredmedia":[{"embeddable":true,"href":"https:\/\/evertonfc.cz\/index.php\/wp-json\/wp\/v2\/media\/1312"}],"wp:attachment":[{"href":"https:\/\/evertonfc.cz\/index.php\/wp-json\/wp\/v2\/media?parent=3504"}],"wp:term":[{"taxonomy":"category","embeddable":true,"href":"https:\/\/evertonfc.cz\/index.php\/wp-json\/wp\/v2\/categories?post=3504"},{"taxonomy":"post_tag","embeddable":true,"href":"https:\/\/evertonfc.cz\/index.php\/wp-json\/wp\/v2\/tags?post=3504"}],"curies":[{"name":"wp","href":"https:\/\/api.w.org\/{rel}","templated":true}]}}