{"id":3508,"date":"2016-09-29T19:36:36","date_gmt":"2016-09-29T17:36:36","guid":{"rendered":"http:\/\/evertonfc.cz\/?p=3508"},"modified":"2021-04-04T13:52:19","modified_gmt":"2021-04-04T11:52:19","slug":"preview-everton-crystal-palace-3","status":"publish","type":"post","link":"https:\/\/evertonfc.cz\/index.php\/2016\/09\/29\/preview-everton-crystal-palace-3\/","title":{"rendered":"Preview: Everton &#8211; Crystal Palace"},"content":{"rendered":"<h4 id=\"NewsPostDetailSummary\">Orlov\u00e9 l\u00e9taj\u00ed vysoko, zat\u00edmco Everton byl z v\u00fd\u0161in minul\u00fd t\u00fdden sra\u017een. P\u00e1te\u010dn\u00ed televizn\u00ed p\u0159edehr\u00e1vka bude \u010d\u00e1ste\u010dn\u011b i o zv\u00fd\u0161en\u00ed po\u0161ramocen\u00e9ho sebev\u011bdom\u00ed &#8211; a nutno napsati, \u017ee nep\u0159ijeli otlouk\u00e1nci.<\/h4>\n<div id=\"NewsPostDetailContent\">\n<p>Kdy\u017e nap\u00ed\u0161u, \u017ee Evertonu z\u00e1pas v Bournemouthu nevy\u0161el, tak jsem m\u00edrn\u00fd. Obzvl\u00e1\u0161t\u011b v\u00fdkon v prvn\u00ed p\u016fli byl zkritizov\u00e1n mnoh\u00fdmi, v\u010detn\u011b Ronalda Koemana na poz\u00e1pasov\u00e9 tiskov\u00e9 konferenci. A kdy\u017e k tomu p\u0159ipo\u010dtu vypadnut\u00ed z Ligov\u00e9ho poh\u00e1ru s druholigov\u00fdm Norwichem, tak bude minul\u00fd t\u00fdden ur\u010dit\u011b zaps\u00e1n v klubov\u00fdch an\u00e1lech \u010dern\u00fdm p\u00edsmem. Nav\u00edc jak prav\u00ed klasik &#8211; <em>\u201ety mrdky je\u0161t\u011b hrajou dob\u0159e\u201c<\/em>.<\/p>\n<p>Je to tak. Z\u00edtra ve\u010der se v Goodison Parku utk\u00e1 p\u00e1t\u00fd se sedm\u00fdm. A \u017ee trojice v\u00fdher Crystal Palace v \u0159ad\u011b byla proti Stoke, Middlesbrough a Sunderlandu? Realita je takov\u00e1, \u017ee sedm\u00e9 m\u00edsto se sakra po\u010d\u00edt\u00e1&#8230;<\/p>\n<p>Ale pro Everton zas tak \u0161patn\u011b nen\u00ed. Jak\u00e1koliv v\u00fdhra pos\u00edl\u00e1 karamelky na druh\u00e9 m\u00edsto aspo\u0148 p\u0159es noc. Zm\u011bn se v sestav\u011b se asi moc \u010dekat ned\u00e1. Resp. si mysl\u00edm, \u017ee nastoup\u00ed stejn\u00e1 jeden\u00e1ctka. Op\u011bt bude absentovat Baines, lze d\u016fvodn\u011b o\u010dek\u00e1vat na m\u00edst\u011b lev\u00e9ho obr\u00e1nce Ovieda. P\u0159itahova\u010d stehenn\u00edho svalu tak LB3 op\u011bt zlob\u00ed. V \u00fatoku navzdory bolav\u00e9 noze nastoup\u00ed Lukaku, bl\u00edzko uzdraven\u00ed je dvojice Gibson-McCarthy, ale i pro n\u011b je z\u00edt\u0159ej\u0161\u00ed utk\u00e1n\u00ed p\u0159\u00edli\u0161 brzy. Naopak poprv\u00e9 proti sv\u00e9mu b\u00fdval\u00e9mu klubu bude hr\u00e1t Bolasie.<\/p>\n<p>Host\u016fm bude chyb\u011bt Dann, ze stejn\u00e9ho d\u016fvodu jako Baines. Ma\u010d nestihne ani Souar\u00e9, kter\u00fd se zotavuje z n\u00e1sledk\u016f autonehody, kter\u00e1 se mu stala 11. z\u00e1\u0159\u00ed. Dlouhodob\u00e9 n\u00e1sledky lev\u00fd obr\u00e1nce lond\u00fdnsk\u00e9ho klubu m\u00edt nebude, ale kdy\u017e v\u00e1s mus\u00ed z auta vysek\u00e1vat&#8230; Ex-RS Benteke si v tr\u00e9ninku poranil koleno a tak\u00e9 si hned tak nezahraje. Zaha s t\u00fdmem poprv\u00e9 cestuje a bude tak p\u0159ipraven vyb\u011bhnout na h\u0159i\u0161t\u011b.<\/p>\n<p>Utk\u00e1n\u00ed vys\u00edl\u00e1 p\u0159\u00edm\u00fdm p\u0159enosem stanice Digi sport 1.<\/p>\n<p><strong>Co:<\/strong> Everton FC &#8211; Crystal Palace FC, 7. kolo Premier League<br \/>\n<strong>Kdy:<\/strong> 30. 9. 2016 od 21:00 SE\u010c<br \/>\n<strong>Kde:<\/strong> Goodison Park, Liverpool (kapacita: 40 157)<br \/>\n<strong>Rozhod\u010d\u00ed: <\/strong>Jon Moss<\/p>\n<\/div>\n","protected":false},"excerpt":{"rendered":"<p>Orlov\u00e9 l\u00e9taj\u00ed vysoko, zat\u00edmco Everton byl z v\u00fd\u0161in minul\u00fd t\u00fdden sra\u017een. P\u00e1te\u010dn\u00ed televizn\u00ed p\u0159edehr\u00e1vka bude \u010d\u00e1ste\u010dn\u011b i o zv\u00fd\u0161en\u00ed po\u0161ramocen\u00e9ho sebev\u011bdom\u00ed &#8211; a nutno napsati, \u017ee nep\u0159ijeli otlouk\u00e1nci.<\/p>\n","protected":false},"author":12,"featured_media":14858,"comment_status":"open","ping_status":"closed","sticky":false,"template":"","format":"standard","meta":{"_eb_attr":"","_monsterinsights_skip_tracking":false,"_monsterinsights_sitenote_active":false,"_monsterinsights_sitenote_note":"","_monsterinsights_sitenote_category":0,"footnotes":""},"categories":[4],"tags":[],"yoast_head":"<!-- This site is optimized with the Yoast SEO plugin v23.4 - https:\/\/yoast.com\/wordpress\/plugins\/seo\/ -->\n<title>Preview: Everton - Crystal Palace - Official Czech &amp; Slovak Everton Supporters&#039; Club<\/title>\n<meta name=\"robots\" content=\"index, follow, max-snippet:-1, max-image-preview:large, max-video-preview:-1\" \/>\n<link rel=\"canonical\" href=\"https:\/\/evertonfc.cz\/index.php\/2016\/09\/29\/preview-everton-crystal-palace-3\/\" \/>\n<meta property=\"og:locale\" content=\"cs_CZ\" \/>\n<meta property=\"og:type\" content=\"article\" \/>\n<meta property=\"og:title\" content=\"Preview: Everton - Crystal Palace - Official Czech &amp; Slovak Everton Supporters&#039; Club\" \/>\n<meta property=\"og:description\" content=\"Orlov\u00e9 l\u00e9taj\u00ed vysoko, zat\u00edmco Everton byl z v\u00fd\u0161in minul\u00fd t\u00fdden sra\u017een. P\u00e1te\u010dn\u00ed televizn\u00ed p\u0159edehr\u00e1vka bude \u010d\u00e1ste\u010dn\u011b i o zv\u00fd\u0161en\u00ed po\u0161ramocen\u00e9ho sebev\u011bdom\u00ed - a nutno napsati, \u017ee nep\u0159ijeli otlouk\u00e1nci.\" \/>\n<meta property=\"og:url\" content=\"https:\/\/evertonfc.cz\/index.php\/2016\/09\/29\/preview-everton-crystal-palace-3\/\" \/>\n<meta property=\"og:site_name\" content=\"Official Czech &amp; Slovak Everton Supporters&#039; Club\" \/>\n<meta property=\"article:publisher\" content=\"https:\/\/www.facebook.com\/everton.fans.cz.sk\" \/>\n<meta property=\"article:published_time\" content=\"2016-09-29T17:36:36+00:00\" \/>\n<meta property=\"article:modified_time\" content=\"2021-04-04T11:52:19+00:00\" \/>\n<meta property=\"og:image\" content=\"https:\/\/evertonfc.cz\/wp-content\/uploads\/2021\/04\/Everton-VS-Crystal-Palace.png\" \/>\n\t<meta property=\"og:image:width\" content=\"720\" \/>\n\t<meta property=\"og:image:height\" content=\"405\" \/>\n\t<meta property=\"og:image:type\" content=\"image\/png\" \/>\n<meta name=\"author\" content=\"Javor\" \/>\n<meta name=\"twitter:card\" content=\"summary_large_image\" \/>\n<meta name=\"twitter:creator\" content=\"@LoudinJan\" \/>\n<meta name=\"twitter:label1\" content=\"Napsal(a)\" \/>\n\t<meta name=\"twitter:data1\" content=\"Javor\" \/>\n\t<meta name=\"twitter:label2\" content=\"Odhadovan\u00e1 doba \u010dten\u00ed\" \/>\n\t<meta name=\"twitter:data2\" content=\"2 minuty\" \/>\n<script type=\"application\/ld+json\" class=\"yoast-schema-graph\">{\"@context\":\"https:\/\/schema.org\",\"@graph\":[{\"@type\":\"Article\",\"@id\":\"https:\/\/evertonfc.cz\/index.php\/2016\/09\/29\/preview-everton-crystal-palace-3\/#article\",\"isPartOf\":{\"@id\":\"https:\/\/evertonfc.cz\/index.php\/2016\/09\/29\/preview-everton-crystal-palace-3\/\"},\"author\":{\"name\":\"Javor\",\"@id\":\"https:\/\/evertonfc.cz\/#\/schema\/person\/b30daf6a5852f4811f8207a17ec1bf78\"},\"headline\":\"Preview: Everton &#8211; Crystal Palace\",\"datePublished\":\"2016-09-29T17:36:36+00:00\",\"dateModified\":\"2021-04-04T11:52:19+00:00\",\"mainEntityOfPage\":{\"@id\":\"https:\/\/evertonfc.cz\/index.php\/2016\/09\/29\/preview-everton-crystal-palace-3\/\"},\"wordCount\":401,\"commentCount\":0,\"publisher\":{\"@id\":\"https:\/\/evertonfc.cz\/#organization\"},\"image\":{\"@id\":\"https:\/\/evertonfc.cz\/index.php\/2016\/09\/29\/preview-everton-crystal-palace-3\/#primaryimage\"},\"thumbnailUrl\":\"https:\/\/evertonfc.cz\/wp-content\/uploads\/2021\/04\/Everton-VS-Crystal-Palace.png\",\"articleSection\":[\"Z\u00e1pasy\"],\"inLanguage\":\"cs\",\"potentialAction\":[{\"@type\":\"CommentAction\",\"name\":\"Comment\",\"target\":[\"https:\/\/evertonfc.cz\/index.php\/2016\/09\/29\/preview-everton-crystal-palace-3\/#respond\"]}]},{\"@type\":\"WebPage\",\"@id\":\"https:\/\/evertonfc.cz\/index.php\/2016\/09\/29\/preview-everton-crystal-palace-3\/\",\"url\":\"https:\/\/evertonfc.cz\/index.php\/2016\/09\/29\/preview-everton-crystal-palace-3\/\",\"name\":\"Preview: Everton - Crystal Palace - Official Czech &amp; Slovak Everton Supporters&#039; Club\",\"isPartOf\":{\"@id\":\"https:\/\/evertonfc.cz\/#website\"},\"primaryImageOfPage\":{\"@id\":\"https:\/\/evertonfc.cz\/index.php\/2016\/09\/29\/preview-everton-crystal-palace-3\/#primaryimage\"},\"image\":{\"@id\":\"https:\/\/evertonfc.cz\/index.php\/2016\/09\/29\/preview-everton-crystal-palace-3\/#primaryimage\"},\"thumbnailUrl\":\"https:\/\/evertonfc.cz\/wp-content\/uploads\/2021\/04\/Everton-VS-Crystal-Palace.png\",\"datePublished\":\"2016-09-29T17:36:36+00:00\",\"dateModified\":\"2021-04-04T11:52:19+00:00\",\"breadcrumb\":{\"@id\":\"https:\/\/evertonfc.cz\/index.php\/2016\/09\/29\/preview-everton-crystal-palace-3\/#breadcrumb\"},\"inLanguage\":\"cs\",\"potentialAction\":[{\"@type\":\"ReadAction\",\"target\":[\"https:\/\/evertonfc.cz\/index.php\/2016\/09\/29\/preview-everton-crystal-palace-3\/\"]}]},{\"@type\":\"ImageObject\",\"inLanguage\":\"cs\",\"@id\":\"https:\/\/evertonfc.cz\/index.php\/2016\/09\/29\/preview-everton-crystal-palace-3\/#primaryimage\",\"url\":\"https:\/\/evertonfc.cz\/wp-content\/uploads\/2021\/04\/Everton-VS-Crystal-Palace.png\",\"contentUrl\":\"https:\/\/evertonfc.cz\/wp-content\/uploads\/2021\/04\/Everton-VS-Crystal-Palace.png\",\"width\":720,\"height\":405},{\"@type\":\"BreadcrumbList\",\"@id\":\"https:\/\/evertonfc.cz\/index.php\/2016\/09\/29\/preview-everton-crystal-palace-3\/#breadcrumb\",\"itemListElement\":[{\"@type\":\"ListItem\",\"position\":1,\"name\":\"Home\",\"item\":\"https:\/\/evertonfc.cz\/\"},{\"@type\":\"ListItem\",\"position\":2,\"name\":\"Preview: Everton &#8211; Crystal Palace\"}]},{\"@type\":\"WebSite\",\"@id\":\"https:\/\/evertonfc.cz\/#website\",\"url\":\"https:\/\/evertonfc.cz\/\",\"name\":\"Official Czech &amp; Slovak Everton Supporters&#039; Club\",\"description\":\"\",\"publisher\":{\"@id\":\"https:\/\/evertonfc.cz\/#organization\"},\"potentialAction\":[{\"@type\":\"SearchAction\",\"target\":{\"@type\":\"EntryPoint\",\"urlTemplate\":\"https:\/\/evertonfc.cz\/?s={search_term_string}\"},\"query-input\":{\"@type\":\"PropertyValueSpecification\",\"valueRequired\":true,\"valueName\":\"search_term_string\"}}],\"inLanguage\":\"cs\"},{\"@type\":\"Organization\",\"@id\":\"https:\/\/evertonfc.cz\/#organization\",\"name\":\"Official Czech & Slovak Everton Supporters' Club\",\"url\":\"https:\/\/evertonfc.cz\/\",\"logo\":{\"@type\":\"ImageObject\",\"inLanguage\":\"cs\",\"@id\":\"https:\/\/evertonfc.cz\/#\/schema\/logo\/image\/\",\"url\":\"https:\/\/evertonfc.cz\/wp-content\/uploads\/2019\/05\/logo.png\",\"contentUrl\":\"https:\/\/evertonfc.cz\/wp-content\/uploads\/2019\/05\/logo.png\",\"width\":112,\"height\":112,\"caption\":\"Official Czech & Slovak Everton Supporters' Club\"},\"image\":{\"@id\":\"https:\/\/evertonfc.cz\/#\/schema\/logo\/image\/\"},\"sameAs\":[\"https:\/\/www.facebook.com\/everton.fans.cz.sk\"]},{\"@type\":\"Person\",\"@id\":\"https:\/\/evertonfc.cz\/#\/schema\/person\/b30daf6a5852f4811f8207a17ec1bf78\",\"name\":\"Javor\",\"sameAs\":[\"https:\/\/x.com\/LoudinJan\"],\"url\":\"https:\/\/evertonfc.cz\/index.php\/author\/javor\/\"}]}<\/script>\n<!-- \/ Yoast SEO plugin. -->","yoast_head_json":{"title":"Preview: Everton - Crystal Palace - Official Czech &amp; Slovak Everton Supporters&#039; Club","robots":{"index":"index","follow":"follow","max-snippet":"max-snippet:-1","max-image-preview":"max-image-preview:large","max-video-preview":"max-video-preview:-1"},"canonical":"https:\/\/evertonfc.cz\/index.php\/2016\/09\/29\/preview-everton-crystal-palace-3\/","og_locale":"cs_CZ","og_type":"article","og_title":"Preview: Everton - Crystal Palace - Official Czech &amp; Slovak Everton Supporters&#039; Club","og_description":"Orlov\u00e9 l\u00e9taj\u00ed vysoko, zat\u00edmco Everton byl z v\u00fd\u0161in minul\u00fd t\u00fdden sra\u017een. P\u00e1te\u010dn\u00ed televizn\u00ed p\u0159edehr\u00e1vka bude \u010d\u00e1ste\u010dn\u011b i o zv\u00fd\u0161en\u00ed po\u0161ramocen\u00e9ho sebev\u011bdom\u00ed - a nutno napsati, \u017ee nep\u0159ijeli otlouk\u00e1nci.","og_url":"https:\/\/evertonfc.cz\/index.php\/2016\/09\/29\/preview-everton-crystal-palace-3\/","og_site_name":"Official Czech &amp; Slovak Everton Supporters&#039; Club","article_publisher":"https:\/\/www.facebook.com\/everton.fans.cz.sk","article_published_time":"2016-09-29T17:36:36+00:00","article_modified_time":"2021-04-04T11:52:19+00:00","og_image":[{"width":720,"height":405,"url":"https:\/\/evertonfc.cz\/wp-content\/uploads\/2021\/04\/Everton-VS-Crystal-Palace.png","type":"image\/png"}],"author":"Javor","twitter_card":"summary_large_image","twitter_creator":"@LoudinJan","twitter_misc":{"Napsal(a)":"Javor","Odhadovan\u00e1 doba \u010dten\u00ed":"2 minuty"},"schema":{"@context":"https:\/\/schema.org","@graph":[{"@type":"Article","@id":"https:\/\/evertonfc.cz\/index.php\/2016\/09\/29\/preview-everton-crystal-palace-3\/#article","isPartOf":{"@id":"https:\/\/evertonfc.cz\/index.php\/2016\/09\/29\/preview-everton-crystal-palace-3\/"},"author":{"name":"Javor","@id":"https:\/\/evertonfc.cz\/#\/schema\/person\/b30daf6a5852f4811f8207a17ec1bf78"},"headline":"Preview: Everton &#8211; Crystal Palace","datePublished":"2016-09-29T17:36:36+00:00","dateModified":"2021-04-04T11:52:19+00:00","mainEntityOfPage":{"@id":"https:\/\/evertonfc.cz\/index.php\/2016\/09\/29\/preview-everton-crystal-palace-3\/"},"wordCount":401,"commentCount":0,"publisher":{"@id":"https:\/\/evertonfc.cz\/#organization"},"image":{"@id":"https:\/\/evertonfc.cz\/index.php\/2016\/09\/29\/preview-everton-crystal-palace-3\/#primaryimage"},"thumbnailUrl":"https:\/\/evertonfc.cz\/wp-content\/uploads\/2021\/04\/Everton-VS-Crystal-Palace.png","articleSection":["Z\u00e1pasy"],"inLanguage":"cs","potentialAction":[{"@type":"CommentAction","name":"Comment","target":["https:\/\/evertonfc.cz\/index.php\/2016\/09\/29\/preview-everton-crystal-palace-3\/#respond"]}]},{"@type":"WebPage","@id":"https:\/\/evertonfc.cz\/index.php\/2016\/09\/29\/preview-everton-crystal-palace-3\/","url":"https:\/\/evertonfc.cz\/index.php\/2016\/09\/29\/preview-everton-crystal-palace-3\/","name":"Preview: Everton - Crystal Palace - Official Czech &amp; Slovak Everton Supporters&#039; Club","isPartOf":{"@id":"https:\/\/evertonfc.cz\/#website"},"primaryImageOfPage":{"@id":"https:\/\/evertonfc.cz\/index.php\/2016\/09\/29\/preview-everton-crystal-palace-3\/#primaryimage"},"image":{"@id":"https:\/\/evertonfc.cz\/index.php\/2016\/09\/29\/preview-everton-crystal-palace-3\/#primaryimage"},"thumbnailUrl":"https:\/\/evertonfc.cz\/wp-content\/uploads\/2021\/04\/Everton-VS-Crystal-Palace.png","datePublished":"2016-09-29T17:36:36+00:00","dateModified":"2021-04-04T11:52:19+00:00","breadcrumb":{"@id":"https:\/\/evertonfc.cz\/index.php\/2016\/09\/29\/preview-everton-crystal-palace-3\/#breadcrumb"},"inLanguage":"cs","potentialAction":[{"@type":"ReadAction","target":["https:\/\/evertonfc.cz\/index.php\/2016\/09\/29\/preview-everton-crystal-palace-3\/"]}]},{"@type":"ImageObject","inLanguage":"cs","@id":"https:\/\/evertonfc.cz\/index.php\/2016\/09\/29\/preview-everton-crystal-palace-3\/#primaryimage","url":"https:\/\/evertonfc.cz\/wp-content\/uploads\/2021\/04\/Everton-VS-Crystal-Palace.png","contentUrl":"https:\/\/evertonfc.cz\/wp-content\/uploads\/2021\/04\/Everton-VS-Crystal-Palace.png","width":720,"height":405},{"@type":"BreadcrumbList","@id":"https:\/\/evertonfc.cz\/index.php\/2016\/09\/29\/preview-everton-crystal-palace-3\/#breadcrumb","itemListElement":[{"@type":"ListItem","position":1,"name":"Home","item":"https:\/\/evertonfc.cz\/"},{"@type":"ListItem","position":2,"name":"Preview: Everton &#8211; Crystal Palace"}]},{"@type":"WebSite","@id":"https:\/\/evertonfc.cz\/#website","url":"https:\/\/evertonfc.cz\/","name":"Official Czech &amp; Slovak Everton Supporters&#039; Club","description":"","publisher":{"@id":"https:\/\/evertonfc.cz\/#organization"},"potentialAction":[{"@type":"SearchAction","target":{"@type":"EntryPoint","urlTemplate":"https:\/\/evertonfc.cz\/?s={search_term_string}"},"query-input":{"@type":"PropertyValueSpecification","valueRequired":true,"valueName":"search_term_string"}}],"inLanguage":"cs"},{"@type":"Organization","@id":"https:\/\/evertonfc.cz\/#organization","name":"Official Czech & Slovak Everton Supporters' Club","url":"https:\/\/evertonfc.cz\/","logo":{"@type":"ImageObject","inLanguage":"cs","@id":"https:\/\/evertonfc.cz\/#\/schema\/logo\/image\/","url":"https:\/\/evertonfc.cz\/wp-content\/uploads\/2019\/05\/logo.png","contentUrl":"https:\/\/evertonfc.cz\/wp-content\/uploads\/2019\/05\/logo.png","width":112,"height":112,"caption":"Official Czech & Slovak Everton Supporters' Club"},"image":{"@id":"https:\/\/evertonfc.cz\/#\/schema\/logo\/image\/"},"sameAs":["https:\/\/www.facebook.com\/everton.fans.cz.sk"]},{"@type":"Person","@id":"https:\/\/evertonfc.cz\/#\/schema\/person\/b30daf6a5852f4811f8207a17ec1bf78","name":"Javor","sameAs":["https:\/\/x.com\/LoudinJan"],"url":"https:\/\/evertonfc.cz\/index.php\/author\/javor\/"}]}},"_links":{"self":[{"href":"https:\/\/evertonfc.cz\/index.php\/wp-json\/wp\/v2\/posts\/3508"}],"collection":[{"href":"https:\/\/evertonfc.cz\/index.php\/wp-json\/wp\/v2\/posts"}],"about":[{"href":"https:\/\/evertonfc.cz\/index.php\/wp-json\/wp\/v2\/types\/post"}],"author":[{"embeddable":true,"href":"https:\/\/evertonfc.cz\/index.php\/wp-json\/wp\/v2\/users\/12"}],"replies":[{"embeddable":true,"href":"https:\/\/evertonfc.cz\/index.php\/wp-json\/wp\/v2\/comments?post=3508"}],"version-history":[{"count":3,"href":"https:\/\/evertonfc.cz\/index.php\/wp-json\/wp\/v2\/posts\/3508\/revisions"}],"predecessor-version":[{"id":14868,"href":"https:\/\/evertonfc.cz\/index.php\/wp-json\/wp\/v2\/posts\/3508\/revisions\/14868"}],"wp:featuredmedia":[{"embeddable":true,"href":"https:\/\/evertonfc.cz\/index.php\/wp-json\/wp\/v2\/media\/14858"}],"wp:attachment":[{"href":"https:\/\/evertonfc.cz\/index.php\/wp-json\/wp\/v2\/media?parent=3508"}],"wp:term":[{"taxonomy":"category","embeddable":true,"href":"https:\/\/evertonfc.cz\/index.php\/wp-json\/wp\/v2\/categories?post=3508"},{"taxonomy":"post_tag","embeddable":true,"href":"https:\/\/evertonfc.cz\/index.php\/wp-json\/wp\/v2\/tags?post=3508"}],"curies":[{"name":"wp","href":"https:\/\/api.w.org\/{rel}","templated":true}]}}