{"id":3510,"date":"2016-09-29T19:41:46","date_gmt":"2016-09-29T17:41:46","guid":{"rendered":"http:\/\/evertonfc.cz\/?p=3510"},"modified":"2021-02-24T15:19:34","modified_gmt":"2021-02-24T14:19:34","slug":"phil-jagielka-o-obrane-pod-koemanom","status":"publish","type":"post","link":"https:\/\/evertonfc.cz\/index.php\/2016\/09\/29\/phil-jagielka-o-obrane-pod-koemanom\/","title":{"rendered":"Phil Jagielka o obrane pod Koemanom"},"content":{"rendered":"<h4 id=\"NewsPostDetailSummary\">Kapit\u00e1n Karameliek sa rozhovoril pre\u00a0Liverpool Echo po\u010das podujatia Community Showcase. Okrem z\u00e1pasu s\u00a0Bournemouthom spomenul aj taktick\u00e9 zmeny pod veden\u00edm nov\u00e9ho tr\u00e9nera.<\/h4>\n<div id=\"NewsPostDetailContent\">\n<p>Ronald Koeman s\u013e\u00fabil agres\u00edvny futbal pln\u00fd pressingu, presne pod\u013ea chuti Evertonians. Svoje s\u013euby pln\u00ed a\u00a0Jags objas\u0148uje \u010do sa zmenilo od re\u017eimu s\u00fa\u010dasn\u00e9ho tr\u00e9nera reprezent\u00e1cie Belgicka. Taktie\u017e na\u010dal zav\u00e1hanie na p\u00f4de The Cherries.<\/p>\n<h4>K\u00a0z\u00e1pasu s\u00a0BOU:<\/h4>\n<p><em>\u201eNedali sme s\u00faperom a\u017e to\u013eko mo\u017enost\u00ed &#8211; brvno v z\u00e1pase s Bournemouthom, \u010do bolo v prvom pol\u010dase &#8211; a to bol n\u00e1\u0161 najhor\u0161\u00ed v\u00fdkon v obrane celkovo. Vytv\u00e1rali si mno\u017estvo men\u0161\u00edch \u0161anc\u00ed, trafili ty\u010d, brvno. Mali dobr\u00fd pohyb narozdiel od n\u00e1s. Nepressovali sme ich a u\u013eah\u010dili sme im to. Vlastne sme pressovali len tak napoly, \u010do nech\u00e1valo 3 alebo 4 hr\u00e1\u010dov s\u00fapera vo\u013en\u00fdch, \u010do sta\u010dilo na \u013eahk\u00fd prechod. Po 25 min\u00fat to sk\u00f4r pripom\u00ednalo kom\u00e9diu ch\u00fdb.<\/em><\/p>\n<p><em>Ke\u010f sme mali tla\u010di\u0165, netla\u010dili sme a ke\u010f sme nemali, tak sme tla\u010dili. Videli sme video a bude treba p\u00e1r potrebn\u00fdch \u00faprav. Boli sme nedbal\u00ed, leniv\u00ed a nerozm\u00fd\u0161lali sme, \u010do bola \u0161anca pre s\u00fapera prejs\u0165 cez n\u00e1s a ne\u017e ste sa nazdali&#8230; (inkasovali sme) Druh\u00fd pol\u010das bol trochu in\u00fd, ke\u010f sa mohli sa dr\u017ea\u0165 vedenia. My sme boli viac agres\u00edvni a tak to m\u00e1 by\u0165.\u201c<\/em><\/p>\n<h4>K\u00a0syst\u00e9mu pressovania:<\/h4>\n<p><em>\u201eZo z\u00e1pasu na z\u00e1pas sa to l\u00ed\u0161i, ale \u010do sa t\u00fdka poz\u00edci\u00ed na ihrisku, krajn\u00ed obranci u\u017e v\u00f4bec nehr\u00e1vaj\u00fa tak vysoko pri na\u0161om dr\u017ean\u00ed lopty ako tomu b\u00fdvalo. Zd\u00e1 sa mi, \u017ee sme potom v lep\u0161ej poz\u00edci\u00ed br\u00e1ni\u0165. Ke\u010f chcete aby sa \u013eav\u00fd obranca tla\u010dil vy\u0161\u0161ie a dostupoval r\u00fdchlej\u0161ie, mus\u00edte stiahnu\u0165 pr\u00e1v\u00e9ho viac do stredu, aby ste zmen\u0161ili rozostup medzi obranou a t\u00fdm p\u00e1dom zabr\u00e1nili vzniku medzier, ke\u010f hr\u00e1te viac v\u00fdbojne.<\/em><\/p>\n<p><em>Je \u013eah\u0161ie sa zoskupi\u0165 sp\u00e4\u0165 z piatich metrov ne\u017e z p\u00e4tn\u00e1stich. Takisto z\u00e1le\u017e\u00ed na okolonostiach, \u010di chce tr\u00e9ner ma\u0165 Barryho sam\u00e9ho pred stop\u00e9rmi, alebo spolu s Gueyem, ktor\u00fd m\u00e1 \u010dasto pokyn lovi\u0165 loptu po celom ihrisku a rob\u00ed to naozaj dobre. Ak Baines pressuje ne\u00faspe\u0161ne, alebo sa \u0161mykne a pod. \u2013 vie, \u017ee Ashley napr. je bl\u00edzko neho, Barry tie\u017e a Coleman je zase bl\u00edzko m\u0148a. Je to re\u0165azov\u00e1 reakcia.<\/em><\/p>\n<p><em>Predt\u00fdm sme boli vzadu sami, takmer izolovan\u00ed. Ku pr\u00edkladu &#8211; \u013eav\u00fd stop\u00e9r nebol dos\u0165 bl\u00edzko \u013eav\u00e9mu krajn\u00e9mu, tak\u017ee ke\u010f niekto z nich prehral osobn\u00fd s\u00faboj, ten druh\u00fd s t\u00fdm nemohol ni\u010d urobi\u0165. Nebav\u00edme sa tu o prehnan\u00fdch vzdialenostiach, ale vy ako hr\u00e1\u010d potrebujete vedie\u0165, \u017ee osoba k v\u00e1m najbli\u017e\u0161ie je schopn\u00e1 pom\u00f4c\u0165, preto\u017ee sa viac s\u00fastred\u00ed na obranu ne\u017e predt\u00fdm, ke\u010f sme sa roztiahli po \u0161\u00edrke ihriska a mali by\u0165 produkt\u00edvni na lopte. To vych\u00e1dzalo v ur\u010dit\u00fdch z\u00e1pasoch a v in\u00fdch nie, kde by sa napr. op\u00e4\u0165 Baines nehrnul dostupova\u0165 hr\u00e1\u010da, preto\u017ee vedel, \u017ee ak by ten s\u00faboj prehral&#8230;(obrana by mala zatopen\u00e9)\u201c<\/em><\/p>\n<h4>K\u00a0tr\u00e9ningom \u0161tandartn\u00fdch situ\u00e1ci\u00ed:<\/h4>\n<p><em>\u201eJe ta\u017ek\u00e9 ich tr\u00e9nova\u0165 ve\u013ea, preto\u017ee riskujete zranenia. Bude to zriedkav\u00e1 situ\u00e1cia ak sa tak stane. Ak na tom tr\u00e9nujeme \u0161tvrtok \u010di piatok, tr\u00e9ner praktizuje aspo\u0148 jeden, dva rohy \u010di vo\u013en\u00e9 kopy ale nem\u00e1 v \u00famysle zahra\u0165 25 rohov, k\u00fdm sa nepresved\u010d\u00ed, \u017ee neinkasujeme. Mo\u017eno v pr\u00edprave sme to p\u00e1r kr\u00e1t vysk\u00fa\u0161ali, ale ke\u010f sa bl\u00ed\u017ei sez\u00f3na\/z\u00e1pas &#8211; je to risk alebo zisk, lebo \u017eiadate fyzick\u00fd kontakt.<\/em><\/p>\n<p><em>Na druhej strane, ak je naozaj probl\u00e9m, tak som si ist\u00fd, \u017ee nebude v\u00e1ha\u0165 riskova\u0165 p\u00e1r zranen\u00ed a dopria\u0165 kontakt, preto\u017ee tak\u00fd je. V\u017edy sa na tr\u00e9ningu postar\u00e1 o to, aby bol roh \u010di vhadzovanie patri\u010dne odbr\u00e1nen\u00e9. A v\u00e4\u010d\u0161inou, ak nie v\u017edy je tr\u00e9ning aj nahran\u00fd na video, teda nie je sa kam schova\u0165 v pr\u00eddade jeho ot\u00e1zok &#8211; pre\u010do ste urobili to a pre\u010do to nie. Ste zodpovedn\u00ed za svoje rozhodnutia. Zvy\u010dajne v\u00e1m polo\u017e\u00ed ot\u00e1zku potom ako ste zhliadli video, \u010do je v poriadku. Hor\u0161ie je, ak sa to sp\u00fdta pred t\u00fdm. Vtedy za\u010dnete nerv\u00f3znie\u0165.\u201c<\/em><\/p>\n<p style=\"text-align: right;\"><span style=\"font-size: 8pt;\">(p\u00f4vodn\u00fd rozhovor: Liverpool Echo)<\/span><\/p>\n<\/div>\n","protected":false},"excerpt":{"rendered":"<p>Kapit\u00e1n Karameliek sa rozhovoril pre\u00a0Liverpool Echo po\u010das podujatia Community Showcase. Okrem z\u00e1pasu s\u00a0Bournemouthom spomenul aj taktick\u00e9 zmeny pod veden\u00edm nov\u00e9ho&hellip;<\/p>\n","protected":false},"author":1,"featured_media":7694,"comment_status":"open","ping_status":"closed","sticky":false,"template":"","format":"standard","meta":{"_eb_attr":"","_monsterinsights_skip_tracking":false,"_monsterinsights_sitenote_active":false,"_monsterinsights_sitenote_note":"","_monsterinsights_sitenote_category":0,"footnotes":""},"categories":[1],"tags":[],"yoast_head":"<!-- This site is optimized with the Yoast SEO plugin v23.4 - https:\/\/yoast.com\/wordpress\/plugins\/seo\/ -->\n<title>Phil Jagielka o obrane pod Koemanom - Official Czech &amp; Slovak Everton Supporters&#039; Club<\/title>\n<meta name=\"robots\" content=\"index, follow, max-snippet:-1, max-image-preview:large, max-video-preview:-1\" \/>\n<link rel=\"canonical\" href=\"https:\/\/evertonfc.cz\/index.php\/2016\/09\/29\/phil-jagielka-o-obrane-pod-koemanom\/\" \/>\n<meta property=\"og:locale\" content=\"cs_CZ\" \/>\n<meta property=\"og:type\" content=\"article\" \/>\n<meta property=\"og:title\" content=\"Phil Jagielka o obrane pod Koemanom - Official Czech &amp; Slovak Everton Supporters&#039; Club\" \/>\n<meta property=\"og:description\" content=\"Kapit\u00e1n Karameliek sa rozhovoril pre\u00a0Liverpool Echo po\u010das podujatia Community Showcase. Okrem z\u00e1pasu s\u00a0Bournemouthom spomenul aj taktick\u00e9 zmeny pod veden\u00edm nov\u00e9ho&hellip;\" \/>\n<meta property=\"og:url\" content=\"https:\/\/evertonfc.cz\/index.php\/2016\/09\/29\/phil-jagielka-o-obrane-pod-koemanom\/\" \/>\n<meta property=\"og:site_name\" content=\"Official Czech &amp; Slovak Everton Supporters&#039; Club\" \/>\n<meta property=\"article:publisher\" content=\"https:\/\/www.facebook.com\/everton.fans.cz.sk\" \/>\n<meta property=\"article:published_time\" content=\"2016-09-29T17:41:46+00:00\" \/>\n<meta property=\"article:modified_time\" content=\"2021-02-24T14:19:34+00:00\" \/>\n<meta property=\"og:image\" content=\"https:\/\/evertonfc.cz\/wp-content\/uploads\/2019\/05\/jagielka_4_5_2019.jpg\" \/>\n\t<meta property=\"og:image:width\" content=\"720\" \/>\n\t<meta property=\"og:image:height\" content=\"405\" \/>\n\t<meta property=\"og:image:type\" content=\"image\/jpeg\" \/>\n<meta name=\"author\" content=\"BlueBlooded\" \/>\n<meta name=\"twitter:card\" content=\"summary_large_image\" \/>\n<meta name=\"twitter:label1\" content=\"Napsal(a)\" \/>\n\t<meta name=\"twitter:data1\" content=\"BlueBlooded\" \/>\n\t<meta name=\"twitter:label2\" content=\"Odhadovan\u00e1 doba \u010dten\u00ed\" \/>\n\t<meta name=\"twitter:data2\" content=\"3 minuty\" \/>\n<script type=\"application\/ld+json\" class=\"yoast-schema-graph\">{\"@context\":\"https:\/\/schema.org\",\"@graph\":[{\"@type\":\"Article\",\"@id\":\"https:\/\/evertonfc.cz\/index.php\/2016\/09\/29\/phil-jagielka-o-obrane-pod-koemanom\/#article\",\"isPartOf\":{\"@id\":\"https:\/\/evertonfc.cz\/index.php\/2016\/09\/29\/phil-jagielka-o-obrane-pod-koemanom\/\"},\"author\":{\"name\":\"BlueBlooded\",\"@id\":\"https:\/\/evertonfc.cz\/#\/schema\/person\/d4493b8cbea51532597fbc4685698916\"},\"headline\":\"Phil Jagielka o obrane pod Koemanom\",\"datePublished\":\"2016-09-29T17:41:46+00:00\",\"dateModified\":\"2021-02-24T14:19:34+00:00\",\"mainEntityOfPage\":{\"@id\":\"https:\/\/evertonfc.cz\/index.php\/2016\/09\/29\/phil-jagielka-o-obrane-pod-koemanom\/\"},\"wordCount\":785,\"commentCount\":0,\"publisher\":{\"@id\":\"https:\/\/evertonfc.cz\/#organization\"},\"image\":{\"@id\":\"https:\/\/evertonfc.cz\/index.php\/2016\/09\/29\/phil-jagielka-o-obrane-pod-koemanom\/#primaryimage\"},\"thumbnailUrl\":\"https:\/\/evertonfc.cz\/wp-content\/uploads\/2019\/05\/jagielka_4_5_2019.jpg\",\"articleSection\":[\"Rozhovory\"],\"inLanguage\":\"cs\",\"potentialAction\":[{\"@type\":\"CommentAction\",\"name\":\"Comment\",\"target\":[\"https:\/\/evertonfc.cz\/index.php\/2016\/09\/29\/phil-jagielka-o-obrane-pod-koemanom\/#respond\"]}]},{\"@type\":\"WebPage\",\"@id\":\"https:\/\/evertonfc.cz\/index.php\/2016\/09\/29\/phil-jagielka-o-obrane-pod-koemanom\/\",\"url\":\"https:\/\/evertonfc.cz\/index.php\/2016\/09\/29\/phil-jagielka-o-obrane-pod-koemanom\/\",\"name\":\"Phil Jagielka o obrane pod Koemanom - Official Czech &amp; Slovak Everton Supporters&#039; Club\",\"isPartOf\":{\"@id\":\"https:\/\/evertonfc.cz\/#website\"},\"primaryImageOfPage\":{\"@id\":\"https:\/\/evertonfc.cz\/index.php\/2016\/09\/29\/phil-jagielka-o-obrane-pod-koemanom\/#primaryimage\"},\"image\":{\"@id\":\"https:\/\/evertonfc.cz\/index.php\/2016\/09\/29\/phil-jagielka-o-obrane-pod-koemanom\/#primaryimage\"},\"thumbnailUrl\":\"https:\/\/evertonfc.cz\/wp-content\/uploads\/2019\/05\/jagielka_4_5_2019.jpg\",\"datePublished\":\"2016-09-29T17:41:46+00:00\",\"dateModified\":\"2021-02-24T14:19:34+00:00\",\"breadcrumb\":{\"@id\":\"https:\/\/evertonfc.cz\/index.php\/2016\/09\/29\/phil-jagielka-o-obrane-pod-koemanom\/#breadcrumb\"},\"inLanguage\":\"cs\",\"potentialAction\":[{\"@type\":\"ReadAction\",\"target\":[\"https:\/\/evertonfc.cz\/index.php\/2016\/09\/29\/phil-jagielka-o-obrane-pod-koemanom\/\"]}]},{\"@type\":\"ImageObject\",\"inLanguage\":\"cs\",\"@id\":\"https:\/\/evertonfc.cz\/index.php\/2016\/09\/29\/phil-jagielka-o-obrane-pod-koemanom\/#primaryimage\",\"url\":\"https:\/\/evertonfc.cz\/wp-content\/uploads\/2019\/05\/jagielka_4_5_2019.jpg\",\"contentUrl\":\"https:\/\/evertonfc.cz\/wp-content\/uploads\/2019\/05\/jagielka_4_5_2019.jpg\",\"width\":720,\"height\":405},{\"@type\":\"BreadcrumbList\",\"@id\":\"https:\/\/evertonfc.cz\/index.php\/2016\/09\/29\/phil-jagielka-o-obrane-pod-koemanom\/#breadcrumb\",\"itemListElement\":[{\"@type\":\"ListItem\",\"position\":1,\"name\":\"Home\",\"item\":\"https:\/\/evertonfc.cz\/\"},{\"@type\":\"ListItem\",\"position\":2,\"name\":\"Phil Jagielka o obrane pod Koemanom\"}]},{\"@type\":\"WebSite\",\"@id\":\"https:\/\/evertonfc.cz\/#website\",\"url\":\"https:\/\/evertonfc.cz\/\",\"name\":\"Official Czech &amp; Slovak Everton Supporters&#039; Club\",\"description\":\"\",\"publisher\":{\"@id\":\"https:\/\/evertonfc.cz\/#organization\"},\"potentialAction\":[{\"@type\":\"SearchAction\",\"target\":{\"@type\":\"EntryPoint\",\"urlTemplate\":\"https:\/\/evertonfc.cz\/?s={search_term_string}\"},\"query-input\":{\"@type\":\"PropertyValueSpecification\",\"valueRequired\":true,\"valueName\":\"search_term_string\"}}],\"inLanguage\":\"cs\"},{\"@type\":\"Organization\",\"@id\":\"https:\/\/evertonfc.cz\/#organization\",\"name\":\"Official Czech & Slovak Everton Supporters' Club\",\"url\":\"https:\/\/evertonfc.cz\/\",\"logo\":{\"@type\":\"ImageObject\",\"inLanguage\":\"cs\",\"@id\":\"https:\/\/evertonfc.cz\/#\/schema\/logo\/image\/\",\"url\":\"https:\/\/evertonfc.cz\/wp-content\/uploads\/2019\/05\/logo.png\",\"contentUrl\":\"https:\/\/evertonfc.cz\/wp-content\/uploads\/2019\/05\/logo.png\",\"width\":112,\"height\":112,\"caption\":\"Official Czech & Slovak Everton Supporters' Club\"},\"image\":{\"@id\":\"https:\/\/evertonfc.cz\/#\/schema\/logo\/image\/\"},\"sameAs\":[\"https:\/\/www.facebook.com\/everton.fans.cz.sk\"]},{\"@type\":\"Person\",\"@id\":\"https:\/\/evertonfc.cz\/#\/schema\/person\/d4493b8cbea51532597fbc4685698916\",\"name\":\"BlueBlooded\",\"url\":\"https:\/\/evertonfc.cz\/index.php\/author\/admin\/\"}]}<\/script>\n<!-- \/ Yoast SEO plugin. -->","yoast_head_json":{"title":"Phil Jagielka o obrane pod Koemanom - Official Czech &amp; Slovak Everton Supporters&#039; Club","robots":{"index":"index","follow":"follow","max-snippet":"max-snippet:-1","max-image-preview":"max-image-preview:large","max-video-preview":"max-video-preview:-1"},"canonical":"https:\/\/evertonfc.cz\/index.php\/2016\/09\/29\/phil-jagielka-o-obrane-pod-koemanom\/","og_locale":"cs_CZ","og_type":"article","og_title":"Phil Jagielka o obrane pod Koemanom - Official Czech &amp; Slovak Everton Supporters&#039; Club","og_description":"Kapit\u00e1n Karameliek sa rozhovoril pre\u00a0Liverpool Echo po\u010das podujatia Community Showcase. Okrem z\u00e1pasu s\u00a0Bournemouthom spomenul aj taktick\u00e9 zmeny pod veden\u00edm nov\u00e9ho&hellip;","og_url":"https:\/\/evertonfc.cz\/index.php\/2016\/09\/29\/phil-jagielka-o-obrane-pod-koemanom\/","og_site_name":"Official Czech &amp; Slovak Everton Supporters&#039; Club","article_publisher":"https:\/\/www.facebook.com\/everton.fans.cz.sk","article_published_time":"2016-09-29T17:41:46+00:00","article_modified_time":"2021-02-24T14:19:34+00:00","og_image":[{"width":720,"height":405,"url":"https:\/\/evertonfc.cz\/wp-content\/uploads\/2019\/05\/jagielka_4_5_2019.jpg","type":"image\/jpeg"}],"author":"BlueBlooded","twitter_card":"summary_large_image","twitter_misc":{"Napsal(a)":"BlueBlooded","Odhadovan\u00e1 doba \u010dten\u00ed":"3 minuty"},"schema":{"@context":"https:\/\/schema.org","@graph":[{"@type":"Article","@id":"https:\/\/evertonfc.cz\/index.php\/2016\/09\/29\/phil-jagielka-o-obrane-pod-koemanom\/#article","isPartOf":{"@id":"https:\/\/evertonfc.cz\/index.php\/2016\/09\/29\/phil-jagielka-o-obrane-pod-koemanom\/"},"author":{"name":"BlueBlooded","@id":"https:\/\/evertonfc.cz\/#\/schema\/person\/d4493b8cbea51532597fbc4685698916"},"headline":"Phil Jagielka o obrane pod Koemanom","datePublished":"2016-09-29T17:41:46+00:00","dateModified":"2021-02-24T14:19:34+00:00","mainEntityOfPage":{"@id":"https:\/\/evertonfc.cz\/index.php\/2016\/09\/29\/phil-jagielka-o-obrane-pod-koemanom\/"},"wordCount":785,"commentCount":0,"publisher":{"@id":"https:\/\/evertonfc.cz\/#organization"},"image":{"@id":"https:\/\/evertonfc.cz\/index.php\/2016\/09\/29\/phil-jagielka-o-obrane-pod-koemanom\/#primaryimage"},"thumbnailUrl":"https:\/\/evertonfc.cz\/wp-content\/uploads\/2019\/05\/jagielka_4_5_2019.jpg","articleSection":["Rozhovory"],"inLanguage":"cs","potentialAction":[{"@type":"CommentAction","name":"Comment","target":["https:\/\/evertonfc.cz\/index.php\/2016\/09\/29\/phil-jagielka-o-obrane-pod-koemanom\/#respond"]}]},{"@type":"WebPage","@id":"https:\/\/evertonfc.cz\/index.php\/2016\/09\/29\/phil-jagielka-o-obrane-pod-koemanom\/","url":"https:\/\/evertonfc.cz\/index.php\/2016\/09\/29\/phil-jagielka-o-obrane-pod-koemanom\/","name":"Phil Jagielka o obrane pod Koemanom - Official Czech &amp; Slovak Everton Supporters&#039; Club","isPartOf":{"@id":"https:\/\/evertonfc.cz\/#website"},"primaryImageOfPage":{"@id":"https:\/\/evertonfc.cz\/index.php\/2016\/09\/29\/phil-jagielka-o-obrane-pod-koemanom\/#primaryimage"},"image":{"@id":"https:\/\/evertonfc.cz\/index.php\/2016\/09\/29\/phil-jagielka-o-obrane-pod-koemanom\/#primaryimage"},"thumbnailUrl":"https:\/\/evertonfc.cz\/wp-content\/uploads\/2019\/05\/jagielka_4_5_2019.jpg","datePublished":"2016-09-29T17:41:46+00:00","dateModified":"2021-02-24T14:19:34+00:00","breadcrumb":{"@id":"https:\/\/evertonfc.cz\/index.php\/2016\/09\/29\/phil-jagielka-o-obrane-pod-koemanom\/#breadcrumb"},"inLanguage":"cs","potentialAction":[{"@type":"ReadAction","target":["https:\/\/evertonfc.cz\/index.php\/2016\/09\/29\/phil-jagielka-o-obrane-pod-koemanom\/"]}]},{"@type":"ImageObject","inLanguage":"cs","@id":"https:\/\/evertonfc.cz\/index.php\/2016\/09\/29\/phil-jagielka-o-obrane-pod-koemanom\/#primaryimage","url":"https:\/\/evertonfc.cz\/wp-content\/uploads\/2019\/05\/jagielka_4_5_2019.jpg","contentUrl":"https:\/\/evertonfc.cz\/wp-content\/uploads\/2019\/05\/jagielka_4_5_2019.jpg","width":720,"height":405},{"@type":"BreadcrumbList","@id":"https:\/\/evertonfc.cz\/index.php\/2016\/09\/29\/phil-jagielka-o-obrane-pod-koemanom\/#breadcrumb","itemListElement":[{"@type":"ListItem","position":1,"name":"Home","item":"https:\/\/evertonfc.cz\/"},{"@type":"ListItem","position":2,"name":"Phil Jagielka o obrane pod Koemanom"}]},{"@type":"WebSite","@id":"https:\/\/evertonfc.cz\/#website","url":"https:\/\/evertonfc.cz\/","name":"Official Czech &amp; Slovak Everton Supporters&#039; Club","description":"","publisher":{"@id":"https:\/\/evertonfc.cz\/#organization"},"potentialAction":[{"@type":"SearchAction","target":{"@type":"EntryPoint","urlTemplate":"https:\/\/evertonfc.cz\/?s={search_term_string}"},"query-input":{"@type":"PropertyValueSpecification","valueRequired":true,"valueName":"search_term_string"}}],"inLanguage":"cs"},{"@type":"Organization","@id":"https:\/\/evertonfc.cz\/#organization","name":"Official Czech & Slovak Everton Supporters' Club","url":"https:\/\/evertonfc.cz\/","logo":{"@type":"ImageObject","inLanguage":"cs","@id":"https:\/\/evertonfc.cz\/#\/schema\/logo\/image\/","url":"https:\/\/evertonfc.cz\/wp-content\/uploads\/2019\/05\/logo.png","contentUrl":"https:\/\/evertonfc.cz\/wp-content\/uploads\/2019\/05\/logo.png","width":112,"height":112,"caption":"Official Czech & Slovak Everton Supporters' Club"},"image":{"@id":"https:\/\/evertonfc.cz\/#\/schema\/logo\/image\/"},"sameAs":["https:\/\/www.facebook.com\/everton.fans.cz.sk"]},{"@type":"Person","@id":"https:\/\/evertonfc.cz\/#\/schema\/person\/d4493b8cbea51532597fbc4685698916","name":"BlueBlooded","url":"https:\/\/evertonfc.cz\/index.php\/author\/admin\/"}]}},"_links":{"self":[{"href":"https:\/\/evertonfc.cz\/index.php\/wp-json\/wp\/v2\/posts\/3510"}],"collection":[{"href":"https:\/\/evertonfc.cz\/index.php\/wp-json\/wp\/v2\/posts"}],"about":[{"href":"https:\/\/evertonfc.cz\/index.php\/wp-json\/wp\/v2\/types\/post"}],"author":[{"embeddable":true,"href":"https:\/\/evertonfc.cz\/index.php\/wp-json\/wp\/v2\/users\/1"}],"replies":[{"embeddable":true,"href":"https:\/\/evertonfc.cz\/index.php\/wp-json\/wp\/v2\/comments?post=3510"}],"version-history":[{"count":6,"href":"https:\/\/evertonfc.cz\/index.php\/wp-json\/wp\/v2\/posts\/3510\/revisions"}],"predecessor-version":[{"id":14344,"href":"https:\/\/evertonfc.cz\/index.php\/wp-json\/wp\/v2\/posts\/3510\/revisions\/14344"}],"wp:featuredmedia":[{"embeddable":true,"href":"https:\/\/evertonfc.cz\/index.php\/wp-json\/wp\/v2\/media\/7694"}],"wp:attachment":[{"href":"https:\/\/evertonfc.cz\/index.php\/wp-json\/wp\/v2\/media?parent=3510"}],"wp:term":[{"taxonomy":"category","embeddable":true,"href":"https:\/\/evertonfc.cz\/index.php\/wp-json\/wp\/v2\/categories?post=3510"},{"taxonomy":"post_tag","embeddable":true,"href":"https:\/\/evertonfc.cz\/index.php\/wp-json\/wp\/v2\/tags?post=3510"}],"curies":[{"name":"wp","href":"https:\/\/api.w.org\/{rel}","templated":true}]}}