{"id":3512,"date":"2016-09-29T19:42:59","date_gmt":"2016-09-29T17:42:59","guid":{"rendered":"http:\/\/evertonfc.cz\/?p=3512"},"modified":"2020-05-14T12:23:49","modified_gmt":"2020-05-14T10:23:49","slug":"cesko-slovensky-klub-podporovatelov-everton-fc-rocnik-2016-2017","status":"publish","type":"post","link":"https:\/\/evertonfc.cz\/index.php\/2016\/09\/29\/cesko-slovensky-klub-podporovatelov-everton-fc-rocnik-2016-2017\/","title":{"rendered":"\u010cesko &#8211; slovensk\u00fd klub podporovate\u013eov Everton FC, ro\u010dn\u00edk 2016 &#8211; 2017"},"content":{"rendered":"<h4 id=\"NewsPostDetailSummary\">Pred vy\u0161e 2 rokmi sme zalo\u017eili ofici\u00e1lny, klubom registrovan\u00fd a schv\u00e1len\u00fd \u010desko \u2013 slovensk\u00fd klub podporovate\u013eov Everton FC. Po dvoch rokoch pokra\u010dujeme v\u00a0pr\u00edprave na ro\u010dn\u00edk tret\u00ed.<\/h4>\n<div id=\"NewsPostDetailContent\">\n<p>Zalo\u017eenie ofici\u00e1lneho klubu podporovate\u013eov Everton F.C. predstavovalo \u010fal\u0161\u00ed krok v\u00a0rozvoji na\u0161ej \u010desko \u2013 slovenskej komunity priaznivcov Everton F.C. Hlavn\u00fdm mot\u00edvom pre pokra\u010dovanie v\u00a0ofici\u00e1lnej registr\u00e1cii n\u00e1\u0161ho klubu podporovate\u013eov je snaha aj touto malou kvapkou pom\u00f4c\u0165 Evertonu v\u00a0komer\u010dnej oblasti.<\/p>\n<p>Minul\u00fa sez\u00f3nu sme mali 26 \u010dlenov, budeme radi, ak sa na\u0161e rady znovu rozrast\u00fa o\u00a0\u010fal\u0161\u00edch \u010desk\u00fdch a\u00a0slovensk\u00fdch evertonians, \u010di u\u017e nov\u00fdch, alebo t\u00fdch ktor\u00ed sa zatia\u013e nedostali k\u00a0registr\u00e1cii po minul\u00e9 roky.<\/p>\n<h4><strong>Krit\u00e9ria pre obnovenie zahrani\u010dn\u00e9ho klubu podporovate\u013eov pre sez\u00f3nu 2016\/17<\/strong><\/h4>\n<p>1. Minim\u00e1lny po\u010det \u010dlenov pre sez\u00f3nu 2016\/2017 je 10, tak ako predo\u0161l\u00fa sez\u00f3nu.<\/p>\n<p>2. Vyplnenie a\u00a0odoslanie 2 potvrden\u00ed (o \u010dlenstve a\u00a0funkci\u00e1ch +\u00a0zoznam \u010dlenov).<\/p>\n<h4><strong>V\u00fdhody pre zahrani\u010dn\u00fd klub podporovate\u013eov pre sez\u00f3nu 2016\/2017<\/strong><\/h4>\n<p>1. Pr\u00edstup (samozrejme limitovan\u00fd dostupnos\u0165ou) k l\u00edstkom na v\u0161etky dom\u00e1ce ligov\u00e9 z\u00e1pasy a dom\u00e1ce poh\u00e1rov\u00e9 z\u00e1pasy Evertonu. Po\u010det l\u00edstkov, o\u00a0ktor\u00e9 by sme \u017eiadali na niektor\u00fd z\u00e1pas, nesmie prekro\u010di\u0165 po\u010det \u010dlenov fan klubu.<\/p>\n<p>2. Skupinov\u00e9 z\u013eavy na nasledovn\u00e9 z\u00e1pasy:<\/p>\n<p>\u2022 Everton v Swansea City &#8211; 19 november \u00a325 dospel\u00ed, \u00a312.50 mladistv\u00ed (15 rokov a\u00a0menej)<\/p>\n<p>\u2022 Everton v Bournemouth &#8211; 4 febru\u00e1r \u00a325 dospel\u00ed, \u00a312.50 mladistv\u00ed (15 rokov a\u00a0menej)<\/p>\n<p>\u2022 Everton v Hull &#8211; 18 marec \u00a325 dospel\u00ed, \u00a312.50 mladistv\u00ed (15 rokov a\u00a0menej)<\/p>\n<p>\u2022 Everton v Burnley &#8211; 15 apr\u00edl \u00a325 dospel\u00ed, \u00a35 mladistv\u00ed (15 rokov a\u00a0menej)<\/p>\n<p>4. Zahrnutie do akcie fan klubov Everton FC v de\u0148 z\u00e1pasu.<\/p>\n<p>5. Pozvanie na akcie a\u00a0aktivity exkluz\u00edvne organizovan\u00e9 pre kluby podporovate\u013eov.<\/p>\n<p>6. Certifik\u00e1t ofici\u00e1lneho klubu podporovate\u013eov (fan klubu) Everton F.C.<\/p>\n<p>7. Potvrdenie o\u00a0pr\u00e1ve pou\u017e\u00edva\u0165 logo klubu a\u00a0ostatn\u00e9 znaky vlastnen\u00e9 klubom na nekomer\u010dn\u00e9 \u00fa\u010dely.<\/p>\n<p>8. Zasielanie noviniek emailom.<\/p>\n<p>9. Zisk jedn\u00e9ho hr\u00e1\u010dmi EFC podp\u00edsan\u00e9ho suven\u00edru (o ten mus\u00edme po\u017eiada\u0165 do 3. 4. 2017). Suven\u00edry z minul\u00fdch sez\u00f3n sme s\u00edce neobdr\u017eali \ud83d\ude42 n\u00e1deje sa ale nevzd\u00e1vame a\u00a0budeme o\u00a0nich \u017eiada\u0165 \u010falej.<\/p>\n<p>10. Pr\u00edstup do online Internet Directory na ofici\u00e1lnej str\u00e1nke evertonfc.com.<\/p>\n<p>11. Z\u00e1stupcovia n\u00e1\u0161ho Supporter\u00b4s klubu sa bud\u00fa m\u00f4c\u0165 z\u00fa\u010dastni\u0165 15. apr\u00edla \u201eflag parade\u201c (z\u00e1stupca SC s\u00a0jeho vlajkou prejde s\u00a0ostatn\u00fdmi \u010destn\u00e9 kole\u010dko v\u00a0Goodison Parku).<\/p>\n<p>12. Mo\u017enos\u0165 \u00a0z\u00fa\u010dastni\u0165 sa \u00a0Everton Football Club Supporters\u2019 Club Tour, klubom organizovan\u00fa akciu \u201eHr\u00e1\u010d sez\u00f3ny Everton F.C.\u201c, viano\u010dn\u00fa akciu fan klubov EFC a\u00a0nav\u0161t\u00edvi\u0165 Finch Farm ako klub podporovate\u013eov.<\/p>\n<p><strong>1. \u00a0 Inform\u00e1cia pre \u010dlenov CS fan klubu Evertonu, teda t\u00fdch z\u00a0V\u00e1s, ktor\u00ed ste boli \u010dlenmi ofici\u00e1lneho klubu podporovate\u013eov EFC v\u00a0minulej sez\u00f3ne: <\/strong><\/p>\n<p>&#8211; \u00a0 Ke\u010f\u017ee u\u017e m\u00e1me od aktu\u00e1lnych 26 \u010dlenov v\u0161etky potrebn\u00e9 d\u00e1ta, tento rok nebudeme nah\u00e1\u0148a\u0165 t\u00fdch ist\u00fdch \u013eud\u00ed, aby poslal svoje d\u00e1ta, ke\u010f\u017ee v\u00a0drvivej v\u00e4\u010d\u0161ine p\u00f4jde o\u00a0tie ist\u00e9 inform\u00e1cie. Preto &#8211; \u010desk\u00ed a\u00a0slovensk\u00ed fan\u00fa\u0161ikovia EFC, ktor\u00ed ste n\u00e1m poslali svoje inform\u00e1cie pre \u010dlenstvo v\u00a0klube podporovate\u013eov EFC na za\u010diatku minulej sez\u00f3ny, nemus\u00edte posiela\u0165 \u017eiaden e-mail.\u00a0<strong>Nezaslanie emailu bude pova\u017eovan\u00e9 automaticky za s\u00fahlas s\u00a0pred\u013a\u017een\u00edm \u010dlenstva<\/strong><strong> v\u00a0\u010desko \u2013 slovenskom klube podporovate\u013eov EFC na sez\u00f3nu 2016 &#8211; 17. <\/strong><\/p>\n<p>&#8211; \u00a0 Naopak, ak si niekto z\u00a0V\u00e1s <strong>nepraje <\/strong><strong>pred\u013a\u017ei\u0165 \u010dlenstvo<\/strong>, <strong>po\u0161lite n\u00e1m mail <\/strong>s\u00a0takouto po\u017eiadavkou na <a href=\"mailto:czskevertonians@gmail.com\">czskevertonians@gmail.com<\/a><strong>.<\/strong><\/p>\n<p><strong>&#8211; \u00a0 Ak chcete by\u0165 \u010dlenom aj na\u010falej, len sa V\u00e1m zmenili \u00fadaje <\/strong>(niektor\u00e9 z\u00a0t\u00fdch, ktor\u00e9 s\u00fa uveden\u00e9 ni\u017e\u0161ie pre nov\u00fdch \u010dlenov; napr\u00edklad ste sa pres\u0165ahovali), po\u0161lite n\u00e1m email s\u00a0Va\u0161imi aktu\u00e1lnymi \u00fadajmi.<\/p>\n<p><strong>2. \u00a0 Inform\u00e1cia pre nov\u00fdch z\u00e1ujemcov o\u00a0\u010dlenstvo:<\/strong><\/p>\n<p><strong>Nov\u00fdch, doposia\u013e neregistrovan\u00fdch z\u00e1ujemcov o\u00a0\u010dlenstvo <\/strong>pros\u00edme, aby do 14. 9. 2016<strong> poslali potvrdzuj\u00faci email<\/strong> na <strong>czskevertonians@gmail.com<\/strong>. V\u00a0emaili pros\u00edm uve\u010fte tieto inform\u00e1cie (ozna\u010den\u00e9 hviezdi\u010dkou s\u00fa povinn\u00e9):<\/p>\n<p><strong>Customer number (spotrebite\u013esk\u00e9 \u010d\u00edslo):*<br \/>\nTitul:<br \/>\nMeno a priezvisko:*<br \/>\nPohlavie:<br \/>\nAdresa (ulica, mesto, PS\u010c, \u0161t\u00e1t):*<br \/>\nEmailov\u00e1 adresa:<br \/>\nTelef\u00f3n:<br \/>\nMobil:<br \/>\nD\u00e1tum narodenia:*<br \/>\nPosielanie inform\u00e1cie a\u00a0pon\u00fak Everton F.C. na email:*<\/strong> Ano \/ Ne<\/p>\n<p>Bude fajn ak k\u00a0svojmu menu pre n\u00e1s nap\u00ed\u0161ete aj V\u00e1\u0161 nick, ktor\u00ed pou\u017e\u00edvate na na\u0161ej str\u00e1nke, ale nie je to nutn\u00e9.<\/p>\n<p><strong>Nov\u00ed\u010dikovia pozor! Customer number (spotrebite\u013esk\u00e9 \u010d\u00edslo) je povinn\u00fd \u00fadaj<\/strong>, mus\u00edte ho vyplni\u0165. M\u00e1 ho ka\u017ed\u00fd, kto si niekedy k\u00fapil l\u00edstok na z\u00e1pas (\u010d\u00edslo je nap\u00edsan\u00e9 na l\u00edstku), alebo si k\u00fapil \u010dlenstvo v ofici\u00e1lnom fan klube pre individu\u00e1lnych \u010dlenov FOREVERTON, alebo ste absolvovali prehliadku Goodison Parku, ale ste si niekedy k\u00fapili cez str\u00e1nku EFC suven\u00edr.<\/p>\n<p>V pr\u00edpade straty Customer number v\u00e1m bude jeho \u010d\u00edslo povedan\u00e9 na \u010d\u00edsle Everton Fan Center na \u010d\u00edsle 0044 871 663 1878, alebo ho z\u00edskate registr\u00e1ciou na\u00a0<a href=\"http:\/\/eticketing.evertonfc.com\/PagesPublic\/Home\/home.aspx\" target=\"_blank\" rel=\"noopener noreferrer\"><strong>e-ticketingu<\/strong><\/a>.<\/p>\n<p>Pre riadny Supporter\u00b4s club potrebujeme e\u0161te form\u00e1lne obsadi\u0165 3 funkcie. S\u00fa zatia\u013e \u00faplne form\u00e1lne, neplyn\u00fa z\u00a0nich takmer \u017eiadne z\u00e1v\u00e4zky (a\u017e na potrebu zasla\u0165 v\u00a0polovici sez\u00f3ny update \u00fadajov o\u00a0\u010dlenoch a\u00a0p\u00e1r kr\u00e1t zareagova\u0165 na p\u00e1r emailov, \u010do je ale mali\u010dkos\u0165), ale ani \u017eiadne v\u00fdhody.<\/p>\n<p>N\u00e1vrh pre sez\u00f3nu 2016\/17 znie:<\/p>\n<p>p\u0159edseda \u2013 Everton1878<\/p>\n<p>tajemn\u00edk \u2013\u00a0Javor<\/p>\n<p>pokladn\u00edk \u2013\u00a0Blueblooded.<\/p>\n<p>Pros\u00edm nap\u00ed\u0161te V\u00e1\u0161 s\u00fahlas, pr\u00edpadne nes\u00fahlas s\u00a0nomin\u00e1ciami do diskusie pod \u010dl\u00e1nok. Tak isto ak by ste sa chceli vyjadri\u0165 aj k\u00a0inej veci v\u00a0r\u00e1mci n\u00e1\u0161ho klubu podporovate\u013eov EFC, p\u00ed\u0161te do diskusie. O\u00a0obdr\u017ean\u00ed ofici\u00e1lneho certifik\u00e1tu o\u00a0CS klube podporovate\u013eov EFC V\u00e1s budeme informova\u0165.<\/p>\n<h4><strong>AKTUALIZOVAN\u00c9<\/strong><\/h4>\n<p><strong>D\u0148a 25.9. sme odoslali aktualizovan\u00fd zoznam \u010dlenov s kontaktmi pre sez\u00f3nu 2016\/17, spolu s 2 podp\u00edsan\u00fdmi dokumentmi s uveden\u00edm obsadenia funkci\u00ed v Czech and Slovak Everton Supporters\u00b4Club (\u010do bolo potrebn\u00e9 pre registr\u00e1ciu). O schv\u00e1len\u00ed n\u00e1\u0161ho SC a zaregistrovan\u00ed zo strany klubu V\u00e1s budeme informova\u0165. <\/strong><\/p>\n<\/div>\n","protected":false},"excerpt":{"rendered":"<p>Pred vy\u0161e 2 rokmi sme zalo\u017eili ofici\u00e1lny, klubom registrovan\u00fd a schv\u00e1len\u00fd \u010desko \u2013 slovensk\u00fd klub podporovate\u013eov Everton FC. Po dvoch&hellip;<\/p>\n","protected":false},"author":23,"featured_media":1313,"comment_status":"open","ping_status":"closed","sticky":false,"template":"","format":"standard","meta":{"_eb_attr":"","_monsterinsights_skip_tracking":false,"_monsterinsights_sitenote_active":false,"_monsterinsights_sitenote_note":"","_monsterinsights_sitenote_category":0,"footnotes":""},"categories":[85],"tags":[],"yoast_head":"<!-- This site is optimized with the Yoast SEO plugin v23.4 - https:\/\/yoast.com\/wordpress\/plugins\/seo\/ -->\n<title>\u010cesko - slovensk\u00fd klub podporovate\u013eov Everton FC, ro\u010dn\u00edk 2016 - 2017 - Official Czech &amp; Slovak Everton Supporters&#039; Club<\/title>\n<meta name=\"robots\" content=\"index, follow, max-snippet:-1, max-image-preview:large, max-video-preview:-1\" \/>\n<link rel=\"canonical\" href=\"https:\/\/evertonfc.cz\/index.php\/2016\/09\/29\/cesko-slovensky-klub-podporovatelov-everton-fc-rocnik-2016-2017\/\" \/>\n<meta property=\"og:locale\" content=\"cs_CZ\" \/>\n<meta property=\"og:type\" content=\"article\" \/>\n<meta property=\"og:title\" content=\"\u010cesko - slovensk\u00fd klub podporovate\u013eov Everton FC, ro\u010dn\u00edk 2016 - 2017 - Official Czech &amp; Slovak Everton Supporters&#039; Club\" \/>\n<meta property=\"og:description\" content=\"Pred vy\u0161e 2 rokmi sme zalo\u017eili ofici\u00e1lny, klubom registrovan\u00fd a schv\u00e1len\u00fd \u010desko \u2013 slovensk\u00fd klub podporovate\u013eov Everton FC. Po dvoch&hellip;\" \/>\n<meta property=\"og:url\" content=\"https:\/\/evertonfc.cz\/index.php\/2016\/09\/29\/cesko-slovensky-klub-podporovatelov-everton-fc-rocnik-2016-2017\/\" \/>\n<meta property=\"og:site_name\" content=\"Official Czech &amp; Slovak Everton Supporters&#039; Club\" \/>\n<meta property=\"article:publisher\" content=\"https:\/\/www.facebook.com\/everton.fans.cz.sk\" \/>\n<meta property=\"article:published_time\" content=\"2016-09-29T17:42:59+00:00\" \/>\n<meta property=\"article:modified_time\" content=\"2020-05-14T10:23:49+00:00\" \/>\n<meta property=\"og:image\" content=\"https:\/\/evertonfc.cz\/wp-content\/uploads\/2019\/01\/news.jpg\" \/>\n\t<meta property=\"og:image:width\" content=\"720\" \/>\n\t<meta property=\"og:image:height\" content=\"405\" \/>\n\t<meta property=\"og:image:type\" content=\"image\/jpeg\" \/>\n<meta name=\"author\" content=\"Everton1878\" \/>\n<meta name=\"twitter:card\" content=\"summary_large_image\" \/>\n<meta name=\"twitter:label1\" content=\"Napsal(a)\" \/>\n\t<meta name=\"twitter:data1\" content=\"Everton1878\" \/>\n\t<meta name=\"twitter:label2\" content=\"Odhadovan\u00e1 doba \u010dten\u00ed\" \/>\n\t<meta name=\"twitter:data2\" content=\"5 minut\" \/>\n<script type=\"application\/ld+json\" class=\"yoast-schema-graph\">{\"@context\":\"https:\/\/schema.org\",\"@graph\":[{\"@type\":\"Article\",\"@id\":\"https:\/\/evertonfc.cz\/index.php\/2016\/09\/29\/cesko-slovensky-klub-podporovatelov-everton-fc-rocnik-2016-2017\/#article\",\"isPartOf\":{\"@id\":\"https:\/\/evertonfc.cz\/index.php\/2016\/09\/29\/cesko-slovensky-klub-podporovatelov-everton-fc-rocnik-2016-2017\/\"},\"author\":{\"name\":\"Everton1878\",\"@id\":\"https:\/\/evertonfc.cz\/#\/schema\/person\/c495ad9c14eabaab7ff243473d85758c\"},\"headline\":\"\u010cesko &#8211; slovensk\u00fd klub podporovate\u013eov Everton FC, ro\u010dn\u00edk 2016 &#8211; 2017\",\"datePublished\":\"2016-09-29T17:42:59+00:00\",\"dateModified\":\"2020-05-14T10:23:49+00:00\",\"mainEntityOfPage\":{\"@id\":\"https:\/\/evertonfc.cz\/index.php\/2016\/09\/29\/cesko-slovensky-klub-podporovatelov-everton-fc-rocnik-2016-2017\/\"},\"wordCount\":1056,\"commentCount\":0,\"publisher\":{\"@id\":\"https:\/\/evertonfc.cz\/#organization\"},\"image\":{\"@id\":\"https:\/\/evertonfc.cz\/index.php\/2016\/09\/29\/cesko-slovensky-klub-podporovatelov-everton-fc-rocnik-2016-2017\/#primaryimage\"},\"thumbnailUrl\":\"https:\/\/evertonfc.cz\/wp-content\/uploads\/2019\/01\/news.jpg\",\"articleSection\":[\"Supporters' Club\"],\"inLanguage\":\"cs\",\"potentialAction\":[{\"@type\":\"CommentAction\",\"name\":\"Comment\",\"target\":[\"https:\/\/evertonfc.cz\/index.php\/2016\/09\/29\/cesko-slovensky-klub-podporovatelov-everton-fc-rocnik-2016-2017\/#respond\"]}]},{\"@type\":\"WebPage\",\"@id\":\"https:\/\/evertonfc.cz\/index.php\/2016\/09\/29\/cesko-slovensky-klub-podporovatelov-everton-fc-rocnik-2016-2017\/\",\"url\":\"https:\/\/evertonfc.cz\/index.php\/2016\/09\/29\/cesko-slovensky-klub-podporovatelov-everton-fc-rocnik-2016-2017\/\",\"name\":\"\u010cesko - slovensk\u00fd klub podporovate\u013eov Everton FC, ro\u010dn\u00edk 2016 - 2017 - Official Czech &amp; Slovak Everton Supporters&#039; Club\",\"isPartOf\":{\"@id\":\"https:\/\/evertonfc.cz\/#website\"},\"primaryImageOfPage\":{\"@id\":\"https:\/\/evertonfc.cz\/index.php\/2016\/09\/29\/cesko-slovensky-klub-podporovatelov-everton-fc-rocnik-2016-2017\/#primaryimage\"},\"image\":{\"@id\":\"https:\/\/evertonfc.cz\/index.php\/2016\/09\/29\/cesko-slovensky-klub-podporovatelov-everton-fc-rocnik-2016-2017\/#primaryimage\"},\"thumbnailUrl\":\"https:\/\/evertonfc.cz\/wp-content\/uploads\/2019\/01\/news.jpg\",\"datePublished\":\"2016-09-29T17:42:59+00:00\",\"dateModified\":\"2020-05-14T10:23:49+00:00\",\"breadcrumb\":{\"@id\":\"https:\/\/evertonfc.cz\/index.php\/2016\/09\/29\/cesko-slovensky-klub-podporovatelov-everton-fc-rocnik-2016-2017\/#breadcrumb\"},\"inLanguage\":\"cs\",\"potentialAction\":[{\"@type\":\"ReadAction\",\"target\":[\"https:\/\/evertonfc.cz\/index.php\/2016\/09\/29\/cesko-slovensky-klub-podporovatelov-everton-fc-rocnik-2016-2017\/\"]}]},{\"@type\":\"ImageObject\",\"inLanguage\":\"cs\",\"@id\":\"https:\/\/evertonfc.cz\/index.php\/2016\/09\/29\/cesko-slovensky-klub-podporovatelov-everton-fc-rocnik-2016-2017\/#primaryimage\",\"url\":\"https:\/\/evertonfc.cz\/wp-content\/uploads\/2019\/01\/news.jpg\",\"contentUrl\":\"https:\/\/evertonfc.cz\/wp-content\/uploads\/2019\/01\/news.jpg\",\"width\":720,\"height\":405},{\"@type\":\"BreadcrumbList\",\"@id\":\"https:\/\/evertonfc.cz\/index.php\/2016\/09\/29\/cesko-slovensky-klub-podporovatelov-everton-fc-rocnik-2016-2017\/#breadcrumb\",\"itemListElement\":[{\"@type\":\"ListItem\",\"position\":1,\"name\":\"Home\",\"item\":\"https:\/\/evertonfc.cz\/\"},{\"@type\":\"ListItem\",\"position\":2,\"name\":\"\u010cesko &#8211; slovensk\u00fd klub podporovate\u013eov Everton FC, ro\u010dn\u00edk 2016 &#8211; 2017\"}]},{\"@type\":\"WebSite\",\"@id\":\"https:\/\/evertonfc.cz\/#website\",\"url\":\"https:\/\/evertonfc.cz\/\",\"name\":\"Official Czech &amp; Slovak Everton Supporters&#039; Club\",\"description\":\"\",\"publisher\":{\"@id\":\"https:\/\/evertonfc.cz\/#organization\"},\"potentialAction\":[{\"@type\":\"SearchAction\",\"target\":{\"@type\":\"EntryPoint\",\"urlTemplate\":\"https:\/\/evertonfc.cz\/?s={search_term_string}\"},\"query-input\":{\"@type\":\"PropertyValueSpecification\",\"valueRequired\":true,\"valueName\":\"search_term_string\"}}],\"inLanguage\":\"cs\"},{\"@type\":\"Organization\",\"@id\":\"https:\/\/evertonfc.cz\/#organization\",\"name\":\"Official Czech & Slovak Everton Supporters' Club\",\"url\":\"https:\/\/evertonfc.cz\/\",\"logo\":{\"@type\":\"ImageObject\",\"inLanguage\":\"cs\",\"@id\":\"https:\/\/evertonfc.cz\/#\/schema\/logo\/image\/\",\"url\":\"https:\/\/evertonfc.cz\/wp-content\/uploads\/2019\/05\/logo.png\",\"contentUrl\":\"https:\/\/evertonfc.cz\/wp-content\/uploads\/2019\/05\/logo.png\",\"width\":112,\"height\":112,\"caption\":\"Official Czech & Slovak Everton Supporters' Club\"},\"image\":{\"@id\":\"https:\/\/evertonfc.cz\/#\/schema\/logo\/image\/\"},\"sameAs\":[\"https:\/\/www.facebook.com\/everton.fans.cz.sk\"]},{\"@type\":\"Person\",\"@id\":\"https:\/\/evertonfc.cz\/#\/schema\/person\/c495ad9c14eabaab7ff243473d85758c\",\"name\":\"Everton1878\",\"url\":\"https:\/\/evertonfc.cz\/index.php\/author\/everton1878\/\"}]}<\/script>\n<!-- \/ Yoast SEO plugin. -->","yoast_head_json":{"title":"\u010cesko - slovensk\u00fd klub podporovate\u013eov Everton FC, ro\u010dn\u00edk 2016 - 2017 - Official Czech &amp; Slovak Everton Supporters&#039; Club","robots":{"index":"index","follow":"follow","max-snippet":"max-snippet:-1","max-image-preview":"max-image-preview:large","max-video-preview":"max-video-preview:-1"},"canonical":"https:\/\/evertonfc.cz\/index.php\/2016\/09\/29\/cesko-slovensky-klub-podporovatelov-everton-fc-rocnik-2016-2017\/","og_locale":"cs_CZ","og_type":"article","og_title":"\u010cesko - slovensk\u00fd klub podporovate\u013eov Everton FC, ro\u010dn\u00edk 2016 - 2017 - Official Czech &amp; Slovak Everton Supporters&#039; Club","og_description":"Pred vy\u0161e 2 rokmi sme zalo\u017eili ofici\u00e1lny, klubom registrovan\u00fd a schv\u00e1len\u00fd \u010desko \u2013 slovensk\u00fd klub podporovate\u013eov Everton FC. Po dvoch&hellip;","og_url":"https:\/\/evertonfc.cz\/index.php\/2016\/09\/29\/cesko-slovensky-klub-podporovatelov-everton-fc-rocnik-2016-2017\/","og_site_name":"Official Czech &amp; Slovak Everton Supporters&#039; Club","article_publisher":"https:\/\/www.facebook.com\/everton.fans.cz.sk","article_published_time":"2016-09-29T17:42:59+00:00","article_modified_time":"2020-05-14T10:23:49+00:00","og_image":[{"width":720,"height":405,"url":"https:\/\/evertonfc.cz\/wp-content\/uploads\/2019\/01\/news.jpg","type":"image\/jpeg"}],"author":"Everton1878","twitter_card":"summary_large_image","twitter_misc":{"Napsal(a)":"Everton1878","Odhadovan\u00e1 doba \u010dten\u00ed":"5 minut"},"schema":{"@context":"https:\/\/schema.org","@graph":[{"@type":"Article","@id":"https:\/\/evertonfc.cz\/index.php\/2016\/09\/29\/cesko-slovensky-klub-podporovatelov-everton-fc-rocnik-2016-2017\/#article","isPartOf":{"@id":"https:\/\/evertonfc.cz\/index.php\/2016\/09\/29\/cesko-slovensky-klub-podporovatelov-everton-fc-rocnik-2016-2017\/"},"author":{"name":"Everton1878","@id":"https:\/\/evertonfc.cz\/#\/schema\/person\/c495ad9c14eabaab7ff243473d85758c"},"headline":"\u010cesko &#8211; slovensk\u00fd klub podporovate\u013eov Everton FC, ro\u010dn\u00edk 2016 &#8211; 2017","datePublished":"2016-09-29T17:42:59+00:00","dateModified":"2020-05-14T10:23:49+00:00","mainEntityOfPage":{"@id":"https:\/\/evertonfc.cz\/index.php\/2016\/09\/29\/cesko-slovensky-klub-podporovatelov-everton-fc-rocnik-2016-2017\/"},"wordCount":1056,"commentCount":0,"publisher":{"@id":"https:\/\/evertonfc.cz\/#organization"},"image":{"@id":"https:\/\/evertonfc.cz\/index.php\/2016\/09\/29\/cesko-slovensky-klub-podporovatelov-everton-fc-rocnik-2016-2017\/#primaryimage"},"thumbnailUrl":"https:\/\/evertonfc.cz\/wp-content\/uploads\/2019\/01\/news.jpg","articleSection":["Supporters' Club"],"inLanguage":"cs","potentialAction":[{"@type":"CommentAction","name":"Comment","target":["https:\/\/evertonfc.cz\/index.php\/2016\/09\/29\/cesko-slovensky-klub-podporovatelov-everton-fc-rocnik-2016-2017\/#respond"]}]},{"@type":"WebPage","@id":"https:\/\/evertonfc.cz\/index.php\/2016\/09\/29\/cesko-slovensky-klub-podporovatelov-everton-fc-rocnik-2016-2017\/","url":"https:\/\/evertonfc.cz\/index.php\/2016\/09\/29\/cesko-slovensky-klub-podporovatelov-everton-fc-rocnik-2016-2017\/","name":"\u010cesko - slovensk\u00fd klub podporovate\u013eov Everton FC, ro\u010dn\u00edk 2016 - 2017 - Official Czech &amp; Slovak Everton Supporters&#039; Club","isPartOf":{"@id":"https:\/\/evertonfc.cz\/#website"},"primaryImageOfPage":{"@id":"https:\/\/evertonfc.cz\/index.php\/2016\/09\/29\/cesko-slovensky-klub-podporovatelov-everton-fc-rocnik-2016-2017\/#primaryimage"},"image":{"@id":"https:\/\/evertonfc.cz\/index.php\/2016\/09\/29\/cesko-slovensky-klub-podporovatelov-everton-fc-rocnik-2016-2017\/#primaryimage"},"thumbnailUrl":"https:\/\/evertonfc.cz\/wp-content\/uploads\/2019\/01\/news.jpg","datePublished":"2016-09-29T17:42:59+00:00","dateModified":"2020-05-14T10:23:49+00:00","breadcrumb":{"@id":"https:\/\/evertonfc.cz\/index.php\/2016\/09\/29\/cesko-slovensky-klub-podporovatelov-everton-fc-rocnik-2016-2017\/#breadcrumb"},"inLanguage":"cs","potentialAction":[{"@type":"ReadAction","target":["https:\/\/evertonfc.cz\/index.php\/2016\/09\/29\/cesko-slovensky-klub-podporovatelov-everton-fc-rocnik-2016-2017\/"]}]},{"@type":"ImageObject","inLanguage":"cs","@id":"https:\/\/evertonfc.cz\/index.php\/2016\/09\/29\/cesko-slovensky-klub-podporovatelov-everton-fc-rocnik-2016-2017\/#primaryimage","url":"https:\/\/evertonfc.cz\/wp-content\/uploads\/2019\/01\/news.jpg","contentUrl":"https:\/\/evertonfc.cz\/wp-content\/uploads\/2019\/01\/news.jpg","width":720,"height":405},{"@type":"BreadcrumbList","@id":"https:\/\/evertonfc.cz\/index.php\/2016\/09\/29\/cesko-slovensky-klub-podporovatelov-everton-fc-rocnik-2016-2017\/#breadcrumb","itemListElement":[{"@type":"ListItem","position":1,"name":"Home","item":"https:\/\/evertonfc.cz\/"},{"@type":"ListItem","position":2,"name":"\u010cesko &#8211; slovensk\u00fd klub podporovate\u013eov Everton FC, ro\u010dn\u00edk 2016 &#8211; 2017"}]},{"@type":"WebSite","@id":"https:\/\/evertonfc.cz\/#website","url":"https:\/\/evertonfc.cz\/","name":"Official Czech &amp; Slovak Everton Supporters&#039; Club","description":"","publisher":{"@id":"https:\/\/evertonfc.cz\/#organization"},"potentialAction":[{"@type":"SearchAction","target":{"@type":"EntryPoint","urlTemplate":"https:\/\/evertonfc.cz\/?s={search_term_string}"},"query-input":{"@type":"PropertyValueSpecification","valueRequired":true,"valueName":"search_term_string"}}],"inLanguage":"cs"},{"@type":"Organization","@id":"https:\/\/evertonfc.cz\/#organization","name":"Official Czech & Slovak Everton Supporters' Club","url":"https:\/\/evertonfc.cz\/","logo":{"@type":"ImageObject","inLanguage":"cs","@id":"https:\/\/evertonfc.cz\/#\/schema\/logo\/image\/","url":"https:\/\/evertonfc.cz\/wp-content\/uploads\/2019\/05\/logo.png","contentUrl":"https:\/\/evertonfc.cz\/wp-content\/uploads\/2019\/05\/logo.png","width":112,"height":112,"caption":"Official Czech & Slovak Everton Supporters' Club"},"image":{"@id":"https:\/\/evertonfc.cz\/#\/schema\/logo\/image\/"},"sameAs":["https:\/\/www.facebook.com\/everton.fans.cz.sk"]},{"@type":"Person","@id":"https:\/\/evertonfc.cz\/#\/schema\/person\/c495ad9c14eabaab7ff243473d85758c","name":"Everton1878","url":"https:\/\/evertonfc.cz\/index.php\/author\/everton1878\/"}]}},"_links":{"self":[{"href":"https:\/\/evertonfc.cz\/index.php\/wp-json\/wp\/v2\/posts\/3512"}],"collection":[{"href":"https:\/\/evertonfc.cz\/index.php\/wp-json\/wp\/v2\/posts"}],"about":[{"href":"https:\/\/evertonfc.cz\/index.php\/wp-json\/wp\/v2\/types\/post"}],"author":[{"embeddable":true,"href":"https:\/\/evertonfc.cz\/index.php\/wp-json\/wp\/v2\/users\/23"}],"replies":[{"embeddable":true,"href":"https:\/\/evertonfc.cz\/index.php\/wp-json\/wp\/v2\/comments?post=3512"}],"version-history":[{"count":4,"href":"https:\/\/evertonfc.cz\/index.php\/wp-json\/wp\/v2\/posts\/3512\/revisions"}],"predecessor-version":[{"id":7035,"href":"https:\/\/evertonfc.cz\/index.php\/wp-json\/wp\/v2\/posts\/3512\/revisions\/7035"}],"wp:featuredmedia":[{"embeddable":true,"href":"https:\/\/evertonfc.cz\/index.php\/wp-json\/wp\/v2\/media\/1313"}],"wp:attachment":[{"href":"https:\/\/evertonfc.cz\/index.php\/wp-json\/wp\/v2\/media?parent=3512"}],"wp:term":[{"taxonomy":"category","embeddable":true,"href":"https:\/\/evertonfc.cz\/index.php\/wp-json\/wp\/v2\/categories?post=3512"},{"taxonomy":"post_tag","embeddable":true,"href":"https:\/\/evertonfc.cz\/index.php\/wp-json\/wp\/v2\/tags?post=3512"}],"curies":[{"name":"wp","href":"https:\/\/api.w.org\/{rel}","templated":true}]}}