{"id":3516,"date":"2016-09-23T19:47:24","date_gmt":"2016-09-23T17:47:24","guid":{"rendered":"http:\/\/evertonfc.cz\/?p=3516"},"modified":"2023-05-27T19:48:42","modified_gmt":"2023-05-27T17:48:42","slug":"preview-bournemouth-everton-3","status":"publish","type":"post","link":"https:\/\/evertonfc.cz\/index.php\/2016\/09\/23\/preview-bournemouth-everton-3\/","title":{"rendered":"Preview: Bournemouth &#8211; Everton"},"content":{"rendered":"<h4 id=\"NewsPostDetailSummary\">V \u0161est\u00e9m kole Everton zaj\u00ed\u017ed\u00ed do p\u0159\u00edmo\u0159sk\u00e9ho letoviska na jihu Anglie, nicm\u00e9n\u011b kr\u00e1sy tam\u011bj\u0161\u00ed rekrea\u010dn\u00ed oblasti p\u016fjdou stranou, fanou\u0161ky zaj\u00edm\u00e1, jak mu\u017estvo zareaguje na prvn\u00ed prohru v sez\u00f3n\u011b.<\/h4>\n<div id=\"NewsPostDetailContent\">\n<p>Ronald Koeman se v \u00fater\u00fd rozhodl pro rotaci sestavy, kdy\u017e v poh\u00e1rov\u00e9m utk\u00e1n\u00ed s Norwichem provedl hned \u0161est zm\u011bn. V\u00fdsledkem byla prohra 0:2 a vypadnut\u00ed z EFL Cupu, i tak Holan\u010fan sv\u016fj krok nezatracoval, sp\u00edlal hlavn\u011b \u0161patn\u00e9 koncovce sv\u00fdch sv\u011b\u0159enc\u016f. Deulofeu, Barkley a Valencia rozhodn\u011b m\u011bli vyt\u011b\u017eit v\u00edce z \u0161anc\u00ed, do nich\u017e se dostali, o tom nelze pochybovat. Diskutovat lze o d\u016fvodu utr\u00e1pen\u00e9 fin\u00e1ln\u00ed f\u00e1ze \u2013 chyb\u011bj\u00edc\u00ed pov\u011bstn\u00e9 \u0161t\u011bst\u00ed, \u010di nedostate\u010dn\u00e1 kvalita zakon\u010dovatel\u016f? Volil bych mo\u017enost B.<\/p>\n<p>Souboj s Canaries nast\u00ednil, \u017ee aktu\u00e1ln\u011b nejlep\u0161\u00ed jeden\u00e1ctka Toffees se rozhodn\u011b rovn\u00e1 t\u00e9 ze sobotn\u00edho duelu s Middlesbrough. Se zlep\u0161en\u00fdm zdravotn\u00edm stavem Romela Lukaka, kter\u00fd pravd\u011bpodobn\u011b bude p\u0159ipraven po men\u0161\u00edch zdravotn\u00edch probl\u00e9mech s palcem noze, se tedy z\u00e1kladn\u00ed sestava na sobotu p\u0159edpov\u00edd\u00e1 lehce. Mana\u017eer by mohl pouze v\u00e1hat s nasazen\u00edm Rosse Barkleyho, z\u00e1lo\u017en\u00edk se v \u00favodu ro\u010dn\u00edku pot\u00fdk\u00e1 s v\u00fdkyvy formy. Barkley v t\u00fddnu op\u011bt zklamal, jen\u017ee jeho p\u0159\u00edm\u00e1 n\u00e1hrada se v k\u00e1dru nenach\u00e1z\u00ed, a proto\u017ee nezaz\u00e1\u0159il ani Deulofeu, jedinou re\u00e1lnou alternativu p\u0159edstavuje Aaron Lennon s podm\u00ednkou p\u0159esunu Kevina Mirallase na podhrotovou pozici a Yannicka Bolasieho na lev\u00e9 k\u0159\u00eddlo.<\/p>\n<p>Na marodce Evertonu st\u00e1le pob\u00fdvaj\u00ed dlouhodob\u011b indisponovan\u00ed Momo Be\u0161i\u0107 a Matthew Pennington. James McCarthy a Darron Gibson budou k dispozici a\u017e po reprezenta\u010dn\u00ed p\u0159est\u00e1vce v \u0159\u00edjnu. Dobrou zpr\u00e1vu je n\u00e1vrat Tyiase Browninga k tr\u00e9ninku s prvn\u00edm t\u00fdmem, p\u0159i\u010dem\u017e do z\u00e1pasov\u00e9 kondice mu je\u0161t\u011b p\u00e1r t\u00fddn\u016f chyb\u00ed. Prav\u00fd obr\u00e1nce nebo stoper si v lo\u0148sk\u00e9m prosinci v\u00e1\u017en\u011b poranil koleno a musel podstoupit operaci.<\/p>\n<h4>Soupe\u0159<\/h4>\n<p>Eddie Howe \u017e\u00e1dn\u00e9 bol\u00edstky \u0159e\u0161it nemus\u00ed. Hr\u00e1\u010de jeho k\u00e1dru netr\u00e1p\u00ed \u017e\u00e1dn\u00e1 zran\u011bn\u00ed, v Premier League vskutku ojedin\u011bl\u00fd jev. Talentovan\u00e9mu \u0161\u00e9fovi Cherries v\u0161ak d\u011bl\u00e1 starosti celkov\u00e1 forma a zejm\u00e9na neproduktivn\u00ed ofenziva. Bournemouth v posledn\u00edch 13 ligov\u00fdch kolech zv\u00edt\u011bzil dvakr\u00e1t a nav\u00edc b\u011bhem t\u00e9to nelichotiv\u00e9 s\u00e9rie jen v jednom p\u0159\u00edpad\u011b vst\u0159elil v\u00edce ne\u017e branku v z\u00e1pase.<\/p>\n<p>Na druhou stranu jak\u00e9koliv podcen\u011bn\u00ed by se hrub\u011b nevyplatilo. Bournemouth praktikuje kombina\u010dn\u00ed fotbal u\u017e od st\u0159edn\u00edch obr\u00e1nc\u016f, hraje ve vysok\u00e9m tempu, a jestli\u017ee by Toffees v prvn\u00edm polo\u010dase za\u010dali lehkov\u00e1\u017en\u011bji, jak tomu bylo proti West Bromu a Sunderlandu, na Dean Court by zle pochodili.<\/p>\n<p>P\u0159es letn\u00ed p\u0159estupov\u00e9 obdob\u00ed Eddie Howe svou variabiln\u00ed \u00fato\u010dnou vozbu pos\u00edlil o Jordana Ibeho za rekordn\u00edch \u00a315m z\u00a0Liverpoolu a p\u0159ekvapiv\u011b o Jacka Wilshera hostuj\u00edc\u00edho z Arsenalu. Na hrotu si t\u0159eba d\u00e1t pozor na uzdraven\u00e9ho Calluma Wilsona, jen\u017e se dost\u00e1v\u00e1 do pln\u00fdch obr\u00e1tek pot\u00e9, co zme\u0161kal skoro celou lo\u0148skou sez\u00f3nu kv\u016fli zran\u011bn\u00ed kolena.<\/p>\n<p><strong>Bournemouth:<\/strong> Boruc, Federici, Ak\u00e9, Cook, Daniels, Francis, Jordan, Mings, A. Smith, B. Smith, Wilson, Arter, Cook, Fraser, Gosling, Hyndman, Ibe, Mouset, Stanislas, Surman, Wilshere, Afobe, Grabban, Gradel, King, Wilson.<\/p>\n<p><strong>Everton:<\/strong> Stekelenburg, Robles, Coleman, Holgate, Williams, Jagielka, Funes Mori, Oviedo, Baines, Gueye, Barry, Cleverley, Davies, Mirallas, Barkley, Bolasie, Lennon, Kon\u00e9, Deulofeu, Valencia, Lukaku.<\/p>\n<p><strong>Co:<\/strong> Bournemouth AFC &#8211; Everton FC, 6. kolo Premier League<br \/>\n<strong>Kdy:<\/strong> 24. 09. 2016 od 16:00 SE\u010c<br \/>\n<strong>Kde:<\/strong> Vitality Stadium, Kings Park Road, Bournemouth (kapacita: 11 464)<br \/>\n<strong>Rozhod\u010d\u00ed:<\/strong> Robert Madley<\/p>\n<\/div>\n","protected":false},"excerpt":{"rendered":"<p>V \u0161est\u00e9m kole Everton zaj\u00ed\u017ed\u00ed do p\u0159\u00edmo\u0159sk\u00e9ho letoviska na jihu Anglie, nicm\u00e9n\u011b kr\u00e1sy tam\u011bj\u0161\u00ed rekrea\u010dn\u00ed oblasti p\u016fjdou stranou, fanou\u0161ky zaj\u00edm\u00e1, jak mu\u017estvo zareaguje na prvn\u00ed prohru v sez\u00f3n\u011b.<\/p>\n","protected":false},"author":6,"featured_media":20316,"comment_status":"open","ping_status":"closed","sticky":false,"template":"","format":"standard","meta":{"_eb_attr":"","_monsterinsights_skip_tracking":false,"_monsterinsights_sitenote_active":false,"_monsterinsights_sitenote_note":"","_monsterinsights_sitenote_category":0,"footnotes":""},"categories":[4],"tags":[],"yoast_head":"<!-- This site is optimized with the Yoast SEO plugin v23.4 - https:\/\/yoast.com\/wordpress\/plugins\/seo\/ -->\n<title>Preview: Bournemouth - Everton - Official Czech &amp; Slovak Everton Supporters&#039; Club<\/title>\n<meta name=\"robots\" content=\"index, follow, max-snippet:-1, max-image-preview:large, max-video-preview:-1\" \/>\n<link rel=\"canonical\" href=\"https:\/\/evertonfc.cz\/index.php\/2016\/09\/23\/preview-bournemouth-everton-3\/\" \/>\n<meta property=\"og:locale\" content=\"cs_CZ\" \/>\n<meta property=\"og:type\" content=\"article\" \/>\n<meta property=\"og:title\" content=\"Preview: Bournemouth - Everton - Official Czech &amp; Slovak Everton Supporters&#039; Club\" \/>\n<meta property=\"og:description\" content=\"V \u0161est\u00e9m kole Everton zaj\u00ed\u017ed\u00ed do p\u0159\u00edmo\u0159sk\u00e9ho letoviska na jihu Anglie, nicm\u00e9n\u011b kr\u00e1sy tam\u011bj\u0161\u00ed rekrea\u010dn\u00ed oblasti p\u016fjdou stranou, fanou\u0161ky zaj\u00edm\u00e1, jak mu\u017estvo zareaguje na prvn\u00ed prohru v sez\u00f3n\u011b.\" \/>\n<meta property=\"og:url\" content=\"https:\/\/evertonfc.cz\/index.php\/2016\/09\/23\/preview-bournemouth-everton-3\/\" \/>\n<meta property=\"og:site_name\" content=\"Official Czech &amp; Slovak Everton Supporters&#039; Club\" \/>\n<meta property=\"article:publisher\" content=\"https:\/\/www.facebook.com\/everton.fans.cz.sk\" \/>\n<meta property=\"article:published_time\" content=\"2016-09-23T17:47:24+00:00\" \/>\n<meta property=\"article:modified_time\" content=\"2023-05-27T17:48:42+00:00\" \/>\n<meta property=\"og:image\" content=\"https:\/\/evertonfc.cz\/wp-content\/uploads\/2022\/11\/Bournemouth-VS-Everton.png\" \/>\n\t<meta property=\"og:image:width\" content=\"720\" \/>\n\t<meta property=\"og:image:height\" content=\"405\" \/>\n\t<meta property=\"og:image:type\" content=\"image\/png\" \/>\n<meta name=\"author\" content=\"Ri\u010di\" \/>\n<meta name=\"twitter:card\" content=\"summary_large_image\" \/>\n<meta name=\"twitter:creator\" content=\"@rbrejsa\" \/>\n<meta name=\"twitter:label1\" content=\"Napsal(a)\" \/>\n\t<meta name=\"twitter:data1\" content=\"Ri\u010di\" \/>\n\t<meta name=\"twitter:label2\" content=\"Odhadovan\u00e1 doba \u010dten\u00ed\" \/>\n\t<meta name=\"twitter:data2\" content=\"3 minuty\" \/>\n<script type=\"application\/ld+json\" class=\"yoast-schema-graph\">{\"@context\":\"https:\/\/schema.org\",\"@graph\":[{\"@type\":\"Article\",\"@id\":\"https:\/\/evertonfc.cz\/index.php\/2016\/09\/23\/preview-bournemouth-everton-3\/#article\",\"isPartOf\":{\"@id\":\"https:\/\/evertonfc.cz\/index.php\/2016\/09\/23\/preview-bournemouth-everton-3\/\"},\"author\":{\"name\":\"Ri\u010di\",\"@id\":\"https:\/\/evertonfc.cz\/#\/schema\/person\/f7a5daedb2ffee98480bc70e191aaef1\"},\"headline\":\"Preview: Bournemouth &#8211; Everton\",\"datePublished\":\"2016-09-23T17:47:24+00:00\",\"dateModified\":\"2023-05-27T17:48:42+00:00\",\"mainEntityOfPage\":{\"@id\":\"https:\/\/evertonfc.cz\/index.php\/2016\/09\/23\/preview-bournemouth-everton-3\/\"},\"wordCount\":647,\"commentCount\":0,\"publisher\":{\"@id\":\"https:\/\/evertonfc.cz\/#organization\"},\"image\":{\"@id\":\"https:\/\/evertonfc.cz\/index.php\/2016\/09\/23\/preview-bournemouth-everton-3\/#primaryimage\"},\"thumbnailUrl\":\"https:\/\/evertonfc.cz\/wp-content\/uploads\/2022\/11\/Bournemouth-VS-Everton.png\",\"articleSection\":[\"Z\u00e1pasy\"],\"inLanguage\":\"cs\",\"potentialAction\":[{\"@type\":\"CommentAction\",\"name\":\"Comment\",\"target\":[\"https:\/\/evertonfc.cz\/index.php\/2016\/09\/23\/preview-bournemouth-everton-3\/#respond\"]}]},{\"@type\":\"WebPage\",\"@id\":\"https:\/\/evertonfc.cz\/index.php\/2016\/09\/23\/preview-bournemouth-everton-3\/\",\"url\":\"https:\/\/evertonfc.cz\/index.php\/2016\/09\/23\/preview-bournemouth-everton-3\/\",\"name\":\"Preview: Bournemouth - Everton - Official Czech &amp; Slovak Everton Supporters&#039; Club\",\"isPartOf\":{\"@id\":\"https:\/\/evertonfc.cz\/#website\"},\"primaryImageOfPage\":{\"@id\":\"https:\/\/evertonfc.cz\/index.php\/2016\/09\/23\/preview-bournemouth-everton-3\/#primaryimage\"},\"image\":{\"@id\":\"https:\/\/evertonfc.cz\/index.php\/2016\/09\/23\/preview-bournemouth-everton-3\/#primaryimage\"},\"thumbnailUrl\":\"https:\/\/evertonfc.cz\/wp-content\/uploads\/2022\/11\/Bournemouth-VS-Everton.png\",\"datePublished\":\"2016-09-23T17:47:24+00:00\",\"dateModified\":\"2023-05-27T17:48:42+00:00\",\"breadcrumb\":{\"@id\":\"https:\/\/evertonfc.cz\/index.php\/2016\/09\/23\/preview-bournemouth-everton-3\/#breadcrumb\"},\"inLanguage\":\"cs\",\"potentialAction\":[{\"@type\":\"ReadAction\",\"target\":[\"https:\/\/evertonfc.cz\/index.php\/2016\/09\/23\/preview-bournemouth-everton-3\/\"]}]},{\"@type\":\"ImageObject\",\"inLanguage\":\"cs\",\"@id\":\"https:\/\/evertonfc.cz\/index.php\/2016\/09\/23\/preview-bournemouth-everton-3\/#primaryimage\",\"url\":\"https:\/\/evertonfc.cz\/wp-content\/uploads\/2022\/11\/Bournemouth-VS-Everton.png\",\"contentUrl\":\"https:\/\/evertonfc.cz\/wp-content\/uploads\/2022\/11\/Bournemouth-VS-Everton.png\",\"width\":720,\"height\":405},{\"@type\":\"BreadcrumbList\",\"@id\":\"https:\/\/evertonfc.cz\/index.php\/2016\/09\/23\/preview-bournemouth-everton-3\/#breadcrumb\",\"itemListElement\":[{\"@type\":\"ListItem\",\"position\":1,\"name\":\"Home\",\"item\":\"https:\/\/evertonfc.cz\/\"},{\"@type\":\"ListItem\",\"position\":2,\"name\":\"Preview: Bournemouth &#8211; Everton\"}]},{\"@type\":\"WebSite\",\"@id\":\"https:\/\/evertonfc.cz\/#website\",\"url\":\"https:\/\/evertonfc.cz\/\",\"name\":\"Official Czech &amp; Slovak Everton Supporters&#039; Club\",\"description\":\"\",\"publisher\":{\"@id\":\"https:\/\/evertonfc.cz\/#organization\"},\"potentialAction\":[{\"@type\":\"SearchAction\",\"target\":{\"@type\":\"EntryPoint\",\"urlTemplate\":\"https:\/\/evertonfc.cz\/?s={search_term_string}\"},\"query-input\":{\"@type\":\"PropertyValueSpecification\",\"valueRequired\":true,\"valueName\":\"search_term_string\"}}],\"inLanguage\":\"cs\"},{\"@type\":\"Organization\",\"@id\":\"https:\/\/evertonfc.cz\/#organization\",\"name\":\"Official Czech & Slovak Everton Supporters' Club\",\"url\":\"https:\/\/evertonfc.cz\/\",\"logo\":{\"@type\":\"ImageObject\",\"inLanguage\":\"cs\",\"@id\":\"https:\/\/evertonfc.cz\/#\/schema\/logo\/image\/\",\"url\":\"https:\/\/evertonfc.cz\/wp-content\/uploads\/2019\/05\/logo.png\",\"contentUrl\":\"https:\/\/evertonfc.cz\/wp-content\/uploads\/2019\/05\/logo.png\",\"width\":112,\"height\":112,\"caption\":\"Official Czech & Slovak Everton Supporters' Club\"},\"image\":{\"@id\":\"https:\/\/evertonfc.cz\/#\/schema\/logo\/image\/\"},\"sameAs\":[\"https:\/\/www.facebook.com\/everton.fans.cz.sk\"]},{\"@type\":\"Person\",\"@id\":\"https:\/\/evertonfc.cz\/#\/schema\/person\/f7a5daedb2ffee98480bc70e191aaef1\",\"name\":\"Ri\u010di\",\"sameAs\":[\"https:\/\/x.com\/rbrejsa\"],\"url\":\"https:\/\/evertonfc.cz\/index.php\/author\/rici\/\"}]}<\/script>\n<!-- \/ Yoast SEO plugin. -->","yoast_head_json":{"title":"Preview: Bournemouth - Everton - Official Czech &amp; Slovak Everton Supporters&#039; Club","robots":{"index":"index","follow":"follow","max-snippet":"max-snippet:-1","max-image-preview":"max-image-preview:large","max-video-preview":"max-video-preview:-1"},"canonical":"https:\/\/evertonfc.cz\/index.php\/2016\/09\/23\/preview-bournemouth-everton-3\/","og_locale":"cs_CZ","og_type":"article","og_title":"Preview: Bournemouth - Everton - Official Czech &amp; Slovak Everton Supporters&#039; Club","og_description":"V \u0161est\u00e9m kole Everton zaj\u00ed\u017ed\u00ed do p\u0159\u00edmo\u0159sk\u00e9ho letoviska na jihu Anglie, nicm\u00e9n\u011b kr\u00e1sy tam\u011bj\u0161\u00ed rekrea\u010dn\u00ed oblasti p\u016fjdou stranou, fanou\u0161ky zaj\u00edm\u00e1, jak mu\u017estvo zareaguje na prvn\u00ed prohru v sez\u00f3n\u011b.","og_url":"https:\/\/evertonfc.cz\/index.php\/2016\/09\/23\/preview-bournemouth-everton-3\/","og_site_name":"Official Czech &amp; Slovak Everton Supporters&#039; Club","article_publisher":"https:\/\/www.facebook.com\/everton.fans.cz.sk","article_published_time":"2016-09-23T17:47:24+00:00","article_modified_time":"2023-05-27T17:48:42+00:00","og_image":[{"width":720,"height":405,"url":"https:\/\/evertonfc.cz\/wp-content\/uploads\/2022\/11\/Bournemouth-VS-Everton.png","type":"image\/png"}],"author":"Ri\u010di","twitter_card":"summary_large_image","twitter_creator":"@rbrejsa","twitter_misc":{"Napsal(a)":"Ri\u010di","Odhadovan\u00e1 doba \u010dten\u00ed":"3 minuty"},"schema":{"@context":"https:\/\/schema.org","@graph":[{"@type":"Article","@id":"https:\/\/evertonfc.cz\/index.php\/2016\/09\/23\/preview-bournemouth-everton-3\/#article","isPartOf":{"@id":"https:\/\/evertonfc.cz\/index.php\/2016\/09\/23\/preview-bournemouth-everton-3\/"},"author":{"name":"Ri\u010di","@id":"https:\/\/evertonfc.cz\/#\/schema\/person\/f7a5daedb2ffee98480bc70e191aaef1"},"headline":"Preview: Bournemouth &#8211; Everton","datePublished":"2016-09-23T17:47:24+00:00","dateModified":"2023-05-27T17:48:42+00:00","mainEntityOfPage":{"@id":"https:\/\/evertonfc.cz\/index.php\/2016\/09\/23\/preview-bournemouth-everton-3\/"},"wordCount":647,"commentCount":0,"publisher":{"@id":"https:\/\/evertonfc.cz\/#organization"},"image":{"@id":"https:\/\/evertonfc.cz\/index.php\/2016\/09\/23\/preview-bournemouth-everton-3\/#primaryimage"},"thumbnailUrl":"https:\/\/evertonfc.cz\/wp-content\/uploads\/2022\/11\/Bournemouth-VS-Everton.png","articleSection":["Z\u00e1pasy"],"inLanguage":"cs","potentialAction":[{"@type":"CommentAction","name":"Comment","target":["https:\/\/evertonfc.cz\/index.php\/2016\/09\/23\/preview-bournemouth-everton-3\/#respond"]}]},{"@type":"WebPage","@id":"https:\/\/evertonfc.cz\/index.php\/2016\/09\/23\/preview-bournemouth-everton-3\/","url":"https:\/\/evertonfc.cz\/index.php\/2016\/09\/23\/preview-bournemouth-everton-3\/","name":"Preview: Bournemouth - Everton - Official Czech &amp; Slovak Everton Supporters&#039; Club","isPartOf":{"@id":"https:\/\/evertonfc.cz\/#website"},"primaryImageOfPage":{"@id":"https:\/\/evertonfc.cz\/index.php\/2016\/09\/23\/preview-bournemouth-everton-3\/#primaryimage"},"image":{"@id":"https:\/\/evertonfc.cz\/index.php\/2016\/09\/23\/preview-bournemouth-everton-3\/#primaryimage"},"thumbnailUrl":"https:\/\/evertonfc.cz\/wp-content\/uploads\/2022\/11\/Bournemouth-VS-Everton.png","datePublished":"2016-09-23T17:47:24+00:00","dateModified":"2023-05-27T17:48:42+00:00","breadcrumb":{"@id":"https:\/\/evertonfc.cz\/index.php\/2016\/09\/23\/preview-bournemouth-everton-3\/#breadcrumb"},"inLanguage":"cs","potentialAction":[{"@type":"ReadAction","target":["https:\/\/evertonfc.cz\/index.php\/2016\/09\/23\/preview-bournemouth-everton-3\/"]}]},{"@type":"ImageObject","inLanguage":"cs","@id":"https:\/\/evertonfc.cz\/index.php\/2016\/09\/23\/preview-bournemouth-everton-3\/#primaryimage","url":"https:\/\/evertonfc.cz\/wp-content\/uploads\/2022\/11\/Bournemouth-VS-Everton.png","contentUrl":"https:\/\/evertonfc.cz\/wp-content\/uploads\/2022\/11\/Bournemouth-VS-Everton.png","width":720,"height":405},{"@type":"BreadcrumbList","@id":"https:\/\/evertonfc.cz\/index.php\/2016\/09\/23\/preview-bournemouth-everton-3\/#breadcrumb","itemListElement":[{"@type":"ListItem","position":1,"name":"Home","item":"https:\/\/evertonfc.cz\/"},{"@type":"ListItem","position":2,"name":"Preview: Bournemouth &#8211; Everton"}]},{"@type":"WebSite","@id":"https:\/\/evertonfc.cz\/#website","url":"https:\/\/evertonfc.cz\/","name":"Official Czech &amp; Slovak Everton Supporters&#039; Club","description":"","publisher":{"@id":"https:\/\/evertonfc.cz\/#organization"},"potentialAction":[{"@type":"SearchAction","target":{"@type":"EntryPoint","urlTemplate":"https:\/\/evertonfc.cz\/?s={search_term_string}"},"query-input":{"@type":"PropertyValueSpecification","valueRequired":true,"valueName":"search_term_string"}}],"inLanguage":"cs"},{"@type":"Organization","@id":"https:\/\/evertonfc.cz\/#organization","name":"Official Czech & Slovak Everton Supporters' Club","url":"https:\/\/evertonfc.cz\/","logo":{"@type":"ImageObject","inLanguage":"cs","@id":"https:\/\/evertonfc.cz\/#\/schema\/logo\/image\/","url":"https:\/\/evertonfc.cz\/wp-content\/uploads\/2019\/05\/logo.png","contentUrl":"https:\/\/evertonfc.cz\/wp-content\/uploads\/2019\/05\/logo.png","width":112,"height":112,"caption":"Official Czech & Slovak Everton Supporters' Club"},"image":{"@id":"https:\/\/evertonfc.cz\/#\/schema\/logo\/image\/"},"sameAs":["https:\/\/www.facebook.com\/everton.fans.cz.sk"]},{"@type":"Person","@id":"https:\/\/evertonfc.cz\/#\/schema\/person\/f7a5daedb2ffee98480bc70e191aaef1","name":"Ri\u010di","sameAs":["https:\/\/x.com\/rbrejsa"],"url":"https:\/\/evertonfc.cz\/index.php\/author\/rici\/"}]}},"_links":{"self":[{"href":"https:\/\/evertonfc.cz\/index.php\/wp-json\/wp\/v2\/posts\/3516"}],"collection":[{"href":"https:\/\/evertonfc.cz\/index.php\/wp-json\/wp\/v2\/posts"}],"about":[{"href":"https:\/\/evertonfc.cz\/index.php\/wp-json\/wp\/v2\/types\/post"}],"author":[{"embeddable":true,"href":"https:\/\/evertonfc.cz\/index.php\/wp-json\/wp\/v2\/users\/6"}],"replies":[{"embeddable":true,"href":"https:\/\/evertonfc.cz\/index.php\/wp-json\/wp\/v2\/comments?post=3516"}],"version-history":[{"count":6,"href":"https:\/\/evertonfc.cz\/index.php\/wp-json\/wp\/v2\/posts\/3516\/revisions"}],"predecessor-version":[{"id":21696,"href":"https:\/\/evertonfc.cz\/index.php\/wp-json\/wp\/v2\/posts\/3516\/revisions\/21696"}],"wp:featuredmedia":[{"embeddable":true,"href":"https:\/\/evertonfc.cz\/index.php\/wp-json\/wp\/v2\/media\/20316"}],"wp:attachment":[{"href":"https:\/\/evertonfc.cz\/index.php\/wp-json\/wp\/v2\/media?parent=3516"}],"wp:term":[{"taxonomy":"category","embeddable":true,"href":"https:\/\/evertonfc.cz\/index.php\/wp-json\/wp\/v2\/categories?post=3516"},{"taxonomy":"post_tag","embeddable":true,"href":"https:\/\/evertonfc.cz\/index.php\/wp-json\/wp\/v2\/tags?post=3516"}],"curies":[{"name":"wp","href":"https:\/\/api.w.org\/{rel}","templated":true}]}}